{"id":2170,"date":"2020-10-08T00:20:11","date_gmt":"2020-10-07T22:20:11","guid":{"rendered":"https:\/\/radioleinewelle.de\/?p=2170"},"modified":"2020-10-08T00:20:11","modified_gmt":"2020-10-07T22:20:11","slug":"zu-besuch-bei-radio-leinewelle-sozialdezernentin-petra-broistedt","status":"publish","type":"post","link":"https:\/\/radioleinewelle.de\/index.php\/2020\/10\/08\/zu-besuch-bei-radio-leinewelle-sozialdezernentin-petra-broistedt\/","title":{"rendered":"Zu Besuch bei Radio Leinewelle:  Petra Broistedt &#8211; Dezernentin f\u00fcr Soziales und Kultur"},"content":{"rendered":"<p>Am Montagmorgen besuchte die Dezernentin f\u00fcr Soziales und Kultur der Stadt G\u00f6ttingen das neue Studio von Radio Leinewelle. Nach einem intensiven und anregenden Meinungsaustausch stand sie f\u00fcr ein Interview mit unserer Kollegin Dana Rotter zu Verf\u00fcgung.<\/p>\n\n<p><em>&#8222;Ein Sender mit einem unverwechselbar frischen Programm \u00fcber alles, was wichtig ist in S\u00fcdniedersachsen, und nat\u00fcrlich alternativer Musik der 80er und 90er. Besonders spannend finde ich den Ansatz, Unternehmen zu Worte kommen zu lassen und junge Menschen auf Ausbildungsm\u00f6glichkriten in der Region aufmerksam zu machen. Beeindruckend!<span class=\"Apple-converted-space\">\u00a0&#8220; <\/span><\/em><span class=\"Apple-converted-space\">so Broistedt sp\u00e4ter auf einem Facebook Post<\/span><\/p>\n","protected":false},"excerpt":{"rendered":"<p>Am Montagmorgen besuchte die Dezernentin f\u00fcr Soziales und Kultur der Stadt G\u00f6ttingen das neue Studio von Radio Leinewelle. Nach einem intensiven und anregenden Meinungsaustausch stand sie f\u00fcr ein Interview mit unserer Kollegin Dana Rotter zu Verf\u00fcgung. &#8222;Ein Sender mit einem unverwechselbar frischen Programm \u00fcber alles, was wichtig ist in S\u00fcdniedersachsen, und nat\u00fcrlich alternativer Musik der [&hellip;]<\/p>\n","protected":false},"author":1,"featured_media":0,"comment_status":"closed","ping_status":"closed","sticky":false,"template":"","format":"standard","meta":{"saved_in_kubio":false,"footnotes":""},"categories":[39],"tags":[],"class_list":["post-2170","post","type-post","status-publish","format-standard","hentry","category-lokalpolitik"],"yoast_head":"<!-- This site is optimized with the Yoast SEO plugin v27.5 - https:\/\/yoast.com\/product\/yoast-seo-wordpress\/ -->\n<title>Zu Besuch bei Radio Leinewelle: Petra Broistedt - Dezernentin f\u00fcr Soziales und Kultur - Radio Leinewelle<\/title>\n<meta name=\"robots\" content=\"index, follow, max-snippet:-1, max-image-preview:large, max-video-preview:-1\" \/>\n<link rel=\"canonical\" href=\"https:\/\/radioleinewelle.de\/index.php\/2020\/10\/08\/zu-besuch-bei-radio-leinewelle-sozialdezernentin-petra-broistedt\/\" \/>\n<meta property=\"og:locale\" content=\"de_DE\" \/>\n<meta property=\"og:type\" content=\"article\" \/>\n<meta property=\"og:title\" content=\"Zu Besuch bei Radio Leinewelle: Petra Broistedt - Dezernentin f\u00fcr Soziales und Kultur - Radio Leinewelle\" \/>\n<meta property=\"og:description\" content=\"Am Montagmorgen besuchte die Dezernentin f\u00fcr Soziales und Kultur der Stadt G\u00f6ttingen das neue Studio von Radio Leinewelle. Nach einem intensiven und anregenden Meinungsaustausch stand sie f\u00fcr ein Interview mit unserer Kollegin Dana Rotter zu Verf\u00fcgung. &#8222;Ein Sender mit einem unverwechselbar frischen Programm \u00fcber alles, was wichtig ist in S\u00fcdniedersachsen, und nat\u00fcrlich alternativer Musik der [&hellip;]\" \/>\n<meta property=\"og:url\" content=\"https:\/\/radioleinewelle.de\/index.php\/2020\/10\/08\/zu-besuch-bei-radio-leinewelle-sozialdezernentin-petra-broistedt\/\" \/>\n<meta property=\"og:site_name\" content=\"Radio Leinewelle\" \/>\n<meta property=\"article:publisher\" content=\"https:\/\/www.facebook.com\/radioleinewelle\" \/>\n<meta property=\"article:author\" content=\"https:\/\/www.facebook.com\/radioleinewelle\" \/>\n<meta property=\"article:published_time\" content=\"2020-10-07T22:20:11+00:00\" \/>\n<meta name=\"author\" content=\"Leinewelle\" \/>\n<meta name=\"twitter:card\" content=\"summary_large_image\" \/>\n<meta name=\"twitter:creator\" content=\"@https:\/\/twitter.com\/RLeinewelle?ref_src=twsrcgoogletwcampserptwgrauthor\" \/>\n<meta name=\"twitter:site\" content=\"@RLeinewelle\" \/>\n<meta name=\"twitter:label1\" content=\"Verfasst von\" \/>\n\t<meta name=\"twitter:data1\" content=\"Leinewelle\" \/>\n\t<meta name=\"twitter:label2\" content=\"Gesch\u00e4tzte Lesezeit\" \/>\n\t<meta name=\"twitter:data2\" content=\"1\u00a0Minute\" \/>\n<script type=\"application\/ld+json\" class=\"yoast-schema-graph\">{\"@context\":\"https:\\\/\\\/schema.org\",\"@graph\":[{\"@type\":\"Article\",\"@id\":\"https:\\\/\\\/radioleinewelle.de\\\/index.php\\\/2020\\\/10\\\/08\\\/zu-besuch-bei-radio-leinewelle-sozialdezernentin-petra-broistedt\\\/#article\",\"isPartOf\":{\"@id\":\"https:\\\/\\\/radioleinewelle.de\\\/index.php\\\/2020\\\/10\\\/08\\\/zu-besuch-bei-radio-leinewelle-sozialdezernentin-petra-broistedt\\\/\"},\"author\":{\"name\":\"Leinewelle\",\"@id\":\"https:\\\/\\\/radioleinewelle.de\\\/#\\\/schema\\\/person\\\/45606f348637df637192dc1b68399a63\"},\"headline\":\"Zu Besuch bei Radio Leinewelle: Petra Broistedt &#8211; Dezernentin f\u00fcr Soziales und Kultur\",\"datePublished\":\"2020-10-07T22:20:11+00:00\",\"mainEntityOfPage\":{\"@id\":\"https:\\\/\\\/radioleinewelle.de\\\/index.php\\\/2020\\\/10\\\/08\\\/zu-besuch-bei-radio-leinewelle-sozialdezernentin-petra-broistedt\\\/\"},\"wordCount\":117,\"publisher\":{\"@id\":\"https:\\\/\\\/radioleinewelle.de\\\/#organization\"},\"articleSection\":[\"Lokalpolitik\"],\"inLanguage\":\"de\"},{\"@type\":\"WebPage\",\"@id\":\"https:\\\/\\\/radioleinewelle.de\\\/index.php\\\/2020\\\/10\\\/08\\\/zu-besuch-bei-radio-leinewelle-sozialdezernentin-petra-broistedt\\\/\",\"url\":\"https:\\\/\\\/radioleinewelle.de\\\/index.php\\\/2020\\\/10\\\/08\\\/zu-besuch-bei-radio-leinewelle-sozialdezernentin-petra-broistedt\\\/\",\"name\":\"Zu Besuch bei Radio Leinewelle: Petra Broistedt - Dezernentin f\u00fcr Soziales und Kultur - Radio Leinewelle\",\"isPartOf\":{\"@id\":\"https:\\\/\\\/radioleinewelle.de\\\/#website\"},\"datePublished\":\"2020-10-07T22:20:11+00:00\",\"breadcrumb\":{\"@id\":\"https:\\\/\\\/radioleinewelle.de\\\/index.php\\\/2020\\\/10\\\/08\\\/zu-besuch-bei-radio-leinewelle-sozialdezernentin-petra-broistedt\\\/#breadcrumb\"},\"inLanguage\":\"de\",\"potentialAction\":[{\"@type\":\"ReadAction\",\"target\":[\"https:\\\/\\\/radioleinewelle.de\\\/index.php\\\/2020\\\/10\\\/08\\\/zu-besuch-bei-radio-leinewelle-sozialdezernentin-petra-broistedt\\\/\"]}]},{\"@type\":\"BreadcrumbList\",\"@id\":\"https:\\\/\\\/radioleinewelle.de\\\/index.php\\\/2020\\\/10\\\/08\\\/zu-besuch-bei-radio-leinewelle-sozialdezernentin-petra-broistedt\\\/#breadcrumb\",\"itemListElement\":[{\"@type\":\"ListItem\",\"position\":1,\"name\":\"Startseite\",\"item\":\"https:\\\/\\\/radioleinewelle.de\\\/\"},{\"@type\":\"ListItem\",\"position\":2,\"name\":\"Zu Besuch bei Radio Leinewelle: Petra Broistedt &#8211; Dezernentin f\u00fcr Soziales und Kultur\"}]},{\"@type\":\"WebSite\",\"@id\":\"https:\\\/\\\/radioleinewelle.de\\\/#website\",\"url\":\"https:\\\/\\\/radioleinewelle.de\\\/\",\"name\":\"Radio Leinewelle\",\"description\":\"\",\"publisher\":{\"@id\":\"https:\\\/\\\/radioleinewelle.de\\\/#organization\"},\"potentialAction\":[{\"@type\":\"SearchAction\",\"target\":{\"@type\":\"EntryPoint\",\"urlTemplate\":\"https:\\\/\\\/radioleinewelle.de\\\/?s={search_term_string}\"},\"query-input\":{\"@type\":\"PropertyValueSpecification\",\"valueRequired\":true,\"valueName\":\"search_term_string\"}}],\"inLanguage\":\"de\"},{\"@type\":\"Organization\",\"@id\":\"https:\\\/\\\/radioleinewelle.de\\\/#organization\",\"name\":\"Radio Leinewelle\",\"alternateName\":\"Mein Radio f\u00fcr S\u00fcdniedersachsen\",\"url\":\"https:\\\/\\\/radioleinewelle.de\\\/\",\"logo\":{\"@type\":\"ImageObject\",\"inLanguage\":\"de\",\"@id\":\"https:\\\/\\\/radioleinewelle.de\\\/#\\\/schema\\\/logo\\\/image\\\/\",\"url\":\"https:\\\/\\\/radioleinewelle.de\\\/wp-content\\\/uploads\\\/2023\\\/11\\\/cropped-Leinewelle_Logo_weiss.png\",\"contentUrl\":\"https:\\\/\\\/radioleinewelle.de\\\/wp-content\\\/uploads\\\/2023\\\/11\\\/cropped-Leinewelle_Logo_weiss.png\",\"width\":854,\"height\":260,\"caption\":\"Radio Leinewelle\"},\"image\":{\"@id\":\"https:\\\/\\\/radioleinewelle.de\\\/#\\\/schema\\\/logo\\\/image\\\/\"},\"sameAs\":[\"https:\\\/\\\/www.facebook.com\\\/radioleinewelle\",\"https:\\\/\\\/x.com\\\/RLeinewelle\",\"https:\\\/\\\/www.instagram.com\\\/radioleinewelle\\\/?hl=de\"]},{\"@type\":\"Person\",\"@id\":\"https:\\\/\\\/radioleinewelle.de\\\/#\\\/schema\\\/person\\\/45606f348637df637192dc1b68399a63\",\"name\":\"Leinewelle\",\"image\":{\"@type\":\"ImageObject\",\"inLanguage\":\"de\",\"@id\":\"https:\\\/\\\/secure.gravatar.com\\\/avatar\\\/05c9a17bc973052ee5d91549bd32fb4dd0dc85b7b85ae94b2e2b4943476bbea5?s=96&d=blank&r=g\",\"url\":\"https:\\\/\\\/secure.gravatar.com\\\/avatar\\\/05c9a17bc973052ee5d91549bd32fb4dd0dc85b7b85ae94b2e2b4943476bbea5?s=96&d=blank&r=g\",\"contentUrl\":\"https:\\\/\\\/secure.gravatar.com\\\/avatar\\\/05c9a17bc973052ee5d91549bd32fb4dd0dc85b7b85ae94b2e2b4943476bbea5?s=96&d=blank&r=g\",\"caption\":\"Leinewelle\"},\"sameAs\":[\"http:\\\/\\\/localhost\\\/radio%20leinewelle\\\/wordpress\",\"https:\\\/\\\/www.facebook.com\\\/radioleinewelle\",\"https:\\\/\\\/www.instagram.com\\\/radioleinewelle\",\"https:\\\/\\\/x.com\\\/https:\\\/\\\/twitter.com\\\/RLeinewelle?ref_src=twsrcgoogletwcampserptwgrauthor\",\"https:\\\/\\\/soundcloud.com\\\/foerderverein-lokalradio?utm_source=clipboard&utm_medium=text&utm_campaign=social_sharing\"],\"url\":\"https:\\\/\\\/radioleinewelle.de\\\/index.php\\\/author\\\/leinewelle\\\/\"}]}<\/script>\n<!-- \/ Yoast SEO plugin. -->","yoast_head_json":{"title":"Zu Besuch bei Radio Leinewelle: Petra Broistedt - Dezernentin f\u00fcr Soziales und Kultur - Radio Leinewelle","robots":{"index":"index","follow":"follow","max-snippet":"max-snippet:-1","max-image-preview":"max-image-preview:large","max-video-preview":"max-video-preview:-1"},"canonical":"https:\/\/radioleinewelle.de\/index.php\/2020\/10\/08\/zu-besuch-bei-radio-leinewelle-sozialdezernentin-petra-broistedt\/","og_locale":"de_DE","og_type":"article","og_title":"Zu Besuch bei Radio Leinewelle: Petra Broistedt - Dezernentin f\u00fcr Soziales und Kultur - Radio Leinewelle","og_description":"Am Montagmorgen besuchte die Dezernentin f\u00fcr Soziales und Kultur der Stadt G\u00f6ttingen das neue Studio von Radio Leinewelle. Nach einem intensiven und anregenden Meinungsaustausch stand sie f\u00fcr ein Interview mit unserer Kollegin Dana Rotter zu Verf\u00fcgung. &#8222;Ein Sender mit einem unverwechselbar frischen Programm \u00fcber alles, was wichtig ist in S\u00fcdniedersachsen, und nat\u00fcrlich alternativer Musik der [&hellip;]","og_url":"https:\/\/radioleinewelle.de\/index.php\/2020\/10\/08\/zu-besuch-bei-radio-leinewelle-sozialdezernentin-petra-broistedt\/","og_site_name":"Radio Leinewelle","article_publisher":"https:\/\/www.facebook.com\/radioleinewelle","article_author":"https:\/\/www.facebook.com\/radioleinewelle","article_published_time":"2020-10-07T22:20:11+00:00","author":"Leinewelle","twitter_card":"summary_large_image","twitter_creator":"@https:\/\/twitter.com\/RLeinewelle?ref_src=twsrcgoogletwcampserptwgrauthor","twitter_site":"@RLeinewelle","twitter_misc":{"Verfasst von":"Leinewelle","Gesch\u00e4tzte Lesezeit":"1\u00a0Minute"},"schema":{"@context":"https:\/\/schema.org","@graph":[{"@type":"Article","@id":"https:\/\/radioleinewelle.de\/index.php\/2020\/10\/08\/zu-besuch-bei-radio-leinewelle-sozialdezernentin-petra-broistedt\/#article","isPartOf":{"@id":"https:\/\/radioleinewelle.de\/index.php\/2020\/10\/08\/zu-besuch-bei-radio-leinewelle-sozialdezernentin-petra-broistedt\/"},"author":{"name":"Leinewelle","@id":"https:\/\/radioleinewelle.de\/#\/schema\/person\/45606f348637df637192dc1b68399a63"},"headline":"Zu Besuch bei Radio Leinewelle: Petra Broistedt &#8211; Dezernentin f\u00fcr Soziales und Kultur","datePublished":"2020-10-07T22:20:11+00:00","mainEntityOfPage":{"@id":"https:\/\/radioleinewelle.de\/index.php\/2020\/10\/08\/zu-besuch-bei-radio-leinewelle-sozialdezernentin-petra-broistedt\/"},"wordCount":117,"publisher":{"@id":"https:\/\/radioleinewelle.de\/#organization"},"articleSection":["Lokalpolitik"],"inLanguage":"de"},{"@type":"WebPage","@id":"https:\/\/radioleinewelle.de\/index.php\/2020\/10\/08\/zu-besuch-bei-radio-leinewelle-sozialdezernentin-petra-broistedt\/","url":"https:\/\/radioleinewelle.de\/index.php\/2020\/10\/08\/zu-besuch-bei-radio-leinewelle-sozialdezernentin-petra-broistedt\/","name":"Zu Besuch bei Radio Leinewelle: Petra Broistedt - Dezernentin f\u00fcr Soziales und Kultur - Radio Leinewelle","isPartOf":{"@id":"https:\/\/radioleinewelle.de\/#website"},"datePublished":"2020-10-07T22:20:11+00:00","breadcrumb":{"@id":"https:\/\/radioleinewelle.de\/index.php\/2020\/10\/08\/zu-besuch-bei-radio-leinewelle-sozialdezernentin-petra-broistedt\/#breadcrumb"},"inLanguage":"de","potentialAction":[{"@type":"ReadAction","target":["https:\/\/radioleinewelle.de\/index.php\/2020\/10\/08\/zu-besuch-bei-radio-leinewelle-sozialdezernentin-petra-broistedt\/"]}]},{"@type":"BreadcrumbList","@id":"https:\/\/radioleinewelle.de\/index.php\/2020\/10\/08\/zu-besuch-bei-radio-leinewelle-sozialdezernentin-petra-broistedt\/#breadcrumb","itemListElement":[{"@type":"ListItem","position":1,"name":"Startseite","item":"https:\/\/radioleinewelle.de\/"},{"@type":"ListItem","position":2,"name":"Zu Besuch bei Radio Leinewelle: Petra Broistedt &#8211; Dezernentin f\u00fcr Soziales und Kultur"}]},{"@type":"WebSite","@id":"https:\/\/radioleinewelle.de\/#website","url":"https:\/\/radioleinewelle.de\/","name":"Radio Leinewelle","description":"","publisher":{"@id":"https:\/\/radioleinewelle.de\/#organization"},"potentialAction":[{"@type":"SearchAction","target":{"@type":"EntryPoint","urlTemplate":"https:\/\/radioleinewelle.de\/?s={search_term_string}"},"query-input":{"@type":"PropertyValueSpecification","valueRequired":true,"valueName":"search_term_string"}}],"inLanguage":"de"},{"@type":"Organization","@id":"https:\/\/radioleinewelle.de\/#organization","name":"Radio Leinewelle","alternateName":"Mein Radio f\u00fcr S\u00fcdniedersachsen","url":"https:\/\/radioleinewelle.de\/","logo":{"@type":"ImageObject","inLanguage":"de","@id":"https:\/\/radioleinewelle.de\/#\/schema\/logo\/image\/","url":"https:\/\/radioleinewelle.de\/wp-content\/uploads\/2023\/11\/cropped-Leinewelle_Logo_weiss.png","contentUrl":"https:\/\/radioleinewelle.de\/wp-content\/uploads\/2023\/11\/cropped-Leinewelle_Logo_weiss.png","width":854,"height":260,"caption":"Radio Leinewelle"},"image":{"@id":"https:\/\/radioleinewelle.de\/#\/schema\/logo\/image\/"},"sameAs":["https:\/\/www.facebook.com\/radioleinewelle","https:\/\/x.com\/RLeinewelle","https:\/\/www.instagram.com\/radioleinewelle\/?hl=de"]},{"@type":"Person","@id":"https:\/\/radioleinewelle.de\/#\/schema\/person\/45606f348637df637192dc1b68399a63","name":"Leinewelle","image":{"@type":"ImageObject","inLanguage":"de","@id":"https:\/\/secure.gravatar.com\/avatar\/05c9a17bc973052ee5d91549bd32fb4dd0dc85b7b85ae94b2e2b4943476bbea5?s=96&d=blank&r=g","url":"https:\/\/secure.gravatar.com\/avatar\/05c9a17bc973052ee5d91549bd32fb4dd0dc85b7b85ae94b2e2b4943476bbea5?s=96&d=blank&r=g","contentUrl":"https:\/\/secure.gravatar.com\/avatar\/05c9a17bc973052ee5d91549bd32fb4dd0dc85b7b85ae94b2e2b4943476bbea5?s=96&d=blank&r=g","caption":"Leinewelle"},"sameAs":["http:\/\/localhost\/radio%20leinewelle\/wordpress","https:\/\/www.facebook.com\/radioleinewelle","https:\/\/www.instagram.com\/radioleinewelle","https:\/\/x.com\/https:\/\/twitter.com\/RLeinewelle?ref_src=twsrcgoogletwcampserptwgrauthor","https:\/\/soundcloud.com\/foerderverein-lokalradio?utm_source=clipboard&utm_medium=text&utm_campaign=social_sharing"],"url":"https:\/\/radioleinewelle.de\/index.php\/author\/leinewelle\/"}]}},"_links":{"self":[{"href":"https:\/\/radioleinewelle.de\/index.php\/wp-json\/wp\/v2\/posts\/2170","targetHints":{"allow":["GET"]}}],"collection":[{"href":"https:\/\/radioleinewelle.de\/index.php\/wp-json\/wp\/v2\/posts"}],"about":[{"href":"https:\/\/radioleinewelle.de\/index.php\/wp-json\/wp\/v2\/types\/post"}],"author":[{"embeddable":true,"href":"https:\/\/radioleinewelle.de\/index.php\/wp-json\/wp\/v2\/users\/1"}],"replies":[{"embeddable":true,"href":"https:\/\/radioleinewelle.de\/index.php\/wp-json\/wp\/v2\/comments?post=2170"}],"version-history":[{"count":0,"href":"https:\/\/radioleinewelle.de\/index.php\/wp-json\/wp\/v2\/posts\/2170\/revisions"}],"wp:attachment":[{"href":"https:\/\/radioleinewelle.de\/index.php\/wp-json\/wp\/v2\/media?parent=2170"}],"wp:term":[{"taxonomy":"category","embeddable":true,"href":"https:\/\/radioleinewelle.de\/index.php\/wp-json\/wp\/v2\/categories?post=2170"},{"taxonomy":"post_tag","embeddable":true,"href":"https:\/\/radioleinewelle.de\/index.php\/wp-json\/wp\/v2\/tags?post=2170"}],"curies":[{"name":"wp","href":"https:\/\/api.w.org\/{rel}","templated":true}]}}