{"id":21730,"date":"2023-02-09T11:34:09","date_gmt":"2023-02-09T10:34:09","guid":{"rendered":"https:\/\/radioleinewelle.de\/?p=21730"},"modified":"2023-02-09T11:34:12","modified_gmt":"2023-02-09T10:34:12","slug":"letzte-generation-blockiert-buergerstrasse-in-goettingen","status":"publish","type":"post","link":"https:\/\/radioleinewelle.de\/index.php\/2023\/02\/09\/letzte-generation-blockiert-buergerstrasse-in-goettingen\/","title":{"rendered":"Letzte Generation blockiert B\u00fcrgerstrasse in G\u00f6ttingen"},"content":{"rendered":"\n<p>Heute Morgen kurz nach 8 Uhr haben Aktivist*innen der Letzten Generation die B\u00fcrgerstrasse an der Kreuzung Groner Landstrasse \/ Berlinerstrasse blockiert. Erst nach dreimaliger Aufforderung durch die Polizei r\u00e4umten einige Aktivist*innen die Fahrbahn. Drei Blockierer*innen hatten sich am Asphalt festgeklebt. Nach Losl\u00f6sung durch Kr\u00e4fte der Feuerwehr wurden sie von der Polizei weggetragen. Trotz der massiven Einschr\u00e4nkung des Verkehrs verlief die Aktion weitestgehend ruhig.  Der erhebliche R\u00fcckstau konnte sich nach 45 Minuten wieder aufl\u00f6sen.<\/p>\n\n\n\n<figure class=\"wp-block-audio\"><audio controls src=\"https:\/\/radioleinewelle.de\/wp-content\/uploads\/2023\/02\/Aktivist-der-Letzten-Generation-zur-Blockade-Buergerstr-Goe.mp3\"><\/audio><figcaption class=\"wp-element-caption\">Aktivist der Letzten Generation zur Blockade<\/figcaption><\/figure>\n\n\n\n<p>Foto: \u00a9Radio Leinewelle (ue)<\/p>\n","protected":false},"excerpt":{"rendered":"<p>Heute Morgen kurz nach 8 Uhr haben Aktivist*innen der Letzten Generation die B\u00fcrgerstrasse an der Kreuzung Groner Landstrasse \/ Berlinerstrasse blockiert. Erst nach dreimaliger Aufforderung durch die Polizei r\u00e4umten einige Aktivist*innen die Fahrbahn. Drei Blockierer*innen hatten sich am Asphalt festgeklebt. Nach Losl\u00f6sung durch Kr\u00e4fte der Feuerwehr wurden sie von der Polizei weggetragen. Trotz der massiven [&hellip;]<\/p>\n","protected":false},"author":1,"featured_media":21731,"comment_status":"open","ping_status":"open","sticky":true,"template":"","format":"standard","meta":{"saved_in_kubio":false,"footnotes":""},"categories":[24],"tags":[3858,3857],"class_list":["post-21730","post","type-post","status-publish","format-standard","has-post-thumbnail","hentry","category-news","tag-blockade-goettingen","tag-letzte-generation"],"yoast_head":"<!-- This site is optimized with the Yoast SEO plugin v27.5 - https:\/\/yoast.com\/product\/yoast-seo-wordpress\/ -->\n<title>Letzte Generation blockiert B\u00fcrgerstrasse in G\u00f6ttingen - Radio Leinewelle<\/title>\n<meta name=\"robots\" content=\"index, follow, max-snippet:-1, max-image-preview:large, max-video-preview:-1\" \/>\n<link rel=\"canonical\" href=\"https:\/\/radioleinewelle.de\/index.php\/2023\/02\/09\/letzte-generation-blockiert-buergerstrasse-in-goettingen\/\" \/>\n<meta property=\"og:locale\" content=\"de_DE\" \/>\n<meta property=\"og:type\" content=\"article\" \/>\n<meta property=\"og:title\" content=\"Letzte Generation blockiert B\u00fcrgerstrasse in G\u00f6ttingen - Radio Leinewelle\" \/>\n<meta property=\"og:description\" content=\"Heute Morgen kurz nach 8 Uhr haben Aktivist*innen der Letzten Generation die B\u00fcrgerstrasse an der Kreuzung Groner Landstrasse \/ Berlinerstrasse blockiert. Erst nach dreimaliger Aufforderung durch die Polizei r\u00e4umten einige Aktivist*innen die Fahrbahn. Drei Blockierer*innen hatten sich am Asphalt festgeklebt. Nach Losl\u00f6sung durch Kr\u00e4fte der Feuerwehr wurden sie von der Polizei weggetragen. Trotz der massiven [&hellip;]\" \/>\n<meta property=\"og:url\" content=\"https:\/\/radioleinewelle.de\/index.php\/2023\/02\/09\/letzte-generation-blockiert-buergerstrasse-in-goettingen\/\" \/>\n<meta property=\"og:site_name\" content=\"Radio Leinewelle\" \/>\n<meta property=\"article:publisher\" content=\"https:\/\/www.facebook.com\/radioleinewelle\" \/>\n<meta property=\"article:author\" content=\"https:\/\/www.facebook.com\/radioleinewelle\" \/>\n<meta property=\"article:published_time\" content=\"2023-02-09T10:34:09+00:00\" \/>\n<meta property=\"article:modified_time\" content=\"2023-02-09T10:34:12+00:00\" \/>\n<meta property=\"og:image\" content=\"https:\/\/radioleinewelle.de\/wp-content\/uploads\/2023\/02\/Letzte-Generation-Blockade-Buergerstr-Goe-Sony-8-scaled-e1675937872321.jpg\" \/>\n\t<meta property=\"og:image:width\" content=\"1000\" \/>\n\t<meta property=\"og:image:height\" content=\"563\" \/>\n\t<meta property=\"og:image:type\" content=\"image\/jpeg\" \/>\n<meta name=\"author\" content=\"Leinewelle\" \/>\n<meta name=\"twitter:card\" content=\"summary_large_image\" \/>\n<meta name=\"twitter:creator\" content=\"@https:\/\/twitter.com\/RLeinewelle?ref_src=twsrcgoogletwcampserptwgrauthor\" \/>\n<meta name=\"twitter:site\" content=\"@RLeinewelle\" \/>\n<meta name=\"twitter:label1\" content=\"Verfasst von\" \/>\n\t<meta name=\"twitter:data1\" content=\"Leinewelle\" \/>\n\t<meta name=\"twitter:label2\" content=\"Gesch\u00e4tzte Lesezeit\" \/>\n\t<meta name=\"twitter:data2\" content=\"1\u00a0Minute\" \/>\n<script type=\"application\/ld+json\" class=\"yoast-schema-graph\">{\"@context\":\"https:\\\/\\\/schema.org\",\"@graph\":[{\"@type\":\"Article\",\"@id\":\"https:\\\/\\\/radioleinewelle.de\\\/index.php\\\/2023\\\/02\\\/09\\\/letzte-generation-blockiert-buergerstrasse-in-goettingen\\\/#article\",\"isPartOf\":{\"@id\":\"https:\\\/\\\/radioleinewelle.de\\\/index.php\\\/2023\\\/02\\\/09\\\/letzte-generation-blockiert-buergerstrasse-in-goettingen\\\/\"},\"author\":{\"name\":\"Leinewelle\",\"@id\":\"https:\\\/\\\/radioleinewelle.de\\\/#\\\/schema\\\/person\\\/45606f348637df637192dc1b68399a63\"},\"headline\":\"Letzte Generation blockiert B\u00fcrgerstrasse in G\u00f6ttingen\",\"datePublished\":\"2023-02-09T10:34:09+00:00\",\"dateModified\":\"2023-02-09T10:34:12+00:00\",\"mainEntityOfPage\":{\"@id\":\"https:\\\/\\\/radioleinewelle.de\\\/index.php\\\/2023\\\/02\\\/09\\\/letzte-generation-blockiert-buergerstrasse-in-goettingen\\\/\"},\"wordCount\":98,\"commentCount\":0,\"publisher\":{\"@id\":\"https:\\\/\\\/radioleinewelle.de\\\/#organization\"},\"image\":{\"@id\":\"https:\\\/\\\/radioleinewelle.de\\\/index.php\\\/2023\\\/02\\\/09\\\/letzte-generation-blockiert-buergerstrasse-in-goettingen\\\/#primaryimage\"},\"thumbnailUrl\":\"https:\\\/\\\/radioleinewelle.de\\\/wp-content\\\/uploads\\\/2023\\\/02\\\/Letzte-Generation-Blockade-Buergerstr-Goe-Sony-8-scaled-e1675937872321.jpg\",\"keywords\":[\"Blockade G\u00f6ttingen\",\"Letzte Generation\"],\"articleSection\":[\"Aktuelle Nachrichten\"],\"inLanguage\":\"de\",\"potentialAction\":[{\"@type\":\"CommentAction\",\"name\":\"Comment\",\"target\":[\"https:\\\/\\\/radioleinewelle.de\\\/index.php\\\/2023\\\/02\\\/09\\\/letzte-generation-blockiert-buergerstrasse-in-goettingen\\\/#respond\"]}]},{\"@type\":\"WebPage\",\"@id\":\"https:\\\/\\\/radioleinewelle.de\\\/index.php\\\/2023\\\/02\\\/09\\\/letzte-generation-blockiert-buergerstrasse-in-goettingen\\\/\",\"url\":\"https:\\\/\\\/radioleinewelle.de\\\/index.php\\\/2023\\\/02\\\/09\\\/letzte-generation-blockiert-buergerstrasse-in-goettingen\\\/\",\"name\":\"Letzte Generation blockiert B\u00fcrgerstrasse in G\u00f6ttingen - Radio Leinewelle\",\"isPartOf\":{\"@id\":\"https:\\\/\\\/radioleinewelle.de\\\/#website\"},\"primaryImageOfPage\":{\"@id\":\"https:\\\/\\\/radioleinewelle.de\\\/index.php\\\/2023\\\/02\\\/09\\\/letzte-generation-blockiert-buergerstrasse-in-goettingen\\\/#primaryimage\"},\"image\":{\"@id\":\"https:\\\/\\\/radioleinewelle.de\\\/index.php\\\/2023\\\/02\\\/09\\\/letzte-generation-blockiert-buergerstrasse-in-goettingen\\\/#primaryimage\"},\"thumbnailUrl\":\"https:\\\/\\\/radioleinewelle.de\\\/wp-content\\\/uploads\\\/2023\\\/02\\\/Letzte-Generation-Blockade-Buergerstr-Goe-Sony-8-scaled-e1675937872321.jpg\",\"datePublished\":\"2023-02-09T10:34:09+00:00\",\"dateModified\":\"2023-02-09T10:34:12+00:00\",\"breadcrumb\":{\"@id\":\"https:\\\/\\\/radioleinewelle.de\\\/index.php\\\/2023\\\/02\\\/09\\\/letzte-generation-blockiert-buergerstrasse-in-goettingen\\\/#breadcrumb\"},\"inLanguage\":\"de\",\"potentialAction\":[{\"@type\":\"ReadAction\",\"target\":[\"https:\\\/\\\/radioleinewelle.de\\\/index.php\\\/2023\\\/02\\\/09\\\/letzte-generation-blockiert-buergerstrasse-in-goettingen\\\/\"]}]},{\"@type\":\"ImageObject\",\"inLanguage\":\"de\",\"@id\":\"https:\\\/\\\/radioleinewelle.de\\\/index.php\\\/2023\\\/02\\\/09\\\/letzte-generation-blockiert-buergerstrasse-in-goettingen\\\/#primaryimage\",\"url\":\"https:\\\/\\\/radioleinewelle.de\\\/wp-content\\\/uploads\\\/2023\\\/02\\\/Letzte-Generation-Blockade-Buergerstr-Goe-Sony-8-scaled-e1675937872321.jpg\",\"contentUrl\":\"https:\\\/\\\/radioleinewelle.de\\\/wp-content\\\/uploads\\\/2023\\\/02\\\/Letzte-Generation-Blockade-Buergerstr-Goe-Sony-8-scaled-e1675937872321.jpg\",\"width\":1000,\"height\":563},{\"@type\":\"BreadcrumbList\",\"@id\":\"https:\\\/\\\/radioleinewelle.de\\\/index.php\\\/2023\\\/02\\\/09\\\/letzte-generation-blockiert-buergerstrasse-in-goettingen\\\/#breadcrumb\",\"itemListElement\":[{\"@type\":\"ListItem\",\"position\":1,\"name\":\"Startseite\",\"item\":\"https:\\\/\\\/radioleinewelle.de\\\/\"},{\"@type\":\"ListItem\",\"position\":2,\"name\":\"Letzte Generation blockiert B\u00fcrgerstrasse in G\u00f6ttingen\"}]},{\"@type\":\"WebSite\",\"@id\":\"https:\\\/\\\/radioleinewelle.de\\\/#website\",\"url\":\"https:\\\/\\\/radioleinewelle.de\\\/\",\"name\":\"Radio Leinewelle\",\"description\":\"\",\"publisher\":{\"@id\":\"https:\\\/\\\/radioleinewelle.de\\\/#organization\"},\"potentialAction\":[{\"@type\":\"SearchAction\",\"target\":{\"@type\":\"EntryPoint\",\"urlTemplate\":\"https:\\\/\\\/radioleinewelle.de\\\/?s={search_term_string}\"},\"query-input\":{\"@type\":\"PropertyValueSpecification\",\"valueRequired\":true,\"valueName\":\"search_term_string\"}}],\"inLanguage\":\"de\"},{\"@type\":\"Organization\",\"@id\":\"https:\\\/\\\/radioleinewelle.de\\\/#organization\",\"name\":\"Radio Leinewelle\",\"alternateName\":\"Mein Radio f\u00fcr S\u00fcdniedersachsen\",\"url\":\"https:\\\/\\\/radioleinewelle.de\\\/\",\"logo\":{\"@type\":\"ImageObject\",\"inLanguage\":\"de\",\"@id\":\"https:\\\/\\\/radioleinewelle.de\\\/#\\\/schema\\\/logo\\\/image\\\/\",\"url\":\"https:\\\/\\\/radioleinewelle.de\\\/wp-content\\\/uploads\\\/2023\\\/11\\\/cropped-Leinewelle_Logo_weiss.png\",\"contentUrl\":\"https:\\\/\\\/radioleinewelle.de\\\/wp-content\\\/uploads\\\/2023\\\/11\\\/cropped-Leinewelle_Logo_weiss.png\",\"width\":854,\"height\":260,\"caption\":\"Radio Leinewelle\"},\"image\":{\"@id\":\"https:\\\/\\\/radioleinewelle.de\\\/#\\\/schema\\\/logo\\\/image\\\/\"},\"sameAs\":[\"https:\\\/\\\/www.facebook.com\\\/radioleinewelle\",\"https:\\\/\\\/x.com\\\/RLeinewelle\",\"https:\\\/\\\/www.instagram.com\\\/radioleinewelle\\\/?hl=de\"]},{\"@type\":\"Person\",\"@id\":\"https:\\\/\\\/radioleinewelle.de\\\/#\\\/schema\\\/person\\\/45606f348637df637192dc1b68399a63\",\"name\":\"Leinewelle\",\"image\":{\"@type\":\"ImageObject\",\"inLanguage\":\"de\",\"@id\":\"https:\\\/\\\/secure.gravatar.com\\\/avatar\\\/05c9a17bc973052ee5d91549bd32fb4dd0dc85b7b85ae94b2e2b4943476bbea5?s=96&d=blank&r=g\",\"url\":\"https:\\\/\\\/secure.gravatar.com\\\/avatar\\\/05c9a17bc973052ee5d91549bd32fb4dd0dc85b7b85ae94b2e2b4943476bbea5?s=96&d=blank&r=g\",\"contentUrl\":\"https:\\\/\\\/secure.gravatar.com\\\/avatar\\\/05c9a17bc973052ee5d91549bd32fb4dd0dc85b7b85ae94b2e2b4943476bbea5?s=96&d=blank&r=g\",\"caption\":\"Leinewelle\"},\"sameAs\":[\"http:\\\/\\\/localhost\\\/radio%20leinewelle\\\/wordpress\",\"https:\\\/\\\/www.facebook.com\\\/radioleinewelle\",\"https:\\\/\\\/www.instagram.com\\\/radioleinewelle\",\"https:\\\/\\\/x.com\\\/https:\\\/\\\/twitter.com\\\/RLeinewelle?ref_src=twsrcgoogletwcampserptwgrauthor\",\"https:\\\/\\\/soundcloud.com\\\/foerderverein-lokalradio?utm_source=clipboard&utm_medium=text&utm_campaign=social_sharing\"],\"url\":\"https:\\\/\\\/radioleinewelle.de\\\/index.php\\\/author\\\/leinewelle\\\/\"}]}<\/script>\n<!-- \/ Yoast SEO plugin. -->","yoast_head_json":{"title":"Letzte Generation blockiert B\u00fcrgerstrasse in G\u00f6ttingen - Radio Leinewelle","robots":{"index":"index","follow":"follow","max-snippet":"max-snippet:-1","max-image-preview":"max-image-preview:large","max-video-preview":"max-video-preview:-1"},"canonical":"https:\/\/radioleinewelle.de\/index.php\/2023\/02\/09\/letzte-generation-blockiert-buergerstrasse-in-goettingen\/","og_locale":"de_DE","og_type":"article","og_title":"Letzte Generation blockiert B\u00fcrgerstrasse in G\u00f6ttingen - Radio Leinewelle","og_description":"Heute Morgen kurz nach 8 Uhr haben Aktivist*innen der Letzten Generation die B\u00fcrgerstrasse an der Kreuzung Groner Landstrasse \/ Berlinerstrasse blockiert. Erst nach dreimaliger Aufforderung durch die Polizei r\u00e4umten einige Aktivist*innen die Fahrbahn. Drei Blockierer*innen hatten sich am Asphalt festgeklebt. Nach Losl\u00f6sung durch Kr\u00e4fte der Feuerwehr wurden sie von der Polizei weggetragen. Trotz der massiven [&hellip;]","og_url":"https:\/\/radioleinewelle.de\/index.php\/2023\/02\/09\/letzte-generation-blockiert-buergerstrasse-in-goettingen\/","og_site_name":"Radio Leinewelle","article_publisher":"https:\/\/www.facebook.com\/radioleinewelle","article_author":"https:\/\/www.facebook.com\/radioleinewelle","article_published_time":"2023-02-09T10:34:09+00:00","article_modified_time":"2023-02-09T10:34:12+00:00","og_image":[{"width":1000,"height":563,"url":"https:\/\/radioleinewelle.de\/wp-content\/uploads\/2023\/02\/Letzte-Generation-Blockade-Buergerstr-Goe-Sony-8-scaled-e1675937872321.jpg","type":"image\/jpeg"}],"author":"Leinewelle","twitter_card":"summary_large_image","twitter_creator":"@https:\/\/twitter.com\/RLeinewelle?ref_src=twsrcgoogletwcampserptwgrauthor","twitter_site":"@RLeinewelle","twitter_misc":{"Verfasst von":"Leinewelle","Gesch\u00e4tzte Lesezeit":"1\u00a0Minute"},"schema":{"@context":"https:\/\/schema.org","@graph":[{"@type":"Article","@id":"https:\/\/radioleinewelle.de\/index.php\/2023\/02\/09\/letzte-generation-blockiert-buergerstrasse-in-goettingen\/#article","isPartOf":{"@id":"https:\/\/radioleinewelle.de\/index.php\/2023\/02\/09\/letzte-generation-blockiert-buergerstrasse-in-goettingen\/"},"author":{"name":"Leinewelle","@id":"https:\/\/radioleinewelle.de\/#\/schema\/person\/45606f348637df637192dc1b68399a63"},"headline":"Letzte Generation blockiert B\u00fcrgerstrasse in G\u00f6ttingen","datePublished":"2023-02-09T10:34:09+00:00","dateModified":"2023-02-09T10:34:12+00:00","mainEntityOfPage":{"@id":"https:\/\/radioleinewelle.de\/index.php\/2023\/02\/09\/letzte-generation-blockiert-buergerstrasse-in-goettingen\/"},"wordCount":98,"commentCount":0,"publisher":{"@id":"https:\/\/radioleinewelle.de\/#organization"},"image":{"@id":"https:\/\/radioleinewelle.de\/index.php\/2023\/02\/09\/letzte-generation-blockiert-buergerstrasse-in-goettingen\/#primaryimage"},"thumbnailUrl":"https:\/\/radioleinewelle.de\/wp-content\/uploads\/2023\/02\/Letzte-Generation-Blockade-Buergerstr-Goe-Sony-8-scaled-e1675937872321.jpg","keywords":["Blockade G\u00f6ttingen","Letzte Generation"],"articleSection":["Aktuelle Nachrichten"],"inLanguage":"de","potentialAction":[{"@type":"CommentAction","name":"Comment","target":["https:\/\/radioleinewelle.de\/index.php\/2023\/02\/09\/letzte-generation-blockiert-buergerstrasse-in-goettingen\/#respond"]}]},{"@type":"WebPage","@id":"https:\/\/radioleinewelle.de\/index.php\/2023\/02\/09\/letzte-generation-blockiert-buergerstrasse-in-goettingen\/","url":"https:\/\/radioleinewelle.de\/index.php\/2023\/02\/09\/letzte-generation-blockiert-buergerstrasse-in-goettingen\/","name":"Letzte Generation blockiert B\u00fcrgerstrasse in G\u00f6ttingen - Radio Leinewelle","isPartOf":{"@id":"https:\/\/radioleinewelle.de\/#website"},"primaryImageOfPage":{"@id":"https:\/\/radioleinewelle.de\/index.php\/2023\/02\/09\/letzte-generation-blockiert-buergerstrasse-in-goettingen\/#primaryimage"},"image":{"@id":"https:\/\/radioleinewelle.de\/index.php\/2023\/02\/09\/letzte-generation-blockiert-buergerstrasse-in-goettingen\/#primaryimage"},"thumbnailUrl":"https:\/\/radioleinewelle.de\/wp-content\/uploads\/2023\/02\/Letzte-Generation-Blockade-Buergerstr-Goe-Sony-8-scaled-e1675937872321.jpg","datePublished":"2023-02-09T10:34:09+00:00","dateModified":"2023-02-09T10:34:12+00:00","breadcrumb":{"@id":"https:\/\/radioleinewelle.de\/index.php\/2023\/02\/09\/letzte-generation-blockiert-buergerstrasse-in-goettingen\/#breadcrumb"},"inLanguage":"de","potentialAction":[{"@type":"ReadAction","target":["https:\/\/radioleinewelle.de\/index.php\/2023\/02\/09\/letzte-generation-blockiert-buergerstrasse-in-goettingen\/"]}]},{"@type":"ImageObject","inLanguage":"de","@id":"https:\/\/radioleinewelle.de\/index.php\/2023\/02\/09\/letzte-generation-blockiert-buergerstrasse-in-goettingen\/#primaryimage","url":"https:\/\/radioleinewelle.de\/wp-content\/uploads\/2023\/02\/Letzte-Generation-Blockade-Buergerstr-Goe-Sony-8-scaled-e1675937872321.jpg","contentUrl":"https:\/\/radioleinewelle.de\/wp-content\/uploads\/2023\/02\/Letzte-Generation-Blockade-Buergerstr-Goe-Sony-8-scaled-e1675937872321.jpg","width":1000,"height":563},{"@type":"BreadcrumbList","@id":"https:\/\/radioleinewelle.de\/index.php\/2023\/02\/09\/letzte-generation-blockiert-buergerstrasse-in-goettingen\/#breadcrumb","itemListElement":[{"@type":"ListItem","position":1,"name":"Startseite","item":"https:\/\/radioleinewelle.de\/"},{"@type":"ListItem","position":2,"name":"Letzte Generation blockiert B\u00fcrgerstrasse in G\u00f6ttingen"}]},{"@type":"WebSite","@id":"https:\/\/radioleinewelle.de\/#website","url":"https:\/\/radioleinewelle.de\/","name":"Radio Leinewelle","description":"","publisher":{"@id":"https:\/\/radioleinewelle.de\/#organization"},"potentialAction":[{"@type":"SearchAction","target":{"@type":"EntryPoint","urlTemplate":"https:\/\/radioleinewelle.de\/?s={search_term_string}"},"query-input":{"@type":"PropertyValueSpecification","valueRequired":true,"valueName":"search_term_string"}}],"inLanguage":"de"},{"@type":"Organization","@id":"https:\/\/radioleinewelle.de\/#organization","name":"Radio Leinewelle","alternateName":"Mein Radio f\u00fcr S\u00fcdniedersachsen","url":"https:\/\/radioleinewelle.de\/","logo":{"@type":"ImageObject","inLanguage":"de","@id":"https:\/\/radioleinewelle.de\/#\/schema\/logo\/image\/","url":"https:\/\/radioleinewelle.de\/wp-content\/uploads\/2023\/11\/cropped-Leinewelle_Logo_weiss.png","contentUrl":"https:\/\/radioleinewelle.de\/wp-content\/uploads\/2023\/11\/cropped-Leinewelle_Logo_weiss.png","width":854,"height":260,"caption":"Radio Leinewelle"},"image":{"@id":"https:\/\/radioleinewelle.de\/#\/schema\/logo\/image\/"},"sameAs":["https:\/\/www.facebook.com\/radioleinewelle","https:\/\/x.com\/RLeinewelle","https:\/\/www.instagram.com\/radioleinewelle\/?hl=de"]},{"@type":"Person","@id":"https:\/\/radioleinewelle.de\/#\/schema\/person\/45606f348637df637192dc1b68399a63","name":"Leinewelle","image":{"@type":"ImageObject","inLanguage":"de","@id":"https:\/\/secure.gravatar.com\/avatar\/05c9a17bc973052ee5d91549bd32fb4dd0dc85b7b85ae94b2e2b4943476bbea5?s=96&d=blank&r=g","url":"https:\/\/secure.gravatar.com\/avatar\/05c9a17bc973052ee5d91549bd32fb4dd0dc85b7b85ae94b2e2b4943476bbea5?s=96&d=blank&r=g","contentUrl":"https:\/\/secure.gravatar.com\/avatar\/05c9a17bc973052ee5d91549bd32fb4dd0dc85b7b85ae94b2e2b4943476bbea5?s=96&d=blank&r=g","caption":"Leinewelle"},"sameAs":["http:\/\/localhost\/radio%20leinewelle\/wordpress","https:\/\/www.facebook.com\/radioleinewelle","https:\/\/www.instagram.com\/radioleinewelle","https:\/\/x.com\/https:\/\/twitter.com\/RLeinewelle?ref_src=twsrcgoogletwcampserptwgrauthor","https:\/\/soundcloud.com\/foerderverein-lokalradio?utm_source=clipboard&utm_medium=text&utm_campaign=social_sharing"],"url":"https:\/\/radioleinewelle.de\/index.php\/author\/leinewelle\/"}]}},"_links":{"self":[{"href":"https:\/\/radioleinewelle.de\/index.php\/wp-json\/wp\/v2\/posts\/21730","targetHints":{"allow":["GET"]}}],"collection":[{"href":"https:\/\/radioleinewelle.de\/index.php\/wp-json\/wp\/v2\/posts"}],"about":[{"href":"https:\/\/radioleinewelle.de\/index.php\/wp-json\/wp\/v2\/types\/post"}],"author":[{"embeddable":true,"href":"https:\/\/radioleinewelle.de\/index.php\/wp-json\/wp\/v2\/users\/1"}],"replies":[{"embeddable":true,"href":"https:\/\/radioleinewelle.de\/index.php\/wp-json\/wp\/v2\/comments?post=21730"}],"version-history":[{"count":3,"href":"https:\/\/radioleinewelle.de\/index.php\/wp-json\/wp\/v2\/posts\/21730\/revisions"}],"predecessor-version":[{"id":21735,"href":"https:\/\/radioleinewelle.de\/index.php\/wp-json\/wp\/v2\/posts\/21730\/revisions\/21735"}],"wp:featuredmedia":[{"embeddable":true,"href":"https:\/\/radioleinewelle.de\/index.php\/wp-json\/wp\/v2\/media\/21731"}],"wp:attachment":[{"href":"https:\/\/radioleinewelle.de\/index.php\/wp-json\/wp\/v2\/media?parent=21730"}],"wp:term":[{"taxonomy":"category","embeddable":true,"href":"https:\/\/radioleinewelle.de\/index.php\/wp-json\/wp\/v2\/categories?post=21730"},{"taxonomy":"post_tag","embeddable":true,"href":"https:\/\/radioleinewelle.de\/index.php\/wp-json\/wp\/v2\/tags?post=21730"}],"curies":[{"name":"wp","href":"https:\/\/api.w.org\/{rel}","templated":true}]}}