{"id":21757,"date":"2023-02-11T09:50:52","date_gmt":"2023-02-11T08:50:52","guid":{"rendered":"https:\/\/radioleinewelle.de\/?p=21757"},"modified":"2023-03-14T06:33:40","modified_gmt":"2023-03-14T05:33:40","slug":"europaeischer-notruftag","status":"publish","type":"post","link":"https:\/\/radioleinewelle.de\/index.php\/2023\/02\/11\/europaeischer-notruftag\/","title":{"rendered":"Europ\u00e4ischer Notruftag"},"content":{"rendered":"\n<p>Wo muss ich im Notfall anrufen? Welche Telefonnummern haben Feuerwehr, Rettungsdienst und Polizei? Um die dreistelligen Ziffern dieser Notdienste bekannter zu machen, haben das Europ\u00e4ische Parlament, der Rat der Europ\u00e4ischen Union und die EU-Kommission den \u201aEurop\u00e4ischen Tag des Notrufs\u2018 ins Leben gerufen. Er f\u00e4llt aufgrund der im Datum enthaltenen Notrufnummer j\u00e4hrlich auf den 11. Februar. Unter der 112 sind die Feuerwehr und der Rettungsdienst erreichbar. Wer die 110 w\u00e4hlt, erreicht die Polizei. Neben diesen Nummern hilft die bundesweit einheitliche Telefonnummer 116117 des \u00e4rztlichen Bereitschaftsdienstes bei nicht lebensbedrohlichen Krankheiten.<br><\/p>\n\n\n\n<p>\u201eTrotz der hohen Beanspruchung und Belastungen leisten unsere Einsatzkr\u00e4fte hervorragende Arbeit. Diesen gilt mein Dank und meine Anerkennung\u201c, betont Christian Schmetz, Erster Stadtrat der Stadt G\u00f6ttingen, aus Anlass des Notruf-Jahrestags. Kreisr\u00e4tin Marlies Dornieden f\u00fchrt in diesem Zusammenhang aus: \u201eIch bin froh und zufrieden, dass der Landkreis G\u00f6ttingen gemeinsam mit der Stadt G\u00f6ttingen eine hochqualifiziert und kompetent besetzte Leitstelle betreibt, die rund um die Uhr \u00fcber die Notrufnummer 112 f\u00fcr alle B\u00fcrger*innen im Kreisgebiet da ist. Gleichzeitig bereitet es mir jedoch auch Sorgen, dass ein Teil der Anrufe nicht als Notfall einzustufen ist und eigentlich vorrangig der \u00e4rztliche Bereitschaftsdienst kontaktiert werden m\u00fcsste. Gemeinsam mit dem Land und der Kassen\u00e4rztlichen Vereinigung muss f\u00fcr diese F\u00e4lle eine L\u00f6sung gefunden werden, um den Notruf und den Rettungsdienst nicht zu \u00fcberlasten.\u201c<\/p>\n\n\n\n<h2 class=\"wp-block-heading\">Anrufe und Eins\u00e4tze 2022<\/h2>\n\n\n\n<p>Im Jahr 2022 gingen in der kommunalen Regionalleitstelle von Stadt und Landkreis G\u00f6ttingen 207.893 Anrufe ein, davon 86.754 Notrufe und 63.512 Krankentransportersuche. Daraus ergaben sich 97.617 Eins\u00e4tze f\u00fcr die Bereiche Rettungsdienst (47.864), Krankentransport (33.443), Feuerwehr (5.026) und sonstiges (13.544). Im Vergleich zum Vorjahr stiegen die Anrufe um 11 Prozent und die daraus resultierenden Eins\u00e4tze um 14 Prozent.<\/p>\n\n\n\n<p>Die europaweit einheitliche Notrufnummer 112 wurde 1991 eingef\u00fchrt. Anrufenden werden standardisierte Fragen gestellt, damit die Einsatzkr\u00e4fte schnellstm\u00f6glich ein Bild der Lage erhalten und Hilfe schicken k\u00f6nnen. \u201eIm Ernstfall z\u00e4hlt jede Sekunde\u201c, so Schmetz. \u201ez\u00f6gern Sie also nicht, die Notrufnummern zu w\u00e4hlen.\u201c In vielen F\u00e4llen werden bei Notrufen \u00fcber Mobiltelefone inzwischen automatisch sogenannte AML-Daten (\u201eAdvanced Mobile Location\u201c) mitgesendet. In den Rettungsleitstellen kann dadurch der Standort der anrufenden Person erkannt werden. Die kostenlose Nora Notruf App kontaktiert im Notfall unkompliziert Polizei, Feuerwehr und Rettungsdienst. Sie \u00fcbermittelt deutschlandweit den eigenen Standort, auch man selbst nicht sprechen kann.<\/p>\n\n\n\n<p><strong>Foto:<\/strong> Bild von <a href=\"https:\/\/pixabay.com\/de\/users\/golda-1451095\/?utm_source=link-attribution&amp;utm_medium=referral&amp;utm_campaign=image&amp;utm_content=970037\">Golda Falk<\/a> auf <a href=\"https:\/\/pixabay.com\/de\/\/?utm_source=link-attribution&amp;utm_medium=referral&amp;utm_campaign=image&amp;utm_content=970037\">Pixabay<\/a><\/p>\n","protected":false},"excerpt":{"rendered":"<p>Wo muss ich im Notfall anrufen? Welche Telefonnummern haben Feuerwehr, Rettungsdienst und Polizei? Um die dreistelligen Ziffern dieser Notdienste bekannter zu machen, haben das Europ\u00e4ische Parlament, der Rat der Europ\u00e4ischen Union und die EU-Kommission den \u201aEurop\u00e4ischen Tag des Notrufs\u2018 ins Leben gerufen. Er f\u00e4llt aufgrund der im Datum enthaltenen Notrufnummer j\u00e4hrlich auf den 11. Februar. [&hellip;]<\/p>\n","protected":false},"author":1,"featured_media":21760,"comment_status":"open","ping_status":"open","sticky":false,"template":"","format":"standard","meta":{"saved_in_kubio":false,"footnotes":""},"categories":[24],"tags":[],"class_list":["post-21757","post","type-post","status-publish","format-standard","has-post-thumbnail","hentry","category-news"],"yoast_head":"<!-- This site is optimized with the Yoast SEO plugin v27.5 - https:\/\/yoast.com\/product\/yoast-seo-wordpress\/ -->\n<title>Europ\u00e4ischer Notruftag - Radio Leinewelle<\/title>\n<meta name=\"robots\" content=\"index, follow, max-snippet:-1, max-image-preview:large, max-video-preview:-1\" \/>\n<link rel=\"canonical\" href=\"https:\/\/radioleinewelle.de\/index.php\/2023\/02\/11\/europaeischer-notruftag\/\" \/>\n<meta property=\"og:locale\" content=\"de_DE\" \/>\n<meta property=\"og:type\" content=\"article\" \/>\n<meta property=\"og:title\" content=\"Europ\u00e4ischer Notruftag - Radio Leinewelle\" \/>\n<meta property=\"og:description\" content=\"Wo muss ich im Notfall anrufen? Welche Telefonnummern haben Feuerwehr, Rettungsdienst und Polizei? Um die dreistelligen Ziffern dieser Notdienste bekannter zu machen, haben das Europ\u00e4ische Parlament, der Rat der Europ\u00e4ischen Union und die EU-Kommission den \u201aEurop\u00e4ischen Tag des Notrufs\u2018 ins Leben gerufen. Er f\u00e4llt aufgrund der im Datum enthaltenen Notrufnummer j\u00e4hrlich auf den 11. Februar. [&hellip;]\" \/>\n<meta property=\"og:url\" content=\"https:\/\/radioleinewelle.de\/index.php\/2023\/02\/11\/europaeischer-notruftag\/\" \/>\n<meta property=\"og:site_name\" content=\"Radio Leinewelle\" \/>\n<meta property=\"article:publisher\" content=\"https:\/\/www.facebook.com\/radioleinewelle\" \/>\n<meta property=\"article:author\" content=\"https:\/\/www.facebook.com\/radioleinewelle\" \/>\n<meta property=\"article:published_time\" content=\"2023-02-11T08:50:52+00:00\" \/>\n<meta property=\"article:modified_time\" content=\"2023-03-14T05:33:40+00:00\" \/>\n<meta property=\"og:image\" content=\"https:\/\/radioleinewelle.de\/wp-content\/uploads\/2023\/02\/ambulance-g06d59ed7b_1280.jpg\" \/>\n\t<meta property=\"og:image:width\" content=\"1280\" \/>\n\t<meta property=\"og:image:height\" content=\"853\" \/>\n\t<meta property=\"og:image:type\" content=\"image\/jpeg\" \/>\n<meta name=\"author\" content=\"Leinewelle\" \/>\n<meta name=\"twitter:card\" content=\"summary_large_image\" \/>\n<meta name=\"twitter:creator\" content=\"@https:\/\/twitter.com\/RLeinewelle?ref_src=twsrcgoogletwcampserptwgrauthor\" \/>\n<meta name=\"twitter:site\" content=\"@RLeinewelle\" \/>\n<meta name=\"twitter:label1\" content=\"Verfasst von\" \/>\n\t<meta name=\"twitter:data1\" content=\"Leinewelle\" \/>\n<script type=\"application\/ld+json\" class=\"yoast-schema-graph\">{\"@context\":\"https:\\\/\\\/schema.org\",\"@graph\":[{\"@type\":\"Article\",\"@id\":\"https:\\\/\\\/radioleinewelle.de\\\/index.php\\\/2023\\\/02\\\/11\\\/europaeischer-notruftag\\\/#article\",\"isPartOf\":{\"@id\":\"https:\\\/\\\/radioleinewelle.de\\\/index.php\\\/2023\\\/02\\\/11\\\/europaeischer-notruftag\\\/\"},\"author\":{\"name\":\"Leinewelle\",\"@id\":\"https:\\\/\\\/radioleinewelle.de\\\/#\\\/schema\\\/person\\\/45606f348637df637192dc1b68399a63\"},\"headline\":\"Europ\u00e4ischer Notruftag\",\"datePublished\":\"2023-02-11T08:50:52+00:00\",\"dateModified\":\"2023-03-14T05:33:40+00:00\",\"mainEntityOfPage\":{\"@id\":\"https:\\\/\\\/radioleinewelle.de\\\/index.php\\\/2023\\\/02\\\/11\\\/europaeischer-notruftag\\\/\"},\"wordCount\":393,\"commentCount\":0,\"publisher\":{\"@id\":\"https:\\\/\\\/radioleinewelle.de\\\/#organization\"},\"image\":{\"@id\":\"https:\\\/\\\/radioleinewelle.de\\\/index.php\\\/2023\\\/02\\\/11\\\/europaeischer-notruftag\\\/#primaryimage\"},\"thumbnailUrl\":\"https:\\\/\\\/radioleinewelle.de\\\/wp-content\\\/uploads\\\/2023\\\/02\\\/ambulance-g06d59ed7b_1280.jpg\",\"articleSection\":[\"Aktuelle Nachrichten\"],\"inLanguage\":\"de\",\"potentialAction\":[{\"@type\":\"CommentAction\",\"name\":\"Comment\",\"target\":[\"https:\\\/\\\/radioleinewelle.de\\\/index.php\\\/2023\\\/02\\\/11\\\/europaeischer-notruftag\\\/#respond\"]}]},{\"@type\":\"WebPage\",\"@id\":\"https:\\\/\\\/radioleinewelle.de\\\/index.php\\\/2023\\\/02\\\/11\\\/europaeischer-notruftag\\\/\",\"url\":\"https:\\\/\\\/radioleinewelle.de\\\/index.php\\\/2023\\\/02\\\/11\\\/europaeischer-notruftag\\\/\",\"name\":\"Europ\u00e4ischer Notruftag - Radio Leinewelle\",\"isPartOf\":{\"@id\":\"https:\\\/\\\/radioleinewelle.de\\\/#website\"},\"primaryImageOfPage\":{\"@id\":\"https:\\\/\\\/radioleinewelle.de\\\/index.php\\\/2023\\\/02\\\/11\\\/europaeischer-notruftag\\\/#primaryimage\"},\"image\":{\"@id\":\"https:\\\/\\\/radioleinewelle.de\\\/index.php\\\/2023\\\/02\\\/11\\\/europaeischer-notruftag\\\/#primaryimage\"},\"thumbnailUrl\":\"https:\\\/\\\/radioleinewelle.de\\\/wp-content\\\/uploads\\\/2023\\\/02\\\/ambulance-g06d59ed7b_1280.jpg\",\"datePublished\":\"2023-02-11T08:50:52+00:00\",\"dateModified\":\"2023-03-14T05:33:40+00:00\",\"breadcrumb\":{\"@id\":\"https:\\\/\\\/radioleinewelle.de\\\/index.php\\\/2023\\\/02\\\/11\\\/europaeischer-notruftag\\\/#breadcrumb\"},\"inLanguage\":\"de\",\"potentialAction\":[{\"@type\":\"ReadAction\",\"target\":[\"https:\\\/\\\/radioleinewelle.de\\\/index.php\\\/2023\\\/02\\\/11\\\/europaeischer-notruftag\\\/\"]}]},{\"@type\":\"ImageObject\",\"inLanguage\":\"de\",\"@id\":\"https:\\\/\\\/radioleinewelle.de\\\/index.php\\\/2023\\\/02\\\/11\\\/europaeischer-notruftag\\\/#primaryimage\",\"url\":\"https:\\\/\\\/radioleinewelle.de\\\/wp-content\\\/uploads\\\/2023\\\/02\\\/ambulance-g06d59ed7b_1280.jpg\",\"contentUrl\":\"https:\\\/\\\/radioleinewelle.de\\\/wp-content\\\/uploads\\\/2023\\\/02\\\/ambulance-g06d59ed7b_1280.jpg\",\"width\":1280,\"height\":853},{\"@type\":\"BreadcrumbList\",\"@id\":\"https:\\\/\\\/radioleinewelle.de\\\/index.php\\\/2023\\\/02\\\/11\\\/europaeischer-notruftag\\\/#breadcrumb\",\"itemListElement\":[{\"@type\":\"ListItem\",\"position\":1,\"name\":\"Startseite\",\"item\":\"https:\\\/\\\/radioleinewelle.de\\\/\"},{\"@type\":\"ListItem\",\"position\":2,\"name\":\"Europ\u00e4ischer Notruftag\"}]},{\"@type\":\"WebSite\",\"@id\":\"https:\\\/\\\/radioleinewelle.de\\\/#website\",\"url\":\"https:\\\/\\\/radioleinewelle.de\\\/\",\"name\":\"Radio Leinewelle\",\"description\":\"\",\"publisher\":{\"@id\":\"https:\\\/\\\/radioleinewelle.de\\\/#organization\"},\"potentialAction\":[{\"@type\":\"SearchAction\",\"target\":{\"@type\":\"EntryPoint\",\"urlTemplate\":\"https:\\\/\\\/radioleinewelle.de\\\/?s={search_term_string}\"},\"query-input\":{\"@type\":\"PropertyValueSpecification\",\"valueRequired\":true,\"valueName\":\"search_term_string\"}}],\"inLanguage\":\"de\"},{\"@type\":\"Organization\",\"@id\":\"https:\\\/\\\/radioleinewelle.de\\\/#organization\",\"name\":\"Radio Leinewelle\",\"alternateName\":\"Mein Radio f\u00fcr S\u00fcdniedersachsen\",\"url\":\"https:\\\/\\\/radioleinewelle.de\\\/\",\"logo\":{\"@type\":\"ImageObject\",\"inLanguage\":\"de\",\"@id\":\"https:\\\/\\\/radioleinewelle.de\\\/#\\\/schema\\\/logo\\\/image\\\/\",\"url\":\"https:\\\/\\\/radioleinewelle.de\\\/wp-content\\\/uploads\\\/2023\\\/11\\\/cropped-Leinewelle_Logo_weiss.png\",\"contentUrl\":\"https:\\\/\\\/radioleinewelle.de\\\/wp-content\\\/uploads\\\/2023\\\/11\\\/cropped-Leinewelle_Logo_weiss.png\",\"width\":854,\"height\":260,\"caption\":\"Radio Leinewelle\"},\"image\":{\"@id\":\"https:\\\/\\\/radioleinewelle.de\\\/#\\\/schema\\\/logo\\\/image\\\/\"},\"sameAs\":[\"https:\\\/\\\/www.facebook.com\\\/radioleinewelle\",\"https:\\\/\\\/x.com\\\/RLeinewelle\",\"https:\\\/\\\/www.instagram.com\\\/radioleinewelle\\\/?hl=de\"]},{\"@type\":\"Person\",\"@id\":\"https:\\\/\\\/radioleinewelle.de\\\/#\\\/schema\\\/person\\\/45606f348637df637192dc1b68399a63\",\"name\":\"Leinewelle\",\"image\":{\"@type\":\"ImageObject\",\"inLanguage\":\"de\",\"@id\":\"https:\\\/\\\/secure.gravatar.com\\\/avatar\\\/05c9a17bc973052ee5d91549bd32fb4dd0dc85b7b85ae94b2e2b4943476bbea5?s=96&d=blank&r=g\",\"url\":\"https:\\\/\\\/secure.gravatar.com\\\/avatar\\\/05c9a17bc973052ee5d91549bd32fb4dd0dc85b7b85ae94b2e2b4943476bbea5?s=96&d=blank&r=g\",\"contentUrl\":\"https:\\\/\\\/secure.gravatar.com\\\/avatar\\\/05c9a17bc973052ee5d91549bd32fb4dd0dc85b7b85ae94b2e2b4943476bbea5?s=96&d=blank&r=g\",\"caption\":\"Leinewelle\"},\"sameAs\":[\"http:\\\/\\\/localhost\\\/radio%20leinewelle\\\/wordpress\",\"https:\\\/\\\/www.facebook.com\\\/radioleinewelle\",\"https:\\\/\\\/www.instagram.com\\\/radioleinewelle\",\"https:\\\/\\\/x.com\\\/https:\\\/\\\/twitter.com\\\/RLeinewelle?ref_src=twsrcgoogletwcampserptwgrauthor\",\"https:\\\/\\\/soundcloud.com\\\/foerderverein-lokalradio?utm_source=clipboard&utm_medium=text&utm_campaign=social_sharing\"],\"url\":\"https:\\\/\\\/radioleinewelle.de\\\/index.php\\\/author\\\/leinewelle\\\/\"}]}<\/script>\n<!-- \/ Yoast SEO plugin. -->","yoast_head_json":{"title":"Europ\u00e4ischer Notruftag - Radio Leinewelle","robots":{"index":"index","follow":"follow","max-snippet":"max-snippet:-1","max-image-preview":"max-image-preview:large","max-video-preview":"max-video-preview:-1"},"canonical":"https:\/\/radioleinewelle.de\/index.php\/2023\/02\/11\/europaeischer-notruftag\/","og_locale":"de_DE","og_type":"article","og_title":"Europ\u00e4ischer Notruftag - Radio Leinewelle","og_description":"Wo muss ich im Notfall anrufen? Welche Telefonnummern haben Feuerwehr, Rettungsdienst und Polizei? Um die dreistelligen Ziffern dieser Notdienste bekannter zu machen, haben das Europ\u00e4ische Parlament, der Rat der Europ\u00e4ischen Union und die EU-Kommission den \u201aEurop\u00e4ischen Tag des Notrufs\u2018 ins Leben gerufen. Er f\u00e4llt aufgrund der im Datum enthaltenen Notrufnummer j\u00e4hrlich auf den 11. Februar. [&hellip;]","og_url":"https:\/\/radioleinewelle.de\/index.php\/2023\/02\/11\/europaeischer-notruftag\/","og_site_name":"Radio Leinewelle","article_publisher":"https:\/\/www.facebook.com\/radioleinewelle","article_author":"https:\/\/www.facebook.com\/radioleinewelle","article_published_time":"2023-02-11T08:50:52+00:00","article_modified_time":"2023-03-14T05:33:40+00:00","og_image":[{"width":1280,"height":853,"url":"https:\/\/radioleinewelle.de\/wp-content\/uploads\/2023\/02\/ambulance-g06d59ed7b_1280.jpg","type":"image\/jpeg"}],"author":"Leinewelle","twitter_card":"summary_large_image","twitter_creator":"@https:\/\/twitter.com\/RLeinewelle?ref_src=twsrcgoogletwcampserptwgrauthor","twitter_site":"@RLeinewelle","twitter_misc":{"Verfasst von":"Leinewelle"},"schema":{"@context":"https:\/\/schema.org","@graph":[{"@type":"Article","@id":"https:\/\/radioleinewelle.de\/index.php\/2023\/02\/11\/europaeischer-notruftag\/#article","isPartOf":{"@id":"https:\/\/radioleinewelle.de\/index.php\/2023\/02\/11\/europaeischer-notruftag\/"},"author":{"name":"Leinewelle","@id":"https:\/\/radioleinewelle.de\/#\/schema\/person\/45606f348637df637192dc1b68399a63"},"headline":"Europ\u00e4ischer Notruftag","datePublished":"2023-02-11T08:50:52+00:00","dateModified":"2023-03-14T05:33:40+00:00","mainEntityOfPage":{"@id":"https:\/\/radioleinewelle.de\/index.php\/2023\/02\/11\/europaeischer-notruftag\/"},"wordCount":393,"commentCount":0,"publisher":{"@id":"https:\/\/radioleinewelle.de\/#organization"},"image":{"@id":"https:\/\/radioleinewelle.de\/index.php\/2023\/02\/11\/europaeischer-notruftag\/#primaryimage"},"thumbnailUrl":"https:\/\/radioleinewelle.de\/wp-content\/uploads\/2023\/02\/ambulance-g06d59ed7b_1280.jpg","articleSection":["Aktuelle Nachrichten"],"inLanguage":"de","potentialAction":[{"@type":"CommentAction","name":"Comment","target":["https:\/\/radioleinewelle.de\/index.php\/2023\/02\/11\/europaeischer-notruftag\/#respond"]}]},{"@type":"WebPage","@id":"https:\/\/radioleinewelle.de\/index.php\/2023\/02\/11\/europaeischer-notruftag\/","url":"https:\/\/radioleinewelle.de\/index.php\/2023\/02\/11\/europaeischer-notruftag\/","name":"Europ\u00e4ischer Notruftag - Radio Leinewelle","isPartOf":{"@id":"https:\/\/radioleinewelle.de\/#website"},"primaryImageOfPage":{"@id":"https:\/\/radioleinewelle.de\/index.php\/2023\/02\/11\/europaeischer-notruftag\/#primaryimage"},"image":{"@id":"https:\/\/radioleinewelle.de\/index.php\/2023\/02\/11\/europaeischer-notruftag\/#primaryimage"},"thumbnailUrl":"https:\/\/radioleinewelle.de\/wp-content\/uploads\/2023\/02\/ambulance-g06d59ed7b_1280.jpg","datePublished":"2023-02-11T08:50:52+00:00","dateModified":"2023-03-14T05:33:40+00:00","breadcrumb":{"@id":"https:\/\/radioleinewelle.de\/index.php\/2023\/02\/11\/europaeischer-notruftag\/#breadcrumb"},"inLanguage":"de","potentialAction":[{"@type":"ReadAction","target":["https:\/\/radioleinewelle.de\/index.php\/2023\/02\/11\/europaeischer-notruftag\/"]}]},{"@type":"ImageObject","inLanguage":"de","@id":"https:\/\/radioleinewelle.de\/index.php\/2023\/02\/11\/europaeischer-notruftag\/#primaryimage","url":"https:\/\/radioleinewelle.de\/wp-content\/uploads\/2023\/02\/ambulance-g06d59ed7b_1280.jpg","contentUrl":"https:\/\/radioleinewelle.de\/wp-content\/uploads\/2023\/02\/ambulance-g06d59ed7b_1280.jpg","width":1280,"height":853},{"@type":"BreadcrumbList","@id":"https:\/\/radioleinewelle.de\/index.php\/2023\/02\/11\/europaeischer-notruftag\/#breadcrumb","itemListElement":[{"@type":"ListItem","position":1,"name":"Startseite","item":"https:\/\/radioleinewelle.de\/"},{"@type":"ListItem","position":2,"name":"Europ\u00e4ischer Notruftag"}]},{"@type":"WebSite","@id":"https:\/\/radioleinewelle.de\/#website","url":"https:\/\/radioleinewelle.de\/","name":"Radio Leinewelle","description":"","publisher":{"@id":"https:\/\/radioleinewelle.de\/#organization"},"potentialAction":[{"@type":"SearchAction","target":{"@type":"EntryPoint","urlTemplate":"https:\/\/radioleinewelle.de\/?s={search_term_string}"},"query-input":{"@type":"PropertyValueSpecification","valueRequired":true,"valueName":"search_term_string"}}],"inLanguage":"de"},{"@type":"Organization","@id":"https:\/\/radioleinewelle.de\/#organization","name":"Radio Leinewelle","alternateName":"Mein Radio f\u00fcr S\u00fcdniedersachsen","url":"https:\/\/radioleinewelle.de\/","logo":{"@type":"ImageObject","inLanguage":"de","@id":"https:\/\/radioleinewelle.de\/#\/schema\/logo\/image\/","url":"https:\/\/radioleinewelle.de\/wp-content\/uploads\/2023\/11\/cropped-Leinewelle_Logo_weiss.png","contentUrl":"https:\/\/radioleinewelle.de\/wp-content\/uploads\/2023\/11\/cropped-Leinewelle_Logo_weiss.png","width":854,"height":260,"caption":"Radio Leinewelle"},"image":{"@id":"https:\/\/radioleinewelle.de\/#\/schema\/logo\/image\/"},"sameAs":["https:\/\/www.facebook.com\/radioleinewelle","https:\/\/x.com\/RLeinewelle","https:\/\/www.instagram.com\/radioleinewelle\/?hl=de"]},{"@type":"Person","@id":"https:\/\/radioleinewelle.de\/#\/schema\/person\/45606f348637df637192dc1b68399a63","name":"Leinewelle","image":{"@type":"ImageObject","inLanguage":"de","@id":"https:\/\/secure.gravatar.com\/avatar\/05c9a17bc973052ee5d91549bd32fb4dd0dc85b7b85ae94b2e2b4943476bbea5?s=96&d=blank&r=g","url":"https:\/\/secure.gravatar.com\/avatar\/05c9a17bc973052ee5d91549bd32fb4dd0dc85b7b85ae94b2e2b4943476bbea5?s=96&d=blank&r=g","contentUrl":"https:\/\/secure.gravatar.com\/avatar\/05c9a17bc973052ee5d91549bd32fb4dd0dc85b7b85ae94b2e2b4943476bbea5?s=96&d=blank&r=g","caption":"Leinewelle"},"sameAs":["http:\/\/localhost\/radio%20leinewelle\/wordpress","https:\/\/www.facebook.com\/radioleinewelle","https:\/\/www.instagram.com\/radioleinewelle","https:\/\/x.com\/https:\/\/twitter.com\/RLeinewelle?ref_src=twsrcgoogletwcampserptwgrauthor","https:\/\/soundcloud.com\/foerderverein-lokalradio?utm_source=clipboard&utm_medium=text&utm_campaign=social_sharing"],"url":"https:\/\/radioleinewelle.de\/index.php\/author\/leinewelle\/"}]}},"_links":{"self":[{"href":"https:\/\/radioleinewelle.de\/index.php\/wp-json\/wp\/v2\/posts\/21757","targetHints":{"allow":["GET"]}}],"collection":[{"href":"https:\/\/radioleinewelle.de\/index.php\/wp-json\/wp\/v2\/posts"}],"about":[{"href":"https:\/\/radioleinewelle.de\/index.php\/wp-json\/wp\/v2\/types\/post"}],"author":[{"embeddable":true,"href":"https:\/\/radioleinewelle.de\/index.php\/wp-json\/wp\/v2\/users\/1"}],"replies":[{"embeddable":true,"href":"https:\/\/radioleinewelle.de\/index.php\/wp-json\/wp\/v2\/comments?post=21757"}],"version-history":[{"count":2,"href":"https:\/\/radioleinewelle.de\/index.php\/wp-json\/wp\/v2\/posts\/21757\/revisions"}],"predecessor-version":[{"id":21761,"href":"https:\/\/radioleinewelle.de\/index.php\/wp-json\/wp\/v2\/posts\/21757\/revisions\/21761"}],"wp:featuredmedia":[{"embeddable":true,"href":"https:\/\/radioleinewelle.de\/index.php\/wp-json\/wp\/v2\/media\/21760"}],"wp:attachment":[{"href":"https:\/\/radioleinewelle.de\/index.php\/wp-json\/wp\/v2\/media?parent=21757"}],"wp:term":[{"taxonomy":"category","embeddable":true,"href":"https:\/\/radioleinewelle.de\/index.php\/wp-json\/wp\/v2\/categories?post=21757"},{"taxonomy":"post_tag","embeddable":true,"href":"https:\/\/radioleinewelle.de\/index.php\/wp-json\/wp\/v2\/tags?post=21757"}],"curies":[{"name":"wp","href":"https:\/\/api.w.org\/{rel}","templated":true}]}}