{"id":2187,"date":"2020-10-08T00:21:09","date_gmt":"2020-10-07T22:21:09","guid":{"rendered":"https:\/\/radioleinewelle.de\/?p=2187"},"modified":"2020-10-08T00:21:09","modified_gmt":"2020-10-07T22:21:09","slug":"mit-essay-und-prosa-gegen-die-soziale-kaelte","status":"publish","type":"post","link":"https:\/\/radioleinewelle.de\/index.php\/2020\/10\/08\/mit-essay-und-prosa-gegen-die-soziale-kaelte\/","title":{"rendered":"Mit Essay und Prosa gegen die soziale K\u00e4lte"},"content":{"rendered":"<p>Die Veranstaltungen des Literarischen Zentrums G\u00f6ttingen sind nicht nur Lesung und Diskussion, sondern sie bieten immer einen Mehrwert. So auch gestern Abend im Alten Rathaus.\u00a0Anna-Marie Humbert (Berlin) sprach mit den Autorinnen Anna Mayr (Die Elenden) und Deniz Ohde (Streulicht) \u00fcber fehlende Teilhabe, Abgrenzung- und Ausgrenzungsmechanismen gegen\u00fcber den unteren Schichten in diesem Land. Spannend das Gespr\u00e4ch der Autorinnen untereinander, wenn die eine von der anderen lernt, ihre Protagonisten besser zu verstehen. W\u00e4hrend Deniz Ohnes Hauptfigur\u00a0die &#8222;Zeit&#8220; kauft, um sich in die Werbung hinein zu tr\u00e4umen und sich den Touch gibt schlau zu sein, erw\u00e4hnt\u00a0auch die Zeitredakteurin Anna Mayr, bereits als Sch\u00fclerin die Wochenzeitschrift abonniert zu haben. Die &#8222;Zeit&#8220; als Symbol f\u00fcr Aufstieg, Sehnsucht und einen intellektuellen Habitus. Beide Autorinnen legen inhaltlich starke B\u00fccher vor. Anna Mayr`s Buch&#8220;Die Elenden&#8220; ist ein\u00a0analysierendes Sachbuch. Deniz Ohne hat das Thema literarisch aufgearbeitet. Ihr Titel &#8222;Streulicht&#8220; ist f\u00fcr den Deutschen Buchpreis nominiert. Die Buchkritiken gibt es demn\u00e4chst in der Radio Lounge auf Radio Leinewelle. In Kooperation mit dem Literarischen Zentrum stellt das StadtRadio G\u00f6ttingen diese Veranstaltung als Podcast zur Verf\u00fcgung.<\/p>\n<p>Foto: \u00a9Radio Leinewelle (je)<\/p>\n","protected":false},"excerpt":{"rendered":"<p>Die Veranstaltungen des Literarischen Zentrums G\u00f6ttingen sind nicht nur Lesung und Diskussion, sondern sie bieten immer einen Mehrwert. So auch gestern Abend im Alten Rathaus.\u00a0Anna-Marie Humbert (Berlin) sprach mit den Autorinnen Anna Mayr (Die Elenden) und Deniz Ohde (Streulicht) \u00fcber fehlende Teilhabe, Abgrenzung- und Ausgrenzungsmechanismen gegen\u00fcber den unteren Schichten in diesem Land. Spannend das Gespr\u00e4ch [&hellip;]<\/p>\n","protected":false},"author":1,"featured_media":0,"comment_status":"closed","ping_status":"closed","sticky":false,"template":"","format":"standard","meta":{"saved_in_kubio":false,"footnotes":""},"categories":[45],"tags":[],"class_list":["post-2187","post","type-post","status-publish","format-standard","hentry","category-kultur"],"yoast_head":"<!-- This site is optimized with the Yoast SEO plugin v27.5 - https:\/\/yoast.com\/product\/yoast-seo-wordpress\/ -->\n<title>Mit Essay und Prosa gegen die soziale K\u00e4lte - Radio Leinewelle<\/title>\n<meta name=\"robots\" content=\"index, follow, max-snippet:-1, max-image-preview:large, max-video-preview:-1\" \/>\n<link rel=\"canonical\" href=\"https:\/\/radioleinewelle.de\/index.php\/2020\/10\/08\/mit-essay-und-prosa-gegen-die-soziale-kaelte\/\" \/>\n<meta property=\"og:locale\" content=\"de_DE\" \/>\n<meta property=\"og:type\" content=\"article\" \/>\n<meta property=\"og:title\" content=\"Mit Essay und Prosa gegen die soziale K\u00e4lte - Radio Leinewelle\" \/>\n<meta property=\"og:description\" content=\"Die Veranstaltungen des Literarischen Zentrums G\u00f6ttingen sind nicht nur Lesung und Diskussion, sondern sie bieten immer einen Mehrwert. So auch gestern Abend im Alten Rathaus.\u00a0Anna-Marie Humbert (Berlin) sprach mit den Autorinnen Anna Mayr (Die Elenden) und Deniz Ohde (Streulicht) \u00fcber fehlende Teilhabe, Abgrenzung- und Ausgrenzungsmechanismen gegen\u00fcber den unteren Schichten in diesem Land. Spannend das Gespr\u00e4ch [&hellip;]\" \/>\n<meta property=\"og:url\" content=\"https:\/\/radioleinewelle.de\/index.php\/2020\/10\/08\/mit-essay-und-prosa-gegen-die-soziale-kaelte\/\" \/>\n<meta property=\"og:site_name\" content=\"Radio Leinewelle\" \/>\n<meta property=\"article:publisher\" content=\"https:\/\/www.facebook.com\/radioleinewelle\" \/>\n<meta property=\"article:author\" content=\"https:\/\/www.facebook.com\/radioleinewelle\" \/>\n<meta property=\"article:published_time\" content=\"2020-10-07T22:21:09+00:00\" \/>\n<meta name=\"author\" content=\"Leinewelle\" \/>\n<meta name=\"twitter:card\" content=\"summary_large_image\" \/>\n<meta name=\"twitter:creator\" content=\"@https:\/\/twitter.com\/RLeinewelle?ref_src=twsrcgoogletwcampserptwgrauthor\" \/>\n<meta name=\"twitter:site\" content=\"@RLeinewelle\" \/>\n<meta name=\"twitter:label1\" content=\"Verfasst von\" \/>\n\t<meta name=\"twitter:data1\" content=\"Leinewelle\" \/>\n\t<meta name=\"twitter:label2\" content=\"Gesch\u00e4tzte Lesezeit\" \/>\n\t<meta name=\"twitter:data2\" content=\"1\u00a0Minute\" \/>\n<script type=\"application\/ld+json\" class=\"yoast-schema-graph\">{\"@context\":\"https:\\\/\\\/schema.org\",\"@graph\":[{\"@type\":\"Article\",\"@id\":\"https:\\\/\\\/radioleinewelle.de\\\/index.php\\\/2020\\\/10\\\/08\\\/mit-essay-und-prosa-gegen-die-soziale-kaelte\\\/#article\",\"isPartOf\":{\"@id\":\"https:\\\/\\\/radioleinewelle.de\\\/index.php\\\/2020\\\/10\\\/08\\\/mit-essay-und-prosa-gegen-die-soziale-kaelte\\\/\"},\"author\":{\"name\":\"Leinewelle\",\"@id\":\"https:\\\/\\\/radioleinewelle.de\\\/#\\\/schema\\\/person\\\/45606f348637df637192dc1b68399a63\"},\"headline\":\"Mit Essay und Prosa gegen die soziale K\u00e4lte\",\"datePublished\":\"2020-10-07T22:21:09+00:00\",\"mainEntityOfPage\":{\"@id\":\"https:\\\/\\\/radioleinewelle.de\\\/index.php\\\/2020\\\/10\\\/08\\\/mit-essay-und-prosa-gegen-die-soziale-kaelte\\\/\"},\"wordCount\":206,\"publisher\":{\"@id\":\"https:\\\/\\\/radioleinewelle.de\\\/#organization\"},\"articleSection\":[\"Kultur\"],\"inLanguage\":\"de\"},{\"@type\":\"WebPage\",\"@id\":\"https:\\\/\\\/radioleinewelle.de\\\/index.php\\\/2020\\\/10\\\/08\\\/mit-essay-und-prosa-gegen-die-soziale-kaelte\\\/\",\"url\":\"https:\\\/\\\/radioleinewelle.de\\\/index.php\\\/2020\\\/10\\\/08\\\/mit-essay-und-prosa-gegen-die-soziale-kaelte\\\/\",\"name\":\"Mit Essay und Prosa gegen die soziale K\u00e4lte - Radio Leinewelle\",\"isPartOf\":{\"@id\":\"https:\\\/\\\/radioleinewelle.de\\\/#website\"},\"datePublished\":\"2020-10-07T22:21:09+00:00\",\"breadcrumb\":{\"@id\":\"https:\\\/\\\/radioleinewelle.de\\\/index.php\\\/2020\\\/10\\\/08\\\/mit-essay-und-prosa-gegen-die-soziale-kaelte\\\/#breadcrumb\"},\"inLanguage\":\"de\",\"potentialAction\":[{\"@type\":\"ReadAction\",\"target\":[\"https:\\\/\\\/radioleinewelle.de\\\/index.php\\\/2020\\\/10\\\/08\\\/mit-essay-und-prosa-gegen-die-soziale-kaelte\\\/\"]}]},{\"@type\":\"BreadcrumbList\",\"@id\":\"https:\\\/\\\/radioleinewelle.de\\\/index.php\\\/2020\\\/10\\\/08\\\/mit-essay-und-prosa-gegen-die-soziale-kaelte\\\/#breadcrumb\",\"itemListElement\":[{\"@type\":\"ListItem\",\"position\":1,\"name\":\"Startseite\",\"item\":\"https:\\\/\\\/radioleinewelle.de\\\/\"},{\"@type\":\"ListItem\",\"position\":2,\"name\":\"Mit Essay und Prosa gegen die soziale K\u00e4lte\"}]},{\"@type\":\"WebSite\",\"@id\":\"https:\\\/\\\/radioleinewelle.de\\\/#website\",\"url\":\"https:\\\/\\\/radioleinewelle.de\\\/\",\"name\":\"Radio Leinewelle\",\"description\":\"\",\"publisher\":{\"@id\":\"https:\\\/\\\/radioleinewelle.de\\\/#organization\"},\"potentialAction\":[{\"@type\":\"SearchAction\",\"target\":{\"@type\":\"EntryPoint\",\"urlTemplate\":\"https:\\\/\\\/radioleinewelle.de\\\/?s={search_term_string}\"},\"query-input\":{\"@type\":\"PropertyValueSpecification\",\"valueRequired\":true,\"valueName\":\"search_term_string\"}}],\"inLanguage\":\"de\"},{\"@type\":\"Organization\",\"@id\":\"https:\\\/\\\/radioleinewelle.de\\\/#organization\",\"name\":\"Radio Leinewelle\",\"alternateName\":\"Mein Radio f\u00fcr S\u00fcdniedersachsen\",\"url\":\"https:\\\/\\\/radioleinewelle.de\\\/\",\"logo\":{\"@type\":\"ImageObject\",\"inLanguage\":\"de\",\"@id\":\"https:\\\/\\\/radioleinewelle.de\\\/#\\\/schema\\\/logo\\\/image\\\/\",\"url\":\"https:\\\/\\\/radioleinewelle.de\\\/wp-content\\\/uploads\\\/2023\\\/11\\\/cropped-Leinewelle_Logo_weiss.png\",\"contentUrl\":\"https:\\\/\\\/radioleinewelle.de\\\/wp-content\\\/uploads\\\/2023\\\/11\\\/cropped-Leinewelle_Logo_weiss.png\",\"width\":854,\"height\":260,\"caption\":\"Radio Leinewelle\"},\"image\":{\"@id\":\"https:\\\/\\\/radioleinewelle.de\\\/#\\\/schema\\\/logo\\\/image\\\/\"},\"sameAs\":[\"https:\\\/\\\/www.facebook.com\\\/radioleinewelle\",\"https:\\\/\\\/x.com\\\/RLeinewelle\",\"https:\\\/\\\/www.instagram.com\\\/radioleinewelle\\\/?hl=de\"]},{\"@type\":\"Person\",\"@id\":\"https:\\\/\\\/radioleinewelle.de\\\/#\\\/schema\\\/person\\\/45606f348637df637192dc1b68399a63\",\"name\":\"Leinewelle\",\"image\":{\"@type\":\"ImageObject\",\"inLanguage\":\"de\",\"@id\":\"https:\\\/\\\/secure.gravatar.com\\\/avatar\\\/05c9a17bc973052ee5d91549bd32fb4dd0dc85b7b85ae94b2e2b4943476bbea5?s=96&d=blank&r=g\",\"url\":\"https:\\\/\\\/secure.gravatar.com\\\/avatar\\\/05c9a17bc973052ee5d91549bd32fb4dd0dc85b7b85ae94b2e2b4943476bbea5?s=96&d=blank&r=g\",\"contentUrl\":\"https:\\\/\\\/secure.gravatar.com\\\/avatar\\\/05c9a17bc973052ee5d91549bd32fb4dd0dc85b7b85ae94b2e2b4943476bbea5?s=96&d=blank&r=g\",\"caption\":\"Leinewelle\"},\"sameAs\":[\"http:\\\/\\\/localhost\\\/radio%20leinewelle\\\/wordpress\",\"https:\\\/\\\/www.facebook.com\\\/radioleinewelle\",\"https:\\\/\\\/www.instagram.com\\\/radioleinewelle\",\"https:\\\/\\\/x.com\\\/https:\\\/\\\/twitter.com\\\/RLeinewelle?ref_src=twsrcgoogletwcampserptwgrauthor\",\"https:\\\/\\\/soundcloud.com\\\/foerderverein-lokalradio?utm_source=clipboard&utm_medium=text&utm_campaign=social_sharing\"],\"url\":\"https:\\\/\\\/radioleinewelle.de\\\/index.php\\\/author\\\/leinewelle\\\/\"}]}<\/script>\n<!-- \/ Yoast SEO plugin. -->","yoast_head_json":{"title":"Mit Essay und Prosa gegen die soziale K\u00e4lte - Radio Leinewelle","robots":{"index":"index","follow":"follow","max-snippet":"max-snippet:-1","max-image-preview":"max-image-preview:large","max-video-preview":"max-video-preview:-1"},"canonical":"https:\/\/radioleinewelle.de\/index.php\/2020\/10\/08\/mit-essay-und-prosa-gegen-die-soziale-kaelte\/","og_locale":"de_DE","og_type":"article","og_title":"Mit Essay und Prosa gegen die soziale K\u00e4lte - Radio Leinewelle","og_description":"Die Veranstaltungen des Literarischen Zentrums G\u00f6ttingen sind nicht nur Lesung und Diskussion, sondern sie bieten immer einen Mehrwert. So auch gestern Abend im Alten Rathaus.\u00a0Anna-Marie Humbert (Berlin) sprach mit den Autorinnen Anna Mayr (Die Elenden) und Deniz Ohde (Streulicht) \u00fcber fehlende Teilhabe, Abgrenzung- und Ausgrenzungsmechanismen gegen\u00fcber den unteren Schichten in diesem Land. Spannend das Gespr\u00e4ch [&hellip;]","og_url":"https:\/\/radioleinewelle.de\/index.php\/2020\/10\/08\/mit-essay-und-prosa-gegen-die-soziale-kaelte\/","og_site_name":"Radio Leinewelle","article_publisher":"https:\/\/www.facebook.com\/radioleinewelle","article_author":"https:\/\/www.facebook.com\/radioleinewelle","article_published_time":"2020-10-07T22:21:09+00:00","author":"Leinewelle","twitter_card":"summary_large_image","twitter_creator":"@https:\/\/twitter.com\/RLeinewelle?ref_src=twsrcgoogletwcampserptwgrauthor","twitter_site":"@RLeinewelle","twitter_misc":{"Verfasst von":"Leinewelle","Gesch\u00e4tzte Lesezeit":"1\u00a0Minute"},"schema":{"@context":"https:\/\/schema.org","@graph":[{"@type":"Article","@id":"https:\/\/radioleinewelle.de\/index.php\/2020\/10\/08\/mit-essay-und-prosa-gegen-die-soziale-kaelte\/#article","isPartOf":{"@id":"https:\/\/radioleinewelle.de\/index.php\/2020\/10\/08\/mit-essay-und-prosa-gegen-die-soziale-kaelte\/"},"author":{"name":"Leinewelle","@id":"https:\/\/radioleinewelle.de\/#\/schema\/person\/45606f348637df637192dc1b68399a63"},"headline":"Mit Essay und Prosa gegen die soziale K\u00e4lte","datePublished":"2020-10-07T22:21:09+00:00","mainEntityOfPage":{"@id":"https:\/\/radioleinewelle.de\/index.php\/2020\/10\/08\/mit-essay-und-prosa-gegen-die-soziale-kaelte\/"},"wordCount":206,"publisher":{"@id":"https:\/\/radioleinewelle.de\/#organization"},"articleSection":["Kultur"],"inLanguage":"de"},{"@type":"WebPage","@id":"https:\/\/radioleinewelle.de\/index.php\/2020\/10\/08\/mit-essay-und-prosa-gegen-die-soziale-kaelte\/","url":"https:\/\/radioleinewelle.de\/index.php\/2020\/10\/08\/mit-essay-und-prosa-gegen-die-soziale-kaelte\/","name":"Mit Essay und Prosa gegen die soziale K\u00e4lte - Radio Leinewelle","isPartOf":{"@id":"https:\/\/radioleinewelle.de\/#website"},"datePublished":"2020-10-07T22:21:09+00:00","breadcrumb":{"@id":"https:\/\/radioleinewelle.de\/index.php\/2020\/10\/08\/mit-essay-und-prosa-gegen-die-soziale-kaelte\/#breadcrumb"},"inLanguage":"de","potentialAction":[{"@type":"ReadAction","target":["https:\/\/radioleinewelle.de\/index.php\/2020\/10\/08\/mit-essay-und-prosa-gegen-die-soziale-kaelte\/"]}]},{"@type":"BreadcrumbList","@id":"https:\/\/radioleinewelle.de\/index.php\/2020\/10\/08\/mit-essay-und-prosa-gegen-die-soziale-kaelte\/#breadcrumb","itemListElement":[{"@type":"ListItem","position":1,"name":"Startseite","item":"https:\/\/radioleinewelle.de\/"},{"@type":"ListItem","position":2,"name":"Mit Essay und Prosa gegen die soziale K\u00e4lte"}]},{"@type":"WebSite","@id":"https:\/\/radioleinewelle.de\/#website","url":"https:\/\/radioleinewelle.de\/","name":"Radio Leinewelle","description":"","publisher":{"@id":"https:\/\/radioleinewelle.de\/#organization"},"potentialAction":[{"@type":"SearchAction","target":{"@type":"EntryPoint","urlTemplate":"https:\/\/radioleinewelle.de\/?s={search_term_string}"},"query-input":{"@type":"PropertyValueSpecification","valueRequired":true,"valueName":"search_term_string"}}],"inLanguage":"de"},{"@type":"Organization","@id":"https:\/\/radioleinewelle.de\/#organization","name":"Radio Leinewelle","alternateName":"Mein Radio f\u00fcr S\u00fcdniedersachsen","url":"https:\/\/radioleinewelle.de\/","logo":{"@type":"ImageObject","inLanguage":"de","@id":"https:\/\/radioleinewelle.de\/#\/schema\/logo\/image\/","url":"https:\/\/radioleinewelle.de\/wp-content\/uploads\/2023\/11\/cropped-Leinewelle_Logo_weiss.png","contentUrl":"https:\/\/radioleinewelle.de\/wp-content\/uploads\/2023\/11\/cropped-Leinewelle_Logo_weiss.png","width":854,"height":260,"caption":"Radio Leinewelle"},"image":{"@id":"https:\/\/radioleinewelle.de\/#\/schema\/logo\/image\/"},"sameAs":["https:\/\/www.facebook.com\/radioleinewelle","https:\/\/x.com\/RLeinewelle","https:\/\/www.instagram.com\/radioleinewelle\/?hl=de"]},{"@type":"Person","@id":"https:\/\/radioleinewelle.de\/#\/schema\/person\/45606f348637df637192dc1b68399a63","name":"Leinewelle","image":{"@type":"ImageObject","inLanguage":"de","@id":"https:\/\/secure.gravatar.com\/avatar\/05c9a17bc973052ee5d91549bd32fb4dd0dc85b7b85ae94b2e2b4943476bbea5?s=96&d=blank&r=g","url":"https:\/\/secure.gravatar.com\/avatar\/05c9a17bc973052ee5d91549bd32fb4dd0dc85b7b85ae94b2e2b4943476bbea5?s=96&d=blank&r=g","contentUrl":"https:\/\/secure.gravatar.com\/avatar\/05c9a17bc973052ee5d91549bd32fb4dd0dc85b7b85ae94b2e2b4943476bbea5?s=96&d=blank&r=g","caption":"Leinewelle"},"sameAs":["http:\/\/localhost\/radio%20leinewelle\/wordpress","https:\/\/www.facebook.com\/radioleinewelle","https:\/\/www.instagram.com\/radioleinewelle","https:\/\/x.com\/https:\/\/twitter.com\/RLeinewelle?ref_src=twsrcgoogletwcampserptwgrauthor","https:\/\/soundcloud.com\/foerderverein-lokalradio?utm_source=clipboard&utm_medium=text&utm_campaign=social_sharing"],"url":"https:\/\/radioleinewelle.de\/index.php\/author\/leinewelle\/"}]}},"_links":{"self":[{"href":"https:\/\/radioleinewelle.de\/index.php\/wp-json\/wp\/v2\/posts\/2187","targetHints":{"allow":["GET"]}}],"collection":[{"href":"https:\/\/radioleinewelle.de\/index.php\/wp-json\/wp\/v2\/posts"}],"about":[{"href":"https:\/\/radioleinewelle.de\/index.php\/wp-json\/wp\/v2\/types\/post"}],"author":[{"embeddable":true,"href":"https:\/\/radioleinewelle.de\/index.php\/wp-json\/wp\/v2\/users\/1"}],"replies":[{"embeddable":true,"href":"https:\/\/radioleinewelle.de\/index.php\/wp-json\/wp\/v2\/comments?post=2187"}],"version-history":[{"count":0,"href":"https:\/\/radioleinewelle.de\/index.php\/wp-json\/wp\/v2\/posts\/2187\/revisions"}],"wp:attachment":[{"href":"https:\/\/radioleinewelle.de\/index.php\/wp-json\/wp\/v2\/media?parent=2187"}],"wp:term":[{"taxonomy":"category","embeddable":true,"href":"https:\/\/radioleinewelle.de\/index.php\/wp-json\/wp\/v2\/categories?post=2187"},{"taxonomy":"post_tag","embeddable":true,"href":"https:\/\/radioleinewelle.de\/index.php\/wp-json\/wp\/v2\/tags?post=2187"}],"curies":[{"name":"wp","href":"https:\/\/api.w.org\/{rel}","templated":true}]}}