{"id":21893,"date":"2023-02-24T08:07:29","date_gmt":"2023-02-24T07:07:29","guid":{"rendered":"https:\/\/radioleinewelle.de\/?p=21893"},"modified":"2023-02-24T08:14:46","modified_gmt":"2023-02-24T07:14:46","slug":"lichter-fuer-den-frieden-aktion-am-alten-rathaus","status":"publish","type":"post","link":"https:\/\/radioleinewelle.de\/index.php\/2023\/02\/24\/lichter-fuer-den-frieden-aktion-am-alten-rathaus\/","title":{"rendered":"Lichter f\u00fcr den Frieden &#8211; Aktion am Alten Rathaus"},"content":{"rendered":"\n<p>Heute vor einem Jahr began der kriegerisches \u00dcberfall der russischen Armee auf die Ukraine. Die Stadt G\u00f6ttingen erinnert heute in einer Gedenkveranstaltung vor dem Alten Rathaus daran.<\/p>\n\n\n\n<figure class=\"wp-block-image size-large\"><img loading=\"lazy\" decoding=\"async\" width=\"1024\" height=\"1024\" src=\"https:\/\/radioleinewelle.de\/wp-content\/uploads\/2023\/02\/Lichter-fuer-den-Frieden-1-1024x1024.jpg\" alt=\"\" class=\"wp-image-21897\" srcset=\"https:\/\/radioleinewelle.de\/wp-content\/uploads\/2023\/02\/Lichter-fuer-den-Frieden-1-1024x1024.jpg 1024w, https:\/\/radioleinewelle.de\/wp-content\/uploads\/2023\/02\/Lichter-fuer-den-Frieden-1-300x300.jpg 300w, https:\/\/radioleinewelle.de\/wp-content\/uploads\/2023\/02\/Lichter-fuer-den-Frieden-1-150x150.jpg 150w, https:\/\/radioleinewelle.de\/wp-content\/uploads\/2023\/02\/Lichter-fuer-den-Frieden-1-768x768.jpg 768w, https:\/\/radioleinewelle.de\/wp-content\/uploads\/2023\/02\/Lichter-fuer-den-Frieden-1-200x200.jpg 200w, https:\/\/radioleinewelle.de\/wp-content\/uploads\/2023\/02\/Lichter-fuer-den-Frieden-1-520x520.jpg 520w, https:\/\/radioleinewelle.de\/wp-content\/uploads\/2023\/02\/Lichter-fuer-den-Frieden-1.jpg 1080w\" sizes=\"(max-width: 1024px) 100vw, 1024px\" \/><\/figure>\n\n\n\n<p><strong>Das Programm:<\/strong><br>Die Kundgebung beginnt um 17:30 Uhr am G\u00e4nseliesel. Der offizielle Teil beginnt um 18 Uhr mit einer Rede der Oberb\u00fcrgermeisterin Petra Broistedt. Die Kriegsfl\u00fcchtlinge aus der Ukraine, die seit fast einem Jahr hier in der Stadt leben, haben sich in den sozialen Medien organisiert und wollen an diesem Jahrestag den Opfern des Krieges gedenken, dies mit Unterst\u00fctzung der Stadt.<\/p>\n\n\n\n<p><\/p>\n\n\n\n<p><\/p>\n","protected":false},"excerpt":{"rendered":"<p>Heute vor einem Jahr began der kriegerisches \u00dcberfall der russischen Armee auf die Ukraine. Die Stadt G\u00f6ttingen erinnert heute in einer Gedenkveranstaltung vor dem Alten Rathaus daran. Das Programm:Die Kundgebung beginnt um 17:30 Uhr am G\u00e4nseliesel. Der offizielle Teil beginnt um 18 Uhr mit einer Rede der Oberb\u00fcrgermeisterin Petra Broistedt. Die Kriegsfl\u00fcchtlinge aus der Ukraine, [&hellip;]<\/p>\n","protected":false},"author":1,"featured_media":21899,"comment_status":"open","ping_status":"open","sticky":true,"template":"","format":"standard","meta":{"saved_in_kubio":false,"footnotes":""},"categories":[24],"tags":[3884,3885],"class_list":["post-21893","post","type-post","status-publish","format-standard","has-post-thumbnail","hentry","category-news","tag-jahrestag-ukrainekrieg","tag-lichter-fuer-den-frieden"],"yoast_head":"<!-- This site is optimized with the Yoast SEO plugin v27.5 - https:\/\/yoast.com\/product\/yoast-seo-wordpress\/ -->\n<title>Lichter f\u00fcr den Frieden - Aktion am Alten Rathaus - Radio Leinewelle<\/title>\n<meta name=\"robots\" content=\"index, follow, max-snippet:-1, max-image-preview:large, max-video-preview:-1\" \/>\n<link rel=\"canonical\" href=\"https:\/\/radioleinewelle.de\/index.php\/2023\/02\/24\/lichter-fuer-den-frieden-aktion-am-alten-rathaus\/\" \/>\n<meta property=\"og:locale\" content=\"de_DE\" \/>\n<meta property=\"og:type\" content=\"article\" \/>\n<meta property=\"og:title\" content=\"Lichter f\u00fcr den Frieden - Aktion am Alten Rathaus - Radio Leinewelle\" \/>\n<meta property=\"og:description\" content=\"Heute vor einem Jahr began der kriegerisches \u00dcberfall der russischen Armee auf die Ukraine. Die Stadt G\u00f6ttingen erinnert heute in einer Gedenkveranstaltung vor dem Alten Rathaus daran. Das Programm:Die Kundgebung beginnt um 17:30 Uhr am G\u00e4nseliesel. Der offizielle Teil beginnt um 18 Uhr mit einer Rede der Oberb\u00fcrgermeisterin Petra Broistedt. Die Kriegsfl\u00fcchtlinge aus der Ukraine, [&hellip;]\" \/>\n<meta property=\"og:url\" content=\"https:\/\/radioleinewelle.de\/index.php\/2023\/02\/24\/lichter-fuer-den-frieden-aktion-am-alten-rathaus\/\" \/>\n<meta property=\"og:site_name\" content=\"Radio Leinewelle\" \/>\n<meta property=\"article:publisher\" content=\"https:\/\/www.facebook.com\/radioleinewelle\" \/>\n<meta property=\"article:author\" content=\"https:\/\/www.facebook.com\/radioleinewelle\" \/>\n<meta property=\"article:published_time\" content=\"2023-02-24T07:07:29+00:00\" \/>\n<meta property=\"article:modified_time\" content=\"2023-02-24T07:14:46+00:00\" \/>\n<meta property=\"og:image\" content=\"https:\/\/radioleinewelle.de\/wp-content\/uploads\/2023\/02\/ukraine-g3f8e9e73c_1280.jpg\" \/>\n\t<meta property=\"og:image:width\" content=\"1280\" \/>\n\t<meta property=\"og:image:height\" content=\"853\" \/>\n\t<meta property=\"og:image:type\" content=\"image\/jpeg\" \/>\n<meta name=\"author\" content=\"Leinewelle\" \/>\n<meta name=\"twitter:card\" content=\"summary_large_image\" \/>\n<meta name=\"twitter:creator\" content=\"@https:\/\/twitter.com\/RLeinewelle?ref_src=twsrcgoogletwcampserptwgrauthor\" \/>\n<meta name=\"twitter:site\" content=\"@RLeinewelle\" \/>\n<meta name=\"twitter:label1\" content=\"Verfasst von\" \/>\n\t<meta name=\"twitter:data1\" content=\"Leinewelle\" \/>\n\t<meta name=\"twitter:label2\" content=\"Gesch\u00e4tzte Lesezeit\" \/>\n\t<meta name=\"twitter:data2\" content=\"1\u00a0Minute\" \/>\n<script type=\"application\/ld+json\" class=\"yoast-schema-graph\">{\"@context\":\"https:\\\/\\\/schema.org\",\"@graph\":[{\"@type\":\"Article\",\"@id\":\"https:\\\/\\\/radioleinewelle.de\\\/index.php\\\/2023\\\/02\\\/24\\\/lichter-fuer-den-frieden-aktion-am-alten-rathaus\\\/#article\",\"isPartOf\":{\"@id\":\"https:\\\/\\\/radioleinewelle.de\\\/index.php\\\/2023\\\/02\\\/24\\\/lichter-fuer-den-frieden-aktion-am-alten-rathaus\\\/\"},\"author\":{\"name\":\"Leinewelle\",\"@id\":\"https:\\\/\\\/radioleinewelle.de\\\/#\\\/schema\\\/person\\\/45606f348637df637192dc1b68399a63\"},\"headline\":\"Lichter f\u00fcr den Frieden &#8211; Aktion am Alten Rathaus\",\"datePublished\":\"2023-02-24T07:07:29+00:00\",\"dateModified\":\"2023-02-24T07:14:46+00:00\",\"mainEntityOfPage\":{\"@id\":\"https:\\\/\\\/radioleinewelle.de\\\/index.php\\\/2023\\\/02\\\/24\\\/lichter-fuer-den-frieden-aktion-am-alten-rathaus\\\/\"},\"wordCount\":101,\"commentCount\":0,\"publisher\":{\"@id\":\"https:\\\/\\\/radioleinewelle.de\\\/#organization\"},\"image\":{\"@id\":\"https:\\\/\\\/radioleinewelle.de\\\/index.php\\\/2023\\\/02\\\/24\\\/lichter-fuer-den-frieden-aktion-am-alten-rathaus\\\/#primaryimage\"},\"thumbnailUrl\":\"https:\\\/\\\/radioleinewelle.de\\\/wp-content\\\/uploads\\\/2023\\\/02\\\/ukraine-g3f8e9e73c_1280.jpg\",\"keywords\":[\"Jahrestag Ukrainekrieg\",\"Lichter f\u00fcr den Frieden\"],\"articleSection\":[\"Aktuelle Nachrichten\"],\"inLanguage\":\"de\",\"potentialAction\":[{\"@type\":\"CommentAction\",\"name\":\"Comment\",\"target\":[\"https:\\\/\\\/radioleinewelle.de\\\/index.php\\\/2023\\\/02\\\/24\\\/lichter-fuer-den-frieden-aktion-am-alten-rathaus\\\/#respond\"]}]},{\"@type\":\"WebPage\",\"@id\":\"https:\\\/\\\/radioleinewelle.de\\\/index.php\\\/2023\\\/02\\\/24\\\/lichter-fuer-den-frieden-aktion-am-alten-rathaus\\\/\",\"url\":\"https:\\\/\\\/radioleinewelle.de\\\/index.php\\\/2023\\\/02\\\/24\\\/lichter-fuer-den-frieden-aktion-am-alten-rathaus\\\/\",\"name\":\"Lichter f\u00fcr den Frieden - Aktion am Alten Rathaus - Radio Leinewelle\",\"isPartOf\":{\"@id\":\"https:\\\/\\\/radioleinewelle.de\\\/#website\"},\"primaryImageOfPage\":{\"@id\":\"https:\\\/\\\/radioleinewelle.de\\\/index.php\\\/2023\\\/02\\\/24\\\/lichter-fuer-den-frieden-aktion-am-alten-rathaus\\\/#primaryimage\"},\"image\":{\"@id\":\"https:\\\/\\\/radioleinewelle.de\\\/index.php\\\/2023\\\/02\\\/24\\\/lichter-fuer-den-frieden-aktion-am-alten-rathaus\\\/#primaryimage\"},\"thumbnailUrl\":\"https:\\\/\\\/radioleinewelle.de\\\/wp-content\\\/uploads\\\/2023\\\/02\\\/ukraine-g3f8e9e73c_1280.jpg\",\"datePublished\":\"2023-02-24T07:07:29+00:00\",\"dateModified\":\"2023-02-24T07:14:46+00:00\",\"breadcrumb\":{\"@id\":\"https:\\\/\\\/radioleinewelle.de\\\/index.php\\\/2023\\\/02\\\/24\\\/lichter-fuer-den-frieden-aktion-am-alten-rathaus\\\/#breadcrumb\"},\"inLanguage\":\"de\",\"potentialAction\":[{\"@type\":\"ReadAction\",\"target\":[\"https:\\\/\\\/radioleinewelle.de\\\/index.php\\\/2023\\\/02\\\/24\\\/lichter-fuer-den-frieden-aktion-am-alten-rathaus\\\/\"]}]},{\"@type\":\"ImageObject\",\"inLanguage\":\"de\",\"@id\":\"https:\\\/\\\/radioleinewelle.de\\\/index.php\\\/2023\\\/02\\\/24\\\/lichter-fuer-den-frieden-aktion-am-alten-rathaus\\\/#primaryimage\",\"url\":\"https:\\\/\\\/radioleinewelle.de\\\/wp-content\\\/uploads\\\/2023\\\/02\\\/ukraine-g3f8e9e73c_1280.jpg\",\"contentUrl\":\"https:\\\/\\\/radioleinewelle.de\\\/wp-content\\\/uploads\\\/2023\\\/02\\\/ukraine-g3f8e9e73c_1280.jpg\",\"width\":1280,\"height\":853},{\"@type\":\"BreadcrumbList\",\"@id\":\"https:\\\/\\\/radioleinewelle.de\\\/index.php\\\/2023\\\/02\\\/24\\\/lichter-fuer-den-frieden-aktion-am-alten-rathaus\\\/#breadcrumb\",\"itemListElement\":[{\"@type\":\"ListItem\",\"position\":1,\"name\":\"Startseite\",\"item\":\"https:\\\/\\\/radioleinewelle.de\\\/\"},{\"@type\":\"ListItem\",\"position\":2,\"name\":\"Lichter f\u00fcr den Frieden &#8211; Aktion am Alten Rathaus\"}]},{\"@type\":\"WebSite\",\"@id\":\"https:\\\/\\\/radioleinewelle.de\\\/#website\",\"url\":\"https:\\\/\\\/radioleinewelle.de\\\/\",\"name\":\"Radio Leinewelle\",\"description\":\"\",\"publisher\":{\"@id\":\"https:\\\/\\\/radioleinewelle.de\\\/#organization\"},\"potentialAction\":[{\"@type\":\"SearchAction\",\"target\":{\"@type\":\"EntryPoint\",\"urlTemplate\":\"https:\\\/\\\/radioleinewelle.de\\\/?s={search_term_string}\"},\"query-input\":{\"@type\":\"PropertyValueSpecification\",\"valueRequired\":true,\"valueName\":\"search_term_string\"}}],\"inLanguage\":\"de\"},{\"@type\":\"Organization\",\"@id\":\"https:\\\/\\\/radioleinewelle.de\\\/#organization\",\"name\":\"Radio Leinewelle\",\"alternateName\":\"Mein Radio f\u00fcr S\u00fcdniedersachsen\",\"url\":\"https:\\\/\\\/radioleinewelle.de\\\/\",\"logo\":{\"@type\":\"ImageObject\",\"inLanguage\":\"de\",\"@id\":\"https:\\\/\\\/radioleinewelle.de\\\/#\\\/schema\\\/logo\\\/image\\\/\",\"url\":\"https:\\\/\\\/radioleinewelle.de\\\/wp-content\\\/uploads\\\/2023\\\/11\\\/cropped-Leinewelle_Logo_weiss.png\",\"contentUrl\":\"https:\\\/\\\/radioleinewelle.de\\\/wp-content\\\/uploads\\\/2023\\\/11\\\/cropped-Leinewelle_Logo_weiss.png\",\"width\":854,\"height\":260,\"caption\":\"Radio Leinewelle\"},\"image\":{\"@id\":\"https:\\\/\\\/radioleinewelle.de\\\/#\\\/schema\\\/logo\\\/image\\\/\"},\"sameAs\":[\"https:\\\/\\\/www.facebook.com\\\/radioleinewelle\",\"https:\\\/\\\/x.com\\\/RLeinewelle\",\"https:\\\/\\\/www.instagram.com\\\/radioleinewelle\\\/?hl=de\"]},{\"@type\":\"Person\",\"@id\":\"https:\\\/\\\/radioleinewelle.de\\\/#\\\/schema\\\/person\\\/45606f348637df637192dc1b68399a63\",\"name\":\"Leinewelle\",\"image\":{\"@type\":\"ImageObject\",\"inLanguage\":\"de\",\"@id\":\"https:\\\/\\\/secure.gravatar.com\\\/avatar\\\/05c9a17bc973052ee5d91549bd32fb4dd0dc85b7b85ae94b2e2b4943476bbea5?s=96&d=blank&r=g\",\"url\":\"https:\\\/\\\/secure.gravatar.com\\\/avatar\\\/05c9a17bc973052ee5d91549bd32fb4dd0dc85b7b85ae94b2e2b4943476bbea5?s=96&d=blank&r=g\",\"contentUrl\":\"https:\\\/\\\/secure.gravatar.com\\\/avatar\\\/05c9a17bc973052ee5d91549bd32fb4dd0dc85b7b85ae94b2e2b4943476bbea5?s=96&d=blank&r=g\",\"caption\":\"Leinewelle\"},\"sameAs\":[\"http:\\\/\\\/localhost\\\/radio%20leinewelle\\\/wordpress\",\"https:\\\/\\\/www.facebook.com\\\/radioleinewelle\",\"https:\\\/\\\/www.instagram.com\\\/radioleinewelle\",\"https:\\\/\\\/x.com\\\/https:\\\/\\\/twitter.com\\\/RLeinewelle?ref_src=twsrcgoogletwcampserptwgrauthor\",\"https:\\\/\\\/soundcloud.com\\\/foerderverein-lokalradio?utm_source=clipboard&utm_medium=text&utm_campaign=social_sharing\"],\"url\":\"https:\\\/\\\/radioleinewelle.de\\\/index.php\\\/author\\\/leinewelle\\\/\"}]}<\/script>\n<!-- \/ Yoast SEO plugin. -->","yoast_head_json":{"title":"Lichter f\u00fcr den Frieden - Aktion am Alten Rathaus - Radio Leinewelle","robots":{"index":"index","follow":"follow","max-snippet":"max-snippet:-1","max-image-preview":"max-image-preview:large","max-video-preview":"max-video-preview:-1"},"canonical":"https:\/\/radioleinewelle.de\/index.php\/2023\/02\/24\/lichter-fuer-den-frieden-aktion-am-alten-rathaus\/","og_locale":"de_DE","og_type":"article","og_title":"Lichter f\u00fcr den Frieden - Aktion am Alten Rathaus - Radio Leinewelle","og_description":"Heute vor einem Jahr began der kriegerisches \u00dcberfall der russischen Armee auf die Ukraine. Die Stadt G\u00f6ttingen erinnert heute in einer Gedenkveranstaltung vor dem Alten Rathaus daran. Das Programm:Die Kundgebung beginnt um 17:30 Uhr am G\u00e4nseliesel. Der offizielle Teil beginnt um 18 Uhr mit einer Rede der Oberb\u00fcrgermeisterin Petra Broistedt. Die Kriegsfl\u00fcchtlinge aus der Ukraine, [&hellip;]","og_url":"https:\/\/radioleinewelle.de\/index.php\/2023\/02\/24\/lichter-fuer-den-frieden-aktion-am-alten-rathaus\/","og_site_name":"Radio Leinewelle","article_publisher":"https:\/\/www.facebook.com\/radioleinewelle","article_author":"https:\/\/www.facebook.com\/radioleinewelle","article_published_time":"2023-02-24T07:07:29+00:00","article_modified_time":"2023-02-24T07:14:46+00:00","og_image":[{"width":1280,"height":853,"url":"https:\/\/radioleinewelle.de\/wp-content\/uploads\/2023\/02\/ukraine-g3f8e9e73c_1280.jpg","type":"image\/jpeg"}],"author":"Leinewelle","twitter_card":"summary_large_image","twitter_creator":"@https:\/\/twitter.com\/RLeinewelle?ref_src=twsrcgoogletwcampserptwgrauthor","twitter_site":"@RLeinewelle","twitter_misc":{"Verfasst von":"Leinewelle","Gesch\u00e4tzte Lesezeit":"1\u00a0Minute"},"schema":{"@context":"https:\/\/schema.org","@graph":[{"@type":"Article","@id":"https:\/\/radioleinewelle.de\/index.php\/2023\/02\/24\/lichter-fuer-den-frieden-aktion-am-alten-rathaus\/#article","isPartOf":{"@id":"https:\/\/radioleinewelle.de\/index.php\/2023\/02\/24\/lichter-fuer-den-frieden-aktion-am-alten-rathaus\/"},"author":{"name":"Leinewelle","@id":"https:\/\/radioleinewelle.de\/#\/schema\/person\/45606f348637df637192dc1b68399a63"},"headline":"Lichter f\u00fcr den Frieden &#8211; Aktion am Alten Rathaus","datePublished":"2023-02-24T07:07:29+00:00","dateModified":"2023-02-24T07:14:46+00:00","mainEntityOfPage":{"@id":"https:\/\/radioleinewelle.de\/index.php\/2023\/02\/24\/lichter-fuer-den-frieden-aktion-am-alten-rathaus\/"},"wordCount":101,"commentCount":0,"publisher":{"@id":"https:\/\/radioleinewelle.de\/#organization"},"image":{"@id":"https:\/\/radioleinewelle.de\/index.php\/2023\/02\/24\/lichter-fuer-den-frieden-aktion-am-alten-rathaus\/#primaryimage"},"thumbnailUrl":"https:\/\/radioleinewelle.de\/wp-content\/uploads\/2023\/02\/ukraine-g3f8e9e73c_1280.jpg","keywords":["Jahrestag Ukrainekrieg","Lichter f\u00fcr den Frieden"],"articleSection":["Aktuelle Nachrichten"],"inLanguage":"de","potentialAction":[{"@type":"CommentAction","name":"Comment","target":["https:\/\/radioleinewelle.de\/index.php\/2023\/02\/24\/lichter-fuer-den-frieden-aktion-am-alten-rathaus\/#respond"]}]},{"@type":"WebPage","@id":"https:\/\/radioleinewelle.de\/index.php\/2023\/02\/24\/lichter-fuer-den-frieden-aktion-am-alten-rathaus\/","url":"https:\/\/radioleinewelle.de\/index.php\/2023\/02\/24\/lichter-fuer-den-frieden-aktion-am-alten-rathaus\/","name":"Lichter f\u00fcr den Frieden - Aktion am Alten Rathaus - Radio Leinewelle","isPartOf":{"@id":"https:\/\/radioleinewelle.de\/#website"},"primaryImageOfPage":{"@id":"https:\/\/radioleinewelle.de\/index.php\/2023\/02\/24\/lichter-fuer-den-frieden-aktion-am-alten-rathaus\/#primaryimage"},"image":{"@id":"https:\/\/radioleinewelle.de\/index.php\/2023\/02\/24\/lichter-fuer-den-frieden-aktion-am-alten-rathaus\/#primaryimage"},"thumbnailUrl":"https:\/\/radioleinewelle.de\/wp-content\/uploads\/2023\/02\/ukraine-g3f8e9e73c_1280.jpg","datePublished":"2023-02-24T07:07:29+00:00","dateModified":"2023-02-24T07:14:46+00:00","breadcrumb":{"@id":"https:\/\/radioleinewelle.de\/index.php\/2023\/02\/24\/lichter-fuer-den-frieden-aktion-am-alten-rathaus\/#breadcrumb"},"inLanguage":"de","potentialAction":[{"@type":"ReadAction","target":["https:\/\/radioleinewelle.de\/index.php\/2023\/02\/24\/lichter-fuer-den-frieden-aktion-am-alten-rathaus\/"]}]},{"@type":"ImageObject","inLanguage":"de","@id":"https:\/\/radioleinewelle.de\/index.php\/2023\/02\/24\/lichter-fuer-den-frieden-aktion-am-alten-rathaus\/#primaryimage","url":"https:\/\/radioleinewelle.de\/wp-content\/uploads\/2023\/02\/ukraine-g3f8e9e73c_1280.jpg","contentUrl":"https:\/\/radioleinewelle.de\/wp-content\/uploads\/2023\/02\/ukraine-g3f8e9e73c_1280.jpg","width":1280,"height":853},{"@type":"BreadcrumbList","@id":"https:\/\/radioleinewelle.de\/index.php\/2023\/02\/24\/lichter-fuer-den-frieden-aktion-am-alten-rathaus\/#breadcrumb","itemListElement":[{"@type":"ListItem","position":1,"name":"Startseite","item":"https:\/\/radioleinewelle.de\/"},{"@type":"ListItem","position":2,"name":"Lichter f\u00fcr den Frieden &#8211; Aktion am Alten Rathaus"}]},{"@type":"WebSite","@id":"https:\/\/radioleinewelle.de\/#website","url":"https:\/\/radioleinewelle.de\/","name":"Radio Leinewelle","description":"","publisher":{"@id":"https:\/\/radioleinewelle.de\/#organization"},"potentialAction":[{"@type":"SearchAction","target":{"@type":"EntryPoint","urlTemplate":"https:\/\/radioleinewelle.de\/?s={search_term_string}"},"query-input":{"@type":"PropertyValueSpecification","valueRequired":true,"valueName":"search_term_string"}}],"inLanguage":"de"},{"@type":"Organization","@id":"https:\/\/radioleinewelle.de\/#organization","name":"Radio Leinewelle","alternateName":"Mein Radio f\u00fcr S\u00fcdniedersachsen","url":"https:\/\/radioleinewelle.de\/","logo":{"@type":"ImageObject","inLanguage":"de","@id":"https:\/\/radioleinewelle.de\/#\/schema\/logo\/image\/","url":"https:\/\/radioleinewelle.de\/wp-content\/uploads\/2023\/11\/cropped-Leinewelle_Logo_weiss.png","contentUrl":"https:\/\/radioleinewelle.de\/wp-content\/uploads\/2023\/11\/cropped-Leinewelle_Logo_weiss.png","width":854,"height":260,"caption":"Radio Leinewelle"},"image":{"@id":"https:\/\/radioleinewelle.de\/#\/schema\/logo\/image\/"},"sameAs":["https:\/\/www.facebook.com\/radioleinewelle","https:\/\/x.com\/RLeinewelle","https:\/\/www.instagram.com\/radioleinewelle\/?hl=de"]},{"@type":"Person","@id":"https:\/\/radioleinewelle.de\/#\/schema\/person\/45606f348637df637192dc1b68399a63","name":"Leinewelle","image":{"@type":"ImageObject","inLanguage":"de","@id":"https:\/\/secure.gravatar.com\/avatar\/05c9a17bc973052ee5d91549bd32fb4dd0dc85b7b85ae94b2e2b4943476bbea5?s=96&d=blank&r=g","url":"https:\/\/secure.gravatar.com\/avatar\/05c9a17bc973052ee5d91549bd32fb4dd0dc85b7b85ae94b2e2b4943476bbea5?s=96&d=blank&r=g","contentUrl":"https:\/\/secure.gravatar.com\/avatar\/05c9a17bc973052ee5d91549bd32fb4dd0dc85b7b85ae94b2e2b4943476bbea5?s=96&d=blank&r=g","caption":"Leinewelle"},"sameAs":["http:\/\/localhost\/radio%20leinewelle\/wordpress","https:\/\/www.facebook.com\/radioleinewelle","https:\/\/www.instagram.com\/radioleinewelle","https:\/\/x.com\/https:\/\/twitter.com\/RLeinewelle?ref_src=twsrcgoogletwcampserptwgrauthor","https:\/\/soundcloud.com\/foerderverein-lokalradio?utm_source=clipboard&utm_medium=text&utm_campaign=social_sharing"],"url":"https:\/\/radioleinewelle.de\/index.php\/author\/leinewelle\/"}]}},"_links":{"self":[{"href":"https:\/\/radioleinewelle.de\/index.php\/wp-json\/wp\/v2\/posts\/21893","targetHints":{"allow":["GET"]}}],"collection":[{"href":"https:\/\/radioleinewelle.de\/index.php\/wp-json\/wp\/v2\/posts"}],"about":[{"href":"https:\/\/radioleinewelle.de\/index.php\/wp-json\/wp\/v2\/types\/post"}],"author":[{"embeddable":true,"href":"https:\/\/radioleinewelle.de\/index.php\/wp-json\/wp\/v2\/users\/1"}],"replies":[{"embeddable":true,"href":"https:\/\/radioleinewelle.de\/index.php\/wp-json\/wp\/v2\/comments?post=21893"}],"version-history":[{"count":3,"href":"https:\/\/radioleinewelle.de\/index.php\/wp-json\/wp\/v2\/posts\/21893\/revisions"}],"predecessor-version":[{"id":21900,"href":"https:\/\/radioleinewelle.de\/index.php\/wp-json\/wp\/v2\/posts\/21893\/revisions\/21900"}],"wp:featuredmedia":[{"embeddable":true,"href":"https:\/\/radioleinewelle.de\/index.php\/wp-json\/wp\/v2\/media\/21899"}],"wp:attachment":[{"href":"https:\/\/radioleinewelle.de\/index.php\/wp-json\/wp\/v2\/media?parent=21893"}],"wp:term":[{"taxonomy":"category","embeddable":true,"href":"https:\/\/radioleinewelle.de\/index.php\/wp-json\/wp\/v2\/categories?post=21893"},{"taxonomy":"post_tag","embeddable":true,"href":"https:\/\/radioleinewelle.de\/index.php\/wp-json\/wp\/v2\/tags?post=21893"}],"curies":[{"name":"wp","href":"https:\/\/api.w.org\/{rel}","templated":true}]}}