{"id":21930,"date":"2023-03-02T12:18:50","date_gmt":"2023-03-02T11:18:50","guid":{"rendered":"https:\/\/radioleinewelle.de\/?p=21930"},"modified":"2023-03-02T12:18:53","modified_gmt":"2023-03-02T11:18:53","slug":"stadt-goettingen-stellt-starkregenvorsorgekonzept-vor","status":"publish","type":"post","link":"https:\/\/radioleinewelle.de\/index.php\/2023\/03\/02\/stadt-goettingen-stellt-starkregenvorsorgekonzept-vor\/","title":{"rendered":"Stadt G\u00f6ttingen stellt Starkregenvorsorgekonzept vor"},"content":{"rendered":"\n<p>Der Anteil von Starkregenereignissen hat in den letzten Jahren aufgund des Klimawandels deutlich zugenommen. Eine konkrete Vorhersage ist aufgrund des oft stark begrenzten massiven Niederschlags nicht pr\u00e4zise m\u00f6glich. Starkregen in Kombination mit Hagel und Sturmb\u00f6en hat in den vergangenen Jahren schwere Sch\u00e4den und Verw\u00fcstungen angerichtet. Um f\u00fcr zuk\u00fcnftige Wetterereignisse besser ger\u00fcstet zu sein, hat jetzt die Stadt G\u00f6ttingen ein umfassendes Starkregenkonzept erarbeitet. Dazu OB Petra Broistedt:<\/p>\n\n\n\n<figure class=\"wp-block-audio\"><audio controls src=\"https:\/\/radioleinewelle.de\/wp-content\/uploads\/2023\/03\/OB-Broistedt-Starkregenkarte-Goe.mp3\"><\/audio><figcaption class=\"wp-element-caption\">OB Petra Broistedt zur Starkregenvorsorge in G\u00f6ttingen<\/figcaption><\/figure>\n\n\n\n<p>Aufgrund der komplexen Thematik ist eine Zusammenarbeit verschiedenster Bereiche der Stadtverwaltung und insbesondere der G\u00f6ttinger Entsorgungsbetriebe (GEB), die f\u00fcr die Abwasserkan\u00e4le zust\u00e4ndig sind, notwendig. Da oft Sch\u00e4den durch Starkregenereignisse bei Privath\u00e4usern auftreten, ist eine eingehende Beratung von Hauseigent\u00fcmern sinnvoll. Durch die \u00c4nderung des Nieders\u00e4chsischen Wassergesetzes gibt es jetzt die M\u00f6glichkeit, G\u00f6ttinger*innen bei der individuellen Starkregenvorsorge fachlich kostenlos zu beraten. Dazu Maren Reimann, die technische Betriebsleiterin der GEB: <\/p>\n\n\n\n<figure class=\"wp-block-audio\"><audio controls src=\"https:\/\/radioleinewelle.de\/wp-content\/uploads\/2023\/03\/GEB-Maren-Reimann-Starkregenvorsorge.mp3\"><\/audio><figcaption class=\"wp-element-caption\">Maren Reimann technische Betriebsleiterin der GEB zum Projekt<\/figcaption><\/figure>\n\n\n<div class=\"wp-block-image\">\n<figure class=\"aligncenter size-large is-resized\"><img loading=\"lazy\" decoding=\"async\" src=\"https:\/\/radioleinewelle.de\/wp-content\/uploads\/2023\/03\/Starkregen-und-Ueberflutungsvorsorge-Goettingen-1024x566.jpg\" alt=\"\" class=\"wp-image-21935\" width=\"740\" height=\"409\" srcset=\"https:\/\/radioleinewelle.de\/wp-content\/uploads\/2023\/03\/Starkregen-und-Ueberflutungsvorsorge-Goettingen-1024x566.jpg 1024w, https:\/\/radioleinewelle.de\/wp-content\/uploads\/2023\/03\/Starkregen-und-Ueberflutungsvorsorge-Goettingen-300x166.jpg 300w, https:\/\/radioleinewelle.de\/wp-content\/uploads\/2023\/03\/Starkregen-und-Ueberflutungsvorsorge-Goettingen-768x425.jpg 768w, https:\/\/radioleinewelle.de\/wp-content\/uploads\/2023\/03\/Starkregen-und-Ueberflutungsvorsorge-Goettingen-1536x849.jpg 1536w, https:\/\/radioleinewelle.de\/wp-content\/uploads\/2023\/03\/Starkregen-und-Ueberflutungsvorsorge-Goettingen-2048x1132.jpg 2048w, https:\/\/radioleinewelle.de\/wp-content\/uploads\/2023\/03\/Starkregen-und-Ueberflutungsvorsorge-Goettingen-200x111.jpg 200w\" sizes=\"(max-width: 740px) 100vw, 740px\" \/><\/figure>\n<\/div>\n\n\n<p>Wo die kritischen Punkte in G\u00f6ttingen liegen, zeigt eine webbasierte Starkregenkarte der Stadt. Durch den hohen Versiegelungsgrad ist der Wasserhaushalt im Stadtgebiet verschoben. Zu Details und der Einstufung von Starkregenereignissen Karin Schell von der Stadt G\u00f6ttingen:<\/p>\n\n\n\n<figure class=\"wp-block-audio\"><audio controls src=\"https:\/\/radioleinewelle.de\/wp-content\/uploads\/2023\/03\/Karina-Schell-Stadt-Goettingen-Starkregenvorsorge.mp3\"><\/audio><figcaption class=\"wp-element-caption\">Karina Schell zur Starkregenkarte G\u00f6ttingen<\/figcaption><\/figure>\n\n\n\n<p>Mithilfe des Projektes sollen die Auswirkungen von Starkregenereignissen zusammen mit den B\u00fcrger*innen abgeschw\u00e4cht und das Leben in G\u00f6ttingen an die Folgen des Klimawandels angepasst werden. Die Ergebnisse und die Resonanz des Projekt werden in den n\u00e4chsten Monaten angepasst und ausgewertet. Zu den weiteren Ma\u00dfnahmen geh\u00f6ren auch die Entwicklung eines Hitzeplans, die kritische Betrachtung von Fl\u00e4chenversieglungen in der Stadt, sowie die Weiterentwicklung zu einem sogenannten <strong>Schwammstadtkonzept<\/strong>.<\/p>\n\n\n\n<p>Zum Thema Starkregen hat die Stadt G\u00f6ttingen eine kostenlose Brosch\u00fcre f\u00fcr die B\u00fcrger*innen erstellt.<\/p>\n\n\n\n<p><strong><a href=\"https:\/\/nachhaltigkeit.goettingen.de\/starkregen\">Mehr Informationen und die webbasierte Starkregenkarte der Stadt G\u00f6ttingen<\/a><\/strong><\/p>\n\n\n\n<p>Symbolbild von Pixabay<\/p>\n","protected":false},"excerpt":{"rendered":"<p>Der Anteil von Starkregenereignissen hat in den letzten Jahren aufgund des Klimawandels deutlich zugenommen. Eine konkrete Vorhersage ist aufgrund des oft stark begrenzten massiven Niederschlags nicht pr\u00e4zise m\u00f6glich. Starkregen in Kombination mit Hagel und Sturmb\u00f6en hat in den vergangenen Jahren schwere Sch\u00e4den und Verw\u00fcstungen angerichtet. Um f\u00fcr zuk\u00fcnftige Wetterereignisse besser ger\u00fcstet zu sein, hat jetzt [&hellip;]<\/p>\n","protected":false},"author":1,"featured_media":21947,"comment_status":"open","ping_status":"open","sticky":true,"template":"","format":"standard","meta":{"saved_in_kubio":false,"footnotes":""},"categories":[520],"tags":[3893,3894,3892],"class_list":["post-21930","post","type-post","status-publish","format-standard","has-post-thumbnail","hentry","category-klimawandel","tag-geb","tag-starkregenkarte-goettingen","tag-starkregenvorsorge-goettingen"],"yoast_head":"<!-- This site is optimized with the Yoast SEO plugin v27.5 - https:\/\/yoast.com\/product\/yoast-seo-wordpress\/ -->\n<title>Stadt G\u00f6ttingen stellt Starkregenvorsorgekonzept vor - Radio Leinewelle<\/title>\n<meta name=\"robots\" content=\"index, follow, max-snippet:-1, max-image-preview:large, max-video-preview:-1\" \/>\n<link rel=\"canonical\" href=\"https:\/\/radioleinewelle.de\/index.php\/2023\/03\/02\/stadt-goettingen-stellt-starkregenvorsorgekonzept-vor\/\" \/>\n<meta property=\"og:locale\" content=\"de_DE\" \/>\n<meta property=\"og:type\" content=\"article\" \/>\n<meta property=\"og:title\" content=\"Stadt G\u00f6ttingen stellt Starkregenvorsorgekonzept vor - Radio Leinewelle\" \/>\n<meta property=\"og:description\" content=\"Der Anteil von Starkregenereignissen hat in den letzten Jahren aufgund des Klimawandels deutlich zugenommen. Eine konkrete Vorhersage ist aufgrund des oft stark begrenzten massiven Niederschlags nicht pr\u00e4zise m\u00f6glich. Starkregen in Kombination mit Hagel und Sturmb\u00f6en hat in den vergangenen Jahren schwere Sch\u00e4den und Verw\u00fcstungen angerichtet. Um f\u00fcr zuk\u00fcnftige Wetterereignisse besser ger\u00fcstet zu sein, hat jetzt [&hellip;]\" \/>\n<meta property=\"og:url\" content=\"https:\/\/radioleinewelle.de\/index.php\/2023\/03\/02\/stadt-goettingen-stellt-starkregenvorsorgekonzept-vor\/\" \/>\n<meta property=\"og:site_name\" content=\"Radio Leinewelle\" \/>\n<meta property=\"article:publisher\" content=\"https:\/\/www.facebook.com\/radioleinewelle\" \/>\n<meta property=\"article:author\" content=\"https:\/\/www.facebook.com\/radioleinewelle\" \/>\n<meta property=\"article:published_time\" content=\"2023-03-02T11:18:50+00:00\" \/>\n<meta property=\"article:modified_time\" content=\"2023-03-02T11:18:53+00:00\" \/>\n<meta property=\"og:image\" content=\"https:\/\/radioleinewelle.de\/wp-content\/uploads\/2023\/03\/rain-geb2200b04_1280.jpg\" \/>\n\t<meta property=\"og:image:width\" content=\"1280\" \/>\n\t<meta property=\"og:image:height\" content=\"960\" \/>\n\t<meta property=\"og:image:type\" content=\"image\/jpeg\" \/>\n<meta name=\"author\" content=\"Leinewelle\" \/>\n<meta name=\"twitter:card\" content=\"summary_large_image\" \/>\n<meta name=\"twitter:creator\" content=\"@https:\/\/twitter.com\/RLeinewelle?ref_src=twsrcgoogletwcampserptwgrauthor\" \/>\n<meta name=\"twitter:site\" content=\"@RLeinewelle\" \/>\n<meta name=\"twitter:label1\" content=\"Verfasst von\" \/>\n\t<meta name=\"twitter:data1\" content=\"Leinewelle\" \/>\n\t<meta name=\"twitter:label2\" content=\"Gesch\u00e4tzte Lesezeit\" \/>\n\t<meta name=\"twitter:data2\" content=\"2\u00a0Minuten\" \/>\n<script type=\"application\/ld+json\" class=\"yoast-schema-graph\">{\"@context\":\"https:\\\/\\\/schema.org\",\"@graph\":[{\"@type\":\"Article\",\"@id\":\"https:\\\/\\\/radioleinewelle.de\\\/index.php\\\/2023\\\/03\\\/02\\\/stadt-goettingen-stellt-starkregenvorsorgekonzept-vor\\\/#article\",\"isPartOf\":{\"@id\":\"https:\\\/\\\/radioleinewelle.de\\\/index.php\\\/2023\\\/03\\\/02\\\/stadt-goettingen-stellt-starkregenvorsorgekonzept-vor\\\/\"},\"author\":{\"name\":\"Leinewelle\",\"@id\":\"https:\\\/\\\/radioleinewelle.de\\\/#\\\/schema\\\/person\\\/45606f348637df637192dc1b68399a63\"},\"headline\":\"Stadt G\u00f6ttingen stellt Starkregenvorsorgekonzept vor\",\"datePublished\":\"2023-03-02T11:18:50+00:00\",\"dateModified\":\"2023-03-02T11:18:53+00:00\",\"mainEntityOfPage\":{\"@id\":\"https:\\\/\\\/radioleinewelle.de\\\/index.php\\\/2023\\\/03\\\/02\\\/stadt-goettingen-stellt-starkregenvorsorgekonzept-vor\\\/\"},\"wordCount\":324,\"commentCount\":0,\"publisher\":{\"@id\":\"https:\\\/\\\/radioleinewelle.de\\\/#organization\"},\"image\":{\"@id\":\"https:\\\/\\\/radioleinewelle.de\\\/index.php\\\/2023\\\/03\\\/02\\\/stadt-goettingen-stellt-starkregenvorsorgekonzept-vor\\\/#primaryimage\"},\"thumbnailUrl\":\"https:\\\/\\\/radioleinewelle.de\\\/wp-content\\\/uploads\\\/2023\\\/03\\\/rain-geb2200b04_1280.jpg\",\"keywords\":[\"GEB\",\"Starkregenkarte G\u00f6ttingen\",\"Starkregenvorsorge G\u00f6ttingen\"],\"articleSection\":[\"Klimawandel\"],\"inLanguage\":\"de\",\"potentialAction\":[{\"@type\":\"CommentAction\",\"name\":\"Comment\",\"target\":[\"https:\\\/\\\/radioleinewelle.de\\\/index.php\\\/2023\\\/03\\\/02\\\/stadt-goettingen-stellt-starkregenvorsorgekonzept-vor\\\/#respond\"]}]},{\"@type\":\"WebPage\",\"@id\":\"https:\\\/\\\/radioleinewelle.de\\\/index.php\\\/2023\\\/03\\\/02\\\/stadt-goettingen-stellt-starkregenvorsorgekonzept-vor\\\/\",\"url\":\"https:\\\/\\\/radioleinewelle.de\\\/index.php\\\/2023\\\/03\\\/02\\\/stadt-goettingen-stellt-starkregenvorsorgekonzept-vor\\\/\",\"name\":\"Stadt G\u00f6ttingen stellt Starkregenvorsorgekonzept vor - Radio Leinewelle\",\"isPartOf\":{\"@id\":\"https:\\\/\\\/radioleinewelle.de\\\/#website\"},\"primaryImageOfPage\":{\"@id\":\"https:\\\/\\\/radioleinewelle.de\\\/index.php\\\/2023\\\/03\\\/02\\\/stadt-goettingen-stellt-starkregenvorsorgekonzept-vor\\\/#primaryimage\"},\"image\":{\"@id\":\"https:\\\/\\\/radioleinewelle.de\\\/index.php\\\/2023\\\/03\\\/02\\\/stadt-goettingen-stellt-starkregenvorsorgekonzept-vor\\\/#primaryimage\"},\"thumbnailUrl\":\"https:\\\/\\\/radioleinewelle.de\\\/wp-content\\\/uploads\\\/2023\\\/03\\\/rain-geb2200b04_1280.jpg\",\"datePublished\":\"2023-03-02T11:18:50+00:00\",\"dateModified\":\"2023-03-02T11:18:53+00:00\",\"breadcrumb\":{\"@id\":\"https:\\\/\\\/radioleinewelle.de\\\/index.php\\\/2023\\\/03\\\/02\\\/stadt-goettingen-stellt-starkregenvorsorgekonzept-vor\\\/#breadcrumb\"},\"inLanguage\":\"de\",\"potentialAction\":[{\"@type\":\"ReadAction\",\"target\":[\"https:\\\/\\\/radioleinewelle.de\\\/index.php\\\/2023\\\/03\\\/02\\\/stadt-goettingen-stellt-starkregenvorsorgekonzept-vor\\\/\"]}]},{\"@type\":\"ImageObject\",\"inLanguage\":\"de\",\"@id\":\"https:\\\/\\\/radioleinewelle.de\\\/index.php\\\/2023\\\/03\\\/02\\\/stadt-goettingen-stellt-starkregenvorsorgekonzept-vor\\\/#primaryimage\",\"url\":\"https:\\\/\\\/radioleinewelle.de\\\/wp-content\\\/uploads\\\/2023\\\/03\\\/rain-geb2200b04_1280.jpg\",\"contentUrl\":\"https:\\\/\\\/radioleinewelle.de\\\/wp-content\\\/uploads\\\/2023\\\/03\\\/rain-geb2200b04_1280.jpg\",\"width\":1280,\"height\":960},{\"@type\":\"BreadcrumbList\",\"@id\":\"https:\\\/\\\/radioleinewelle.de\\\/index.php\\\/2023\\\/03\\\/02\\\/stadt-goettingen-stellt-starkregenvorsorgekonzept-vor\\\/#breadcrumb\",\"itemListElement\":[{\"@type\":\"ListItem\",\"position\":1,\"name\":\"Startseite\",\"item\":\"https:\\\/\\\/radioleinewelle.de\\\/\"},{\"@type\":\"ListItem\",\"position\":2,\"name\":\"Stadt G\u00f6ttingen stellt Starkregenvorsorgekonzept vor\"}]},{\"@type\":\"WebSite\",\"@id\":\"https:\\\/\\\/radioleinewelle.de\\\/#website\",\"url\":\"https:\\\/\\\/radioleinewelle.de\\\/\",\"name\":\"Radio Leinewelle\",\"description\":\"\",\"publisher\":{\"@id\":\"https:\\\/\\\/radioleinewelle.de\\\/#organization\"},\"potentialAction\":[{\"@type\":\"SearchAction\",\"target\":{\"@type\":\"EntryPoint\",\"urlTemplate\":\"https:\\\/\\\/radioleinewelle.de\\\/?s={search_term_string}\"},\"query-input\":{\"@type\":\"PropertyValueSpecification\",\"valueRequired\":true,\"valueName\":\"search_term_string\"}}],\"inLanguage\":\"de\"},{\"@type\":\"Organization\",\"@id\":\"https:\\\/\\\/radioleinewelle.de\\\/#organization\",\"name\":\"Radio Leinewelle\",\"alternateName\":\"Mein Radio f\u00fcr S\u00fcdniedersachsen\",\"url\":\"https:\\\/\\\/radioleinewelle.de\\\/\",\"logo\":{\"@type\":\"ImageObject\",\"inLanguage\":\"de\",\"@id\":\"https:\\\/\\\/radioleinewelle.de\\\/#\\\/schema\\\/logo\\\/image\\\/\",\"url\":\"https:\\\/\\\/radioleinewelle.de\\\/wp-content\\\/uploads\\\/2023\\\/11\\\/cropped-Leinewelle_Logo_weiss.png\",\"contentUrl\":\"https:\\\/\\\/radioleinewelle.de\\\/wp-content\\\/uploads\\\/2023\\\/11\\\/cropped-Leinewelle_Logo_weiss.png\",\"width\":854,\"height\":260,\"caption\":\"Radio Leinewelle\"},\"image\":{\"@id\":\"https:\\\/\\\/radioleinewelle.de\\\/#\\\/schema\\\/logo\\\/image\\\/\"},\"sameAs\":[\"https:\\\/\\\/www.facebook.com\\\/radioleinewelle\",\"https:\\\/\\\/x.com\\\/RLeinewelle\",\"https:\\\/\\\/www.instagram.com\\\/radioleinewelle\\\/?hl=de\"]},{\"@type\":\"Person\",\"@id\":\"https:\\\/\\\/radioleinewelle.de\\\/#\\\/schema\\\/person\\\/45606f348637df637192dc1b68399a63\",\"name\":\"Leinewelle\",\"image\":{\"@type\":\"ImageObject\",\"inLanguage\":\"de\",\"@id\":\"https:\\\/\\\/secure.gravatar.com\\\/avatar\\\/05c9a17bc973052ee5d91549bd32fb4dd0dc85b7b85ae94b2e2b4943476bbea5?s=96&d=blank&r=g\",\"url\":\"https:\\\/\\\/secure.gravatar.com\\\/avatar\\\/05c9a17bc973052ee5d91549bd32fb4dd0dc85b7b85ae94b2e2b4943476bbea5?s=96&d=blank&r=g\",\"contentUrl\":\"https:\\\/\\\/secure.gravatar.com\\\/avatar\\\/05c9a17bc973052ee5d91549bd32fb4dd0dc85b7b85ae94b2e2b4943476bbea5?s=96&d=blank&r=g\",\"caption\":\"Leinewelle\"},\"sameAs\":[\"http:\\\/\\\/localhost\\\/radio%20leinewelle\\\/wordpress\",\"https:\\\/\\\/www.facebook.com\\\/radioleinewelle\",\"https:\\\/\\\/www.instagram.com\\\/radioleinewelle\",\"https:\\\/\\\/x.com\\\/https:\\\/\\\/twitter.com\\\/RLeinewelle?ref_src=twsrcgoogletwcampserptwgrauthor\",\"https:\\\/\\\/soundcloud.com\\\/foerderverein-lokalradio?utm_source=clipboard&utm_medium=text&utm_campaign=social_sharing\"],\"url\":\"https:\\\/\\\/radioleinewelle.de\\\/index.php\\\/author\\\/leinewelle\\\/\"}]}<\/script>\n<!-- \/ Yoast SEO plugin. -->","yoast_head_json":{"title":"Stadt G\u00f6ttingen stellt Starkregenvorsorgekonzept vor - Radio Leinewelle","robots":{"index":"index","follow":"follow","max-snippet":"max-snippet:-1","max-image-preview":"max-image-preview:large","max-video-preview":"max-video-preview:-1"},"canonical":"https:\/\/radioleinewelle.de\/index.php\/2023\/03\/02\/stadt-goettingen-stellt-starkregenvorsorgekonzept-vor\/","og_locale":"de_DE","og_type":"article","og_title":"Stadt G\u00f6ttingen stellt Starkregenvorsorgekonzept vor - Radio Leinewelle","og_description":"Der Anteil von Starkregenereignissen hat in den letzten Jahren aufgund des Klimawandels deutlich zugenommen. Eine konkrete Vorhersage ist aufgrund des oft stark begrenzten massiven Niederschlags nicht pr\u00e4zise m\u00f6glich. Starkregen in Kombination mit Hagel und Sturmb\u00f6en hat in den vergangenen Jahren schwere Sch\u00e4den und Verw\u00fcstungen angerichtet. Um f\u00fcr zuk\u00fcnftige Wetterereignisse besser ger\u00fcstet zu sein, hat jetzt [&hellip;]","og_url":"https:\/\/radioleinewelle.de\/index.php\/2023\/03\/02\/stadt-goettingen-stellt-starkregenvorsorgekonzept-vor\/","og_site_name":"Radio Leinewelle","article_publisher":"https:\/\/www.facebook.com\/radioleinewelle","article_author":"https:\/\/www.facebook.com\/radioleinewelle","article_published_time":"2023-03-02T11:18:50+00:00","article_modified_time":"2023-03-02T11:18:53+00:00","og_image":[{"width":1280,"height":960,"url":"https:\/\/radioleinewelle.de\/wp-content\/uploads\/2023\/03\/rain-geb2200b04_1280.jpg","type":"image\/jpeg"}],"author":"Leinewelle","twitter_card":"summary_large_image","twitter_creator":"@https:\/\/twitter.com\/RLeinewelle?ref_src=twsrcgoogletwcampserptwgrauthor","twitter_site":"@RLeinewelle","twitter_misc":{"Verfasst von":"Leinewelle","Gesch\u00e4tzte Lesezeit":"2\u00a0Minuten"},"schema":{"@context":"https:\/\/schema.org","@graph":[{"@type":"Article","@id":"https:\/\/radioleinewelle.de\/index.php\/2023\/03\/02\/stadt-goettingen-stellt-starkregenvorsorgekonzept-vor\/#article","isPartOf":{"@id":"https:\/\/radioleinewelle.de\/index.php\/2023\/03\/02\/stadt-goettingen-stellt-starkregenvorsorgekonzept-vor\/"},"author":{"name":"Leinewelle","@id":"https:\/\/radioleinewelle.de\/#\/schema\/person\/45606f348637df637192dc1b68399a63"},"headline":"Stadt G\u00f6ttingen stellt Starkregenvorsorgekonzept vor","datePublished":"2023-03-02T11:18:50+00:00","dateModified":"2023-03-02T11:18:53+00:00","mainEntityOfPage":{"@id":"https:\/\/radioleinewelle.de\/index.php\/2023\/03\/02\/stadt-goettingen-stellt-starkregenvorsorgekonzept-vor\/"},"wordCount":324,"commentCount":0,"publisher":{"@id":"https:\/\/radioleinewelle.de\/#organization"},"image":{"@id":"https:\/\/radioleinewelle.de\/index.php\/2023\/03\/02\/stadt-goettingen-stellt-starkregenvorsorgekonzept-vor\/#primaryimage"},"thumbnailUrl":"https:\/\/radioleinewelle.de\/wp-content\/uploads\/2023\/03\/rain-geb2200b04_1280.jpg","keywords":["GEB","Starkregenkarte G\u00f6ttingen","Starkregenvorsorge G\u00f6ttingen"],"articleSection":["Klimawandel"],"inLanguage":"de","potentialAction":[{"@type":"CommentAction","name":"Comment","target":["https:\/\/radioleinewelle.de\/index.php\/2023\/03\/02\/stadt-goettingen-stellt-starkregenvorsorgekonzept-vor\/#respond"]}]},{"@type":"WebPage","@id":"https:\/\/radioleinewelle.de\/index.php\/2023\/03\/02\/stadt-goettingen-stellt-starkregenvorsorgekonzept-vor\/","url":"https:\/\/radioleinewelle.de\/index.php\/2023\/03\/02\/stadt-goettingen-stellt-starkregenvorsorgekonzept-vor\/","name":"Stadt G\u00f6ttingen stellt Starkregenvorsorgekonzept vor - Radio Leinewelle","isPartOf":{"@id":"https:\/\/radioleinewelle.de\/#website"},"primaryImageOfPage":{"@id":"https:\/\/radioleinewelle.de\/index.php\/2023\/03\/02\/stadt-goettingen-stellt-starkregenvorsorgekonzept-vor\/#primaryimage"},"image":{"@id":"https:\/\/radioleinewelle.de\/index.php\/2023\/03\/02\/stadt-goettingen-stellt-starkregenvorsorgekonzept-vor\/#primaryimage"},"thumbnailUrl":"https:\/\/radioleinewelle.de\/wp-content\/uploads\/2023\/03\/rain-geb2200b04_1280.jpg","datePublished":"2023-03-02T11:18:50+00:00","dateModified":"2023-03-02T11:18:53+00:00","breadcrumb":{"@id":"https:\/\/radioleinewelle.de\/index.php\/2023\/03\/02\/stadt-goettingen-stellt-starkregenvorsorgekonzept-vor\/#breadcrumb"},"inLanguage":"de","potentialAction":[{"@type":"ReadAction","target":["https:\/\/radioleinewelle.de\/index.php\/2023\/03\/02\/stadt-goettingen-stellt-starkregenvorsorgekonzept-vor\/"]}]},{"@type":"ImageObject","inLanguage":"de","@id":"https:\/\/radioleinewelle.de\/index.php\/2023\/03\/02\/stadt-goettingen-stellt-starkregenvorsorgekonzept-vor\/#primaryimage","url":"https:\/\/radioleinewelle.de\/wp-content\/uploads\/2023\/03\/rain-geb2200b04_1280.jpg","contentUrl":"https:\/\/radioleinewelle.de\/wp-content\/uploads\/2023\/03\/rain-geb2200b04_1280.jpg","width":1280,"height":960},{"@type":"BreadcrumbList","@id":"https:\/\/radioleinewelle.de\/index.php\/2023\/03\/02\/stadt-goettingen-stellt-starkregenvorsorgekonzept-vor\/#breadcrumb","itemListElement":[{"@type":"ListItem","position":1,"name":"Startseite","item":"https:\/\/radioleinewelle.de\/"},{"@type":"ListItem","position":2,"name":"Stadt G\u00f6ttingen stellt Starkregenvorsorgekonzept vor"}]},{"@type":"WebSite","@id":"https:\/\/radioleinewelle.de\/#website","url":"https:\/\/radioleinewelle.de\/","name":"Radio Leinewelle","description":"","publisher":{"@id":"https:\/\/radioleinewelle.de\/#organization"},"potentialAction":[{"@type":"SearchAction","target":{"@type":"EntryPoint","urlTemplate":"https:\/\/radioleinewelle.de\/?s={search_term_string}"},"query-input":{"@type":"PropertyValueSpecification","valueRequired":true,"valueName":"search_term_string"}}],"inLanguage":"de"},{"@type":"Organization","@id":"https:\/\/radioleinewelle.de\/#organization","name":"Radio Leinewelle","alternateName":"Mein Radio f\u00fcr S\u00fcdniedersachsen","url":"https:\/\/radioleinewelle.de\/","logo":{"@type":"ImageObject","inLanguage":"de","@id":"https:\/\/radioleinewelle.de\/#\/schema\/logo\/image\/","url":"https:\/\/radioleinewelle.de\/wp-content\/uploads\/2023\/11\/cropped-Leinewelle_Logo_weiss.png","contentUrl":"https:\/\/radioleinewelle.de\/wp-content\/uploads\/2023\/11\/cropped-Leinewelle_Logo_weiss.png","width":854,"height":260,"caption":"Radio Leinewelle"},"image":{"@id":"https:\/\/radioleinewelle.de\/#\/schema\/logo\/image\/"},"sameAs":["https:\/\/www.facebook.com\/radioleinewelle","https:\/\/x.com\/RLeinewelle","https:\/\/www.instagram.com\/radioleinewelle\/?hl=de"]},{"@type":"Person","@id":"https:\/\/radioleinewelle.de\/#\/schema\/person\/45606f348637df637192dc1b68399a63","name":"Leinewelle","image":{"@type":"ImageObject","inLanguage":"de","@id":"https:\/\/secure.gravatar.com\/avatar\/05c9a17bc973052ee5d91549bd32fb4dd0dc85b7b85ae94b2e2b4943476bbea5?s=96&d=blank&r=g","url":"https:\/\/secure.gravatar.com\/avatar\/05c9a17bc973052ee5d91549bd32fb4dd0dc85b7b85ae94b2e2b4943476bbea5?s=96&d=blank&r=g","contentUrl":"https:\/\/secure.gravatar.com\/avatar\/05c9a17bc973052ee5d91549bd32fb4dd0dc85b7b85ae94b2e2b4943476bbea5?s=96&d=blank&r=g","caption":"Leinewelle"},"sameAs":["http:\/\/localhost\/radio%20leinewelle\/wordpress","https:\/\/www.facebook.com\/radioleinewelle","https:\/\/www.instagram.com\/radioleinewelle","https:\/\/x.com\/https:\/\/twitter.com\/RLeinewelle?ref_src=twsrcgoogletwcampserptwgrauthor","https:\/\/soundcloud.com\/foerderverein-lokalradio?utm_source=clipboard&utm_medium=text&utm_campaign=social_sharing"],"url":"https:\/\/radioleinewelle.de\/index.php\/author\/leinewelle\/"}]}},"_links":{"self":[{"href":"https:\/\/radioleinewelle.de\/index.php\/wp-json\/wp\/v2\/posts\/21930","targetHints":{"allow":["GET"]}}],"collection":[{"href":"https:\/\/radioleinewelle.de\/index.php\/wp-json\/wp\/v2\/posts"}],"about":[{"href":"https:\/\/radioleinewelle.de\/index.php\/wp-json\/wp\/v2\/types\/post"}],"author":[{"embeddable":true,"href":"https:\/\/radioleinewelle.de\/index.php\/wp-json\/wp\/v2\/users\/1"}],"replies":[{"embeddable":true,"href":"https:\/\/radioleinewelle.de\/index.php\/wp-json\/wp\/v2\/comments?post=21930"}],"version-history":[{"count":12,"href":"https:\/\/radioleinewelle.de\/index.php\/wp-json\/wp\/v2\/posts\/21930\/revisions"}],"predecessor-version":[{"id":21949,"href":"https:\/\/radioleinewelle.de\/index.php\/wp-json\/wp\/v2\/posts\/21930\/revisions\/21949"}],"wp:featuredmedia":[{"embeddable":true,"href":"https:\/\/radioleinewelle.de\/index.php\/wp-json\/wp\/v2\/media\/21947"}],"wp:attachment":[{"href":"https:\/\/radioleinewelle.de\/index.php\/wp-json\/wp\/v2\/media?parent=21930"}],"wp:term":[{"taxonomy":"category","embeddable":true,"href":"https:\/\/radioleinewelle.de\/index.php\/wp-json\/wp\/v2\/categories?post=21930"},{"taxonomy":"post_tag","embeddable":true,"href":"https:\/\/radioleinewelle.de\/index.php\/wp-json\/wp\/v2\/tags?post=21930"}],"curies":[{"name":"wp","href":"https:\/\/api.w.org\/{rel}","templated":true}]}}