{"id":21954,"date":"2023-03-03T09:12:51","date_gmt":"2023-03-03T08:12:51","guid":{"rendered":"https:\/\/radioleinewelle.de\/?p=21954"},"modified":"2023-03-03T09:12:55","modified_gmt":"2023-03-03T08:12:55","slug":"tag-des-artenschutzes-funde-des-goettinger-zollamts","status":"publish","type":"post","link":"https:\/\/radioleinewelle.de\/index.php\/2023\/03\/03\/tag-des-artenschutzes-funde-des-goettinger-zollamts\/","title":{"rendered":"Tag des Artenschutzes: Funde des G\u00f6ttinger Zollamts"},"content":{"rendered":"\n<p>Tausende Tier- und Pflanzenarten weltweit sind vom Aussterben bedroht und mit jeder ausgestorbenen Art wird unsere Welt \u00e4rmer an Genen, Farben, Formen und Ger\u00e4uschen. Der Zoll tr\u00e4gt mit seinen Kontrollen dazu bei, Verst\u00f6\u00dfe gegen die Artenschutzbestimmungen aufzudecken und die Vielfalt der Natur zu bewahren.<\/p>\n\n\n\n<p>Die rechtlichen Rahmenbedingungen f\u00fcr das Handeln der Z\u00f6llnerinnen und Z\u00f6llner schafft das Washingtoner Artenschutz\u00fcbereinkommen, im englischen auch &#8222;Convention on International Trade in Endangered Species of Wild Fauna and Flora&#8220; (CITES) genannt.<\/p>\n\n\n\n<p><strong>Am 03. M\u00e4rz jeden Jahres, dem World Wildlife Day, im deutschen &#8222;Tag des Artenschutzes&#8220;<\/strong> genannt, feiert das \u00dcbereinkommen seine Unterzeichnung im Jahr 1973. Mit seinen mittlerweile 50 Jahren, ist es das \u00e4lteste der gro\u00dfen internationalen Umweltschutz\u00fcbereinkommen, dem sich bislang 184 L\u00e4nder verpflichtet haben, also knapp 95 Prozent aller Staaten der Welt. Deutschland geh\u00f6rte dabei zu den Erstunterzeichnern.<\/p>\n\n\n\n<p>Das Bundesministerium f\u00fcr Umwelt, Naturschutz, nukleare Sicherheit und Verbraucherschutz spricht von mehr als 5.800 Tier- und 30.000 Pflanzenarten, die derzeit im Washingtoner Artenschutz\u00fcbereinkommen gelistet sind. Alle zwei bis drei Jahre werden auf der Konferenz aller Vertragsstaaten Neuaufnahmen weiterer gef\u00e4hrdeter Arten oder Anpassungen bestehender Schutzstatus verhandelt.<\/p>\n\n\n\n<p>Ungef\u00e4hr 1.200 Mal pro Jahr findet der Zoll in der Bundesrepublik gesch\u00fctzte Tiere, Pflanzen bzw. Teile und Produkte daraus im gewerblichen Warenverkehr, im Gep\u00e4ck von Reisenden oder im Postverkehr. Letzteres nimmt aufgrund der zunehmenden Internetbestellungen immer mehr zu und macht mittlerweile rund zwei Drittel des prozentualen Aufgriffsvolumens aus. Weitere 34 Prozent aller F\u00e4lle kommen \u00fcber die Flugh\u00e4fen nach Deutschland. In den vergangenen zehn Jahren zog der Zoll insgesamt etwa 1,77 Millionen gesch\u00fctzte Tiere, Pflanzen und Produkte daraus aus dem Verkehr.<\/p>\n\n\n\n<p>Besonders gesch\u00fctzt ist auch der Europ\u00e4ische Feldhamster (Cricetus cricetus). Lediglich bestimmte Populationen sind von dem Verbot ausgenommen. Mehrere Felle des Europ\u00e4ischen Feldhamsters stellte das Zollamt G\u00f6ttingen in diesem Jahr bei einer Beschau der zur Einfuhr angemeldeten Waren fest. Derzeit pr\u00fcft das Hauptzollamt, ob es sich hierbei um Felle aus einer erlaubten europ\u00e4ischen Population handelt.<\/p>\n\n\n\n<p>Hinweis f\u00fcr Reisende:<\/p>\n\n\n\n<p>Unter\u00a0<a href=\"https:\/\/www.artenschutz-online.de\/\" target=\"_blank\" rel=\"noreferrer noopener\"><strong>www.artenschutz-online.de<\/strong><\/a>\u00a0k\u00f6nnen Reisende Informationen \u00fcber ihr Urlaubsland einholen und erfahren, welche gesch\u00fctzten Arten in den verschiedenen Urlaubsl\u00e4ndern vorkommen und zum Kauf angeboten werden k\u00f6nnen.<\/p>\n\n\n\n<p><strong>Foto:<\/strong> Felle des Europ\u00e4ischen Feldhamsters \u00a9Hauptzollamt Braunschweig<\/p>\n","protected":false},"excerpt":{"rendered":"<p>Tausende Tier- und Pflanzenarten weltweit sind vom Aussterben bedroht und mit jeder ausgestorbenen Art wird unsere Welt \u00e4rmer an Genen, Farben, Formen und Ger\u00e4uschen. Der Zoll tr\u00e4gt mit seinen Kontrollen dazu bei, Verst\u00f6\u00dfe gegen die Artenschutzbestimmungen aufzudecken und die Vielfalt der Natur zu bewahren. Die rechtlichen Rahmenbedingungen f\u00fcr das Handeln der Z\u00f6llnerinnen und Z\u00f6llner schafft [&hellip;]<\/p>\n","protected":false},"author":1,"featured_media":21955,"comment_status":"open","ping_status":"open","sticky":true,"template":"","format":"standard","meta":{"saved_in_kubio":false,"footnotes":""},"categories":[24],"tags":[3899,3803],"class_list":["post-21954","post","type-post","status-publish","format-standard","has-post-thumbnail","hentry","category-news","tag-artenschutz","tag-zollamt-goettingen"],"yoast_head":"<!-- This site is optimized with the Yoast SEO plugin v27.5 - https:\/\/yoast.com\/product\/yoast-seo-wordpress\/ -->\n<title>Tag des Artenschutzes: Funde des G\u00f6ttinger Zollamts - Radio Leinewelle<\/title>\n<meta name=\"robots\" content=\"index, follow, max-snippet:-1, max-image-preview:large, max-video-preview:-1\" \/>\n<link rel=\"canonical\" href=\"https:\/\/radioleinewelle.de\/index.php\/2023\/03\/03\/tag-des-artenschutzes-funde-des-goettinger-zollamts\/\" \/>\n<meta property=\"og:locale\" content=\"de_DE\" \/>\n<meta property=\"og:type\" content=\"article\" \/>\n<meta property=\"og:title\" content=\"Tag des Artenschutzes: Funde des G\u00f6ttinger Zollamts - Radio Leinewelle\" \/>\n<meta property=\"og:description\" content=\"Tausende Tier- und Pflanzenarten weltweit sind vom Aussterben bedroht und mit jeder ausgestorbenen Art wird unsere Welt \u00e4rmer an Genen, Farben, Formen und Ger\u00e4uschen. Der Zoll tr\u00e4gt mit seinen Kontrollen dazu bei, Verst\u00f6\u00dfe gegen die Artenschutzbestimmungen aufzudecken und die Vielfalt der Natur zu bewahren. Die rechtlichen Rahmenbedingungen f\u00fcr das Handeln der Z\u00f6llnerinnen und Z\u00f6llner schafft [&hellip;]\" \/>\n<meta property=\"og:url\" content=\"https:\/\/radioleinewelle.de\/index.php\/2023\/03\/03\/tag-des-artenschutzes-funde-des-goettinger-zollamts\/\" \/>\n<meta property=\"og:site_name\" content=\"Radio Leinewelle\" \/>\n<meta property=\"article:publisher\" content=\"https:\/\/www.facebook.com\/radioleinewelle\" \/>\n<meta property=\"article:author\" content=\"https:\/\/www.facebook.com\/radioleinewelle\" \/>\n<meta property=\"article:published_time\" content=\"2023-03-03T08:12:51+00:00\" \/>\n<meta property=\"article:modified_time\" content=\"2023-03-03T08:12:55+00:00\" \/>\n<meta property=\"og:image\" content=\"https:\/\/radioleinewelle.de\/wp-content\/uploads\/2023\/03\/IMG_6658.jpg\" \/>\n\t<meta property=\"og:image:width\" content=\"1127\" \/>\n\t<meta property=\"og:image:height\" content=\"1055\" \/>\n\t<meta property=\"og:image:type\" content=\"image\/jpeg\" \/>\n<meta name=\"author\" content=\"Leinewelle\" \/>\n<meta name=\"twitter:card\" content=\"summary_large_image\" \/>\n<meta name=\"twitter:creator\" content=\"@https:\/\/twitter.com\/RLeinewelle?ref_src=twsrcgoogletwcampserptwgrauthor\" \/>\n<meta name=\"twitter:site\" content=\"@RLeinewelle\" \/>\n<meta name=\"twitter:label1\" content=\"Verfasst von\" \/>\n\t<meta name=\"twitter:data1\" content=\"Leinewelle\" \/>\n\t<meta name=\"twitter:label2\" content=\"Gesch\u00e4tzte Lesezeit\" \/>\n\t<meta name=\"twitter:data2\" content=\"2\u00a0Minuten\" \/>\n<script type=\"application\/ld+json\" class=\"yoast-schema-graph\">{\"@context\":\"https:\\\/\\\/schema.org\",\"@graph\":[{\"@type\":\"Article\",\"@id\":\"https:\\\/\\\/radioleinewelle.de\\\/index.php\\\/2023\\\/03\\\/03\\\/tag-des-artenschutzes-funde-des-goettinger-zollamts\\\/#article\",\"isPartOf\":{\"@id\":\"https:\\\/\\\/radioleinewelle.de\\\/index.php\\\/2023\\\/03\\\/03\\\/tag-des-artenschutzes-funde-des-goettinger-zollamts\\\/\"},\"author\":{\"name\":\"Leinewelle\",\"@id\":\"https:\\\/\\\/radioleinewelle.de\\\/#\\\/schema\\\/person\\\/45606f348637df637192dc1b68399a63\"},\"headline\":\"Tag des Artenschutzes: Funde des G\u00f6ttinger Zollamts\",\"datePublished\":\"2023-03-03T08:12:51+00:00\",\"dateModified\":\"2023-03-03T08:12:55+00:00\",\"mainEntityOfPage\":{\"@id\":\"https:\\\/\\\/radioleinewelle.de\\\/index.php\\\/2023\\\/03\\\/03\\\/tag-des-artenschutzes-funde-des-goettinger-zollamts\\\/\"},\"wordCount\":379,\"commentCount\":0,\"publisher\":{\"@id\":\"https:\\\/\\\/radioleinewelle.de\\\/#organization\"},\"image\":{\"@id\":\"https:\\\/\\\/radioleinewelle.de\\\/index.php\\\/2023\\\/03\\\/03\\\/tag-des-artenschutzes-funde-des-goettinger-zollamts\\\/#primaryimage\"},\"thumbnailUrl\":\"https:\\\/\\\/radioleinewelle.de\\\/wp-content\\\/uploads\\\/2023\\\/03\\\/IMG_6658.jpg\",\"keywords\":[\"Artenschutz\",\"Zollamt G\u00f6ttingen\"],\"articleSection\":[\"Aktuelle Nachrichten\"],\"inLanguage\":\"de\",\"potentialAction\":[{\"@type\":\"CommentAction\",\"name\":\"Comment\",\"target\":[\"https:\\\/\\\/radioleinewelle.de\\\/index.php\\\/2023\\\/03\\\/03\\\/tag-des-artenschutzes-funde-des-goettinger-zollamts\\\/#respond\"]}]},{\"@type\":\"WebPage\",\"@id\":\"https:\\\/\\\/radioleinewelle.de\\\/index.php\\\/2023\\\/03\\\/03\\\/tag-des-artenschutzes-funde-des-goettinger-zollamts\\\/\",\"url\":\"https:\\\/\\\/radioleinewelle.de\\\/index.php\\\/2023\\\/03\\\/03\\\/tag-des-artenschutzes-funde-des-goettinger-zollamts\\\/\",\"name\":\"Tag des Artenschutzes: Funde des G\u00f6ttinger Zollamts - Radio Leinewelle\",\"isPartOf\":{\"@id\":\"https:\\\/\\\/radioleinewelle.de\\\/#website\"},\"primaryImageOfPage\":{\"@id\":\"https:\\\/\\\/radioleinewelle.de\\\/index.php\\\/2023\\\/03\\\/03\\\/tag-des-artenschutzes-funde-des-goettinger-zollamts\\\/#primaryimage\"},\"image\":{\"@id\":\"https:\\\/\\\/radioleinewelle.de\\\/index.php\\\/2023\\\/03\\\/03\\\/tag-des-artenschutzes-funde-des-goettinger-zollamts\\\/#primaryimage\"},\"thumbnailUrl\":\"https:\\\/\\\/radioleinewelle.de\\\/wp-content\\\/uploads\\\/2023\\\/03\\\/IMG_6658.jpg\",\"datePublished\":\"2023-03-03T08:12:51+00:00\",\"dateModified\":\"2023-03-03T08:12:55+00:00\",\"breadcrumb\":{\"@id\":\"https:\\\/\\\/radioleinewelle.de\\\/index.php\\\/2023\\\/03\\\/03\\\/tag-des-artenschutzes-funde-des-goettinger-zollamts\\\/#breadcrumb\"},\"inLanguage\":\"de\",\"potentialAction\":[{\"@type\":\"ReadAction\",\"target\":[\"https:\\\/\\\/radioleinewelle.de\\\/index.php\\\/2023\\\/03\\\/03\\\/tag-des-artenschutzes-funde-des-goettinger-zollamts\\\/\"]}]},{\"@type\":\"ImageObject\",\"inLanguage\":\"de\",\"@id\":\"https:\\\/\\\/radioleinewelle.de\\\/index.php\\\/2023\\\/03\\\/03\\\/tag-des-artenschutzes-funde-des-goettinger-zollamts\\\/#primaryimage\",\"url\":\"https:\\\/\\\/radioleinewelle.de\\\/wp-content\\\/uploads\\\/2023\\\/03\\\/IMG_6658.jpg\",\"contentUrl\":\"https:\\\/\\\/radioleinewelle.de\\\/wp-content\\\/uploads\\\/2023\\\/03\\\/IMG_6658.jpg\",\"width\":1127,\"height\":1055,\"caption\":\"Felle des Europ\u00e4ischen Feldhamsters\"},{\"@type\":\"BreadcrumbList\",\"@id\":\"https:\\\/\\\/radioleinewelle.de\\\/index.php\\\/2023\\\/03\\\/03\\\/tag-des-artenschutzes-funde-des-goettinger-zollamts\\\/#breadcrumb\",\"itemListElement\":[{\"@type\":\"ListItem\",\"position\":1,\"name\":\"Startseite\",\"item\":\"https:\\\/\\\/radioleinewelle.de\\\/\"},{\"@type\":\"ListItem\",\"position\":2,\"name\":\"Tag des Artenschutzes: Funde des G\u00f6ttinger Zollamts\"}]},{\"@type\":\"WebSite\",\"@id\":\"https:\\\/\\\/radioleinewelle.de\\\/#website\",\"url\":\"https:\\\/\\\/radioleinewelle.de\\\/\",\"name\":\"Radio Leinewelle\",\"description\":\"\",\"publisher\":{\"@id\":\"https:\\\/\\\/radioleinewelle.de\\\/#organization\"},\"potentialAction\":[{\"@type\":\"SearchAction\",\"target\":{\"@type\":\"EntryPoint\",\"urlTemplate\":\"https:\\\/\\\/radioleinewelle.de\\\/?s={search_term_string}\"},\"query-input\":{\"@type\":\"PropertyValueSpecification\",\"valueRequired\":true,\"valueName\":\"search_term_string\"}}],\"inLanguage\":\"de\"},{\"@type\":\"Organization\",\"@id\":\"https:\\\/\\\/radioleinewelle.de\\\/#organization\",\"name\":\"Radio Leinewelle\",\"alternateName\":\"Mein Radio f\u00fcr S\u00fcdniedersachsen\",\"url\":\"https:\\\/\\\/radioleinewelle.de\\\/\",\"logo\":{\"@type\":\"ImageObject\",\"inLanguage\":\"de\",\"@id\":\"https:\\\/\\\/radioleinewelle.de\\\/#\\\/schema\\\/logo\\\/image\\\/\",\"url\":\"https:\\\/\\\/radioleinewelle.de\\\/wp-content\\\/uploads\\\/2023\\\/11\\\/cropped-Leinewelle_Logo_weiss.png\",\"contentUrl\":\"https:\\\/\\\/radioleinewelle.de\\\/wp-content\\\/uploads\\\/2023\\\/11\\\/cropped-Leinewelle_Logo_weiss.png\",\"width\":854,\"height\":260,\"caption\":\"Radio Leinewelle\"},\"image\":{\"@id\":\"https:\\\/\\\/radioleinewelle.de\\\/#\\\/schema\\\/logo\\\/image\\\/\"},\"sameAs\":[\"https:\\\/\\\/www.facebook.com\\\/radioleinewelle\",\"https:\\\/\\\/x.com\\\/RLeinewelle\",\"https:\\\/\\\/www.instagram.com\\\/radioleinewelle\\\/?hl=de\"]},{\"@type\":\"Person\",\"@id\":\"https:\\\/\\\/radioleinewelle.de\\\/#\\\/schema\\\/person\\\/45606f348637df637192dc1b68399a63\",\"name\":\"Leinewelle\",\"image\":{\"@type\":\"ImageObject\",\"inLanguage\":\"de\",\"@id\":\"https:\\\/\\\/secure.gravatar.com\\\/avatar\\\/05c9a17bc973052ee5d91549bd32fb4dd0dc85b7b85ae94b2e2b4943476bbea5?s=96&d=blank&r=g\",\"url\":\"https:\\\/\\\/secure.gravatar.com\\\/avatar\\\/05c9a17bc973052ee5d91549bd32fb4dd0dc85b7b85ae94b2e2b4943476bbea5?s=96&d=blank&r=g\",\"contentUrl\":\"https:\\\/\\\/secure.gravatar.com\\\/avatar\\\/05c9a17bc973052ee5d91549bd32fb4dd0dc85b7b85ae94b2e2b4943476bbea5?s=96&d=blank&r=g\",\"caption\":\"Leinewelle\"},\"sameAs\":[\"http:\\\/\\\/localhost\\\/radio%20leinewelle\\\/wordpress\",\"https:\\\/\\\/www.facebook.com\\\/radioleinewelle\",\"https:\\\/\\\/www.instagram.com\\\/radioleinewelle\",\"https:\\\/\\\/x.com\\\/https:\\\/\\\/twitter.com\\\/RLeinewelle?ref_src=twsrcgoogletwcampserptwgrauthor\",\"https:\\\/\\\/soundcloud.com\\\/foerderverein-lokalradio?utm_source=clipboard&utm_medium=text&utm_campaign=social_sharing\"],\"url\":\"https:\\\/\\\/radioleinewelle.de\\\/index.php\\\/author\\\/leinewelle\\\/\"}]}<\/script>\n<!-- \/ Yoast SEO plugin. -->","yoast_head_json":{"title":"Tag des Artenschutzes: Funde des G\u00f6ttinger Zollamts - Radio Leinewelle","robots":{"index":"index","follow":"follow","max-snippet":"max-snippet:-1","max-image-preview":"max-image-preview:large","max-video-preview":"max-video-preview:-1"},"canonical":"https:\/\/radioleinewelle.de\/index.php\/2023\/03\/03\/tag-des-artenschutzes-funde-des-goettinger-zollamts\/","og_locale":"de_DE","og_type":"article","og_title":"Tag des Artenschutzes: Funde des G\u00f6ttinger Zollamts - Radio Leinewelle","og_description":"Tausende Tier- und Pflanzenarten weltweit sind vom Aussterben bedroht und mit jeder ausgestorbenen Art wird unsere Welt \u00e4rmer an Genen, Farben, Formen und Ger\u00e4uschen. Der Zoll tr\u00e4gt mit seinen Kontrollen dazu bei, Verst\u00f6\u00dfe gegen die Artenschutzbestimmungen aufzudecken und die Vielfalt der Natur zu bewahren. Die rechtlichen Rahmenbedingungen f\u00fcr das Handeln der Z\u00f6llnerinnen und Z\u00f6llner schafft [&hellip;]","og_url":"https:\/\/radioleinewelle.de\/index.php\/2023\/03\/03\/tag-des-artenschutzes-funde-des-goettinger-zollamts\/","og_site_name":"Radio Leinewelle","article_publisher":"https:\/\/www.facebook.com\/radioleinewelle","article_author":"https:\/\/www.facebook.com\/radioleinewelle","article_published_time":"2023-03-03T08:12:51+00:00","article_modified_time":"2023-03-03T08:12:55+00:00","og_image":[{"width":1127,"height":1055,"url":"https:\/\/radioleinewelle.de\/wp-content\/uploads\/2023\/03\/IMG_6658.jpg","type":"image\/jpeg"}],"author":"Leinewelle","twitter_card":"summary_large_image","twitter_creator":"@https:\/\/twitter.com\/RLeinewelle?ref_src=twsrcgoogletwcampserptwgrauthor","twitter_site":"@RLeinewelle","twitter_misc":{"Verfasst von":"Leinewelle","Gesch\u00e4tzte Lesezeit":"2\u00a0Minuten"},"schema":{"@context":"https:\/\/schema.org","@graph":[{"@type":"Article","@id":"https:\/\/radioleinewelle.de\/index.php\/2023\/03\/03\/tag-des-artenschutzes-funde-des-goettinger-zollamts\/#article","isPartOf":{"@id":"https:\/\/radioleinewelle.de\/index.php\/2023\/03\/03\/tag-des-artenschutzes-funde-des-goettinger-zollamts\/"},"author":{"name":"Leinewelle","@id":"https:\/\/radioleinewelle.de\/#\/schema\/person\/45606f348637df637192dc1b68399a63"},"headline":"Tag des Artenschutzes: Funde des G\u00f6ttinger Zollamts","datePublished":"2023-03-03T08:12:51+00:00","dateModified":"2023-03-03T08:12:55+00:00","mainEntityOfPage":{"@id":"https:\/\/radioleinewelle.de\/index.php\/2023\/03\/03\/tag-des-artenschutzes-funde-des-goettinger-zollamts\/"},"wordCount":379,"commentCount":0,"publisher":{"@id":"https:\/\/radioleinewelle.de\/#organization"},"image":{"@id":"https:\/\/radioleinewelle.de\/index.php\/2023\/03\/03\/tag-des-artenschutzes-funde-des-goettinger-zollamts\/#primaryimage"},"thumbnailUrl":"https:\/\/radioleinewelle.de\/wp-content\/uploads\/2023\/03\/IMG_6658.jpg","keywords":["Artenschutz","Zollamt G\u00f6ttingen"],"articleSection":["Aktuelle Nachrichten"],"inLanguage":"de","potentialAction":[{"@type":"CommentAction","name":"Comment","target":["https:\/\/radioleinewelle.de\/index.php\/2023\/03\/03\/tag-des-artenschutzes-funde-des-goettinger-zollamts\/#respond"]}]},{"@type":"WebPage","@id":"https:\/\/radioleinewelle.de\/index.php\/2023\/03\/03\/tag-des-artenschutzes-funde-des-goettinger-zollamts\/","url":"https:\/\/radioleinewelle.de\/index.php\/2023\/03\/03\/tag-des-artenschutzes-funde-des-goettinger-zollamts\/","name":"Tag des Artenschutzes: Funde des G\u00f6ttinger Zollamts - Radio Leinewelle","isPartOf":{"@id":"https:\/\/radioleinewelle.de\/#website"},"primaryImageOfPage":{"@id":"https:\/\/radioleinewelle.de\/index.php\/2023\/03\/03\/tag-des-artenschutzes-funde-des-goettinger-zollamts\/#primaryimage"},"image":{"@id":"https:\/\/radioleinewelle.de\/index.php\/2023\/03\/03\/tag-des-artenschutzes-funde-des-goettinger-zollamts\/#primaryimage"},"thumbnailUrl":"https:\/\/radioleinewelle.de\/wp-content\/uploads\/2023\/03\/IMG_6658.jpg","datePublished":"2023-03-03T08:12:51+00:00","dateModified":"2023-03-03T08:12:55+00:00","breadcrumb":{"@id":"https:\/\/radioleinewelle.de\/index.php\/2023\/03\/03\/tag-des-artenschutzes-funde-des-goettinger-zollamts\/#breadcrumb"},"inLanguage":"de","potentialAction":[{"@type":"ReadAction","target":["https:\/\/radioleinewelle.de\/index.php\/2023\/03\/03\/tag-des-artenschutzes-funde-des-goettinger-zollamts\/"]}]},{"@type":"ImageObject","inLanguage":"de","@id":"https:\/\/radioleinewelle.de\/index.php\/2023\/03\/03\/tag-des-artenschutzes-funde-des-goettinger-zollamts\/#primaryimage","url":"https:\/\/radioleinewelle.de\/wp-content\/uploads\/2023\/03\/IMG_6658.jpg","contentUrl":"https:\/\/radioleinewelle.de\/wp-content\/uploads\/2023\/03\/IMG_6658.jpg","width":1127,"height":1055,"caption":"Felle des Europ\u00e4ischen Feldhamsters"},{"@type":"BreadcrumbList","@id":"https:\/\/radioleinewelle.de\/index.php\/2023\/03\/03\/tag-des-artenschutzes-funde-des-goettinger-zollamts\/#breadcrumb","itemListElement":[{"@type":"ListItem","position":1,"name":"Startseite","item":"https:\/\/radioleinewelle.de\/"},{"@type":"ListItem","position":2,"name":"Tag des Artenschutzes: Funde des G\u00f6ttinger Zollamts"}]},{"@type":"WebSite","@id":"https:\/\/radioleinewelle.de\/#website","url":"https:\/\/radioleinewelle.de\/","name":"Radio Leinewelle","description":"","publisher":{"@id":"https:\/\/radioleinewelle.de\/#organization"},"potentialAction":[{"@type":"SearchAction","target":{"@type":"EntryPoint","urlTemplate":"https:\/\/radioleinewelle.de\/?s={search_term_string}"},"query-input":{"@type":"PropertyValueSpecification","valueRequired":true,"valueName":"search_term_string"}}],"inLanguage":"de"},{"@type":"Organization","@id":"https:\/\/radioleinewelle.de\/#organization","name":"Radio Leinewelle","alternateName":"Mein Radio f\u00fcr S\u00fcdniedersachsen","url":"https:\/\/radioleinewelle.de\/","logo":{"@type":"ImageObject","inLanguage":"de","@id":"https:\/\/radioleinewelle.de\/#\/schema\/logo\/image\/","url":"https:\/\/radioleinewelle.de\/wp-content\/uploads\/2023\/11\/cropped-Leinewelle_Logo_weiss.png","contentUrl":"https:\/\/radioleinewelle.de\/wp-content\/uploads\/2023\/11\/cropped-Leinewelle_Logo_weiss.png","width":854,"height":260,"caption":"Radio Leinewelle"},"image":{"@id":"https:\/\/radioleinewelle.de\/#\/schema\/logo\/image\/"},"sameAs":["https:\/\/www.facebook.com\/radioleinewelle","https:\/\/x.com\/RLeinewelle","https:\/\/www.instagram.com\/radioleinewelle\/?hl=de"]},{"@type":"Person","@id":"https:\/\/radioleinewelle.de\/#\/schema\/person\/45606f348637df637192dc1b68399a63","name":"Leinewelle","image":{"@type":"ImageObject","inLanguage":"de","@id":"https:\/\/secure.gravatar.com\/avatar\/05c9a17bc973052ee5d91549bd32fb4dd0dc85b7b85ae94b2e2b4943476bbea5?s=96&d=blank&r=g","url":"https:\/\/secure.gravatar.com\/avatar\/05c9a17bc973052ee5d91549bd32fb4dd0dc85b7b85ae94b2e2b4943476bbea5?s=96&d=blank&r=g","contentUrl":"https:\/\/secure.gravatar.com\/avatar\/05c9a17bc973052ee5d91549bd32fb4dd0dc85b7b85ae94b2e2b4943476bbea5?s=96&d=blank&r=g","caption":"Leinewelle"},"sameAs":["http:\/\/localhost\/radio%20leinewelle\/wordpress","https:\/\/www.facebook.com\/radioleinewelle","https:\/\/www.instagram.com\/radioleinewelle","https:\/\/x.com\/https:\/\/twitter.com\/RLeinewelle?ref_src=twsrcgoogletwcampserptwgrauthor","https:\/\/soundcloud.com\/foerderverein-lokalradio?utm_source=clipboard&utm_medium=text&utm_campaign=social_sharing"],"url":"https:\/\/radioleinewelle.de\/index.php\/author\/leinewelle\/"}]}},"_links":{"self":[{"href":"https:\/\/radioleinewelle.de\/index.php\/wp-json\/wp\/v2\/posts\/21954","targetHints":{"allow":["GET"]}}],"collection":[{"href":"https:\/\/radioleinewelle.de\/index.php\/wp-json\/wp\/v2\/posts"}],"about":[{"href":"https:\/\/radioleinewelle.de\/index.php\/wp-json\/wp\/v2\/types\/post"}],"author":[{"embeddable":true,"href":"https:\/\/radioleinewelle.de\/index.php\/wp-json\/wp\/v2\/users\/1"}],"replies":[{"embeddable":true,"href":"https:\/\/radioleinewelle.de\/index.php\/wp-json\/wp\/v2\/comments?post=21954"}],"version-history":[{"count":1,"href":"https:\/\/radioleinewelle.de\/index.php\/wp-json\/wp\/v2\/posts\/21954\/revisions"}],"predecessor-version":[{"id":21956,"href":"https:\/\/radioleinewelle.de\/index.php\/wp-json\/wp\/v2\/posts\/21954\/revisions\/21956"}],"wp:featuredmedia":[{"embeddable":true,"href":"https:\/\/radioleinewelle.de\/index.php\/wp-json\/wp\/v2\/media\/21955"}],"wp:attachment":[{"href":"https:\/\/radioleinewelle.de\/index.php\/wp-json\/wp\/v2\/media?parent=21954"}],"wp:term":[{"taxonomy":"category","embeddable":true,"href":"https:\/\/radioleinewelle.de\/index.php\/wp-json\/wp\/v2\/categories?post=21954"},{"taxonomy":"post_tag","embeddable":true,"href":"https:\/\/radioleinewelle.de\/index.php\/wp-json\/wp\/v2\/tags?post=21954"}],"curies":[{"name":"wp","href":"https:\/\/api.w.org\/{rel}","templated":true}]}}