{"id":21957,"date":"2023-03-04T11:07:28","date_gmt":"2023-03-04T10:07:28","guid":{"rendered":"https:\/\/radioleinewelle.de\/?p=21957"},"modified":"2023-03-04T11:09:00","modified_gmt":"2023-03-04T10:09:00","slug":"klimastreik-am-03-03-in-goettingen","status":"publish","type":"post","link":"https:\/\/radioleinewelle.de\/index.php\/2023\/03\/04\/klimastreik-am-03-03-in-goettingen\/","title":{"rendered":"Klimastreik am 03.03. in G\u00f6ttingen"},"content":{"rendered":"\n<p>Es war eine der gr\u00f6ssten Demonstrationen der letzten Monate: die Beteiligung von G\u00f6ttinger Klimagruppen,  Sch\u00fcler*innen, Privatpersonen und Busfahrer*innen am globalen Klimastreik. Aufgerufen hatte dazu Fridays For Future, verschiedene Umweltgruppen und die Gewerkschaft ver.di. Es zeigte sich, dass Klimabewegung der Sch\u00fcler*innen noch Power hat. Verschiedene Sternm\u00e4rsche von einzelnen Schulen wurden am zentralen Sammelplatz vor dem Neuen Rathaus begeistert begr\u00fcsst. Ebenso wie die Gruppe der Busfahrer*innen der G\u00f6ttinger \u00d6PNV. Unter dem Hashtag # wirfahrenzusammen fordern FFF und Verdi eine Wende in der Verkehrspolitik. Dies hei\u00dft neben einer besseren Verg\u00fcgung auch einen Ausbau des \u00f6ffentlichen Nahverkehrs und eine bessere Taktung. Dennis Meyer, Busfahrer bei den \u00f6ffentlichen Verkehrsbetrieben in G\u00f6ttingen beschrieb die prek\u00e4rere Lage vieler seiner Kollegen. Durch den zunehmenden Zeitdruck w\u00e4hrend der einzelnen Fahrten und die schlechte Bezahlung wird es immer schwieriger Nachwuchs f\u00fcr den Beruf zu finden, so Meyer. Nach Einsch\u00e4tzung von Fachleuten fehlen in den n\u00e4chsten Jahren \u00fcber 100.00 Besch\u00e4ftigte. Auch eine Folge des massiven Stellenabbaus und der Privatisierung im \u00f6ffentlichen Nahverkehr. Insgesamt nahmen 1.800 Menschen an der Demo teil, die ohne St\u00f6rungen verlief.<\/p>\n\n\n\n<p><strong>Die &#8222;Letzte Generation&#8220; besetzt Fahrbahn nach Ende der Kundgebung<\/strong><\/p>\n\n\n\n<p>Nach der Abschlusskundgebung am Neuen Rathaus besetzten Aktivist*innen der &#8222;Letzten Generation&#8220; die stadteinw\u00e4rtsgehende Fahrspur der Reinh\u00e4userstrasse am Hiroshimaplatz. Ein Aktivist, der sich auf einer Fahrbahnmarkierung auf dem Rechtsabbieger festgeklebt hatte, konnte nur durch den Einsatz eines Trennschleifers von der Fahrbahn gel\u00f6st werden.<\/p>\n\n\n\n<p><\/p>\n\n\n\n<figure class=\"wp-block-gallery has-nested-images columns-default is-cropped wp-block-gallery-1 is-layout-flex wp-block-gallery-is-layout-flex\">\n<figure class=\"wp-block-image size-large\"><img loading=\"lazy\" decoding=\"async\" width=\"1024\" height=\"576\" data-id=\"21959\" src=\"https:\/\/radioleinewelle.de\/wp-content\/uploads\/2023\/03\/12-Klimastreik-FFF-Verdi-Goe-118-min-1024x576.jpg\" alt=\"\" class=\"wp-image-21959\" srcset=\"https:\/\/radioleinewelle.de\/wp-content\/uploads\/2023\/03\/12-Klimastreik-FFF-Verdi-Goe-118-min-1024x576.jpg 1024w, https:\/\/radioleinewelle.de\/wp-content\/uploads\/2023\/03\/12-Klimastreik-FFF-Verdi-Goe-118-min-300x169.jpg 300w, https:\/\/radioleinewelle.de\/wp-content\/uploads\/2023\/03\/12-Klimastreik-FFF-Verdi-Goe-118-min-768x432.jpg 768w, https:\/\/radioleinewelle.de\/wp-content\/uploads\/2023\/03\/12-Klimastreik-FFF-Verdi-Goe-118-min-1536x864.jpg 1536w, https:\/\/radioleinewelle.de\/wp-content\/uploads\/2023\/03\/12-Klimastreik-FFF-Verdi-Goe-118-min-2048x1152.jpg 2048w, https:\/\/radioleinewelle.de\/wp-content\/uploads\/2023\/03\/12-Klimastreik-FFF-Verdi-Goe-118-min-200x113.jpg 200w\" sizes=\"(max-width: 1024px) 100vw, 1024px\" \/><\/figure>\n\n\n\n<figure class=\"wp-block-image size-large\"><img loading=\"lazy\" decoding=\"async\" width=\"1024\" height=\"576\" data-id=\"21960\" src=\"https:\/\/radioleinewelle.de\/wp-content\/uploads\/2023\/03\/12-Klimastreik-FFF-Verdi-Goe-78-min-1024x576.jpg\" alt=\"\" class=\"wp-image-21960\" srcset=\"https:\/\/radioleinewelle.de\/wp-content\/uploads\/2023\/03\/12-Klimastreik-FFF-Verdi-Goe-78-min-1024x576.jpg 1024w, https:\/\/radioleinewelle.de\/wp-content\/uploads\/2023\/03\/12-Klimastreik-FFF-Verdi-Goe-78-min-300x169.jpg 300w, https:\/\/radioleinewelle.de\/wp-content\/uploads\/2023\/03\/12-Klimastreik-FFF-Verdi-Goe-78-min-768x432.jpg 768w, https:\/\/radioleinewelle.de\/wp-content\/uploads\/2023\/03\/12-Klimastreik-FFF-Verdi-Goe-78-min-1536x864.jpg 1536w, https:\/\/radioleinewelle.de\/wp-content\/uploads\/2023\/03\/12-Klimastreik-FFF-Verdi-Goe-78-min-2048x1152.jpg 2048w, https:\/\/radioleinewelle.de\/wp-content\/uploads\/2023\/03\/12-Klimastreik-FFF-Verdi-Goe-78-min-200x113.jpg 200w\" sizes=\"(max-width: 1024px) 100vw, 1024px\" \/><\/figure>\n\n\n\n<figure class=\"wp-block-image size-large\"><img loading=\"lazy\" decoding=\"async\" width=\"1024\" height=\"576\" data-id=\"21961\" src=\"https:\/\/radioleinewelle.de\/wp-content\/uploads\/2023\/03\/12-Klimastreik-FFF-Verdi-Goe-44-min-1024x576.jpg\" alt=\"\" class=\"wp-image-21961\" srcset=\"https:\/\/radioleinewelle.de\/wp-content\/uploads\/2023\/03\/12-Klimastreik-FFF-Verdi-Goe-44-min-1024x576.jpg 1024w, https:\/\/radioleinewelle.de\/wp-content\/uploads\/2023\/03\/12-Klimastreik-FFF-Verdi-Goe-44-min-300x169.jpg 300w, https:\/\/radioleinewelle.de\/wp-content\/uploads\/2023\/03\/12-Klimastreik-FFF-Verdi-Goe-44-min-768x432.jpg 768w, https:\/\/radioleinewelle.de\/wp-content\/uploads\/2023\/03\/12-Klimastreik-FFF-Verdi-Goe-44-min-1536x864.jpg 1536w, https:\/\/radioleinewelle.de\/wp-content\/uploads\/2023\/03\/12-Klimastreik-FFF-Verdi-Goe-44-min-2048x1152.jpg 2048w, https:\/\/radioleinewelle.de\/wp-content\/uploads\/2023\/03\/12-Klimastreik-FFF-Verdi-Goe-44-min-200x113.jpg 200w\" sizes=\"(max-width: 1024px) 100vw, 1024px\" \/><\/figure>\n\n\n\n<figure class=\"wp-block-image size-large\"><img loading=\"lazy\" decoding=\"async\" width=\"1024\" height=\"576\" data-id=\"21962\" src=\"https:\/\/radioleinewelle.de\/wp-content\/uploads\/2023\/03\/12-Klimastreik-FFF-Verdi-Goe-52-min-1024x576.jpg\" alt=\"\" class=\"wp-image-21962\" srcset=\"https:\/\/radioleinewelle.de\/wp-content\/uploads\/2023\/03\/12-Klimastreik-FFF-Verdi-Goe-52-min-1024x576.jpg 1024w, https:\/\/radioleinewelle.de\/wp-content\/uploads\/2023\/03\/12-Klimastreik-FFF-Verdi-Goe-52-min-300x169.jpg 300w, https:\/\/radioleinewelle.de\/wp-content\/uploads\/2023\/03\/12-Klimastreik-FFF-Verdi-Goe-52-min-768x432.jpg 768w, https:\/\/radioleinewelle.de\/wp-content\/uploads\/2023\/03\/12-Klimastreik-FFF-Verdi-Goe-52-min-1536x864.jpg 1536w, https:\/\/radioleinewelle.de\/wp-content\/uploads\/2023\/03\/12-Klimastreik-FFF-Verdi-Goe-52-min-2048x1152.jpg 2048w, https:\/\/radioleinewelle.de\/wp-content\/uploads\/2023\/03\/12-Klimastreik-FFF-Verdi-Goe-52-min-200x113.jpg 200w\" sizes=\"(max-width: 1024px) 100vw, 1024px\" \/><\/figure>\n\n\n\n<figure class=\"wp-block-image size-large is-style-default\"><img loading=\"lazy\" decoding=\"async\" width=\"1024\" height=\"576\" data-id=\"21963\" src=\"https:\/\/radioleinewelle.de\/wp-content\/uploads\/2023\/03\/12-Klimastreik-FFF-Verdi-Goe-16-min-1024x576.jpg\" alt=\"\" class=\"wp-image-21963\" srcset=\"https:\/\/radioleinewelle.de\/wp-content\/uploads\/2023\/03\/12-Klimastreik-FFF-Verdi-Goe-16-min-1024x576.jpg 1024w, https:\/\/radioleinewelle.de\/wp-content\/uploads\/2023\/03\/12-Klimastreik-FFF-Verdi-Goe-16-min-300x169.jpg 300w, https:\/\/radioleinewelle.de\/wp-content\/uploads\/2023\/03\/12-Klimastreik-FFF-Verdi-Goe-16-min-768x432.jpg 768w, https:\/\/radioleinewelle.de\/wp-content\/uploads\/2023\/03\/12-Klimastreik-FFF-Verdi-Goe-16-min-1536x864.jpg 1536w, https:\/\/radioleinewelle.de\/wp-content\/uploads\/2023\/03\/12-Klimastreik-FFF-Verdi-Goe-16-min-2048x1152.jpg 2048w, https:\/\/radioleinewelle.de\/wp-content\/uploads\/2023\/03\/12-Klimastreik-FFF-Verdi-Goe-16-min-200x113.jpg 200w\" sizes=\"(max-width: 1024px) 100vw, 1024px\" \/><\/figure>\n\n\n\n<figure class=\"wp-block-image size-large\"><img loading=\"lazy\" decoding=\"async\" width=\"1024\" height=\"576\" data-id=\"21964\" src=\"https:\/\/radioleinewelle.de\/wp-content\/uploads\/2023\/03\/12-Klimastreik-FFF-Verdi-Goe-7-min-1024x576.jpg\" alt=\"\" class=\"wp-image-21964\" srcset=\"https:\/\/radioleinewelle.de\/wp-content\/uploads\/2023\/03\/12-Klimastreik-FFF-Verdi-Goe-7-min-1024x576.jpg 1024w, https:\/\/radioleinewelle.de\/wp-content\/uploads\/2023\/03\/12-Klimastreik-FFF-Verdi-Goe-7-min-300x169.jpg 300w, https:\/\/radioleinewelle.de\/wp-content\/uploads\/2023\/03\/12-Klimastreik-FFF-Verdi-Goe-7-min-768x432.jpg 768w, https:\/\/radioleinewelle.de\/wp-content\/uploads\/2023\/03\/12-Klimastreik-FFF-Verdi-Goe-7-min-1536x864.jpg 1536w, https:\/\/radioleinewelle.de\/wp-content\/uploads\/2023\/03\/12-Klimastreik-FFF-Verdi-Goe-7-min-2048x1152.jpg 2048w, https:\/\/radioleinewelle.de\/wp-content\/uploads\/2023\/03\/12-Klimastreik-FFF-Verdi-Goe-7-min-200x113.jpg 200w\" sizes=\"(max-width: 1024px) 100vw, 1024px\" \/><\/figure>\n<figcaption class=\"blocks-gallery-caption wp-element-caption\">Eindr\u00fccke von der Klimademo am 03.03.23<\/figcaption><\/figure>\n\n\n\n<p>Fotos: \u00a9Radio Leinewelle (ue)<\/p>\n","protected":false},"excerpt":{"rendered":"<p>Es war eine der gr\u00f6ssten Demonstrationen der letzten Monate: die Beteiligung von G\u00f6ttinger Klimagruppen, Sch\u00fcler*innen, Privatpersonen und Busfahrer*innen am globalen Klimastreik. Aufgerufen hatte dazu Fridays For Future, verschiedene Umweltgruppen und die Gewerkschaft ver.di. Es zeigte sich, dass Klimabewegung der Sch\u00fcler*innen noch Power hat. Verschiedene Sternm\u00e4rsche von einzelnen Schulen wurden am zentralen Sammelplatz vor dem Neuen [&hellip;]<\/p>\n","protected":false},"author":1,"featured_media":21965,"comment_status":"open","ping_status":"open","sticky":true,"template":"","format":"standard","meta":{"saved_in_kubio":false,"footnotes":""},"categories":[53],"tags":[],"class_list":["post-21957","post","type-post","status-publish","format-standard","has-post-thumbnail","hentry","category-gesellschaft"],"yoast_head":"<!-- This site is optimized with the Yoast SEO plugin v27.5 - https:\/\/yoast.com\/product\/yoast-seo-wordpress\/ -->\n<title>Klimastreik am 03.03. in G\u00f6ttingen - Radio Leinewelle<\/title>\n<meta name=\"robots\" content=\"index, follow, max-snippet:-1, max-image-preview:large, max-video-preview:-1\" \/>\n<link rel=\"canonical\" href=\"https:\/\/radioleinewelle.de\/index.php\/2023\/03\/04\/klimastreik-am-03-03-in-goettingen\/\" \/>\n<meta property=\"og:locale\" content=\"de_DE\" \/>\n<meta property=\"og:type\" content=\"article\" \/>\n<meta property=\"og:title\" content=\"Klimastreik am 03.03. in G\u00f6ttingen - Radio Leinewelle\" \/>\n<meta property=\"og:description\" content=\"Es war eine der gr\u00f6ssten Demonstrationen der letzten Monate: die Beteiligung von G\u00f6ttinger Klimagruppen, Sch\u00fcler*innen, Privatpersonen und Busfahrer*innen am globalen Klimastreik. Aufgerufen hatte dazu Fridays For Future, verschiedene Umweltgruppen und die Gewerkschaft ver.di. Es zeigte sich, dass Klimabewegung der Sch\u00fcler*innen noch Power hat. Verschiedene Sternm\u00e4rsche von einzelnen Schulen wurden am zentralen Sammelplatz vor dem Neuen [&hellip;]\" \/>\n<meta property=\"og:url\" content=\"https:\/\/radioleinewelle.de\/index.php\/2023\/03\/04\/klimastreik-am-03-03-in-goettingen\/\" \/>\n<meta property=\"og:site_name\" content=\"Radio Leinewelle\" \/>\n<meta property=\"article:publisher\" content=\"https:\/\/www.facebook.com\/radioleinewelle\" \/>\n<meta property=\"article:author\" content=\"https:\/\/www.facebook.com\/radioleinewelle\" \/>\n<meta property=\"article:published_time\" content=\"2023-03-04T10:07:28+00:00\" \/>\n<meta property=\"article:modified_time\" content=\"2023-03-04T10:09:00+00:00\" \/>\n<meta property=\"og:image\" content=\"https:\/\/radioleinewelle.de\/wp-content\/uploads\/2023\/03\/12-Klimastreik-FFF-Verdi-Goe-126-min-scaled-e1677921288659.jpg\" \/>\n\t<meta property=\"og:image:width\" content=\"1000\" \/>\n\t<meta property=\"og:image:height\" content=\"563\" \/>\n\t<meta property=\"og:image:type\" content=\"image\/jpeg\" \/>\n<meta name=\"author\" content=\"Leinewelle\" \/>\n<meta name=\"twitter:card\" content=\"summary_large_image\" \/>\n<meta name=\"twitter:creator\" content=\"@https:\/\/twitter.com\/RLeinewelle?ref_src=twsrcgoogletwcampserptwgrauthor\" \/>\n<meta name=\"twitter:site\" content=\"@RLeinewelle\" \/>\n<meta name=\"twitter:label1\" content=\"Verfasst von\" \/>\n\t<meta name=\"twitter:data1\" content=\"Leinewelle\" \/>\n\t<meta name=\"twitter:label2\" content=\"Gesch\u00e4tzte Lesezeit\" \/>\n\t<meta name=\"twitter:data2\" content=\"3\u00a0Minuten\" \/>\n<script type=\"application\/ld+json\" class=\"yoast-schema-graph\">{\"@context\":\"https:\\\/\\\/schema.org\",\"@graph\":[{\"@type\":\"Article\",\"@id\":\"https:\\\/\\\/radioleinewelle.de\\\/index.php\\\/2023\\\/03\\\/04\\\/klimastreik-am-03-03-in-goettingen\\\/#article\",\"isPartOf\":{\"@id\":\"https:\\\/\\\/radioleinewelle.de\\\/index.php\\\/2023\\\/03\\\/04\\\/klimastreik-am-03-03-in-goettingen\\\/\"},\"author\":{\"name\":\"Leinewelle\",\"@id\":\"https:\\\/\\\/radioleinewelle.de\\\/#\\\/schema\\\/person\\\/45606f348637df637192dc1b68399a63\"},\"headline\":\"Klimastreik am 03.03. in G\u00f6ttingen\",\"datePublished\":\"2023-03-04T10:07:28+00:00\",\"dateModified\":\"2023-03-04T10:09:00+00:00\",\"mainEntityOfPage\":{\"@id\":\"https:\\\/\\\/radioleinewelle.de\\\/index.php\\\/2023\\\/03\\\/04\\\/klimastreik-am-03-03-in-goettingen\\\/\"},\"wordCount\":262,\"commentCount\":0,\"publisher\":{\"@id\":\"https:\\\/\\\/radioleinewelle.de\\\/#organization\"},\"image\":{\"@id\":\"https:\\\/\\\/radioleinewelle.de\\\/index.php\\\/2023\\\/03\\\/04\\\/klimastreik-am-03-03-in-goettingen\\\/#primaryimage\"},\"thumbnailUrl\":\"https:\\\/\\\/radioleinewelle.de\\\/wp-content\\\/uploads\\\/2023\\\/03\\\/12-Klimastreik-FFF-Verdi-Goe-126-min-scaled-e1677921288659.jpg\",\"articleSection\":[\"Gesellschaft\"],\"inLanguage\":\"de\",\"potentialAction\":[{\"@type\":\"CommentAction\",\"name\":\"Comment\",\"target\":[\"https:\\\/\\\/radioleinewelle.de\\\/index.php\\\/2023\\\/03\\\/04\\\/klimastreik-am-03-03-in-goettingen\\\/#respond\"]}]},{\"@type\":\"WebPage\",\"@id\":\"https:\\\/\\\/radioleinewelle.de\\\/index.php\\\/2023\\\/03\\\/04\\\/klimastreik-am-03-03-in-goettingen\\\/\",\"url\":\"https:\\\/\\\/radioleinewelle.de\\\/index.php\\\/2023\\\/03\\\/04\\\/klimastreik-am-03-03-in-goettingen\\\/\",\"name\":\"Klimastreik am 03.03. in G\u00f6ttingen - Radio Leinewelle\",\"isPartOf\":{\"@id\":\"https:\\\/\\\/radioleinewelle.de\\\/#website\"},\"primaryImageOfPage\":{\"@id\":\"https:\\\/\\\/radioleinewelle.de\\\/index.php\\\/2023\\\/03\\\/04\\\/klimastreik-am-03-03-in-goettingen\\\/#primaryimage\"},\"image\":{\"@id\":\"https:\\\/\\\/radioleinewelle.de\\\/index.php\\\/2023\\\/03\\\/04\\\/klimastreik-am-03-03-in-goettingen\\\/#primaryimage\"},\"thumbnailUrl\":\"https:\\\/\\\/radioleinewelle.de\\\/wp-content\\\/uploads\\\/2023\\\/03\\\/12-Klimastreik-FFF-Verdi-Goe-126-min-scaled-e1677921288659.jpg\",\"datePublished\":\"2023-03-04T10:07:28+00:00\",\"dateModified\":\"2023-03-04T10:09:00+00:00\",\"breadcrumb\":{\"@id\":\"https:\\\/\\\/radioleinewelle.de\\\/index.php\\\/2023\\\/03\\\/04\\\/klimastreik-am-03-03-in-goettingen\\\/#breadcrumb\"},\"inLanguage\":\"de\",\"potentialAction\":[{\"@type\":\"ReadAction\",\"target\":[\"https:\\\/\\\/radioleinewelle.de\\\/index.php\\\/2023\\\/03\\\/04\\\/klimastreik-am-03-03-in-goettingen\\\/\"]}]},{\"@type\":\"ImageObject\",\"inLanguage\":\"de\",\"@id\":\"https:\\\/\\\/radioleinewelle.de\\\/index.php\\\/2023\\\/03\\\/04\\\/klimastreik-am-03-03-in-goettingen\\\/#primaryimage\",\"url\":\"https:\\\/\\\/radioleinewelle.de\\\/wp-content\\\/uploads\\\/2023\\\/03\\\/12-Klimastreik-FFF-Verdi-Goe-126-min-scaled-e1677921288659.jpg\",\"contentUrl\":\"https:\\\/\\\/radioleinewelle.de\\\/wp-content\\\/uploads\\\/2023\\\/03\\\/12-Klimastreik-FFF-Verdi-Goe-126-min-scaled-e1677921288659.jpg\",\"width\":1000,\"height\":563},{\"@type\":\"BreadcrumbList\",\"@id\":\"https:\\\/\\\/radioleinewelle.de\\\/index.php\\\/2023\\\/03\\\/04\\\/klimastreik-am-03-03-in-goettingen\\\/#breadcrumb\",\"itemListElement\":[{\"@type\":\"ListItem\",\"position\":1,\"name\":\"Startseite\",\"item\":\"https:\\\/\\\/radioleinewelle.de\\\/\"},{\"@type\":\"ListItem\",\"position\":2,\"name\":\"Klimastreik am 03.03. in G\u00f6ttingen\"}]},{\"@type\":\"WebSite\",\"@id\":\"https:\\\/\\\/radioleinewelle.de\\\/#website\",\"url\":\"https:\\\/\\\/radioleinewelle.de\\\/\",\"name\":\"Radio Leinewelle\",\"description\":\"\",\"publisher\":{\"@id\":\"https:\\\/\\\/radioleinewelle.de\\\/#organization\"},\"potentialAction\":[{\"@type\":\"SearchAction\",\"target\":{\"@type\":\"EntryPoint\",\"urlTemplate\":\"https:\\\/\\\/radioleinewelle.de\\\/?s={search_term_string}\"},\"query-input\":{\"@type\":\"PropertyValueSpecification\",\"valueRequired\":true,\"valueName\":\"search_term_string\"}}],\"inLanguage\":\"de\"},{\"@type\":\"Organization\",\"@id\":\"https:\\\/\\\/radioleinewelle.de\\\/#organization\",\"name\":\"Radio Leinewelle\",\"alternateName\":\"Mein Radio f\u00fcr S\u00fcdniedersachsen\",\"url\":\"https:\\\/\\\/radioleinewelle.de\\\/\",\"logo\":{\"@type\":\"ImageObject\",\"inLanguage\":\"de\",\"@id\":\"https:\\\/\\\/radioleinewelle.de\\\/#\\\/schema\\\/logo\\\/image\\\/\",\"url\":\"https:\\\/\\\/radioleinewelle.de\\\/wp-content\\\/uploads\\\/2023\\\/11\\\/cropped-Leinewelle_Logo_weiss.png\",\"contentUrl\":\"https:\\\/\\\/radioleinewelle.de\\\/wp-content\\\/uploads\\\/2023\\\/11\\\/cropped-Leinewelle_Logo_weiss.png\",\"width\":854,\"height\":260,\"caption\":\"Radio Leinewelle\"},\"image\":{\"@id\":\"https:\\\/\\\/radioleinewelle.de\\\/#\\\/schema\\\/logo\\\/image\\\/\"},\"sameAs\":[\"https:\\\/\\\/www.facebook.com\\\/radioleinewelle\",\"https:\\\/\\\/x.com\\\/RLeinewelle\",\"https:\\\/\\\/www.instagram.com\\\/radioleinewelle\\\/?hl=de\"]},{\"@type\":\"Person\",\"@id\":\"https:\\\/\\\/radioleinewelle.de\\\/#\\\/schema\\\/person\\\/45606f348637df637192dc1b68399a63\",\"name\":\"Leinewelle\",\"image\":{\"@type\":\"ImageObject\",\"inLanguage\":\"de\",\"@id\":\"https:\\\/\\\/secure.gravatar.com\\\/avatar\\\/05c9a17bc973052ee5d91549bd32fb4dd0dc85b7b85ae94b2e2b4943476bbea5?s=96&d=blank&r=g\",\"url\":\"https:\\\/\\\/secure.gravatar.com\\\/avatar\\\/05c9a17bc973052ee5d91549bd32fb4dd0dc85b7b85ae94b2e2b4943476bbea5?s=96&d=blank&r=g\",\"contentUrl\":\"https:\\\/\\\/secure.gravatar.com\\\/avatar\\\/05c9a17bc973052ee5d91549bd32fb4dd0dc85b7b85ae94b2e2b4943476bbea5?s=96&d=blank&r=g\",\"caption\":\"Leinewelle\"},\"sameAs\":[\"http:\\\/\\\/localhost\\\/radio%20leinewelle\\\/wordpress\",\"https:\\\/\\\/www.facebook.com\\\/radioleinewelle\",\"https:\\\/\\\/www.instagram.com\\\/radioleinewelle\",\"https:\\\/\\\/x.com\\\/https:\\\/\\\/twitter.com\\\/RLeinewelle?ref_src=twsrcgoogletwcampserptwgrauthor\",\"https:\\\/\\\/soundcloud.com\\\/foerderverein-lokalradio?utm_source=clipboard&utm_medium=text&utm_campaign=social_sharing\"],\"url\":\"https:\\\/\\\/radioleinewelle.de\\\/index.php\\\/author\\\/leinewelle\\\/\"}]}<\/script>\n<!-- \/ Yoast SEO plugin. -->","yoast_head_json":{"title":"Klimastreik am 03.03. in G\u00f6ttingen - Radio Leinewelle","robots":{"index":"index","follow":"follow","max-snippet":"max-snippet:-1","max-image-preview":"max-image-preview:large","max-video-preview":"max-video-preview:-1"},"canonical":"https:\/\/radioleinewelle.de\/index.php\/2023\/03\/04\/klimastreik-am-03-03-in-goettingen\/","og_locale":"de_DE","og_type":"article","og_title":"Klimastreik am 03.03. in G\u00f6ttingen - Radio Leinewelle","og_description":"Es war eine der gr\u00f6ssten Demonstrationen der letzten Monate: die Beteiligung von G\u00f6ttinger Klimagruppen, Sch\u00fcler*innen, Privatpersonen und Busfahrer*innen am globalen Klimastreik. Aufgerufen hatte dazu Fridays For Future, verschiedene Umweltgruppen und die Gewerkschaft ver.di. Es zeigte sich, dass Klimabewegung der Sch\u00fcler*innen noch Power hat. Verschiedene Sternm\u00e4rsche von einzelnen Schulen wurden am zentralen Sammelplatz vor dem Neuen [&hellip;]","og_url":"https:\/\/radioleinewelle.de\/index.php\/2023\/03\/04\/klimastreik-am-03-03-in-goettingen\/","og_site_name":"Radio Leinewelle","article_publisher":"https:\/\/www.facebook.com\/radioleinewelle","article_author":"https:\/\/www.facebook.com\/radioleinewelle","article_published_time":"2023-03-04T10:07:28+00:00","article_modified_time":"2023-03-04T10:09:00+00:00","og_image":[{"width":1000,"height":563,"url":"https:\/\/radioleinewelle.de\/wp-content\/uploads\/2023\/03\/12-Klimastreik-FFF-Verdi-Goe-126-min-scaled-e1677921288659.jpg","type":"image\/jpeg"}],"author":"Leinewelle","twitter_card":"summary_large_image","twitter_creator":"@https:\/\/twitter.com\/RLeinewelle?ref_src=twsrcgoogletwcampserptwgrauthor","twitter_site":"@RLeinewelle","twitter_misc":{"Verfasst von":"Leinewelle","Gesch\u00e4tzte Lesezeit":"3\u00a0Minuten"},"schema":{"@context":"https:\/\/schema.org","@graph":[{"@type":"Article","@id":"https:\/\/radioleinewelle.de\/index.php\/2023\/03\/04\/klimastreik-am-03-03-in-goettingen\/#article","isPartOf":{"@id":"https:\/\/radioleinewelle.de\/index.php\/2023\/03\/04\/klimastreik-am-03-03-in-goettingen\/"},"author":{"name":"Leinewelle","@id":"https:\/\/radioleinewelle.de\/#\/schema\/person\/45606f348637df637192dc1b68399a63"},"headline":"Klimastreik am 03.03. in G\u00f6ttingen","datePublished":"2023-03-04T10:07:28+00:00","dateModified":"2023-03-04T10:09:00+00:00","mainEntityOfPage":{"@id":"https:\/\/radioleinewelle.de\/index.php\/2023\/03\/04\/klimastreik-am-03-03-in-goettingen\/"},"wordCount":262,"commentCount":0,"publisher":{"@id":"https:\/\/radioleinewelle.de\/#organization"},"image":{"@id":"https:\/\/radioleinewelle.de\/index.php\/2023\/03\/04\/klimastreik-am-03-03-in-goettingen\/#primaryimage"},"thumbnailUrl":"https:\/\/radioleinewelle.de\/wp-content\/uploads\/2023\/03\/12-Klimastreik-FFF-Verdi-Goe-126-min-scaled-e1677921288659.jpg","articleSection":["Gesellschaft"],"inLanguage":"de","potentialAction":[{"@type":"CommentAction","name":"Comment","target":["https:\/\/radioleinewelle.de\/index.php\/2023\/03\/04\/klimastreik-am-03-03-in-goettingen\/#respond"]}]},{"@type":"WebPage","@id":"https:\/\/radioleinewelle.de\/index.php\/2023\/03\/04\/klimastreik-am-03-03-in-goettingen\/","url":"https:\/\/radioleinewelle.de\/index.php\/2023\/03\/04\/klimastreik-am-03-03-in-goettingen\/","name":"Klimastreik am 03.03. in G\u00f6ttingen - Radio Leinewelle","isPartOf":{"@id":"https:\/\/radioleinewelle.de\/#website"},"primaryImageOfPage":{"@id":"https:\/\/radioleinewelle.de\/index.php\/2023\/03\/04\/klimastreik-am-03-03-in-goettingen\/#primaryimage"},"image":{"@id":"https:\/\/radioleinewelle.de\/index.php\/2023\/03\/04\/klimastreik-am-03-03-in-goettingen\/#primaryimage"},"thumbnailUrl":"https:\/\/radioleinewelle.de\/wp-content\/uploads\/2023\/03\/12-Klimastreik-FFF-Verdi-Goe-126-min-scaled-e1677921288659.jpg","datePublished":"2023-03-04T10:07:28+00:00","dateModified":"2023-03-04T10:09:00+00:00","breadcrumb":{"@id":"https:\/\/radioleinewelle.de\/index.php\/2023\/03\/04\/klimastreik-am-03-03-in-goettingen\/#breadcrumb"},"inLanguage":"de","potentialAction":[{"@type":"ReadAction","target":["https:\/\/radioleinewelle.de\/index.php\/2023\/03\/04\/klimastreik-am-03-03-in-goettingen\/"]}]},{"@type":"ImageObject","inLanguage":"de","@id":"https:\/\/radioleinewelle.de\/index.php\/2023\/03\/04\/klimastreik-am-03-03-in-goettingen\/#primaryimage","url":"https:\/\/radioleinewelle.de\/wp-content\/uploads\/2023\/03\/12-Klimastreik-FFF-Verdi-Goe-126-min-scaled-e1677921288659.jpg","contentUrl":"https:\/\/radioleinewelle.de\/wp-content\/uploads\/2023\/03\/12-Klimastreik-FFF-Verdi-Goe-126-min-scaled-e1677921288659.jpg","width":1000,"height":563},{"@type":"BreadcrumbList","@id":"https:\/\/radioleinewelle.de\/index.php\/2023\/03\/04\/klimastreik-am-03-03-in-goettingen\/#breadcrumb","itemListElement":[{"@type":"ListItem","position":1,"name":"Startseite","item":"https:\/\/radioleinewelle.de\/"},{"@type":"ListItem","position":2,"name":"Klimastreik am 03.03. in G\u00f6ttingen"}]},{"@type":"WebSite","@id":"https:\/\/radioleinewelle.de\/#website","url":"https:\/\/radioleinewelle.de\/","name":"Radio Leinewelle","description":"","publisher":{"@id":"https:\/\/radioleinewelle.de\/#organization"},"potentialAction":[{"@type":"SearchAction","target":{"@type":"EntryPoint","urlTemplate":"https:\/\/radioleinewelle.de\/?s={search_term_string}"},"query-input":{"@type":"PropertyValueSpecification","valueRequired":true,"valueName":"search_term_string"}}],"inLanguage":"de"},{"@type":"Organization","@id":"https:\/\/radioleinewelle.de\/#organization","name":"Radio Leinewelle","alternateName":"Mein Radio f\u00fcr S\u00fcdniedersachsen","url":"https:\/\/radioleinewelle.de\/","logo":{"@type":"ImageObject","inLanguage":"de","@id":"https:\/\/radioleinewelle.de\/#\/schema\/logo\/image\/","url":"https:\/\/radioleinewelle.de\/wp-content\/uploads\/2023\/11\/cropped-Leinewelle_Logo_weiss.png","contentUrl":"https:\/\/radioleinewelle.de\/wp-content\/uploads\/2023\/11\/cropped-Leinewelle_Logo_weiss.png","width":854,"height":260,"caption":"Radio Leinewelle"},"image":{"@id":"https:\/\/radioleinewelle.de\/#\/schema\/logo\/image\/"},"sameAs":["https:\/\/www.facebook.com\/radioleinewelle","https:\/\/x.com\/RLeinewelle","https:\/\/www.instagram.com\/radioleinewelle\/?hl=de"]},{"@type":"Person","@id":"https:\/\/radioleinewelle.de\/#\/schema\/person\/45606f348637df637192dc1b68399a63","name":"Leinewelle","image":{"@type":"ImageObject","inLanguage":"de","@id":"https:\/\/secure.gravatar.com\/avatar\/05c9a17bc973052ee5d91549bd32fb4dd0dc85b7b85ae94b2e2b4943476bbea5?s=96&d=blank&r=g","url":"https:\/\/secure.gravatar.com\/avatar\/05c9a17bc973052ee5d91549bd32fb4dd0dc85b7b85ae94b2e2b4943476bbea5?s=96&d=blank&r=g","contentUrl":"https:\/\/secure.gravatar.com\/avatar\/05c9a17bc973052ee5d91549bd32fb4dd0dc85b7b85ae94b2e2b4943476bbea5?s=96&d=blank&r=g","caption":"Leinewelle"},"sameAs":["http:\/\/localhost\/radio%20leinewelle\/wordpress","https:\/\/www.facebook.com\/radioleinewelle","https:\/\/www.instagram.com\/radioleinewelle","https:\/\/x.com\/https:\/\/twitter.com\/RLeinewelle?ref_src=twsrcgoogletwcampserptwgrauthor","https:\/\/soundcloud.com\/foerderverein-lokalradio?utm_source=clipboard&utm_medium=text&utm_campaign=social_sharing"],"url":"https:\/\/radioleinewelle.de\/index.php\/author\/leinewelle\/"}]}},"_links":{"self":[{"href":"https:\/\/radioleinewelle.de\/index.php\/wp-json\/wp\/v2\/posts\/21957","targetHints":{"allow":["GET"]}}],"collection":[{"href":"https:\/\/radioleinewelle.de\/index.php\/wp-json\/wp\/v2\/posts"}],"about":[{"href":"https:\/\/radioleinewelle.de\/index.php\/wp-json\/wp\/v2\/types\/post"}],"author":[{"embeddable":true,"href":"https:\/\/radioleinewelle.de\/index.php\/wp-json\/wp\/v2\/users\/1"}],"replies":[{"embeddable":true,"href":"https:\/\/radioleinewelle.de\/index.php\/wp-json\/wp\/v2\/comments?post=21957"}],"version-history":[{"count":6,"href":"https:\/\/radioleinewelle.de\/index.php\/wp-json\/wp\/v2\/posts\/21957\/revisions"}],"predecessor-version":[{"id":21970,"href":"https:\/\/radioleinewelle.de\/index.php\/wp-json\/wp\/v2\/posts\/21957\/revisions\/21970"}],"wp:featuredmedia":[{"embeddable":true,"href":"https:\/\/radioleinewelle.de\/index.php\/wp-json\/wp\/v2\/media\/21965"}],"wp:attachment":[{"href":"https:\/\/radioleinewelle.de\/index.php\/wp-json\/wp\/v2\/media?parent=21957"}],"wp:term":[{"taxonomy":"category","embeddable":true,"href":"https:\/\/radioleinewelle.de\/index.php\/wp-json\/wp\/v2\/categories?post=21957"},{"taxonomy":"post_tag","embeddable":true,"href":"https:\/\/radioleinewelle.de\/index.php\/wp-json\/wp\/v2\/tags?post=21957"}],"curies":[{"name":"wp","href":"https:\/\/api.w.org\/{rel}","templated":true}]}}