{"id":2205,"date":"2020-10-08T08:51:07","date_gmt":"2020-10-08T06:51:07","guid":{"rendered":"https:\/\/radioleinewelle.de\/?p=2205"},"modified":"2020-10-08T08:51:07","modified_gmt":"2020-10-08T06:51:07","slug":"projekt-gruene-orte-fassadenbegruenung-in-der-goettinger-innenstadt","status":"publish","type":"post","link":"https:\/\/radioleinewelle.de\/index.php\/2020\/10\/08\/projekt-gruene-orte-fassadenbegruenung-in-der-goettinger-innenstadt\/","title":{"rendered":"Projekt &#8222;Gr\u00fcne Orte&#8220;: Fassadenbegr\u00fcnung in der G\u00f6ttinger Innenstadt"},"content":{"rendered":"<div class=\"magazinetext\">\n<div class=\"magazineshorttext\">Im Rahmen des Projekts \u201aGr\u00fcne Orte\u2018 des Fachdienstes Gr\u00fcnfl\u00e4chen der Stadt G\u00f6ttingen wird eine erste Fassadenbegr\u00fcnung am Nikolaikirchhof realisiert. Am Donnerstag, 8. Oktober 2020, werden drei Kletterrosen der Sorte \u201eGolden Gate\u201c (Z\u00fcchter W. Kordes S\u00f6hne) um 10.00 Uhr am Haus Nikolaikirchhof 2 mit Unterst\u00fctzung des Baubetriebshofes gepflanzt.<\/div>\n<\/div>\n<p>Das Projekt bietet Hauseigent\u00fcmern in der Innenstadt die M\u00f6glichkeit bei Fassadenbegr\u00fcnungsvorhaben, Gr\u00fcn und Artenvielfalt in die Innenstadt zu holen.<\/p>\n<div class=\"magazinetext\">\n<p>Urbanes Gr\u00fcn ist eng verbunden mit unserer Kultur, Geschichte und Lebensqualit\u00e4t. Ferner bietet es t\u00e4glich Besonderes und Wertvolles f\u00fcr unsere Sinne. Eine Hausfassade, an der sich gr\u00fcne oder bl\u00fchende Ranken emporwinden, ist nicht nur ein echter Hingucker, die Pflanzen verbessern auch die Luftqualit\u00e4t in ihrer Umgebung.<\/p>\n<p>Von der Beratung in Kooperation mit dem BUND, \u00fcber die Abstimmung verwaltungstechnischer Bedingungen (Eingriff in Gehwege, Denkmalschutz etc.) bis hin zur Spende der Pflanzen unterst\u00fctzt dabei der Fachdienst Gr\u00fcnfl\u00e4chen der Stadt G\u00f6ttingen. Lediglich passende Rank-Hilfen m\u00fcssen vom Eigent\u00fcmer selbst beschafft und an der eigenen Fassade angebracht werden.<\/p>\n<p>Weitere Projekte stehen in der \u201eD\u00fcstere Stra\u00dfe\u201c und in der \u201eRote Stra\u00dfe\u201c bereits an. Hier finden die Pflanzungen im Anschluss an die dort zurzeit durchgef\u00fchrten Stra\u00dfenbauarbeiten statt.<\/p>\n<\/div>\n","protected":false},"excerpt":{"rendered":"<p>Im Rahmen des Projekts \u201aGr\u00fcne Orte\u2018 des Fachdienstes Gr\u00fcnfl\u00e4chen der Stadt G\u00f6ttingen wird eine erste Fassadenbegr\u00fcnung am Nikolaikirchhof realisiert. Am Donnerstag, 8. Oktober 2020, werden drei Kletterrosen der Sorte \u201eGolden Gate\u201c (Z\u00fcchter W. Kordes S\u00f6hne) um 10.00 Uhr am Haus Nikolaikirchhof 2 mit Unterst\u00fctzung des Baubetriebshofes gepflanzt. Das Projekt bietet Hauseigent\u00fcmern in der Innenstadt die [&hellip;]<\/p>\n","protected":false},"author":1,"featured_media":2206,"comment_status":"closed","ping_status":"closed","sticky":false,"template":"","format":"standard","meta":{"saved_in_kubio":false,"footnotes":""},"categories":[24],"tags":[],"class_list":["post-2205","post","type-post","status-publish","format-standard","has-post-thumbnail","hentry","category-news"],"yoast_head":"<!-- This site is optimized with the Yoast SEO plugin v27.5 - https:\/\/yoast.com\/product\/yoast-seo-wordpress\/ -->\n<title>Projekt &quot;Gr\u00fcne Orte&quot;: Fassadenbegr\u00fcnung in der G\u00f6ttinger Innenstadt - Radio Leinewelle<\/title>\n<meta name=\"robots\" content=\"index, follow, max-snippet:-1, max-image-preview:large, max-video-preview:-1\" \/>\n<link rel=\"canonical\" href=\"https:\/\/radioleinewelle.de\/index.php\/2020\/10\/08\/projekt-gruene-orte-fassadenbegruenung-in-der-goettinger-innenstadt\/\" \/>\n<meta property=\"og:locale\" content=\"de_DE\" \/>\n<meta property=\"og:type\" content=\"article\" \/>\n<meta property=\"og:title\" content=\"Projekt &quot;Gr\u00fcne Orte&quot;: Fassadenbegr\u00fcnung in der G\u00f6ttinger Innenstadt - Radio Leinewelle\" \/>\n<meta property=\"og:description\" content=\"Im Rahmen des Projekts \u201aGr\u00fcne Orte\u2018 des Fachdienstes Gr\u00fcnfl\u00e4chen der Stadt G\u00f6ttingen wird eine erste Fassadenbegr\u00fcnung am Nikolaikirchhof realisiert. Am Donnerstag, 8. Oktober 2020, werden drei Kletterrosen der Sorte \u201eGolden Gate\u201c (Z\u00fcchter W. Kordes S\u00f6hne) um 10.00 Uhr am Haus Nikolaikirchhof 2 mit Unterst\u00fctzung des Baubetriebshofes gepflanzt. Das Projekt bietet Hauseigent\u00fcmern in der Innenstadt die [&hellip;]\" \/>\n<meta property=\"og:url\" content=\"https:\/\/radioleinewelle.de\/index.php\/2020\/10\/08\/projekt-gruene-orte-fassadenbegruenung-in-der-goettinger-innenstadt\/\" \/>\n<meta property=\"og:site_name\" content=\"Radio Leinewelle\" \/>\n<meta property=\"article:publisher\" content=\"https:\/\/www.facebook.com\/radioleinewelle\" \/>\n<meta property=\"article:author\" content=\"https:\/\/www.facebook.com\/radioleinewelle\" \/>\n<meta property=\"article:published_time\" content=\"2020-10-08T06:51:07+00:00\" \/>\n<meta property=\"og:image\" content=\"https:\/\/radioleinewelle.de\/wp-content\/uploads\/2020\/10\/bratislava-1138414_640.jpg\" \/>\n\t<meta property=\"og:image:width\" content=\"640\" \/>\n\t<meta property=\"og:image:height\" content=\"360\" \/>\n\t<meta property=\"og:image:type\" content=\"image\/jpeg\" \/>\n<meta name=\"author\" content=\"Leinewelle\" \/>\n<meta name=\"twitter:card\" content=\"summary_large_image\" \/>\n<meta name=\"twitter:creator\" content=\"@https:\/\/twitter.com\/RLeinewelle?ref_src=twsrcgoogletwcampserptwgrauthor\" \/>\n<meta name=\"twitter:site\" content=\"@RLeinewelle\" \/>\n<meta name=\"twitter:label1\" content=\"Verfasst von\" \/>\n\t<meta name=\"twitter:data1\" content=\"Leinewelle\" \/>\n\t<meta name=\"twitter:label2\" content=\"Gesch\u00e4tzte Lesezeit\" \/>\n\t<meta name=\"twitter:data2\" content=\"1\u00a0Minute\" \/>\n<script type=\"application\/ld+json\" class=\"yoast-schema-graph\">{\"@context\":\"https:\\\/\\\/schema.org\",\"@graph\":[{\"@type\":\"Article\",\"@id\":\"https:\\\/\\\/radioleinewelle.de\\\/index.php\\\/2020\\\/10\\\/08\\\/projekt-gruene-orte-fassadenbegruenung-in-der-goettinger-innenstadt\\\/#article\",\"isPartOf\":{\"@id\":\"https:\\\/\\\/radioleinewelle.de\\\/index.php\\\/2020\\\/10\\\/08\\\/projekt-gruene-orte-fassadenbegruenung-in-der-goettinger-innenstadt\\\/\"},\"author\":{\"name\":\"Leinewelle\",\"@id\":\"https:\\\/\\\/radioleinewelle.de\\\/#\\\/schema\\\/person\\\/45606f348637df637192dc1b68399a63\"},\"headline\":\"Projekt &#8222;Gr\u00fcne Orte&#8220;: Fassadenbegr\u00fcnung in der G\u00f6ttinger Innenstadt\",\"datePublished\":\"2020-10-08T06:51:07+00:00\",\"mainEntityOfPage\":{\"@id\":\"https:\\\/\\\/radioleinewelle.de\\\/index.php\\\/2020\\\/10\\\/08\\\/projekt-gruene-orte-fassadenbegruenung-in-der-goettinger-innenstadt\\\/\"},\"wordCount\":223,\"publisher\":{\"@id\":\"https:\\\/\\\/radioleinewelle.de\\\/#organization\"},\"image\":{\"@id\":\"https:\\\/\\\/radioleinewelle.de\\\/index.php\\\/2020\\\/10\\\/08\\\/projekt-gruene-orte-fassadenbegruenung-in-der-goettinger-innenstadt\\\/#primaryimage\"},\"thumbnailUrl\":\"https:\\\/\\\/radioleinewelle.de\\\/wp-content\\\/uploads\\\/2020\\\/10\\\/bratislava-1138414_640.jpg\",\"articleSection\":[\"Aktuelle Nachrichten\"],\"inLanguage\":\"de\"},{\"@type\":\"WebPage\",\"@id\":\"https:\\\/\\\/radioleinewelle.de\\\/index.php\\\/2020\\\/10\\\/08\\\/projekt-gruene-orte-fassadenbegruenung-in-der-goettinger-innenstadt\\\/\",\"url\":\"https:\\\/\\\/radioleinewelle.de\\\/index.php\\\/2020\\\/10\\\/08\\\/projekt-gruene-orte-fassadenbegruenung-in-der-goettinger-innenstadt\\\/\",\"name\":\"Projekt \\\"Gr\u00fcne Orte\\\": Fassadenbegr\u00fcnung in der G\u00f6ttinger Innenstadt - Radio Leinewelle\",\"isPartOf\":{\"@id\":\"https:\\\/\\\/radioleinewelle.de\\\/#website\"},\"primaryImageOfPage\":{\"@id\":\"https:\\\/\\\/radioleinewelle.de\\\/index.php\\\/2020\\\/10\\\/08\\\/projekt-gruene-orte-fassadenbegruenung-in-der-goettinger-innenstadt\\\/#primaryimage\"},\"image\":{\"@id\":\"https:\\\/\\\/radioleinewelle.de\\\/index.php\\\/2020\\\/10\\\/08\\\/projekt-gruene-orte-fassadenbegruenung-in-der-goettinger-innenstadt\\\/#primaryimage\"},\"thumbnailUrl\":\"https:\\\/\\\/radioleinewelle.de\\\/wp-content\\\/uploads\\\/2020\\\/10\\\/bratislava-1138414_640.jpg\",\"datePublished\":\"2020-10-08T06:51:07+00:00\",\"breadcrumb\":{\"@id\":\"https:\\\/\\\/radioleinewelle.de\\\/index.php\\\/2020\\\/10\\\/08\\\/projekt-gruene-orte-fassadenbegruenung-in-der-goettinger-innenstadt\\\/#breadcrumb\"},\"inLanguage\":\"de\",\"potentialAction\":[{\"@type\":\"ReadAction\",\"target\":[\"https:\\\/\\\/radioleinewelle.de\\\/index.php\\\/2020\\\/10\\\/08\\\/projekt-gruene-orte-fassadenbegruenung-in-der-goettinger-innenstadt\\\/\"]}]},{\"@type\":\"ImageObject\",\"inLanguage\":\"de\",\"@id\":\"https:\\\/\\\/radioleinewelle.de\\\/index.php\\\/2020\\\/10\\\/08\\\/projekt-gruene-orte-fassadenbegruenung-in-der-goettinger-innenstadt\\\/#primaryimage\",\"url\":\"https:\\\/\\\/radioleinewelle.de\\\/wp-content\\\/uploads\\\/2020\\\/10\\\/bratislava-1138414_640.jpg\",\"contentUrl\":\"https:\\\/\\\/radioleinewelle.de\\\/wp-content\\\/uploads\\\/2020\\\/10\\\/bratislava-1138414_640.jpg\",\"width\":640,\"height\":360},{\"@type\":\"BreadcrumbList\",\"@id\":\"https:\\\/\\\/radioleinewelle.de\\\/index.php\\\/2020\\\/10\\\/08\\\/projekt-gruene-orte-fassadenbegruenung-in-der-goettinger-innenstadt\\\/#breadcrumb\",\"itemListElement\":[{\"@type\":\"ListItem\",\"position\":1,\"name\":\"Startseite\",\"item\":\"https:\\\/\\\/radioleinewelle.de\\\/\"},{\"@type\":\"ListItem\",\"position\":2,\"name\":\"Projekt &#8222;Gr\u00fcne Orte&#8220;: Fassadenbegr\u00fcnung in der G\u00f6ttinger Innenstadt\"}]},{\"@type\":\"WebSite\",\"@id\":\"https:\\\/\\\/radioleinewelle.de\\\/#website\",\"url\":\"https:\\\/\\\/radioleinewelle.de\\\/\",\"name\":\"Radio Leinewelle\",\"description\":\"\",\"publisher\":{\"@id\":\"https:\\\/\\\/radioleinewelle.de\\\/#organization\"},\"potentialAction\":[{\"@type\":\"SearchAction\",\"target\":{\"@type\":\"EntryPoint\",\"urlTemplate\":\"https:\\\/\\\/radioleinewelle.de\\\/?s={search_term_string}\"},\"query-input\":{\"@type\":\"PropertyValueSpecification\",\"valueRequired\":true,\"valueName\":\"search_term_string\"}}],\"inLanguage\":\"de\"},{\"@type\":\"Organization\",\"@id\":\"https:\\\/\\\/radioleinewelle.de\\\/#organization\",\"name\":\"Radio Leinewelle\",\"alternateName\":\"Mein Radio f\u00fcr S\u00fcdniedersachsen\",\"url\":\"https:\\\/\\\/radioleinewelle.de\\\/\",\"logo\":{\"@type\":\"ImageObject\",\"inLanguage\":\"de\",\"@id\":\"https:\\\/\\\/radioleinewelle.de\\\/#\\\/schema\\\/logo\\\/image\\\/\",\"url\":\"https:\\\/\\\/radioleinewelle.de\\\/wp-content\\\/uploads\\\/2023\\\/11\\\/cropped-Leinewelle_Logo_weiss.png\",\"contentUrl\":\"https:\\\/\\\/radioleinewelle.de\\\/wp-content\\\/uploads\\\/2023\\\/11\\\/cropped-Leinewelle_Logo_weiss.png\",\"width\":854,\"height\":260,\"caption\":\"Radio Leinewelle\"},\"image\":{\"@id\":\"https:\\\/\\\/radioleinewelle.de\\\/#\\\/schema\\\/logo\\\/image\\\/\"},\"sameAs\":[\"https:\\\/\\\/www.facebook.com\\\/radioleinewelle\",\"https:\\\/\\\/x.com\\\/RLeinewelle\",\"https:\\\/\\\/www.instagram.com\\\/radioleinewelle\\\/?hl=de\"]},{\"@type\":\"Person\",\"@id\":\"https:\\\/\\\/radioleinewelle.de\\\/#\\\/schema\\\/person\\\/45606f348637df637192dc1b68399a63\",\"name\":\"Leinewelle\",\"image\":{\"@type\":\"ImageObject\",\"inLanguage\":\"de\",\"@id\":\"https:\\\/\\\/secure.gravatar.com\\\/avatar\\\/05c9a17bc973052ee5d91549bd32fb4dd0dc85b7b85ae94b2e2b4943476bbea5?s=96&d=blank&r=g\",\"url\":\"https:\\\/\\\/secure.gravatar.com\\\/avatar\\\/05c9a17bc973052ee5d91549bd32fb4dd0dc85b7b85ae94b2e2b4943476bbea5?s=96&d=blank&r=g\",\"contentUrl\":\"https:\\\/\\\/secure.gravatar.com\\\/avatar\\\/05c9a17bc973052ee5d91549bd32fb4dd0dc85b7b85ae94b2e2b4943476bbea5?s=96&d=blank&r=g\",\"caption\":\"Leinewelle\"},\"sameAs\":[\"http:\\\/\\\/localhost\\\/radio%20leinewelle\\\/wordpress\",\"https:\\\/\\\/www.facebook.com\\\/radioleinewelle\",\"https:\\\/\\\/www.instagram.com\\\/radioleinewelle\",\"https:\\\/\\\/x.com\\\/https:\\\/\\\/twitter.com\\\/RLeinewelle?ref_src=twsrcgoogletwcampserptwgrauthor\",\"https:\\\/\\\/soundcloud.com\\\/foerderverein-lokalradio?utm_source=clipboard&utm_medium=text&utm_campaign=social_sharing\"],\"url\":\"https:\\\/\\\/radioleinewelle.de\\\/index.php\\\/author\\\/leinewelle\\\/\"}]}<\/script>\n<!-- \/ Yoast SEO plugin. -->","yoast_head_json":{"title":"Projekt \"Gr\u00fcne Orte\": Fassadenbegr\u00fcnung in der G\u00f6ttinger Innenstadt - Radio Leinewelle","robots":{"index":"index","follow":"follow","max-snippet":"max-snippet:-1","max-image-preview":"max-image-preview:large","max-video-preview":"max-video-preview:-1"},"canonical":"https:\/\/radioleinewelle.de\/index.php\/2020\/10\/08\/projekt-gruene-orte-fassadenbegruenung-in-der-goettinger-innenstadt\/","og_locale":"de_DE","og_type":"article","og_title":"Projekt \"Gr\u00fcne Orte\": Fassadenbegr\u00fcnung in der G\u00f6ttinger Innenstadt - Radio Leinewelle","og_description":"Im Rahmen des Projekts \u201aGr\u00fcne Orte\u2018 des Fachdienstes Gr\u00fcnfl\u00e4chen der Stadt G\u00f6ttingen wird eine erste Fassadenbegr\u00fcnung am Nikolaikirchhof realisiert. Am Donnerstag, 8. Oktober 2020, werden drei Kletterrosen der Sorte \u201eGolden Gate\u201c (Z\u00fcchter W. Kordes S\u00f6hne) um 10.00 Uhr am Haus Nikolaikirchhof 2 mit Unterst\u00fctzung des Baubetriebshofes gepflanzt. Das Projekt bietet Hauseigent\u00fcmern in der Innenstadt die [&hellip;]","og_url":"https:\/\/radioleinewelle.de\/index.php\/2020\/10\/08\/projekt-gruene-orte-fassadenbegruenung-in-der-goettinger-innenstadt\/","og_site_name":"Radio Leinewelle","article_publisher":"https:\/\/www.facebook.com\/radioleinewelle","article_author":"https:\/\/www.facebook.com\/radioleinewelle","article_published_time":"2020-10-08T06:51:07+00:00","og_image":[{"width":640,"height":360,"url":"https:\/\/radioleinewelle.de\/wp-content\/uploads\/2020\/10\/bratislava-1138414_640.jpg","type":"image\/jpeg"}],"author":"Leinewelle","twitter_card":"summary_large_image","twitter_creator":"@https:\/\/twitter.com\/RLeinewelle?ref_src=twsrcgoogletwcampserptwgrauthor","twitter_site":"@RLeinewelle","twitter_misc":{"Verfasst von":"Leinewelle","Gesch\u00e4tzte Lesezeit":"1\u00a0Minute"},"schema":{"@context":"https:\/\/schema.org","@graph":[{"@type":"Article","@id":"https:\/\/radioleinewelle.de\/index.php\/2020\/10\/08\/projekt-gruene-orte-fassadenbegruenung-in-der-goettinger-innenstadt\/#article","isPartOf":{"@id":"https:\/\/radioleinewelle.de\/index.php\/2020\/10\/08\/projekt-gruene-orte-fassadenbegruenung-in-der-goettinger-innenstadt\/"},"author":{"name":"Leinewelle","@id":"https:\/\/radioleinewelle.de\/#\/schema\/person\/45606f348637df637192dc1b68399a63"},"headline":"Projekt &#8222;Gr\u00fcne Orte&#8220;: Fassadenbegr\u00fcnung in der G\u00f6ttinger Innenstadt","datePublished":"2020-10-08T06:51:07+00:00","mainEntityOfPage":{"@id":"https:\/\/radioleinewelle.de\/index.php\/2020\/10\/08\/projekt-gruene-orte-fassadenbegruenung-in-der-goettinger-innenstadt\/"},"wordCount":223,"publisher":{"@id":"https:\/\/radioleinewelle.de\/#organization"},"image":{"@id":"https:\/\/radioleinewelle.de\/index.php\/2020\/10\/08\/projekt-gruene-orte-fassadenbegruenung-in-der-goettinger-innenstadt\/#primaryimage"},"thumbnailUrl":"https:\/\/radioleinewelle.de\/wp-content\/uploads\/2020\/10\/bratislava-1138414_640.jpg","articleSection":["Aktuelle Nachrichten"],"inLanguage":"de"},{"@type":"WebPage","@id":"https:\/\/radioleinewelle.de\/index.php\/2020\/10\/08\/projekt-gruene-orte-fassadenbegruenung-in-der-goettinger-innenstadt\/","url":"https:\/\/radioleinewelle.de\/index.php\/2020\/10\/08\/projekt-gruene-orte-fassadenbegruenung-in-der-goettinger-innenstadt\/","name":"Projekt \"Gr\u00fcne Orte\": Fassadenbegr\u00fcnung in der G\u00f6ttinger Innenstadt - Radio Leinewelle","isPartOf":{"@id":"https:\/\/radioleinewelle.de\/#website"},"primaryImageOfPage":{"@id":"https:\/\/radioleinewelle.de\/index.php\/2020\/10\/08\/projekt-gruene-orte-fassadenbegruenung-in-der-goettinger-innenstadt\/#primaryimage"},"image":{"@id":"https:\/\/radioleinewelle.de\/index.php\/2020\/10\/08\/projekt-gruene-orte-fassadenbegruenung-in-der-goettinger-innenstadt\/#primaryimage"},"thumbnailUrl":"https:\/\/radioleinewelle.de\/wp-content\/uploads\/2020\/10\/bratislava-1138414_640.jpg","datePublished":"2020-10-08T06:51:07+00:00","breadcrumb":{"@id":"https:\/\/radioleinewelle.de\/index.php\/2020\/10\/08\/projekt-gruene-orte-fassadenbegruenung-in-der-goettinger-innenstadt\/#breadcrumb"},"inLanguage":"de","potentialAction":[{"@type":"ReadAction","target":["https:\/\/radioleinewelle.de\/index.php\/2020\/10\/08\/projekt-gruene-orte-fassadenbegruenung-in-der-goettinger-innenstadt\/"]}]},{"@type":"ImageObject","inLanguage":"de","@id":"https:\/\/radioleinewelle.de\/index.php\/2020\/10\/08\/projekt-gruene-orte-fassadenbegruenung-in-der-goettinger-innenstadt\/#primaryimage","url":"https:\/\/radioleinewelle.de\/wp-content\/uploads\/2020\/10\/bratislava-1138414_640.jpg","contentUrl":"https:\/\/radioleinewelle.de\/wp-content\/uploads\/2020\/10\/bratislava-1138414_640.jpg","width":640,"height":360},{"@type":"BreadcrumbList","@id":"https:\/\/radioleinewelle.de\/index.php\/2020\/10\/08\/projekt-gruene-orte-fassadenbegruenung-in-der-goettinger-innenstadt\/#breadcrumb","itemListElement":[{"@type":"ListItem","position":1,"name":"Startseite","item":"https:\/\/radioleinewelle.de\/"},{"@type":"ListItem","position":2,"name":"Projekt &#8222;Gr\u00fcne Orte&#8220;: Fassadenbegr\u00fcnung in der G\u00f6ttinger Innenstadt"}]},{"@type":"WebSite","@id":"https:\/\/radioleinewelle.de\/#website","url":"https:\/\/radioleinewelle.de\/","name":"Radio Leinewelle","description":"","publisher":{"@id":"https:\/\/radioleinewelle.de\/#organization"},"potentialAction":[{"@type":"SearchAction","target":{"@type":"EntryPoint","urlTemplate":"https:\/\/radioleinewelle.de\/?s={search_term_string}"},"query-input":{"@type":"PropertyValueSpecification","valueRequired":true,"valueName":"search_term_string"}}],"inLanguage":"de"},{"@type":"Organization","@id":"https:\/\/radioleinewelle.de\/#organization","name":"Radio Leinewelle","alternateName":"Mein Radio f\u00fcr S\u00fcdniedersachsen","url":"https:\/\/radioleinewelle.de\/","logo":{"@type":"ImageObject","inLanguage":"de","@id":"https:\/\/radioleinewelle.de\/#\/schema\/logo\/image\/","url":"https:\/\/radioleinewelle.de\/wp-content\/uploads\/2023\/11\/cropped-Leinewelle_Logo_weiss.png","contentUrl":"https:\/\/radioleinewelle.de\/wp-content\/uploads\/2023\/11\/cropped-Leinewelle_Logo_weiss.png","width":854,"height":260,"caption":"Radio Leinewelle"},"image":{"@id":"https:\/\/radioleinewelle.de\/#\/schema\/logo\/image\/"},"sameAs":["https:\/\/www.facebook.com\/radioleinewelle","https:\/\/x.com\/RLeinewelle","https:\/\/www.instagram.com\/radioleinewelle\/?hl=de"]},{"@type":"Person","@id":"https:\/\/radioleinewelle.de\/#\/schema\/person\/45606f348637df637192dc1b68399a63","name":"Leinewelle","image":{"@type":"ImageObject","inLanguage":"de","@id":"https:\/\/secure.gravatar.com\/avatar\/05c9a17bc973052ee5d91549bd32fb4dd0dc85b7b85ae94b2e2b4943476bbea5?s=96&d=blank&r=g","url":"https:\/\/secure.gravatar.com\/avatar\/05c9a17bc973052ee5d91549bd32fb4dd0dc85b7b85ae94b2e2b4943476bbea5?s=96&d=blank&r=g","contentUrl":"https:\/\/secure.gravatar.com\/avatar\/05c9a17bc973052ee5d91549bd32fb4dd0dc85b7b85ae94b2e2b4943476bbea5?s=96&d=blank&r=g","caption":"Leinewelle"},"sameAs":["http:\/\/localhost\/radio%20leinewelle\/wordpress","https:\/\/www.facebook.com\/radioleinewelle","https:\/\/www.instagram.com\/radioleinewelle","https:\/\/x.com\/https:\/\/twitter.com\/RLeinewelle?ref_src=twsrcgoogletwcampserptwgrauthor","https:\/\/soundcloud.com\/foerderverein-lokalradio?utm_source=clipboard&utm_medium=text&utm_campaign=social_sharing"],"url":"https:\/\/radioleinewelle.de\/index.php\/author\/leinewelle\/"}]}},"_links":{"self":[{"href":"https:\/\/radioleinewelle.de\/index.php\/wp-json\/wp\/v2\/posts\/2205","targetHints":{"allow":["GET"]}}],"collection":[{"href":"https:\/\/radioleinewelle.de\/index.php\/wp-json\/wp\/v2\/posts"}],"about":[{"href":"https:\/\/radioleinewelle.de\/index.php\/wp-json\/wp\/v2\/types\/post"}],"author":[{"embeddable":true,"href":"https:\/\/radioleinewelle.de\/index.php\/wp-json\/wp\/v2\/users\/1"}],"replies":[{"embeddable":true,"href":"https:\/\/radioleinewelle.de\/index.php\/wp-json\/wp\/v2\/comments?post=2205"}],"version-history":[{"count":0,"href":"https:\/\/radioleinewelle.de\/index.php\/wp-json\/wp\/v2\/posts\/2205\/revisions"}],"wp:featuredmedia":[{"embeddable":true,"href":"https:\/\/radioleinewelle.de\/index.php\/wp-json\/wp\/v2\/media\/2206"}],"wp:attachment":[{"href":"https:\/\/radioleinewelle.de\/index.php\/wp-json\/wp\/v2\/media?parent=2205"}],"wp:term":[{"taxonomy":"category","embeddable":true,"href":"https:\/\/radioleinewelle.de\/index.php\/wp-json\/wp\/v2\/categories?post=2205"},{"taxonomy":"post_tag","embeddable":true,"href":"https:\/\/radioleinewelle.de\/index.php\/wp-json\/wp\/v2\/tags?post=2205"}],"curies":[{"name":"wp","href":"https:\/\/api.w.org\/{rel}","templated":true}]}}