{"id":2209,"date":"2020-10-09T08:53:53","date_gmt":"2020-10-09T06:53:53","guid":{"rendered":"https:\/\/radioleinewelle.de\/?p=2209"},"modified":"2020-10-09T08:53:53","modified_gmt":"2020-10-09T06:53:53","slug":"ideen-fuer-die-groner-tor-strasse","status":"publish","type":"post","link":"https:\/\/radioleinewelle.de\/index.php\/2020\/10\/09\/ideen-fuer-die-groner-tor-strasse\/","title":{"rendered":"Ideen f\u00fcr die Groner-Tor-Stra\u00dfe"},"content":{"rendered":"<p>Die Groner-Tor-Stra\u00dfe ist von Westen das Tor zur Innenstadt. Eine Umgestaltung der Stra\u00dfe, die zum Sanierungsgebiet \u201eS\u00fcdliche Innenstadt\u201c geh\u00f6rt, wird f\u00fcr die kommenden Jahre anvisiert. Im Rahmen einer Online-Beteiligung sollen nun die Entw\u00fcrfe und Varianten vorgestellt und bis 25. Oktober 2020 Ideen und Anregungen zu den jeweiligen Bausteinen gesammelt werden.<\/p>\n<p>Durch den Bus- und Lieferverkehr sind die Fahrbahnoberfl\u00e4chen besch\u00e4digt. Die Sch\u00e4den an der Fahrbahn wurden in dem Bereich meist nur provisorisch mit Asphalt ausgebessert. Ebenfalls sind die Geh- und Fahrradwege erneuerungsbed\u00fcrftig. Der derzeitige Zustand und die Beschaffenheit der Groner-Tor-Stra\u00dfe beeintr\u00e4chtigen das Erscheinungsbild dieses wichtigen Stadteingangs.<\/p>\n<p>Dar\u00fcber hinaus sind die M\u00e4ngel nicht nur optischer Natur, sondern auch funktional. So m\u00fcssen Leitungen der G\u00f6ttinger Entsorgungsbetriebe und Stadtwerke \u00fcberpr\u00fcft und auf den aktuellen Stand gebracht werden. Ebenso sind Telefon- und Internetleitungen zu pr\u00fcfen und m\u00fcssen ggf. erneuert werden. Hinsichtlich der Ausstattung der Stra\u00dfe wie B\u00e4nke, Abfalleimer oder Stra\u00dfenbeleuchtung gibt es zudem kein einheitliches Konzept.<\/p>\n<p>Das Planungsb\u00fcro Pesch Partner Architekten\u2502Stadtplaner GmbH aus Dortmund hat im Auftrag der Stadt in den vergangenen Monaten erste Entw\u00fcrfe f\u00fcr den Umbau der Groner-Tor-Stra\u00dfe erarbeitet. Diese wurden am 3. September 2020 dem\u00a0<a class=\"intern\" title=\"Ausschuss f\u00fcr Bauen, Planung und Grundst\u00fccke\" href=\"https:\/\/ratsinfo.goettingen.de\/bi\/to010.asp?SILFDNR=4878\" target=\"_blank\" rel=\"noopener\">Ausschuss f\u00fcr Bauen, Planung und Grundst\u00fccke<\/a>\u00a0pr\u00e4sentiert. Die Entw\u00fcrfe sollen nun den B\u00fcrgerinnen und B\u00fcrgern vorstellt und diskutiert werden sowie Ideen und Anregungen gesammelt werden.<\/p>\n<p>Hierf\u00fcr stehen bis zum 25. Oktober 2020 unter\u00a0<a class=\"intern\" title=\"goe.de\/gts\" href=\"https:\/\/goettingen.de\/suedliche-innenstadt\/groner-tor-strasse\/groner-tor-strasse-online-beteiligung.html\" target=\"_blank\" rel=\"noopener\">goe.de\/gts<\/a>\u00a0Informationen und Online-Frageb\u00f6gen zu den jeweiligen Entw\u00fcrfen zur Verf\u00fcgung.<\/p>\n<p>Aufgrund der aktuellen Corona-Pandemie ist eine B\u00fcrgerbeteiligung in Form eines Workshops derzeit nicht m\u00f6glich.<\/p>\n<p>2015 hat das Nieders\u00e4chsische Ministerium f\u00fcr Soziales, Gesundheit und Gleichstellung das Gebiet\u00a0<a class=\"intern\" title=\"\u201eS\u00fcdliche Innenstadt\u201c\" href=\"https:\/\/goettingen.de\/suedliche-innenstadt.html\" target=\"_blank\" rel=\"noopener\">\u201eS\u00fcdliche Innenstadt\u201c<\/a>\u00a0in das F\u00f6rderprogramm \u201eAktiver Stadt- und Ortsteilzentren\u201c aufgenommen. In den vergangenen Jahren wurden bereits die Groner Stra\u00dfe, Pandektengasse und die Nikolaistra\u00dfe neugestaltet und ausgebaut. Derzeit dauern die Arbeiten in der D\u00fcsteren Stra\u00dfe und am Bau des \u201eKunsthauses\u201c mit dem r\u00fcckw\u00e4rtigen Innenhof noch an. Die letzte gro\u00dfe Stra\u00dfenbauma\u00dfnahme im Sanierungsgebiet \u201eS\u00fcdliche Innenstadt\u201c ist die Groner-Tor-Stra\u00dfe.<\/p>\n<p>Im Rahmen des ausgewiesenen Sanierungsgebietes kann die Stadt G\u00f6ttingen f\u00fcr die Sanierung F\u00f6rdergelder von Bund und Land erhalten. Diese finanzielle Unterst\u00fctzung ist ein wichtiger Finanzierungsbaustein f\u00fcr die Umgestaltung der Groner-Tor-Stra\u00dfe.<\/p>\n<p><em>Foto: Stadt G\u00f6ttingen<\/em><\/p>\n","protected":false},"excerpt":{"rendered":"<p>Die Groner-Tor-Stra\u00dfe ist von Westen das Tor zur Innenstadt. Eine Umgestaltung der Stra\u00dfe, die zum Sanierungsgebiet \u201eS\u00fcdliche Innenstadt\u201c geh\u00f6rt, wird f\u00fcr die kommenden Jahre anvisiert. Im Rahmen einer Online-Beteiligung sollen nun die Entw\u00fcrfe und Varianten vorgestellt und bis 25. Oktober 2020 Ideen und Anregungen zu den jeweiligen Bausteinen gesammelt werden. Durch den Bus- und Lieferverkehr [&hellip;]<\/p>\n","protected":false},"author":1,"featured_media":2210,"comment_status":"closed","ping_status":"closed","sticky":false,"template":"","format":"standard","meta":{"saved_in_kubio":false,"footnotes":""},"categories":[39],"tags":[],"class_list":["post-2209","post","type-post","status-publish","format-standard","has-post-thumbnail","hentry","category-lokalpolitik"],"yoast_head":"<!-- This site is optimized with the Yoast SEO plugin v27.5 - https:\/\/yoast.com\/product\/yoast-seo-wordpress\/ -->\n<title>Ideen f\u00fcr die Groner-Tor-Stra\u00dfe - Radio Leinewelle<\/title>\n<meta name=\"robots\" content=\"index, follow, max-snippet:-1, max-image-preview:large, max-video-preview:-1\" \/>\n<link rel=\"canonical\" href=\"https:\/\/radioleinewelle.de\/index.php\/2020\/10\/09\/ideen-fuer-die-groner-tor-strasse\/\" \/>\n<meta property=\"og:locale\" content=\"de_DE\" \/>\n<meta property=\"og:type\" content=\"article\" \/>\n<meta property=\"og:title\" content=\"Ideen f\u00fcr die Groner-Tor-Stra\u00dfe - Radio Leinewelle\" \/>\n<meta property=\"og:description\" content=\"Die Groner-Tor-Stra\u00dfe ist von Westen das Tor zur Innenstadt. Eine Umgestaltung der Stra\u00dfe, die zum Sanierungsgebiet \u201eS\u00fcdliche Innenstadt\u201c geh\u00f6rt, wird f\u00fcr die kommenden Jahre anvisiert. Im Rahmen einer Online-Beteiligung sollen nun die Entw\u00fcrfe und Varianten vorgestellt und bis 25. Oktober 2020 Ideen und Anregungen zu den jeweiligen Bausteinen gesammelt werden. Durch den Bus- und Lieferverkehr [&hellip;]\" \/>\n<meta property=\"og:url\" content=\"https:\/\/radioleinewelle.de\/index.php\/2020\/10\/09\/ideen-fuer-die-groner-tor-strasse\/\" \/>\n<meta property=\"og:site_name\" content=\"Radio Leinewelle\" \/>\n<meta property=\"article:publisher\" content=\"https:\/\/www.facebook.com\/radioleinewelle\" \/>\n<meta property=\"article:author\" content=\"https:\/\/www.facebook.com\/radioleinewelle\" \/>\n<meta property=\"article:published_time\" content=\"2020-10-09T06:53:53+00:00\" \/>\n<meta property=\"og:image\" content=\"https:\/\/radioleinewelle.de\/wp-content\/uploads\/2020\/10\/Groner-Tor.jpeg\" \/>\n\t<meta property=\"og:image:width\" content=\"780\" \/>\n\t<meta property=\"og:image:height\" content=\"353\" \/>\n\t<meta property=\"og:image:type\" content=\"image\/jpeg\" \/>\n<meta name=\"author\" content=\"Leinewelle\" \/>\n<meta name=\"twitter:card\" content=\"summary_large_image\" \/>\n<meta name=\"twitter:creator\" content=\"@https:\/\/twitter.com\/RLeinewelle?ref_src=twsrcgoogletwcampserptwgrauthor\" \/>\n<meta name=\"twitter:site\" content=\"@RLeinewelle\" \/>\n<meta name=\"twitter:label1\" content=\"Verfasst von\" \/>\n\t<meta name=\"twitter:data1\" content=\"Leinewelle\" \/>\n\t<meta name=\"twitter:label2\" content=\"Gesch\u00e4tzte Lesezeit\" \/>\n\t<meta name=\"twitter:data2\" content=\"2\u00a0Minuten\" \/>\n<script type=\"application\/ld+json\" class=\"yoast-schema-graph\">{\"@context\":\"https:\\\/\\\/schema.org\",\"@graph\":[{\"@type\":\"Article\",\"@id\":\"https:\\\/\\\/radioleinewelle.de\\\/index.php\\\/2020\\\/10\\\/09\\\/ideen-fuer-die-groner-tor-strasse\\\/#article\",\"isPartOf\":{\"@id\":\"https:\\\/\\\/radioleinewelle.de\\\/index.php\\\/2020\\\/10\\\/09\\\/ideen-fuer-die-groner-tor-strasse\\\/\"},\"author\":{\"name\":\"Leinewelle\",\"@id\":\"https:\\\/\\\/radioleinewelle.de\\\/#\\\/schema\\\/person\\\/45606f348637df637192dc1b68399a63\"},\"headline\":\"Ideen f\u00fcr die Groner-Tor-Stra\u00dfe\",\"datePublished\":\"2020-10-09T06:53:53+00:00\",\"mainEntityOfPage\":{\"@id\":\"https:\\\/\\\/radioleinewelle.de\\\/index.php\\\/2020\\\/10\\\/09\\\/ideen-fuer-die-groner-tor-strasse\\\/\"},\"wordCount\":403,\"publisher\":{\"@id\":\"https:\\\/\\\/radioleinewelle.de\\\/#organization\"},\"image\":{\"@id\":\"https:\\\/\\\/radioleinewelle.de\\\/index.php\\\/2020\\\/10\\\/09\\\/ideen-fuer-die-groner-tor-strasse\\\/#primaryimage\"},\"thumbnailUrl\":\"https:\\\/\\\/radioleinewelle.de\\\/wp-content\\\/uploads\\\/2020\\\/10\\\/Groner-Tor.jpeg\",\"articleSection\":[\"Lokalpolitik\"],\"inLanguage\":\"de\"},{\"@type\":\"WebPage\",\"@id\":\"https:\\\/\\\/radioleinewelle.de\\\/index.php\\\/2020\\\/10\\\/09\\\/ideen-fuer-die-groner-tor-strasse\\\/\",\"url\":\"https:\\\/\\\/radioleinewelle.de\\\/index.php\\\/2020\\\/10\\\/09\\\/ideen-fuer-die-groner-tor-strasse\\\/\",\"name\":\"Ideen f\u00fcr die Groner-Tor-Stra\u00dfe - Radio Leinewelle\",\"isPartOf\":{\"@id\":\"https:\\\/\\\/radioleinewelle.de\\\/#website\"},\"primaryImageOfPage\":{\"@id\":\"https:\\\/\\\/radioleinewelle.de\\\/index.php\\\/2020\\\/10\\\/09\\\/ideen-fuer-die-groner-tor-strasse\\\/#primaryimage\"},\"image\":{\"@id\":\"https:\\\/\\\/radioleinewelle.de\\\/index.php\\\/2020\\\/10\\\/09\\\/ideen-fuer-die-groner-tor-strasse\\\/#primaryimage\"},\"thumbnailUrl\":\"https:\\\/\\\/radioleinewelle.de\\\/wp-content\\\/uploads\\\/2020\\\/10\\\/Groner-Tor.jpeg\",\"datePublished\":\"2020-10-09T06:53:53+00:00\",\"breadcrumb\":{\"@id\":\"https:\\\/\\\/radioleinewelle.de\\\/index.php\\\/2020\\\/10\\\/09\\\/ideen-fuer-die-groner-tor-strasse\\\/#breadcrumb\"},\"inLanguage\":\"de\",\"potentialAction\":[{\"@type\":\"ReadAction\",\"target\":[\"https:\\\/\\\/radioleinewelle.de\\\/index.php\\\/2020\\\/10\\\/09\\\/ideen-fuer-die-groner-tor-strasse\\\/\"]}]},{\"@type\":\"ImageObject\",\"inLanguage\":\"de\",\"@id\":\"https:\\\/\\\/radioleinewelle.de\\\/index.php\\\/2020\\\/10\\\/09\\\/ideen-fuer-die-groner-tor-strasse\\\/#primaryimage\",\"url\":\"https:\\\/\\\/radioleinewelle.de\\\/wp-content\\\/uploads\\\/2020\\\/10\\\/Groner-Tor.jpeg\",\"contentUrl\":\"https:\\\/\\\/radioleinewelle.de\\\/wp-content\\\/uploads\\\/2020\\\/10\\\/Groner-Tor.jpeg\",\"width\":780,\"height\":353,\"caption\":\"Foto: Stadt G\u00f6ttingen\"},{\"@type\":\"BreadcrumbList\",\"@id\":\"https:\\\/\\\/radioleinewelle.de\\\/index.php\\\/2020\\\/10\\\/09\\\/ideen-fuer-die-groner-tor-strasse\\\/#breadcrumb\",\"itemListElement\":[{\"@type\":\"ListItem\",\"position\":1,\"name\":\"Startseite\",\"item\":\"https:\\\/\\\/radioleinewelle.de\\\/\"},{\"@type\":\"ListItem\",\"position\":2,\"name\":\"Ideen f\u00fcr die Groner-Tor-Stra\u00dfe\"}]},{\"@type\":\"WebSite\",\"@id\":\"https:\\\/\\\/radioleinewelle.de\\\/#website\",\"url\":\"https:\\\/\\\/radioleinewelle.de\\\/\",\"name\":\"Radio Leinewelle\",\"description\":\"\",\"publisher\":{\"@id\":\"https:\\\/\\\/radioleinewelle.de\\\/#organization\"},\"potentialAction\":[{\"@type\":\"SearchAction\",\"target\":{\"@type\":\"EntryPoint\",\"urlTemplate\":\"https:\\\/\\\/radioleinewelle.de\\\/?s={search_term_string}\"},\"query-input\":{\"@type\":\"PropertyValueSpecification\",\"valueRequired\":true,\"valueName\":\"search_term_string\"}}],\"inLanguage\":\"de\"},{\"@type\":\"Organization\",\"@id\":\"https:\\\/\\\/radioleinewelle.de\\\/#organization\",\"name\":\"Radio Leinewelle\",\"alternateName\":\"Mein Radio f\u00fcr S\u00fcdniedersachsen\",\"url\":\"https:\\\/\\\/radioleinewelle.de\\\/\",\"logo\":{\"@type\":\"ImageObject\",\"inLanguage\":\"de\",\"@id\":\"https:\\\/\\\/radioleinewelle.de\\\/#\\\/schema\\\/logo\\\/image\\\/\",\"url\":\"https:\\\/\\\/radioleinewelle.de\\\/wp-content\\\/uploads\\\/2023\\\/11\\\/cropped-Leinewelle_Logo_weiss.png\",\"contentUrl\":\"https:\\\/\\\/radioleinewelle.de\\\/wp-content\\\/uploads\\\/2023\\\/11\\\/cropped-Leinewelle_Logo_weiss.png\",\"width\":854,\"height\":260,\"caption\":\"Radio Leinewelle\"},\"image\":{\"@id\":\"https:\\\/\\\/radioleinewelle.de\\\/#\\\/schema\\\/logo\\\/image\\\/\"},\"sameAs\":[\"https:\\\/\\\/www.facebook.com\\\/radioleinewelle\",\"https:\\\/\\\/x.com\\\/RLeinewelle\",\"https:\\\/\\\/www.instagram.com\\\/radioleinewelle\\\/?hl=de\"]},{\"@type\":\"Person\",\"@id\":\"https:\\\/\\\/radioleinewelle.de\\\/#\\\/schema\\\/person\\\/45606f348637df637192dc1b68399a63\",\"name\":\"Leinewelle\",\"image\":{\"@type\":\"ImageObject\",\"inLanguage\":\"de\",\"@id\":\"https:\\\/\\\/secure.gravatar.com\\\/avatar\\\/05c9a17bc973052ee5d91549bd32fb4dd0dc85b7b85ae94b2e2b4943476bbea5?s=96&d=blank&r=g\",\"url\":\"https:\\\/\\\/secure.gravatar.com\\\/avatar\\\/05c9a17bc973052ee5d91549bd32fb4dd0dc85b7b85ae94b2e2b4943476bbea5?s=96&d=blank&r=g\",\"contentUrl\":\"https:\\\/\\\/secure.gravatar.com\\\/avatar\\\/05c9a17bc973052ee5d91549bd32fb4dd0dc85b7b85ae94b2e2b4943476bbea5?s=96&d=blank&r=g\",\"caption\":\"Leinewelle\"},\"sameAs\":[\"http:\\\/\\\/localhost\\\/radio%20leinewelle\\\/wordpress\",\"https:\\\/\\\/www.facebook.com\\\/radioleinewelle\",\"https:\\\/\\\/www.instagram.com\\\/radioleinewelle\",\"https:\\\/\\\/x.com\\\/https:\\\/\\\/twitter.com\\\/RLeinewelle?ref_src=twsrcgoogletwcampserptwgrauthor\",\"https:\\\/\\\/soundcloud.com\\\/foerderverein-lokalradio?utm_source=clipboard&utm_medium=text&utm_campaign=social_sharing\"],\"url\":\"https:\\\/\\\/radioleinewelle.de\\\/index.php\\\/author\\\/leinewelle\\\/\"}]}<\/script>\n<!-- \/ Yoast SEO plugin. -->","yoast_head_json":{"title":"Ideen f\u00fcr die Groner-Tor-Stra\u00dfe - Radio Leinewelle","robots":{"index":"index","follow":"follow","max-snippet":"max-snippet:-1","max-image-preview":"max-image-preview:large","max-video-preview":"max-video-preview:-1"},"canonical":"https:\/\/radioleinewelle.de\/index.php\/2020\/10\/09\/ideen-fuer-die-groner-tor-strasse\/","og_locale":"de_DE","og_type":"article","og_title":"Ideen f\u00fcr die Groner-Tor-Stra\u00dfe - Radio Leinewelle","og_description":"Die Groner-Tor-Stra\u00dfe ist von Westen das Tor zur Innenstadt. Eine Umgestaltung der Stra\u00dfe, die zum Sanierungsgebiet \u201eS\u00fcdliche Innenstadt\u201c geh\u00f6rt, wird f\u00fcr die kommenden Jahre anvisiert. Im Rahmen einer Online-Beteiligung sollen nun die Entw\u00fcrfe und Varianten vorgestellt und bis 25. Oktober 2020 Ideen und Anregungen zu den jeweiligen Bausteinen gesammelt werden. Durch den Bus- und Lieferverkehr [&hellip;]","og_url":"https:\/\/radioleinewelle.de\/index.php\/2020\/10\/09\/ideen-fuer-die-groner-tor-strasse\/","og_site_name":"Radio Leinewelle","article_publisher":"https:\/\/www.facebook.com\/radioleinewelle","article_author":"https:\/\/www.facebook.com\/radioleinewelle","article_published_time":"2020-10-09T06:53:53+00:00","og_image":[{"width":780,"height":353,"url":"https:\/\/radioleinewelle.de\/wp-content\/uploads\/2020\/10\/Groner-Tor.jpeg","type":"image\/jpeg"}],"author":"Leinewelle","twitter_card":"summary_large_image","twitter_creator":"@https:\/\/twitter.com\/RLeinewelle?ref_src=twsrcgoogletwcampserptwgrauthor","twitter_site":"@RLeinewelle","twitter_misc":{"Verfasst von":"Leinewelle","Gesch\u00e4tzte Lesezeit":"2\u00a0Minuten"},"schema":{"@context":"https:\/\/schema.org","@graph":[{"@type":"Article","@id":"https:\/\/radioleinewelle.de\/index.php\/2020\/10\/09\/ideen-fuer-die-groner-tor-strasse\/#article","isPartOf":{"@id":"https:\/\/radioleinewelle.de\/index.php\/2020\/10\/09\/ideen-fuer-die-groner-tor-strasse\/"},"author":{"name":"Leinewelle","@id":"https:\/\/radioleinewelle.de\/#\/schema\/person\/45606f348637df637192dc1b68399a63"},"headline":"Ideen f\u00fcr die Groner-Tor-Stra\u00dfe","datePublished":"2020-10-09T06:53:53+00:00","mainEntityOfPage":{"@id":"https:\/\/radioleinewelle.de\/index.php\/2020\/10\/09\/ideen-fuer-die-groner-tor-strasse\/"},"wordCount":403,"publisher":{"@id":"https:\/\/radioleinewelle.de\/#organization"},"image":{"@id":"https:\/\/radioleinewelle.de\/index.php\/2020\/10\/09\/ideen-fuer-die-groner-tor-strasse\/#primaryimage"},"thumbnailUrl":"https:\/\/radioleinewelle.de\/wp-content\/uploads\/2020\/10\/Groner-Tor.jpeg","articleSection":["Lokalpolitik"],"inLanguage":"de"},{"@type":"WebPage","@id":"https:\/\/radioleinewelle.de\/index.php\/2020\/10\/09\/ideen-fuer-die-groner-tor-strasse\/","url":"https:\/\/radioleinewelle.de\/index.php\/2020\/10\/09\/ideen-fuer-die-groner-tor-strasse\/","name":"Ideen f\u00fcr die Groner-Tor-Stra\u00dfe - Radio Leinewelle","isPartOf":{"@id":"https:\/\/radioleinewelle.de\/#website"},"primaryImageOfPage":{"@id":"https:\/\/radioleinewelle.de\/index.php\/2020\/10\/09\/ideen-fuer-die-groner-tor-strasse\/#primaryimage"},"image":{"@id":"https:\/\/radioleinewelle.de\/index.php\/2020\/10\/09\/ideen-fuer-die-groner-tor-strasse\/#primaryimage"},"thumbnailUrl":"https:\/\/radioleinewelle.de\/wp-content\/uploads\/2020\/10\/Groner-Tor.jpeg","datePublished":"2020-10-09T06:53:53+00:00","breadcrumb":{"@id":"https:\/\/radioleinewelle.de\/index.php\/2020\/10\/09\/ideen-fuer-die-groner-tor-strasse\/#breadcrumb"},"inLanguage":"de","potentialAction":[{"@type":"ReadAction","target":["https:\/\/radioleinewelle.de\/index.php\/2020\/10\/09\/ideen-fuer-die-groner-tor-strasse\/"]}]},{"@type":"ImageObject","inLanguage":"de","@id":"https:\/\/radioleinewelle.de\/index.php\/2020\/10\/09\/ideen-fuer-die-groner-tor-strasse\/#primaryimage","url":"https:\/\/radioleinewelle.de\/wp-content\/uploads\/2020\/10\/Groner-Tor.jpeg","contentUrl":"https:\/\/radioleinewelle.de\/wp-content\/uploads\/2020\/10\/Groner-Tor.jpeg","width":780,"height":353,"caption":"Foto: Stadt G\u00f6ttingen"},{"@type":"BreadcrumbList","@id":"https:\/\/radioleinewelle.de\/index.php\/2020\/10\/09\/ideen-fuer-die-groner-tor-strasse\/#breadcrumb","itemListElement":[{"@type":"ListItem","position":1,"name":"Startseite","item":"https:\/\/radioleinewelle.de\/"},{"@type":"ListItem","position":2,"name":"Ideen f\u00fcr die Groner-Tor-Stra\u00dfe"}]},{"@type":"WebSite","@id":"https:\/\/radioleinewelle.de\/#website","url":"https:\/\/radioleinewelle.de\/","name":"Radio Leinewelle","description":"","publisher":{"@id":"https:\/\/radioleinewelle.de\/#organization"},"potentialAction":[{"@type":"SearchAction","target":{"@type":"EntryPoint","urlTemplate":"https:\/\/radioleinewelle.de\/?s={search_term_string}"},"query-input":{"@type":"PropertyValueSpecification","valueRequired":true,"valueName":"search_term_string"}}],"inLanguage":"de"},{"@type":"Organization","@id":"https:\/\/radioleinewelle.de\/#organization","name":"Radio Leinewelle","alternateName":"Mein Radio f\u00fcr S\u00fcdniedersachsen","url":"https:\/\/radioleinewelle.de\/","logo":{"@type":"ImageObject","inLanguage":"de","@id":"https:\/\/radioleinewelle.de\/#\/schema\/logo\/image\/","url":"https:\/\/radioleinewelle.de\/wp-content\/uploads\/2023\/11\/cropped-Leinewelle_Logo_weiss.png","contentUrl":"https:\/\/radioleinewelle.de\/wp-content\/uploads\/2023\/11\/cropped-Leinewelle_Logo_weiss.png","width":854,"height":260,"caption":"Radio Leinewelle"},"image":{"@id":"https:\/\/radioleinewelle.de\/#\/schema\/logo\/image\/"},"sameAs":["https:\/\/www.facebook.com\/radioleinewelle","https:\/\/x.com\/RLeinewelle","https:\/\/www.instagram.com\/radioleinewelle\/?hl=de"]},{"@type":"Person","@id":"https:\/\/radioleinewelle.de\/#\/schema\/person\/45606f348637df637192dc1b68399a63","name":"Leinewelle","image":{"@type":"ImageObject","inLanguage":"de","@id":"https:\/\/secure.gravatar.com\/avatar\/05c9a17bc973052ee5d91549bd32fb4dd0dc85b7b85ae94b2e2b4943476bbea5?s=96&d=blank&r=g","url":"https:\/\/secure.gravatar.com\/avatar\/05c9a17bc973052ee5d91549bd32fb4dd0dc85b7b85ae94b2e2b4943476bbea5?s=96&d=blank&r=g","contentUrl":"https:\/\/secure.gravatar.com\/avatar\/05c9a17bc973052ee5d91549bd32fb4dd0dc85b7b85ae94b2e2b4943476bbea5?s=96&d=blank&r=g","caption":"Leinewelle"},"sameAs":["http:\/\/localhost\/radio%20leinewelle\/wordpress","https:\/\/www.facebook.com\/radioleinewelle","https:\/\/www.instagram.com\/radioleinewelle","https:\/\/x.com\/https:\/\/twitter.com\/RLeinewelle?ref_src=twsrcgoogletwcampserptwgrauthor","https:\/\/soundcloud.com\/foerderverein-lokalradio?utm_source=clipboard&utm_medium=text&utm_campaign=social_sharing"],"url":"https:\/\/radioleinewelle.de\/index.php\/author\/leinewelle\/"}]}},"_links":{"self":[{"href":"https:\/\/radioleinewelle.de\/index.php\/wp-json\/wp\/v2\/posts\/2209","targetHints":{"allow":["GET"]}}],"collection":[{"href":"https:\/\/radioleinewelle.de\/index.php\/wp-json\/wp\/v2\/posts"}],"about":[{"href":"https:\/\/radioleinewelle.de\/index.php\/wp-json\/wp\/v2\/types\/post"}],"author":[{"embeddable":true,"href":"https:\/\/radioleinewelle.de\/index.php\/wp-json\/wp\/v2\/users\/1"}],"replies":[{"embeddable":true,"href":"https:\/\/radioleinewelle.de\/index.php\/wp-json\/wp\/v2\/comments?post=2209"}],"version-history":[{"count":0,"href":"https:\/\/radioleinewelle.de\/index.php\/wp-json\/wp\/v2\/posts\/2209\/revisions"}],"wp:featuredmedia":[{"embeddable":true,"href":"https:\/\/radioleinewelle.de\/index.php\/wp-json\/wp\/v2\/media\/2210"}],"wp:attachment":[{"href":"https:\/\/radioleinewelle.de\/index.php\/wp-json\/wp\/v2\/media?parent=2209"}],"wp:term":[{"taxonomy":"category","embeddable":true,"href":"https:\/\/radioleinewelle.de\/index.php\/wp-json\/wp\/v2\/categories?post=2209"},{"taxonomy":"post_tag","embeddable":true,"href":"https:\/\/radioleinewelle.de\/index.php\/wp-json\/wp\/v2\/tags?post=2209"}],"curies":[{"name":"wp","href":"https:\/\/api.w.org\/{rel}","templated":true}]}}