{"id":22114,"date":"2023-03-11T10:38:47","date_gmt":"2023-03-11T09:38:47","guid":{"rendered":"https:\/\/radioleinewelle.de\/?p=22114"},"modified":"2023-03-11T10:38:49","modified_gmt":"2023-03-11T09:38:49","slug":"13-jaehriger-in-hann-muenden-von-unbekannten-angegriffen-zeugen-gesucht","status":"publish","type":"post","link":"https:\/\/radioleinewelle.de\/index.php\/2023\/03\/11\/13-jaehriger-in-hann-muenden-von-unbekannten-angegriffen-zeugen-gesucht\/","title":{"rendered":"13-j\u00e4hriger in Hann-M\u00fcnden von Unbekannten angegriffen &#8211; Zeugen gesucht"},"content":{"rendered":"\n<p>Ein 13 Jahre alter Junge wurde bereits am Mittwochnachmittag (01.03.23) gegen 14.30 Uhr auf dem Nachhauseweg auf der Stra\u00dfe Am Entenbusch in Hann. M\u00fcnden (Landkreis G\u00f6ttingen) von einem Unbekannten aus bislang unbekannten Gr\u00fcnden t\u00e4tlich angegriffen. Der Junge verletzte sich bei dem Angriff leicht.<\/p>\n\n\n\n<p>Ersten Erkenntnissen zufolge traf der 13-J\u00e4hrige auf offener Stra\u00dfe auf den Unbekannten. Dieser fing aus heiterem Himmel einen Streit mit dem 13-J\u00e4hrigen an und beleidigte ihn. Als der Junge ihm entgegentrat, entwickelte sich ein Handgemenge, in Folge dessen der Junge geschubst und geschlagen wurde. W\u00e4hrend sich der Junge zur Wehr setzte und lautstark um Hilfe schrie, kamen zwei bislang unbekannte Fu\u00dfg\u00e4nger auf das Geschehen hinzu und zogen den Angreifer von dem Jungen weg. Dieser riss sich von den beiden Helfern los, stieg in einen silbernen Kleinwagen und fuhr in unbekannte Richtung davon.<\/p>\n\n\n\n<p>Die beiden Fu\u00dfg\u00e4nger werden nun als Zeugen des Vorfalls von den Ermittlern aus Hann. M\u00fcnden gesucht und gebeten, sich unter Telefon 05541\/9510 zu melden. Die weiteren Ermittlungen dauern an.<\/p>\n","protected":false},"excerpt":{"rendered":"<p>Ein 13 Jahre alter Junge wurde bereits am Mittwochnachmittag (01.03.23) gegen 14.30 Uhr auf dem Nachhauseweg auf der Stra\u00dfe Am Entenbusch in Hann. M\u00fcnden (Landkreis G\u00f6ttingen) von einem Unbekannten aus bislang unbekannten Gr\u00fcnden t\u00e4tlich angegriffen. Der Junge verletzte sich bei dem Angriff leicht. Ersten Erkenntnissen zufolge traf der 13-J\u00e4hrige auf offener Stra\u00dfe auf den Unbekannten. [&hellip;]<\/p>\n","protected":false},"author":1,"featured_media":21806,"comment_status":"open","ping_status":"open","sticky":true,"template":"","format":"standard","meta":{"saved_in_kubio":false,"footnotes":""},"categories":[24],"tags":[445,349,3913],"class_list":["post-22114","post","type-post","status-publish","format-standard","has-post-thumbnail","hentry","category-news","tag-hann-muenden","tag-polizeiinspektion-goettingen","tag-zeugen-gesucht"],"yoast_head":"<!-- This site is optimized with the Yoast SEO plugin v27.4 - https:\/\/yoast.com\/product\/yoast-seo-wordpress\/ -->\n<title>13-j\u00e4hriger in Hann-M\u00fcnden von Unbekannten angegriffen - Zeugen gesucht - Radio Leinewelle<\/title>\n<meta name=\"robots\" content=\"index, follow, max-snippet:-1, max-image-preview:large, max-video-preview:-1\" \/>\n<link rel=\"canonical\" href=\"https:\/\/radioleinewelle.de\/index.php\/2023\/03\/11\/13-jaehriger-in-hann-muenden-von-unbekannten-angegriffen-zeugen-gesucht\/\" \/>\n<meta property=\"og:locale\" content=\"de_DE\" \/>\n<meta property=\"og:type\" content=\"article\" \/>\n<meta property=\"og:title\" content=\"13-j\u00e4hriger in Hann-M\u00fcnden von Unbekannten angegriffen - Zeugen gesucht - Radio Leinewelle\" \/>\n<meta property=\"og:description\" content=\"Ein 13 Jahre alter Junge wurde bereits am Mittwochnachmittag (01.03.23) gegen 14.30 Uhr auf dem Nachhauseweg auf der Stra\u00dfe Am Entenbusch in Hann. M\u00fcnden (Landkreis G\u00f6ttingen) von einem Unbekannten aus bislang unbekannten Gr\u00fcnden t\u00e4tlich angegriffen. Der Junge verletzte sich bei dem Angriff leicht. Ersten Erkenntnissen zufolge traf der 13-J\u00e4hrige auf offener Stra\u00dfe auf den Unbekannten. [&hellip;]\" \/>\n<meta property=\"og:url\" content=\"https:\/\/radioleinewelle.de\/index.php\/2023\/03\/11\/13-jaehriger-in-hann-muenden-von-unbekannten-angegriffen-zeugen-gesucht\/\" \/>\n<meta property=\"og:site_name\" content=\"Radio Leinewelle\" \/>\n<meta property=\"article:publisher\" content=\"https:\/\/www.facebook.com\/radioleinewelle\" \/>\n<meta property=\"article:author\" content=\"https:\/\/www.facebook.com\/radioleinewelle\" \/>\n<meta property=\"article:published_time\" content=\"2023-03-11T09:38:47+00:00\" \/>\n<meta property=\"article:modified_time\" content=\"2023-03-11T09:38:49+00:00\" \/>\n<meta property=\"og:image\" content=\"https:\/\/radioleinewelle.de\/wp-content\/uploads\/2023\/02\/police-g0603aa139_640.jpg\" \/>\n\t<meta property=\"og:image:width\" content=\"640\" \/>\n\t<meta property=\"og:image:height\" content=\"427\" \/>\n\t<meta property=\"og:image:type\" content=\"image\/jpeg\" \/>\n<meta name=\"author\" content=\"Leinewelle\" \/>\n<meta name=\"twitter:card\" content=\"summary_large_image\" \/>\n<meta name=\"twitter:creator\" content=\"@https:\/\/twitter.com\/RLeinewelle?ref_src=twsrcgoogletwcampserptwgrauthor\" \/>\n<meta name=\"twitter:site\" content=\"@RLeinewelle\" \/>\n<meta name=\"twitter:label1\" content=\"Verfasst von\" \/>\n\t<meta name=\"twitter:data1\" content=\"Leinewelle\" \/>\n\t<meta name=\"twitter:label2\" content=\"Gesch\u00e4tzte Lesezeit\" \/>\n\t<meta name=\"twitter:data2\" content=\"1\u00a0Minute\" \/>\n<script type=\"application\/ld+json\" class=\"yoast-schema-graph\">{\"@context\":\"https:\\\/\\\/schema.org\",\"@graph\":[{\"@type\":\"Article\",\"@id\":\"https:\\\/\\\/radioleinewelle.de\\\/index.php\\\/2023\\\/03\\\/11\\\/13-jaehriger-in-hann-muenden-von-unbekannten-angegriffen-zeugen-gesucht\\\/#article\",\"isPartOf\":{\"@id\":\"https:\\\/\\\/radioleinewelle.de\\\/index.php\\\/2023\\\/03\\\/11\\\/13-jaehriger-in-hann-muenden-von-unbekannten-angegriffen-zeugen-gesucht\\\/\"},\"author\":{\"name\":\"Leinewelle\",\"@id\":\"https:\\\/\\\/radioleinewelle.de\\\/#\\\/schema\\\/person\\\/45606f348637df637192dc1b68399a63\"},\"headline\":\"13-j\u00e4hriger in Hann-M\u00fcnden von Unbekannten angegriffen &#8211; Zeugen gesucht\",\"datePublished\":\"2023-03-11T09:38:47+00:00\",\"dateModified\":\"2023-03-11T09:38:49+00:00\",\"mainEntityOfPage\":{\"@id\":\"https:\\\/\\\/radioleinewelle.de\\\/index.php\\\/2023\\\/03\\\/11\\\/13-jaehriger-in-hann-muenden-von-unbekannten-angegriffen-zeugen-gesucht\\\/\"},\"wordCount\":185,\"commentCount\":0,\"publisher\":{\"@id\":\"https:\\\/\\\/radioleinewelle.de\\\/#organization\"},\"image\":{\"@id\":\"https:\\\/\\\/radioleinewelle.de\\\/index.php\\\/2023\\\/03\\\/11\\\/13-jaehriger-in-hann-muenden-von-unbekannten-angegriffen-zeugen-gesucht\\\/#primaryimage\"},\"thumbnailUrl\":\"https:\\\/\\\/radioleinewelle.de\\\/wp-content\\\/uploads\\\/2023\\\/02\\\/police-g0603aa139_640.jpg\",\"keywords\":[\"hann. m\u00fcnden\",\"Polizeiinspektion G\u00f6ttingen\",\"Zeugen gesucht\"],\"articleSection\":[\"Aktuelle Nachrichten\"],\"inLanguage\":\"de\",\"potentialAction\":[{\"@type\":\"CommentAction\",\"name\":\"Comment\",\"target\":[\"https:\\\/\\\/radioleinewelle.de\\\/index.php\\\/2023\\\/03\\\/11\\\/13-jaehriger-in-hann-muenden-von-unbekannten-angegriffen-zeugen-gesucht\\\/#respond\"]}]},{\"@type\":\"WebPage\",\"@id\":\"https:\\\/\\\/radioleinewelle.de\\\/index.php\\\/2023\\\/03\\\/11\\\/13-jaehriger-in-hann-muenden-von-unbekannten-angegriffen-zeugen-gesucht\\\/\",\"url\":\"https:\\\/\\\/radioleinewelle.de\\\/index.php\\\/2023\\\/03\\\/11\\\/13-jaehriger-in-hann-muenden-von-unbekannten-angegriffen-zeugen-gesucht\\\/\",\"name\":\"13-j\u00e4hriger in Hann-M\u00fcnden von Unbekannten angegriffen - Zeugen gesucht - Radio Leinewelle\",\"isPartOf\":{\"@id\":\"https:\\\/\\\/radioleinewelle.de\\\/#website\"},\"primaryImageOfPage\":{\"@id\":\"https:\\\/\\\/radioleinewelle.de\\\/index.php\\\/2023\\\/03\\\/11\\\/13-jaehriger-in-hann-muenden-von-unbekannten-angegriffen-zeugen-gesucht\\\/#primaryimage\"},\"image\":{\"@id\":\"https:\\\/\\\/radioleinewelle.de\\\/index.php\\\/2023\\\/03\\\/11\\\/13-jaehriger-in-hann-muenden-von-unbekannten-angegriffen-zeugen-gesucht\\\/#primaryimage\"},\"thumbnailUrl\":\"https:\\\/\\\/radioleinewelle.de\\\/wp-content\\\/uploads\\\/2023\\\/02\\\/police-g0603aa139_640.jpg\",\"datePublished\":\"2023-03-11T09:38:47+00:00\",\"dateModified\":\"2023-03-11T09:38:49+00:00\",\"breadcrumb\":{\"@id\":\"https:\\\/\\\/radioleinewelle.de\\\/index.php\\\/2023\\\/03\\\/11\\\/13-jaehriger-in-hann-muenden-von-unbekannten-angegriffen-zeugen-gesucht\\\/#breadcrumb\"},\"inLanguage\":\"de\",\"potentialAction\":[{\"@type\":\"ReadAction\",\"target\":[\"https:\\\/\\\/radioleinewelle.de\\\/index.php\\\/2023\\\/03\\\/11\\\/13-jaehriger-in-hann-muenden-von-unbekannten-angegriffen-zeugen-gesucht\\\/\"]}]},{\"@type\":\"ImageObject\",\"inLanguage\":\"de\",\"@id\":\"https:\\\/\\\/radioleinewelle.de\\\/index.php\\\/2023\\\/03\\\/11\\\/13-jaehriger-in-hann-muenden-von-unbekannten-angegriffen-zeugen-gesucht\\\/#primaryimage\",\"url\":\"https:\\\/\\\/radioleinewelle.de\\\/wp-content\\\/uploads\\\/2023\\\/02\\\/police-g0603aa139_640.jpg\",\"contentUrl\":\"https:\\\/\\\/radioleinewelle.de\\\/wp-content\\\/uploads\\\/2023\\\/02\\\/police-g0603aa139_640.jpg\",\"width\":640,\"height\":427},{\"@type\":\"BreadcrumbList\",\"@id\":\"https:\\\/\\\/radioleinewelle.de\\\/index.php\\\/2023\\\/03\\\/11\\\/13-jaehriger-in-hann-muenden-von-unbekannten-angegriffen-zeugen-gesucht\\\/#breadcrumb\",\"itemListElement\":[{\"@type\":\"ListItem\",\"position\":1,\"name\":\"Startseite\",\"item\":\"https:\\\/\\\/radioleinewelle.de\\\/\"},{\"@type\":\"ListItem\",\"position\":2,\"name\":\"13-j\u00e4hriger in Hann-M\u00fcnden von Unbekannten angegriffen &#8211; Zeugen gesucht\"}]},{\"@type\":\"WebSite\",\"@id\":\"https:\\\/\\\/radioleinewelle.de\\\/#website\",\"url\":\"https:\\\/\\\/radioleinewelle.de\\\/\",\"name\":\"Radio Leinewelle\",\"description\":\"\",\"publisher\":{\"@id\":\"https:\\\/\\\/radioleinewelle.de\\\/#organization\"},\"potentialAction\":[{\"@type\":\"SearchAction\",\"target\":{\"@type\":\"EntryPoint\",\"urlTemplate\":\"https:\\\/\\\/radioleinewelle.de\\\/?s={search_term_string}\"},\"query-input\":{\"@type\":\"PropertyValueSpecification\",\"valueRequired\":true,\"valueName\":\"search_term_string\"}}],\"inLanguage\":\"de\"},{\"@type\":\"Organization\",\"@id\":\"https:\\\/\\\/radioleinewelle.de\\\/#organization\",\"name\":\"Radio Leinewelle\",\"alternateName\":\"Mein Radio f\u00fcr S\u00fcdniedersachsen\",\"url\":\"https:\\\/\\\/radioleinewelle.de\\\/\",\"logo\":{\"@type\":\"ImageObject\",\"inLanguage\":\"de\",\"@id\":\"https:\\\/\\\/radioleinewelle.de\\\/#\\\/schema\\\/logo\\\/image\\\/\",\"url\":\"https:\\\/\\\/radioleinewelle.de\\\/wp-content\\\/uploads\\\/2023\\\/11\\\/cropped-Leinewelle_Logo_weiss.png\",\"contentUrl\":\"https:\\\/\\\/radioleinewelle.de\\\/wp-content\\\/uploads\\\/2023\\\/11\\\/cropped-Leinewelle_Logo_weiss.png\",\"width\":854,\"height\":260,\"caption\":\"Radio Leinewelle\"},\"image\":{\"@id\":\"https:\\\/\\\/radioleinewelle.de\\\/#\\\/schema\\\/logo\\\/image\\\/\"},\"sameAs\":[\"https:\\\/\\\/www.facebook.com\\\/radioleinewelle\",\"https:\\\/\\\/x.com\\\/RLeinewelle\",\"https:\\\/\\\/www.instagram.com\\\/radioleinewelle\\\/?hl=de\"]},{\"@type\":\"Person\",\"@id\":\"https:\\\/\\\/radioleinewelle.de\\\/#\\\/schema\\\/person\\\/45606f348637df637192dc1b68399a63\",\"name\":\"Leinewelle\",\"image\":{\"@type\":\"ImageObject\",\"inLanguage\":\"de\",\"@id\":\"https:\\\/\\\/secure.gravatar.com\\\/avatar\\\/05c9a17bc973052ee5d91549bd32fb4dd0dc85b7b85ae94b2e2b4943476bbea5?s=96&d=blank&r=g\",\"url\":\"https:\\\/\\\/secure.gravatar.com\\\/avatar\\\/05c9a17bc973052ee5d91549bd32fb4dd0dc85b7b85ae94b2e2b4943476bbea5?s=96&d=blank&r=g\",\"contentUrl\":\"https:\\\/\\\/secure.gravatar.com\\\/avatar\\\/05c9a17bc973052ee5d91549bd32fb4dd0dc85b7b85ae94b2e2b4943476bbea5?s=96&d=blank&r=g\",\"caption\":\"Leinewelle\"},\"sameAs\":[\"http:\\\/\\\/localhost\\\/radio%20leinewelle\\\/wordpress\",\"https:\\\/\\\/www.facebook.com\\\/radioleinewelle\",\"https:\\\/\\\/www.instagram.com\\\/radioleinewelle\",\"https:\\\/\\\/x.com\\\/https:\\\/\\\/twitter.com\\\/RLeinewelle?ref_src=twsrcgoogletwcampserptwgrauthor\",\"https:\\\/\\\/soundcloud.com\\\/foerderverein-lokalradio?utm_source=clipboard&utm_medium=text&utm_campaign=social_sharing\"],\"url\":\"https:\\\/\\\/radioleinewelle.de\\\/index.php\\\/author\\\/leinewelle\\\/\"}]}<\/script>\n<!-- \/ Yoast SEO plugin. -->","yoast_head_json":{"title":"13-j\u00e4hriger in Hann-M\u00fcnden von Unbekannten angegriffen - Zeugen gesucht - Radio Leinewelle","robots":{"index":"index","follow":"follow","max-snippet":"max-snippet:-1","max-image-preview":"max-image-preview:large","max-video-preview":"max-video-preview:-1"},"canonical":"https:\/\/radioleinewelle.de\/index.php\/2023\/03\/11\/13-jaehriger-in-hann-muenden-von-unbekannten-angegriffen-zeugen-gesucht\/","og_locale":"de_DE","og_type":"article","og_title":"13-j\u00e4hriger in Hann-M\u00fcnden von Unbekannten angegriffen - Zeugen gesucht - Radio Leinewelle","og_description":"Ein 13 Jahre alter Junge wurde bereits am Mittwochnachmittag (01.03.23) gegen 14.30 Uhr auf dem Nachhauseweg auf der Stra\u00dfe Am Entenbusch in Hann. M\u00fcnden (Landkreis G\u00f6ttingen) von einem Unbekannten aus bislang unbekannten Gr\u00fcnden t\u00e4tlich angegriffen. Der Junge verletzte sich bei dem Angriff leicht. Ersten Erkenntnissen zufolge traf der 13-J\u00e4hrige auf offener Stra\u00dfe auf den Unbekannten. [&hellip;]","og_url":"https:\/\/radioleinewelle.de\/index.php\/2023\/03\/11\/13-jaehriger-in-hann-muenden-von-unbekannten-angegriffen-zeugen-gesucht\/","og_site_name":"Radio Leinewelle","article_publisher":"https:\/\/www.facebook.com\/radioleinewelle","article_author":"https:\/\/www.facebook.com\/radioleinewelle","article_published_time":"2023-03-11T09:38:47+00:00","article_modified_time":"2023-03-11T09:38:49+00:00","og_image":[{"width":640,"height":427,"url":"https:\/\/radioleinewelle.de\/wp-content\/uploads\/2023\/02\/police-g0603aa139_640.jpg","type":"image\/jpeg"}],"author":"Leinewelle","twitter_card":"summary_large_image","twitter_creator":"@https:\/\/twitter.com\/RLeinewelle?ref_src=twsrcgoogletwcampserptwgrauthor","twitter_site":"@RLeinewelle","twitter_misc":{"Verfasst von":"Leinewelle","Gesch\u00e4tzte Lesezeit":"1\u00a0Minute"},"schema":{"@context":"https:\/\/schema.org","@graph":[{"@type":"Article","@id":"https:\/\/radioleinewelle.de\/index.php\/2023\/03\/11\/13-jaehriger-in-hann-muenden-von-unbekannten-angegriffen-zeugen-gesucht\/#article","isPartOf":{"@id":"https:\/\/radioleinewelle.de\/index.php\/2023\/03\/11\/13-jaehriger-in-hann-muenden-von-unbekannten-angegriffen-zeugen-gesucht\/"},"author":{"name":"Leinewelle","@id":"https:\/\/radioleinewelle.de\/#\/schema\/person\/45606f348637df637192dc1b68399a63"},"headline":"13-j\u00e4hriger in Hann-M\u00fcnden von Unbekannten angegriffen &#8211; Zeugen gesucht","datePublished":"2023-03-11T09:38:47+00:00","dateModified":"2023-03-11T09:38:49+00:00","mainEntityOfPage":{"@id":"https:\/\/radioleinewelle.de\/index.php\/2023\/03\/11\/13-jaehriger-in-hann-muenden-von-unbekannten-angegriffen-zeugen-gesucht\/"},"wordCount":185,"commentCount":0,"publisher":{"@id":"https:\/\/radioleinewelle.de\/#organization"},"image":{"@id":"https:\/\/radioleinewelle.de\/index.php\/2023\/03\/11\/13-jaehriger-in-hann-muenden-von-unbekannten-angegriffen-zeugen-gesucht\/#primaryimage"},"thumbnailUrl":"https:\/\/radioleinewelle.de\/wp-content\/uploads\/2023\/02\/police-g0603aa139_640.jpg","keywords":["hann. m\u00fcnden","Polizeiinspektion G\u00f6ttingen","Zeugen gesucht"],"articleSection":["Aktuelle Nachrichten"],"inLanguage":"de","potentialAction":[{"@type":"CommentAction","name":"Comment","target":["https:\/\/radioleinewelle.de\/index.php\/2023\/03\/11\/13-jaehriger-in-hann-muenden-von-unbekannten-angegriffen-zeugen-gesucht\/#respond"]}]},{"@type":"WebPage","@id":"https:\/\/radioleinewelle.de\/index.php\/2023\/03\/11\/13-jaehriger-in-hann-muenden-von-unbekannten-angegriffen-zeugen-gesucht\/","url":"https:\/\/radioleinewelle.de\/index.php\/2023\/03\/11\/13-jaehriger-in-hann-muenden-von-unbekannten-angegriffen-zeugen-gesucht\/","name":"13-j\u00e4hriger in Hann-M\u00fcnden von Unbekannten angegriffen - Zeugen gesucht - Radio Leinewelle","isPartOf":{"@id":"https:\/\/radioleinewelle.de\/#website"},"primaryImageOfPage":{"@id":"https:\/\/radioleinewelle.de\/index.php\/2023\/03\/11\/13-jaehriger-in-hann-muenden-von-unbekannten-angegriffen-zeugen-gesucht\/#primaryimage"},"image":{"@id":"https:\/\/radioleinewelle.de\/index.php\/2023\/03\/11\/13-jaehriger-in-hann-muenden-von-unbekannten-angegriffen-zeugen-gesucht\/#primaryimage"},"thumbnailUrl":"https:\/\/radioleinewelle.de\/wp-content\/uploads\/2023\/02\/police-g0603aa139_640.jpg","datePublished":"2023-03-11T09:38:47+00:00","dateModified":"2023-03-11T09:38:49+00:00","breadcrumb":{"@id":"https:\/\/radioleinewelle.de\/index.php\/2023\/03\/11\/13-jaehriger-in-hann-muenden-von-unbekannten-angegriffen-zeugen-gesucht\/#breadcrumb"},"inLanguage":"de","potentialAction":[{"@type":"ReadAction","target":["https:\/\/radioleinewelle.de\/index.php\/2023\/03\/11\/13-jaehriger-in-hann-muenden-von-unbekannten-angegriffen-zeugen-gesucht\/"]}]},{"@type":"ImageObject","inLanguage":"de","@id":"https:\/\/radioleinewelle.de\/index.php\/2023\/03\/11\/13-jaehriger-in-hann-muenden-von-unbekannten-angegriffen-zeugen-gesucht\/#primaryimage","url":"https:\/\/radioleinewelle.de\/wp-content\/uploads\/2023\/02\/police-g0603aa139_640.jpg","contentUrl":"https:\/\/radioleinewelle.de\/wp-content\/uploads\/2023\/02\/police-g0603aa139_640.jpg","width":640,"height":427},{"@type":"BreadcrumbList","@id":"https:\/\/radioleinewelle.de\/index.php\/2023\/03\/11\/13-jaehriger-in-hann-muenden-von-unbekannten-angegriffen-zeugen-gesucht\/#breadcrumb","itemListElement":[{"@type":"ListItem","position":1,"name":"Startseite","item":"https:\/\/radioleinewelle.de\/"},{"@type":"ListItem","position":2,"name":"13-j\u00e4hriger in Hann-M\u00fcnden von Unbekannten angegriffen &#8211; Zeugen gesucht"}]},{"@type":"WebSite","@id":"https:\/\/radioleinewelle.de\/#website","url":"https:\/\/radioleinewelle.de\/","name":"Radio Leinewelle","description":"","publisher":{"@id":"https:\/\/radioleinewelle.de\/#organization"},"potentialAction":[{"@type":"SearchAction","target":{"@type":"EntryPoint","urlTemplate":"https:\/\/radioleinewelle.de\/?s={search_term_string}"},"query-input":{"@type":"PropertyValueSpecification","valueRequired":true,"valueName":"search_term_string"}}],"inLanguage":"de"},{"@type":"Organization","@id":"https:\/\/radioleinewelle.de\/#organization","name":"Radio Leinewelle","alternateName":"Mein Radio f\u00fcr S\u00fcdniedersachsen","url":"https:\/\/radioleinewelle.de\/","logo":{"@type":"ImageObject","inLanguage":"de","@id":"https:\/\/radioleinewelle.de\/#\/schema\/logo\/image\/","url":"https:\/\/radioleinewelle.de\/wp-content\/uploads\/2023\/11\/cropped-Leinewelle_Logo_weiss.png","contentUrl":"https:\/\/radioleinewelle.de\/wp-content\/uploads\/2023\/11\/cropped-Leinewelle_Logo_weiss.png","width":854,"height":260,"caption":"Radio Leinewelle"},"image":{"@id":"https:\/\/radioleinewelle.de\/#\/schema\/logo\/image\/"},"sameAs":["https:\/\/www.facebook.com\/radioleinewelle","https:\/\/x.com\/RLeinewelle","https:\/\/www.instagram.com\/radioleinewelle\/?hl=de"]},{"@type":"Person","@id":"https:\/\/radioleinewelle.de\/#\/schema\/person\/45606f348637df637192dc1b68399a63","name":"Leinewelle","image":{"@type":"ImageObject","inLanguage":"de","@id":"https:\/\/secure.gravatar.com\/avatar\/05c9a17bc973052ee5d91549bd32fb4dd0dc85b7b85ae94b2e2b4943476bbea5?s=96&d=blank&r=g","url":"https:\/\/secure.gravatar.com\/avatar\/05c9a17bc973052ee5d91549bd32fb4dd0dc85b7b85ae94b2e2b4943476bbea5?s=96&d=blank&r=g","contentUrl":"https:\/\/secure.gravatar.com\/avatar\/05c9a17bc973052ee5d91549bd32fb4dd0dc85b7b85ae94b2e2b4943476bbea5?s=96&d=blank&r=g","caption":"Leinewelle"},"sameAs":["http:\/\/localhost\/radio%20leinewelle\/wordpress","https:\/\/www.facebook.com\/radioleinewelle","https:\/\/www.instagram.com\/radioleinewelle","https:\/\/x.com\/https:\/\/twitter.com\/RLeinewelle?ref_src=twsrcgoogletwcampserptwgrauthor","https:\/\/soundcloud.com\/foerderverein-lokalradio?utm_source=clipboard&utm_medium=text&utm_campaign=social_sharing"],"url":"https:\/\/radioleinewelle.de\/index.php\/author\/leinewelle\/"}]}},"_links":{"self":[{"href":"https:\/\/radioleinewelle.de\/index.php\/wp-json\/wp\/v2\/posts\/22114","targetHints":{"allow":["GET"]}}],"collection":[{"href":"https:\/\/radioleinewelle.de\/index.php\/wp-json\/wp\/v2\/posts"}],"about":[{"href":"https:\/\/radioleinewelle.de\/index.php\/wp-json\/wp\/v2\/types\/post"}],"author":[{"embeddable":true,"href":"https:\/\/radioleinewelle.de\/index.php\/wp-json\/wp\/v2\/users\/1"}],"replies":[{"embeddable":true,"href":"https:\/\/radioleinewelle.de\/index.php\/wp-json\/wp\/v2\/comments?post=22114"}],"version-history":[{"count":1,"href":"https:\/\/radioleinewelle.de\/index.php\/wp-json\/wp\/v2\/posts\/22114\/revisions"}],"predecessor-version":[{"id":22115,"href":"https:\/\/radioleinewelle.de\/index.php\/wp-json\/wp\/v2\/posts\/22114\/revisions\/22115"}],"wp:featuredmedia":[{"embeddable":true,"href":"https:\/\/radioleinewelle.de\/index.php\/wp-json\/wp\/v2\/media\/21806"}],"wp:attachment":[{"href":"https:\/\/radioleinewelle.de\/index.php\/wp-json\/wp\/v2\/media?parent=22114"}],"wp:term":[{"taxonomy":"category","embeddable":true,"href":"https:\/\/radioleinewelle.de\/index.php\/wp-json\/wp\/v2\/categories?post=22114"},{"taxonomy":"post_tag","embeddable":true,"href":"https:\/\/radioleinewelle.de\/index.php\/wp-json\/wp\/v2\/tags?post=22114"}],"curies":[{"name":"wp","href":"https:\/\/api.w.org\/{rel}","templated":true}]}}