{"id":22130,"date":"2023-03-13T08:31:24","date_gmt":"2023-03-13T07:31:24","guid":{"rendered":"https:\/\/radioleinewelle.de\/?p=22130"},"modified":"2023-03-13T08:31:27","modified_gmt":"2023-03-13T07:31:27","slug":"aktion-fuer-mehr-sicherheit-auf-dem-schulweg-in-weende","status":"publish","type":"post","link":"https:\/\/radioleinewelle.de\/index.php\/2023\/03\/13\/aktion-fuer-mehr-sicherheit-auf-dem-schulweg-in-weende\/","title":{"rendered":"Aktion f\u00fcr mehr Sicherheit auf dem Schulweg in Weende"},"content":{"rendered":"\n<p>Strassenblockade f\u00fcr mehr Sicherheit der Schulkinder am vergangenen Freitagmorgen an der Wilhelm-Henneberg-Schule in Weende. Ca. 100 Eltern und Schulkinder hatten von 07:30 &#8211; 08:00 Uhr die Durchgangsstra\u00dfe in der Kurve vor der Schule in einer angemeldeten Aktion gesperrt. Wegen des hohen beidseitigen Durchgangsverkehrs insbesondere zum Schulbeginn und Ende und der Un\u00fcbersichtlichkeit gilt dieser Bereich als gef\u00e4hrlich f\u00fcr die Kinder. Aus diesem Grund sichern seit 20 Jahren Eltern ehrenamtlich den Bereich am Zebrastreifen. <\/p>\n\n\n\n<blockquote class=\"wp-block-quote is-layout-flow wp-block-quote-is-layout-flow\">\n<p>Wir fordern die Politik auf, sichere Schulwege zu garantieren und neue Konzepte zu erproben. Beispielsweise wurden f\u00fcr eine bessere Schulwegsicherheit in K\u00f6ln und Hannover tempor\u00e4re Stra\u00dfensperrungen vor Schulen eingef\u00fchrt. In \u00d6sterreich werden sogenannte \u201aSchulstra\u00dfen\u2018 sogar landesweit etabliert. Wir w\u00fcnschen uns, dass auch G\u00f6ttingen unseren Kindern Raum zur Selbst\u00e4ndigkeit gibt und sie im Stra\u00dfenverkehr sch\u00fctzt.<\/p>\n<cite>Dagmar Finckh, Sprecherin der Initiative<\/cite><\/blockquote>\n\n\n\n<p>Aufgrund der s-f\u00f6rmigen Strassenf\u00fchrung reicht diese Sicherheitsma\u00dfnahme nicht aus, da insbesondere morgens die Hennebergstra\u00dfe auch verst\u00e4rkt vom Berufsverkehr in Anspruch genommen wird. Durch die Strassenverengungen wird die Aufmerksamkeit der Fahrer eher auf den Gegenverkehr als auf potentielle Fu\u00dfg\u00e4nger gelenkt. W\u00e4hrend der halbst\u00fcndigen Aktion machten die Teilnehmerinnen mit Plakaten und Spr\u00fchkreide auf die Problematik aufmerksam. Auch Mitglieder des Ortsrats Weende waren vor Ort.<\/p>\n\n\n\n<figure class=\"wp-block-gallery has-nested-images columns-default is-cropped wp-block-gallery-1 is-layout-flex wp-block-gallery-is-layout-flex\">\n<figure class=\"wp-block-image size-large\"><img loading=\"lazy\" decoding=\"async\" width=\"640\" height=\"480\" data-id=\"22135\" src=\"https:\/\/radioleinewelle.de\/wp-content\/uploads\/2023\/03\/Weende3.jpg\" alt=\"\" class=\"wp-image-22135\" srcset=\"https:\/\/radioleinewelle.de\/wp-content\/uploads\/2023\/03\/Weende3.jpg 640w, https:\/\/radioleinewelle.de\/wp-content\/uploads\/2023\/03\/Weende3-300x225.jpg 300w, https:\/\/radioleinewelle.de\/wp-content\/uploads\/2023\/03\/Weende3-200x150.jpg 200w\" sizes=\"(max-width: 640px) 100vw, 640px\" \/><\/figure>\n\n\n\n<figure class=\"wp-block-image size-large\"><img loading=\"lazy\" decoding=\"async\" width=\"640\" height=\"480\" data-id=\"22136\" src=\"https:\/\/radioleinewelle.de\/wp-content\/uploads\/2023\/03\/Weende-2.jpg\" alt=\"\" class=\"wp-image-22136\" srcset=\"https:\/\/radioleinewelle.de\/wp-content\/uploads\/2023\/03\/Weende-2.jpg 640w, https:\/\/radioleinewelle.de\/wp-content\/uploads\/2023\/03\/Weende-2-300x225.jpg 300w, https:\/\/radioleinewelle.de\/wp-content\/uploads\/2023\/03\/Weende-2-200x150.jpg 200w\" sizes=\"(max-width: 640px) 100vw, 640px\" \/><\/figure>\n\n\n\n<figure class=\"wp-block-image size-large\"><img loading=\"lazy\" decoding=\"async\" width=\"640\" height=\"480\" data-id=\"22137\" src=\"https:\/\/radioleinewelle.de\/wp-content\/uploads\/2023\/03\/Weende-1-1.jpg\" alt=\"\" class=\"wp-image-22137\" srcset=\"https:\/\/radioleinewelle.de\/wp-content\/uploads\/2023\/03\/Weende-1-1.jpg 640w, https:\/\/radioleinewelle.de\/wp-content\/uploads\/2023\/03\/Weende-1-1-300x225.jpg 300w, https:\/\/radioleinewelle.de\/wp-content\/uploads\/2023\/03\/Weende-1-1-200x150.jpg 200w\" sizes=\"(max-width: 640px) 100vw, 640px\" \/><\/figure>\n<\/figure>\n\n\n\n<figure class=\"wp-block-audio\"><audio controls src=\"https:\/\/radioleinewelle.de\/wp-content\/uploads\/2023\/03\/Dirk-Claas-Ulrich-Demo-Schulstrasse-Weende-Ausschnitt-.mp3\"><\/audio><figcaption class=\"wp-element-caption\">Interview mit Dirk-Class Ulrich \u00fcber die Aktion und das Schulstrassenkonzept<\/figcaption><\/figure>\n\n\n\n<p><strong>Fotos:<\/strong> \u00a9Radio Leinewelle (ue)<\/p>\n","protected":false},"excerpt":{"rendered":"<p>Strassenblockade f\u00fcr mehr Sicherheit der Schulkinder am vergangenen Freitagmorgen an der Wilhelm-Henneberg-Schule in Weende. Ca. 100 Eltern und Schulkinder hatten von 07:30 &#8211; 08:00 Uhr die Durchgangsstra\u00dfe in der Kurve vor der Schule in einer angemeldeten Aktion gesperrt. Wegen des hohen beidseitigen Durchgangsverkehrs insbesondere zum Schulbeginn und Ende und der Un\u00fcbersichtlichkeit gilt dieser Bereich als [&hellip;]<\/p>\n","protected":false},"author":1,"featured_media":22133,"comment_status":"open","ping_status":"open","sticky":true,"template":"","format":"standard","meta":{"saved_in_kubio":false,"footnotes":""},"categories":[24],"tags":[3919,1300,3920],"class_list":["post-22130","post","type-post","status-publish","format-standard","has-post-thumbnail","hentry","category-news","tag-hennebergstasse","tag-weende","tag-wilhelm-henneberg-schule"],"yoast_head":"<!-- This site is optimized with the Yoast SEO plugin v27.5 - https:\/\/yoast.com\/product\/yoast-seo-wordpress\/ -->\n<title>Aktion f\u00fcr mehr Sicherheit auf dem Schulweg in Weende - Radio Leinewelle<\/title>\n<meta name=\"robots\" content=\"index, follow, max-snippet:-1, max-image-preview:large, max-video-preview:-1\" \/>\n<link rel=\"canonical\" href=\"https:\/\/radioleinewelle.de\/index.php\/2023\/03\/13\/aktion-fuer-mehr-sicherheit-auf-dem-schulweg-in-weende\/\" \/>\n<meta property=\"og:locale\" content=\"de_DE\" \/>\n<meta property=\"og:type\" content=\"article\" \/>\n<meta property=\"og:title\" content=\"Aktion f\u00fcr mehr Sicherheit auf dem Schulweg in Weende - Radio Leinewelle\" \/>\n<meta property=\"og:description\" content=\"Strassenblockade f\u00fcr mehr Sicherheit der Schulkinder am vergangenen Freitagmorgen an der Wilhelm-Henneberg-Schule in Weende. Ca. 100 Eltern und Schulkinder hatten von 07:30 &#8211; 08:00 Uhr die Durchgangsstra\u00dfe in der Kurve vor der Schule in einer angemeldeten Aktion gesperrt. Wegen des hohen beidseitigen Durchgangsverkehrs insbesondere zum Schulbeginn und Ende und der Un\u00fcbersichtlichkeit gilt dieser Bereich als [&hellip;]\" \/>\n<meta property=\"og:url\" content=\"https:\/\/radioleinewelle.de\/index.php\/2023\/03\/13\/aktion-fuer-mehr-sicherheit-auf-dem-schulweg-in-weende\/\" \/>\n<meta property=\"og:site_name\" content=\"Radio Leinewelle\" \/>\n<meta property=\"article:publisher\" content=\"https:\/\/www.facebook.com\/radioleinewelle\" \/>\n<meta property=\"article:author\" content=\"https:\/\/www.facebook.com\/radioleinewelle\" \/>\n<meta property=\"article:published_time\" content=\"2023-03-13T07:31:24+00:00\" \/>\n<meta property=\"article:modified_time\" content=\"2023-03-13T07:31:27+00:00\" \/>\n<meta property=\"og:image\" content=\"https:\/\/radioleinewelle.de\/wp-content\/uploads\/2023\/03\/Schulaktion-Weende-e1678692018804.jpg\" \/>\n\t<meta property=\"og:image:width\" content=\"1000\" \/>\n\t<meta property=\"og:image:height\" content=\"750\" \/>\n\t<meta property=\"og:image:type\" content=\"image\/jpeg\" \/>\n<meta name=\"author\" content=\"Leinewelle\" \/>\n<meta name=\"twitter:card\" content=\"summary_large_image\" \/>\n<meta name=\"twitter:creator\" content=\"@https:\/\/twitter.com\/RLeinewelle?ref_src=twsrcgoogletwcampserptwgrauthor\" \/>\n<meta name=\"twitter:site\" content=\"@RLeinewelle\" \/>\n<meta name=\"twitter:label1\" content=\"Verfasst von\" \/>\n\t<meta name=\"twitter:data1\" content=\"Leinewelle\" \/>\n\t<meta name=\"twitter:label2\" content=\"Gesch\u00e4tzte Lesezeit\" \/>\n\t<meta name=\"twitter:data2\" content=\"2\u00a0Minuten\" \/>\n<script type=\"application\/ld+json\" class=\"yoast-schema-graph\">{\"@context\":\"https:\\\/\\\/schema.org\",\"@graph\":[{\"@type\":\"Article\",\"@id\":\"https:\\\/\\\/radioleinewelle.de\\\/index.php\\\/2023\\\/03\\\/13\\\/aktion-fuer-mehr-sicherheit-auf-dem-schulweg-in-weende\\\/#article\",\"isPartOf\":{\"@id\":\"https:\\\/\\\/radioleinewelle.de\\\/index.php\\\/2023\\\/03\\\/13\\\/aktion-fuer-mehr-sicherheit-auf-dem-schulweg-in-weende\\\/\"},\"author\":{\"name\":\"Leinewelle\",\"@id\":\"https:\\\/\\\/radioleinewelle.de\\\/#\\\/schema\\\/person\\\/45606f348637df637192dc1b68399a63\"},\"headline\":\"Aktion f\u00fcr mehr Sicherheit auf dem Schulweg in Weende\",\"datePublished\":\"2023-03-13T07:31:24+00:00\",\"dateModified\":\"2023-03-13T07:31:27+00:00\",\"mainEntityOfPage\":{\"@id\":\"https:\\\/\\\/radioleinewelle.de\\\/index.php\\\/2023\\\/03\\\/13\\\/aktion-fuer-mehr-sicherheit-auf-dem-schulweg-in-weende\\\/\"},\"wordCount\":239,\"commentCount\":0,\"publisher\":{\"@id\":\"https:\\\/\\\/radioleinewelle.de\\\/#organization\"},\"image\":{\"@id\":\"https:\\\/\\\/radioleinewelle.de\\\/index.php\\\/2023\\\/03\\\/13\\\/aktion-fuer-mehr-sicherheit-auf-dem-schulweg-in-weende\\\/#primaryimage\"},\"thumbnailUrl\":\"https:\\\/\\\/radioleinewelle.de\\\/wp-content\\\/uploads\\\/2023\\\/03\\\/Schulaktion-Weende-e1678692018804.jpg\",\"keywords\":[\"Hennebergsta\u00dfe\",\"Weende\",\"Wilhelm-Henneberg-Schule\"],\"articleSection\":[\"Aktuelle Nachrichten\"],\"inLanguage\":\"de\",\"potentialAction\":[{\"@type\":\"CommentAction\",\"name\":\"Comment\",\"target\":[\"https:\\\/\\\/radioleinewelle.de\\\/index.php\\\/2023\\\/03\\\/13\\\/aktion-fuer-mehr-sicherheit-auf-dem-schulweg-in-weende\\\/#respond\"]}]},{\"@type\":\"WebPage\",\"@id\":\"https:\\\/\\\/radioleinewelle.de\\\/index.php\\\/2023\\\/03\\\/13\\\/aktion-fuer-mehr-sicherheit-auf-dem-schulweg-in-weende\\\/\",\"url\":\"https:\\\/\\\/radioleinewelle.de\\\/index.php\\\/2023\\\/03\\\/13\\\/aktion-fuer-mehr-sicherheit-auf-dem-schulweg-in-weende\\\/\",\"name\":\"Aktion f\u00fcr mehr Sicherheit auf dem Schulweg in Weende - Radio Leinewelle\",\"isPartOf\":{\"@id\":\"https:\\\/\\\/radioleinewelle.de\\\/#website\"},\"primaryImageOfPage\":{\"@id\":\"https:\\\/\\\/radioleinewelle.de\\\/index.php\\\/2023\\\/03\\\/13\\\/aktion-fuer-mehr-sicherheit-auf-dem-schulweg-in-weende\\\/#primaryimage\"},\"image\":{\"@id\":\"https:\\\/\\\/radioleinewelle.de\\\/index.php\\\/2023\\\/03\\\/13\\\/aktion-fuer-mehr-sicherheit-auf-dem-schulweg-in-weende\\\/#primaryimage\"},\"thumbnailUrl\":\"https:\\\/\\\/radioleinewelle.de\\\/wp-content\\\/uploads\\\/2023\\\/03\\\/Schulaktion-Weende-e1678692018804.jpg\",\"datePublished\":\"2023-03-13T07:31:24+00:00\",\"dateModified\":\"2023-03-13T07:31:27+00:00\",\"breadcrumb\":{\"@id\":\"https:\\\/\\\/radioleinewelle.de\\\/index.php\\\/2023\\\/03\\\/13\\\/aktion-fuer-mehr-sicherheit-auf-dem-schulweg-in-weende\\\/#breadcrumb\"},\"inLanguage\":\"de\",\"potentialAction\":[{\"@type\":\"ReadAction\",\"target\":[\"https:\\\/\\\/radioleinewelle.de\\\/index.php\\\/2023\\\/03\\\/13\\\/aktion-fuer-mehr-sicherheit-auf-dem-schulweg-in-weende\\\/\"]}]},{\"@type\":\"ImageObject\",\"inLanguage\":\"de\",\"@id\":\"https:\\\/\\\/radioleinewelle.de\\\/index.php\\\/2023\\\/03\\\/13\\\/aktion-fuer-mehr-sicherheit-auf-dem-schulweg-in-weende\\\/#primaryimage\",\"url\":\"https:\\\/\\\/radioleinewelle.de\\\/wp-content\\\/uploads\\\/2023\\\/03\\\/Schulaktion-Weende-e1678692018804.jpg\",\"contentUrl\":\"https:\\\/\\\/radioleinewelle.de\\\/wp-content\\\/uploads\\\/2023\\\/03\\\/Schulaktion-Weende-e1678692018804.jpg\",\"width\":1000,\"height\":750},{\"@type\":\"BreadcrumbList\",\"@id\":\"https:\\\/\\\/radioleinewelle.de\\\/index.php\\\/2023\\\/03\\\/13\\\/aktion-fuer-mehr-sicherheit-auf-dem-schulweg-in-weende\\\/#breadcrumb\",\"itemListElement\":[{\"@type\":\"ListItem\",\"position\":1,\"name\":\"Startseite\",\"item\":\"https:\\\/\\\/radioleinewelle.de\\\/\"},{\"@type\":\"ListItem\",\"position\":2,\"name\":\"Aktion f\u00fcr mehr Sicherheit auf dem Schulweg in Weende\"}]},{\"@type\":\"WebSite\",\"@id\":\"https:\\\/\\\/radioleinewelle.de\\\/#website\",\"url\":\"https:\\\/\\\/radioleinewelle.de\\\/\",\"name\":\"Radio Leinewelle\",\"description\":\"\",\"publisher\":{\"@id\":\"https:\\\/\\\/radioleinewelle.de\\\/#organization\"},\"potentialAction\":[{\"@type\":\"SearchAction\",\"target\":{\"@type\":\"EntryPoint\",\"urlTemplate\":\"https:\\\/\\\/radioleinewelle.de\\\/?s={search_term_string}\"},\"query-input\":{\"@type\":\"PropertyValueSpecification\",\"valueRequired\":true,\"valueName\":\"search_term_string\"}}],\"inLanguage\":\"de\"},{\"@type\":\"Organization\",\"@id\":\"https:\\\/\\\/radioleinewelle.de\\\/#organization\",\"name\":\"Radio Leinewelle\",\"alternateName\":\"Mein Radio f\u00fcr S\u00fcdniedersachsen\",\"url\":\"https:\\\/\\\/radioleinewelle.de\\\/\",\"logo\":{\"@type\":\"ImageObject\",\"inLanguage\":\"de\",\"@id\":\"https:\\\/\\\/radioleinewelle.de\\\/#\\\/schema\\\/logo\\\/image\\\/\",\"url\":\"https:\\\/\\\/radioleinewelle.de\\\/wp-content\\\/uploads\\\/2023\\\/11\\\/cropped-Leinewelle_Logo_weiss.png\",\"contentUrl\":\"https:\\\/\\\/radioleinewelle.de\\\/wp-content\\\/uploads\\\/2023\\\/11\\\/cropped-Leinewelle_Logo_weiss.png\",\"width\":854,\"height\":260,\"caption\":\"Radio Leinewelle\"},\"image\":{\"@id\":\"https:\\\/\\\/radioleinewelle.de\\\/#\\\/schema\\\/logo\\\/image\\\/\"},\"sameAs\":[\"https:\\\/\\\/www.facebook.com\\\/radioleinewelle\",\"https:\\\/\\\/x.com\\\/RLeinewelle\",\"https:\\\/\\\/www.instagram.com\\\/radioleinewelle\\\/?hl=de\"]},{\"@type\":\"Person\",\"@id\":\"https:\\\/\\\/radioleinewelle.de\\\/#\\\/schema\\\/person\\\/45606f348637df637192dc1b68399a63\",\"name\":\"Leinewelle\",\"image\":{\"@type\":\"ImageObject\",\"inLanguage\":\"de\",\"@id\":\"https:\\\/\\\/secure.gravatar.com\\\/avatar\\\/05c9a17bc973052ee5d91549bd32fb4dd0dc85b7b85ae94b2e2b4943476bbea5?s=96&d=blank&r=g\",\"url\":\"https:\\\/\\\/secure.gravatar.com\\\/avatar\\\/05c9a17bc973052ee5d91549bd32fb4dd0dc85b7b85ae94b2e2b4943476bbea5?s=96&d=blank&r=g\",\"contentUrl\":\"https:\\\/\\\/secure.gravatar.com\\\/avatar\\\/05c9a17bc973052ee5d91549bd32fb4dd0dc85b7b85ae94b2e2b4943476bbea5?s=96&d=blank&r=g\",\"caption\":\"Leinewelle\"},\"sameAs\":[\"http:\\\/\\\/localhost\\\/radio%20leinewelle\\\/wordpress\",\"https:\\\/\\\/www.facebook.com\\\/radioleinewelle\",\"https:\\\/\\\/www.instagram.com\\\/radioleinewelle\",\"https:\\\/\\\/x.com\\\/https:\\\/\\\/twitter.com\\\/RLeinewelle?ref_src=twsrcgoogletwcampserptwgrauthor\",\"https:\\\/\\\/soundcloud.com\\\/foerderverein-lokalradio?utm_source=clipboard&utm_medium=text&utm_campaign=social_sharing\"],\"url\":\"https:\\\/\\\/radioleinewelle.de\\\/index.php\\\/author\\\/leinewelle\\\/\"}]}<\/script>\n<!-- \/ Yoast SEO plugin. -->","yoast_head_json":{"title":"Aktion f\u00fcr mehr Sicherheit auf dem Schulweg in Weende - Radio Leinewelle","robots":{"index":"index","follow":"follow","max-snippet":"max-snippet:-1","max-image-preview":"max-image-preview:large","max-video-preview":"max-video-preview:-1"},"canonical":"https:\/\/radioleinewelle.de\/index.php\/2023\/03\/13\/aktion-fuer-mehr-sicherheit-auf-dem-schulweg-in-weende\/","og_locale":"de_DE","og_type":"article","og_title":"Aktion f\u00fcr mehr Sicherheit auf dem Schulweg in Weende - Radio Leinewelle","og_description":"Strassenblockade f\u00fcr mehr Sicherheit der Schulkinder am vergangenen Freitagmorgen an der Wilhelm-Henneberg-Schule in Weende. Ca. 100 Eltern und Schulkinder hatten von 07:30 &#8211; 08:00 Uhr die Durchgangsstra\u00dfe in der Kurve vor der Schule in einer angemeldeten Aktion gesperrt. Wegen des hohen beidseitigen Durchgangsverkehrs insbesondere zum Schulbeginn und Ende und der Un\u00fcbersichtlichkeit gilt dieser Bereich als [&hellip;]","og_url":"https:\/\/radioleinewelle.de\/index.php\/2023\/03\/13\/aktion-fuer-mehr-sicherheit-auf-dem-schulweg-in-weende\/","og_site_name":"Radio Leinewelle","article_publisher":"https:\/\/www.facebook.com\/radioleinewelle","article_author":"https:\/\/www.facebook.com\/radioleinewelle","article_published_time":"2023-03-13T07:31:24+00:00","article_modified_time":"2023-03-13T07:31:27+00:00","og_image":[{"width":1000,"height":750,"url":"https:\/\/radioleinewelle.de\/wp-content\/uploads\/2023\/03\/Schulaktion-Weende-e1678692018804.jpg","type":"image\/jpeg"}],"author":"Leinewelle","twitter_card":"summary_large_image","twitter_creator":"@https:\/\/twitter.com\/RLeinewelle?ref_src=twsrcgoogletwcampserptwgrauthor","twitter_site":"@RLeinewelle","twitter_misc":{"Verfasst von":"Leinewelle","Gesch\u00e4tzte Lesezeit":"2\u00a0Minuten"},"schema":{"@context":"https:\/\/schema.org","@graph":[{"@type":"Article","@id":"https:\/\/radioleinewelle.de\/index.php\/2023\/03\/13\/aktion-fuer-mehr-sicherheit-auf-dem-schulweg-in-weende\/#article","isPartOf":{"@id":"https:\/\/radioleinewelle.de\/index.php\/2023\/03\/13\/aktion-fuer-mehr-sicherheit-auf-dem-schulweg-in-weende\/"},"author":{"name":"Leinewelle","@id":"https:\/\/radioleinewelle.de\/#\/schema\/person\/45606f348637df637192dc1b68399a63"},"headline":"Aktion f\u00fcr mehr Sicherheit auf dem Schulweg in Weende","datePublished":"2023-03-13T07:31:24+00:00","dateModified":"2023-03-13T07:31:27+00:00","mainEntityOfPage":{"@id":"https:\/\/radioleinewelle.de\/index.php\/2023\/03\/13\/aktion-fuer-mehr-sicherheit-auf-dem-schulweg-in-weende\/"},"wordCount":239,"commentCount":0,"publisher":{"@id":"https:\/\/radioleinewelle.de\/#organization"},"image":{"@id":"https:\/\/radioleinewelle.de\/index.php\/2023\/03\/13\/aktion-fuer-mehr-sicherheit-auf-dem-schulweg-in-weende\/#primaryimage"},"thumbnailUrl":"https:\/\/radioleinewelle.de\/wp-content\/uploads\/2023\/03\/Schulaktion-Weende-e1678692018804.jpg","keywords":["Hennebergsta\u00dfe","Weende","Wilhelm-Henneberg-Schule"],"articleSection":["Aktuelle Nachrichten"],"inLanguage":"de","potentialAction":[{"@type":"CommentAction","name":"Comment","target":["https:\/\/radioleinewelle.de\/index.php\/2023\/03\/13\/aktion-fuer-mehr-sicherheit-auf-dem-schulweg-in-weende\/#respond"]}]},{"@type":"WebPage","@id":"https:\/\/radioleinewelle.de\/index.php\/2023\/03\/13\/aktion-fuer-mehr-sicherheit-auf-dem-schulweg-in-weende\/","url":"https:\/\/radioleinewelle.de\/index.php\/2023\/03\/13\/aktion-fuer-mehr-sicherheit-auf-dem-schulweg-in-weende\/","name":"Aktion f\u00fcr mehr Sicherheit auf dem Schulweg in Weende - Radio Leinewelle","isPartOf":{"@id":"https:\/\/radioleinewelle.de\/#website"},"primaryImageOfPage":{"@id":"https:\/\/radioleinewelle.de\/index.php\/2023\/03\/13\/aktion-fuer-mehr-sicherheit-auf-dem-schulweg-in-weende\/#primaryimage"},"image":{"@id":"https:\/\/radioleinewelle.de\/index.php\/2023\/03\/13\/aktion-fuer-mehr-sicherheit-auf-dem-schulweg-in-weende\/#primaryimage"},"thumbnailUrl":"https:\/\/radioleinewelle.de\/wp-content\/uploads\/2023\/03\/Schulaktion-Weende-e1678692018804.jpg","datePublished":"2023-03-13T07:31:24+00:00","dateModified":"2023-03-13T07:31:27+00:00","breadcrumb":{"@id":"https:\/\/radioleinewelle.de\/index.php\/2023\/03\/13\/aktion-fuer-mehr-sicherheit-auf-dem-schulweg-in-weende\/#breadcrumb"},"inLanguage":"de","potentialAction":[{"@type":"ReadAction","target":["https:\/\/radioleinewelle.de\/index.php\/2023\/03\/13\/aktion-fuer-mehr-sicherheit-auf-dem-schulweg-in-weende\/"]}]},{"@type":"ImageObject","inLanguage":"de","@id":"https:\/\/radioleinewelle.de\/index.php\/2023\/03\/13\/aktion-fuer-mehr-sicherheit-auf-dem-schulweg-in-weende\/#primaryimage","url":"https:\/\/radioleinewelle.de\/wp-content\/uploads\/2023\/03\/Schulaktion-Weende-e1678692018804.jpg","contentUrl":"https:\/\/radioleinewelle.de\/wp-content\/uploads\/2023\/03\/Schulaktion-Weende-e1678692018804.jpg","width":1000,"height":750},{"@type":"BreadcrumbList","@id":"https:\/\/radioleinewelle.de\/index.php\/2023\/03\/13\/aktion-fuer-mehr-sicherheit-auf-dem-schulweg-in-weende\/#breadcrumb","itemListElement":[{"@type":"ListItem","position":1,"name":"Startseite","item":"https:\/\/radioleinewelle.de\/"},{"@type":"ListItem","position":2,"name":"Aktion f\u00fcr mehr Sicherheit auf dem Schulweg in Weende"}]},{"@type":"WebSite","@id":"https:\/\/radioleinewelle.de\/#website","url":"https:\/\/radioleinewelle.de\/","name":"Radio Leinewelle","description":"","publisher":{"@id":"https:\/\/radioleinewelle.de\/#organization"},"potentialAction":[{"@type":"SearchAction","target":{"@type":"EntryPoint","urlTemplate":"https:\/\/radioleinewelle.de\/?s={search_term_string}"},"query-input":{"@type":"PropertyValueSpecification","valueRequired":true,"valueName":"search_term_string"}}],"inLanguage":"de"},{"@type":"Organization","@id":"https:\/\/radioleinewelle.de\/#organization","name":"Radio Leinewelle","alternateName":"Mein Radio f\u00fcr S\u00fcdniedersachsen","url":"https:\/\/radioleinewelle.de\/","logo":{"@type":"ImageObject","inLanguage":"de","@id":"https:\/\/radioleinewelle.de\/#\/schema\/logo\/image\/","url":"https:\/\/radioleinewelle.de\/wp-content\/uploads\/2023\/11\/cropped-Leinewelle_Logo_weiss.png","contentUrl":"https:\/\/radioleinewelle.de\/wp-content\/uploads\/2023\/11\/cropped-Leinewelle_Logo_weiss.png","width":854,"height":260,"caption":"Radio Leinewelle"},"image":{"@id":"https:\/\/radioleinewelle.de\/#\/schema\/logo\/image\/"},"sameAs":["https:\/\/www.facebook.com\/radioleinewelle","https:\/\/x.com\/RLeinewelle","https:\/\/www.instagram.com\/radioleinewelle\/?hl=de"]},{"@type":"Person","@id":"https:\/\/radioleinewelle.de\/#\/schema\/person\/45606f348637df637192dc1b68399a63","name":"Leinewelle","image":{"@type":"ImageObject","inLanguage":"de","@id":"https:\/\/secure.gravatar.com\/avatar\/05c9a17bc973052ee5d91549bd32fb4dd0dc85b7b85ae94b2e2b4943476bbea5?s=96&d=blank&r=g","url":"https:\/\/secure.gravatar.com\/avatar\/05c9a17bc973052ee5d91549bd32fb4dd0dc85b7b85ae94b2e2b4943476bbea5?s=96&d=blank&r=g","contentUrl":"https:\/\/secure.gravatar.com\/avatar\/05c9a17bc973052ee5d91549bd32fb4dd0dc85b7b85ae94b2e2b4943476bbea5?s=96&d=blank&r=g","caption":"Leinewelle"},"sameAs":["http:\/\/localhost\/radio%20leinewelle\/wordpress","https:\/\/www.facebook.com\/radioleinewelle","https:\/\/www.instagram.com\/radioleinewelle","https:\/\/x.com\/https:\/\/twitter.com\/RLeinewelle?ref_src=twsrcgoogletwcampserptwgrauthor","https:\/\/soundcloud.com\/foerderverein-lokalradio?utm_source=clipboard&utm_medium=text&utm_campaign=social_sharing"],"url":"https:\/\/radioleinewelle.de\/index.php\/author\/leinewelle\/"}]}},"_links":{"self":[{"href":"https:\/\/radioleinewelle.de\/index.php\/wp-json\/wp\/v2\/posts\/22130","targetHints":{"allow":["GET"]}}],"collection":[{"href":"https:\/\/radioleinewelle.de\/index.php\/wp-json\/wp\/v2\/posts"}],"about":[{"href":"https:\/\/radioleinewelle.de\/index.php\/wp-json\/wp\/v2\/types\/post"}],"author":[{"embeddable":true,"href":"https:\/\/radioleinewelle.de\/index.php\/wp-json\/wp\/v2\/users\/1"}],"replies":[{"embeddable":true,"href":"https:\/\/radioleinewelle.de\/index.php\/wp-json\/wp\/v2\/comments?post=22130"}],"version-history":[{"count":3,"href":"https:\/\/radioleinewelle.de\/index.php\/wp-json\/wp\/v2\/posts\/22130\/revisions"}],"predecessor-version":[{"id":22139,"href":"https:\/\/radioleinewelle.de\/index.php\/wp-json\/wp\/v2\/posts\/22130\/revisions\/22139"}],"wp:featuredmedia":[{"embeddable":true,"href":"https:\/\/radioleinewelle.de\/index.php\/wp-json\/wp\/v2\/media\/22133"}],"wp:attachment":[{"href":"https:\/\/radioleinewelle.de\/index.php\/wp-json\/wp\/v2\/media?parent=22130"}],"wp:term":[{"taxonomy":"category","embeddable":true,"href":"https:\/\/radioleinewelle.de\/index.php\/wp-json\/wp\/v2\/categories?post=22130"},{"taxonomy":"post_tag","embeddable":true,"href":"https:\/\/radioleinewelle.de\/index.php\/wp-json\/wp\/v2\/tags?post=22130"}],"curies":[{"name":"wp","href":"https:\/\/api.w.org\/{rel}","templated":true}]}}