{"id":22140,"date":"2023-03-13T10:28:24","date_gmt":"2023-03-13T09:28:24","guid":{"rendered":"https:\/\/radioleinewelle.de\/?p=22140"},"modified":"2023-03-13T10:28:26","modified_gmt":"2023-03-13T09:28:26","slug":"mehr-hausmuell-in-den-coronajahren","status":"publish","type":"post","link":"https:\/\/radioleinewelle.de\/index.php\/2023\/03\/13\/mehr-hausmuell-in-den-coronajahren\/","title":{"rendered":"Mehr Hausm\u00fcll in den Coronajahren"},"content":{"rendered":"\n<p>Die \u00f6ffentlichen Abfallentsorgungsunternehmen in Niedersachsen sammelten in den Corona-Jahren 2020 und 2021 mehr Haushaltsabf\u00e4lle ein als 2019. Wie das Landesamt f\u00fcr Statistik Niedersachsen (LSN) mitteilt, stieg die Abfallmenge pro Kopf von 2019 auf 2020 um 20 kg auf 529 kg. In 2021 sank sie nach vorl\u00e4ufigen Ergebnissen wieder um 9 kg auf 520 kg. Gr\u00fcnde f\u00fcr den erh\u00f6hten Anfall an Abf\u00e4llen sind vermutlich in den l\u00e4ngeren Anwesenheitszeiten der Menschen zu Hause, z. B. durch Kurzarbeit, Home-Office und Quarant\u00e4ne, zu finden.<\/p>\n\n\n\n<p>Gr\u00f6\u00dfter Posten bei den Haushaltsabf\u00e4llen war der Haus- und Sperrm\u00fcll. Im Jahr 2020 fielen in Niedersachsen je Einwohnerin bzw. Einwohner durchschnittlich 195 kg (+8 kg) an. Im Jahr 2021 ging das Aufkommen jedoch wieder auf 190 kg zur\u00fcck.<\/p>\n\n\n\n<p>Im Bereich der Bioabf\u00e4lle, die sich aus der Biotonne bzw. dem Biosack sowie Garten-, Park- und Friedhofsabf\u00e4llen zusammensetzen, gab es im Jahr 2020 mit 166 kg ebenfalls einen deutlichen Anstieg (+9 kg) im Vergleich zu 2019. Im Jahr 2021 wuchs das Pro-Kopf-Aufkommen noch einmal um 7 kg auf 173 kg.<\/p>\n\n\n\n<p>Bei den getrennt gesammelten \u00fcbrigen Wertstoffen, wie z. B. Papier, Glas und Textilien wurde zwischen 2019 (165 kg) und 2020 (168 kg) nur ein geringer Anstieg registriert. Im Jahr 2021 sank das durchschnittliche Aufkommen deutlich und lag nur noch bei 157 kg pro Kopf.<\/p>\n\n\n\n<p>Symbolbild Pixabay<\/p>\n","protected":false},"excerpt":{"rendered":"<p>Die \u00f6ffentlichen Abfallentsorgungsunternehmen in Niedersachsen sammelten in den Corona-Jahren 2020 und 2021 mehr Haushaltsabf\u00e4lle ein als 2019. Wie das Landesamt f\u00fcr Statistik Niedersachsen (LSN) mitteilt, stieg die Abfallmenge pro Kopf von 2019 auf 2020 um 20 kg auf 529 kg. In 2021 sank sie nach vorl\u00e4ufigen Ergebnissen wieder um 9 kg auf 520 kg. Gr\u00fcnde [&hellip;]<\/p>\n","protected":false},"author":1,"featured_media":22141,"comment_status":"open","ping_status":"open","sticky":true,"template":"","format":"standard","meta":{"saved_in_kubio":false,"footnotes":""},"categories":[24],"tags":[3922,3921],"class_list":["post-22140","post","type-post","status-publish","format-standard","has-post-thumbnail","hentry","category-news","tag-coronajahre","tag-hausmuell"],"yoast_head":"<!-- This site is optimized with the Yoast SEO plugin v27.5 - https:\/\/yoast.com\/product\/yoast-seo-wordpress\/ -->\n<title>Mehr Hausm\u00fcll in den Coronajahren - Radio Leinewelle<\/title>\n<meta name=\"robots\" content=\"index, follow, max-snippet:-1, max-image-preview:large, max-video-preview:-1\" \/>\n<link rel=\"canonical\" href=\"https:\/\/radioleinewelle.de\/index.php\/2023\/03\/13\/mehr-hausmuell-in-den-coronajahren\/\" \/>\n<meta property=\"og:locale\" content=\"de_DE\" \/>\n<meta property=\"og:type\" content=\"article\" \/>\n<meta property=\"og:title\" content=\"Mehr Hausm\u00fcll in den Coronajahren - Radio Leinewelle\" \/>\n<meta property=\"og:description\" content=\"Die \u00f6ffentlichen Abfallentsorgungsunternehmen in Niedersachsen sammelten in den Corona-Jahren 2020 und 2021 mehr Haushaltsabf\u00e4lle ein als 2019. Wie das Landesamt f\u00fcr Statistik Niedersachsen (LSN) mitteilt, stieg die Abfallmenge pro Kopf von 2019 auf 2020 um 20 kg auf 529 kg. In 2021 sank sie nach vorl\u00e4ufigen Ergebnissen wieder um 9 kg auf 520 kg. Gr\u00fcnde [&hellip;]\" \/>\n<meta property=\"og:url\" content=\"https:\/\/radioleinewelle.de\/index.php\/2023\/03\/13\/mehr-hausmuell-in-den-coronajahren\/\" \/>\n<meta property=\"og:site_name\" content=\"Radio Leinewelle\" \/>\n<meta property=\"article:publisher\" content=\"https:\/\/www.facebook.com\/radioleinewelle\" \/>\n<meta property=\"article:author\" content=\"https:\/\/www.facebook.com\/radioleinewelle\" \/>\n<meta property=\"article:published_time\" content=\"2023-03-13T09:28:24+00:00\" \/>\n<meta property=\"article:modified_time\" content=\"2023-03-13T09:28:26+00:00\" \/>\n<meta property=\"og:image\" content=\"https:\/\/radioleinewelle.de\/wp-content\/uploads\/2023\/03\/garbage-cans-gcc0f6fc84_1280.jpg\" \/>\n\t<meta property=\"og:image:width\" content=\"1280\" \/>\n\t<meta property=\"og:image:height\" content=\"682\" \/>\n\t<meta property=\"og:image:type\" content=\"image\/jpeg\" \/>\n<meta name=\"author\" content=\"Leinewelle\" \/>\n<meta name=\"twitter:card\" content=\"summary_large_image\" \/>\n<meta name=\"twitter:creator\" content=\"@https:\/\/twitter.com\/RLeinewelle?ref_src=twsrcgoogletwcampserptwgrauthor\" \/>\n<meta name=\"twitter:site\" content=\"@RLeinewelle\" \/>\n<meta name=\"twitter:label1\" content=\"Verfasst von\" \/>\n\t<meta name=\"twitter:data1\" content=\"Leinewelle\" \/>\n\t<meta name=\"twitter:label2\" content=\"Gesch\u00e4tzte Lesezeit\" \/>\n\t<meta name=\"twitter:data2\" content=\"2\u00a0Minuten\" \/>\n<script type=\"application\/ld+json\" class=\"yoast-schema-graph\">{\"@context\":\"https:\\\/\\\/schema.org\",\"@graph\":[{\"@type\":\"Article\",\"@id\":\"https:\\\/\\\/radioleinewelle.de\\\/index.php\\\/2023\\\/03\\\/13\\\/mehr-hausmuell-in-den-coronajahren\\\/#article\",\"isPartOf\":{\"@id\":\"https:\\\/\\\/radioleinewelle.de\\\/index.php\\\/2023\\\/03\\\/13\\\/mehr-hausmuell-in-den-coronajahren\\\/\"},\"author\":{\"name\":\"Leinewelle\",\"@id\":\"https:\\\/\\\/radioleinewelle.de\\\/#\\\/schema\\\/person\\\/45606f348637df637192dc1b68399a63\"},\"headline\":\"Mehr Hausm\u00fcll in den Coronajahren\",\"datePublished\":\"2023-03-13T09:28:24+00:00\",\"dateModified\":\"2023-03-13T09:28:26+00:00\",\"mainEntityOfPage\":{\"@id\":\"https:\\\/\\\/radioleinewelle.de\\\/index.php\\\/2023\\\/03\\\/13\\\/mehr-hausmuell-in-den-coronajahren\\\/\"},\"wordCount\":207,\"commentCount\":0,\"publisher\":{\"@id\":\"https:\\\/\\\/radioleinewelle.de\\\/#organization\"},\"image\":{\"@id\":\"https:\\\/\\\/radioleinewelle.de\\\/index.php\\\/2023\\\/03\\\/13\\\/mehr-hausmuell-in-den-coronajahren\\\/#primaryimage\"},\"thumbnailUrl\":\"https:\\\/\\\/radioleinewelle.de\\\/wp-content\\\/uploads\\\/2023\\\/03\\\/garbage-cans-gcc0f6fc84_1280.jpg\",\"keywords\":[\"Coronajahre\",\"Hausm\u00fcll\"],\"articleSection\":[\"Aktuelle Nachrichten\"],\"inLanguage\":\"de\",\"potentialAction\":[{\"@type\":\"CommentAction\",\"name\":\"Comment\",\"target\":[\"https:\\\/\\\/radioleinewelle.de\\\/index.php\\\/2023\\\/03\\\/13\\\/mehr-hausmuell-in-den-coronajahren\\\/#respond\"]}]},{\"@type\":\"WebPage\",\"@id\":\"https:\\\/\\\/radioleinewelle.de\\\/index.php\\\/2023\\\/03\\\/13\\\/mehr-hausmuell-in-den-coronajahren\\\/\",\"url\":\"https:\\\/\\\/radioleinewelle.de\\\/index.php\\\/2023\\\/03\\\/13\\\/mehr-hausmuell-in-den-coronajahren\\\/\",\"name\":\"Mehr Hausm\u00fcll in den Coronajahren - Radio Leinewelle\",\"isPartOf\":{\"@id\":\"https:\\\/\\\/radioleinewelle.de\\\/#website\"},\"primaryImageOfPage\":{\"@id\":\"https:\\\/\\\/radioleinewelle.de\\\/index.php\\\/2023\\\/03\\\/13\\\/mehr-hausmuell-in-den-coronajahren\\\/#primaryimage\"},\"image\":{\"@id\":\"https:\\\/\\\/radioleinewelle.de\\\/index.php\\\/2023\\\/03\\\/13\\\/mehr-hausmuell-in-den-coronajahren\\\/#primaryimage\"},\"thumbnailUrl\":\"https:\\\/\\\/radioleinewelle.de\\\/wp-content\\\/uploads\\\/2023\\\/03\\\/garbage-cans-gcc0f6fc84_1280.jpg\",\"datePublished\":\"2023-03-13T09:28:24+00:00\",\"dateModified\":\"2023-03-13T09:28:26+00:00\",\"breadcrumb\":{\"@id\":\"https:\\\/\\\/radioleinewelle.de\\\/index.php\\\/2023\\\/03\\\/13\\\/mehr-hausmuell-in-den-coronajahren\\\/#breadcrumb\"},\"inLanguage\":\"de\",\"potentialAction\":[{\"@type\":\"ReadAction\",\"target\":[\"https:\\\/\\\/radioleinewelle.de\\\/index.php\\\/2023\\\/03\\\/13\\\/mehr-hausmuell-in-den-coronajahren\\\/\"]}]},{\"@type\":\"ImageObject\",\"inLanguage\":\"de\",\"@id\":\"https:\\\/\\\/radioleinewelle.de\\\/index.php\\\/2023\\\/03\\\/13\\\/mehr-hausmuell-in-den-coronajahren\\\/#primaryimage\",\"url\":\"https:\\\/\\\/radioleinewelle.de\\\/wp-content\\\/uploads\\\/2023\\\/03\\\/garbage-cans-gcc0f6fc84_1280.jpg\",\"contentUrl\":\"https:\\\/\\\/radioleinewelle.de\\\/wp-content\\\/uploads\\\/2023\\\/03\\\/garbage-cans-gcc0f6fc84_1280.jpg\",\"width\":1280,\"height\":682},{\"@type\":\"BreadcrumbList\",\"@id\":\"https:\\\/\\\/radioleinewelle.de\\\/index.php\\\/2023\\\/03\\\/13\\\/mehr-hausmuell-in-den-coronajahren\\\/#breadcrumb\",\"itemListElement\":[{\"@type\":\"ListItem\",\"position\":1,\"name\":\"Startseite\",\"item\":\"https:\\\/\\\/radioleinewelle.de\\\/\"},{\"@type\":\"ListItem\",\"position\":2,\"name\":\"Mehr Hausm\u00fcll in den Coronajahren\"}]},{\"@type\":\"WebSite\",\"@id\":\"https:\\\/\\\/radioleinewelle.de\\\/#website\",\"url\":\"https:\\\/\\\/radioleinewelle.de\\\/\",\"name\":\"Radio Leinewelle\",\"description\":\"\",\"publisher\":{\"@id\":\"https:\\\/\\\/radioleinewelle.de\\\/#organization\"},\"potentialAction\":[{\"@type\":\"SearchAction\",\"target\":{\"@type\":\"EntryPoint\",\"urlTemplate\":\"https:\\\/\\\/radioleinewelle.de\\\/?s={search_term_string}\"},\"query-input\":{\"@type\":\"PropertyValueSpecification\",\"valueRequired\":true,\"valueName\":\"search_term_string\"}}],\"inLanguage\":\"de\"},{\"@type\":\"Organization\",\"@id\":\"https:\\\/\\\/radioleinewelle.de\\\/#organization\",\"name\":\"Radio Leinewelle\",\"alternateName\":\"Mein Radio f\u00fcr S\u00fcdniedersachsen\",\"url\":\"https:\\\/\\\/radioleinewelle.de\\\/\",\"logo\":{\"@type\":\"ImageObject\",\"inLanguage\":\"de\",\"@id\":\"https:\\\/\\\/radioleinewelle.de\\\/#\\\/schema\\\/logo\\\/image\\\/\",\"url\":\"https:\\\/\\\/radioleinewelle.de\\\/wp-content\\\/uploads\\\/2023\\\/11\\\/cropped-Leinewelle_Logo_weiss.png\",\"contentUrl\":\"https:\\\/\\\/radioleinewelle.de\\\/wp-content\\\/uploads\\\/2023\\\/11\\\/cropped-Leinewelle_Logo_weiss.png\",\"width\":854,\"height\":260,\"caption\":\"Radio Leinewelle\"},\"image\":{\"@id\":\"https:\\\/\\\/radioleinewelle.de\\\/#\\\/schema\\\/logo\\\/image\\\/\"},\"sameAs\":[\"https:\\\/\\\/www.facebook.com\\\/radioleinewelle\",\"https:\\\/\\\/x.com\\\/RLeinewelle\",\"https:\\\/\\\/www.instagram.com\\\/radioleinewelle\\\/?hl=de\"]},{\"@type\":\"Person\",\"@id\":\"https:\\\/\\\/radioleinewelle.de\\\/#\\\/schema\\\/person\\\/45606f348637df637192dc1b68399a63\",\"name\":\"Leinewelle\",\"image\":{\"@type\":\"ImageObject\",\"inLanguage\":\"de\",\"@id\":\"https:\\\/\\\/secure.gravatar.com\\\/avatar\\\/05c9a17bc973052ee5d91549bd32fb4dd0dc85b7b85ae94b2e2b4943476bbea5?s=96&d=blank&r=g\",\"url\":\"https:\\\/\\\/secure.gravatar.com\\\/avatar\\\/05c9a17bc973052ee5d91549bd32fb4dd0dc85b7b85ae94b2e2b4943476bbea5?s=96&d=blank&r=g\",\"contentUrl\":\"https:\\\/\\\/secure.gravatar.com\\\/avatar\\\/05c9a17bc973052ee5d91549bd32fb4dd0dc85b7b85ae94b2e2b4943476bbea5?s=96&d=blank&r=g\",\"caption\":\"Leinewelle\"},\"sameAs\":[\"http:\\\/\\\/localhost\\\/radio%20leinewelle\\\/wordpress\",\"https:\\\/\\\/www.facebook.com\\\/radioleinewelle\",\"https:\\\/\\\/www.instagram.com\\\/radioleinewelle\",\"https:\\\/\\\/x.com\\\/https:\\\/\\\/twitter.com\\\/RLeinewelle?ref_src=twsrcgoogletwcampserptwgrauthor\",\"https:\\\/\\\/soundcloud.com\\\/foerderverein-lokalradio?utm_source=clipboard&utm_medium=text&utm_campaign=social_sharing\"],\"url\":\"https:\\\/\\\/radioleinewelle.de\\\/index.php\\\/author\\\/leinewelle\\\/\"}]}<\/script>\n<!-- \/ Yoast SEO plugin. -->","yoast_head_json":{"title":"Mehr Hausm\u00fcll in den Coronajahren - Radio Leinewelle","robots":{"index":"index","follow":"follow","max-snippet":"max-snippet:-1","max-image-preview":"max-image-preview:large","max-video-preview":"max-video-preview:-1"},"canonical":"https:\/\/radioleinewelle.de\/index.php\/2023\/03\/13\/mehr-hausmuell-in-den-coronajahren\/","og_locale":"de_DE","og_type":"article","og_title":"Mehr Hausm\u00fcll in den Coronajahren - Radio Leinewelle","og_description":"Die \u00f6ffentlichen Abfallentsorgungsunternehmen in Niedersachsen sammelten in den Corona-Jahren 2020 und 2021 mehr Haushaltsabf\u00e4lle ein als 2019. Wie das Landesamt f\u00fcr Statistik Niedersachsen (LSN) mitteilt, stieg die Abfallmenge pro Kopf von 2019 auf 2020 um 20 kg auf 529 kg. In 2021 sank sie nach vorl\u00e4ufigen Ergebnissen wieder um 9 kg auf 520 kg. Gr\u00fcnde [&hellip;]","og_url":"https:\/\/radioleinewelle.de\/index.php\/2023\/03\/13\/mehr-hausmuell-in-den-coronajahren\/","og_site_name":"Radio Leinewelle","article_publisher":"https:\/\/www.facebook.com\/radioleinewelle","article_author":"https:\/\/www.facebook.com\/radioleinewelle","article_published_time":"2023-03-13T09:28:24+00:00","article_modified_time":"2023-03-13T09:28:26+00:00","og_image":[{"width":1280,"height":682,"url":"https:\/\/radioleinewelle.de\/wp-content\/uploads\/2023\/03\/garbage-cans-gcc0f6fc84_1280.jpg","type":"image\/jpeg"}],"author":"Leinewelle","twitter_card":"summary_large_image","twitter_creator":"@https:\/\/twitter.com\/RLeinewelle?ref_src=twsrcgoogletwcampserptwgrauthor","twitter_site":"@RLeinewelle","twitter_misc":{"Verfasst von":"Leinewelle","Gesch\u00e4tzte Lesezeit":"2\u00a0Minuten"},"schema":{"@context":"https:\/\/schema.org","@graph":[{"@type":"Article","@id":"https:\/\/radioleinewelle.de\/index.php\/2023\/03\/13\/mehr-hausmuell-in-den-coronajahren\/#article","isPartOf":{"@id":"https:\/\/radioleinewelle.de\/index.php\/2023\/03\/13\/mehr-hausmuell-in-den-coronajahren\/"},"author":{"name":"Leinewelle","@id":"https:\/\/radioleinewelle.de\/#\/schema\/person\/45606f348637df637192dc1b68399a63"},"headline":"Mehr Hausm\u00fcll in den Coronajahren","datePublished":"2023-03-13T09:28:24+00:00","dateModified":"2023-03-13T09:28:26+00:00","mainEntityOfPage":{"@id":"https:\/\/radioleinewelle.de\/index.php\/2023\/03\/13\/mehr-hausmuell-in-den-coronajahren\/"},"wordCount":207,"commentCount":0,"publisher":{"@id":"https:\/\/radioleinewelle.de\/#organization"},"image":{"@id":"https:\/\/radioleinewelle.de\/index.php\/2023\/03\/13\/mehr-hausmuell-in-den-coronajahren\/#primaryimage"},"thumbnailUrl":"https:\/\/radioleinewelle.de\/wp-content\/uploads\/2023\/03\/garbage-cans-gcc0f6fc84_1280.jpg","keywords":["Coronajahre","Hausm\u00fcll"],"articleSection":["Aktuelle Nachrichten"],"inLanguage":"de","potentialAction":[{"@type":"CommentAction","name":"Comment","target":["https:\/\/radioleinewelle.de\/index.php\/2023\/03\/13\/mehr-hausmuell-in-den-coronajahren\/#respond"]}]},{"@type":"WebPage","@id":"https:\/\/radioleinewelle.de\/index.php\/2023\/03\/13\/mehr-hausmuell-in-den-coronajahren\/","url":"https:\/\/radioleinewelle.de\/index.php\/2023\/03\/13\/mehr-hausmuell-in-den-coronajahren\/","name":"Mehr Hausm\u00fcll in den Coronajahren - Radio Leinewelle","isPartOf":{"@id":"https:\/\/radioleinewelle.de\/#website"},"primaryImageOfPage":{"@id":"https:\/\/radioleinewelle.de\/index.php\/2023\/03\/13\/mehr-hausmuell-in-den-coronajahren\/#primaryimage"},"image":{"@id":"https:\/\/radioleinewelle.de\/index.php\/2023\/03\/13\/mehr-hausmuell-in-den-coronajahren\/#primaryimage"},"thumbnailUrl":"https:\/\/radioleinewelle.de\/wp-content\/uploads\/2023\/03\/garbage-cans-gcc0f6fc84_1280.jpg","datePublished":"2023-03-13T09:28:24+00:00","dateModified":"2023-03-13T09:28:26+00:00","breadcrumb":{"@id":"https:\/\/radioleinewelle.de\/index.php\/2023\/03\/13\/mehr-hausmuell-in-den-coronajahren\/#breadcrumb"},"inLanguage":"de","potentialAction":[{"@type":"ReadAction","target":["https:\/\/radioleinewelle.de\/index.php\/2023\/03\/13\/mehr-hausmuell-in-den-coronajahren\/"]}]},{"@type":"ImageObject","inLanguage":"de","@id":"https:\/\/radioleinewelle.de\/index.php\/2023\/03\/13\/mehr-hausmuell-in-den-coronajahren\/#primaryimage","url":"https:\/\/radioleinewelle.de\/wp-content\/uploads\/2023\/03\/garbage-cans-gcc0f6fc84_1280.jpg","contentUrl":"https:\/\/radioleinewelle.de\/wp-content\/uploads\/2023\/03\/garbage-cans-gcc0f6fc84_1280.jpg","width":1280,"height":682},{"@type":"BreadcrumbList","@id":"https:\/\/radioleinewelle.de\/index.php\/2023\/03\/13\/mehr-hausmuell-in-den-coronajahren\/#breadcrumb","itemListElement":[{"@type":"ListItem","position":1,"name":"Startseite","item":"https:\/\/radioleinewelle.de\/"},{"@type":"ListItem","position":2,"name":"Mehr Hausm\u00fcll in den Coronajahren"}]},{"@type":"WebSite","@id":"https:\/\/radioleinewelle.de\/#website","url":"https:\/\/radioleinewelle.de\/","name":"Radio Leinewelle","description":"","publisher":{"@id":"https:\/\/radioleinewelle.de\/#organization"},"potentialAction":[{"@type":"SearchAction","target":{"@type":"EntryPoint","urlTemplate":"https:\/\/radioleinewelle.de\/?s={search_term_string}"},"query-input":{"@type":"PropertyValueSpecification","valueRequired":true,"valueName":"search_term_string"}}],"inLanguage":"de"},{"@type":"Organization","@id":"https:\/\/radioleinewelle.de\/#organization","name":"Radio Leinewelle","alternateName":"Mein Radio f\u00fcr S\u00fcdniedersachsen","url":"https:\/\/radioleinewelle.de\/","logo":{"@type":"ImageObject","inLanguage":"de","@id":"https:\/\/radioleinewelle.de\/#\/schema\/logo\/image\/","url":"https:\/\/radioleinewelle.de\/wp-content\/uploads\/2023\/11\/cropped-Leinewelle_Logo_weiss.png","contentUrl":"https:\/\/radioleinewelle.de\/wp-content\/uploads\/2023\/11\/cropped-Leinewelle_Logo_weiss.png","width":854,"height":260,"caption":"Radio Leinewelle"},"image":{"@id":"https:\/\/radioleinewelle.de\/#\/schema\/logo\/image\/"},"sameAs":["https:\/\/www.facebook.com\/radioleinewelle","https:\/\/x.com\/RLeinewelle","https:\/\/www.instagram.com\/radioleinewelle\/?hl=de"]},{"@type":"Person","@id":"https:\/\/radioleinewelle.de\/#\/schema\/person\/45606f348637df637192dc1b68399a63","name":"Leinewelle","image":{"@type":"ImageObject","inLanguage":"de","@id":"https:\/\/secure.gravatar.com\/avatar\/05c9a17bc973052ee5d91549bd32fb4dd0dc85b7b85ae94b2e2b4943476bbea5?s=96&d=blank&r=g","url":"https:\/\/secure.gravatar.com\/avatar\/05c9a17bc973052ee5d91549bd32fb4dd0dc85b7b85ae94b2e2b4943476bbea5?s=96&d=blank&r=g","contentUrl":"https:\/\/secure.gravatar.com\/avatar\/05c9a17bc973052ee5d91549bd32fb4dd0dc85b7b85ae94b2e2b4943476bbea5?s=96&d=blank&r=g","caption":"Leinewelle"},"sameAs":["http:\/\/localhost\/radio%20leinewelle\/wordpress","https:\/\/www.facebook.com\/radioleinewelle","https:\/\/www.instagram.com\/radioleinewelle","https:\/\/x.com\/https:\/\/twitter.com\/RLeinewelle?ref_src=twsrcgoogletwcampserptwgrauthor","https:\/\/soundcloud.com\/foerderverein-lokalradio?utm_source=clipboard&utm_medium=text&utm_campaign=social_sharing"],"url":"https:\/\/radioleinewelle.de\/index.php\/author\/leinewelle\/"}]}},"_links":{"self":[{"href":"https:\/\/radioleinewelle.de\/index.php\/wp-json\/wp\/v2\/posts\/22140","targetHints":{"allow":["GET"]}}],"collection":[{"href":"https:\/\/radioleinewelle.de\/index.php\/wp-json\/wp\/v2\/posts"}],"about":[{"href":"https:\/\/radioleinewelle.de\/index.php\/wp-json\/wp\/v2\/types\/post"}],"author":[{"embeddable":true,"href":"https:\/\/radioleinewelle.de\/index.php\/wp-json\/wp\/v2\/users\/1"}],"replies":[{"embeddable":true,"href":"https:\/\/radioleinewelle.de\/index.php\/wp-json\/wp\/v2\/comments?post=22140"}],"version-history":[{"count":1,"href":"https:\/\/radioleinewelle.de\/index.php\/wp-json\/wp\/v2\/posts\/22140\/revisions"}],"predecessor-version":[{"id":22142,"href":"https:\/\/radioleinewelle.de\/index.php\/wp-json\/wp\/v2\/posts\/22140\/revisions\/22142"}],"wp:featuredmedia":[{"embeddable":true,"href":"https:\/\/radioleinewelle.de\/index.php\/wp-json\/wp\/v2\/media\/22141"}],"wp:attachment":[{"href":"https:\/\/radioleinewelle.de\/index.php\/wp-json\/wp\/v2\/media?parent=22140"}],"wp:term":[{"taxonomy":"category","embeddable":true,"href":"https:\/\/radioleinewelle.de\/index.php\/wp-json\/wp\/v2\/categories?post=22140"},{"taxonomy":"post_tag","embeddable":true,"href":"https:\/\/radioleinewelle.de\/index.php\/wp-json\/wp\/v2\/tags?post=22140"}],"curies":[{"name":"wp","href":"https:\/\/api.w.org\/{rel}","templated":true}]}}