{"id":22198,"date":"2023-03-17T10:06:06","date_gmt":"2023-03-17T09:06:06","guid":{"rendered":"https:\/\/radioleinewelle.de\/?p=22198"},"modified":"2023-03-17T10:06:08","modified_gmt":"2023-03-17T09:06:08","slug":"vorsorge-mit-blick-auf-die-eigene-endlichkeit-was-ist-zu-tun","status":"publish","type":"post","link":"https:\/\/radioleinewelle.de\/index.php\/2023\/03\/17\/vorsorge-mit-blick-auf-die-eigene-endlichkeit-was-ist-zu-tun\/","title":{"rendered":"Vorsorge mit Blick auf die eigene Endlichkeit &#8211; was ist zu tun?"},"content":{"rendered":"\n<p>Im Rahmen ihrer neuen Veranstaltungsreihe f\u00fcr Menschen ab 60 Jahren \u201eEINSCHALTEN!\u201c l\u00e4dt die Ev. Familien\u2010Bildungsst\u00e4tte (FaBi) in G\u00f6ttingen am <strong>29. M\u00e4rz von 13:45 bis 16 Uhr zu einem Gruppengespr\u00e4ch zum Thema \u201eVorsorge ist sinnvoll!\u201c<\/strong> ein.<\/p>\n\n\n\n<p>Vorsorge treffen ist ein t\u00e4gliches Gesch\u00e4ft. Wir f\u00fcllen die Speisekammer mit Lebensmittelvorr\u00e4ten, legen Geld f\u00fcr den Urlaub zur\u00fcck, gehen zu Vorsorgenuntersuchungen und schlie\u00dfen alle m\u00f6glichen Versicherungen ab. Aber wie oft weichen wir im Vergleich dem Blick auf unsere eigene Endlichkeit aus? Zwar wissen wir, auch hier ist Vorsorge sinnvoll und \u201eman\u201c sollte eigentlich etwas regeln. Aber am Ende schieben wir das Thema immer wieder auf.<\/p>\n\n\n\n<p>Dabei bleibt vieles unklar. Welche Vorsorgebereiche gibt es im Blick auf das Lebensende zu bedenken? Was gilt, wenn nichts geregelt ist? Wo gibt es Unterst\u00fctzung? \u00dcber diese und andere Fragen kommen die Besuchenden der FaBi\u2010Veranstaltung digital ins Gespr\u00e4ch mit Fachleuten im Bereich Erbschaftskommunikation bzw. Besuchsdienst im Haus kirchlicher Dienste der Landeskirche Hannovers. Anschlie\u00dfend wird im direkten Austausch vor Ort ein Blick auf hilfreiche Informationen und Einrichtungen direkt in der Region G\u00f6ttingen geworfen.<\/p>\n\n\n\n<p><strong>\u201eEINSCHALTEN!\u201c<\/strong> Ist ein neues Angebot f\u00fcr Menschen ab 60 Jahren in Kooperation mit dem Haus kirchlicher Dienste der Ev.\u2010luth. Landeskirche Hannovers. Der Input der Landeskirche genutzt und vor Ort \u201eeingeschaltet\u201c, f\u00fcr einen Moment ist die Gruppe Teil der Videokonferenz und nimmt dann das Thema weiter im Gespr\u00e4chskreis auf. Die Teilnahme ist kostenlos, weitere Informationen und Anmeldung unter: Ev. Familien\u2010Bildungsst\u00e4tte, Neustadt 18, 37073 G\u00f6ttingen, efb\u2010goettingen@evlka.de, www.fabi\u2010goe.de oder unter: 0551\/38905310.<\/p>\n\n\n\n<p>Symbolbild von Pixabay<\/p>\n","protected":false},"excerpt":{"rendered":"<p>Im Rahmen ihrer neuen Veranstaltungsreihe f\u00fcr Menschen ab 60 Jahren \u201eEINSCHALTEN!\u201c l\u00e4dt die Ev. Familien\u2010Bildungsst\u00e4tte (FaBi) in G\u00f6ttingen am 29. M\u00e4rz von 13:45 bis 16 Uhr zu einem Gruppengespr\u00e4ch zum Thema \u201eVorsorge ist sinnvoll!\u201c ein. Vorsorge treffen ist ein t\u00e4gliches Gesch\u00e4ft. Wir f\u00fcllen die Speisekammer mit Lebensmittelvorr\u00e4ten, legen Geld f\u00fcr den Urlaub zur\u00fcck, gehen zu [&hellip;]<\/p>\n","protected":false},"author":1,"featured_media":22201,"comment_status":"open","ping_status":"open","sticky":true,"template":"","format":"standard","meta":{"saved_in_kubio":false,"footnotes":""},"categories":[53,3882],"tags":[3928,3927],"class_list":["post-22198","post","type-post","status-publish","format-standard","has-post-thumbnail","hentry","category-gesellschaft","category-kirche","tag-ev-familienbildungsstaette","tag-ev-luth-landeskirche"],"yoast_head":"<!-- This site is optimized with the Yoast SEO plugin v27.5 - https:\/\/yoast.com\/product\/yoast-seo-wordpress\/ -->\n<title>Vorsorge mit Blick auf die eigene Endlichkeit - was ist zu tun? - Radio Leinewelle<\/title>\n<meta name=\"robots\" content=\"index, follow, max-snippet:-1, max-image-preview:large, max-video-preview:-1\" \/>\n<link rel=\"canonical\" href=\"https:\/\/radioleinewelle.de\/index.php\/2023\/03\/17\/vorsorge-mit-blick-auf-die-eigene-endlichkeit-was-ist-zu-tun\/\" \/>\n<meta property=\"og:locale\" content=\"de_DE\" \/>\n<meta property=\"og:type\" content=\"article\" \/>\n<meta property=\"og:title\" content=\"Vorsorge mit Blick auf die eigene Endlichkeit - was ist zu tun? - Radio Leinewelle\" \/>\n<meta property=\"og:description\" content=\"Im Rahmen ihrer neuen Veranstaltungsreihe f\u00fcr Menschen ab 60 Jahren \u201eEINSCHALTEN!\u201c l\u00e4dt die Ev. Familien\u2010Bildungsst\u00e4tte (FaBi) in G\u00f6ttingen am 29. M\u00e4rz von 13:45 bis 16 Uhr zu einem Gruppengespr\u00e4ch zum Thema \u201eVorsorge ist sinnvoll!\u201c ein. Vorsorge treffen ist ein t\u00e4gliches Gesch\u00e4ft. Wir f\u00fcllen die Speisekammer mit Lebensmittelvorr\u00e4ten, legen Geld f\u00fcr den Urlaub zur\u00fcck, gehen zu [&hellip;]\" \/>\n<meta property=\"og:url\" content=\"https:\/\/radioleinewelle.de\/index.php\/2023\/03\/17\/vorsorge-mit-blick-auf-die-eigene-endlichkeit-was-ist-zu-tun\/\" \/>\n<meta property=\"og:site_name\" content=\"Radio Leinewelle\" \/>\n<meta property=\"article:publisher\" content=\"https:\/\/www.facebook.com\/radioleinewelle\" \/>\n<meta property=\"article:author\" content=\"https:\/\/www.facebook.com\/radioleinewelle\" \/>\n<meta property=\"article:published_time\" content=\"2023-03-17T09:06:06+00:00\" \/>\n<meta property=\"article:modified_time\" content=\"2023-03-17T09:06:08+00:00\" \/>\n<meta property=\"og:image\" content=\"https:\/\/radioleinewelle.de\/wp-content\/uploads\/2023\/03\/life-gb68caeeb1_1280.jpg\" \/>\n\t<meta property=\"og:image:width\" content=\"1280\" \/>\n\t<meta property=\"og:image:height\" content=\"853\" \/>\n\t<meta property=\"og:image:type\" content=\"image\/jpeg\" \/>\n<meta name=\"author\" content=\"Leinewelle\" \/>\n<meta name=\"twitter:card\" content=\"summary_large_image\" \/>\n<meta name=\"twitter:creator\" content=\"@https:\/\/twitter.com\/RLeinewelle?ref_src=twsrcgoogletwcampserptwgrauthor\" \/>\n<meta name=\"twitter:site\" content=\"@RLeinewelle\" \/>\n<meta name=\"twitter:label1\" content=\"Verfasst von\" \/>\n\t<meta name=\"twitter:data1\" content=\"Leinewelle\" \/>\n\t<meta name=\"twitter:label2\" content=\"Gesch\u00e4tzte Lesezeit\" \/>\n\t<meta name=\"twitter:data2\" content=\"2\u00a0Minuten\" \/>\n<script type=\"application\/ld+json\" class=\"yoast-schema-graph\">{\"@context\":\"https:\\\/\\\/schema.org\",\"@graph\":[{\"@type\":\"Article\",\"@id\":\"https:\\\/\\\/radioleinewelle.de\\\/index.php\\\/2023\\\/03\\\/17\\\/vorsorge-mit-blick-auf-die-eigene-endlichkeit-was-ist-zu-tun\\\/#article\",\"isPartOf\":{\"@id\":\"https:\\\/\\\/radioleinewelle.de\\\/index.php\\\/2023\\\/03\\\/17\\\/vorsorge-mit-blick-auf-die-eigene-endlichkeit-was-ist-zu-tun\\\/\"},\"author\":{\"name\":\"Leinewelle\",\"@id\":\"https:\\\/\\\/radioleinewelle.de\\\/#\\\/schema\\\/person\\\/45606f348637df637192dc1b68399a63\"},\"headline\":\"Vorsorge mit Blick auf die eigene Endlichkeit &#8211; was ist zu tun?\",\"datePublished\":\"2023-03-17T09:06:06+00:00\",\"dateModified\":\"2023-03-17T09:06:08+00:00\",\"mainEntityOfPage\":{\"@id\":\"https:\\\/\\\/radioleinewelle.de\\\/index.php\\\/2023\\\/03\\\/17\\\/vorsorge-mit-blick-auf-die-eigene-endlichkeit-was-ist-zu-tun\\\/\"},\"wordCount\":280,\"commentCount\":0,\"publisher\":{\"@id\":\"https:\\\/\\\/radioleinewelle.de\\\/#organization\"},\"image\":{\"@id\":\"https:\\\/\\\/radioleinewelle.de\\\/index.php\\\/2023\\\/03\\\/17\\\/vorsorge-mit-blick-auf-die-eigene-endlichkeit-was-ist-zu-tun\\\/#primaryimage\"},\"thumbnailUrl\":\"https:\\\/\\\/radioleinewelle.de\\\/wp-content\\\/uploads\\\/2023\\\/03\\\/life-gb68caeeb1_1280.jpg\",\"keywords\":[\"Ev. Familien\u2010Bildungsst\u00e4tte\",\"Ev.\u2010luth. Landeskirche\"],\"articleSection\":[\"Gesellschaft\",\"Kirche\"],\"inLanguage\":\"de\",\"potentialAction\":[{\"@type\":\"CommentAction\",\"name\":\"Comment\",\"target\":[\"https:\\\/\\\/radioleinewelle.de\\\/index.php\\\/2023\\\/03\\\/17\\\/vorsorge-mit-blick-auf-die-eigene-endlichkeit-was-ist-zu-tun\\\/#respond\"]}]},{\"@type\":\"WebPage\",\"@id\":\"https:\\\/\\\/radioleinewelle.de\\\/index.php\\\/2023\\\/03\\\/17\\\/vorsorge-mit-blick-auf-die-eigene-endlichkeit-was-ist-zu-tun\\\/\",\"url\":\"https:\\\/\\\/radioleinewelle.de\\\/index.php\\\/2023\\\/03\\\/17\\\/vorsorge-mit-blick-auf-die-eigene-endlichkeit-was-ist-zu-tun\\\/\",\"name\":\"Vorsorge mit Blick auf die eigene Endlichkeit - was ist zu tun? - Radio Leinewelle\",\"isPartOf\":{\"@id\":\"https:\\\/\\\/radioleinewelle.de\\\/#website\"},\"primaryImageOfPage\":{\"@id\":\"https:\\\/\\\/radioleinewelle.de\\\/index.php\\\/2023\\\/03\\\/17\\\/vorsorge-mit-blick-auf-die-eigene-endlichkeit-was-ist-zu-tun\\\/#primaryimage\"},\"image\":{\"@id\":\"https:\\\/\\\/radioleinewelle.de\\\/index.php\\\/2023\\\/03\\\/17\\\/vorsorge-mit-blick-auf-die-eigene-endlichkeit-was-ist-zu-tun\\\/#primaryimage\"},\"thumbnailUrl\":\"https:\\\/\\\/radioleinewelle.de\\\/wp-content\\\/uploads\\\/2023\\\/03\\\/life-gb68caeeb1_1280.jpg\",\"datePublished\":\"2023-03-17T09:06:06+00:00\",\"dateModified\":\"2023-03-17T09:06:08+00:00\",\"breadcrumb\":{\"@id\":\"https:\\\/\\\/radioleinewelle.de\\\/index.php\\\/2023\\\/03\\\/17\\\/vorsorge-mit-blick-auf-die-eigene-endlichkeit-was-ist-zu-tun\\\/#breadcrumb\"},\"inLanguage\":\"de\",\"potentialAction\":[{\"@type\":\"ReadAction\",\"target\":[\"https:\\\/\\\/radioleinewelle.de\\\/index.php\\\/2023\\\/03\\\/17\\\/vorsorge-mit-blick-auf-die-eigene-endlichkeit-was-ist-zu-tun\\\/\"]}]},{\"@type\":\"ImageObject\",\"inLanguage\":\"de\",\"@id\":\"https:\\\/\\\/radioleinewelle.de\\\/index.php\\\/2023\\\/03\\\/17\\\/vorsorge-mit-blick-auf-die-eigene-endlichkeit-was-ist-zu-tun\\\/#primaryimage\",\"url\":\"https:\\\/\\\/radioleinewelle.de\\\/wp-content\\\/uploads\\\/2023\\\/03\\\/life-gb68caeeb1_1280.jpg\",\"contentUrl\":\"https:\\\/\\\/radioleinewelle.de\\\/wp-content\\\/uploads\\\/2023\\\/03\\\/life-gb68caeeb1_1280.jpg\",\"width\":1280,\"height\":853},{\"@type\":\"BreadcrumbList\",\"@id\":\"https:\\\/\\\/radioleinewelle.de\\\/index.php\\\/2023\\\/03\\\/17\\\/vorsorge-mit-blick-auf-die-eigene-endlichkeit-was-ist-zu-tun\\\/#breadcrumb\",\"itemListElement\":[{\"@type\":\"ListItem\",\"position\":1,\"name\":\"Startseite\",\"item\":\"https:\\\/\\\/radioleinewelle.de\\\/\"},{\"@type\":\"ListItem\",\"position\":2,\"name\":\"Vorsorge mit Blick auf die eigene Endlichkeit &#8211; was ist zu tun?\"}]},{\"@type\":\"WebSite\",\"@id\":\"https:\\\/\\\/radioleinewelle.de\\\/#website\",\"url\":\"https:\\\/\\\/radioleinewelle.de\\\/\",\"name\":\"Radio Leinewelle\",\"description\":\"\",\"publisher\":{\"@id\":\"https:\\\/\\\/radioleinewelle.de\\\/#organization\"},\"potentialAction\":[{\"@type\":\"SearchAction\",\"target\":{\"@type\":\"EntryPoint\",\"urlTemplate\":\"https:\\\/\\\/radioleinewelle.de\\\/?s={search_term_string}\"},\"query-input\":{\"@type\":\"PropertyValueSpecification\",\"valueRequired\":true,\"valueName\":\"search_term_string\"}}],\"inLanguage\":\"de\"},{\"@type\":\"Organization\",\"@id\":\"https:\\\/\\\/radioleinewelle.de\\\/#organization\",\"name\":\"Radio Leinewelle\",\"alternateName\":\"Mein Radio f\u00fcr S\u00fcdniedersachsen\",\"url\":\"https:\\\/\\\/radioleinewelle.de\\\/\",\"logo\":{\"@type\":\"ImageObject\",\"inLanguage\":\"de\",\"@id\":\"https:\\\/\\\/radioleinewelle.de\\\/#\\\/schema\\\/logo\\\/image\\\/\",\"url\":\"https:\\\/\\\/radioleinewelle.de\\\/wp-content\\\/uploads\\\/2023\\\/11\\\/cropped-Leinewelle_Logo_weiss.png\",\"contentUrl\":\"https:\\\/\\\/radioleinewelle.de\\\/wp-content\\\/uploads\\\/2023\\\/11\\\/cropped-Leinewelle_Logo_weiss.png\",\"width\":854,\"height\":260,\"caption\":\"Radio Leinewelle\"},\"image\":{\"@id\":\"https:\\\/\\\/radioleinewelle.de\\\/#\\\/schema\\\/logo\\\/image\\\/\"},\"sameAs\":[\"https:\\\/\\\/www.facebook.com\\\/radioleinewelle\",\"https:\\\/\\\/x.com\\\/RLeinewelle\",\"https:\\\/\\\/www.instagram.com\\\/radioleinewelle\\\/?hl=de\"]},{\"@type\":\"Person\",\"@id\":\"https:\\\/\\\/radioleinewelle.de\\\/#\\\/schema\\\/person\\\/45606f348637df637192dc1b68399a63\",\"name\":\"Leinewelle\",\"image\":{\"@type\":\"ImageObject\",\"inLanguage\":\"de\",\"@id\":\"https:\\\/\\\/secure.gravatar.com\\\/avatar\\\/05c9a17bc973052ee5d91549bd32fb4dd0dc85b7b85ae94b2e2b4943476bbea5?s=96&d=blank&r=g\",\"url\":\"https:\\\/\\\/secure.gravatar.com\\\/avatar\\\/05c9a17bc973052ee5d91549bd32fb4dd0dc85b7b85ae94b2e2b4943476bbea5?s=96&d=blank&r=g\",\"contentUrl\":\"https:\\\/\\\/secure.gravatar.com\\\/avatar\\\/05c9a17bc973052ee5d91549bd32fb4dd0dc85b7b85ae94b2e2b4943476bbea5?s=96&d=blank&r=g\",\"caption\":\"Leinewelle\"},\"sameAs\":[\"http:\\\/\\\/localhost\\\/radio%20leinewelle\\\/wordpress\",\"https:\\\/\\\/www.facebook.com\\\/radioleinewelle\",\"https:\\\/\\\/www.instagram.com\\\/radioleinewelle\",\"https:\\\/\\\/x.com\\\/https:\\\/\\\/twitter.com\\\/RLeinewelle?ref_src=twsrcgoogletwcampserptwgrauthor\",\"https:\\\/\\\/soundcloud.com\\\/foerderverein-lokalradio?utm_source=clipboard&utm_medium=text&utm_campaign=social_sharing\"],\"url\":\"https:\\\/\\\/radioleinewelle.de\\\/index.php\\\/author\\\/leinewelle\\\/\"}]}<\/script>\n<!-- \/ Yoast SEO plugin. -->","yoast_head_json":{"title":"Vorsorge mit Blick auf die eigene Endlichkeit - was ist zu tun? - Radio Leinewelle","robots":{"index":"index","follow":"follow","max-snippet":"max-snippet:-1","max-image-preview":"max-image-preview:large","max-video-preview":"max-video-preview:-1"},"canonical":"https:\/\/radioleinewelle.de\/index.php\/2023\/03\/17\/vorsorge-mit-blick-auf-die-eigene-endlichkeit-was-ist-zu-tun\/","og_locale":"de_DE","og_type":"article","og_title":"Vorsorge mit Blick auf die eigene Endlichkeit - was ist zu tun? - Radio Leinewelle","og_description":"Im Rahmen ihrer neuen Veranstaltungsreihe f\u00fcr Menschen ab 60 Jahren \u201eEINSCHALTEN!\u201c l\u00e4dt die Ev. Familien\u2010Bildungsst\u00e4tte (FaBi) in G\u00f6ttingen am 29. M\u00e4rz von 13:45 bis 16 Uhr zu einem Gruppengespr\u00e4ch zum Thema \u201eVorsorge ist sinnvoll!\u201c ein. Vorsorge treffen ist ein t\u00e4gliches Gesch\u00e4ft. Wir f\u00fcllen die Speisekammer mit Lebensmittelvorr\u00e4ten, legen Geld f\u00fcr den Urlaub zur\u00fcck, gehen zu [&hellip;]","og_url":"https:\/\/radioleinewelle.de\/index.php\/2023\/03\/17\/vorsorge-mit-blick-auf-die-eigene-endlichkeit-was-ist-zu-tun\/","og_site_name":"Radio Leinewelle","article_publisher":"https:\/\/www.facebook.com\/radioleinewelle","article_author":"https:\/\/www.facebook.com\/radioleinewelle","article_published_time":"2023-03-17T09:06:06+00:00","article_modified_time":"2023-03-17T09:06:08+00:00","og_image":[{"width":1280,"height":853,"url":"https:\/\/radioleinewelle.de\/wp-content\/uploads\/2023\/03\/life-gb68caeeb1_1280.jpg","type":"image\/jpeg"}],"author":"Leinewelle","twitter_card":"summary_large_image","twitter_creator":"@https:\/\/twitter.com\/RLeinewelle?ref_src=twsrcgoogletwcampserptwgrauthor","twitter_site":"@RLeinewelle","twitter_misc":{"Verfasst von":"Leinewelle","Gesch\u00e4tzte Lesezeit":"2\u00a0Minuten"},"schema":{"@context":"https:\/\/schema.org","@graph":[{"@type":"Article","@id":"https:\/\/radioleinewelle.de\/index.php\/2023\/03\/17\/vorsorge-mit-blick-auf-die-eigene-endlichkeit-was-ist-zu-tun\/#article","isPartOf":{"@id":"https:\/\/radioleinewelle.de\/index.php\/2023\/03\/17\/vorsorge-mit-blick-auf-die-eigene-endlichkeit-was-ist-zu-tun\/"},"author":{"name":"Leinewelle","@id":"https:\/\/radioleinewelle.de\/#\/schema\/person\/45606f348637df637192dc1b68399a63"},"headline":"Vorsorge mit Blick auf die eigene Endlichkeit &#8211; was ist zu tun?","datePublished":"2023-03-17T09:06:06+00:00","dateModified":"2023-03-17T09:06:08+00:00","mainEntityOfPage":{"@id":"https:\/\/radioleinewelle.de\/index.php\/2023\/03\/17\/vorsorge-mit-blick-auf-die-eigene-endlichkeit-was-ist-zu-tun\/"},"wordCount":280,"commentCount":0,"publisher":{"@id":"https:\/\/radioleinewelle.de\/#organization"},"image":{"@id":"https:\/\/radioleinewelle.de\/index.php\/2023\/03\/17\/vorsorge-mit-blick-auf-die-eigene-endlichkeit-was-ist-zu-tun\/#primaryimage"},"thumbnailUrl":"https:\/\/radioleinewelle.de\/wp-content\/uploads\/2023\/03\/life-gb68caeeb1_1280.jpg","keywords":["Ev. Familien\u2010Bildungsst\u00e4tte","Ev.\u2010luth. Landeskirche"],"articleSection":["Gesellschaft","Kirche"],"inLanguage":"de","potentialAction":[{"@type":"CommentAction","name":"Comment","target":["https:\/\/radioleinewelle.de\/index.php\/2023\/03\/17\/vorsorge-mit-blick-auf-die-eigene-endlichkeit-was-ist-zu-tun\/#respond"]}]},{"@type":"WebPage","@id":"https:\/\/radioleinewelle.de\/index.php\/2023\/03\/17\/vorsorge-mit-blick-auf-die-eigene-endlichkeit-was-ist-zu-tun\/","url":"https:\/\/radioleinewelle.de\/index.php\/2023\/03\/17\/vorsorge-mit-blick-auf-die-eigene-endlichkeit-was-ist-zu-tun\/","name":"Vorsorge mit Blick auf die eigene Endlichkeit - was ist zu tun? - Radio Leinewelle","isPartOf":{"@id":"https:\/\/radioleinewelle.de\/#website"},"primaryImageOfPage":{"@id":"https:\/\/radioleinewelle.de\/index.php\/2023\/03\/17\/vorsorge-mit-blick-auf-die-eigene-endlichkeit-was-ist-zu-tun\/#primaryimage"},"image":{"@id":"https:\/\/radioleinewelle.de\/index.php\/2023\/03\/17\/vorsorge-mit-blick-auf-die-eigene-endlichkeit-was-ist-zu-tun\/#primaryimage"},"thumbnailUrl":"https:\/\/radioleinewelle.de\/wp-content\/uploads\/2023\/03\/life-gb68caeeb1_1280.jpg","datePublished":"2023-03-17T09:06:06+00:00","dateModified":"2023-03-17T09:06:08+00:00","breadcrumb":{"@id":"https:\/\/radioleinewelle.de\/index.php\/2023\/03\/17\/vorsorge-mit-blick-auf-die-eigene-endlichkeit-was-ist-zu-tun\/#breadcrumb"},"inLanguage":"de","potentialAction":[{"@type":"ReadAction","target":["https:\/\/radioleinewelle.de\/index.php\/2023\/03\/17\/vorsorge-mit-blick-auf-die-eigene-endlichkeit-was-ist-zu-tun\/"]}]},{"@type":"ImageObject","inLanguage":"de","@id":"https:\/\/radioleinewelle.de\/index.php\/2023\/03\/17\/vorsorge-mit-blick-auf-die-eigene-endlichkeit-was-ist-zu-tun\/#primaryimage","url":"https:\/\/radioleinewelle.de\/wp-content\/uploads\/2023\/03\/life-gb68caeeb1_1280.jpg","contentUrl":"https:\/\/radioleinewelle.de\/wp-content\/uploads\/2023\/03\/life-gb68caeeb1_1280.jpg","width":1280,"height":853},{"@type":"BreadcrumbList","@id":"https:\/\/radioleinewelle.de\/index.php\/2023\/03\/17\/vorsorge-mit-blick-auf-die-eigene-endlichkeit-was-ist-zu-tun\/#breadcrumb","itemListElement":[{"@type":"ListItem","position":1,"name":"Startseite","item":"https:\/\/radioleinewelle.de\/"},{"@type":"ListItem","position":2,"name":"Vorsorge mit Blick auf die eigene Endlichkeit &#8211; was ist zu tun?"}]},{"@type":"WebSite","@id":"https:\/\/radioleinewelle.de\/#website","url":"https:\/\/radioleinewelle.de\/","name":"Radio Leinewelle","description":"","publisher":{"@id":"https:\/\/radioleinewelle.de\/#organization"},"potentialAction":[{"@type":"SearchAction","target":{"@type":"EntryPoint","urlTemplate":"https:\/\/radioleinewelle.de\/?s={search_term_string}"},"query-input":{"@type":"PropertyValueSpecification","valueRequired":true,"valueName":"search_term_string"}}],"inLanguage":"de"},{"@type":"Organization","@id":"https:\/\/radioleinewelle.de\/#organization","name":"Radio Leinewelle","alternateName":"Mein Radio f\u00fcr S\u00fcdniedersachsen","url":"https:\/\/radioleinewelle.de\/","logo":{"@type":"ImageObject","inLanguage":"de","@id":"https:\/\/radioleinewelle.de\/#\/schema\/logo\/image\/","url":"https:\/\/radioleinewelle.de\/wp-content\/uploads\/2023\/11\/cropped-Leinewelle_Logo_weiss.png","contentUrl":"https:\/\/radioleinewelle.de\/wp-content\/uploads\/2023\/11\/cropped-Leinewelle_Logo_weiss.png","width":854,"height":260,"caption":"Radio Leinewelle"},"image":{"@id":"https:\/\/radioleinewelle.de\/#\/schema\/logo\/image\/"},"sameAs":["https:\/\/www.facebook.com\/radioleinewelle","https:\/\/x.com\/RLeinewelle","https:\/\/www.instagram.com\/radioleinewelle\/?hl=de"]},{"@type":"Person","@id":"https:\/\/radioleinewelle.de\/#\/schema\/person\/45606f348637df637192dc1b68399a63","name":"Leinewelle","image":{"@type":"ImageObject","inLanguage":"de","@id":"https:\/\/secure.gravatar.com\/avatar\/05c9a17bc973052ee5d91549bd32fb4dd0dc85b7b85ae94b2e2b4943476bbea5?s=96&d=blank&r=g","url":"https:\/\/secure.gravatar.com\/avatar\/05c9a17bc973052ee5d91549bd32fb4dd0dc85b7b85ae94b2e2b4943476bbea5?s=96&d=blank&r=g","contentUrl":"https:\/\/secure.gravatar.com\/avatar\/05c9a17bc973052ee5d91549bd32fb4dd0dc85b7b85ae94b2e2b4943476bbea5?s=96&d=blank&r=g","caption":"Leinewelle"},"sameAs":["http:\/\/localhost\/radio%20leinewelle\/wordpress","https:\/\/www.facebook.com\/radioleinewelle","https:\/\/www.instagram.com\/radioleinewelle","https:\/\/x.com\/https:\/\/twitter.com\/RLeinewelle?ref_src=twsrcgoogletwcampserptwgrauthor","https:\/\/soundcloud.com\/foerderverein-lokalradio?utm_source=clipboard&utm_medium=text&utm_campaign=social_sharing"],"url":"https:\/\/radioleinewelle.de\/index.php\/author\/leinewelle\/"}]}},"_links":{"self":[{"href":"https:\/\/radioleinewelle.de\/index.php\/wp-json\/wp\/v2\/posts\/22198","targetHints":{"allow":["GET"]}}],"collection":[{"href":"https:\/\/radioleinewelle.de\/index.php\/wp-json\/wp\/v2\/posts"}],"about":[{"href":"https:\/\/radioleinewelle.de\/index.php\/wp-json\/wp\/v2\/types\/post"}],"author":[{"embeddable":true,"href":"https:\/\/radioleinewelle.de\/index.php\/wp-json\/wp\/v2\/users\/1"}],"replies":[{"embeddable":true,"href":"https:\/\/radioleinewelle.de\/index.php\/wp-json\/wp\/v2\/comments?post=22198"}],"version-history":[{"count":2,"href":"https:\/\/radioleinewelle.de\/index.php\/wp-json\/wp\/v2\/posts\/22198\/revisions"}],"predecessor-version":[{"id":22202,"href":"https:\/\/radioleinewelle.de\/index.php\/wp-json\/wp\/v2\/posts\/22198\/revisions\/22202"}],"wp:featuredmedia":[{"embeddable":true,"href":"https:\/\/radioleinewelle.de\/index.php\/wp-json\/wp\/v2\/media\/22201"}],"wp:attachment":[{"href":"https:\/\/radioleinewelle.de\/index.php\/wp-json\/wp\/v2\/media?parent=22198"}],"wp:term":[{"taxonomy":"category","embeddable":true,"href":"https:\/\/radioleinewelle.de\/index.php\/wp-json\/wp\/v2\/categories?post=22198"},{"taxonomy":"post_tag","embeddable":true,"href":"https:\/\/radioleinewelle.de\/index.php\/wp-json\/wp\/v2\/tags?post=22198"}],"curies":[{"name":"wp","href":"https:\/\/api.w.org\/{rel}","templated":true}]}}