{"id":2223,"date":"2020-10-09T05:20:05","date_gmt":"2020-10-09T03:20:05","guid":{"rendered":"https:\/\/radioleinewelle.de\/?p=2223"},"modified":"2020-10-09T05:20:05","modified_gmt":"2020-10-09T03:20:05","slug":"kunstverein-zeigt-etwas-mehr-als-arbeit","status":"publish","type":"post","link":"https:\/\/radioleinewelle.de\/index.php\/2020\/10\/09\/kunstverein-zeigt-etwas-mehr-als-arbeit\/","title":{"rendered":"Kunstverein zeigt &#8222;Etwas mehr als Arbeit&#8220;"},"content":{"rendered":"<p>Unter dem Titel \u201eEtwas mehr als Arbeit\u201c zeigt der Kunstverein G\u00f6ttingen Konstellationen von Objekten, Materialien, Prozessen und Dokumenten aus Kunst und Design, Kunstproduktion und -restaurierung. Die Gruppenausstellung untersucht die Bedeutung des Handwerks und der Manufaktur in der zeitgen\u00f6ssischen Kunst und geht der Frage nach, wer, wie und unter welchen Bedingungen Kunst produziert wird und wie sich das Wissen um die Herstellung auf ihre Wahrnehmung auswirkt.\u00a0\u201eEtwas mehr als Arbeit\u201c wird in Kollaboration mit der Rechercheplattform <em>Object Notes <\/em>von Malte Roloff und Santiago da Silva konzipiert und umgesetzt.<\/p>\n<p>Verschiedene Akteur*innen aus dem Kunstkontext sind eingeladen, \u00fcber die Konzepte von Arbeit, Produktion, Handwerk und Fertigung innerhalb ihrer Praxis nachzudenken. Werke der K\u00fcnstler*innen Armando Andrade Tudela, Kasia Fudakowski, Valentina Jager, Rasmus S\u00f8ndergaard Johannsen, Philipp Modersohn, Ana Navas und Anna M. Szaflarski, stehen neben Beitr\u00e4gen der Kunstwerkproduzentin Viola Eickmeier, der Restauratorin Carolin Bohlmann sowie dem experimentellen Designprojekt Kaufhaus des Ostens. Sie er\u00f6ffnen dabei unterschiedliche Sichtweisen auf Arbeit und Handwerk, stellen Fragen nach Produktion und K\u00f6nnen, thematisieren Konzepte von Autorschaft, Aneignung und k\u00fcnstlerischer Arbeit. Ein erweitertes Verst\u00e4ndnis des Kunstgegenstandes, das nicht nur Kunstwerke, sondern auch Materialien, Prozesse und Nebenprodukte der Kunstproduktion umfasst, ist grundlegend f\u00fcr diese Ausstellung.<\/p>\n<p>\u201eEtwas mehr als Arbeit\u201c befindet sich in einem Zwischenstadium produktiver Unabgeschlossenheit, an der Schnittstelle zwischen Handwerk, Kunstwerk, Designobjekt und Massenprodukt. Das eigens f\u00fcr diese Ausstellung entwickelte Publikationsformat erweitert den multidisziplin\u00e4ren Ansatz des Projekts und versammelt neben verschiedenen Beitr\u00e4gen der Teilnehmer*innen einen Essay der britischen Designhistorikerin Tanya Harrod. Die Publikation mit dem Titel \u201eJust a Little Rest\u201c wird in englischer und deutscher Sprache vom Verlag Bom Dia Boa Tarde Boa Noite herausgegeben.<\/p>\n<p>Kuratiert von Malte Roloff, Santiago da Silva, Tomke Braun<\/p>\n<p><strong>Er\u00f6ffnung:<\/strong><br \/>\n11.10.2020, 12.00\u00a0 Uhr, die Ausstellung findet im Alten Rathaus in Kooperation mit dem Fachdienst Kultur der Stadt G\u00f6ttingen statt.<\/p>\n<p><em>Aufgrund der geltenden Hygiene- und Sicherheitsbestimmungen nur eine bestimmte Anzahl von Besucher*innen empfangen k\u00f6nnen, bitten wir bei der Er\u00f6ffnung um voherige Anmeldung unter: <a href=\"mailto:presseinfo@kunstvereingoettingen.de\">presseinfo@kunstvereingoettingen.de<\/a><\/em><em>.<\/em><\/p>\n<p>Foto: \u00a9Kunstverein G\u00f6ttingen<\/p>\n<p>&nbsp;<\/p>\n","protected":false},"excerpt":{"rendered":"<p>Unter dem Titel \u201eEtwas mehr als Arbeit\u201c zeigt der Kunstverein G\u00f6ttingen Konstellationen von Objekten, Materialien, Prozessen und Dokumenten aus Kunst und Design, Kunstproduktion und -restaurierung. Die Gruppenausstellung untersucht die Bedeutung des Handwerks und der Manufaktur in der zeitgen\u00f6ssischen Kunst und geht der Frage nach, wer, wie und unter welchen Bedingungen Kunst produziert wird und wie [&hellip;]<\/p>\n","protected":false},"author":1,"featured_media":0,"comment_status":"closed","ping_status":"closed","sticky":false,"template":"","format":"standard","meta":{"saved_in_kubio":false,"footnotes":""},"categories":[45],"tags":[],"class_list":["post-2223","post","type-post","status-publish","format-standard","hentry","category-kultur"],"yoast_head":"<!-- This site is optimized with the Yoast SEO plugin v27.5 - https:\/\/yoast.com\/product\/yoast-seo-wordpress\/ -->\n<title>Kunstverein zeigt &quot;Etwas mehr als Arbeit&quot; - Radio Leinewelle<\/title>\n<meta name=\"robots\" content=\"index, follow, max-snippet:-1, max-image-preview:large, max-video-preview:-1\" \/>\n<link rel=\"canonical\" href=\"https:\/\/radioleinewelle.de\/index.php\/2020\/10\/09\/kunstverein-zeigt-etwas-mehr-als-arbeit\/\" \/>\n<meta property=\"og:locale\" content=\"de_DE\" \/>\n<meta property=\"og:type\" content=\"article\" \/>\n<meta property=\"og:title\" content=\"Kunstverein zeigt &quot;Etwas mehr als Arbeit&quot; - Radio Leinewelle\" \/>\n<meta property=\"og:description\" content=\"Unter dem Titel \u201eEtwas mehr als Arbeit\u201c zeigt der Kunstverein G\u00f6ttingen Konstellationen von Objekten, Materialien, Prozessen und Dokumenten aus Kunst und Design, Kunstproduktion und -restaurierung. Die Gruppenausstellung untersucht die Bedeutung des Handwerks und der Manufaktur in der zeitgen\u00f6ssischen Kunst und geht der Frage nach, wer, wie und unter welchen Bedingungen Kunst produziert wird und wie [&hellip;]\" \/>\n<meta property=\"og:url\" content=\"https:\/\/radioleinewelle.de\/index.php\/2020\/10\/09\/kunstverein-zeigt-etwas-mehr-als-arbeit\/\" \/>\n<meta property=\"og:site_name\" content=\"Radio Leinewelle\" \/>\n<meta property=\"article:publisher\" content=\"https:\/\/www.facebook.com\/radioleinewelle\" \/>\n<meta property=\"article:author\" content=\"https:\/\/www.facebook.com\/radioleinewelle\" \/>\n<meta property=\"article:published_time\" content=\"2020-10-09T03:20:05+00:00\" \/>\n<meta name=\"author\" content=\"Leinewelle\" \/>\n<meta name=\"twitter:card\" content=\"summary_large_image\" \/>\n<meta name=\"twitter:creator\" content=\"@https:\/\/twitter.com\/RLeinewelle?ref_src=twsrcgoogletwcampserptwgrauthor\" \/>\n<meta name=\"twitter:site\" content=\"@RLeinewelle\" \/>\n<meta name=\"twitter:label1\" content=\"Verfasst von\" \/>\n\t<meta name=\"twitter:data1\" content=\"Leinewelle\" \/>\n\t<meta name=\"twitter:label2\" content=\"Gesch\u00e4tzte Lesezeit\" \/>\n\t<meta name=\"twitter:data2\" content=\"2\u00a0Minuten\" \/>\n<script type=\"application\/ld+json\" class=\"yoast-schema-graph\">{\"@context\":\"https:\\\/\\\/schema.org\",\"@graph\":[{\"@type\":\"Article\",\"@id\":\"https:\\\/\\\/radioleinewelle.de\\\/index.php\\\/2020\\\/10\\\/09\\\/kunstverein-zeigt-etwas-mehr-als-arbeit\\\/#article\",\"isPartOf\":{\"@id\":\"https:\\\/\\\/radioleinewelle.de\\\/index.php\\\/2020\\\/10\\\/09\\\/kunstverein-zeigt-etwas-mehr-als-arbeit\\\/\"},\"author\":{\"name\":\"Leinewelle\",\"@id\":\"https:\\\/\\\/radioleinewelle.de\\\/#\\\/schema\\\/person\\\/45606f348637df637192dc1b68399a63\"},\"headline\":\"Kunstverein zeigt &#8222;Etwas mehr als Arbeit&#8220;\",\"datePublished\":\"2020-10-09T03:20:05+00:00\",\"mainEntityOfPage\":{\"@id\":\"https:\\\/\\\/radioleinewelle.de\\\/index.php\\\/2020\\\/10\\\/09\\\/kunstverein-zeigt-etwas-mehr-als-arbeit\\\/\"},\"wordCount\":348,\"publisher\":{\"@id\":\"https:\\\/\\\/radioleinewelle.de\\\/#organization\"},\"articleSection\":[\"Kultur\"],\"inLanguage\":\"de\"},{\"@type\":\"WebPage\",\"@id\":\"https:\\\/\\\/radioleinewelle.de\\\/index.php\\\/2020\\\/10\\\/09\\\/kunstverein-zeigt-etwas-mehr-als-arbeit\\\/\",\"url\":\"https:\\\/\\\/radioleinewelle.de\\\/index.php\\\/2020\\\/10\\\/09\\\/kunstverein-zeigt-etwas-mehr-als-arbeit\\\/\",\"name\":\"Kunstverein zeigt \\\"Etwas mehr als Arbeit\\\" - Radio Leinewelle\",\"isPartOf\":{\"@id\":\"https:\\\/\\\/radioleinewelle.de\\\/#website\"},\"datePublished\":\"2020-10-09T03:20:05+00:00\",\"breadcrumb\":{\"@id\":\"https:\\\/\\\/radioleinewelle.de\\\/index.php\\\/2020\\\/10\\\/09\\\/kunstverein-zeigt-etwas-mehr-als-arbeit\\\/#breadcrumb\"},\"inLanguage\":\"de\",\"potentialAction\":[{\"@type\":\"ReadAction\",\"target\":[\"https:\\\/\\\/radioleinewelle.de\\\/index.php\\\/2020\\\/10\\\/09\\\/kunstverein-zeigt-etwas-mehr-als-arbeit\\\/\"]}]},{\"@type\":\"BreadcrumbList\",\"@id\":\"https:\\\/\\\/radioleinewelle.de\\\/index.php\\\/2020\\\/10\\\/09\\\/kunstverein-zeigt-etwas-mehr-als-arbeit\\\/#breadcrumb\",\"itemListElement\":[{\"@type\":\"ListItem\",\"position\":1,\"name\":\"Startseite\",\"item\":\"https:\\\/\\\/radioleinewelle.de\\\/\"},{\"@type\":\"ListItem\",\"position\":2,\"name\":\"Kunstverein zeigt &#8222;Etwas mehr als Arbeit&#8220;\"}]},{\"@type\":\"WebSite\",\"@id\":\"https:\\\/\\\/radioleinewelle.de\\\/#website\",\"url\":\"https:\\\/\\\/radioleinewelle.de\\\/\",\"name\":\"Radio Leinewelle\",\"description\":\"\",\"publisher\":{\"@id\":\"https:\\\/\\\/radioleinewelle.de\\\/#organization\"},\"potentialAction\":[{\"@type\":\"SearchAction\",\"target\":{\"@type\":\"EntryPoint\",\"urlTemplate\":\"https:\\\/\\\/radioleinewelle.de\\\/?s={search_term_string}\"},\"query-input\":{\"@type\":\"PropertyValueSpecification\",\"valueRequired\":true,\"valueName\":\"search_term_string\"}}],\"inLanguage\":\"de\"},{\"@type\":\"Organization\",\"@id\":\"https:\\\/\\\/radioleinewelle.de\\\/#organization\",\"name\":\"Radio Leinewelle\",\"alternateName\":\"Mein Radio f\u00fcr S\u00fcdniedersachsen\",\"url\":\"https:\\\/\\\/radioleinewelle.de\\\/\",\"logo\":{\"@type\":\"ImageObject\",\"inLanguage\":\"de\",\"@id\":\"https:\\\/\\\/radioleinewelle.de\\\/#\\\/schema\\\/logo\\\/image\\\/\",\"url\":\"https:\\\/\\\/radioleinewelle.de\\\/wp-content\\\/uploads\\\/2023\\\/11\\\/cropped-Leinewelle_Logo_weiss.png\",\"contentUrl\":\"https:\\\/\\\/radioleinewelle.de\\\/wp-content\\\/uploads\\\/2023\\\/11\\\/cropped-Leinewelle_Logo_weiss.png\",\"width\":854,\"height\":260,\"caption\":\"Radio Leinewelle\"},\"image\":{\"@id\":\"https:\\\/\\\/radioleinewelle.de\\\/#\\\/schema\\\/logo\\\/image\\\/\"},\"sameAs\":[\"https:\\\/\\\/www.facebook.com\\\/radioleinewelle\",\"https:\\\/\\\/x.com\\\/RLeinewelle\",\"https:\\\/\\\/www.instagram.com\\\/radioleinewelle\\\/?hl=de\"]},{\"@type\":\"Person\",\"@id\":\"https:\\\/\\\/radioleinewelle.de\\\/#\\\/schema\\\/person\\\/45606f348637df637192dc1b68399a63\",\"name\":\"Leinewelle\",\"image\":{\"@type\":\"ImageObject\",\"inLanguage\":\"de\",\"@id\":\"https:\\\/\\\/secure.gravatar.com\\\/avatar\\\/05c9a17bc973052ee5d91549bd32fb4dd0dc85b7b85ae94b2e2b4943476bbea5?s=96&d=blank&r=g\",\"url\":\"https:\\\/\\\/secure.gravatar.com\\\/avatar\\\/05c9a17bc973052ee5d91549bd32fb4dd0dc85b7b85ae94b2e2b4943476bbea5?s=96&d=blank&r=g\",\"contentUrl\":\"https:\\\/\\\/secure.gravatar.com\\\/avatar\\\/05c9a17bc973052ee5d91549bd32fb4dd0dc85b7b85ae94b2e2b4943476bbea5?s=96&d=blank&r=g\",\"caption\":\"Leinewelle\"},\"sameAs\":[\"http:\\\/\\\/localhost\\\/radio%20leinewelle\\\/wordpress\",\"https:\\\/\\\/www.facebook.com\\\/radioleinewelle\",\"https:\\\/\\\/www.instagram.com\\\/radioleinewelle\",\"https:\\\/\\\/x.com\\\/https:\\\/\\\/twitter.com\\\/RLeinewelle?ref_src=twsrcgoogletwcampserptwgrauthor\",\"https:\\\/\\\/soundcloud.com\\\/foerderverein-lokalradio?utm_source=clipboard&utm_medium=text&utm_campaign=social_sharing\"],\"url\":\"https:\\\/\\\/radioleinewelle.de\\\/index.php\\\/author\\\/leinewelle\\\/\"}]}<\/script>\n<!-- \/ Yoast SEO plugin. -->","yoast_head_json":{"title":"Kunstverein zeigt \"Etwas mehr als Arbeit\" - Radio Leinewelle","robots":{"index":"index","follow":"follow","max-snippet":"max-snippet:-1","max-image-preview":"max-image-preview:large","max-video-preview":"max-video-preview:-1"},"canonical":"https:\/\/radioleinewelle.de\/index.php\/2020\/10\/09\/kunstverein-zeigt-etwas-mehr-als-arbeit\/","og_locale":"de_DE","og_type":"article","og_title":"Kunstverein zeigt \"Etwas mehr als Arbeit\" - Radio Leinewelle","og_description":"Unter dem Titel \u201eEtwas mehr als Arbeit\u201c zeigt der Kunstverein G\u00f6ttingen Konstellationen von Objekten, Materialien, Prozessen und Dokumenten aus Kunst und Design, Kunstproduktion und -restaurierung. Die Gruppenausstellung untersucht die Bedeutung des Handwerks und der Manufaktur in der zeitgen\u00f6ssischen Kunst und geht der Frage nach, wer, wie und unter welchen Bedingungen Kunst produziert wird und wie [&hellip;]","og_url":"https:\/\/radioleinewelle.de\/index.php\/2020\/10\/09\/kunstverein-zeigt-etwas-mehr-als-arbeit\/","og_site_name":"Radio Leinewelle","article_publisher":"https:\/\/www.facebook.com\/radioleinewelle","article_author":"https:\/\/www.facebook.com\/radioleinewelle","article_published_time":"2020-10-09T03:20:05+00:00","author":"Leinewelle","twitter_card":"summary_large_image","twitter_creator":"@https:\/\/twitter.com\/RLeinewelle?ref_src=twsrcgoogletwcampserptwgrauthor","twitter_site":"@RLeinewelle","twitter_misc":{"Verfasst von":"Leinewelle","Gesch\u00e4tzte Lesezeit":"2\u00a0Minuten"},"schema":{"@context":"https:\/\/schema.org","@graph":[{"@type":"Article","@id":"https:\/\/radioleinewelle.de\/index.php\/2020\/10\/09\/kunstverein-zeigt-etwas-mehr-als-arbeit\/#article","isPartOf":{"@id":"https:\/\/radioleinewelle.de\/index.php\/2020\/10\/09\/kunstverein-zeigt-etwas-mehr-als-arbeit\/"},"author":{"name":"Leinewelle","@id":"https:\/\/radioleinewelle.de\/#\/schema\/person\/45606f348637df637192dc1b68399a63"},"headline":"Kunstverein zeigt &#8222;Etwas mehr als Arbeit&#8220;","datePublished":"2020-10-09T03:20:05+00:00","mainEntityOfPage":{"@id":"https:\/\/radioleinewelle.de\/index.php\/2020\/10\/09\/kunstverein-zeigt-etwas-mehr-als-arbeit\/"},"wordCount":348,"publisher":{"@id":"https:\/\/radioleinewelle.de\/#organization"},"articleSection":["Kultur"],"inLanguage":"de"},{"@type":"WebPage","@id":"https:\/\/radioleinewelle.de\/index.php\/2020\/10\/09\/kunstverein-zeigt-etwas-mehr-als-arbeit\/","url":"https:\/\/radioleinewelle.de\/index.php\/2020\/10\/09\/kunstverein-zeigt-etwas-mehr-als-arbeit\/","name":"Kunstverein zeigt \"Etwas mehr als Arbeit\" - Radio Leinewelle","isPartOf":{"@id":"https:\/\/radioleinewelle.de\/#website"},"datePublished":"2020-10-09T03:20:05+00:00","breadcrumb":{"@id":"https:\/\/radioleinewelle.de\/index.php\/2020\/10\/09\/kunstverein-zeigt-etwas-mehr-als-arbeit\/#breadcrumb"},"inLanguage":"de","potentialAction":[{"@type":"ReadAction","target":["https:\/\/radioleinewelle.de\/index.php\/2020\/10\/09\/kunstverein-zeigt-etwas-mehr-als-arbeit\/"]}]},{"@type":"BreadcrumbList","@id":"https:\/\/radioleinewelle.de\/index.php\/2020\/10\/09\/kunstverein-zeigt-etwas-mehr-als-arbeit\/#breadcrumb","itemListElement":[{"@type":"ListItem","position":1,"name":"Startseite","item":"https:\/\/radioleinewelle.de\/"},{"@type":"ListItem","position":2,"name":"Kunstverein zeigt &#8222;Etwas mehr als Arbeit&#8220;"}]},{"@type":"WebSite","@id":"https:\/\/radioleinewelle.de\/#website","url":"https:\/\/radioleinewelle.de\/","name":"Radio Leinewelle","description":"","publisher":{"@id":"https:\/\/radioleinewelle.de\/#organization"},"potentialAction":[{"@type":"SearchAction","target":{"@type":"EntryPoint","urlTemplate":"https:\/\/radioleinewelle.de\/?s={search_term_string}"},"query-input":{"@type":"PropertyValueSpecification","valueRequired":true,"valueName":"search_term_string"}}],"inLanguage":"de"},{"@type":"Organization","@id":"https:\/\/radioleinewelle.de\/#organization","name":"Radio Leinewelle","alternateName":"Mein Radio f\u00fcr S\u00fcdniedersachsen","url":"https:\/\/radioleinewelle.de\/","logo":{"@type":"ImageObject","inLanguage":"de","@id":"https:\/\/radioleinewelle.de\/#\/schema\/logo\/image\/","url":"https:\/\/radioleinewelle.de\/wp-content\/uploads\/2023\/11\/cropped-Leinewelle_Logo_weiss.png","contentUrl":"https:\/\/radioleinewelle.de\/wp-content\/uploads\/2023\/11\/cropped-Leinewelle_Logo_weiss.png","width":854,"height":260,"caption":"Radio Leinewelle"},"image":{"@id":"https:\/\/radioleinewelle.de\/#\/schema\/logo\/image\/"},"sameAs":["https:\/\/www.facebook.com\/radioleinewelle","https:\/\/x.com\/RLeinewelle","https:\/\/www.instagram.com\/radioleinewelle\/?hl=de"]},{"@type":"Person","@id":"https:\/\/radioleinewelle.de\/#\/schema\/person\/45606f348637df637192dc1b68399a63","name":"Leinewelle","image":{"@type":"ImageObject","inLanguage":"de","@id":"https:\/\/secure.gravatar.com\/avatar\/05c9a17bc973052ee5d91549bd32fb4dd0dc85b7b85ae94b2e2b4943476bbea5?s=96&d=blank&r=g","url":"https:\/\/secure.gravatar.com\/avatar\/05c9a17bc973052ee5d91549bd32fb4dd0dc85b7b85ae94b2e2b4943476bbea5?s=96&d=blank&r=g","contentUrl":"https:\/\/secure.gravatar.com\/avatar\/05c9a17bc973052ee5d91549bd32fb4dd0dc85b7b85ae94b2e2b4943476bbea5?s=96&d=blank&r=g","caption":"Leinewelle"},"sameAs":["http:\/\/localhost\/radio%20leinewelle\/wordpress","https:\/\/www.facebook.com\/radioleinewelle","https:\/\/www.instagram.com\/radioleinewelle","https:\/\/x.com\/https:\/\/twitter.com\/RLeinewelle?ref_src=twsrcgoogletwcampserptwgrauthor","https:\/\/soundcloud.com\/foerderverein-lokalradio?utm_source=clipboard&utm_medium=text&utm_campaign=social_sharing"],"url":"https:\/\/radioleinewelle.de\/index.php\/author\/leinewelle\/"}]}},"_links":{"self":[{"href":"https:\/\/radioleinewelle.de\/index.php\/wp-json\/wp\/v2\/posts\/2223","targetHints":{"allow":["GET"]}}],"collection":[{"href":"https:\/\/radioleinewelle.de\/index.php\/wp-json\/wp\/v2\/posts"}],"about":[{"href":"https:\/\/radioleinewelle.de\/index.php\/wp-json\/wp\/v2\/types\/post"}],"author":[{"embeddable":true,"href":"https:\/\/radioleinewelle.de\/index.php\/wp-json\/wp\/v2\/users\/1"}],"replies":[{"embeddable":true,"href":"https:\/\/radioleinewelle.de\/index.php\/wp-json\/wp\/v2\/comments?post=2223"}],"version-history":[{"count":0,"href":"https:\/\/radioleinewelle.de\/index.php\/wp-json\/wp\/v2\/posts\/2223\/revisions"}],"wp:attachment":[{"href":"https:\/\/radioleinewelle.de\/index.php\/wp-json\/wp\/v2\/media?parent=2223"}],"wp:term":[{"taxonomy":"category","embeddable":true,"href":"https:\/\/radioleinewelle.de\/index.php\/wp-json\/wp\/v2\/categories?post=2223"},{"taxonomy":"post_tag","embeddable":true,"href":"https:\/\/radioleinewelle.de\/index.php\/wp-json\/wp\/v2\/tags?post=2223"}],"curies":[{"name":"wp","href":"https:\/\/api.w.org\/{rel}","templated":true}]}}