{"id":2228,"date":"2020-10-09T05:10:26","date_gmt":"2020-10-09T03:10:26","guid":{"rendered":"https:\/\/radioleinewelle.de\/?p=2228"},"modified":"2020-10-09T05:10:26","modified_gmt":"2020-10-09T03:10:26","slug":"regional-aktiv-im-freien-in-den-herbstferien","status":"publish","type":"post","link":"https:\/\/radioleinewelle.de\/index.php\/2020\/10\/09\/regional-aktiv-im-freien-in-den-herbstferien\/","title":{"rendered":"Regional &#8222;Aktiv im Freien&#8220; in den Herbstferien"},"content":{"rendered":"<p>Erlebnisse an der frischen Luft liegen im Trend &#8211; die sch\u00f6nsten Outdoor-Aktivit\u00e4ten in der Region pr\u00e4sentiert die neue Brosch\u00fcre \u201eAktiv im Freien\u201c. B\u00fcrger und G\u00e4ste erhalten darin Tipps zu Erlebnissen rund um die St\u00e4dte Duderstadt, Einbeck, Hann. M\u00fcnden, Northeim und Osterode am Harz \u2013 von der Erholung in der Natur bis hin zu sportlichen Herausforderungen. Die Brosch\u00fcre hat die Fachwerk5Eck-Gesch\u00e4ftsstelle in Zusammenarbeit mit den Tourismusverantwortlichen der f\u00fcnf St\u00e4dte erstellt.<\/p>\n<p>Auf 16 Seiten werden Unternehmungen rund um das Jahr in den Kategorien \u201eRadfahren\u201c, \u201eWandern\u201c, \u201eWasser\u201c, \u201eErlebnis\u201c und \u201eCampen\u201c vorgestellt. Neben den regionalen Highlights pr\u00e4sentieren Insider aus der Region ihre pers\u00f6nlichen Geheimtipps. Die Themenvielfalt reicht dabei von der Lieblingsradtour mit der Familie \u00fcber fotogene Sonnenuntergangsorte bis zu Trendsportarten, wie Klettern und Disc-<br \/>\ngolf. Daneben werden Einkehrm\u00f6glichkeiten empfohlen, Ausleihm\u00f6glichkeiten genannt und auf n\u00fctzliche Weblinks und Apps hingewiesen.<br \/>\nDie neue Brosch\u00fcre \u201eAktiv im Freien\u201c liegt ab sofort in den f\u00fcnf Tourist-Informationen kostenlos zum Mitnehmen aus und steht unter <a class=\"link_katalog nolis-link-extern\" title=\"Flyer Aktiv im Freien (https:\/\/www.fachwerk5eck.de\/wp-content\/uploads\/2020\/09\/Aktiv-im-Freien.pdf)\" href=\"https:\/\/www.fachwerk5eck.de\/wp-content\/uploads\/2020\/09\/Aktiv-im-Freien.pdf\" target=\"_blank\" rel=\"noopener\">www.fachwerk5eck.de<\/a> zum Download bereit. Sie erg\u00e4nzt den ebenfalls dort erh\u00e4ltlichen Reisef\u00fchrer, der viele weiterf\u00fchrende Infos zu den Fachwerkst\u00e4dten Duderstadt, Einbeck, Hann. M\u00fcnden, Northeim und Osterode am Harz enth\u00e4lt, die zusammen das Fachwerk5Eck bilden.<\/p>\n","protected":false},"excerpt":{"rendered":"<p>Erlebnisse an der frischen Luft liegen im Trend &#8211; die sch\u00f6nsten Outdoor-Aktivit\u00e4ten in der Region pr\u00e4sentiert die neue Brosch\u00fcre \u201eAktiv im Freien\u201c. B\u00fcrger und G\u00e4ste erhalten darin Tipps zu Erlebnissen rund um die St\u00e4dte Duderstadt, Einbeck, Hann. M\u00fcnden, Northeim und Osterode am Harz \u2013 von der Erholung in der Natur bis hin zu sportlichen Herausforderungen. [&hellip;]<\/p>\n","protected":false},"author":1,"featured_media":0,"comment_status":"closed","ping_status":"closed","sticky":false,"template":"","format":"standard","meta":{"saved_in_kubio":false,"footnotes":""},"categories":[1,42],"tags":[],"class_list":["post-2228","post","type-post","status-publish","format-standard","hentry","category-allgemein","category-regionaler-tourismus"],"yoast_head":"<!-- This site is optimized with the Yoast SEO plugin v27.5 - https:\/\/yoast.com\/product\/yoast-seo-wordpress\/ -->\n<title>Regional &quot;Aktiv im Freien&quot; in den Herbstferien - Radio Leinewelle<\/title>\n<meta name=\"robots\" content=\"index, follow, max-snippet:-1, max-image-preview:large, max-video-preview:-1\" \/>\n<link rel=\"canonical\" href=\"https:\/\/radioleinewelle.de\/index.php\/2020\/10\/09\/regional-aktiv-im-freien-in-den-herbstferien\/\" \/>\n<meta property=\"og:locale\" content=\"de_DE\" \/>\n<meta property=\"og:type\" content=\"article\" \/>\n<meta property=\"og:title\" content=\"Regional &quot;Aktiv im Freien&quot; in den Herbstferien - Radio Leinewelle\" \/>\n<meta property=\"og:description\" content=\"Erlebnisse an der frischen Luft liegen im Trend &#8211; die sch\u00f6nsten Outdoor-Aktivit\u00e4ten in der Region pr\u00e4sentiert die neue Brosch\u00fcre \u201eAktiv im Freien\u201c. B\u00fcrger und G\u00e4ste erhalten darin Tipps zu Erlebnissen rund um die St\u00e4dte Duderstadt, Einbeck, Hann. M\u00fcnden, Northeim und Osterode am Harz \u2013 von der Erholung in der Natur bis hin zu sportlichen Herausforderungen. [&hellip;]\" \/>\n<meta property=\"og:url\" content=\"https:\/\/radioleinewelle.de\/index.php\/2020\/10\/09\/regional-aktiv-im-freien-in-den-herbstferien\/\" \/>\n<meta property=\"og:site_name\" content=\"Radio Leinewelle\" \/>\n<meta property=\"article:publisher\" content=\"https:\/\/www.facebook.com\/radioleinewelle\" \/>\n<meta property=\"article:author\" content=\"https:\/\/www.facebook.com\/radioleinewelle\" \/>\n<meta property=\"article:published_time\" content=\"2020-10-09T03:10:26+00:00\" \/>\n<meta name=\"author\" content=\"Leinewelle\" \/>\n<meta name=\"twitter:card\" content=\"summary_large_image\" \/>\n<meta name=\"twitter:creator\" content=\"@https:\/\/twitter.com\/RLeinewelle?ref_src=twsrcgoogletwcampserptwgrauthor\" \/>\n<meta name=\"twitter:site\" content=\"@RLeinewelle\" \/>\n<meta name=\"twitter:label1\" content=\"Verfasst von\" \/>\n\t<meta name=\"twitter:data1\" content=\"Leinewelle\" \/>\n\t<meta name=\"twitter:label2\" content=\"Gesch\u00e4tzte Lesezeit\" \/>\n\t<meta name=\"twitter:data2\" content=\"1\u00a0Minute\" \/>\n<script type=\"application\/ld+json\" class=\"yoast-schema-graph\">{\"@context\":\"https:\\\/\\\/schema.org\",\"@graph\":[{\"@type\":\"Article\",\"@id\":\"https:\\\/\\\/radioleinewelle.de\\\/index.php\\\/2020\\\/10\\\/09\\\/regional-aktiv-im-freien-in-den-herbstferien\\\/#article\",\"isPartOf\":{\"@id\":\"https:\\\/\\\/radioleinewelle.de\\\/index.php\\\/2020\\\/10\\\/09\\\/regional-aktiv-im-freien-in-den-herbstferien\\\/\"},\"author\":{\"name\":\"Leinewelle\",\"@id\":\"https:\\\/\\\/radioleinewelle.de\\\/#\\\/schema\\\/person\\\/45606f348637df637192dc1b68399a63\"},\"headline\":\"Regional &#8222;Aktiv im Freien&#8220; in den Herbstferien\",\"datePublished\":\"2020-10-09T03:10:26+00:00\",\"mainEntityOfPage\":{\"@id\":\"https:\\\/\\\/radioleinewelle.de\\\/index.php\\\/2020\\\/10\\\/09\\\/regional-aktiv-im-freien-in-den-herbstferien\\\/\"},\"wordCount\":223,\"publisher\":{\"@id\":\"https:\\\/\\\/radioleinewelle.de\\\/#organization\"},\"articleSection\":{\"1\":\"Regionaler Tourismus\"},\"inLanguage\":\"de\"},{\"@type\":\"WebPage\",\"@id\":\"https:\\\/\\\/radioleinewelle.de\\\/index.php\\\/2020\\\/10\\\/09\\\/regional-aktiv-im-freien-in-den-herbstferien\\\/\",\"url\":\"https:\\\/\\\/radioleinewelle.de\\\/index.php\\\/2020\\\/10\\\/09\\\/regional-aktiv-im-freien-in-den-herbstferien\\\/\",\"name\":\"Regional \\\"Aktiv im Freien\\\" in den Herbstferien - Radio Leinewelle\",\"isPartOf\":{\"@id\":\"https:\\\/\\\/radioleinewelle.de\\\/#website\"},\"datePublished\":\"2020-10-09T03:10:26+00:00\",\"breadcrumb\":{\"@id\":\"https:\\\/\\\/radioleinewelle.de\\\/index.php\\\/2020\\\/10\\\/09\\\/regional-aktiv-im-freien-in-den-herbstferien\\\/#breadcrumb\"},\"inLanguage\":\"de\",\"potentialAction\":[{\"@type\":\"ReadAction\",\"target\":[\"https:\\\/\\\/radioleinewelle.de\\\/index.php\\\/2020\\\/10\\\/09\\\/regional-aktiv-im-freien-in-den-herbstferien\\\/\"]}]},{\"@type\":\"BreadcrumbList\",\"@id\":\"https:\\\/\\\/radioleinewelle.de\\\/index.php\\\/2020\\\/10\\\/09\\\/regional-aktiv-im-freien-in-den-herbstferien\\\/#breadcrumb\",\"itemListElement\":[{\"@type\":\"ListItem\",\"position\":1,\"name\":\"Startseite\",\"item\":\"https:\\\/\\\/radioleinewelle.de\\\/\"},{\"@type\":\"ListItem\",\"position\":2,\"name\":\"Regional &#8222;Aktiv im Freien&#8220; in den Herbstferien\"}]},{\"@type\":\"WebSite\",\"@id\":\"https:\\\/\\\/radioleinewelle.de\\\/#website\",\"url\":\"https:\\\/\\\/radioleinewelle.de\\\/\",\"name\":\"Radio Leinewelle\",\"description\":\"\",\"publisher\":{\"@id\":\"https:\\\/\\\/radioleinewelle.de\\\/#organization\"},\"potentialAction\":[{\"@type\":\"SearchAction\",\"target\":{\"@type\":\"EntryPoint\",\"urlTemplate\":\"https:\\\/\\\/radioleinewelle.de\\\/?s={search_term_string}\"},\"query-input\":{\"@type\":\"PropertyValueSpecification\",\"valueRequired\":true,\"valueName\":\"search_term_string\"}}],\"inLanguage\":\"de\"},{\"@type\":\"Organization\",\"@id\":\"https:\\\/\\\/radioleinewelle.de\\\/#organization\",\"name\":\"Radio Leinewelle\",\"alternateName\":\"Mein Radio f\u00fcr S\u00fcdniedersachsen\",\"url\":\"https:\\\/\\\/radioleinewelle.de\\\/\",\"logo\":{\"@type\":\"ImageObject\",\"inLanguage\":\"de\",\"@id\":\"https:\\\/\\\/radioleinewelle.de\\\/#\\\/schema\\\/logo\\\/image\\\/\",\"url\":\"https:\\\/\\\/radioleinewelle.de\\\/wp-content\\\/uploads\\\/2023\\\/11\\\/cropped-Leinewelle_Logo_weiss.png\",\"contentUrl\":\"https:\\\/\\\/radioleinewelle.de\\\/wp-content\\\/uploads\\\/2023\\\/11\\\/cropped-Leinewelle_Logo_weiss.png\",\"width\":854,\"height\":260,\"caption\":\"Radio Leinewelle\"},\"image\":{\"@id\":\"https:\\\/\\\/radioleinewelle.de\\\/#\\\/schema\\\/logo\\\/image\\\/\"},\"sameAs\":[\"https:\\\/\\\/www.facebook.com\\\/radioleinewelle\",\"https:\\\/\\\/x.com\\\/RLeinewelle\",\"https:\\\/\\\/www.instagram.com\\\/radioleinewelle\\\/?hl=de\"]},{\"@type\":\"Person\",\"@id\":\"https:\\\/\\\/radioleinewelle.de\\\/#\\\/schema\\\/person\\\/45606f348637df637192dc1b68399a63\",\"name\":\"Leinewelle\",\"image\":{\"@type\":\"ImageObject\",\"inLanguage\":\"de\",\"@id\":\"https:\\\/\\\/secure.gravatar.com\\\/avatar\\\/05c9a17bc973052ee5d91549bd32fb4dd0dc85b7b85ae94b2e2b4943476bbea5?s=96&d=blank&r=g\",\"url\":\"https:\\\/\\\/secure.gravatar.com\\\/avatar\\\/05c9a17bc973052ee5d91549bd32fb4dd0dc85b7b85ae94b2e2b4943476bbea5?s=96&d=blank&r=g\",\"contentUrl\":\"https:\\\/\\\/secure.gravatar.com\\\/avatar\\\/05c9a17bc973052ee5d91549bd32fb4dd0dc85b7b85ae94b2e2b4943476bbea5?s=96&d=blank&r=g\",\"caption\":\"Leinewelle\"},\"sameAs\":[\"http:\\\/\\\/localhost\\\/radio%20leinewelle\\\/wordpress\",\"https:\\\/\\\/www.facebook.com\\\/radioleinewelle\",\"https:\\\/\\\/www.instagram.com\\\/radioleinewelle\",\"https:\\\/\\\/x.com\\\/https:\\\/\\\/twitter.com\\\/RLeinewelle?ref_src=twsrcgoogletwcampserptwgrauthor\",\"https:\\\/\\\/soundcloud.com\\\/foerderverein-lokalradio?utm_source=clipboard&utm_medium=text&utm_campaign=social_sharing\"],\"url\":\"https:\\\/\\\/radioleinewelle.de\\\/index.php\\\/author\\\/leinewelle\\\/\"}]}<\/script>\n<!-- \/ Yoast SEO plugin. -->","yoast_head_json":{"title":"Regional \"Aktiv im Freien\" in den Herbstferien - Radio Leinewelle","robots":{"index":"index","follow":"follow","max-snippet":"max-snippet:-1","max-image-preview":"max-image-preview:large","max-video-preview":"max-video-preview:-1"},"canonical":"https:\/\/radioleinewelle.de\/index.php\/2020\/10\/09\/regional-aktiv-im-freien-in-den-herbstferien\/","og_locale":"de_DE","og_type":"article","og_title":"Regional \"Aktiv im Freien\" in den Herbstferien - Radio Leinewelle","og_description":"Erlebnisse an der frischen Luft liegen im Trend &#8211; die sch\u00f6nsten Outdoor-Aktivit\u00e4ten in der Region pr\u00e4sentiert die neue Brosch\u00fcre \u201eAktiv im Freien\u201c. B\u00fcrger und G\u00e4ste erhalten darin Tipps zu Erlebnissen rund um die St\u00e4dte Duderstadt, Einbeck, Hann. M\u00fcnden, Northeim und Osterode am Harz \u2013 von der Erholung in der Natur bis hin zu sportlichen Herausforderungen. [&hellip;]","og_url":"https:\/\/radioleinewelle.de\/index.php\/2020\/10\/09\/regional-aktiv-im-freien-in-den-herbstferien\/","og_site_name":"Radio Leinewelle","article_publisher":"https:\/\/www.facebook.com\/radioleinewelle","article_author":"https:\/\/www.facebook.com\/radioleinewelle","article_published_time":"2020-10-09T03:10:26+00:00","author":"Leinewelle","twitter_card":"summary_large_image","twitter_creator":"@https:\/\/twitter.com\/RLeinewelle?ref_src=twsrcgoogletwcampserptwgrauthor","twitter_site":"@RLeinewelle","twitter_misc":{"Verfasst von":"Leinewelle","Gesch\u00e4tzte Lesezeit":"1\u00a0Minute"},"schema":{"@context":"https:\/\/schema.org","@graph":[{"@type":"Article","@id":"https:\/\/radioleinewelle.de\/index.php\/2020\/10\/09\/regional-aktiv-im-freien-in-den-herbstferien\/#article","isPartOf":{"@id":"https:\/\/radioleinewelle.de\/index.php\/2020\/10\/09\/regional-aktiv-im-freien-in-den-herbstferien\/"},"author":{"name":"Leinewelle","@id":"https:\/\/radioleinewelle.de\/#\/schema\/person\/45606f348637df637192dc1b68399a63"},"headline":"Regional &#8222;Aktiv im Freien&#8220; in den Herbstferien","datePublished":"2020-10-09T03:10:26+00:00","mainEntityOfPage":{"@id":"https:\/\/radioleinewelle.de\/index.php\/2020\/10\/09\/regional-aktiv-im-freien-in-den-herbstferien\/"},"wordCount":223,"publisher":{"@id":"https:\/\/radioleinewelle.de\/#organization"},"articleSection":{"1":"Regionaler Tourismus"},"inLanguage":"de"},{"@type":"WebPage","@id":"https:\/\/radioleinewelle.de\/index.php\/2020\/10\/09\/regional-aktiv-im-freien-in-den-herbstferien\/","url":"https:\/\/radioleinewelle.de\/index.php\/2020\/10\/09\/regional-aktiv-im-freien-in-den-herbstferien\/","name":"Regional \"Aktiv im Freien\" in den Herbstferien - Radio Leinewelle","isPartOf":{"@id":"https:\/\/radioleinewelle.de\/#website"},"datePublished":"2020-10-09T03:10:26+00:00","breadcrumb":{"@id":"https:\/\/radioleinewelle.de\/index.php\/2020\/10\/09\/regional-aktiv-im-freien-in-den-herbstferien\/#breadcrumb"},"inLanguage":"de","potentialAction":[{"@type":"ReadAction","target":["https:\/\/radioleinewelle.de\/index.php\/2020\/10\/09\/regional-aktiv-im-freien-in-den-herbstferien\/"]}]},{"@type":"BreadcrumbList","@id":"https:\/\/radioleinewelle.de\/index.php\/2020\/10\/09\/regional-aktiv-im-freien-in-den-herbstferien\/#breadcrumb","itemListElement":[{"@type":"ListItem","position":1,"name":"Startseite","item":"https:\/\/radioleinewelle.de\/"},{"@type":"ListItem","position":2,"name":"Regional &#8222;Aktiv im Freien&#8220; in den Herbstferien"}]},{"@type":"WebSite","@id":"https:\/\/radioleinewelle.de\/#website","url":"https:\/\/radioleinewelle.de\/","name":"Radio Leinewelle","description":"","publisher":{"@id":"https:\/\/radioleinewelle.de\/#organization"},"potentialAction":[{"@type":"SearchAction","target":{"@type":"EntryPoint","urlTemplate":"https:\/\/radioleinewelle.de\/?s={search_term_string}"},"query-input":{"@type":"PropertyValueSpecification","valueRequired":true,"valueName":"search_term_string"}}],"inLanguage":"de"},{"@type":"Organization","@id":"https:\/\/radioleinewelle.de\/#organization","name":"Radio Leinewelle","alternateName":"Mein Radio f\u00fcr S\u00fcdniedersachsen","url":"https:\/\/radioleinewelle.de\/","logo":{"@type":"ImageObject","inLanguage":"de","@id":"https:\/\/radioleinewelle.de\/#\/schema\/logo\/image\/","url":"https:\/\/radioleinewelle.de\/wp-content\/uploads\/2023\/11\/cropped-Leinewelle_Logo_weiss.png","contentUrl":"https:\/\/radioleinewelle.de\/wp-content\/uploads\/2023\/11\/cropped-Leinewelle_Logo_weiss.png","width":854,"height":260,"caption":"Radio Leinewelle"},"image":{"@id":"https:\/\/radioleinewelle.de\/#\/schema\/logo\/image\/"},"sameAs":["https:\/\/www.facebook.com\/radioleinewelle","https:\/\/x.com\/RLeinewelle","https:\/\/www.instagram.com\/radioleinewelle\/?hl=de"]},{"@type":"Person","@id":"https:\/\/radioleinewelle.de\/#\/schema\/person\/45606f348637df637192dc1b68399a63","name":"Leinewelle","image":{"@type":"ImageObject","inLanguage":"de","@id":"https:\/\/secure.gravatar.com\/avatar\/05c9a17bc973052ee5d91549bd32fb4dd0dc85b7b85ae94b2e2b4943476bbea5?s=96&d=blank&r=g","url":"https:\/\/secure.gravatar.com\/avatar\/05c9a17bc973052ee5d91549bd32fb4dd0dc85b7b85ae94b2e2b4943476bbea5?s=96&d=blank&r=g","contentUrl":"https:\/\/secure.gravatar.com\/avatar\/05c9a17bc973052ee5d91549bd32fb4dd0dc85b7b85ae94b2e2b4943476bbea5?s=96&d=blank&r=g","caption":"Leinewelle"},"sameAs":["http:\/\/localhost\/radio%20leinewelle\/wordpress","https:\/\/www.facebook.com\/radioleinewelle","https:\/\/www.instagram.com\/radioleinewelle","https:\/\/x.com\/https:\/\/twitter.com\/RLeinewelle?ref_src=twsrcgoogletwcampserptwgrauthor","https:\/\/soundcloud.com\/foerderverein-lokalradio?utm_source=clipboard&utm_medium=text&utm_campaign=social_sharing"],"url":"https:\/\/radioleinewelle.de\/index.php\/author\/leinewelle\/"}]}},"_links":{"self":[{"href":"https:\/\/radioleinewelle.de\/index.php\/wp-json\/wp\/v2\/posts\/2228","targetHints":{"allow":["GET"]}}],"collection":[{"href":"https:\/\/radioleinewelle.de\/index.php\/wp-json\/wp\/v2\/posts"}],"about":[{"href":"https:\/\/radioleinewelle.de\/index.php\/wp-json\/wp\/v2\/types\/post"}],"author":[{"embeddable":true,"href":"https:\/\/radioleinewelle.de\/index.php\/wp-json\/wp\/v2\/users\/1"}],"replies":[{"embeddable":true,"href":"https:\/\/radioleinewelle.de\/index.php\/wp-json\/wp\/v2\/comments?post=2228"}],"version-history":[{"count":0,"href":"https:\/\/radioleinewelle.de\/index.php\/wp-json\/wp\/v2\/posts\/2228\/revisions"}],"wp:attachment":[{"href":"https:\/\/radioleinewelle.de\/index.php\/wp-json\/wp\/v2\/media?parent=2228"}],"wp:term":[{"taxonomy":"category","embeddable":true,"href":"https:\/\/radioleinewelle.de\/index.php\/wp-json\/wp\/v2\/categories?post=2228"},{"taxonomy":"post_tag","embeddable":true,"href":"https:\/\/radioleinewelle.de\/index.php\/wp-json\/wp\/v2\/tags?post=2228"}],"curies":[{"name":"wp","href":"https:\/\/api.w.org\/{rel}","templated":true}]}}