{"id":22321,"date":"2023-03-27T07:46:26","date_gmt":"2023-03-27T05:46:26","guid":{"rendered":"https:\/\/radioleinewelle.de\/?p=22321"},"modified":"2023-03-27T07:46:30","modified_gmt":"2023-03-27T05:46:30","slug":"dr-sven-schoeller-zum-neuen-oberbuergermeister-von-kassel-gewaehlt","status":"publish","type":"post","link":"https:\/\/radioleinewelle.de\/index.php\/2023\/03\/27\/dr-sven-schoeller-zum-neuen-oberbuergermeister-von-kassel-gewaehlt\/","title":{"rendered":"Dr. Sven Schoeller zum neuen Oberb\u00fcrgermeister von Kassel gew\u00e4hlt"},"content":{"rendered":"\n<p>Nach der Ausz\u00e4hlung aller Stimmzettel liegt das vorl\u00e4ufige Endergebnis auf der Basis der Schnellmeldungen der Wahlvorst\u00e4nde f\u00fcr die Stichwahl des Oberb\u00fcrgermeisters in Kassel vor.\u00a0Die Wahlberechtigten konnten in der Stichwahl ihre Stimme f\u00fcr Dr. Sven Schoeller als Oberb\u00fcrgermeister abgeben mit &#8222;Ja&#8220; oder gegen den Bewerber mit &#8222;Nein&#8220;.<\/p>\n\n\n\n<p>Demnach ergibt sich folgende Stimmenverteilung:<br>Mit &#8222;JA&#8220; stimmten 51,21 Prozent, 24.551 Stimmen.<br>Mit &#8222;Nein&#8220; stimmten 48,79 Prozent, 23.394 Stimmen.<\/p>\n\n\n\n<p>Die Wahlbeteiligung lag  bei 33,17 Prozent. Nach dem vorl\u00e4ufigen Endergebnis auf Basis der Schnellmeldungen w\u00e4re Dr. Sven Schoeller zum n\u00e4chsten Oberb\u00fcrgermeister der Stadt Kassel gew\u00e4hlt. Sollte der Wahlausschuss dieses Ergebnis in seiner \u00f6ffentlichen Sitzung amtlich feststellen, w\u00fcrde seine sechs Jahre dauernde Amtszeit als Oberb\u00fcrgermeister am 22. Juli 2023 beginnen.<br>Der Wahlausschuss wird nach Pr\u00fcfung der Niederschriften in seiner \u00f6ffentlichen Sitzung im Rathaus am Mittwoch, 29. M\u00e4rz, um 16 Uhr das amtliche Wahlergebnis feststellen.<\/p>\n\n\n\n<p>Der Rechtsanwalt Dr. Sven Schoeller ging als Kandidat der Kasseler Gr\u00fcnen ins Rennen. Er war der einzige Kandidat in der Stichwahl, nachdem der ehemalige Oberb\u00fcrgermeister Christian Geselle nicht mehr antrat. Geselle bewarb sich als unabh\u00e4ngiger Kandidat und gewann den ersten Wahlgang mit 31.5 Prozent. Er begr\u00fcndete seine Entscheidung u.a. mit einer Diffamierungskampagne gegen ihn. Mittlerweile ist er auch aus seiner Partei, der SPD, ausgetreten.<\/p>\n\n\n\n<p>Symbolbild von Pixabay<\/p>\n","protected":false},"excerpt":{"rendered":"<p>Nach der Ausz\u00e4hlung aller Stimmzettel liegt das vorl\u00e4ufige Endergebnis auf der Basis der Schnellmeldungen der Wahlvorst\u00e4nde f\u00fcr die Stichwahl des Oberb\u00fcrgermeisters in Kassel vor.\u00a0Die Wahlberechtigten konnten in der Stichwahl ihre Stimme f\u00fcr Dr. Sven Schoeller als Oberb\u00fcrgermeister abgeben mit &#8222;Ja&#8220; oder gegen den Bewerber mit &#8222;Nein&#8220;. Demnach ergibt sich folgende Stimmenverteilung:Mit &#8222;JA&#8220; stimmten 51,21 Prozent, [&hellip;]<\/p>\n","protected":false},"author":1,"featured_media":22322,"comment_status":"open","ping_status":"open","sticky":false,"template":"","format":"standard","meta":{"saved_in_kubio":false,"footnotes":""},"categories":[24],"tags":[],"class_list":["post-22321","post","type-post","status-publish","format-standard","has-post-thumbnail","hentry","category-news"],"yoast_head":"<!-- This site is optimized with the Yoast SEO plugin v27.4 - https:\/\/yoast.com\/product\/yoast-seo-wordpress\/ -->\n<title>Dr. Sven Schoeller zum neuen Oberb\u00fcrgermeister von Kassel gew\u00e4hlt - Radio Leinewelle<\/title>\n<meta name=\"robots\" content=\"index, follow, max-snippet:-1, max-image-preview:large, max-video-preview:-1\" \/>\n<link rel=\"canonical\" href=\"https:\/\/radioleinewelle.de\/index.php\/2023\/03\/27\/dr-sven-schoeller-zum-neuen-oberbuergermeister-von-kassel-gewaehlt\/\" \/>\n<meta property=\"og:locale\" content=\"de_DE\" \/>\n<meta property=\"og:type\" content=\"article\" \/>\n<meta property=\"og:title\" content=\"Dr. Sven Schoeller zum neuen Oberb\u00fcrgermeister von Kassel gew\u00e4hlt - Radio Leinewelle\" \/>\n<meta property=\"og:description\" content=\"Nach der Ausz\u00e4hlung aller Stimmzettel liegt das vorl\u00e4ufige Endergebnis auf der Basis der Schnellmeldungen der Wahlvorst\u00e4nde f\u00fcr die Stichwahl des Oberb\u00fcrgermeisters in Kassel vor.\u00a0Die Wahlberechtigten konnten in der Stichwahl ihre Stimme f\u00fcr Dr. Sven Schoeller als Oberb\u00fcrgermeister abgeben mit &#8222;Ja&#8220; oder gegen den Bewerber mit &#8222;Nein&#8220;. Demnach ergibt sich folgende Stimmenverteilung:Mit &#8222;JA&#8220; stimmten 51,21 Prozent, [&hellip;]\" \/>\n<meta property=\"og:url\" content=\"https:\/\/radioleinewelle.de\/index.php\/2023\/03\/27\/dr-sven-schoeller-zum-neuen-oberbuergermeister-von-kassel-gewaehlt\/\" \/>\n<meta property=\"og:site_name\" content=\"Radio Leinewelle\" \/>\n<meta property=\"article:publisher\" content=\"https:\/\/www.facebook.com\/radioleinewelle\" \/>\n<meta property=\"article:author\" content=\"https:\/\/www.facebook.com\/radioleinewelle\" \/>\n<meta property=\"article:published_time\" content=\"2023-03-27T05:46:26+00:00\" \/>\n<meta property=\"article:modified_time\" content=\"2023-03-27T05:46:30+00:00\" \/>\n<meta property=\"og:image\" content=\"https:\/\/radioleinewelle.de\/wp-content\/uploads\/2023\/03\/kassel-g26dae7d32_640.jpg\" \/>\n\t<meta property=\"og:image:width\" content=\"640\" \/>\n\t<meta property=\"og:image:height\" content=\"427\" \/>\n\t<meta property=\"og:image:type\" content=\"image\/jpeg\" \/>\n<meta name=\"author\" content=\"Leinewelle\" \/>\n<meta name=\"twitter:card\" content=\"summary_large_image\" \/>\n<meta name=\"twitter:creator\" content=\"@https:\/\/twitter.com\/RLeinewelle?ref_src=twsrcgoogletwcampserptwgrauthor\" \/>\n<meta name=\"twitter:site\" content=\"@RLeinewelle\" \/>\n<meta name=\"twitter:label1\" content=\"Verfasst von\" \/>\n\t<meta name=\"twitter:data1\" content=\"Leinewelle\" \/>\n\t<meta name=\"twitter:label2\" content=\"Gesch\u00e4tzte Lesezeit\" \/>\n\t<meta name=\"twitter:data2\" content=\"2\u00a0Minuten\" \/>\n<script type=\"application\/ld+json\" class=\"yoast-schema-graph\">{\"@context\":\"https:\\\/\\\/schema.org\",\"@graph\":[{\"@type\":\"Article\",\"@id\":\"https:\\\/\\\/radioleinewelle.de\\\/index.php\\\/2023\\\/03\\\/27\\\/dr-sven-schoeller-zum-neuen-oberbuergermeister-von-kassel-gewaehlt\\\/#article\",\"isPartOf\":{\"@id\":\"https:\\\/\\\/radioleinewelle.de\\\/index.php\\\/2023\\\/03\\\/27\\\/dr-sven-schoeller-zum-neuen-oberbuergermeister-von-kassel-gewaehlt\\\/\"},\"author\":{\"name\":\"Leinewelle\",\"@id\":\"https:\\\/\\\/radioleinewelle.de\\\/#\\\/schema\\\/person\\\/45606f348637df637192dc1b68399a63\"},\"headline\":\"Dr. Sven Schoeller zum neuen Oberb\u00fcrgermeister von Kassel gew\u00e4hlt\",\"datePublished\":\"2023-03-27T05:46:26+00:00\",\"dateModified\":\"2023-03-27T05:46:30+00:00\",\"mainEntityOfPage\":{\"@id\":\"https:\\\/\\\/radioleinewelle.de\\\/index.php\\\/2023\\\/03\\\/27\\\/dr-sven-schoeller-zum-neuen-oberbuergermeister-von-kassel-gewaehlt\\\/\"},\"wordCount\":228,\"commentCount\":0,\"publisher\":{\"@id\":\"https:\\\/\\\/radioleinewelle.de\\\/#organization\"},\"image\":{\"@id\":\"https:\\\/\\\/radioleinewelle.de\\\/index.php\\\/2023\\\/03\\\/27\\\/dr-sven-schoeller-zum-neuen-oberbuergermeister-von-kassel-gewaehlt\\\/#primaryimage\"},\"thumbnailUrl\":\"https:\\\/\\\/radioleinewelle.de\\\/wp-content\\\/uploads\\\/2023\\\/03\\\/kassel-g26dae7d32_640.jpg\",\"articleSection\":[\"Aktuelle Nachrichten\"],\"inLanguage\":\"de\",\"potentialAction\":[{\"@type\":\"CommentAction\",\"name\":\"Comment\",\"target\":[\"https:\\\/\\\/radioleinewelle.de\\\/index.php\\\/2023\\\/03\\\/27\\\/dr-sven-schoeller-zum-neuen-oberbuergermeister-von-kassel-gewaehlt\\\/#respond\"]}]},{\"@type\":\"WebPage\",\"@id\":\"https:\\\/\\\/radioleinewelle.de\\\/index.php\\\/2023\\\/03\\\/27\\\/dr-sven-schoeller-zum-neuen-oberbuergermeister-von-kassel-gewaehlt\\\/\",\"url\":\"https:\\\/\\\/radioleinewelle.de\\\/index.php\\\/2023\\\/03\\\/27\\\/dr-sven-schoeller-zum-neuen-oberbuergermeister-von-kassel-gewaehlt\\\/\",\"name\":\"Dr. Sven Schoeller zum neuen Oberb\u00fcrgermeister von Kassel gew\u00e4hlt - Radio Leinewelle\",\"isPartOf\":{\"@id\":\"https:\\\/\\\/radioleinewelle.de\\\/#website\"},\"primaryImageOfPage\":{\"@id\":\"https:\\\/\\\/radioleinewelle.de\\\/index.php\\\/2023\\\/03\\\/27\\\/dr-sven-schoeller-zum-neuen-oberbuergermeister-von-kassel-gewaehlt\\\/#primaryimage\"},\"image\":{\"@id\":\"https:\\\/\\\/radioleinewelle.de\\\/index.php\\\/2023\\\/03\\\/27\\\/dr-sven-schoeller-zum-neuen-oberbuergermeister-von-kassel-gewaehlt\\\/#primaryimage\"},\"thumbnailUrl\":\"https:\\\/\\\/radioleinewelle.de\\\/wp-content\\\/uploads\\\/2023\\\/03\\\/kassel-g26dae7d32_640.jpg\",\"datePublished\":\"2023-03-27T05:46:26+00:00\",\"dateModified\":\"2023-03-27T05:46:30+00:00\",\"breadcrumb\":{\"@id\":\"https:\\\/\\\/radioleinewelle.de\\\/index.php\\\/2023\\\/03\\\/27\\\/dr-sven-schoeller-zum-neuen-oberbuergermeister-von-kassel-gewaehlt\\\/#breadcrumb\"},\"inLanguage\":\"de\",\"potentialAction\":[{\"@type\":\"ReadAction\",\"target\":[\"https:\\\/\\\/radioleinewelle.de\\\/index.php\\\/2023\\\/03\\\/27\\\/dr-sven-schoeller-zum-neuen-oberbuergermeister-von-kassel-gewaehlt\\\/\"]}]},{\"@type\":\"ImageObject\",\"inLanguage\":\"de\",\"@id\":\"https:\\\/\\\/radioleinewelle.de\\\/index.php\\\/2023\\\/03\\\/27\\\/dr-sven-schoeller-zum-neuen-oberbuergermeister-von-kassel-gewaehlt\\\/#primaryimage\",\"url\":\"https:\\\/\\\/radioleinewelle.de\\\/wp-content\\\/uploads\\\/2023\\\/03\\\/kassel-g26dae7d32_640.jpg\",\"contentUrl\":\"https:\\\/\\\/radioleinewelle.de\\\/wp-content\\\/uploads\\\/2023\\\/03\\\/kassel-g26dae7d32_640.jpg\",\"width\":640,\"height\":427},{\"@type\":\"BreadcrumbList\",\"@id\":\"https:\\\/\\\/radioleinewelle.de\\\/index.php\\\/2023\\\/03\\\/27\\\/dr-sven-schoeller-zum-neuen-oberbuergermeister-von-kassel-gewaehlt\\\/#breadcrumb\",\"itemListElement\":[{\"@type\":\"ListItem\",\"position\":1,\"name\":\"Startseite\",\"item\":\"https:\\\/\\\/radioleinewelle.de\\\/\"},{\"@type\":\"ListItem\",\"position\":2,\"name\":\"Dr. Sven Schoeller zum neuen Oberb\u00fcrgermeister von Kassel gew\u00e4hlt\"}]},{\"@type\":\"WebSite\",\"@id\":\"https:\\\/\\\/radioleinewelle.de\\\/#website\",\"url\":\"https:\\\/\\\/radioleinewelle.de\\\/\",\"name\":\"Radio Leinewelle\",\"description\":\"\",\"publisher\":{\"@id\":\"https:\\\/\\\/radioleinewelle.de\\\/#organization\"},\"potentialAction\":[{\"@type\":\"SearchAction\",\"target\":{\"@type\":\"EntryPoint\",\"urlTemplate\":\"https:\\\/\\\/radioleinewelle.de\\\/?s={search_term_string}\"},\"query-input\":{\"@type\":\"PropertyValueSpecification\",\"valueRequired\":true,\"valueName\":\"search_term_string\"}}],\"inLanguage\":\"de\"},{\"@type\":\"Organization\",\"@id\":\"https:\\\/\\\/radioleinewelle.de\\\/#organization\",\"name\":\"Radio Leinewelle\",\"alternateName\":\"Mein Radio f\u00fcr S\u00fcdniedersachsen\",\"url\":\"https:\\\/\\\/radioleinewelle.de\\\/\",\"logo\":{\"@type\":\"ImageObject\",\"inLanguage\":\"de\",\"@id\":\"https:\\\/\\\/radioleinewelle.de\\\/#\\\/schema\\\/logo\\\/image\\\/\",\"url\":\"https:\\\/\\\/radioleinewelle.de\\\/wp-content\\\/uploads\\\/2023\\\/11\\\/cropped-Leinewelle_Logo_weiss.png\",\"contentUrl\":\"https:\\\/\\\/radioleinewelle.de\\\/wp-content\\\/uploads\\\/2023\\\/11\\\/cropped-Leinewelle_Logo_weiss.png\",\"width\":854,\"height\":260,\"caption\":\"Radio Leinewelle\"},\"image\":{\"@id\":\"https:\\\/\\\/radioleinewelle.de\\\/#\\\/schema\\\/logo\\\/image\\\/\"},\"sameAs\":[\"https:\\\/\\\/www.facebook.com\\\/radioleinewelle\",\"https:\\\/\\\/x.com\\\/RLeinewelle\",\"https:\\\/\\\/www.instagram.com\\\/radioleinewelle\\\/?hl=de\"]},{\"@type\":\"Person\",\"@id\":\"https:\\\/\\\/radioleinewelle.de\\\/#\\\/schema\\\/person\\\/45606f348637df637192dc1b68399a63\",\"name\":\"Leinewelle\",\"image\":{\"@type\":\"ImageObject\",\"inLanguage\":\"de\",\"@id\":\"https:\\\/\\\/secure.gravatar.com\\\/avatar\\\/05c9a17bc973052ee5d91549bd32fb4dd0dc85b7b85ae94b2e2b4943476bbea5?s=96&d=blank&r=g\",\"url\":\"https:\\\/\\\/secure.gravatar.com\\\/avatar\\\/05c9a17bc973052ee5d91549bd32fb4dd0dc85b7b85ae94b2e2b4943476bbea5?s=96&d=blank&r=g\",\"contentUrl\":\"https:\\\/\\\/secure.gravatar.com\\\/avatar\\\/05c9a17bc973052ee5d91549bd32fb4dd0dc85b7b85ae94b2e2b4943476bbea5?s=96&d=blank&r=g\",\"caption\":\"Leinewelle\"},\"sameAs\":[\"http:\\\/\\\/localhost\\\/radio%20leinewelle\\\/wordpress\",\"https:\\\/\\\/www.facebook.com\\\/radioleinewelle\",\"https:\\\/\\\/www.instagram.com\\\/radioleinewelle\",\"https:\\\/\\\/x.com\\\/https:\\\/\\\/twitter.com\\\/RLeinewelle?ref_src=twsrcgoogletwcampserptwgrauthor\",\"https:\\\/\\\/soundcloud.com\\\/foerderverein-lokalradio?utm_source=clipboard&utm_medium=text&utm_campaign=social_sharing\"],\"url\":\"https:\\\/\\\/radioleinewelle.de\\\/index.php\\\/author\\\/leinewelle\\\/\"}]}<\/script>\n<!-- \/ Yoast SEO plugin. -->","yoast_head_json":{"title":"Dr. Sven Schoeller zum neuen Oberb\u00fcrgermeister von Kassel gew\u00e4hlt - Radio Leinewelle","robots":{"index":"index","follow":"follow","max-snippet":"max-snippet:-1","max-image-preview":"max-image-preview:large","max-video-preview":"max-video-preview:-1"},"canonical":"https:\/\/radioleinewelle.de\/index.php\/2023\/03\/27\/dr-sven-schoeller-zum-neuen-oberbuergermeister-von-kassel-gewaehlt\/","og_locale":"de_DE","og_type":"article","og_title":"Dr. Sven Schoeller zum neuen Oberb\u00fcrgermeister von Kassel gew\u00e4hlt - Radio Leinewelle","og_description":"Nach der Ausz\u00e4hlung aller Stimmzettel liegt das vorl\u00e4ufige Endergebnis auf der Basis der Schnellmeldungen der Wahlvorst\u00e4nde f\u00fcr die Stichwahl des Oberb\u00fcrgermeisters in Kassel vor.\u00a0Die Wahlberechtigten konnten in der Stichwahl ihre Stimme f\u00fcr Dr. Sven Schoeller als Oberb\u00fcrgermeister abgeben mit &#8222;Ja&#8220; oder gegen den Bewerber mit &#8222;Nein&#8220;. Demnach ergibt sich folgende Stimmenverteilung:Mit &#8222;JA&#8220; stimmten 51,21 Prozent, [&hellip;]","og_url":"https:\/\/radioleinewelle.de\/index.php\/2023\/03\/27\/dr-sven-schoeller-zum-neuen-oberbuergermeister-von-kassel-gewaehlt\/","og_site_name":"Radio Leinewelle","article_publisher":"https:\/\/www.facebook.com\/radioleinewelle","article_author":"https:\/\/www.facebook.com\/radioleinewelle","article_published_time":"2023-03-27T05:46:26+00:00","article_modified_time":"2023-03-27T05:46:30+00:00","og_image":[{"width":640,"height":427,"url":"https:\/\/radioleinewelle.de\/wp-content\/uploads\/2023\/03\/kassel-g26dae7d32_640.jpg","type":"image\/jpeg"}],"author":"Leinewelle","twitter_card":"summary_large_image","twitter_creator":"@https:\/\/twitter.com\/RLeinewelle?ref_src=twsrcgoogletwcampserptwgrauthor","twitter_site":"@RLeinewelle","twitter_misc":{"Verfasst von":"Leinewelle","Gesch\u00e4tzte Lesezeit":"2\u00a0Minuten"},"schema":{"@context":"https:\/\/schema.org","@graph":[{"@type":"Article","@id":"https:\/\/radioleinewelle.de\/index.php\/2023\/03\/27\/dr-sven-schoeller-zum-neuen-oberbuergermeister-von-kassel-gewaehlt\/#article","isPartOf":{"@id":"https:\/\/radioleinewelle.de\/index.php\/2023\/03\/27\/dr-sven-schoeller-zum-neuen-oberbuergermeister-von-kassel-gewaehlt\/"},"author":{"name":"Leinewelle","@id":"https:\/\/radioleinewelle.de\/#\/schema\/person\/45606f348637df637192dc1b68399a63"},"headline":"Dr. Sven Schoeller zum neuen Oberb\u00fcrgermeister von Kassel gew\u00e4hlt","datePublished":"2023-03-27T05:46:26+00:00","dateModified":"2023-03-27T05:46:30+00:00","mainEntityOfPage":{"@id":"https:\/\/radioleinewelle.de\/index.php\/2023\/03\/27\/dr-sven-schoeller-zum-neuen-oberbuergermeister-von-kassel-gewaehlt\/"},"wordCount":228,"commentCount":0,"publisher":{"@id":"https:\/\/radioleinewelle.de\/#organization"},"image":{"@id":"https:\/\/radioleinewelle.de\/index.php\/2023\/03\/27\/dr-sven-schoeller-zum-neuen-oberbuergermeister-von-kassel-gewaehlt\/#primaryimage"},"thumbnailUrl":"https:\/\/radioleinewelle.de\/wp-content\/uploads\/2023\/03\/kassel-g26dae7d32_640.jpg","articleSection":["Aktuelle Nachrichten"],"inLanguage":"de","potentialAction":[{"@type":"CommentAction","name":"Comment","target":["https:\/\/radioleinewelle.de\/index.php\/2023\/03\/27\/dr-sven-schoeller-zum-neuen-oberbuergermeister-von-kassel-gewaehlt\/#respond"]}]},{"@type":"WebPage","@id":"https:\/\/radioleinewelle.de\/index.php\/2023\/03\/27\/dr-sven-schoeller-zum-neuen-oberbuergermeister-von-kassel-gewaehlt\/","url":"https:\/\/radioleinewelle.de\/index.php\/2023\/03\/27\/dr-sven-schoeller-zum-neuen-oberbuergermeister-von-kassel-gewaehlt\/","name":"Dr. Sven Schoeller zum neuen Oberb\u00fcrgermeister von Kassel gew\u00e4hlt - Radio Leinewelle","isPartOf":{"@id":"https:\/\/radioleinewelle.de\/#website"},"primaryImageOfPage":{"@id":"https:\/\/radioleinewelle.de\/index.php\/2023\/03\/27\/dr-sven-schoeller-zum-neuen-oberbuergermeister-von-kassel-gewaehlt\/#primaryimage"},"image":{"@id":"https:\/\/radioleinewelle.de\/index.php\/2023\/03\/27\/dr-sven-schoeller-zum-neuen-oberbuergermeister-von-kassel-gewaehlt\/#primaryimage"},"thumbnailUrl":"https:\/\/radioleinewelle.de\/wp-content\/uploads\/2023\/03\/kassel-g26dae7d32_640.jpg","datePublished":"2023-03-27T05:46:26+00:00","dateModified":"2023-03-27T05:46:30+00:00","breadcrumb":{"@id":"https:\/\/radioleinewelle.de\/index.php\/2023\/03\/27\/dr-sven-schoeller-zum-neuen-oberbuergermeister-von-kassel-gewaehlt\/#breadcrumb"},"inLanguage":"de","potentialAction":[{"@type":"ReadAction","target":["https:\/\/radioleinewelle.de\/index.php\/2023\/03\/27\/dr-sven-schoeller-zum-neuen-oberbuergermeister-von-kassel-gewaehlt\/"]}]},{"@type":"ImageObject","inLanguage":"de","@id":"https:\/\/radioleinewelle.de\/index.php\/2023\/03\/27\/dr-sven-schoeller-zum-neuen-oberbuergermeister-von-kassel-gewaehlt\/#primaryimage","url":"https:\/\/radioleinewelle.de\/wp-content\/uploads\/2023\/03\/kassel-g26dae7d32_640.jpg","contentUrl":"https:\/\/radioleinewelle.de\/wp-content\/uploads\/2023\/03\/kassel-g26dae7d32_640.jpg","width":640,"height":427},{"@type":"BreadcrumbList","@id":"https:\/\/radioleinewelle.de\/index.php\/2023\/03\/27\/dr-sven-schoeller-zum-neuen-oberbuergermeister-von-kassel-gewaehlt\/#breadcrumb","itemListElement":[{"@type":"ListItem","position":1,"name":"Startseite","item":"https:\/\/radioleinewelle.de\/"},{"@type":"ListItem","position":2,"name":"Dr. Sven Schoeller zum neuen Oberb\u00fcrgermeister von Kassel gew\u00e4hlt"}]},{"@type":"WebSite","@id":"https:\/\/radioleinewelle.de\/#website","url":"https:\/\/radioleinewelle.de\/","name":"Radio Leinewelle","description":"","publisher":{"@id":"https:\/\/radioleinewelle.de\/#organization"},"potentialAction":[{"@type":"SearchAction","target":{"@type":"EntryPoint","urlTemplate":"https:\/\/radioleinewelle.de\/?s={search_term_string}"},"query-input":{"@type":"PropertyValueSpecification","valueRequired":true,"valueName":"search_term_string"}}],"inLanguage":"de"},{"@type":"Organization","@id":"https:\/\/radioleinewelle.de\/#organization","name":"Radio Leinewelle","alternateName":"Mein Radio f\u00fcr S\u00fcdniedersachsen","url":"https:\/\/radioleinewelle.de\/","logo":{"@type":"ImageObject","inLanguage":"de","@id":"https:\/\/radioleinewelle.de\/#\/schema\/logo\/image\/","url":"https:\/\/radioleinewelle.de\/wp-content\/uploads\/2023\/11\/cropped-Leinewelle_Logo_weiss.png","contentUrl":"https:\/\/radioleinewelle.de\/wp-content\/uploads\/2023\/11\/cropped-Leinewelle_Logo_weiss.png","width":854,"height":260,"caption":"Radio Leinewelle"},"image":{"@id":"https:\/\/radioleinewelle.de\/#\/schema\/logo\/image\/"},"sameAs":["https:\/\/www.facebook.com\/radioleinewelle","https:\/\/x.com\/RLeinewelle","https:\/\/www.instagram.com\/radioleinewelle\/?hl=de"]},{"@type":"Person","@id":"https:\/\/radioleinewelle.de\/#\/schema\/person\/45606f348637df637192dc1b68399a63","name":"Leinewelle","image":{"@type":"ImageObject","inLanguage":"de","@id":"https:\/\/secure.gravatar.com\/avatar\/05c9a17bc973052ee5d91549bd32fb4dd0dc85b7b85ae94b2e2b4943476bbea5?s=96&d=blank&r=g","url":"https:\/\/secure.gravatar.com\/avatar\/05c9a17bc973052ee5d91549bd32fb4dd0dc85b7b85ae94b2e2b4943476bbea5?s=96&d=blank&r=g","contentUrl":"https:\/\/secure.gravatar.com\/avatar\/05c9a17bc973052ee5d91549bd32fb4dd0dc85b7b85ae94b2e2b4943476bbea5?s=96&d=blank&r=g","caption":"Leinewelle"},"sameAs":["http:\/\/localhost\/radio%20leinewelle\/wordpress","https:\/\/www.facebook.com\/radioleinewelle","https:\/\/www.instagram.com\/radioleinewelle","https:\/\/x.com\/https:\/\/twitter.com\/RLeinewelle?ref_src=twsrcgoogletwcampserptwgrauthor","https:\/\/soundcloud.com\/foerderverein-lokalradio?utm_source=clipboard&utm_medium=text&utm_campaign=social_sharing"],"url":"https:\/\/radioleinewelle.de\/index.php\/author\/leinewelle\/"}]}},"_links":{"self":[{"href":"https:\/\/radioleinewelle.de\/index.php\/wp-json\/wp\/v2\/posts\/22321","targetHints":{"allow":["GET"]}}],"collection":[{"href":"https:\/\/radioleinewelle.de\/index.php\/wp-json\/wp\/v2\/posts"}],"about":[{"href":"https:\/\/radioleinewelle.de\/index.php\/wp-json\/wp\/v2\/types\/post"}],"author":[{"embeddable":true,"href":"https:\/\/radioleinewelle.de\/index.php\/wp-json\/wp\/v2\/users\/1"}],"replies":[{"embeddable":true,"href":"https:\/\/radioleinewelle.de\/index.php\/wp-json\/wp\/v2\/comments?post=22321"}],"version-history":[{"count":1,"href":"https:\/\/radioleinewelle.de\/index.php\/wp-json\/wp\/v2\/posts\/22321\/revisions"}],"predecessor-version":[{"id":22323,"href":"https:\/\/radioleinewelle.de\/index.php\/wp-json\/wp\/v2\/posts\/22321\/revisions\/22323"}],"wp:featuredmedia":[{"embeddable":true,"href":"https:\/\/radioleinewelle.de\/index.php\/wp-json\/wp\/v2\/media\/22322"}],"wp:attachment":[{"href":"https:\/\/radioleinewelle.de\/index.php\/wp-json\/wp\/v2\/media?parent=22321"}],"wp:term":[{"taxonomy":"category","embeddable":true,"href":"https:\/\/radioleinewelle.de\/index.php\/wp-json\/wp\/v2\/categories?post=22321"},{"taxonomy":"post_tag","embeddable":true,"href":"https:\/\/radioleinewelle.de\/index.php\/wp-json\/wp\/v2\/tags?post=22321"}],"curies":[{"name":"wp","href":"https:\/\/api.w.org\/{rel}","templated":true}]}}