{"id":2233,"date":"2020-10-11T05:38:02","date_gmt":"2020-10-11T03:38:02","guid":{"rendered":"https:\/\/radioleinewelle.de\/?p=2233"},"modified":"2020-10-11T05:38:02","modified_gmt":"2020-10-11T03:38:02","slug":"internationaler-maedchentag-covid-19-verschlechtert-chancen-fuer-fluechtlingsmaedchen","status":"publish","type":"post","link":"https:\/\/radioleinewelle.de\/index.php\/2020\/10\/11\/internationaler-maedchentag-covid-19-verschlechtert-chancen-fuer-fluechtlingsmaedchen\/","title":{"rendered":"Internationaler M\u00e4dchentag: Covid-19 verschlechtert Chancen f\u00fcr Fl\u00fcchtlingsm\u00e4dchen"},"content":{"rendered":"<p>Anl\u00e4sslich des heutigen Internationalen M\u00e4dchentages (11. Okt.) weist die UNO-Fl\u00fcchtlingshilfe auf die Diskriminierungen und Menschenrechtsverletzungen hin, denen gefl\u00fcchtete M\u00e4dchen in vielen L\u00e4ndern ausgesetzt sind: darunter Gewalt, Ausbeutung, Menschenhandel, Zwangsprostitution und -heirat.\u00a0Auch beim Zugang zum Schulunterricht und zur beruflichen Bildung sind M\u00e4dchen massiv benachteiligt. Derzeit k\u00f6nnen die H\u00e4lfte der Fl\u00fcchtlingskinder weltweit nicht in die Schule gehen. Dabei ist vor allem die Lage f\u00fcr die Fl\u00fcchtlingsm\u00e4dchen besorgniserregend, die durch die Corona-Pandemie weiter versch\u00e4rft wird. Bereits jetzt haben sie deutlich weniger Zugang zu Bildung als Jungen.<\/p>\n<p>Bei der weiterf\u00fchrenden Bildung wird diese Diskrepanz noch deutlicher: Die Wahrscheinlichkeit, dass Fl\u00fcchtlingsm\u00e4dchen die Sekundarstufe besuchen, ist nur noch halb so hoch. Aufgrund der von COVID-19 erfolgten Schulschlie\u00dfungen besteht besonders in den L\u00e4ndern, wo die Beteiligung von Fl\u00fcchtlingsm\u00e4dchen in der Sekundarstufe bereits unter zehn Prozent lag, die Gefahr, dass sie die Schule f\u00fcr immer abbrechen.\u00a0&#8222;Diesen gef\u00e4hrlichen Entwicklungen m\u00fcssen wir entgegenwirken. Fl\u00fcchtlingsm\u00e4dchen haben ein Recht auf ein selbstbestimmtes Leben. M\u00e4dchen und Frauen haben eine Schl\u00fcsselrolle f\u00fcr eine funktionierende Gemeinschaft, f\u00fcr die Gleichberechtigung und Bildung unerl\u00e4ssliche Voraussetzungen sind. Doch die M\u00f6glichkeiten hierf\u00fcr werden ihnen h\u00e4ufig verwehrt&#8220;, kommentiert Peter Ruhenstroth-Bauer, Gesch\u00e4ftsf\u00fchrer der UNO-Fl\u00fcchtlingshilfe, dem nationalen Partner des UN-Fl\u00fcchtlingshilfswerks (UNHCR).<\/p>\n<p>Durch Corona droht vieles in der Fl\u00fcchtlingshilfe Erreichte wieder zur\u00fcckgeworfen zu werden. Das gilt sowohl f\u00fcr die Bildung insbesondere von Fl\u00fcchtlingsm\u00e4dchen als auch f\u00fcr soziale Dienste, Schutz und Sicherheit. Die sich durch den Virus ver\u00e4ndernden Gesellschaften, die eingeschr\u00e4nkte Mobilit\u00e4t und Quarant\u00e4ne-Ma\u00dfnahmen gef\u00e4hrden den Zugang f\u00fcr vertriebene M\u00e4dchen und Frauen zu medizinischer und psychosozialer Hilfe. Auch sichere Unterk\u00fcnfte, die vor Gewalt und \u00dcbergriffen sch\u00fctzen, k\u00f6nnen von ihnen nicht mehr erreicht werden.<\/p>\n<p>Weitere Informationen auf der Website:<\/p>\n<p><a class=\"uri-ext outbound event-trigger\" href=\"http:\/\/www.uno-fluechtlingshilfe.de\/\" target=\"_blank\" data-category=\"story-outlink\" data-label=\"4729406\" data-action=\"click\" data-callback=\"link\" rel=\"noopener\">www.uno-fluechtlingshilfe.de<\/a><\/p>\n<p>Foto: \u00a9Uno Fl\u00fcchtlingshilfe<\/p>\n<p>&nbsp;<\/p>\n","protected":false},"excerpt":{"rendered":"<p>Anl\u00e4sslich des heutigen Internationalen M\u00e4dchentages (11. Okt.) weist die UNO-Fl\u00fcchtlingshilfe auf die Diskriminierungen und Menschenrechtsverletzungen hin, denen gefl\u00fcchtete M\u00e4dchen in vielen L\u00e4ndern ausgesetzt sind: darunter Gewalt, Ausbeutung, Menschenhandel, Zwangsprostitution und -heirat.\u00a0Auch beim Zugang zum Schulunterricht und zur beruflichen Bildung sind M\u00e4dchen massiv benachteiligt. Derzeit k\u00f6nnen die H\u00e4lfte der Fl\u00fcchtlingskinder weltweit nicht in die Schule gehen. [&hellip;]<\/p>\n","protected":false},"author":1,"featured_media":2252,"comment_status":"closed","ping_status":"closed","sticky":false,"template":"","format":"standard","meta":{"saved_in_kubio":false,"footnotes":""},"categories":[1],"tags":[],"class_list":["post-2233","post","type-post","status-publish","format-standard","has-post-thumbnail","hentry","category-allgemein"],"yoast_head":"<!-- This site is optimized with the Yoast SEO plugin v27.5 - https:\/\/yoast.com\/product\/yoast-seo-wordpress\/ -->\n<title>Internationaler M\u00e4dchentag: Covid-19 verschlechtert Chancen f\u00fcr Fl\u00fcchtlingsm\u00e4dchen - Radio Leinewelle<\/title>\n<meta name=\"robots\" content=\"index, follow, max-snippet:-1, max-image-preview:large, max-video-preview:-1\" \/>\n<link rel=\"canonical\" href=\"https:\/\/radioleinewelle.de\/index.php\/2020\/10\/11\/internationaler-maedchentag-covid-19-verschlechtert-chancen-fuer-fluechtlingsmaedchen\/\" \/>\n<meta property=\"og:locale\" content=\"de_DE\" \/>\n<meta property=\"og:type\" content=\"article\" \/>\n<meta property=\"og:title\" content=\"Internationaler M\u00e4dchentag: Covid-19 verschlechtert Chancen f\u00fcr Fl\u00fcchtlingsm\u00e4dchen - Radio Leinewelle\" \/>\n<meta property=\"og:description\" content=\"Anl\u00e4sslich des heutigen Internationalen M\u00e4dchentages (11. Okt.) weist die UNO-Fl\u00fcchtlingshilfe auf die Diskriminierungen und Menschenrechtsverletzungen hin, denen gefl\u00fcchtete M\u00e4dchen in vielen L\u00e4ndern ausgesetzt sind: darunter Gewalt, Ausbeutung, Menschenhandel, Zwangsprostitution und -heirat.\u00a0Auch beim Zugang zum Schulunterricht und zur beruflichen Bildung sind M\u00e4dchen massiv benachteiligt. Derzeit k\u00f6nnen die H\u00e4lfte der Fl\u00fcchtlingskinder weltweit nicht in die Schule gehen. [&hellip;]\" \/>\n<meta property=\"og:url\" content=\"https:\/\/radioleinewelle.de\/index.php\/2020\/10\/11\/internationaler-maedchentag-covid-19-verschlechtert-chancen-fuer-fluechtlingsmaedchen\/\" \/>\n<meta property=\"og:site_name\" content=\"Radio Leinewelle\" \/>\n<meta property=\"article:publisher\" content=\"https:\/\/www.facebook.com\/radioleinewelle\" \/>\n<meta property=\"article:author\" content=\"https:\/\/www.facebook.com\/radioleinewelle\" \/>\n<meta property=\"article:published_time\" content=\"2020-10-11T03:38:02+00:00\" \/>\n<meta property=\"og:image\" content=\"https:\/\/radioleinewelle.de\/wp-content\/uploads\/2020\/10\/Internationaler-Maedchentag.jpg\" \/>\n\t<meta property=\"og:image:width\" content=\"800\" \/>\n\t<meta property=\"og:image:height\" content=\"468\" \/>\n\t<meta property=\"og:image:type\" content=\"image\/jpeg\" \/>\n<meta name=\"author\" content=\"Leinewelle\" \/>\n<meta name=\"twitter:card\" content=\"summary_large_image\" \/>\n<meta name=\"twitter:creator\" content=\"@https:\/\/twitter.com\/RLeinewelle?ref_src=twsrcgoogletwcampserptwgrauthor\" \/>\n<meta name=\"twitter:site\" content=\"@RLeinewelle\" \/>\n<meta name=\"twitter:label1\" content=\"Verfasst von\" \/>\n\t<meta name=\"twitter:data1\" content=\"Leinewelle\" \/>\n\t<meta name=\"twitter:label2\" content=\"Gesch\u00e4tzte Lesezeit\" \/>\n\t<meta name=\"twitter:data2\" content=\"2\u00a0Minuten\" \/>\n<script type=\"application\/ld+json\" class=\"yoast-schema-graph\">{\"@context\":\"https:\\\/\\\/schema.org\",\"@graph\":[{\"@type\":\"Article\",\"@id\":\"https:\\\/\\\/radioleinewelle.de\\\/index.php\\\/2020\\\/10\\\/11\\\/internationaler-maedchentag-covid-19-verschlechtert-chancen-fuer-fluechtlingsmaedchen\\\/#article\",\"isPartOf\":{\"@id\":\"https:\\\/\\\/radioleinewelle.de\\\/index.php\\\/2020\\\/10\\\/11\\\/internationaler-maedchentag-covid-19-verschlechtert-chancen-fuer-fluechtlingsmaedchen\\\/\"},\"author\":{\"name\":\"Leinewelle\",\"@id\":\"https:\\\/\\\/radioleinewelle.de\\\/#\\\/schema\\\/person\\\/45606f348637df637192dc1b68399a63\"},\"headline\":\"Internationaler M\u00e4dchentag: Covid-19 verschlechtert Chancen f\u00fcr Fl\u00fcchtlingsm\u00e4dchen\",\"datePublished\":\"2020-10-11T03:38:02+00:00\",\"mainEntityOfPage\":{\"@id\":\"https:\\\/\\\/radioleinewelle.de\\\/index.php\\\/2020\\\/10\\\/11\\\/internationaler-maedchentag-covid-19-verschlechtert-chancen-fuer-fluechtlingsmaedchen\\\/\"},\"wordCount\":339,\"publisher\":{\"@id\":\"https:\\\/\\\/radioleinewelle.de\\\/#organization\"},\"image\":{\"@id\":\"https:\\\/\\\/radioleinewelle.de\\\/index.php\\\/2020\\\/10\\\/11\\\/internationaler-maedchentag-covid-19-verschlechtert-chancen-fuer-fluechtlingsmaedchen\\\/#primaryimage\"},\"thumbnailUrl\":\"https:\\\/\\\/radioleinewelle.de\\\/wp-content\\\/uploads\\\/2020\\\/10\\\/Internationaler-Maedchentag.jpg\",\"inLanguage\":\"de\"},{\"@type\":\"WebPage\",\"@id\":\"https:\\\/\\\/radioleinewelle.de\\\/index.php\\\/2020\\\/10\\\/11\\\/internationaler-maedchentag-covid-19-verschlechtert-chancen-fuer-fluechtlingsmaedchen\\\/\",\"url\":\"https:\\\/\\\/radioleinewelle.de\\\/index.php\\\/2020\\\/10\\\/11\\\/internationaler-maedchentag-covid-19-verschlechtert-chancen-fuer-fluechtlingsmaedchen\\\/\",\"name\":\"Internationaler M\u00e4dchentag: Covid-19 verschlechtert Chancen f\u00fcr Fl\u00fcchtlingsm\u00e4dchen - Radio Leinewelle\",\"isPartOf\":{\"@id\":\"https:\\\/\\\/radioleinewelle.de\\\/#website\"},\"primaryImageOfPage\":{\"@id\":\"https:\\\/\\\/radioleinewelle.de\\\/index.php\\\/2020\\\/10\\\/11\\\/internationaler-maedchentag-covid-19-verschlechtert-chancen-fuer-fluechtlingsmaedchen\\\/#primaryimage\"},\"image\":{\"@id\":\"https:\\\/\\\/radioleinewelle.de\\\/index.php\\\/2020\\\/10\\\/11\\\/internationaler-maedchentag-covid-19-verschlechtert-chancen-fuer-fluechtlingsmaedchen\\\/#primaryimage\"},\"thumbnailUrl\":\"https:\\\/\\\/radioleinewelle.de\\\/wp-content\\\/uploads\\\/2020\\\/10\\\/Internationaler-Maedchentag.jpg\",\"datePublished\":\"2020-10-11T03:38:02+00:00\",\"breadcrumb\":{\"@id\":\"https:\\\/\\\/radioleinewelle.de\\\/index.php\\\/2020\\\/10\\\/11\\\/internationaler-maedchentag-covid-19-verschlechtert-chancen-fuer-fluechtlingsmaedchen\\\/#breadcrumb\"},\"inLanguage\":\"de\",\"potentialAction\":[{\"@type\":\"ReadAction\",\"target\":[\"https:\\\/\\\/radioleinewelle.de\\\/index.php\\\/2020\\\/10\\\/11\\\/internationaler-maedchentag-covid-19-verschlechtert-chancen-fuer-fluechtlingsmaedchen\\\/\"]}]},{\"@type\":\"ImageObject\",\"inLanguage\":\"de\",\"@id\":\"https:\\\/\\\/radioleinewelle.de\\\/index.php\\\/2020\\\/10\\\/11\\\/internationaler-maedchentag-covid-19-verschlechtert-chancen-fuer-fluechtlingsmaedchen\\\/#primaryimage\",\"url\":\"https:\\\/\\\/radioleinewelle.de\\\/wp-content\\\/uploads\\\/2020\\\/10\\\/Internationaler-Maedchentag.jpg\",\"contentUrl\":\"https:\\\/\\\/radioleinewelle.de\\\/wp-content\\\/uploads\\\/2020\\\/10\\\/Internationaler-Maedchentag.jpg\",\"width\":800,\"height\":468},{\"@type\":\"BreadcrumbList\",\"@id\":\"https:\\\/\\\/radioleinewelle.de\\\/index.php\\\/2020\\\/10\\\/11\\\/internationaler-maedchentag-covid-19-verschlechtert-chancen-fuer-fluechtlingsmaedchen\\\/#breadcrumb\",\"itemListElement\":[{\"@type\":\"ListItem\",\"position\":1,\"name\":\"Startseite\",\"item\":\"https:\\\/\\\/radioleinewelle.de\\\/\"},{\"@type\":\"ListItem\",\"position\":2,\"name\":\"Internationaler M\u00e4dchentag: Covid-19 verschlechtert Chancen f\u00fcr Fl\u00fcchtlingsm\u00e4dchen\"}]},{\"@type\":\"WebSite\",\"@id\":\"https:\\\/\\\/radioleinewelle.de\\\/#website\",\"url\":\"https:\\\/\\\/radioleinewelle.de\\\/\",\"name\":\"Radio Leinewelle\",\"description\":\"\",\"publisher\":{\"@id\":\"https:\\\/\\\/radioleinewelle.de\\\/#organization\"},\"potentialAction\":[{\"@type\":\"SearchAction\",\"target\":{\"@type\":\"EntryPoint\",\"urlTemplate\":\"https:\\\/\\\/radioleinewelle.de\\\/?s={search_term_string}\"},\"query-input\":{\"@type\":\"PropertyValueSpecification\",\"valueRequired\":true,\"valueName\":\"search_term_string\"}}],\"inLanguage\":\"de\"},{\"@type\":\"Organization\",\"@id\":\"https:\\\/\\\/radioleinewelle.de\\\/#organization\",\"name\":\"Radio Leinewelle\",\"alternateName\":\"Mein Radio f\u00fcr S\u00fcdniedersachsen\",\"url\":\"https:\\\/\\\/radioleinewelle.de\\\/\",\"logo\":{\"@type\":\"ImageObject\",\"inLanguage\":\"de\",\"@id\":\"https:\\\/\\\/radioleinewelle.de\\\/#\\\/schema\\\/logo\\\/image\\\/\",\"url\":\"https:\\\/\\\/radioleinewelle.de\\\/wp-content\\\/uploads\\\/2023\\\/11\\\/cropped-Leinewelle_Logo_weiss.png\",\"contentUrl\":\"https:\\\/\\\/radioleinewelle.de\\\/wp-content\\\/uploads\\\/2023\\\/11\\\/cropped-Leinewelle_Logo_weiss.png\",\"width\":854,\"height\":260,\"caption\":\"Radio Leinewelle\"},\"image\":{\"@id\":\"https:\\\/\\\/radioleinewelle.de\\\/#\\\/schema\\\/logo\\\/image\\\/\"},\"sameAs\":[\"https:\\\/\\\/www.facebook.com\\\/radioleinewelle\",\"https:\\\/\\\/x.com\\\/RLeinewelle\",\"https:\\\/\\\/www.instagram.com\\\/radioleinewelle\\\/?hl=de\"]},{\"@type\":\"Person\",\"@id\":\"https:\\\/\\\/radioleinewelle.de\\\/#\\\/schema\\\/person\\\/45606f348637df637192dc1b68399a63\",\"name\":\"Leinewelle\",\"image\":{\"@type\":\"ImageObject\",\"inLanguage\":\"de\",\"@id\":\"https:\\\/\\\/secure.gravatar.com\\\/avatar\\\/05c9a17bc973052ee5d91549bd32fb4dd0dc85b7b85ae94b2e2b4943476bbea5?s=96&d=blank&r=g\",\"url\":\"https:\\\/\\\/secure.gravatar.com\\\/avatar\\\/05c9a17bc973052ee5d91549bd32fb4dd0dc85b7b85ae94b2e2b4943476bbea5?s=96&d=blank&r=g\",\"contentUrl\":\"https:\\\/\\\/secure.gravatar.com\\\/avatar\\\/05c9a17bc973052ee5d91549bd32fb4dd0dc85b7b85ae94b2e2b4943476bbea5?s=96&d=blank&r=g\",\"caption\":\"Leinewelle\"},\"sameAs\":[\"http:\\\/\\\/localhost\\\/radio%20leinewelle\\\/wordpress\",\"https:\\\/\\\/www.facebook.com\\\/radioleinewelle\",\"https:\\\/\\\/www.instagram.com\\\/radioleinewelle\",\"https:\\\/\\\/x.com\\\/https:\\\/\\\/twitter.com\\\/RLeinewelle?ref_src=twsrcgoogletwcampserptwgrauthor\",\"https:\\\/\\\/soundcloud.com\\\/foerderverein-lokalradio?utm_source=clipboard&utm_medium=text&utm_campaign=social_sharing\"],\"url\":\"https:\\\/\\\/radioleinewelle.de\\\/index.php\\\/author\\\/leinewelle\\\/\"}]}<\/script>\n<!-- \/ Yoast SEO plugin. -->","yoast_head_json":{"title":"Internationaler M\u00e4dchentag: Covid-19 verschlechtert Chancen f\u00fcr Fl\u00fcchtlingsm\u00e4dchen - Radio Leinewelle","robots":{"index":"index","follow":"follow","max-snippet":"max-snippet:-1","max-image-preview":"max-image-preview:large","max-video-preview":"max-video-preview:-1"},"canonical":"https:\/\/radioleinewelle.de\/index.php\/2020\/10\/11\/internationaler-maedchentag-covid-19-verschlechtert-chancen-fuer-fluechtlingsmaedchen\/","og_locale":"de_DE","og_type":"article","og_title":"Internationaler M\u00e4dchentag: Covid-19 verschlechtert Chancen f\u00fcr Fl\u00fcchtlingsm\u00e4dchen - Radio Leinewelle","og_description":"Anl\u00e4sslich des heutigen Internationalen M\u00e4dchentages (11. Okt.) weist die UNO-Fl\u00fcchtlingshilfe auf die Diskriminierungen und Menschenrechtsverletzungen hin, denen gefl\u00fcchtete M\u00e4dchen in vielen L\u00e4ndern ausgesetzt sind: darunter Gewalt, Ausbeutung, Menschenhandel, Zwangsprostitution und -heirat.\u00a0Auch beim Zugang zum Schulunterricht und zur beruflichen Bildung sind M\u00e4dchen massiv benachteiligt. Derzeit k\u00f6nnen die H\u00e4lfte der Fl\u00fcchtlingskinder weltweit nicht in die Schule gehen. [&hellip;]","og_url":"https:\/\/radioleinewelle.de\/index.php\/2020\/10\/11\/internationaler-maedchentag-covid-19-verschlechtert-chancen-fuer-fluechtlingsmaedchen\/","og_site_name":"Radio Leinewelle","article_publisher":"https:\/\/www.facebook.com\/radioleinewelle","article_author":"https:\/\/www.facebook.com\/radioleinewelle","article_published_time":"2020-10-11T03:38:02+00:00","og_image":[{"width":800,"height":468,"url":"https:\/\/radioleinewelle.de\/wp-content\/uploads\/2020\/10\/Internationaler-Maedchentag.jpg","type":"image\/jpeg"}],"author":"Leinewelle","twitter_card":"summary_large_image","twitter_creator":"@https:\/\/twitter.com\/RLeinewelle?ref_src=twsrcgoogletwcampserptwgrauthor","twitter_site":"@RLeinewelle","twitter_misc":{"Verfasst von":"Leinewelle","Gesch\u00e4tzte Lesezeit":"2\u00a0Minuten"},"schema":{"@context":"https:\/\/schema.org","@graph":[{"@type":"Article","@id":"https:\/\/radioleinewelle.de\/index.php\/2020\/10\/11\/internationaler-maedchentag-covid-19-verschlechtert-chancen-fuer-fluechtlingsmaedchen\/#article","isPartOf":{"@id":"https:\/\/radioleinewelle.de\/index.php\/2020\/10\/11\/internationaler-maedchentag-covid-19-verschlechtert-chancen-fuer-fluechtlingsmaedchen\/"},"author":{"name":"Leinewelle","@id":"https:\/\/radioleinewelle.de\/#\/schema\/person\/45606f348637df637192dc1b68399a63"},"headline":"Internationaler M\u00e4dchentag: Covid-19 verschlechtert Chancen f\u00fcr Fl\u00fcchtlingsm\u00e4dchen","datePublished":"2020-10-11T03:38:02+00:00","mainEntityOfPage":{"@id":"https:\/\/radioleinewelle.de\/index.php\/2020\/10\/11\/internationaler-maedchentag-covid-19-verschlechtert-chancen-fuer-fluechtlingsmaedchen\/"},"wordCount":339,"publisher":{"@id":"https:\/\/radioleinewelle.de\/#organization"},"image":{"@id":"https:\/\/radioleinewelle.de\/index.php\/2020\/10\/11\/internationaler-maedchentag-covid-19-verschlechtert-chancen-fuer-fluechtlingsmaedchen\/#primaryimage"},"thumbnailUrl":"https:\/\/radioleinewelle.de\/wp-content\/uploads\/2020\/10\/Internationaler-Maedchentag.jpg","inLanguage":"de"},{"@type":"WebPage","@id":"https:\/\/radioleinewelle.de\/index.php\/2020\/10\/11\/internationaler-maedchentag-covid-19-verschlechtert-chancen-fuer-fluechtlingsmaedchen\/","url":"https:\/\/radioleinewelle.de\/index.php\/2020\/10\/11\/internationaler-maedchentag-covid-19-verschlechtert-chancen-fuer-fluechtlingsmaedchen\/","name":"Internationaler M\u00e4dchentag: Covid-19 verschlechtert Chancen f\u00fcr Fl\u00fcchtlingsm\u00e4dchen - Radio Leinewelle","isPartOf":{"@id":"https:\/\/radioleinewelle.de\/#website"},"primaryImageOfPage":{"@id":"https:\/\/radioleinewelle.de\/index.php\/2020\/10\/11\/internationaler-maedchentag-covid-19-verschlechtert-chancen-fuer-fluechtlingsmaedchen\/#primaryimage"},"image":{"@id":"https:\/\/radioleinewelle.de\/index.php\/2020\/10\/11\/internationaler-maedchentag-covid-19-verschlechtert-chancen-fuer-fluechtlingsmaedchen\/#primaryimage"},"thumbnailUrl":"https:\/\/radioleinewelle.de\/wp-content\/uploads\/2020\/10\/Internationaler-Maedchentag.jpg","datePublished":"2020-10-11T03:38:02+00:00","breadcrumb":{"@id":"https:\/\/radioleinewelle.de\/index.php\/2020\/10\/11\/internationaler-maedchentag-covid-19-verschlechtert-chancen-fuer-fluechtlingsmaedchen\/#breadcrumb"},"inLanguage":"de","potentialAction":[{"@type":"ReadAction","target":["https:\/\/radioleinewelle.de\/index.php\/2020\/10\/11\/internationaler-maedchentag-covid-19-verschlechtert-chancen-fuer-fluechtlingsmaedchen\/"]}]},{"@type":"ImageObject","inLanguage":"de","@id":"https:\/\/radioleinewelle.de\/index.php\/2020\/10\/11\/internationaler-maedchentag-covid-19-verschlechtert-chancen-fuer-fluechtlingsmaedchen\/#primaryimage","url":"https:\/\/radioleinewelle.de\/wp-content\/uploads\/2020\/10\/Internationaler-Maedchentag.jpg","contentUrl":"https:\/\/radioleinewelle.de\/wp-content\/uploads\/2020\/10\/Internationaler-Maedchentag.jpg","width":800,"height":468},{"@type":"BreadcrumbList","@id":"https:\/\/radioleinewelle.de\/index.php\/2020\/10\/11\/internationaler-maedchentag-covid-19-verschlechtert-chancen-fuer-fluechtlingsmaedchen\/#breadcrumb","itemListElement":[{"@type":"ListItem","position":1,"name":"Startseite","item":"https:\/\/radioleinewelle.de\/"},{"@type":"ListItem","position":2,"name":"Internationaler M\u00e4dchentag: Covid-19 verschlechtert Chancen f\u00fcr Fl\u00fcchtlingsm\u00e4dchen"}]},{"@type":"WebSite","@id":"https:\/\/radioleinewelle.de\/#website","url":"https:\/\/radioleinewelle.de\/","name":"Radio Leinewelle","description":"","publisher":{"@id":"https:\/\/radioleinewelle.de\/#organization"},"potentialAction":[{"@type":"SearchAction","target":{"@type":"EntryPoint","urlTemplate":"https:\/\/radioleinewelle.de\/?s={search_term_string}"},"query-input":{"@type":"PropertyValueSpecification","valueRequired":true,"valueName":"search_term_string"}}],"inLanguage":"de"},{"@type":"Organization","@id":"https:\/\/radioleinewelle.de\/#organization","name":"Radio Leinewelle","alternateName":"Mein Radio f\u00fcr S\u00fcdniedersachsen","url":"https:\/\/radioleinewelle.de\/","logo":{"@type":"ImageObject","inLanguage":"de","@id":"https:\/\/radioleinewelle.de\/#\/schema\/logo\/image\/","url":"https:\/\/radioleinewelle.de\/wp-content\/uploads\/2023\/11\/cropped-Leinewelle_Logo_weiss.png","contentUrl":"https:\/\/radioleinewelle.de\/wp-content\/uploads\/2023\/11\/cropped-Leinewelle_Logo_weiss.png","width":854,"height":260,"caption":"Radio Leinewelle"},"image":{"@id":"https:\/\/radioleinewelle.de\/#\/schema\/logo\/image\/"},"sameAs":["https:\/\/www.facebook.com\/radioleinewelle","https:\/\/x.com\/RLeinewelle","https:\/\/www.instagram.com\/radioleinewelle\/?hl=de"]},{"@type":"Person","@id":"https:\/\/radioleinewelle.de\/#\/schema\/person\/45606f348637df637192dc1b68399a63","name":"Leinewelle","image":{"@type":"ImageObject","inLanguage":"de","@id":"https:\/\/secure.gravatar.com\/avatar\/05c9a17bc973052ee5d91549bd32fb4dd0dc85b7b85ae94b2e2b4943476bbea5?s=96&d=blank&r=g","url":"https:\/\/secure.gravatar.com\/avatar\/05c9a17bc973052ee5d91549bd32fb4dd0dc85b7b85ae94b2e2b4943476bbea5?s=96&d=blank&r=g","contentUrl":"https:\/\/secure.gravatar.com\/avatar\/05c9a17bc973052ee5d91549bd32fb4dd0dc85b7b85ae94b2e2b4943476bbea5?s=96&d=blank&r=g","caption":"Leinewelle"},"sameAs":["http:\/\/localhost\/radio%20leinewelle\/wordpress","https:\/\/www.facebook.com\/radioleinewelle","https:\/\/www.instagram.com\/radioleinewelle","https:\/\/x.com\/https:\/\/twitter.com\/RLeinewelle?ref_src=twsrcgoogletwcampserptwgrauthor","https:\/\/soundcloud.com\/foerderverein-lokalradio?utm_source=clipboard&utm_medium=text&utm_campaign=social_sharing"],"url":"https:\/\/radioleinewelle.de\/index.php\/author\/leinewelle\/"}]}},"_links":{"self":[{"href":"https:\/\/radioleinewelle.de\/index.php\/wp-json\/wp\/v2\/posts\/2233","targetHints":{"allow":["GET"]}}],"collection":[{"href":"https:\/\/radioleinewelle.de\/index.php\/wp-json\/wp\/v2\/posts"}],"about":[{"href":"https:\/\/radioleinewelle.de\/index.php\/wp-json\/wp\/v2\/types\/post"}],"author":[{"embeddable":true,"href":"https:\/\/radioleinewelle.de\/index.php\/wp-json\/wp\/v2\/users\/1"}],"replies":[{"embeddable":true,"href":"https:\/\/radioleinewelle.de\/index.php\/wp-json\/wp\/v2\/comments?post=2233"}],"version-history":[{"count":0,"href":"https:\/\/radioleinewelle.de\/index.php\/wp-json\/wp\/v2\/posts\/2233\/revisions"}],"wp:featuredmedia":[{"embeddable":true,"href":"https:\/\/radioleinewelle.de\/index.php\/wp-json\/wp\/v2\/media\/2252"}],"wp:attachment":[{"href":"https:\/\/radioleinewelle.de\/index.php\/wp-json\/wp\/v2\/media?parent=2233"}],"wp:term":[{"taxonomy":"category","embeddable":true,"href":"https:\/\/radioleinewelle.de\/index.php\/wp-json\/wp\/v2\/categories?post=2233"},{"taxonomy":"post_tag","embeddable":true,"href":"https:\/\/radioleinewelle.de\/index.php\/wp-json\/wp\/v2\/tags?post=2233"}],"curies":[{"name":"wp","href":"https:\/\/api.w.org\/{rel}","templated":true}]}}