{"id":22335,"date":"2023-03-29T11:16:08","date_gmt":"2023-03-29T09:16:08","guid":{"rendered":"https:\/\/radioleinewelle.de\/?p=22335"},"modified":"2023-03-29T11:16:11","modified_gmt":"2023-03-29T09:16:11","slug":"buendnis-gegen-rechts-informiert-ueber-kundgebung-des-querdenker-spektrums-am-01-april-in-goettingen","status":"publish","type":"post","link":"https:\/\/radioleinewelle.de\/index.php\/2023\/03\/29\/buendnis-gegen-rechts-informiert-ueber-kundgebung-des-querdenker-spektrums-am-01-april-in-goettingen\/","title":{"rendered":"B\u00fcndnis gegen Rechts informiert \u00fcber Kundgebung des Querdenker Spektrums am 01. April in G\u00f6ttingen"},"content":{"rendered":"\n<p>Trotz Datum kein Aprilscherz. Das G\u00f6ttinger B\u00fcndnis gegen Rechts informiert unter&nbsp;<a href=\"http:\/\/www.fruehlinggegenrechts.de\/\">www.fruehlinggegenrechts.de<\/a>&nbsp;zu den ideologischen Hintergr\u00fcnden und Akteuren einer bundesweit angek\u00fcndigten Kundgebung des Querdenken-Spektrums in G\u00f6ttingen am 1.April.<\/p>\n\n\n\n<p>Das breite Aktionsb\u00fcndnis aus antifaschistischen Gruppen, Gewerkschaften, Parteien und Glaubensgemeinschaften sieht eine gezielte Unterwanderung friedens- und sozialpolitischer Themen von Rechts.&nbsp;<\/p>\n\n\n\n<p><strong>Daher ruft das B\u00fcndnis zum Protest gegen diese mit einer Kundgebung ab 12:00 Uhr am Bahnhofsvorplatz G\u00f6ttingen auf, sowie mit weiteren Kundgebungen in der Stadt.<\/strong><\/p>\n\n\n\n<blockquote class=\"wp-block-quote is-layout-flow wp-block-quote-is-layout-flow\">\n<p>\u201eWir stehen solidarisch und antifaschistisch gegen jeden Versuch, friedens- und sozialpolitische Standpunkte anschlussf\u00e4hig nach rechts zu machen. Derzeit wird der Krieg in der Ukraine von Querdenkern als Blaupause genommen, um sich unverd\u00e4chtig zu machen und an Zulauf zu gewinnen. Die Akteure sind weder inhaltlich noch in ihrem Handeln harmlos. Doch G\u00f6ttingen und unsere Region werden ihnen nicht auf den Leim gehen. Wir entlarven sie und stellen uns ihnen entgegen! Ein Fr\u00fchling gegen Rechts!\u201c<\/p>\n<cite>Agnieszka Zimowska, DGB Kreisverbandsvorsitzende<\/cite><\/blockquote>\n\n\n\n<p>Das B\u00fcndnis hat eine Infokampagne erarbeitet, die pr\u00e4zise aufdeckt, welche verschw\u00f6rungsideologischen und aus der extremen Rechte entlehnte Slogans bedient werden.Gemeinsam werde man am 1.April mit Musikprogramm und Beitr\u00e4gen den Querdenkern den \u201eWeichsp\u00fcler-Touch\u201c entziehen. Alle sind aufgerufen mit den Kundgebungsplakaten \u201eFruelinggegenrechts\u201c Solidarit\u00e4t zu zeigen.\u00a0Diese stehen auf der gleichnamigen Homepage zum Download bereit und k\u00f6nnen zu Kundgebung des B\u00fcndnisses gegen Rechts mitgebracht oder auch ins heimische Fenster geh\u00e4ngt werden.<\/p>\n\n\n\n<p>Den Aufruf des B\u00fcndnis finden Sie unter\u00a0<a href=\"http:\/\/www.fruehlinggegenrechts.de\/\">www.fruehlinggegenrechts.de<\/a><\/p>\n\n\n\n<p><strong>Foto:<\/strong> Kundgebungsplatz Bahnhof G\u00f6ttingen \u00a9Radio Leinewelle (ue)<\/p>\n","protected":false},"excerpt":{"rendered":"<p>Trotz Datum kein Aprilscherz. Das G\u00f6ttinger B\u00fcndnis gegen Rechts informiert unter&nbsp;www.fruehlinggegenrechts.de&nbsp;zu den ideologischen Hintergr\u00fcnden und Akteuren einer bundesweit angek\u00fcndigten Kundgebung des Querdenken-Spektrums in G\u00f6ttingen am 1.April. Das breite Aktionsb\u00fcndnis aus antifaschistischen Gruppen, Gewerkschaften, Parteien und Glaubensgemeinschaften sieht eine gezielte Unterwanderung friedens- und sozialpolitischer Themen von Rechts.&nbsp; Daher ruft das B\u00fcndnis zum Protest gegen diese mit [&hellip;]<\/p>\n","protected":false},"author":1,"featured_media":22336,"comment_status":"open","ping_status":"open","sticky":true,"template":"","format":"standard","meta":{"saved_in_kubio":false,"footnotes":""},"categories":[24],"tags":[],"class_list":["post-22335","post","type-post","status-publish","format-standard","has-post-thumbnail","hentry","category-news"],"yoast_head":"<!-- This site is optimized with the Yoast SEO plugin v27.5 - https:\/\/yoast.com\/product\/yoast-seo-wordpress\/ -->\n<title>B\u00fcndnis gegen Rechts informiert \u00fcber Kundgebung des Querdenker Spektrums am 01. April in G\u00f6ttingen - Radio Leinewelle<\/title>\n<meta name=\"robots\" content=\"index, follow, max-snippet:-1, max-image-preview:large, max-video-preview:-1\" \/>\n<link rel=\"canonical\" href=\"https:\/\/radioleinewelle.de\/index.php\/2023\/03\/29\/buendnis-gegen-rechts-informiert-ueber-kundgebung-des-querdenker-spektrums-am-01-april-in-goettingen\/\" \/>\n<meta property=\"og:locale\" content=\"de_DE\" \/>\n<meta property=\"og:type\" content=\"article\" \/>\n<meta property=\"og:title\" content=\"B\u00fcndnis gegen Rechts informiert \u00fcber Kundgebung des Querdenker Spektrums am 01. April in G\u00f6ttingen - Radio Leinewelle\" \/>\n<meta property=\"og:description\" content=\"Trotz Datum kein Aprilscherz. Das G\u00f6ttinger B\u00fcndnis gegen Rechts informiert unter&nbsp;www.fruehlinggegenrechts.de&nbsp;zu den ideologischen Hintergr\u00fcnden und Akteuren einer bundesweit angek\u00fcndigten Kundgebung des Querdenken-Spektrums in G\u00f6ttingen am 1.April. Das breite Aktionsb\u00fcndnis aus antifaschistischen Gruppen, Gewerkschaften, Parteien und Glaubensgemeinschaften sieht eine gezielte Unterwanderung friedens- und sozialpolitischer Themen von Rechts.&nbsp; Daher ruft das B\u00fcndnis zum Protest gegen diese mit [&hellip;]\" \/>\n<meta property=\"og:url\" content=\"https:\/\/radioleinewelle.de\/index.php\/2023\/03\/29\/buendnis-gegen-rechts-informiert-ueber-kundgebung-des-querdenker-spektrums-am-01-april-in-goettingen\/\" \/>\n<meta property=\"og:site_name\" content=\"Radio Leinewelle\" \/>\n<meta property=\"article:publisher\" content=\"https:\/\/www.facebook.com\/radioleinewelle\" \/>\n<meta property=\"article:author\" content=\"https:\/\/www.facebook.com\/radioleinewelle\" \/>\n<meta property=\"article:published_time\" content=\"2023-03-29T09:16:08+00:00\" \/>\n<meta property=\"article:modified_time\" content=\"2023-03-29T09:16:11+00:00\" \/>\n<meta property=\"og:image\" content=\"https:\/\/radioleinewelle.de\/wp-content\/uploads\/2023\/03\/IMG_0095-e1680081186367.jpg\" \/>\n\t<meta property=\"og:image:width\" content=\"1000\" \/>\n\t<meta property=\"og:image:height\" content=\"750\" \/>\n\t<meta property=\"og:image:type\" content=\"image\/jpeg\" \/>\n<meta name=\"author\" content=\"Leinewelle\" \/>\n<meta name=\"twitter:card\" content=\"summary_large_image\" \/>\n<meta name=\"twitter:creator\" content=\"@https:\/\/twitter.com\/RLeinewelle?ref_src=twsrcgoogletwcampserptwgrauthor\" \/>\n<meta name=\"twitter:site\" content=\"@RLeinewelle\" \/>\n<meta name=\"twitter:label1\" content=\"Verfasst von\" \/>\n\t<meta name=\"twitter:data1\" content=\"Leinewelle\" \/>\n\t<meta name=\"twitter:label2\" content=\"Gesch\u00e4tzte Lesezeit\" \/>\n\t<meta name=\"twitter:data2\" content=\"2\u00a0Minuten\" \/>\n<script type=\"application\/ld+json\" class=\"yoast-schema-graph\">{\"@context\":\"https:\\\/\\\/schema.org\",\"@graph\":[{\"@type\":\"Article\",\"@id\":\"https:\\\/\\\/radioleinewelle.de\\\/index.php\\\/2023\\\/03\\\/29\\\/buendnis-gegen-rechts-informiert-ueber-kundgebung-des-querdenker-spektrums-am-01-april-in-goettingen\\\/#article\",\"isPartOf\":{\"@id\":\"https:\\\/\\\/radioleinewelle.de\\\/index.php\\\/2023\\\/03\\\/29\\\/buendnis-gegen-rechts-informiert-ueber-kundgebung-des-querdenker-spektrums-am-01-april-in-goettingen\\\/\"},\"author\":{\"name\":\"Leinewelle\",\"@id\":\"https:\\\/\\\/radioleinewelle.de\\\/#\\\/schema\\\/person\\\/45606f348637df637192dc1b68399a63\"},\"headline\":\"B\u00fcndnis gegen Rechts informiert \u00fcber Kundgebung des Querdenker Spektrums am 01. April in G\u00f6ttingen\",\"datePublished\":\"2023-03-29T09:16:08+00:00\",\"dateModified\":\"2023-03-29T09:16:11+00:00\",\"mainEntityOfPage\":{\"@id\":\"https:\\\/\\\/radioleinewelle.de\\\/index.php\\\/2023\\\/03\\\/29\\\/buendnis-gegen-rechts-informiert-ueber-kundgebung-des-querdenker-spektrums-am-01-april-in-goettingen\\\/\"},\"wordCount\":278,\"commentCount\":0,\"publisher\":{\"@id\":\"https:\\\/\\\/radioleinewelle.de\\\/#organization\"},\"image\":{\"@id\":\"https:\\\/\\\/radioleinewelle.de\\\/index.php\\\/2023\\\/03\\\/29\\\/buendnis-gegen-rechts-informiert-ueber-kundgebung-des-querdenker-spektrums-am-01-april-in-goettingen\\\/#primaryimage\"},\"thumbnailUrl\":\"https:\\\/\\\/radioleinewelle.de\\\/wp-content\\\/uploads\\\/2023\\\/03\\\/IMG_0095-e1680081186367.jpg\",\"articleSection\":[\"Aktuelle Nachrichten\"],\"inLanguage\":\"de\",\"potentialAction\":[{\"@type\":\"CommentAction\",\"name\":\"Comment\",\"target\":[\"https:\\\/\\\/radioleinewelle.de\\\/index.php\\\/2023\\\/03\\\/29\\\/buendnis-gegen-rechts-informiert-ueber-kundgebung-des-querdenker-spektrums-am-01-april-in-goettingen\\\/#respond\"]}]},{\"@type\":\"WebPage\",\"@id\":\"https:\\\/\\\/radioleinewelle.de\\\/index.php\\\/2023\\\/03\\\/29\\\/buendnis-gegen-rechts-informiert-ueber-kundgebung-des-querdenker-spektrums-am-01-april-in-goettingen\\\/\",\"url\":\"https:\\\/\\\/radioleinewelle.de\\\/index.php\\\/2023\\\/03\\\/29\\\/buendnis-gegen-rechts-informiert-ueber-kundgebung-des-querdenker-spektrums-am-01-april-in-goettingen\\\/\",\"name\":\"B\u00fcndnis gegen Rechts informiert \u00fcber Kundgebung des Querdenker Spektrums am 01. April in G\u00f6ttingen - Radio Leinewelle\",\"isPartOf\":{\"@id\":\"https:\\\/\\\/radioleinewelle.de\\\/#website\"},\"primaryImageOfPage\":{\"@id\":\"https:\\\/\\\/radioleinewelle.de\\\/index.php\\\/2023\\\/03\\\/29\\\/buendnis-gegen-rechts-informiert-ueber-kundgebung-des-querdenker-spektrums-am-01-april-in-goettingen\\\/#primaryimage\"},\"image\":{\"@id\":\"https:\\\/\\\/radioleinewelle.de\\\/index.php\\\/2023\\\/03\\\/29\\\/buendnis-gegen-rechts-informiert-ueber-kundgebung-des-querdenker-spektrums-am-01-april-in-goettingen\\\/#primaryimage\"},\"thumbnailUrl\":\"https:\\\/\\\/radioleinewelle.de\\\/wp-content\\\/uploads\\\/2023\\\/03\\\/IMG_0095-e1680081186367.jpg\",\"datePublished\":\"2023-03-29T09:16:08+00:00\",\"dateModified\":\"2023-03-29T09:16:11+00:00\",\"breadcrumb\":{\"@id\":\"https:\\\/\\\/radioleinewelle.de\\\/index.php\\\/2023\\\/03\\\/29\\\/buendnis-gegen-rechts-informiert-ueber-kundgebung-des-querdenker-spektrums-am-01-april-in-goettingen\\\/#breadcrumb\"},\"inLanguage\":\"de\",\"potentialAction\":[{\"@type\":\"ReadAction\",\"target\":[\"https:\\\/\\\/radioleinewelle.de\\\/index.php\\\/2023\\\/03\\\/29\\\/buendnis-gegen-rechts-informiert-ueber-kundgebung-des-querdenker-spektrums-am-01-april-in-goettingen\\\/\"]}]},{\"@type\":\"ImageObject\",\"inLanguage\":\"de\",\"@id\":\"https:\\\/\\\/radioleinewelle.de\\\/index.php\\\/2023\\\/03\\\/29\\\/buendnis-gegen-rechts-informiert-ueber-kundgebung-des-querdenker-spektrums-am-01-april-in-goettingen\\\/#primaryimage\",\"url\":\"https:\\\/\\\/radioleinewelle.de\\\/wp-content\\\/uploads\\\/2023\\\/03\\\/IMG_0095-e1680081186367.jpg\",\"contentUrl\":\"https:\\\/\\\/radioleinewelle.de\\\/wp-content\\\/uploads\\\/2023\\\/03\\\/IMG_0095-e1680081186367.jpg\",\"width\":1000,\"height\":750},{\"@type\":\"BreadcrumbList\",\"@id\":\"https:\\\/\\\/radioleinewelle.de\\\/index.php\\\/2023\\\/03\\\/29\\\/buendnis-gegen-rechts-informiert-ueber-kundgebung-des-querdenker-spektrums-am-01-april-in-goettingen\\\/#breadcrumb\",\"itemListElement\":[{\"@type\":\"ListItem\",\"position\":1,\"name\":\"Startseite\",\"item\":\"https:\\\/\\\/radioleinewelle.de\\\/\"},{\"@type\":\"ListItem\",\"position\":2,\"name\":\"B\u00fcndnis gegen Rechts informiert \u00fcber Kundgebung des Querdenker Spektrums am 01. April in G\u00f6ttingen\"}]},{\"@type\":\"WebSite\",\"@id\":\"https:\\\/\\\/radioleinewelle.de\\\/#website\",\"url\":\"https:\\\/\\\/radioleinewelle.de\\\/\",\"name\":\"Radio Leinewelle\",\"description\":\"\",\"publisher\":{\"@id\":\"https:\\\/\\\/radioleinewelle.de\\\/#organization\"},\"potentialAction\":[{\"@type\":\"SearchAction\",\"target\":{\"@type\":\"EntryPoint\",\"urlTemplate\":\"https:\\\/\\\/radioleinewelle.de\\\/?s={search_term_string}\"},\"query-input\":{\"@type\":\"PropertyValueSpecification\",\"valueRequired\":true,\"valueName\":\"search_term_string\"}}],\"inLanguage\":\"de\"},{\"@type\":\"Organization\",\"@id\":\"https:\\\/\\\/radioleinewelle.de\\\/#organization\",\"name\":\"Radio Leinewelle\",\"alternateName\":\"Mein Radio f\u00fcr S\u00fcdniedersachsen\",\"url\":\"https:\\\/\\\/radioleinewelle.de\\\/\",\"logo\":{\"@type\":\"ImageObject\",\"inLanguage\":\"de\",\"@id\":\"https:\\\/\\\/radioleinewelle.de\\\/#\\\/schema\\\/logo\\\/image\\\/\",\"url\":\"https:\\\/\\\/radioleinewelle.de\\\/wp-content\\\/uploads\\\/2023\\\/11\\\/cropped-Leinewelle_Logo_weiss.png\",\"contentUrl\":\"https:\\\/\\\/radioleinewelle.de\\\/wp-content\\\/uploads\\\/2023\\\/11\\\/cropped-Leinewelle_Logo_weiss.png\",\"width\":854,\"height\":260,\"caption\":\"Radio Leinewelle\"},\"image\":{\"@id\":\"https:\\\/\\\/radioleinewelle.de\\\/#\\\/schema\\\/logo\\\/image\\\/\"},\"sameAs\":[\"https:\\\/\\\/www.facebook.com\\\/radioleinewelle\",\"https:\\\/\\\/x.com\\\/RLeinewelle\",\"https:\\\/\\\/www.instagram.com\\\/radioleinewelle\\\/?hl=de\"]},{\"@type\":\"Person\",\"@id\":\"https:\\\/\\\/radioleinewelle.de\\\/#\\\/schema\\\/person\\\/45606f348637df637192dc1b68399a63\",\"name\":\"Leinewelle\",\"image\":{\"@type\":\"ImageObject\",\"inLanguage\":\"de\",\"@id\":\"https:\\\/\\\/secure.gravatar.com\\\/avatar\\\/05c9a17bc973052ee5d91549bd32fb4dd0dc85b7b85ae94b2e2b4943476bbea5?s=96&d=blank&r=g\",\"url\":\"https:\\\/\\\/secure.gravatar.com\\\/avatar\\\/05c9a17bc973052ee5d91549bd32fb4dd0dc85b7b85ae94b2e2b4943476bbea5?s=96&d=blank&r=g\",\"contentUrl\":\"https:\\\/\\\/secure.gravatar.com\\\/avatar\\\/05c9a17bc973052ee5d91549bd32fb4dd0dc85b7b85ae94b2e2b4943476bbea5?s=96&d=blank&r=g\",\"caption\":\"Leinewelle\"},\"sameAs\":[\"http:\\\/\\\/localhost\\\/radio%20leinewelle\\\/wordpress\",\"https:\\\/\\\/www.facebook.com\\\/radioleinewelle\",\"https:\\\/\\\/www.instagram.com\\\/radioleinewelle\",\"https:\\\/\\\/x.com\\\/https:\\\/\\\/twitter.com\\\/RLeinewelle?ref_src=twsrcgoogletwcampserptwgrauthor\",\"https:\\\/\\\/soundcloud.com\\\/foerderverein-lokalradio?utm_source=clipboard&utm_medium=text&utm_campaign=social_sharing\"],\"url\":\"https:\\\/\\\/radioleinewelle.de\\\/index.php\\\/author\\\/leinewelle\\\/\"}]}<\/script>\n<!-- \/ Yoast SEO plugin. -->","yoast_head_json":{"title":"B\u00fcndnis gegen Rechts informiert \u00fcber Kundgebung des Querdenker Spektrums am 01. April in G\u00f6ttingen - Radio Leinewelle","robots":{"index":"index","follow":"follow","max-snippet":"max-snippet:-1","max-image-preview":"max-image-preview:large","max-video-preview":"max-video-preview:-1"},"canonical":"https:\/\/radioleinewelle.de\/index.php\/2023\/03\/29\/buendnis-gegen-rechts-informiert-ueber-kundgebung-des-querdenker-spektrums-am-01-april-in-goettingen\/","og_locale":"de_DE","og_type":"article","og_title":"B\u00fcndnis gegen Rechts informiert \u00fcber Kundgebung des Querdenker Spektrums am 01. April in G\u00f6ttingen - Radio Leinewelle","og_description":"Trotz Datum kein Aprilscherz. Das G\u00f6ttinger B\u00fcndnis gegen Rechts informiert unter&nbsp;www.fruehlinggegenrechts.de&nbsp;zu den ideologischen Hintergr\u00fcnden und Akteuren einer bundesweit angek\u00fcndigten Kundgebung des Querdenken-Spektrums in G\u00f6ttingen am 1.April. Das breite Aktionsb\u00fcndnis aus antifaschistischen Gruppen, Gewerkschaften, Parteien und Glaubensgemeinschaften sieht eine gezielte Unterwanderung friedens- und sozialpolitischer Themen von Rechts.&nbsp; Daher ruft das B\u00fcndnis zum Protest gegen diese mit [&hellip;]","og_url":"https:\/\/radioleinewelle.de\/index.php\/2023\/03\/29\/buendnis-gegen-rechts-informiert-ueber-kundgebung-des-querdenker-spektrums-am-01-april-in-goettingen\/","og_site_name":"Radio Leinewelle","article_publisher":"https:\/\/www.facebook.com\/radioleinewelle","article_author":"https:\/\/www.facebook.com\/radioleinewelle","article_published_time":"2023-03-29T09:16:08+00:00","article_modified_time":"2023-03-29T09:16:11+00:00","og_image":[{"width":1000,"height":750,"url":"https:\/\/radioleinewelle.de\/wp-content\/uploads\/2023\/03\/IMG_0095-e1680081186367.jpg","type":"image\/jpeg"}],"author":"Leinewelle","twitter_card":"summary_large_image","twitter_creator":"@https:\/\/twitter.com\/RLeinewelle?ref_src=twsrcgoogletwcampserptwgrauthor","twitter_site":"@RLeinewelle","twitter_misc":{"Verfasst von":"Leinewelle","Gesch\u00e4tzte Lesezeit":"2\u00a0Minuten"},"schema":{"@context":"https:\/\/schema.org","@graph":[{"@type":"Article","@id":"https:\/\/radioleinewelle.de\/index.php\/2023\/03\/29\/buendnis-gegen-rechts-informiert-ueber-kundgebung-des-querdenker-spektrums-am-01-april-in-goettingen\/#article","isPartOf":{"@id":"https:\/\/radioleinewelle.de\/index.php\/2023\/03\/29\/buendnis-gegen-rechts-informiert-ueber-kundgebung-des-querdenker-spektrums-am-01-april-in-goettingen\/"},"author":{"name":"Leinewelle","@id":"https:\/\/radioleinewelle.de\/#\/schema\/person\/45606f348637df637192dc1b68399a63"},"headline":"B\u00fcndnis gegen Rechts informiert \u00fcber Kundgebung des Querdenker Spektrums am 01. April in G\u00f6ttingen","datePublished":"2023-03-29T09:16:08+00:00","dateModified":"2023-03-29T09:16:11+00:00","mainEntityOfPage":{"@id":"https:\/\/radioleinewelle.de\/index.php\/2023\/03\/29\/buendnis-gegen-rechts-informiert-ueber-kundgebung-des-querdenker-spektrums-am-01-april-in-goettingen\/"},"wordCount":278,"commentCount":0,"publisher":{"@id":"https:\/\/radioleinewelle.de\/#organization"},"image":{"@id":"https:\/\/radioleinewelle.de\/index.php\/2023\/03\/29\/buendnis-gegen-rechts-informiert-ueber-kundgebung-des-querdenker-spektrums-am-01-april-in-goettingen\/#primaryimage"},"thumbnailUrl":"https:\/\/radioleinewelle.de\/wp-content\/uploads\/2023\/03\/IMG_0095-e1680081186367.jpg","articleSection":["Aktuelle Nachrichten"],"inLanguage":"de","potentialAction":[{"@type":"CommentAction","name":"Comment","target":["https:\/\/radioleinewelle.de\/index.php\/2023\/03\/29\/buendnis-gegen-rechts-informiert-ueber-kundgebung-des-querdenker-spektrums-am-01-april-in-goettingen\/#respond"]}]},{"@type":"WebPage","@id":"https:\/\/radioleinewelle.de\/index.php\/2023\/03\/29\/buendnis-gegen-rechts-informiert-ueber-kundgebung-des-querdenker-spektrums-am-01-april-in-goettingen\/","url":"https:\/\/radioleinewelle.de\/index.php\/2023\/03\/29\/buendnis-gegen-rechts-informiert-ueber-kundgebung-des-querdenker-spektrums-am-01-april-in-goettingen\/","name":"B\u00fcndnis gegen Rechts informiert \u00fcber Kundgebung des Querdenker Spektrums am 01. April in G\u00f6ttingen - Radio Leinewelle","isPartOf":{"@id":"https:\/\/radioleinewelle.de\/#website"},"primaryImageOfPage":{"@id":"https:\/\/radioleinewelle.de\/index.php\/2023\/03\/29\/buendnis-gegen-rechts-informiert-ueber-kundgebung-des-querdenker-spektrums-am-01-april-in-goettingen\/#primaryimage"},"image":{"@id":"https:\/\/radioleinewelle.de\/index.php\/2023\/03\/29\/buendnis-gegen-rechts-informiert-ueber-kundgebung-des-querdenker-spektrums-am-01-april-in-goettingen\/#primaryimage"},"thumbnailUrl":"https:\/\/radioleinewelle.de\/wp-content\/uploads\/2023\/03\/IMG_0095-e1680081186367.jpg","datePublished":"2023-03-29T09:16:08+00:00","dateModified":"2023-03-29T09:16:11+00:00","breadcrumb":{"@id":"https:\/\/radioleinewelle.de\/index.php\/2023\/03\/29\/buendnis-gegen-rechts-informiert-ueber-kundgebung-des-querdenker-spektrums-am-01-april-in-goettingen\/#breadcrumb"},"inLanguage":"de","potentialAction":[{"@type":"ReadAction","target":["https:\/\/radioleinewelle.de\/index.php\/2023\/03\/29\/buendnis-gegen-rechts-informiert-ueber-kundgebung-des-querdenker-spektrums-am-01-april-in-goettingen\/"]}]},{"@type":"ImageObject","inLanguage":"de","@id":"https:\/\/radioleinewelle.de\/index.php\/2023\/03\/29\/buendnis-gegen-rechts-informiert-ueber-kundgebung-des-querdenker-spektrums-am-01-april-in-goettingen\/#primaryimage","url":"https:\/\/radioleinewelle.de\/wp-content\/uploads\/2023\/03\/IMG_0095-e1680081186367.jpg","contentUrl":"https:\/\/radioleinewelle.de\/wp-content\/uploads\/2023\/03\/IMG_0095-e1680081186367.jpg","width":1000,"height":750},{"@type":"BreadcrumbList","@id":"https:\/\/radioleinewelle.de\/index.php\/2023\/03\/29\/buendnis-gegen-rechts-informiert-ueber-kundgebung-des-querdenker-spektrums-am-01-april-in-goettingen\/#breadcrumb","itemListElement":[{"@type":"ListItem","position":1,"name":"Startseite","item":"https:\/\/radioleinewelle.de\/"},{"@type":"ListItem","position":2,"name":"B\u00fcndnis gegen Rechts informiert \u00fcber Kundgebung des Querdenker Spektrums am 01. April in G\u00f6ttingen"}]},{"@type":"WebSite","@id":"https:\/\/radioleinewelle.de\/#website","url":"https:\/\/radioleinewelle.de\/","name":"Radio Leinewelle","description":"","publisher":{"@id":"https:\/\/radioleinewelle.de\/#organization"},"potentialAction":[{"@type":"SearchAction","target":{"@type":"EntryPoint","urlTemplate":"https:\/\/radioleinewelle.de\/?s={search_term_string}"},"query-input":{"@type":"PropertyValueSpecification","valueRequired":true,"valueName":"search_term_string"}}],"inLanguage":"de"},{"@type":"Organization","@id":"https:\/\/radioleinewelle.de\/#organization","name":"Radio Leinewelle","alternateName":"Mein Radio f\u00fcr S\u00fcdniedersachsen","url":"https:\/\/radioleinewelle.de\/","logo":{"@type":"ImageObject","inLanguage":"de","@id":"https:\/\/radioleinewelle.de\/#\/schema\/logo\/image\/","url":"https:\/\/radioleinewelle.de\/wp-content\/uploads\/2023\/11\/cropped-Leinewelle_Logo_weiss.png","contentUrl":"https:\/\/radioleinewelle.de\/wp-content\/uploads\/2023\/11\/cropped-Leinewelle_Logo_weiss.png","width":854,"height":260,"caption":"Radio Leinewelle"},"image":{"@id":"https:\/\/radioleinewelle.de\/#\/schema\/logo\/image\/"},"sameAs":["https:\/\/www.facebook.com\/radioleinewelle","https:\/\/x.com\/RLeinewelle","https:\/\/www.instagram.com\/radioleinewelle\/?hl=de"]},{"@type":"Person","@id":"https:\/\/radioleinewelle.de\/#\/schema\/person\/45606f348637df637192dc1b68399a63","name":"Leinewelle","image":{"@type":"ImageObject","inLanguage":"de","@id":"https:\/\/secure.gravatar.com\/avatar\/05c9a17bc973052ee5d91549bd32fb4dd0dc85b7b85ae94b2e2b4943476bbea5?s=96&d=blank&r=g","url":"https:\/\/secure.gravatar.com\/avatar\/05c9a17bc973052ee5d91549bd32fb4dd0dc85b7b85ae94b2e2b4943476bbea5?s=96&d=blank&r=g","contentUrl":"https:\/\/secure.gravatar.com\/avatar\/05c9a17bc973052ee5d91549bd32fb4dd0dc85b7b85ae94b2e2b4943476bbea5?s=96&d=blank&r=g","caption":"Leinewelle"},"sameAs":["http:\/\/localhost\/radio%20leinewelle\/wordpress","https:\/\/www.facebook.com\/radioleinewelle","https:\/\/www.instagram.com\/radioleinewelle","https:\/\/x.com\/https:\/\/twitter.com\/RLeinewelle?ref_src=twsrcgoogletwcampserptwgrauthor","https:\/\/soundcloud.com\/foerderverein-lokalradio?utm_source=clipboard&utm_medium=text&utm_campaign=social_sharing"],"url":"https:\/\/radioleinewelle.de\/index.php\/author\/leinewelle\/"}]}},"_links":{"self":[{"href":"https:\/\/radioleinewelle.de\/index.php\/wp-json\/wp\/v2\/posts\/22335","targetHints":{"allow":["GET"]}}],"collection":[{"href":"https:\/\/radioleinewelle.de\/index.php\/wp-json\/wp\/v2\/posts"}],"about":[{"href":"https:\/\/radioleinewelle.de\/index.php\/wp-json\/wp\/v2\/types\/post"}],"author":[{"embeddable":true,"href":"https:\/\/radioleinewelle.de\/index.php\/wp-json\/wp\/v2\/users\/1"}],"replies":[{"embeddable":true,"href":"https:\/\/radioleinewelle.de\/index.php\/wp-json\/wp\/v2\/comments?post=22335"}],"version-history":[{"count":2,"href":"https:\/\/radioleinewelle.de\/index.php\/wp-json\/wp\/v2\/posts\/22335\/revisions"}],"predecessor-version":[{"id":22338,"href":"https:\/\/radioleinewelle.de\/index.php\/wp-json\/wp\/v2\/posts\/22335\/revisions\/22338"}],"wp:featuredmedia":[{"embeddable":true,"href":"https:\/\/radioleinewelle.de\/index.php\/wp-json\/wp\/v2\/media\/22336"}],"wp:attachment":[{"href":"https:\/\/radioleinewelle.de\/index.php\/wp-json\/wp\/v2\/media?parent=22335"}],"wp:term":[{"taxonomy":"category","embeddable":true,"href":"https:\/\/radioleinewelle.de\/index.php\/wp-json\/wp\/v2\/categories?post=22335"},{"taxonomy":"post_tag","embeddable":true,"href":"https:\/\/radioleinewelle.de\/index.php\/wp-json\/wp\/v2\/tags?post=22335"}],"curies":[{"name":"wp","href":"https:\/\/api.w.org\/{rel}","templated":true}]}}