{"id":22348,"date":"2023-03-31T13:29:49","date_gmt":"2023-03-31T11:29:49","guid":{"rendered":"https:\/\/radioleinewelle.de\/?p=22348"},"modified":"2023-03-31T13:29:52","modified_gmt":"2023-03-31T11:29:52","slug":"timi-und-rocky-sind-wieder-da","status":"publish","type":"post","link":"https:\/\/radioleinewelle.de\/index.php\/2023\/03\/31\/timi-und-rocky-sind-wieder-da\/","title":{"rendered":"Timi und Rocky sind wieder da!"},"content":{"rendered":"\n<p>Selbst im NDR Fernsehmagazin &#8222;Hallo Niedersachsen&#8220; wurde gesucht: nach den L\u00f6wenkopfzwergkaninchen Timi und Rocky. Jetzt sind sie wieder zuhause. Riesige Freude und eine unbeschreibliche Erleichterung in einem Wohnhaus im G\u00f6ttinger Brauweg. Damit ist zumindest der wichtigste Teil des herzzerrei\u00dfenden Falles bereits kurze Zeit nach Ver\u00f6ffentlichung einer \u00d6ffentlichkeitsfahndung gekl\u00e4rt. Die Suchmeldung mit Bildern der Mini-Langohren mit der wuscheligen Frisur verbreite sich schnell. Auch in den sozialen Medien. War der erzeugte Fahndungsdruck schlie\u00dflich zu gro\u00df?<\/p>\n\n\n\n<p><strong>\u00dcbergabe Donnerstagabend &#8222;Am Hasengraben&#8220;<\/strong><\/p>\n\n\n\n<p>Am sp\u00e4ten Donnerstagabend  meldete sich telefonisch eine Frau bei den Eigent\u00fcmern der Tiere. Die \u00dcbergabe der Hoppler fand anschlie\u00dfend auf einem Spielplatz in der Stra\u00dfe &#8222;Am Hasengraben&#8220; (wie k\u00f6nnte es anders sein&#8230;?) statt.<\/p>\n\n\n\n<p><strong>Ermittlungen gehen weiter<\/strong><\/p>\n\n\n\n<p>Die genauen Umst\u00e4nde des Verwindens und auch des Wiederauftauchens der Tiere sind bislang ungekl\u00e4rt. Man geht weiterhin von einem vors\u00e4tzlichen Diebstahl aus. Die polizeilichen Ermittlungen in dem Fall sind deshalb keineswegs abgeschlossen.Sachdienliche Hinweise zu verd\u00e4chtigen Personen zur fraglichen Tatzeit im Brauweg oder auch am Donnerstagabend im Bereich des \u00dcbergabeortes &#8222;Am Hasengraben&#8220; werden unter Telefon 0551\/491-2115 entgegengenommen.<\/p>\n\n\n\n<p><strong>Wie geht es Timi und Rocky?<\/strong><br>Timi und Rocky geht es nach Angaben der Eigent\u00fcmerin den Umst\u00e4nden entsprechend soweit gut. Offenbar wurden sie aber w\u00e4hrend ihrer Entf\u00fchrung nicht ausreichend versorgt, so dass beide jetzt ganz besondere F\u00fcrsorge, viele z\u00e4rtliche Streicheleinheiten und auch eine extra Portion zarte M\u00f6hrchen brauchen.<\/p>\n\n\n\n<p><strong>Foto:<\/strong> Polizeiinspektion G\u00f6ttingen<\/p>\n","protected":false},"excerpt":{"rendered":"<p>Selbst im NDR Fernsehmagazin &#8222;Hallo Niedersachsen&#8220; wurde gesucht: nach den L\u00f6wenkopfzwergkaninchen Timi und Rocky. Jetzt sind sie wieder zuhause. Riesige Freude und eine unbeschreibliche Erleichterung in einem Wohnhaus im G\u00f6ttinger Brauweg. Damit ist zumindest der wichtigste Teil des herzzerrei\u00dfenden Falles bereits kurze Zeit nach Ver\u00f6ffentlichung einer \u00d6ffentlichkeitsfahndung gekl\u00e4rt. Die Suchmeldung mit Bildern der Mini-Langohren mit [&hellip;]<\/p>\n","protected":false},"author":1,"featured_media":22350,"comment_status":"open","ping_status":"open","sticky":false,"template":"","format":"standard","meta":{"saved_in_kubio":false,"footnotes":""},"categories":[24],"tags":[],"class_list":["post-22348","post","type-post","status-publish","format-standard","has-post-thumbnail","hentry","category-news"],"yoast_head":"<!-- This site is optimized with the Yoast SEO plugin v27.5 - https:\/\/yoast.com\/product\/yoast-seo-wordpress\/ -->\n<title>Timi und Rocky sind wieder da! - Radio Leinewelle<\/title>\n<meta name=\"robots\" content=\"index, follow, max-snippet:-1, max-image-preview:large, max-video-preview:-1\" \/>\n<link rel=\"canonical\" href=\"https:\/\/radioleinewelle.de\/index.php\/2023\/03\/31\/timi-und-rocky-sind-wieder-da\/\" \/>\n<meta property=\"og:locale\" content=\"de_DE\" \/>\n<meta property=\"og:type\" content=\"article\" \/>\n<meta property=\"og:title\" content=\"Timi und Rocky sind wieder da! - Radio Leinewelle\" \/>\n<meta property=\"og:description\" content=\"Selbst im NDR Fernsehmagazin &#8222;Hallo Niedersachsen&#8220; wurde gesucht: nach den L\u00f6wenkopfzwergkaninchen Timi und Rocky. Jetzt sind sie wieder zuhause. Riesige Freude und eine unbeschreibliche Erleichterung in einem Wohnhaus im G\u00f6ttinger Brauweg. Damit ist zumindest der wichtigste Teil des herzzerrei\u00dfenden Falles bereits kurze Zeit nach Ver\u00f6ffentlichung einer \u00d6ffentlichkeitsfahndung gekl\u00e4rt. Die Suchmeldung mit Bildern der Mini-Langohren mit [&hellip;]\" \/>\n<meta property=\"og:url\" content=\"https:\/\/radioleinewelle.de\/index.php\/2023\/03\/31\/timi-und-rocky-sind-wieder-da\/\" \/>\n<meta property=\"og:site_name\" content=\"Radio Leinewelle\" \/>\n<meta property=\"article:publisher\" content=\"https:\/\/www.facebook.com\/radioleinewelle\" \/>\n<meta property=\"article:author\" content=\"https:\/\/www.facebook.com\/radioleinewelle\" \/>\n<meta property=\"article:published_time\" content=\"2023-03-31T11:29:49+00:00\" \/>\n<meta property=\"article:modified_time\" content=\"2023-03-31T11:29:52+00:00\" \/>\n<meta property=\"og:image\" content=\"https:\/\/radioleinewelle.de\/wp-content\/uploads\/2023\/03\/003-scaled-e1680262014580.jpg\" \/>\n\t<meta property=\"og:image:width\" content=\"1000\" \/>\n\t<meta property=\"og:image:height\" content=\"750\" \/>\n\t<meta property=\"og:image:type\" content=\"image\/jpeg\" \/>\n<meta name=\"author\" content=\"Leinewelle\" \/>\n<meta name=\"twitter:card\" content=\"summary_large_image\" \/>\n<meta name=\"twitter:creator\" content=\"@https:\/\/twitter.com\/RLeinewelle?ref_src=twsrcgoogletwcampserptwgrauthor\" \/>\n<meta name=\"twitter:site\" content=\"@RLeinewelle\" \/>\n<meta name=\"twitter:label1\" content=\"Verfasst von\" \/>\n\t<meta name=\"twitter:data1\" content=\"Leinewelle\" \/>\n\t<meta name=\"twitter:label2\" content=\"Gesch\u00e4tzte Lesezeit\" \/>\n\t<meta name=\"twitter:data2\" content=\"2\u00a0Minuten\" \/>\n<script type=\"application\/ld+json\" class=\"yoast-schema-graph\">{\"@context\":\"https:\\\/\\\/schema.org\",\"@graph\":[{\"@type\":\"Article\",\"@id\":\"https:\\\/\\\/radioleinewelle.de\\\/index.php\\\/2023\\\/03\\\/31\\\/timi-und-rocky-sind-wieder-da\\\/#article\",\"isPartOf\":{\"@id\":\"https:\\\/\\\/radioleinewelle.de\\\/index.php\\\/2023\\\/03\\\/31\\\/timi-und-rocky-sind-wieder-da\\\/\"},\"author\":{\"name\":\"Leinewelle\",\"@id\":\"https:\\\/\\\/radioleinewelle.de\\\/#\\\/schema\\\/person\\\/45606f348637df637192dc1b68399a63\"},\"headline\":\"Timi und Rocky sind wieder da!\",\"datePublished\":\"2023-03-31T11:29:49+00:00\",\"dateModified\":\"2023-03-31T11:29:52+00:00\",\"mainEntityOfPage\":{\"@id\":\"https:\\\/\\\/radioleinewelle.de\\\/index.php\\\/2023\\\/03\\\/31\\\/timi-und-rocky-sind-wieder-da\\\/\"},\"wordCount\":250,\"commentCount\":0,\"publisher\":{\"@id\":\"https:\\\/\\\/radioleinewelle.de\\\/#organization\"},\"image\":{\"@id\":\"https:\\\/\\\/radioleinewelle.de\\\/index.php\\\/2023\\\/03\\\/31\\\/timi-und-rocky-sind-wieder-da\\\/#primaryimage\"},\"thumbnailUrl\":\"https:\\\/\\\/radioleinewelle.de\\\/wp-content\\\/uploads\\\/2023\\\/03\\\/003-scaled-e1680262014580.jpg\",\"articleSection\":[\"Aktuelle Nachrichten\"],\"inLanguage\":\"de\",\"potentialAction\":[{\"@type\":\"CommentAction\",\"name\":\"Comment\",\"target\":[\"https:\\\/\\\/radioleinewelle.de\\\/index.php\\\/2023\\\/03\\\/31\\\/timi-und-rocky-sind-wieder-da\\\/#respond\"]}]},{\"@type\":\"WebPage\",\"@id\":\"https:\\\/\\\/radioleinewelle.de\\\/index.php\\\/2023\\\/03\\\/31\\\/timi-und-rocky-sind-wieder-da\\\/\",\"url\":\"https:\\\/\\\/radioleinewelle.de\\\/index.php\\\/2023\\\/03\\\/31\\\/timi-und-rocky-sind-wieder-da\\\/\",\"name\":\"Timi und Rocky sind wieder da! - Radio Leinewelle\",\"isPartOf\":{\"@id\":\"https:\\\/\\\/radioleinewelle.de\\\/#website\"},\"primaryImageOfPage\":{\"@id\":\"https:\\\/\\\/radioleinewelle.de\\\/index.php\\\/2023\\\/03\\\/31\\\/timi-und-rocky-sind-wieder-da\\\/#primaryimage\"},\"image\":{\"@id\":\"https:\\\/\\\/radioleinewelle.de\\\/index.php\\\/2023\\\/03\\\/31\\\/timi-und-rocky-sind-wieder-da\\\/#primaryimage\"},\"thumbnailUrl\":\"https:\\\/\\\/radioleinewelle.de\\\/wp-content\\\/uploads\\\/2023\\\/03\\\/003-scaled-e1680262014580.jpg\",\"datePublished\":\"2023-03-31T11:29:49+00:00\",\"dateModified\":\"2023-03-31T11:29:52+00:00\",\"breadcrumb\":{\"@id\":\"https:\\\/\\\/radioleinewelle.de\\\/index.php\\\/2023\\\/03\\\/31\\\/timi-und-rocky-sind-wieder-da\\\/#breadcrumb\"},\"inLanguage\":\"de\",\"potentialAction\":[{\"@type\":\"ReadAction\",\"target\":[\"https:\\\/\\\/radioleinewelle.de\\\/index.php\\\/2023\\\/03\\\/31\\\/timi-und-rocky-sind-wieder-da\\\/\"]}]},{\"@type\":\"ImageObject\",\"inLanguage\":\"de\",\"@id\":\"https:\\\/\\\/radioleinewelle.de\\\/index.php\\\/2023\\\/03\\\/31\\\/timi-und-rocky-sind-wieder-da\\\/#primaryimage\",\"url\":\"https:\\\/\\\/radioleinewelle.de\\\/wp-content\\\/uploads\\\/2023\\\/03\\\/003-scaled-e1680262014580.jpg\",\"contentUrl\":\"https:\\\/\\\/radioleinewelle.de\\\/wp-content\\\/uploads\\\/2023\\\/03\\\/003-scaled-e1680262014580.jpg\",\"width\":1000,\"height\":750,\"caption\":\"Erstmal eine St\u00e4rkung\"},{\"@type\":\"BreadcrumbList\",\"@id\":\"https:\\\/\\\/radioleinewelle.de\\\/index.php\\\/2023\\\/03\\\/31\\\/timi-und-rocky-sind-wieder-da\\\/#breadcrumb\",\"itemListElement\":[{\"@type\":\"ListItem\",\"position\":1,\"name\":\"Startseite\",\"item\":\"https:\\\/\\\/radioleinewelle.de\\\/\"},{\"@type\":\"ListItem\",\"position\":2,\"name\":\"Timi und Rocky sind wieder da!\"}]},{\"@type\":\"WebSite\",\"@id\":\"https:\\\/\\\/radioleinewelle.de\\\/#website\",\"url\":\"https:\\\/\\\/radioleinewelle.de\\\/\",\"name\":\"Radio Leinewelle\",\"description\":\"\",\"publisher\":{\"@id\":\"https:\\\/\\\/radioleinewelle.de\\\/#organization\"},\"potentialAction\":[{\"@type\":\"SearchAction\",\"target\":{\"@type\":\"EntryPoint\",\"urlTemplate\":\"https:\\\/\\\/radioleinewelle.de\\\/?s={search_term_string}\"},\"query-input\":{\"@type\":\"PropertyValueSpecification\",\"valueRequired\":true,\"valueName\":\"search_term_string\"}}],\"inLanguage\":\"de\"},{\"@type\":\"Organization\",\"@id\":\"https:\\\/\\\/radioleinewelle.de\\\/#organization\",\"name\":\"Radio Leinewelle\",\"alternateName\":\"Mein Radio f\u00fcr S\u00fcdniedersachsen\",\"url\":\"https:\\\/\\\/radioleinewelle.de\\\/\",\"logo\":{\"@type\":\"ImageObject\",\"inLanguage\":\"de\",\"@id\":\"https:\\\/\\\/radioleinewelle.de\\\/#\\\/schema\\\/logo\\\/image\\\/\",\"url\":\"https:\\\/\\\/radioleinewelle.de\\\/wp-content\\\/uploads\\\/2023\\\/11\\\/cropped-Leinewelle_Logo_weiss.png\",\"contentUrl\":\"https:\\\/\\\/radioleinewelle.de\\\/wp-content\\\/uploads\\\/2023\\\/11\\\/cropped-Leinewelle_Logo_weiss.png\",\"width\":854,\"height\":260,\"caption\":\"Radio Leinewelle\"},\"image\":{\"@id\":\"https:\\\/\\\/radioleinewelle.de\\\/#\\\/schema\\\/logo\\\/image\\\/\"},\"sameAs\":[\"https:\\\/\\\/www.facebook.com\\\/radioleinewelle\",\"https:\\\/\\\/x.com\\\/RLeinewelle\",\"https:\\\/\\\/www.instagram.com\\\/radioleinewelle\\\/?hl=de\"]},{\"@type\":\"Person\",\"@id\":\"https:\\\/\\\/radioleinewelle.de\\\/#\\\/schema\\\/person\\\/45606f348637df637192dc1b68399a63\",\"name\":\"Leinewelle\",\"image\":{\"@type\":\"ImageObject\",\"inLanguage\":\"de\",\"@id\":\"https:\\\/\\\/secure.gravatar.com\\\/avatar\\\/05c9a17bc973052ee5d91549bd32fb4dd0dc85b7b85ae94b2e2b4943476bbea5?s=96&d=blank&r=g\",\"url\":\"https:\\\/\\\/secure.gravatar.com\\\/avatar\\\/05c9a17bc973052ee5d91549bd32fb4dd0dc85b7b85ae94b2e2b4943476bbea5?s=96&d=blank&r=g\",\"contentUrl\":\"https:\\\/\\\/secure.gravatar.com\\\/avatar\\\/05c9a17bc973052ee5d91549bd32fb4dd0dc85b7b85ae94b2e2b4943476bbea5?s=96&d=blank&r=g\",\"caption\":\"Leinewelle\"},\"sameAs\":[\"http:\\\/\\\/localhost\\\/radio%20leinewelle\\\/wordpress\",\"https:\\\/\\\/www.facebook.com\\\/radioleinewelle\",\"https:\\\/\\\/www.instagram.com\\\/radioleinewelle\",\"https:\\\/\\\/x.com\\\/https:\\\/\\\/twitter.com\\\/RLeinewelle?ref_src=twsrcgoogletwcampserptwgrauthor\",\"https:\\\/\\\/soundcloud.com\\\/foerderverein-lokalradio?utm_source=clipboard&utm_medium=text&utm_campaign=social_sharing\"],\"url\":\"https:\\\/\\\/radioleinewelle.de\\\/index.php\\\/author\\\/leinewelle\\\/\"}]}<\/script>\n<!-- \/ Yoast SEO plugin. -->","yoast_head_json":{"title":"Timi und Rocky sind wieder da! - Radio Leinewelle","robots":{"index":"index","follow":"follow","max-snippet":"max-snippet:-1","max-image-preview":"max-image-preview:large","max-video-preview":"max-video-preview:-1"},"canonical":"https:\/\/radioleinewelle.de\/index.php\/2023\/03\/31\/timi-und-rocky-sind-wieder-da\/","og_locale":"de_DE","og_type":"article","og_title":"Timi und Rocky sind wieder da! - Radio Leinewelle","og_description":"Selbst im NDR Fernsehmagazin &#8222;Hallo Niedersachsen&#8220; wurde gesucht: nach den L\u00f6wenkopfzwergkaninchen Timi und Rocky. Jetzt sind sie wieder zuhause. Riesige Freude und eine unbeschreibliche Erleichterung in einem Wohnhaus im G\u00f6ttinger Brauweg. Damit ist zumindest der wichtigste Teil des herzzerrei\u00dfenden Falles bereits kurze Zeit nach Ver\u00f6ffentlichung einer \u00d6ffentlichkeitsfahndung gekl\u00e4rt. Die Suchmeldung mit Bildern der Mini-Langohren mit [&hellip;]","og_url":"https:\/\/radioleinewelle.de\/index.php\/2023\/03\/31\/timi-und-rocky-sind-wieder-da\/","og_site_name":"Radio Leinewelle","article_publisher":"https:\/\/www.facebook.com\/radioleinewelle","article_author":"https:\/\/www.facebook.com\/radioleinewelle","article_published_time":"2023-03-31T11:29:49+00:00","article_modified_time":"2023-03-31T11:29:52+00:00","og_image":[{"width":1000,"height":750,"url":"https:\/\/radioleinewelle.de\/wp-content\/uploads\/2023\/03\/003-scaled-e1680262014580.jpg","type":"image\/jpeg"}],"author":"Leinewelle","twitter_card":"summary_large_image","twitter_creator":"@https:\/\/twitter.com\/RLeinewelle?ref_src=twsrcgoogletwcampserptwgrauthor","twitter_site":"@RLeinewelle","twitter_misc":{"Verfasst von":"Leinewelle","Gesch\u00e4tzte Lesezeit":"2\u00a0Minuten"},"schema":{"@context":"https:\/\/schema.org","@graph":[{"@type":"Article","@id":"https:\/\/radioleinewelle.de\/index.php\/2023\/03\/31\/timi-und-rocky-sind-wieder-da\/#article","isPartOf":{"@id":"https:\/\/radioleinewelle.de\/index.php\/2023\/03\/31\/timi-und-rocky-sind-wieder-da\/"},"author":{"name":"Leinewelle","@id":"https:\/\/radioleinewelle.de\/#\/schema\/person\/45606f348637df637192dc1b68399a63"},"headline":"Timi und Rocky sind wieder da!","datePublished":"2023-03-31T11:29:49+00:00","dateModified":"2023-03-31T11:29:52+00:00","mainEntityOfPage":{"@id":"https:\/\/radioleinewelle.de\/index.php\/2023\/03\/31\/timi-und-rocky-sind-wieder-da\/"},"wordCount":250,"commentCount":0,"publisher":{"@id":"https:\/\/radioleinewelle.de\/#organization"},"image":{"@id":"https:\/\/radioleinewelle.de\/index.php\/2023\/03\/31\/timi-und-rocky-sind-wieder-da\/#primaryimage"},"thumbnailUrl":"https:\/\/radioleinewelle.de\/wp-content\/uploads\/2023\/03\/003-scaled-e1680262014580.jpg","articleSection":["Aktuelle Nachrichten"],"inLanguage":"de","potentialAction":[{"@type":"CommentAction","name":"Comment","target":["https:\/\/radioleinewelle.de\/index.php\/2023\/03\/31\/timi-und-rocky-sind-wieder-da\/#respond"]}]},{"@type":"WebPage","@id":"https:\/\/radioleinewelle.de\/index.php\/2023\/03\/31\/timi-und-rocky-sind-wieder-da\/","url":"https:\/\/radioleinewelle.de\/index.php\/2023\/03\/31\/timi-und-rocky-sind-wieder-da\/","name":"Timi und Rocky sind wieder da! - Radio Leinewelle","isPartOf":{"@id":"https:\/\/radioleinewelle.de\/#website"},"primaryImageOfPage":{"@id":"https:\/\/radioleinewelle.de\/index.php\/2023\/03\/31\/timi-und-rocky-sind-wieder-da\/#primaryimage"},"image":{"@id":"https:\/\/radioleinewelle.de\/index.php\/2023\/03\/31\/timi-und-rocky-sind-wieder-da\/#primaryimage"},"thumbnailUrl":"https:\/\/radioleinewelle.de\/wp-content\/uploads\/2023\/03\/003-scaled-e1680262014580.jpg","datePublished":"2023-03-31T11:29:49+00:00","dateModified":"2023-03-31T11:29:52+00:00","breadcrumb":{"@id":"https:\/\/radioleinewelle.de\/index.php\/2023\/03\/31\/timi-und-rocky-sind-wieder-da\/#breadcrumb"},"inLanguage":"de","potentialAction":[{"@type":"ReadAction","target":["https:\/\/radioleinewelle.de\/index.php\/2023\/03\/31\/timi-und-rocky-sind-wieder-da\/"]}]},{"@type":"ImageObject","inLanguage":"de","@id":"https:\/\/radioleinewelle.de\/index.php\/2023\/03\/31\/timi-und-rocky-sind-wieder-da\/#primaryimage","url":"https:\/\/radioleinewelle.de\/wp-content\/uploads\/2023\/03\/003-scaled-e1680262014580.jpg","contentUrl":"https:\/\/radioleinewelle.de\/wp-content\/uploads\/2023\/03\/003-scaled-e1680262014580.jpg","width":1000,"height":750,"caption":"Erstmal eine St\u00e4rkung"},{"@type":"BreadcrumbList","@id":"https:\/\/radioleinewelle.de\/index.php\/2023\/03\/31\/timi-und-rocky-sind-wieder-da\/#breadcrumb","itemListElement":[{"@type":"ListItem","position":1,"name":"Startseite","item":"https:\/\/radioleinewelle.de\/"},{"@type":"ListItem","position":2,"name":"Timi und Rocky sind wieder da!"}]},{"@type":"WebSite","@id":"https:\/\/radioleinewelle.de\/#website","url":"https:\/\/radioleinewelle.de\/","name":"Radio Leinewelle","description":"","publisher":{"@id":"https:\/\/radioleinewelle.de\/#organization"},"potentialAction":[{"@type":"SearchAction","target":{"@type":"EntryPoint","urlTemplate":"https:\/\/radioleinewelle.de\/?s={search_term_string}"},"query-input":{"@type":"PropertyValueSpecification","valueRequired":true,"valueName":"search_term_string"}}],"inLanguage":"de"},{"@type":"Organization","@id":"https:\/\/radioleinewelle.de\/#organization","name":"Radio Leinewelle","alternateName":"Mein Radio f\u00fcr S\u00fcdniedersachsen","url":"https:\/\/radioleinewelle.de\/","logo":{"@type":"ImageObject","inLanguage":"de","@id":"https:\/\/radioleinewelle.de\/#\/schema\/logo\/image\/","url":"https:\/\/radioleinewelle.de\/wp-content\/uploads\/2023\/11\/cropped-Leinewelle_Logo_weiss.png","contentUrl":"https:\/\/radioleinewelle.de\/wp-content\/uploads\/2023\/11\/cropped-Leinewelle_Logo_weiss.png","width":854,"height":260,"caption":"Radio Leinewelle"},"image":{"@id":"https:\/\/radioleinewelle.de\/#\/schema\/logo\/image\/"},"sameAs":["https:\/\/www.facebook.com\/radioleinewelle","https:\/\/x.com\/RLeinewelle","https:\/\/www.instagram.com\/radioleinewelle\/?hl=de"]},{"@type":"Person","@id":"https:\/\/radioleinewelle.de\/#\/schema\/person\/45606f348637df637192dc1b68399a63","name":"Leinewelle","image":{"@type":"ImageObject","inLanguage":"de","@id":"https:\/\/secure.gravatar.com\/avatar\/05c9a17bc973052ee5d91549bd32fb4dd0dc85b7b85ae94b2e2b4943476bbea5?s=96&d=blank&r=g","url":"https:\/\/secure.gravatar.com\/avatar\/05c9a17bc973052ee5d91549bd32fb4dd0dc85b7b85ae94b2e2b4943476bbea5?s=96&d=blank&r=g","contentUrl":"https:\/\/secure.gravatar.com\/avatar\/05c9a17bc973052ee5d91549bd32fb4dd0dc85b7b85ae94b2e2b4943476bbea5?s=96&d=blank&r=g","caption":"Leinewelle"},"sameAs":["http:\/\/localhost\/radio%20leinewelle\/wordpress","https:\/\/www.facebook.com\/radioleinewelle","https:\/\/www.instagram.com\/radioleinewelle","https:\/\/x.com\/https:\/\/twitter.com\/RLeinewelle?ref_src=twsrcgoogletwcampserptwgrauthor","https:\/\/soundcloud.com\/foerderverein-lokalradio?utm_source=clipboard&utm_medium=text&utm_campaign=social_sharing"],"url":"https:\/\/radioleinewelle.de\/index.php\/author\/leinewelle\/"}]}},"_links":{"self":[{"href":"https:\/\/radioleinewelle.de\/index.php\/wp-json\/wp\/v2\/posts\/22348","targetHints":{"allow":["GET"]}}],"collection":[{"href":"https:\/\/radioleinewelle.de\/index.php\/wp-json\/wp\/v2\/posts"}],"about":[{"href":"https:\/\/radioleinewelle.de\/index.php\/wp-json\/wp\/v2\/types\/post"}],"author":[{"embeddable":true,"href":"https:\/\/radioleinewelle.de\/index.php\/wp-json\/wp\/v2\/users\/1"}],"replies":[{"embeddable":true,"href":"https:\/\/radioleinewelle.de\/index.php\/wp-json\/wp\/v2\/comments?post=22348"}],"version-history":[{"count":2,"href":"https:\/\/radioleinewelle.de\/index.php\/wp-json\/wp\/v2\/posts\/22348\/revisions"}],"predecessor-version":[{"id":22351,"href":"https:\/\/radioleinewelle.de\/index.php\/wp-json\/wp\/v2\/posts\/22348\/revisions\/22351"}],"wp:featuredmedia":[{"embeddable":true,"href":"https:\/\/radioleinewelle.de\/index.php\/wp-json\/wp\/v2\/media\/22350"}],"wp:attachment":[{"href":"https:\/\/radioleinewelle.de\/index.php\/wp-json\/wp\/v2\/media?parent=22348"}],"wp:term":[{"taxonomy":"category","embeddable":true,"href":"https:\/\/radioleinewelle.de\/index.php\/wp-json\/wp\/v2\/categories?post=22348"},{"taxonomy":"post_tag","embeddable":true,"href":"https:\/\/radioleinewelle.de\/index.php\/wp-json\/wp\/v2\/tags?post=22348"}],"curies":[{"name":"wp","href":"https:\/\/api.w.org\/{rel}","templated":true}]}}