{"id":22358,"date":"2023-04-02T11:45:29","date_gmt":"2023-04-02T09:45:29","guid":{"rendered":"https:\/\/radioleinewelle.de\/?p=22358"},"modified":"2023-04-02T16:00:21","modified_gmt":"2023-04-02T14:00:21","slug":"demonstrationen-in-goettingen-verlaufen-ohne-groessere-zwischenfaelle","status":"publish","type":"post","link":"https:\/\/radioleinewelle.de\/index.php\/2023\/04\/02\/demonstrationen-in-goettingen-verlaufen-ohne-groessere-zwischenfaelle\/","title":{"rendered":"Demonstrationen in G\u00f6ttingen verlaufen ohne gr\u00f6\u00dfere Zwischenf\u00e4lle"},"content":{"rendered":"\n<p>Die sechsst\u00fcndige Demonstration von Personen aus dem &#8222;Querdenker Umfeld&#8220;, sowie die entsprechenden Gegenkundgebungen verschiedener G\u00f6ttinger Initiativen und Organisationen verliefen ohne gr\u00f6\u00dfere Zwischenf\u00e4lle. Das G\u00f6ttinger B\u00fcndnis gegen Rechts sieht in der Veranstaltung &#8222;Fr\u00fchlingserwachen f\u00fcr mehr Menschlichkeit&#8220; eine gezielte Vereinnahmung von friedens- und sozialpolitischen Themen durch das Querdenker Milieu.<\/p>\n\n\n\n<p>Die G\u00f6ttinger Polizei zeigte sich zufrieden \u00fcber den Verlauf des gestrigen Nachmittags. Zur Bew\u00e4ltigung des komplexen Einsatzes waren am Samstag insgesamt etwa rund 500 Beamtinnen und Beamte in G\u00f6ttingen im Einsatz. Die Kr\u00e4fte kamen von der Zentralen Polizeidirektion Niedersachsen, aus den Polizeidirektionen Hannover und L\u00fcneburg sowie aus mehreren Polizeiinspektionen der Polizeidirektion G\u00f6ttingen. Polizeireiter und Konfliktmanager wurden ebenfalls eingesetzt. Weiter hei\u00dft es dazu in einer Pressemitteilung der Polizei:<\/p>\n\n\n\n<p>Eine angezeigte Demonstration unter dem Motto &#8222;Fr\u00fchlingserwachen f\u00fcr mehr Menschlichkeit&#8220; und mehrere Gegenkundgebungen sind am gestrigen Samstag in G\u00f6ttingen aus Sicht der Einsatzleitung der Polizei weitestgehend ohne gr\u00f6\u00dfere Zwischenf\u00e4lle verlaufen. Die Aufzugsroute der von diversen G\u00f6ttinger Organisationen und Gruppierungen als &#8222;Querdenker-Demo&#8220; eingestuften, versammlungsrechtlichen Aktion, wurde in der Folge wiederholt blockiert.<\/p>\n\n\n\n<p>An der kritisierten &#8222;Fr\u00fchlingserwachen&#8220;-Demonstration, die am Mittag mit einer Auftaktkundgebung vor dem G\u00f6ttinger Hauptbahnhof begann und sich anschlie\u00dfend durch mehrere Stra\u00dfen der Innenstadt bewegte, beteiligten sich nach polizeilichen Sch\u00e4tzungen rund 630 Personen. Zur zentralen Gegenkundgebung, ebenfalls auf dem Bahnhofsvorplatz, fanden sich in der Spitze gesch\u00e4tzt etwa 600 Personen ein. Im weiteren Verlauf des Aufzuges kam es zu insgesamt 13 Blockadeaktionen, die teils durch Einsatzkr\u00e4fte \u00f6rtlich begrenzt und umgangen werden konnten. In f\u00fcnf F\u00e4llen wurden die Blockierer als Versammlung angesprochen und r\u00e4umlich beschr\u00e4nkt. Die Beschr\u00e4nkung musste teilweise mit Zwang in Form von k\u00f6rperlicher Gewalt durch Wegtragen oder Wegschieben durchgesetzt werden. Hierbei kamen auch Dienstpferde zum Einsatz. In diesem Zusammenhang leitete die Polizei gegen drei Blockierer Ermittlungen wegen K\u00f6rperverletzung durch Angriffe auf Polizeibeamte und Beleidigung ein. Gegen einen Teilnehmer der &#8222;Fr\u00fchlingserwachen&#8220;-Demo, der den &#8222;Hitlergru\u00df&#8220; gezeigt haben soll, wurden ebenfalls Ermittlungen aufgenommen.<\/p>\n\n\n\n<p>In der Gotmarstra\u00dfe erlitt eine Person bei einem Sturz ohne Fremdverschulden eine Kopfplatzwunde. Ein nachfolgender Polizeibeamter st\u00fcrzte \u00fcber die am Boden liegende Person. Die gest\u00fcrzte Person wurde durch Einsatzkr\u00e4fte erstversorgt und anschlie\u00dfend mit dem Rettungswagen in eine Klinik transportiert.<\/p>\n\n\n\n<p><strong>Foto:<\/strong> Kundgebung der Initiative G\u00f6ttingen gegen Rechts<\/p>\n","protected":false},"excerpt":{"rendered":"<p>Die sechsst\u00fcndige Demonstration von Personen aus dem &#8222;Querdenker Umfeld&#8220;, sowie die entsprechenden Gegenkundgebungen verschiedener G\u00f6ttinger Initiativen und Organisationen verliefen ohne gr\u00f6\u00dfere Zwischenf\u00e4lle. Das G\u00f6ttinger B\u00fcndnis gegen Rechts sieht in der Veranstaltung &#8222;Fr\u00fchlingserwachen f\u00fcr mehr Menschlichkeit&#8220; eine gezielte Vereinnahmung von friedens- und sozialpolitischen Themen durch das Querdenker Milieu. Die G\u00f6ttinger Polizei zeigte sich zufrieden \u00fcber den [&hellip;]<\/p>\n","protected":false},"author":1,"featured_media":22361,"comment_status":"open","ping_status":"open","sticky":true,"template":"","format":"standard","meta":{"saved_in_kubio":false,"footnotes":""},"categories":[24],"tags":[],"class_list":["post-22358","post","type-post","status-publish","format-standard","has-post-thumbnail","hentry","category-news"],"yoast_head":"<!-- This site is optimized with the Yoast SEO plugin v27.5 - https:\/\/yoast.com\/product\/yoast-seo-wordpress\/ -->\n<title>Demonstrationen in G\u00f6ttingen verlaufen ohne gr\u00f6\u00dfere Zwischenf\u00e4lle - Radio Leinewelle<\/title>\n<meta name=\"robots\" content=\"index, follow, max-snippet:-1, max-image-preview:large, max-video-preview:-1\" \/>\n<link rel=\"canonical\" href=\"https:\/\/radioleinewelle.de\/index.php\/2023\/04\/02\/demonstrationen-in-goettingen-verlaufen-ohne-groessere-zwischenfaelle\/\" \/>\n<meta property=\"og:locale\" content=\"de_DE\" \/>\n<meta property=\"og:type\" content=\"article\" \/>\n<meta property=\"og:title\" content=\"Demonstrationen in G\u00f6ttingen verlaufen ohne gr\u00f6\u00dfere Zwischenf\u00e4lle - Radio Leinewelle\" \/>\n<meta property=\"og:description\" content=\"Die sechsst\u00fcndige Demonstration von Personen aus dem &#8222;Querdenker Umfeld&#8220;, sowie die entsprechenden Gegenkundgebungen verschiedener G\u00f6ttinger Initiativen und Organisationen verliefen ohne gr\u00f6\u00dfere Zwischenf\u00e4lle. Das G\u00f6ttinger B\u00fcndnis gegen Rechts sieht in der Veranstaltung &#8222;Fr\u00fchlingserwachen f\u00fcr mehr Menschlichkeit&#8220; eine gezielte Vereinnahmung von friedens- und sozialpolitischen Themen durch das Querdenker Milieu. Die G\u00f6ttinger Polizei zeigte sich zufrieden \u00fcber den [&hellip;]\" \/>\n<meta property=\"og:url\" content=\"https:\/\/radioleinewelle.de\/index.php\/2023\/04\/02\/demonstrationen-in-goettingen-verlaufen-ohne-groessere-zwischenfaelle\/\" \/>\n<meta property=\"og:site_name\" content=\"Radio Leinewelle\" \/>\n<meta property=\"article:publisher\" content=\"https:\/\/www.facebook.com\/radioleinewelle\" \/>\n<meta property=\"article:author\" content=\"https:\/\/www.facebook.com\/radioleinewelle\" \/>\n<meta property=\"article:published_time\" content=\"2023-04-02T09:45:29+00:00\" \/>\n<meta property=\"article:modified_time\" content=\"2023-04-02T14:00:21+00:00\" \/>\n<meta property=\"og:image\" content=\"https:\/\/radioleinewelle.de\/wp-content\/uploads\/2023\/04\/Goettingen-gegen-Rechts.jpg\" \/>\n\t<meta property=\"og:image:width\" content=\"909\" \/>\n\t<meta property=\"og:image:height\" content=\"534\" \/>\n\t<meta property=\"og:image:type\" content=\"image\/jpeg\" \/>\n<meta name=\"author\" content=\"Leinewelle\" \/>\n<meta name=\"twitter:card\" content=\"summary_large_image\" \/>\n<meta name=\"twitter:creator\" content=\"@https:\/\/twitter.com\/RLeinewelle?ref_src=twsrcgoogletwcampserptwgrauthor\" \/>\n<meta name=\"twitter:site\" content=\"@RLeinewelle\" \/>\n<meta name=\"twitter:label1\" content=\"Verfasst von\" \/>\n\t<meta name=\"twitter:data1\" content=\"Leinewelle\" \/>\n\t<meta name=\"twitter:label2\" content=\"Gesch\u00e4tzte Lesezeit\" \/>\n\t<meta name=\"twitter:data2\" content=\"2\u00a0Minuten\" \/>\n<script type=\"application\/ld+json\" class=\"yoast-schema-graph\">{\"@context\":\"https:\\\/\\\/schema.org\",\"@graph\":[{\"@type\":\"Article\",\"@id\":\"https:\\\/\\\/radioleinewelle.de\\\/index.php\\\/2023\\\/04\\\/02\\\/demonstrationen-in-goettingen-verlaufen-ohne-groessere-zwischenfaelle\\\/#article\",\"isPartOf\":{\"@id\":\"https:\\\/\\\/radioleinewelle.de\\\/index.php\\\/2023\\\/04\\\/02\\\/demonstrationen-in-goettingen-verlaufen-ohne-groessere-zwischenfaelle\\\/\"},\"author\":{\"name\":\"Leinewelle\",\"@id\":\"https:\\\/\\\/radioleinewelle.de\\\/#\\\/schema\\\/person\\\/45606f348637df637192dc1b68399a63\"},\"headline\":\"Demonstrationen in G\u00f6ttingen verlaufen ohne gr\u00f6\u00dfere Zwischenf\u00e4lle\",\"datePublished\":\"2023-04-02T09:45:29+00:00\",\"dateModified\":\"2023-04-02T14:00:21+00:00\",\"mainEntityOfPage\":{\"@id\":\"https:\\\/\\\/radioleinewelle.de\\\/index.php\\\/2023\\\/04\\\/02\\\/demonstrationen-in-goettingen-verlaufen-ohne-groessere-zwischenfaelle\\\/\"},\"wordCount\":399,\"commentCount\":0,\"publisher\":{\"@id\":\"https:\\\/\\\/radioleinewelle.de\\\/#organization\"},\"image\":{\"@id\":\"https:\\\/\\\/radioleinewelle.de\\\/index.php\\\/2023\\\/04\\\/02\\\/demonstrationen-in-goettingen-verlaufen-ohne-groessere-zwischenfaelle\\\/#primaryimage\"},\"thumbnailUrl\":\"https:\\\/\\\/radioleinewelle.de\\\/wp-content\\\/uploads\\\/2023\\\/04\\\/Goettingen-gegen-Rechts.jpg\",\"articleSection\":[\"Aktuelle Nachrichten\"],\"inLanguage\":\"de\",\"potentialAction\":[{\"@type\":\"CommentAction\",\"name\":\"Comment\",\"target\":[\"https:\\\/\\\/radioleinewelle.de\\\/index.php\\\/2023\\\/04\\\/02\\\/demonstrationen-in-goettingen-verlaufen-ohne-groessere-zwischenfaelle\\\/#respond\"]}]},{\"@type\":\"WebPage\",\"@id\":\"https:\\\/\\\/radioleinewelle.de\\\/index.php\\\/2023\\\/04\\\/02\\\/demonstrationen-in-goettingen-verlaufen-ohne-groessere-zwischenfaelle\\\/\",\"url\":\"https:\\\/\\\/radioleinewelle.de\\\/index.php\\\/2023\\\/04\\\/02\\\/demonstrationen-in-goettingen-verlaufen-ohne-groessere-zwischenfaelle\\\/\",\"name\":\"Demonstrationen in G\u00f6ttingen verlaufen ohne gr\u00f6\u00dfere Zwischenf\u00e4lle - Radio Leinewelle\",\"isPartOf\":{\"@id\":\"https:\\\/\\\/radioleinewelle.de\\\/#website\"},\"primaryImageOfPage\":{\"@id\":\"https:\\\/\\\/radioleinewelle.de\\\/index.php\\\/2023\\\/04\\\/02\\\/demonstrationen-in-goettingen-verlaufen-ohne-groessere-zwischenfaelle\\\/#primaryimage\"},\"image\":{\"@id\":\"https:\\\/\\\/radioleinewelle.de\\\/index.php\\\/2023\\\/04\\\/02\\\/demonstrationen-in-goettingen-verlaufen-ohne-groessere-zwischenfaelle\\\/#primaryimage\"},\"thumbnailUrl\":\"https:\\\/\\\/radioleinewelle.de\\\/wp-content\\\/uploads\\\/2023\\\/04\\\/Goettingen-gegen-Rechts.jpg\",\"datePublished\":\"2023-04-02T09:45:29+00:00\",\"dateModified\":\"2023-04-02T14:00:21+00:00\",\"breadcrumb\":{\"@id\":\"https:\\\/\\\/radioleinewelle.de\\\/index.php\\\/2023\\\/04\\\/02\\\/demonstrationen-in-goettingen-verlaufen-ohne-groessere-zwischenfaelle\\\/#breadcrumb\"},\"inLanguage\":\"de\",\"potentialAction\":[{\"@type\":\"ReadAction\",\"target\":[\"https:\\\/\\\/radioleinewelle.de\\\/index.php\\\/2023\\\/04\\\/02\\\/demonstrationen-in-goettingen-verlaufen-ohne-groessere-zwischenfaelle\\\/\"]}]},{\"@type\":\"ImageObject\",\"inLanguage\":\"de\",\"@id\":\"https:\\\/\\\/radioleinewelle.de\\\/index.php\\\/2023\\\/04\\\/02\\\/demonstrationen-in-goettingen-verlaufen-ohne-groessere-zwischenfaelle\\\/#primaryimage\",\"url\":\"https:\\\/\\\/radioleinewelle.de\\\/wp-content\\\/uploads\\\/2023\\\/04\\\/Goettingen-gegen-Rechts.jpg\",\"contentUrl\":\"https:\\\/\\\/radioleinewelle.de\\\/wp-content\\\/uploads\\\/2023\\\/04\\\/Goettingen-gegen-Rechts.jpg\",\"width\":909,\"height\":534},{\"@type\":\"BreadcrumbList\",\"@id\":\"https:\\\/\\\/radioleinewelle.de\\\/index.php\\\/2023\\\/04\\\/02\\\/demonstrationen-in-goettingen-verlaufen-ohne-groessere-zwischenfaelle\\\/#breadcrumb\",\"itemListElement\":[{\"@type\":\"ListItem\",\"position\":1,\"name\":\"Startseite\",\"item\":\"https:\\\/\\\/radioleinewelle.de\\\/\"},{\"@type\":\"ListItem\",\"position\":2,\"name\":\"Demonstrationen in G\u00f6ttingen verlaufen ohne gr\u00f6\u00dfere Zwischenf\u00e4lle\"}]},{\"@type\":\"WebSite\",\"@id\":\"https:\\\/\\\/radioleinewelle.de\\\/#website\",\"url\":\"https:\\\/\\\/radioleinewelle.de\\\/\",\"name\":\"Radio Leinewelle\",\"description\":\"\",\"publisher\":{\"@id\":\"https:\\\/\\\/radioleinewelle.de\\\/#organization\"},\"potentialAction\":[{\"@type\":\"SearchAction\",\"target\":{\"@type\":\"EntryPoint\",\"urlTemplate\":\"https:\\\/\\\/radioleinewelle.de\\\/?s={search_term_string}\"},\"query-input\":{\"@type\":\"PropertyValueSpecification\",\"valueRequired\":true,\"valueName\":\"search_term_string\"}}],\"inLanguage\":\"de\"},{\"@type\":\"Organization\",\"@id\":\"https:\\\/\\\/radioleinewelle.de\\\/#organization\",\"name\":\"Radio Leinewelle\",\"alternateName\":\"Mein Radio f\u00fcr S\u00fcdniedersachsen\",\"url\":\"https:\\\/\\\/radioleinewelle.de\\\/\",\"logo\":{\"@type\":\"ImageObject\",\"inLanguage\":\"de\",\"@id\":\"https:\\\/\\\/radioleinewelle.de\\\/#\\\/schema\\\/logo\\\/image\\\/\",\"url\":\"https:\\\/\\\/radioleinewelle.de\\\/wp-content\\\/uploads\\\/2023\\\/11\\\/cropped-Leinewelle_Logo_weiss.png\",\"contentUrl\":\"https:\\\/\\\/radioleinewelle.de\\\/wp-content\\\/uploads\\\/2023\\\/11\\\/cropped-Leinewelle_Logo_weiss.png\",\"width\":854,\"height\":260,\"caption\":\"Radio Leinewelle\"},\"image\":{\"@id\":\"https:\\\/\\\/radioleinewelle.de\\\/#\\\/schema\\\/logo\\\/image\\\/\"},\"sameAs\":[\"https:\\\/\\\/www.facebook.com\\\/radioleinewelle\",\"https:\\\/\\\/x.com\\\/RLeinewelle\",\"https:\\\/\\\/www.instagram.com\\\/radioleinewelle\\\/?hl=de\"]},{\"@type\":\"Person\",\"@id\":\"https:\\\/\\\/radioleinewelle.de\\\/#\\\/schema\\\/person\\\/45606f348637df637192dc1b68399a63\",\"name\":\"Leinewelle\",\"image\":{\"@type\":\"ImageObject\",\"inLanguage\":\"de\",\"@id\":\"https:\\\/\\\/secure.gravatar.com\\\/avatar\\\/05c9a17bc973052ee5d91549bd32fb4dd0dc85b7b85ae94b2e2b4943476bbea5?s=96&d=blank&r=g\",\"url\":\"https:\\\/\\\/secure.gravatar.com\\\/avatar\\\/05c9a17bc973052ee5d91549bd32fb4dd0dc85b7b85ae94b2e2b4943476bbea5?s=96&d=blank&r=g\",\"contentUrl\":\"https:\\\/\\\/secure.gravatar.com\\\/avatar\\\/05c9a17bc973052ee5d91549bd32fb4dd0dc85b7b85ae94b2e2b4943476bbea5?s=96&d=blank&r=g\",\"caption\":\"Leinewelle\"},\"sameAs\":[\"http:\\\/\\\/localhost\\\/radio%20leinewelle\\\/wordpress\",\"https:\\\/\\\/www.facebook.com\\\/radioleinewelle\",\"https:\\\/\\\/www.instagram.com\\\/radioleinewelle\",\"https:\\\/\\\/x.com\\\/https:\\\/\\\/twitter.com\\\/RLeinewelle?ref_src=twsrcgoogletwcampserptwgrauthor\",\"https:\\\/\\\/soundcloud.com\\\/foerderverein-lokalradio?utm_source=clipboard&utm_medium=text&utm_campaign=social_sharing\"],\"url\":\"https:\\\/\\\/radioleinewelle.de\\\/index.php\\\/author\\\/leinewelle\\\/\"}]}<\/script>\n<!-- \/ Yoast SEO plugin. -->","yoast_head_json":{"title":"Demonstrationen in G\u00f6ttingen verlaufen ohne gr\u00f6\u00dfere Zwischenf\u00e4lle - Radio Leinewelle","robots":{"index":"index","follow":"follow","max-snippet":"max-snippet:-1","max-image-preview":"max-image-preview:large","max-video-preview":"max-video-preview:-1"},"canonical":"https:\/\/radioleinewelle.de\/index.php\/2023\/04\/02\/demonstrationen-in-goettingen-verlaufen-ohne-groessere-zwischenfaelle\/","og_locale":"de_DE","og_type":"article","og_title":"Demonstrationen in G\u00f6ttingen verlaufen ohne gr\u00f6\u00dfere Zwischenf\u00e4lle - Radio Leinewelle","og_description":"Die sechsst\u00fcndige Demonstration von Personen aus dem &#8222;Querdenker Umfeld&#8220;, sowie die entsprechenden Gegenkundgebungen verschiedener G\u00f6ttinger Initiativen und Organisationen verliefen ohne gr\u00f6\u00dfere Zwischenf\u00e4lle. Das G\u00f6ttinger B\u00fcndnis gegen Rechts sieht in der Veranstaltung &#8222;Fr\u00fchlingserwachen f\u00fcr mehr Menschlichkeit&#8220; eine gezielte Vereinnahmung von friedens- und sozialpolitischen Themen durch das Querdenker Milieu. Die G\u00f6ttinger Polizei zeigte sich zufrieden \u00fcber den [&hellip;]","og_url":"https:\/\/radioleinewelle.de\/index.php\/2023\/04\/02\/demonstrationen-in-goettingen-verlaufen-ohne-groessere-zwischenfaelle\/","og_site_name":"Radio Leinewelle","article_publisher":"https:\/\/www.facebook.com\/radioleinewelle","article_author":"https:\/\/www.facebook.com\/radioleinewelle","article_published_time":"2023-04-02T09:45:29+00:00","article_modified_time":"2023-04-02T14:00:21+00:00","og_image":[{"width":909,"height":534,"url":"https:\/\/radioleinewelle.de\/wp-content\/uploads\/2023\/04\/Goettingen-gegen-Rechts.jpg","type":"image\/jpeg"}],"author":"Leinewelle","twitter_card":"summary_large_image","twitter_creator":"@https:\/\/twitter.com\/RLeinewelle?ref_src=twsrcgoogletwcampserptwgrauthor","twitter_site":"@RLeinewelle","twitter_misc":{"Verfasst von":"Leinewelle","Gesch\u00e4tzte Lesezeit":"2\u00a0Minuten"},"schema":{"@context":"https:\/\/schema.org","@graph":[{"@type":"Article","@id":"https:\/\/radioleinewelle.de\/index.php\/2023\/04\/02\/demonstrationen-in-goettingen-verlaufen-ohne-groessere-zwischenfaelle\/#article","isPartOf":{"@id":"https:\/\/radioleinewelle.de\/index.php\/2023\/04\/02\/demonstrationen-in-goettingen-verlaufen-ohne-groessere-zwischenfaelle\/"},"author":{"name":"Leinewelle","@id":"https:\/\/radioleinewelle.de\/#\/schema\/person\/45606f348637df637192dc1b68399a63"},"headline":"Demonstrationen in G\u00f6ttingen verlaufen ohne gr\u00f6\u00dfere Zwischenf\u00e4lle","datePublished":"2023-04-02T09:45:29+00:00","dateModified":"2023-04-02T14:00:21+00:00","mainEntityOfPage":{"@id":"https:\/\/radioleinewelle.de\/index.php\/2023\/04\/02\/demonstrationen-in-goettingen-verlaufen-ohne-groessere-zwischenfaelle\/"},"wordCount":399,"commentCount":0,"publisher":{"@id":"https:\/\/radioleinewelle.de\/#organization"},"image":{"@id":"https:\/\/radioleinewelle.de\/index.php\/2023\/04\/02\/demonstrationen-in-goettingen-verlaufen-ohne-groessere-zwischenfaelle\/#primaryimage"},"thumbnailUrl":"https:\/\/radioleinewelle.de\/wp-content\/uploads\/2023\/04\/Goettingen-gegen-Rechts.jpg","articleSection":["Aktuelle Nachrichten"],"inLanguage":"de","potentialAction":[{"@type":"CommentAction","name":"Comment","target":["https:\/\/radioleinewelle.de\/index.php\/2023\/04\/02\/demonstrationen-in-goettingen-verlaufen-ohne-groessere-zwischenfaelle\/#respond"]}]},{"@type":"WebPage","@id":"https:\/\/radioleinewelle.de\/index.php\/2023\/04\/02\/demonstrationen-in-goettingen-verlaufen-ohne-groessere-zwischenfaelle\/","url":"https:\/\/radioleinewelle.de\/index.php\/2023\/04\/02\/demonstrationen-in-goettingen-verlaufen-ohne-groessere-zwischenfaelle\/","name":"Demonstrationen in G\u00f6ttingen verlaufen ohne gr\u00f6\u00dfere Zwischenf\u00e4lle - Radio Leinewelle","isPartOf":{"@id":"https:\/\/radioleinewelle.de\/#website"},"primaryImageOfPage":{"@id":"https:\/\/radioleinewelle.de\/index.php\/2023\/04\/02\/demonstrationen-in-goettingen-verlaufen-ohne-groessere-zwischenfaelle\/#primaryimage"},"image":{"@id":"https:\/\/radioleinewelle.de\/index.php\/2023\/04\/02\/demonstrationen-in-goettingen-verlaufen-ohne-groessere-zwischenfaelle\/#primaryimage"},"thumbnailUrl":"https:\/\/radioleinewelle.de\/wp-content\/uploads\/2023\/04\/Goettingen-gegen-Rechts.jpg","datePublished":"2023-04-02T09:45:29+00:00","dateModified":"2023-04-02T14:00:21+00:00","breadcrumb":{"@id":"https:\/\/radioleinewelle.de\/index.php\/2023\/04\/02\/demonstrationen-in-goettingen-verlaufen-ohne-groessere-zwischenfaelle\/#breadcrumb"},"inLanguage":"de","potentialAction":[{"@type":"ReadAction","target":["https:\/\/radioleinewelle.de\/index.php\/2023\/04\/02\/demonstrationen-in-goettingen-verlaufen-ohne-groessere-zwischenfaelle\/"]}]},{"@type":"ImageObject","inLanguage":"de","@id":"https:\/\/radioleinewelle.de\/index.php\/2023\/04\/02\/demonstrationen-in-goettingen-verlaufen-ohne-groessere-zwischenfaelle\/#primaryimage","url":"https:\/\/radioleinewelle.de\/wp-content\/uploads\/2023\/04\/Goettingen-gegen-Rechts.jpg","contentUrl":"https:\/\/radioleinewelle.de\/wp-content\/uploads\/2023\/04\/Goettingen-gegen-Rechts.jpg","width":909,"height":534},{"@type":"BreadcrumbList","@id":"https:\/\/radioleinewelle.de\/index.php\/2023\/04\/02\/demonstrationen-in-goettingen-verlaufen-ohne-groessere-zwischenfaelle\/#breadcrumb","itemListElement":[{"@type":"ListItem","position":1,"name":"Startseite","item":"https:\/\/radioleinewelle.de\/"},{"@type":"ListItem","position":2,"name":"Demonstrationen in G\u00f6ttingen verlaufen ohne gr\u00f6\u00dfere Zwischenf\u00e4lle"}]},{"@type":"WebSite","@id":"https:\/\/radioleinewelle.de\/#website","url":"https:\/\/radioleinewelle.de\/","name":"Radio Leinewelle","description":"","publisher":{"@id":"https:\/\/radioleinewelle.de\/#organization"},"potentialAction":[{"@type":"SearchAction","target":{"@type":"EntryPoint","urlTemplate":"https:\/\/radioleinewelle.de\/?s={search_term_string}"},"query-input":{"@type":"PropertyValueSpecification","valueRequired":true,"valueName":"search_term_string"}}],"inLanguage":"de"},{"@type":"Organization","@id":"https:\/\/radioleinewelle.de\/#organization","name":"Radio Leinewelle","alternateName":"Mein Radio f\u00fcr S\u00fcdniedersachsen","url":"https:\/\/radioleinewelle.de\/","logo":{"@type":"ImageObject","inLanguage":"de","@id":"https:\/\/radioleinewelle.de\/#\/schema\/logo\/image\/","url":"https:\/\/radioleinewelle.de\/wp-content\/uploads\/2023\/11\/cropped-Leinewelle_Logo_weiss.png","contentUrl":"https:\/\/radioleinewelle.de\/wp-content\/uploads\/2023\/11\/cropped-Leinewelle_Logo_weiss.png","width":854,"height":260,"caption":"Radio Leinewelle"},"image":{"@id":"https:\/\/radioleinewelle.de\/#\/schema\/logo\/image\/"},"sameAs":["https:\/\/www.facebook.com\/radioleinewelle","https:\/\/x.com\/RLeinewelle","https:\/\/www.instagram.com\/radioleinewelle\/?hl=de"]},{"@type":"Person","@id":"https:\/\/radioleinewelle.de\/#\/schema\/person\/45606f348637df637192dc1b68399a63","name":"Leinewelle","image":{"@type":"ImageObject","inLanguage":"de","@id":"https:\/\/secure.gravatar.com\/avatar\/05c9a17bc973052ee5d91549bd32fb4dd0dc85b7b85ae94b2e2b4943476bbea5?s=96&d=blank&r=g","url":"https:\/\/secure.gravatar.com\/avatar\/05c9a17bc973052ee5d91549bd32fb4dd0dc85b7b85ae94b2e2b4943476bbea5?s=96&d=blank&r=g","contentUrl":"https:\/\/secure.gravatar.com\/avatar\/05c9a17bc973052ee5d91549bd32fb4dd0dc85b7b85ae94b2e2b4943476bbea5?s=96&d=blank&r=g","caption":"Leinewelle"},"sameAs":["http:\/\/localhost\/radio%20leinewelle\/wordpress","https:\/\/www.facebook.com\/radioleinewelle","https:\/\/www.instagram.com\/radioleinewelle","https:\/\/x.com\/https:\/\/twitter.com\/RLeinewelle?ref_src=twsrcgoogletwcampserptwgrauthor","https:\/\/soundcloud.com\/foerderverein-lokalradio?utm_source=clipboard&utm_medium=text&utm_campaign=social_sharing"],"url":"https:\/\/radioleinewelle.de\/index.php\/author\/leinewelle\/"}]}},"_links":{"self":[{"href":"https:\/\/radioleinewelle.de\/index.php\/wp-json\/wp\/v2\/posts\/22358","targetHints":{"allow":["GET"]}}],"collection":[{"href":"https:\/\/radioleinewelle.de\/index.php\/wp-json\/wp\/v2\/posts"}],"about":[{"href":"https:\/\/radioleinewelle.de\/index.php\/wp-json\/wp\/v2\/types\/post"}],"author":[{"embeddable":true,"href":"https:\/\/radioleinewelle.de\/index.php\/wp-json\/wp\/v2\/users\/1"}],"replies":[{"embeddable":true,"href":"https:\/\/radioleinewelle.de\/index.php\/wp-json\/wp\/v2\/comments?post=22358"}],"version-history":[{"count":3,"href":"https:\/\/radioleinewelle.de\/index.php\/wp-json\/wp\/v2\/posts\/22358\/revisions"}],"predecessor-version":[{"id":22362,"href":"https:\/\/radioleinewelle.de\/index.php\/wp-json\/wp\/v2\/posts\/22358\/revisions\/22362"}],"wp:featuredmedia":[{"embeddable":true,"href":"https:\/\/radioleinewelle.de\/index.php\/wp-json\/wp\/v2\/media\/22361"}],"wp:attachment":[{"href":"https:\/\/radioleinewelle.de\/index.php\/wp-json\/wp\/v2\/media?parent=22358"}],"wp:term":[{"taxonomy":"category","embeddable":true,"href":"https:\/\/radioleinewelle.de\/index.php\/wp-json\/wp\/v2\/categories?post=22358"},{"taxonomy":"post_tag","embeddable":true,"href":"https:\/\/radioleinewelle.de\/index.php\/wp-json\/wp\/v2\/tags?post=22358"}],"curies":[{"name":"wp","href":"https:\/\/api.w.org\/{rel}","templated":true}]}}