{"id":22411,"date":"2023-04-17T07:45:32","date_gmt":"2023-04-17T05:45:32","guid":{"rendered":"https:\/\/radioleinewelle.de\/?p=22411"},"modified":"2023-04-17T07:45:35","modified_gmt":"2023-04-17T05:45:35","slug":"jana-jaeger-ist-neue-pastorin-in-goettingen-grone","status":"publish","type":"post","link":"https:\/\/radioleinewelle.de\/index.php\/2023\/04\/17\/jana-jaeger-ist-neue-pastorin-in-goettingen-grone\/","title":{"rendered":"Jana J\u00e4ger ist neue Pastorin in G\u00f6ttingen-Grone"},"content":{"rendered":"\n<p>Jana J\u00e4ger ist neue Pastorin in G\u00f6ttingen-Grone. In einem festlichen Gottesdienst in der Groner St.-Petri-Kirche hat Regionalbisch\u00f6fin Dr. Adelheid Ruck-Schr\u00f6der die 36-j\u00e4hrige Theologin am Samstag zur Pastorin ordiniert. \u201eSie denken \u00fcber den Tellerrand hinaus und vereinen in Ihrer Person verschiedene kirchliche Berufe und tragen sozusagen ein inneres Team in sich,\u201c sagte die Regionalbisch\u00f6fin. F\u00fcr J\u00e4ger, die ihr Vikariat zuletzt im Gemeindeverbund Radolfshausen in den D\u00f6rfern Waake und Eberg\u00f6tzen absolviert hat, ist es die erste Pfarrstelle.<\/p>\n\n\n\n<p>Nach der Mittleren Reife hatte die geb\u00fcrtige Kielerin zun\u00e4chst eine Ausbildung zur sozialp\u00e4dagogischen Assistentin absolviert und studierte danach Religionsp\u00e4dagogik, Diakonie und Soziale Arbeit in Hannover. Dass J\u00e4ger dann Evangelische Theologie studiert habe, sei im R\u00fcckblick eine F\u00fcgung gewesen, so Dr. Ruck-Schr\u00f6der in ihrer Ordinationsansprache: \u201eSie haben enorme Widerst\u00e4nde \u00fcberwunden und Kr\u00e4fte gesammelt. Hut ab, wie Sie das geschafft haben!\u201c<\/p>\n\n\n\n<p>Bei der Ordination assistierten der Regionalbisch\u00f6fin neben J\u00e4gers Vikariatsleiterin, Pastorin Wiebke Vielhauer, Pastorin Julia Krohmer, Diakon Sascha Weinkauf sowie der Kirchenvorstandsvorsitzende der Jonagemeinde, Frank Wedekind.<\/p>\n\n\n\n<p>Die F\u00e4higkeit, aufeinander zuzugehen, die eigene Komfortzone zu verlassen, Schwellen zu \u00fcberschreiben, sei f\u00fcr sie ein sch\u00f6nes Bild einer offenen Kirche in der Gesellschaft, so die Regionalbisch\u00f6fin. F\u00fcr die \u00d6kumene nahm der katholische Dechant Wigbert Schwarze an der Ordination teil: \u201eIch bin von der \u00d6kumene absolut \u00fcberzeugt, gemeinsam k\u00f6nnen wir noch viel mehr bewirken!\u201c<\/p>\n\n\n\n<p>Neben vielen Gronerinnen und Gronern sowie Vertreter*innen von Vereinen und Kommune, waren auch viele Weggef\u00e4hrt*innen in die vollbesetzte St.-Petri-Kirche gekommen.<\/p>\n\n\n\n<p>Nach Ihrer Ordination und zahlreichen Gru\u00dfworten dankte Jana J\u00e4ger den Anwesenden: \u201eGrone ist ein Stadtteil mit ganz viel Leben und ich bin dankbar, meinen Dienst hier beginnen zu d\u00fcrfen.\u201c<\/p>\n\n\n\n<p><strong>Foto:<\/strong> Regionalbisch\u00f6fin Dr. Adelheid Ruck-Schr\u00f6der (Mitte mit Kreuz) und rechts daneben Pastorin Jana J\u00e4ger mit vielen Mitwirkenden der Ordination.\u00a9Ev.-luth. Landeskirche Hannovers Sprengel Hildesheim-G\u00f6ttingen<\/p>\n","protected":false},"excerpt":{"rendered":"<p>Jana J\u00e4ger ist neue Pastorin in G\u00f6ttingen-Grone. In einem festlichen Gottesdienst in der Groner St.-Petri-Kirche hat Regionalbisch\u00f6fin Dr. Adelheid Ruck-Schr\u00f6der die 36-j\u00e4hrige Theologin am Samstag zur Pastorin ordiniert. \u201eSie denken \u00fcber den Tellerrand hinaus und vereinen in Ihrer Person verschiedene kirchliche Berufe und tragen sozusagen ein inneres Team in sich,\u201c sagte die Regionalbisch\u00f6fin. F\u00fcr J\u00e4ger, [&hellip;]<\/p>\n","protected":false},"author":1,"featured_media":22413,"comment_status":"open","ping_status":"open","sticky":true,"template":"","format":"standard","meta":{"saved_in_kubio":false,"footnotes":""},"categories":[3882],"tags":[3945,3943,3942,3944],"class_list":["post-22411","post","type-post","status-publish","format-standard","has-post-thumbnail","hentry","category-kirche","tag-adelheid-ruck-schroeder","tag-goettingen-grone","tag-jana-jaeger","tag-st-petri-kirche"],"yoast_head":"<!-- This site is optimized with the Yoast SEO plugin v27.5 - https:\/\/yoast.com\/product\/yoast-seo-wordpress\/ -->\n<title>Jana J\u00e4ger ist neue Pastorin in G\u00f6ttingen-Grone - Radio Leinewelle<\/title>\n<meta name=\"robots\" content=\"index, follow, max-snippet:-1, max-image-preview:large, max-video-preview:-1\" \/>\n<link rel=\"canonical\" href=\"https:\/\/radioleinewelle.de\/index.php\/2023\/04\/17\/jana-jaeger-ist-neue-pastorin-in-goettingen-grone\/\" \/>\n<meta property=\"og:locale\" content=\"de_DE\" \/>\n<meta property=\"og:type\" content=\"article\" \/>\n<meta property=\"og:title\" content=\"Jana J\u00e4ger ist neue Pastorin in G\u00f6ttingen-Grone - Radio Leinewelle\" \/>\n<meta property=\"og:description\" content=\"Jana J\u00e4ger ist neue Pastorin in G\u00f6ttingen-Grone. In einem festlichen Gottesdienst in der Groner St.-Petri-Kirche hat Regionalbisch\u00f6fin Dr. Adelheid Ruck-Schr\u00f6der die 36-j\u00e4hrige Theologin am Samstag zur Pastorin ordiniert. \u201eSie denken \u00fcber den Tellerrand hinaus und vereinen in Ihrer Person verschiedene kirchliche Berufe und tragen sozusagen ein inneres Team in sich,\u201c sagte die Regionalbisch\u00f6fin. F\u00fcr J\u00e4ger, [&hellip;]\" \/>\n<meta property=\"og:url\" content=\"https:\/\/radioleinewelle.de\/index.php\/2023\/04\/17\/jana-jaeger-ist-neue-pastorin-in-goettingen-grone\/\" \/>\n<meta property=\"og:site_name\" content=\"Radio Leinewelle\" \/>\n<meta property=\"article:publisher\" content=\"https:\/\/www.facebook.com\/radioleinewelle\" \/>\n<meta property=\"article:author\" content=\"https:\/\/www.facebook.com\/radioleinewelle\" \/>\n<meta property=\"article:published_time\" content=\"2023-04-17T05:45:32+00:00\" \/>\n<meta property=\"article:modified_time\" content=\"2023-04-17T05:45:35+00:00\" \/>\n<meta property=\"og:image\" content=\"https:\/\/radioleinewelle.de\/wp-content\/uploads\/2023\/04\/Jana-Jaeger-scaled-e1681710312741.jpg\" \/>\n\t<meta property=\"og:image:width\" content=\"1000\" \/>\n\t<meta property=\"og:image:height\" content=\"674\" \/>\n\t<meta property=\"og:image:type\" content=\"image\/jpeg\" \/>\n<meta name=\"author\" content=\"Leinewelle\" \/>\n<meta name=\"twitter:card\" content=\"summary_large_image\" \/>\n<meta name=\"twitter:creator\" content=\"@https:\/\/twitter.com\/RLeinewelle?ref_src=twsrcgoogletwcampserptwgrauthor\" \/>\n<meta name=\"twitter:site\" content=\"@RLeinewelle\" \/>\n<meta name=\"twitter:label1\" content=\"Verfasst von\" \/>\n\t<meta name=\"twitter:data1\" content=\"Leinewelle\" \/>\n\t<meta name=\"twitter:label2\" content=\"Gesch\u00e4tzte Lesezeit\" \/>\n\t<meta name=\"twitter:data2\" content=\"2\u00a0Minuten\" \/>\n<script type=\"application\/ld+json\" class=\"yoast-schema-graph\">{\"@context\":\"https:\\\/\\\/schema.org\",\"@graph\":[{\"@type\":\"Article\",\"@id\":\"https:\\\/\\\/radioleinewelle.de\\\/index.php\\\/2023\\\/04\\\/17\\\/jana-jaeger-ist-neue-pastorin-in-goettingen-grone\\\/#article\",\"isPartOf\":{\"@id\":\"https:\\\/\\\/radioleinewelle.de\\\/index.php\\\/2023\\\/04\\\/17\\\/jana-jaeger-ist-neue-pastorin-in-goettingen-grone\\\/\"},\"author\":{\"name\":\"Leinewelle\",\"@id\":\"https:\\\/\\\/radioleinewelle.de\\\/#\\\/schema\\\/person\\\/45606f348637df637192dc1b68399a63\"},\"headline\":\"Jana J\u00e4ger ist neue Pastorin in G\u00f6ttingen-Grone\",\"datePublished\":\"2023-04-17T05:45:32+00:00\",\"dateModified\":\"2023-04-17T05:45:35+00:00\",\"mainEntityOfPage\":{\"@id\":\"https:\\\/\\\/radioleinewelle.de\\\/index.php\\\/2023\\\/04\\\/17\\\/jana-jaeger-ist-neue-pastorin-in-goettingen-grone\\\/\"},\"wordCount\":336,\"commentCount\":0,\"publisher\":{\"@id\":\"https:\\\/\\\/radioleinewelle.de\\\/#organization\"},\"image\":{\"@id\":\"https:\\\/\\\/radioleinewelle.de\\\/index.php\\\/2023\\\/04\\\/17\\\/jana-jaeger-ist-neue-pastorin-in-goettingen-grone\\\/#primaryimage\"},\"thumbnailUrl\":\"https:\\\/\\\/radioleinewelle.de\\\/wp-content\\\/uploads\\\/2023\\\/04\\\/Jana-Jaeger-scaled-e1681710312741.jpg\",\"keywords\":[\"Adelheid Ruck-Schr\u00f6der\",\"G\u00f6ttingen-Grone\",\"Jana J\u00e4ger\",\"St.-Petri-Kirche\"],\"articleSection\":[\"Kirche\"],\"inLanguage\":\"de\",\"potentialAction\":[{\"@type\":\"CommentAction\",\"name\":\"Comment\",\"target\":[\"https:\\\/\\\/radioleinewelle.de\\\/index.php\\\/2023\\\/04\\\/17\\\/jana-jaeger-ist-neue-pastorin-in-goettingen-grone\\\/#respond\"]}]},{\"@type\":\"WebPage\",\"@id\":\"https:\\\/\\\/radioleinewelle.de\\\/index.php\\\/2023\\\/04\\\/17\\\/jana-jaeger-ist-neue-pastorin-in-goettingen-grone\\\/\",\"url\":\"https:\\\/\\\/radioleinewelle.de\\\/index.php\\\/2023\\\/04\\\/17\\\/jana-jaeger-ist-neue-pastorin-in-goettingen-grone\\\/\",\"name\":\"Jana J\u00e4ger ist neue Pastorin in G\u00f6ttingen-Grone - Radio Leinewelle\",\"isPartOf\":{\"@id\":\"https:\\\/\\\/radioleinewelle.de\\\/#website\"},\"primaryImageOfPage\":{\"@id\":\"https:\\\/\\\/radioleinewelle.de\\\/index.php\\\/2023\\\/04\\\/17\\\/jana-jaeger-ist-neue-pastorin-in-goettingen-grone\\\/#primaryimage\"},\"image\":{\"@id\":\"https:\\\/\\\/radioleinewelle.de\\\/index.php\\\/2023\\\/04\\\/17\\\/jana-jaeger-ist-neue-pastorin-in-goettingen-grone\\\/#primaryimage\"},\"thumbnailUrl\":\"https:\\\/\\\/radioleinewelle.de\\\/wp-content\\\/uploads\\\/2023\\\/04\\\/Jana-Jaeger-scaled-e1681710312741.jpg\",\"datePublished\":\"2023-04-17T05:45:32+00:00\",\"dateModified\":\"2023-04-17T05:45:35+00:00\",\"breadcrumb\":{\"@id\":\"https:\\\/\\\/radioleinewelle.de\\\/index.php\\\/2023\\\/04\\\/17\\\/jana-jaeger-ist-neue-pastorin-in-goettingen-grone\\\/#breadcrumb\"},\"inLanguage\":\"de\",\"potentialAction\":[{\"@type\":\"ReadAction\",\"target\":[\"https:\\\/\\\/radioleinewelle.de\\\/index.php\\\/2023\\\/04\\\/17\\\/jana-jaeger-ist-neue-pastorin-in-goettingen-grone\\\/\"]}]},{\"@type\":\"ImageObject\",\"inLanguage\":\"de\",\"@id\":\"https:\\\/\\\/radioleinewelle.de\\\/index.php\\\/2023\\\/04\\\/17\\\/jana-jaeger-ist-neue-pastorin-in-goettingen-grone\\\/#primaryimage\",\"url\":\"https:\\\/\\\/radioleinewelle.de\\\/wp-content\\\/uploads\\\/2023\\\/04\\\/Jana-Jaeger-scaled-e1681710312741.jpg\",\"contentUrl\":\"https:\\\/\\\/radioleinewelle.de\\\/wp-content\\\/uploads\\\/2023\\\/04\\\/Jana-Jaeger-scaled-e1681710312741.jpg\",\"width\":1000,\"height\":674},{\"@type\":\"BreadcrumbList\",\"@id\":\"https:\\\/\\\/radioleinewelle.de\\\/index.php\\\/2023\\\/04\\\/17\\\/jana-jaeger-ist-neue-pastorin-in-goettingen-grone\\\/#breadcrumb\",\"itemListElement\":[{\"@type\":\"ListItem\",\"position\":1,\"name\":\"Startseite\",\"item\":\"https:\\\/\\\/radioleinewelle.de\\\/\"},{\"@type\":\"ListItem\",\"position\":2,\"name\":\"Jana J\u00e4ger ist neue Pastorin in G\u00f6ttingen-Grone\"}]},{\"@type\":\"WebSite\",\"@id\":\"https:\\\/\\\/radioleinewelle.de\\\/#website\",\"url\":\"https:\\\/\\\/radioleinewelle.de\\\/\",\"name\":\"Radio Leinewelle\",\"description\":\"\",\"publisher\":{\"@id\":\"https:\\\/\\\/radioleinewelle.de\\\/#organization\"},\"potentialAction\":[{\"@type\":\"SearchAction\",\"target\":{\"@type\":\"EntryPoint\",\"urlTemplate\":\"https:\\\/\\\/radioleinewelle.de\\\/?s={search_term_string}\"},\"query-input\":{\"@type\":\"PropertyValueSpecification\",\"valueRequired\":true,\"valueName\":\"search_term_string\"}}],\"inLanguage\":\"de\"},{\"@type\":\"Organization\",\"@id\":\"https:\\\/\\\/radioleinewelle.de\\\/#organization\",\"name\":\"Radio Leinewelle\",\"alternateName\":\"Mein Radio f\u00fcr S\u00fcdniedersachsen\",\"url\":\"https:\\\/\\\/radioleinewelle.de\\\/\",\"logo\":{\"@type\":\"ImageObject\",\"inLanguage\":\"de\",\"@id\":\"https:\\\/\\\/radioleinewelle.de\\\/#\\\/schema\\\/logo\\\/image\\\/\",\"url\":\"https:\\\/\\\/radioleinewelle.de\\\/wp-content\\\/uploads\\\/2023\\\/11\\\/cropped-Leinewelle_Logo_weiss.png\",\"contentUrl\":\"https:\\\/\\\/radioleinewelle.de\\\/wp-content\\\/uploads\\\/2023\\\/11\\\/cropped-Leinewelle_Logo_weiss.png\",\"width\":854,\"height\":260,\"caption\":\"Radio Leinewelle\"},\"image\":{\"@id\":\"https:\\\/\\\/radioleinewelle.de\\\/#\\\/schema\\\/logo\\\/image\\\/\"},\"sameAs\":[\"https:\\\/\\\/www.facebook.com\\\/radioleinewelle\",\"https:\\\/\\\/x.com\\\/RLeinewelle\",\"https:\\\/\\\/www.instagram.com\\\/radioleinewelle\\\/?hl=de\"]},{\"@type\":\"Person\",\"@id\":\"https:\\\/\\\/radioleinewelle.de\\\/#\\\/schema\\\/person\\\/45606f348637df637192dc1b68399a63\",\"name\":\"Leinewelle\",\"image\":{\"@type\":\"ImageObject\",\"inLanguage\":\"de\",\"@id\":\"https:\\\/\\\/secure.gravatar.com\\\/avatar\\\/05c9a17bc973052ee5d91549bd32fb4dd0dc85b7b85ae94b2e2b4943476bbea5?s=96&d=blank&r=g\",\"url\":\"https:\\\/\\\/secure.gravatar.com\\\/avatar\\\/05c9a17bc973052ee5d91549bd32fb4dd0dc85b7b85ae94b2e2b4943476bbea5?s=96&d=blank&r=g\",\"contentUrl\":\"https:\\\/\\\/secure.gravatar.com\\\/avatar\\\/05c9a17bc973052ee5d91549bd32fb4dd0dc85b7b85ae94b2e2b4943476bbea5?s=96&d=blank&r=g\",\"caption\":\"Leinewelle\"},\"sameAs\":[\"http:\\\/\\\/localhost\\\/radio%20leinewelle\\\/wordpress\",\"https:\\\/\\\/www.facebook.com\\\/radioleinewelle\",\"https:\\\/\\\/www.instagram.com\\\/radioleinewelle\",\"https:\\\/\\\/x.com\\\/https:\\\/\\\/twitter.com\\\/RLeinewelle?ref_src=twsrcgoogletwcampserptwgrauthor\",\"https:\\\/\\\/soundcloud.com\\\/foerderverein-lokalradio?utm_source=clipboard&utm_medium=text&utm_campaign=social_sharing\"],\"url\":\"https:\\\/\\\/radioleinewelle.de\\\/index.php\\\/author\\\/leinewelle\\\/\"}]}<\/script>\n<!-- \/ Yoast SEO plugin. -->","yoast_head_json":{"title":"Jana J\u00e4ger ist neue Pastorin in G\u00f6ttingen-Grone - Radio Leinewelle","robots":{"index":"index","follow":"follow","max-snippet":"max-snippet:-1","max-image-preview":"max-image-preview:large","max-video-preview":"max-video-preview:-1"},"canonical":"https:\/\/radioleinewelle.de\/index.php\/2023\/04\/17\/jana-jaeger-ist-neue-pastorin-in-goettingen-grone\/","og_locale":"de_DE","og_type":"article","og_title":"Jana J\u00e4ger ist neue Pastorin in G\u00f6ttingen-Grone - Radio Leinewelle","og_description":"Jana J\u00e4ger ist neue Pastorin in G\u00f6ttingen-Grone. In einem festlichen Gottesdienst in der Groner St.-Petri-Kirche hat Regionalbisch\u00f6fin Dr. Adelheid Ruck-Schr\u00f6der die 36-j\u00e4hrige Theologin am Samstag zur Pastorin ordiniert. \u201eSie denken \u00fcber den Tellerrand hinaus und vereinen in Ihrer Person verschiedene kirchliche Berufe und tragen sozusagen ein inneres Team in sich,\u201c sagte die Regionalbisch\u00f6fin. F\u00fcr J\u00e4ger, [&hellip;]","og_url":"https:\/\/radioleinewelle.de\/index.php\/2023\/04\/17\/jana-jaeger-ist-neue-pastorin-in-goettingen-grone\/","og_site_name":"Radio Leinewelle","article_publisher":"https:\/\/www.facebook.com\/radioleinewelle","article_author":"https:\/\/www.facebook.com\/radioleinewelle","article_published_time":"2023-04-17T05:45:32+00:00","article_modified_time":"2023-04-17T05:45:35+00:00","og_image":[{"width":1000,"height":674,"url":"https:\/\/radioleinewelle.de\/wp-content\/uploads\/2023\/04\/Jana-Jaeger-scaled-e1681710312741.jpg","type":"image\/jpeg"}],"author":"Leinewelle","twitter_card":"summary_large_image","twitter_creator":"@https:\/\/twitter.com\/RLeinewelle?ref_src=twsrcgoogletwcampserptwgrauthor","twitter_site":"@RLeinewelle","twitter_misc":{"Verfasst von":"Leinewelle","Gesch\u00e4tzte Lesezeit":"2\u00a0Minuten"},"schema":{"@context":"https:\/\/schema.org","@graph":[{"@type":"Article","@id":"https:\/\/radioleinewelle.de\/index.php\/2023\/04\/17\/jana-jaeger-ist-neue-pastorin-in-goettingen-grone\/#article","isPartOf":{"@id":"https:\/\/radioleinewelle.de\/index.php\/2023\/04\/17\/jana-jaeger-ist-neue-pastorin-in-goettingen-grone\/"},"author":{"name":"Leinewelle","@id":"https:\/\/radioleinewelle.de\/#\/schema\/person\/45606f348637df637192dc1b68399a63"},"headline":"Jana J\u00e4ger ist neue Pastorin in G\u00f6ttingen-Grone","datePublished":"2023-04-17T05:45:32+00:00","dateModified":"2023-04-17T05:45:35+00:00","mainEntityOfPage":{"@id":"https:\/\/radioleinewelle.de\/index.php\/2023\/04\/17\/jana-jaeger-ist-neue-pastorin-in-goettingen-grone\/"},"wordCount":336,"commentCount":0,"publisher":{"@id":"https:\/\/radioleinewelle.de\/#organization"},"image":{"@id":"https:\/\/radioleinewelle.de\/index.php\/2023\/04\/17\/jana-jaeger-ist-neue-pastorin-in-goettingen-grone\/#primaryimage"},"thumbnailUrl":"https:\/\/radioleinewelle.de\/wp-content\/uploads\/2023\/04\/Jana-Jaeger-scaled-e1681710312741.jpg","keywords":["Adelheid Ruck-Schr\u00f6der","G\u00f6ttingen-Grone","Jana J\u00e4ger","St.-Petri-Kirche"],"articleSection":["Kirche"],"inLanguage":"de","potentialAction":[{"@type":"CommentAction","name":"Comment","target":["https:\/\/radioleinewelle.de\/index.php\/2023\/04\/17\/jana-jaeger-ist-neue-pastorin-in-goettingen-grone\/#respond"]}]},{"@type":"WebPage","@id":"https:\/\/radioleinewelle.de\/index.php\/2023\/04\/17\/jana-jaeger-ist-neue-pastorin-in-goettingen-grone\/","url":"https:\/\/radioleinewelle.de\/index.php\/2023\/04\/17\/jana-jaeger-ist-neue-pastorin-in-goettingen-grone\/","name":"Jana J\u00e4ger ist neue Pastorin in G\u00f6ttingen-Grone - Radio Leinewelle","isPartOf":{"@id":"https:\/\/radioleinewelle.de\/#website"},"primaryImageOfPage":{"@id":"https:\/\/radioleinewelle.de\/index.php\/2023\/04\/17\/jana-jaeger-ist-neue-pastorin-in-goettingen-grone\/#primaryimage"},"image":{"@id":"https:\/\/radioleinewelle.de\/index.php\/2023\/04\/17\/jana-jaeger-ist-neue-pastorin-in-goettingen-grone\/#primaryimage"},"thumbnailUrl":"https:\/\/radioleinewelle.de\/wp-content\/uploads\/2023\/04\/Jana-Jaeger-scaled-e1681710312741.jpg","datePublished":"2023-04-17T05:45:32+00:00","dateModified":"2023-04-17T05:45:35+00:00","breadcrumb":{"@id":"https:\/\/radioleinewelle.de\/index.php\/2023\/04\/17\/jana-jaeger-ist-neue-pastorin-in-goettingen-grone\/#breadcrumb"},"inLanguage":"de","potentialAction":[{"@type":"ReadAction","target":["https:\/\/radioleinewelle.de\/index.php\/2023\/04\/17\/jana-jaeger-ist-neue-pastorin-in-goettingen-grone\/"]}]},{"@type":"ImageObject","inLanguage":"de","@id":"https:\/\/radioleinewelle.de\/index.php\/2023\/04\/17\/jana-jaeger-ist-neue-pastorin-in-goettingen-grone\/#primaryimage","url":"https:\/\/radioleinewelle.de\/wp-content\/uploads\/2023\/04\/Jana-Jaeger-scaled-e1681710312741.jpg","contentUrl":"https:\/\/radioleinewelle.de\/wp-content\/uploads\/2023\/04\/Jana-Jaeger-scaled-e1681710312741.jpg","width":1000,"height":674},{"@type":"BreadcrumbList","@id":"https:\/\/radioleinewelle.de\/index.php\/2023\/04\/17\/jana-jaeger-ist-neue-pastorin-in-goettingen-grone\/#breadcrumb","itemListElement":[{"@type":"ListItem","position":1,"name":"Startseite","item":"https:\/\/radioleinewelle.de\/"},{"@type":"ListItem","position":2,"name":"Jana J\u00e4ger ist neue Pastorin in G\u00f6ttingen-Grone"}]},{"@type":"WebSite","@id":"https:\/\/radioleinewelle.de\/#website","url":"https:\/\/radioleinewelle.de\/","name":"Radio Leinewelle","description":"","publisher":{"@id":"https:\/\/radioleinewelle.de\/#organization"},"potentialAction":[{"@type":"SearchAction","target":{"@type":"EntryPoint","urlTemplate":"https:\/\/radioleinewelle.de\/?s={search_term_string}"},"query-input":{"@type":"PropertyValueSpecification","valueRequired":true,"valueName":"search_term_string"}}],"inLanguage":"de"},{"@type":"Organization","@id":"https:\/\/radioleinewelle.de\/#organization","name":"Radio Leinewelle","alternateName":"Mein Radio f\u00fcr S\u00fcdniedersachsen","url":"https:\/\/radioleinewelle.de\/","logo":{"@type":"ImageObject","inLanguage":"de","@id":"https:\/\/radioleinewelle.de\/#\/schema\/logo\/image\/","url":"https:\/\/radioleinewelle.de\/wp-content\/uploads\/2023\/11\/cropped-Leinewelle_Logo_weiss.png","contentUrl":"https:\/\/radioleinewelle.de\/wp-content\/uploads\/2023\/11\/cropped-Leinewelle_Logo_weiss.png","width":854,"height":260,"caption":"Radio Leinewelle"},"image":{"@id":"https:\/\/radioleinewelle.de\/#\/schema\/logo\/image\/"},"sameAs":["https:\/\/www.facebook.com\/radioleinewelle","https:\/\/x.com\/RLeinewelle","https:\/\/www.instagram.com\/radioleinewelle\/?hl=de"]},{"@type":"Person","@id":"https:\/\/radioleinewelle.de\/#\/schema\/person\/45606f348637df637192dc1b68399a63","name":"Leinewelle","image":{"@type":"ImageObject","inLanguage":"de","@id":"https:\/\/secure.gravatar.com\/avatar\/05c9a17bc973052ee5d91549bd32fb4dd0dc85b7b85ae94b2e2b4943476bbea5?s=96&d=blank&r=g","url":"https:\/\/secure.gravatar.com\/avatar\/05c9a17bc973052ee5d91549bd32fb4dd0dc85b7b85ae94b2e2b4943476bbea5?s=96&d=blank&r=g","contentUrl":"https:\/\/secure.gravatar.com\/avatar\/05c9a17bc973052ee5d91549bd32fb4dd0dc85b7b85ae94b2e2b4943476bbea5?s=96&d=blank&r=g","caption":"Leinewelle"},"sameAs":["http:\/\/localhost\/radio%20leinewelle\/wordpress","https:\/\/www.facebook.com\/radioleinewelle","https:\/\/www.instagram.com\/radioleinewelle","https:\/\/x.com\/https:\/\/twitter.com\/RLeinewelle?ref_src=twsrcgoogletwcampserptwgrauthor","https:\/\/soundcloud.com\/foerderverein-lokalradio?utm_source=clipboard&utm_medium=text&utm_campaign=social_sharing"],"url":"https:\/\/radioleinewelle.de\/index.php\/author\/leinewelle\/"}]}},"_links":{"self":[{"href":"https:\/\/radioleinewelle.de\/index.php\/wp-json\/wp\/v2\/posts\/22411","targetHints":{"allow":["GET"]}}],"collection":[{"href":"https:\/\/radioleinewelle.de\/index.php\/wp-json\/wp\/v2\/posts"}],"about":[{"href":"https:\/\/radioleinewelle.de\/index.php\/wp-json\/wp\/v2\/types\/post"}],"author":[{"embeddable":true,"href":"https:\/\/radioleinewelle.de\/index.php\/wp-json\/wp\/v2\/users\/1"}],"replies":[{"embeddable":true,"href":"https:\/\/radioleinewelle.de\/index.php\/wp-json\/wp\/v2\/comments?post=22411"}],"version-history":[{"count":1,"href":"https:\/\/radioleinewelle.de\/index.php\/wp-json\/wp\/v2\/posts\/22411\/revisions"}],"predecessor-version":[{"id":22412,"href":"https:\/\/radioleinewelle.de\/index.php\/wp-json\/wp\/v2\/posts\/22411\/revisions\/22412"}],"wp:featuredmedia":[{"embeddable":true,"href":"https:\/\/radioleinewelle.de\/index.php\/wp-json\/wp\/v2\/media\/22413"}],"wp:attachment":[{"href":"https:\/\/radioleinewelle.de\/index.php\/wp-json\/wp\/v2\/media?parent=22411"}],"wp:term":[{"taxonomy":"category","embeddable":true,"href":"https:\/\/radioleinewelle.de\/index.php\/wp-json\/wp\/v2\/categories?post=22411"},{"taxonomy":"post_tag","embeddable":true,"href":"https:\/\/radioleinewelle.de\/index.php\/wp-json\/wp\/v2\/tags?post=22411"}],"curies":[{"name":"wp","href":"https:\/\/api.w.org\/{rel}","templated":true}]}}