{"id":22418,"date":"2023-04-17T15:46:47","date_gmt":"2023-04-17T13:46:47","guid":{"rendered":"https:\/\/radioleinewelle.de\/?p=22418"},"modified":"2023-04-17T15:46:50","modified_gmt":"2023-04-17T13:46:50","slug":"sonntag-ist-die-tour-denergie-tde","status":"publish","type":"post","link":"https:\/\/radioleinewelle.de\/index.php\/2023\/04\/17\/sonntag-ist-die-tour-denergie-tde\/","title":{"rendered":"Sonntag ist die Tour d`Energie (TDE)"},"content":{"rendered":"\n<p>Sie ist mittlerweile fester Bestandteil der sportliche Gro\u00dfereignisse in G\u00f6ttingen, die Tour d`Energie (TDE). Diese Radsportveranstaltung ist Teil des German Cycling Cups, der gr\u00f6\u00dften deutschen Rennserie f\u00fcr Hobbysportler*innen mit insgesamt 7 Rennen. Bisher sind \u00fcber 3.800 Teilnehmer*innen gemeldet. Davon werden sich 1.460 Sportler*innen auf die 45 km Strecke und 2.200 auf die 100 km Strecke begeben. Eine Herausforderung &#8211; und gleichzeitig ein Publikumsmagnet &#8211; ist die Bergstrecke am Hohen Hagen bei Dransfeld.<\/p>\n\n\n\n<p>Ohne Sponsoren w\u00e4re dieses Jedermannrennen nicht m\u00f6glich. Auch in diesem Jahr unterst\u00fctzen die Exklusivpartner Sparkasse G\u00f6ttingen, die EAM GmbH und die Stadtwerke G\u00f6ttingen AG diesen Event. 700 Feuerwehrleute sichern die Strecke und 150 weitere Ehrenamtliche unterst\u00fctzen die Eventorganisation,  bzw. sind u.a. f\u00fcr die gesundheitliche Betreuung der Teilnehmer*innen zust\u00e4ndig. Die TDE ist auch ein Publikumsmagnet, ca. 10.000 Zuschauer*innen feiern begeistert mit. An der Strecke kommt es am Sonntag zu Verkehrseinschr\u00e4nkungen im Raum G\u00f6ttingen, Rosdorf, Hann. M\u00fcnden, Hemeln und Dransfeld. Der Startschuss f\u00fcr die diesj\u00e4hrige Tour d`Energie f\u00e4llt am Sonntag um 10:30 Uhr am Jahnstadion, Sandweg. Der Zieleinlauf ist wie gewohnt in der B\u00fcrgerstr. G\u00f6ttingen. Dort findet auch ein gro\u00dfes Showprogramm statt. Die Tour findet bereits zum 17.Mal statt. Viele Firmen- und Vereinsmannschaften nehmen daran teil.<\/p>\n\n\n\n<p>Mehr Infos unter: <a href=\"https:\/\/www.tourdenergie.de\"><strong>https:\/\/www.tourdenergie.de<\/strong><\/a><\/p>\n\n\n\n<p><strong>Foto:<\/strong> Gute Stimmung bei den Sponsoren: Ines Dietze (Sparkasse G\u00f6ttingen), Armin Sch\u00fcbe (EAM), Dr. Gerd Rappenecker (Stadtwerke G\u00f6ttingen) Jonas Stechmann GoeSF und Andreas Gruber (GoeSF) \u00a9Radio Leinewelle (ue)<\/p>\n\n\n\n<p>#TDE #tourdenergie #goettingen #2304<\/p>\n","protected":false},"excerpt":{"rendered":"<p>Sie ist mittlerweile fester Bestandteil der sportliche Gro\u00dfereignisse in G\u00f6ttingen, die Tour d`Energie (TDE). Diese Radsportveranstaltung ist Teil des German Cycling Cups, der gr\u00f6\u00dften deutschen Rennserie f\u00fcr Hobbysportler*innen mit insgesamt 7 Rennen. Bisher sind \u00fcber 3.800 Teilnehmer*innen gemeldet. Davon werden sich 1.460 Sportler*innen auf die 45 km Strecke und 2.200 auf die 100 km Strecke [&hellip;]<\/p>\n","protected":false},"author":1,"featured_media":22422,"comment_status":"open","ping_status":"open","sticky":true,"template":"","format":"standard","meta":{"saved_in_kubio":false,"footnotes":""},"categories":[263],"tags":[],"class_list":["post-22418","post","type-post","status-publish","format-standard","has-post-thumbnail","hentry","category-sport"],"yoast_head":"<!-- This site is optimized with the Yoast SEO plugin v27.5 - https:\/\/yoast.com\/product\/yoast-seo-wordpress\/ -->\n<title>Sonntag ist die Tour d`Energie (TDE) - Radio Leinewelle<\/title>\n<meta name=\"robots\" content=\"index, follow, max-snippet:-1, max-image-preview:large, max-video-preview:-1\" \/>\n<link rel=\"canonical\" href=\"https:\/\/radioleinewelle.de\/index.php\/2023\/04\/17\/sonntag-ist-die-tour-denergie-tde\/\" \/>\n<meta property=\"og:locale\" content=\"de_DE\" \/>\n<meta property=\"og:type\" content=\"article\" \/>\n<meta property=\"og:title\" content=\"Sonntag ist die Tour d`Energie (TDE) - Radio Leinewelle\" \/>\n<meta property=\"og:description\" content=\"Sie ist mittlerweile fester Bestandteil der sportliche Gro\u00dfereignisse in G\u00f6ttingen, die Tour d`Energie (TDE). Diese Radsportveranstaltung ist Teil des German Cycling Cups, der gr\u00f6\u00dften deutschen Rennserie f\u00fcr Hobbysportler*innen mit insgesamt 7 Rennen. Bisher sind \u00fcber 3.800 Teilnehmer*innen gemeldet. Davon werden sich 1.460 Sportler*innen auf die 45 km Strecke und 2.200 auf die 100 km Strecke [&hellip;]\" \/>\n<meta property=\"og:url\" content=\"https:\/\/radioleinewelle.de\/index.php\/2023\/04\/17\/sonntag-ist-die-tour-denergie-tde\/\" \/>\n<meta property=\"og:site_name\" content=\"Radio Leinewelle\" \/>\n<meta property=\"article:publisher\" content=\"https:\/\/www.facebook.com\/radioleinewelle\" \/>\n<meta property=\"article:author\" content=\"https:\/\/www.facebook.com\/radioleinewelle\" \/>\n<meta property=\"article:published_time\" content=\"2023-04-17T13:46:47+00:00\" \/>\n<meta property=\"article:modified_time\" content=\"2023-04-17T13:46:50+00:00\" \/>\n<meta property=\"og:image\" content=\"https:\/\/radioleinewelle.de\/wp-content\/uploads\/2023\/04\/TDE-Pressekonferenz-2023-e1681718413299.jpg\" \/>\n\t<meta property=\"og:image:width\" content=\"1000\" \/>\n\t<meta property=\"og:image:height\" content=\"758\" \/>\n\t<meta property=\"og:image:type\" content=\"image\/jpeg\" \/>\n<meta name=\"author\" content=\"Leinewelle\" \/>\n<meta name=\"twitter:card\" content=\"summary_large_image\" \/>\n<meta name=\"twitter:creator\" content=\"@https:\/\/twitter.com\/RLeinewelle?ref_src=twsrcgoogletwcampserptwgrauthor\" \/>\n<meta name=\"twitter:site\" content=\"@RLeinewelle\" \/>\n<meta name=\"twitter:label1\" content=\"Verfasst von\" \/>\n\t<meta name=\"twitter:data1\" content=\"Leinewelle\" \/>\n\t<meta name=\"twitter:label2\" content=\"Gesch\u00e4tzte Lesezeit\" \/>\n\t<meta name=\"twitter:data2\" content=\"2\u00a0Minuten\" \/>\n<script type=\"application\/ld+json\" class=\"yoast-schema-graph\">{\"@context\":\"https:\\\/\\\/schema.org\",\"@graph\":[{\"@type\":\"Article\",\"@id\":\"https:\\\/\\\/radioleinewelle.de\\\/index.php\\\/2023\\\/04\\\/17\\\/sonntag-ist-die-tour-denergie-tde\\\/#article\",\"isPartOf\":{\"@id\":\"https:\\\/\\\/radioleinewelle.de\\\/index.php\\\/2023\\\/04\\\/17\\\/sonntag-ist-die-tour-denergie-tde\\\/\"},\"author\":{\"name\":\"Leinewelle\",\"@id\":\"https:\\\/\\\/radioleinewelle.de\\\/#\\\/schema\\\/person\\\/45606f348637df637192dc1b68399a63\"},\"headline\":\"Sonntag ist die Tour d`Energie (TDE)\",\"datePublished\":\"2023-04-17T13:46:47+00:00\",\"dateModified\":\"2023-04-17T13:46:50+00:00\",\"mainEntityOfPage\":{\"@id\":\"https:\\\/\\\/radioleinewelle.de\\\/index.php\\\/2023\\\/04\\\/17\\\/sonntag-ist-die-tour-denergie-tde\\\/\"},\"wordCount\":263,\"commentCount\":0,\"publisher\":{\"@id\":\"https:\\\/\\\/radioleinewelle.de\\\/#organization\"},\"image\":{\"@id\":\"https:\\\/\\\/radioleinewelle.de\\\/index.php\\\/2023\\\/04\\\/17\\\/sonntag-ist-die-tour-denergie-tde\\\/#primaryimage\"},\"thumbnailUrl\":\"https:\\\/\\\/radioleinewelle.de\\\/wp-content\\\/uploads\\\/2023\\\/04\\\/TDE-Pressekonferenz-2023-e1681718413299.jpg\",\"articleSection\":[\"Sport\"],\"inLanguage\":\"de\",\"potentialAction\":[{\"@type\":\"CommentAction\",\"name\":\"Comment\",\"target\":[\"https:\\\/\\\/radioleinewelle.de\\\/index.php\\\/2023\\\/04\\\/17\\\/sonntag-ist-die-tour-denergie-tde\\\/#respond\"]}]},{\"@type\":\"WebPage\",\"@id\":\"https:\\\/\\\/radioleinewelle.de\\\/index.php\\\/2023\\\/04\\\/17\\\/sonntag-ist-die-tour-denergie-tde\\\/\",\"url\":\"https:\\\/\\\/radioleinewelle.de\\\/index.php\\\/2023\\\/04\\\/17\\\/sonntag-ist-die-tour-denergie-tde\\\/\",\"name\":\"Sonntag ist die Tour d`Energie (TDE) - Radio Leinewelle\",\"isPartOf\":{\"@id\":\"https:\\\/\\\/radioleinewelle.de\\\/#website\"},\"primaryImageOfPage\":{\"@id\":\"https:\\\/\\\/radioleinewelle.de\\\/index.php\\\/2023\\\/04\\\/17\\\/sonntag-ist-die-tour-denergie-tde\\\/#primaryimage\"},\"image\":{\"@id\":\"https:\\\/\\\/radioleinewelle.de\\\/index.php\\\/2023\\\/04\\\/17\\\/sonntag-ist-die-tour-denergie-tde\\\/#primaryimage\"},\"thumbnailUrl\":\"https:\\\/\\\/radioleinewelle.de\\\/wp-content\\\/uploads\\\/2023\\\/04\\\/TDE-Pressekonferenz-2023-e1681718413299.jpg\",\"datePublished\":\"2023-04-17T13:46:47+00:00\",\"dateModified\":\"2023-04-17T13:46:50+00:00\",\"breadcrumb\":{\"@id\":\"https:\\\/\\\/radioleinewelle.de\\\/index.php\\\/2023\\\/04\\\/17\\\/sonntag-ist-die-tour-denergie-tde\\\/#breadcrumb\"},\"inLanguage\":\"de\",\"potentialAction\":[{\"@type\":\"ReadAction\",\"target\":[\"https:\\\/\\\/radioleinewelle.de\\\/index.php\\\/2023\\\/04\\\/17\\\/sonntag-ist-die-tour-denergie-tde\\\/\"]}]},{\"@type\":\"ImageObject\",\"inLanguage\":\"de\",\"@id\":\"https:\\\/\\\/radioleinewelle.de\\\/index.php\\\/2023\\\/04\\\/17\\\/sonntag-ist-die-tour-denergie-tde\\\/#primaryimage\",\"url\":\"https:\\\/\\\/radioleinewelle.de\\\/wp-content\\\/uploads\\\/2023\\\/04\\\/TDE-Pressekonferenz-2023-e1681718413299.jpg\",\"contentUrl\":\"https:\\\/\\\/radioleinewelle.de\\\/wp-content\\\/uploads\\\/2023\\\/04\\\/TDE-Pressekonferenz-2023-e1681718413299.jpg\",\"width\":1000,\"height\":758},{\"@type\":\"BreadcrumbList\",\"@id\":\"https:\\\/\\\/radioleinewelle.de\\\/index.php\\\/2023\\\/04\\\/17\\\/sonntag-ist-die-tour-denergie-tde\\\/#breadcrumb\",\"itemListElement\":[{\"@type\":\"ListItem\",\"position\":1,\"name\":\"Startseite\",\"item\":\"https:\\\/\\\/radioleinewelle.de\\\/\"},{\"@type\":\"ListItem\",\"position\":2,\"name\":\"Sonntag ist die Tour d`Energie (TDE)\"}]},{\"@type\":\"WebSite\",\"@id\":\"https:\\\/\\\/radioleinewelle.de\\\/#website\",\"url\":\"https:\\\/\\\/radioleinewelle.de\\\/\",\"name\":\"Radio Leinewelle\",\"description\":\"\",\"publisher\":{\"@id\":\"https:\\\/\\\/radioleinewelle.de\\\/#organization\"},\"potentialAction\":[{\"@type\":\"SearchAction\",\"target\":{\"@type\":\"EntryPoint\",\"urlTemplate\":\"https:\\\/\\\/radioleinewelle.de\\\/?s={search_term_string}\"},\"query-input\":{\"@type\":\"PropertyValueSpecification\",\"valueRequired\":true,\"valueName\":\"search_term_string\"}}],\"inLanguage\":\"de\"},{\"@type\":\"Organization\",\"@id\":\"https:\\\/\\\/radioleinewelle.de\\\/#organization\",\"name\":\"Radio Leinewelle\",\"alternateName\":\"Mein Radio f\u00fcr S\u00fcdniedersachsen\",\"url\":\"https:\\\/\\\/radioleinewelle.de\\\/\",\"logo\":{\"@type\":\"ImageObject\",\"inLanguage\":\"de\",\"@id\":\"https:\\\/\\\/radioleinewelle.de\\\/#\\\/schema\\\/logo\\\/image\\\/\",\"url\":\"https:\\\/\\\/radioleinewelle.de\\\/wp-content\\\/uploads\\\/2023\\\/11\\\/cropped-Leinewelle_Logo_weiss.png\",\"contentUrl\":\"https:\\\/\\\/radioleinewelle.de\\\/wp-content\\\/uploads\\\/2023\\\/11\\\/cropped-Leinewelle_Logo_weiss.png\",\"width\":854,\"height\":260,\"caption\":\"Radio Leinewelle\"},\"image\":{\"@id\":\"https:\\\/\\\/radioleinewelle.de\\\/#\\\/schema\\\/logo\\\/image\\\/\"},\"sameAs\":[\"https:\\\/\\\/www.facebook.com\\\/radioleinewelle\",\"https:\\\/\\\/x.com\\\/RLeinewelle\",\"https:\\\/\\\/www.instagram.com\\\/radioleinewelle\\\/?hl=de\"]},{\"@type\":\"Person\",\"@id\":\"https:\\\/\\\/radioleinewelle.de\\\/#\\\/schema\\\/person\\\/45606f348637df637192dc1b68399a63\",\"name\":\"Leinewelle\",\"image\":{\"@type\":\"ImageObject\",\"inLanguage\":\"de\",\"@id\":\"https:\\\/\\\/secure.gravatar.com\\\/avatar\\\/05c9a17bc973052ee5d91549bd32fb4dd0dc85b7b85ae94b2e2b4943476bbea5?s=96&d=blank&r=g\",\"url\":\"https:\\\/\\\/secure.gravatar.com\\\/avatar\\\/05c9a17bc973052ee5d91549bd32fb4dd0dc85b7b85ae94b2e2b4943476bbea5?s=96&d=blank&r=g\",\"contentUrl\":\"https:\\\/\\\/secure.gravatar.com\\\/avatar\\\/05c9a17bc973052ee5d91549bd32fb4dd0dc85b7b85ae94b2e2b4943476bbea5?s=96&d=blank&r=g\",\"caption\":\"Leinewelle\"},\"sameAs\":[\"http:\\\/\\\/localhost\\\/radio%20leinewelle\\\/wordpress\",\"https:\\\/\\\/www.facebook.com\\\/radioleinewelle\",\"https:\\\/\\\/www.instagram.com\\\/radioleinewelle\",\"https:\\\/\\\/x.com\\\/https:\\\/\\\/twitter.com\\\/RLeinewelle?ref_src=twsrcgoogletwcampserptwgrauthor\",\"https:\\\/\\\/soundcloud.com\\\/foerderverein-lokalradio?utm_source=clipboard&utm_medium=text&utm_campaign=social_sharing\"],\"url\":\"https:\\\/\\\/radioleinewelle.de\\\/index.php\\\/author\\\/leinewelle\\\/\"}]}<\/script>\n<!-- \/ Yoast SEO plugin. -->","yoast_head_json":{"title":"Sonntag ist die Tour d`Energie (TDE) - Radio Leinewelle","robots":{"index":"index","follow":"follow","max-snippet":"max-snippet:-1","max-image-preview":"max-image-preview:large","max-video-preview":"max-video-preview:-1"},"canonical":"https:\/\/radioleinewelle.de\/index.php\/2023\/04\/17\/sonntag-ist-die-tour-denergie-tde\/","og_locale":"de_DE","og_type":"article","og_title":"Sonntag ist die Tour d`Energie (TDE) - Radio Leinewelle","og_description":"Sie ist mittlerweile fester Bestandteil der sportliche Gro\u00dfereignisse in G\u00f6ttingen, die Tour d`Energie (TDE). Diese Radsportveranstaltung ist Teil des German Cycling Cups, der gr\u00f6\u00dften deutschen Rennserie f\u00fcr Hobbysportler*innen mit insgesamt 7 Rennen. Bisher sind \u00fcber 3.800 Teilnehmer*innen gemeldet. Davon werden sich 1.460 Sportler*innen auf die 45 km Strecke und 2.200 auf die 100 km Strecke [&hellip;]","og_url":"https:\/\/radioleinewelle.de\/index.php\/2023\/04\/17\/sonntag-ist-die-tour-denergie-tde\/","og_site_name":"Radio Leinewelle","article_publisher":"https:\/\/www.facebook.com\/radioleinewelle","article_author":"https:\/\/www.facebook.com\/radioleinewelle","article_published_time":"2023-04-17T13:46:47+00:00","article_modified_time":"2023-04-17T13:46:50+00:00","og_image":[{"width":1000,"height":758,"url":"https:\/\/radioleinewelle.de\/wp-content\/uploads\/2023\/04\/TDE-Pressekonferenz-2023-e1681718413299.jpg","type":"image\/jpeg"}],"author":"Leinewelle","twitter_card":"summary_large_image","twitter_creator":"@https:\/\/twitter.com\/RLeinewelle?ref_src=twsrcgoogletwcampserptwgrauthor","twitter_site":"@RLeinewelle","twitter_misc":{"Verfasst von":"Leinewelle","Gesch\u00e4tzte Lesezeit":"2\u00a0Minuten"},"schema":{"@context":"https:\/\/schema.org","@graph":[{"@type":"Article","@id":"https:\/\/radioleinewelle.de\/index.php\/2023\/04\/17\/sonntag-ist-die-tour-denergie-tde\/#article","isPartOf":{"@id":"https:\/\/radioleinewelle.de\/index.php\/2023\/04\/17\/sonntag-ist-die-tour-denergie-tde\/"},"author":{"name":"Leinewelle","@id":"https:\/\/radioleinewelle.de\/#\/schema\/person\/45606f348637df637192dc1b68399a63"},"headline":"Sonntag ist die Tour d`Energie (TDE)","datePublished":"2023-04-17T13:46:47+00:00","dateModified":"2023-04-17T13:46:50+00:00","mainEntityOfPage":{"@id":"https:\/\/radioleinewelle.de\/index.php\/2023\/04\/17\/sonntag-ist-die-tour-denergie-tde\/"},"wordCount":263,"commentCount":0,"publisher":{"@id":"https:\/\/radioleinewelle.de\/#organization"},"image":{"@id":"https:\/\/radioleinewelle.de\/index.php\/2023\/04\/17\/sonntag-ist-die-tour-denergie-tde\/#primaryimage"},"thumbnailUrl":"https:\/\/radioleinewelle.de\/wp-content\/uploads\/2023\/04\/TDE-Pressekonferenz-2023-e1681718413299.jpg","articleSection":["Sport"],"inLanguage":"de","potentialAction":[{"@type":"CommentAction","name":"Comment","target":["https:\/\/radioleinewelle.de\/index.php\/2023\/04\/17\/sonntag-ist-die-tour-denergie-tde\/#respond"]}]},{"@type":"WebPage","@id":"https:\/\/radioleinewelle.de\/index.php\/2023\/04\/17\/sonntag-ist-die-tour-denergie-tde\/","url":"https:\/\/radioleinewelle.de\/index.php\/2023\/04\/17\/sonntag-ist-die-tour-denergie-tde\/","name":"Sonntag ist die Tour d`Energie (TDE) - Radio Leinewelle","isPartOf":{"@id":"https:\/\/radioleinewelle.de\/#website"},"primaryImageOfPage":{"@id":"https:\/\/radioleinewelle.de\/index.php\/2023\/04\/17\/sonntag-ist-die-tour-denergie-tde\/#primaryimage"},"image":{"@id":"https:\/\/radioleinewelle.de\/index.php\/2023\/04\/17\/sonntag-ist-die-tour-denergie-tde\/#primaryimage"},"thumbnailUrl":"https:\/\/radioleinewelle.de\/wp-content\/uploads\/2023\/04\/TDE-Pressekonferenz-2023-e1681718413299.jpg","datePublished":"2023-04-17T13:46:47+00:00","dateModified":"2023-04-17T13:46:50+00:00","breadcrumb":{"@id":"https:\/\/radioleinewelle.de\/index.php\/2023\/04\/17\/sonntag-ist-die-tour-denergie-tde\/#breadcrumb"},"inLanguage":"de","potentialAction":[{"@type":"ReadAction","target":["https:\/\/radioleinewelle.de\/index.php\/2023\/04\/17\/sonntag-ist-die-tour-denergie-tde\/"]}]},{"@type":"ImageObject","inLanguage":"de","@id":"https:\/\/radioleinewelle.de\/index.php\/2023\/04\/17\/sonntag-ist-die-tour-denergie-tde\/#primaryimage","url":"https:\/\/radioleinewelle.de\/wp-content\/uploads\/2023\/04\/TDE-Pressekonferenz-2023-e1681718413299.jpg","contentUrl":"https:\/\/radioleinewelle.de\/wp-content\/uploads\/2023\/04\/TDE-Pressekonferenz-2023-e1681718413299.jpg","width":1000,"height":758},{"@type":"BreadcrumbList","@id":"https:\/\/radioleinewelle.de\/index.php\/2023\/04\/17\/sonntag-ist-die-tour-denergie-tde\/#breadcrumb","itemListElement":[{"@type":"ListItem","position":1,"name":"Startseite","item":"https:\/\/radioleinewelle.de\/"},{"@type":"ListItem","position":2,"name":"Sonntag ist die Tour d`Energie (TDE)"}]},{"@type":"WebSite","@id":"https:\/\/radioleinewelle.de\/#website","url":"https:\/\/radioleinewelle.de\/","name":"Radio Leinewelle","description":"","publisher":{"@id":"https:\/\/radioleinewelle.de\/#organization"},"potentialAction":[{"@type":"SearchAction","target":{"@type":"EntryPoint","urlTemplate":"https:\/\/radioleinewelle.de\/?s={search_term_string}"},"query-input":{"@type":"PropertyValueSpecification","valueRequired":true,"valueName":"search_term_string"}}],"inLanguage":"de"},{"@type":"Organization","@id":"https:\/\/radioleinewelle.de\/#organization","name":"Radio Leinewelle","alternateName":"Mein Radio f\u00fcr S\u00fcdniedersachsen","url":"https:\/\/radioleinewelle.de\/","logo":{"@type":"ImageObject","inLanguage":"de","@id":"https:\/\/radioleinewelle.de\/#\/schema\/logo\/image\/","url":"https:\/\/radioleinewelle.de\/wp-content\/uploads\/2023\/11\/cropped-Leinewelle_Logo_weiss.png","contentUrl":"https:\/\/radioleinewelle.de\/wp-content\/uploads\/2023\/11\/cropped-Leinewelle_Logo_weiss.png","width":854,"height":260,"caption":"Radio Leinewelle"},"image":{"@id":"https:\/\/radioleinewelle.de\/#\/schema\/logo\/image\/"},"sameAs":["https:\/\/www.facebook.com\/radioleinewelle","https:\/\/x.com\/RLeinewelle","https:\/\/www.instagram.com\/radioleinewelle\/?hl=de"]},{"@type":"Person","@id":"https:\/\/radioleinewelle.de\/#\/schema\/person\/45606f348637df637192dc1b68399a63","name":"Leinewelle","image":{"@type":"ImageObject","inLanguage":"de","@id":"https:\/\/secure.gravatar.com\/avatar\/05c9a17bc973052ee5d91549bd32fb4dd0dc85b7b85ae94b2e2b4943476bbea5?s=96&d=blank&r=g","url":"https:\/\/secure.gravatar.com\/avatar\/05c9a17bc973052ee5d91549bd32fb4dd0dc85b7b85ae94b2e2b4943476bbea5?s=96&d=blank&r=g","contentUrl":"https:\/\/secure.gravatar.com\/avatar\/05c9a17bc973052ee5d91549bd32fb4dd0dc85b7b85ae94b2e2b4943476bbea5?s=96&d=blank&r=g","caption":"Leinewelle"},"sameAs":["http:\/\/localhost\/radio%20leinewelle\/wordpress","https:\/\/www.facebook.com\/radioleinewelle","https:\/\/www.instagram.com\/radioleinewelle","https:\/\/x.com\/https:\/\/twitter.com\/RLeinewelle?ref_src=twsrcgoogletwcampserptwgrauthor","https:\/\/soundcloud.com\/foerderverein-lokalradio?utm_source=clipboard&utm_medium=text&utm_campaign=social_sharing"],"url":"https:\/\/radioleinewelle.de\/index.php\/author\/leinewelle\/"}]}},"_links":{"self":[{"href":"https:\/\/radioleinewelle.de\/index.php\/wp-json\/wp\/v2\/posts\/22418","targetHints":{"allow":["GET"]}}],"collection":[{"href":"https:\/\/radioleinewelle.de\/index.php\/wp-json\/wp\/v2\/posts"}],"about":[{"href":"https:\/\/radioleinewelle.de\/index.php\/wp-json\/wp\/v2\/types\/post"}],"author":[{"embeddable":true,"href":"https:\/\/radioleinewelle.de\/index.php\/wp-json\/wp\/v2\/users\/1"}],"replies":[{"embeddable":true,"href":"https:\/\/radioleinewelle.de\/index.php\/wp-json\/wp\/v2\/comments?post=22418"}],"version-history":[{"count":7,"href":"https:\/\/radioleinewelle.de\/index.php\/wp-json\/wp\/v2\/posts\/22418\/revisions"}],"predecessor-version":[{"id":22426,"href":"https:\/\/radioleinewelle.de\/index.php\/wp-json\/wp\/v2\/posts\/22418\/revisions\/22426"}],"wp:featuredmedia":[{"embeddable":true,"href":"https:\/\/radioleinewelle.de\/index.php\/wp-json\/wp\/v2\/media\/22422"}],"wp:attachment":[{"href":"https:\/\/radioleinewelle.de\/index.php\/wp-json\/wp\/v2\/media?parent=22418"}],"wp:term":[{"taxonomy":"category","embeddable":true,"href":"https:\/\/radioleinewelle.de\/index.php\/wp-json\/wp\/v2\/categories?post=22418"},{"taxonomy":"post_tag","embeddable":true,"href":"https:\/\/radioleinewelle.de\/index.php\/wp-json\/wp\/v2\/tags?post=22418"}],"curies":[{"name":"wp","href":"https:\/\/api.w.org\/{rel}","templated":true}]}}