{"id":22438,"date":"2023-04-19T10:29:19","date_gmt":"2023-04-19T08:29:19","guid":{"rendered":"https:\/\/radioleinewelle.de\/?p=22438"},"modified":"2023-04-19T10:29:22","modified_gmt":"2023-04-19T08:29:22","slug":"mint-ec-camp-innovative-pflanzen-in-goettingen-gestartet","status":"publish","type":"post","link":"https:\/\/radioleinewelle.de\/index.php\/2023\/04\/19\/mint-ec-camp-innovative-pflanzen-in-goettingen-gestartet\/","title":{"rendered":"MINT-EC-Camp \u201eInnovative Pflanzen\u201c in G\u00f6ttingen gestartet"},"content":{"rendered":"\n<p>Gestern startete das 4-t\u00e4gige MINT-EC-Camp \u201eInnovative Pflanzen\u201c gemeinsam mit XLAB \u2013 G\u00f6ttinger Experimentallabor f\u00fcr junge Leute. Die zehn teilnehmenden Sch\u00fcler*innen von Schulen des nationalen Excellence-Schulnetzwerks MINT-EC erhalten vom 18. bis zum 21. April einen \u00dcberblick \u00fcber die gr\u00fcne Gentechnik und deren Bedeutung f\u00fcr die Landwirtschaft.\u00a0<\/p>\n\n\n\n<p>In mehrt\u00e4gigen Experimenten besch\u00e4ftigen sich die Jugendlichen mit den Methoden der gr\u00fcnen Gentechnologie. Dabei kl\u00e4ren sie auch, welche Risiken oder Chancen die moderne Z\u00fcchtungsalternative birgt und wie die Landwirtschaft nachhaltig davon profitieren kann.<\/p>\n\n\n\n<p>Gemeinsam mit XLAB f\u00fchren sie einen Partikelbeschuss mittels Genkanone zur Erzeugung transgener Pflanzen durch. Diese etablierte Methode wird im Camp am Beispiel der Zwiebel durchgef\u00fchrt. Dabei wird DNA-Munition direkt in die Zwiebelzellen geschossen.<\/p>\n\n\n\n<p>Am Beispiel der Futtersoja untersuchen die Sch\u00fcler*innen das Vorhandensein von genetischer Ver\u00e4nderung mittels PCR. Transgene Futtermittel z\u00e4hlen zu den h\u00e4ufigsten angebauten Pflanzen weltweit.<\/p>\n\n\n\n<p>Abschlie\u00dfend gibt Frau Dr. Nora Wehner von der KWS SAAT SE &amp; Co. KGaA in einem Vortrag Einblicke in die Anf\u00e4nge und Entwicklung der Pflanzenz\u00fcchtung.<\/p>\n\n\n\n<p><strong>T<\/strong>&nbsp;<strong>eilnehmende&nbsp;<\/strong><strong>Schule, Ort<\/strong>&nbsp;<strong>, Bundesland<\/strong><\/p>\n\n\n\n<ul class=\"wp-block-list\">\n<li>Elisabeth-Selbert-Gymnasium, Filderstadt, Baden-W\u00fcrttemberg&nbsp;<\/li>\n\n\n\n<li>Friedrich-Koenig-Gymnasium, W\u00fcrzburg, Bayern<\/li>\n\n\n\n<li>Lise-Meitner-Schule, Berlin<\/li>\n\n\n\n<li>Landgraf-Ludwigs-Gymnasium, Gie\u00dfen, Hessen<\/li>\n\n\n\n<li>Weidigschule, Butzbach, Hessen<\/li>\n\n\n\n<li>Herbartgymnasium Oldenburg, Oldenburg, Niedersachsen<\/li>\n\n\n\n<li>Felix-Klein-Gymnasium, G\u00f6ttingen, Niedersachsen<\/li>\n\n\n\n<li>Max-Planck-Gymnasium Delmenhorst, Delmenhorst, Niedersachsen&nbsp;<\/li>\n\n\n\n<li>Ursulaschule, Osnabr\u00fcck, Niedersachsen&nbsp;<\/li>\n\n\n\n<li>Ruhrtal-Gymnasium Schwerte, Schwerte, Nordrhein-Westfalen<\/li>\n<\/ul>\n\n\n\n<p><strong>MINT-EC\u00a0<\/strong>\u2013<strong>\u00a0Das nationale Excellence-Schulnetzwerk<\/strong><\/p>\n\n\n\n<p>MINT-EC ist das nationale Excellence-Netzwerk von Schulen mit Sekundarstufe II und ausgepr\u00e4gtem Profil in\u00a0<strong>M<\/strong>athematik,\u00a0<strong>I<\/strong>nformatik,\u00a0<strong>N<\/strong>aturwissenschaften und\u00a0<strong>T<\/strong>echnik (MINT). Es wurde im Jahr 2000 von den Arbeitgeber*innen gegr\u00fcndet und arbeitet eng mit deren regionalen Bildungsinitiativen zusammen.\u00a0<\/p>\n\n\n\n<p><strong>Mehr Infos unter<\/strong>: https:\/\/www.mint-ec.de<\/p>\n\n\n\n<p><strong>Foto:<\/strong> \u00a9 XLAB<\/p>\n","protected":false},"excerpt":{"rendered":"<p>Gestern startete das 4-t\u00e4gige MINT-EC-Camp \u201eInnovative Pflanzen\u201c gemeinsam mit XLAB \u2013 G\u00f6ttinger Experimentallabor f\u00fcr junge Leute. Die zehn teilnehmenden Sch\u00fcler*innen von Schulen des nationalen Excellence-Schulnetzwerks MINT-EC erhalten vom 18. bis zum 21. April einen \u00dcberblick \u00fcber die gr\u00fcne Gentechnik und deren Bedeutung f\u00fcr die Landwirtschaft.\u00a0 In mehrt\u00e4gigen Experimenten besch\u00e4ftigen sich die Jugendlichen mit den Methoden [&hellip;]<\/p>\n","protected":false},"author":1,"featured_media":22439,"comment_status":"open","ping_status":"open","sticky":true,"template":"","format":"standard","meta":{"saved_in_kubio":false,"footnotes":""},"categories":[48],"tags":[],"class_list":["post-22438","post","type-post","status-publish","format-standard","has-post-thumbnail","hentry","category-schule-ausbildung"],"yoast_head":"<!-- This site is optimized with the Yoast SEO plugin v27.5 - https:\/\/yoast.com\/product\/yoast-seo-wordpress\/ -->\n<title>MINT-EC-Camp \u201eInnovative Pflanzen\u201c in G\u00f6ttingen gestartet - Radio Leinewelle<\/title>\n<meta name=\"robots\" content=\"index, follow, max-snippet:-1, max-image-preview:large, max-video-preview:-1\" \/>\n<link rel=\"canonical\" href=\"https:\/\/radioleinewelle.de\/index.php\/2023\/04\/19\/mint-ec-camp-innovative-pflanzen-in-goettingen-gestartet\/\" \/>\n<meta property=\"og:locale\" content=\"de_DE\" \/>\n<meta property=\"og:type\" content=\"article\" \/>\n<meta property=\"og:title\" content=\"MINT-EC-Camp \u201eInnovative Pflanzen\u201c in G\u00f6ttingen gestartet - Radio Leinewelle\" \/>\n<meta property=\"og:description\" content=\"Gestern startete das 4-t\u00e4gige MINT-EC-Camp \u201eInnovative Pflanzen\u201c gemeinsam mit XLAB \u2013 G\u00f6ttinger Experimentallabor f\u00fcr junge Leute. Die zehn teilnehmenden Sch\u00fcler*innen von Schulen des nationalen Excellence-Schulnetzwerks MINT-EC erhalten vom 18. bis zum 21. April einen \u00dcberblick \u00fcber die gr\u00fcne Gentechnik und deren Bedeutung f\u00fcr die Landwirtschaft.\u00a0 In mehrt\u00e4gigen Experimenten besch\u00e4ftigen sich die Jugendlichen mit den Methoden [&hellip;]\" \/>\n<meta property=\"og:url\" content=\"https:\/\/radioleinewelle.de\/index.php\/2023\/04\/19\/mint-ec-camp-innovative-pflanzen-in-goettingen-gestartet\/\" \/>\n<meta property=\"og:site_name\" content=\"Radio Leinewelle\" \/>\n<meta property=\"article:publisher\" content=\"https:\/\/www.facebook.com\/radioleinewelle\" \/>\n<meta property=\"article:author\" content=\"https:\/\/www.facebook.com\/radioleinewelle\" \/>\n<meta property=\"article:published_time\" content=\"2023-04-19T08:29:19+00:00\" \/>\n<meta property=\"article:modified_time\" content=\"2023-04-19T08:29:22+00:00\" \/>\n<meta property=\"og:image\" content=\"https:\/\/radioleinewelle.de\/wp-content\/uploads\/2023\/04\/MINT-EC-Camp-Innovatanzen-Goettingen-scaled.jpg\" \/>\n\t<meta property=\"og:image:width\" content=\"2560\" \/>\n\t<meta property=\"og:image:height\" content=\"1710\" \/>\n\t<meta property=\"og:image:type\" content=\"image\/jpeg\" \/>\n<meta name=\"author\" content=\"Leinewelle\" \/>\n<meta name=\"twitter:card\" content=\"summary_large_image\" \/>\n<meta name=\"twitter:creator\" content=\"@https:\/\/twitter.com\/RLeinewelle?ref_src=twsrcgoogletwcampserptwgrauthor\" \/>\n<meta name=\"twitter:site\" content=\"@RLeinewelle\" \/>\n<meta name=\"twitter:label1\" content=\"Verfasst von\" \/>\n\t<meta name=\"twitter:data1\" content=\"Leinewelle\" \/>\n\t<meta name=\"twitter:label2\" content=\"Gesch\u00e4tzte Lesezeit\" \/>\n\t<meta name=\"twitter:data2\" content=\"2\u00a0Minuten\" \/>\n<script type=\"application\/ld+json\" class=\"yoast-schema-graph\">{\"@context\":\"https:\\\/\\\/schema.org\",\"@graph\":[{\"@type\":\"Article\",\"@id\":\"https:\\\/\\\/radioleinewelle.de\\\/index.php\\\/2023\\\/04\\\/19\\\/mint-ec-camp-innovative-pflanzen-in-goettingen-gestartet\\\/#article\",\"isPartOf\":{\"@id\":\"https:\\\/\\\/radioleinewelle.de\\\/index.php\\\/2023\\\/04\\\/19\\\/mint-ec-camp-innovative-pflanzen-in-goettingen-gestartet\\\/\"},\"author\":{\"name\":\"Leinewelle\",\"@id\":\"https:\\\/\\\/radioleinewelle.de\\\/#\\\/schema\\\/person\\\/45606f348637df637192dc1b68399a63\"},\"headline\":\"MINT-EC-Camp \u201eInnovative Pflanzen\u201c in G\u00f6ttingen gestartet\",\"datePublished\":\"2023-04-19T08:29:19+00:00\",\"dateModified\":\"2023-04-19T08:29:22+00:00\",\"mainEntityOfPage\":{\"@id\":\"https:\\\/\\\/radioleinewelle.de\\\/index.php\\\/2023\\\/04\\\/19\\\/mint-ec-camp-innovative-pflanzen-in-goettingen-gestartet\\\/\"},\"wordCount\":285,\"commentCount\":0,\"publisher\":{\"@id\":\"https:\\\/\\\/radioleinewelle.de\\\/#organization\"},\"image\":{\"@id\":\"https:\\\/\\\/radioleinewelle.de\\\/index.php\\\/2023\\\/04\\\/19\\\/mint-ec-camp-innovative-pflanzen-in-goettingen-gestartet\\\/#primaryimage\"},\"thumbnailUrl\":\"https:\\\/\\\/radioleinewelle.de\\\/wp-content\\\/uploads\\\/2023\\\/04\\\/MINT-EC-Camp-Innovatanzen-Goettingen-scaled.jpg\",\"articleSection\":[\"Schule &amp; Ausbildung\"],\"inLanguage\":\"de\",\"potentialAction\":[{\"@type\":\"CommentAction\",\"name\":\"Comment\",\"target\":[\"https:\\\/\\\/radioleinewelle.de\\\/index.php\\\/2023\\\/04\\\/19\\\/mint-ec-camp-innovative-pflanzen-in-goettingen-gestartet\\\/#respond\"]}]},{\"@type\":\"WebPage\",\"@id\":\"https:\\\/\\\/radioleinewelle.de\\\/index.php\\\/2023\\\/04\\\/19\\\/mint-ec-camp-innovative-pflanzen-in-goettingen-gestartet\\\/\",\"url\":\"https:\\\/\\\/radioleinewelle.de\\\/index.php\\\/2023\\\/04\\\/19\\\/mint-ec-camp-innovative-pflanzen-in-goettingen-gestartet\\\/\",\"name\":\"MINT-EC-Camp \u201eInnovative Pflanzen\u201c in G\u00f6ttingen gestartet - Radio Leinewelle\",\"isPartOf\":{\"@id\":\"https:\\\/\\\/radioleinewelle.de\\\/#website\"},\"primaryImageOfPage\":{\"@id\":\"https:\\\/\\\/radioleinewelle.de\\\/index.php\\\/2023\\\/04\\\/19\\\/mint-ec-camp-innovative-pflanzen-in-goettingen-gestartet\\\/#primaryimage\"},\"image\":{\"@id\":\"https:\\\/\\\/radioleinewelle.de\\\/index.php\\\/2023\\\/04\\\/19\\\/mint-ec-camp-innovative-pflanzen-in-goettingen-gestartet\\\/#primaryimage\"},\"thumbnailUrl\":\"https:\\\/\\\/radioleinewelle.de\\\/wp-content\\\/uploads\\\/2023\\\/04\\\/MINT-EC-Camp-Innovatanzen-Goettingen-scaled.jpg\",\"datePublished\":\"2023-04-19T08:29:19+00:00\",\"dateModified\":\"2023-04-19T08:29:22+00:00\",\"breadcrumb\":{\"@id\":\"https:\\\/\\\/radioleinewelle.de\\\/index.php\\\/2023\\\/04\\\/19\\\/mint-ec-camp-innovative-pflanzen-in-goettingen-gestartet\\\/#breadcrumb\"},\"inLanguage\":\"de\",\"potentialAction\":[{\"@type\":\"ReadAction\",\"target\":[\"https:\\\/\\\/radioleinewelle.de\\\/index.php\\\/2023\\\/04\\\/19\\\/mint-ec-camp-innovative-pflanzen-in-goettingen-gestartet\\\/\"]}]},{\"@type\":\"ImageObject\",\"inLanguage\":\"de\",\"@id\":\"https:\\\/\\\/radioleinewelle.de\\\/index.php\\\/2023\\\/04\\\/19\\\/mint-ec-camp-innovative-pflanzen-in-goettingen-gestartet\\\/#primaryimage\",\"url\":\"https:\\\/\\\/radioleinewelle.de\\\/wp-content\\\/uploads\\\/2023\\\/04\\\/MINT-EC-Camp-Innovatanzen-Goettingen-scaled.jpg\",\"contentUrl\":\"https:\\\/\\\/radioleinewelle.de\\\/wp-content\\\/uploads\\\/2023\\\/04\\\/MINT-EC-Camp-Innovatanzen-Goettingen-scaled.jpg\",\"width\":2560,\"height\":1710,\"caption\":\"\u00a9 XLAB\"},{\"@type\":\"BreadcrumbList\",\"@id\":\"https:\\\/\\\/radioleinewelle.de\\\/index.php\\\/2023\\\/04\\\/19\\\/mint-ec-camp-innovative-pflanzen-in-goettingen-gestartet\\\/#breadcrumb\",\"itemListElement\":[{\"@type\":\"ListItem\",\"position\":1,\"name\":\"Startseite\",\"item\":\"https:\\\/\\\/radioleinewelle.de\\\/\"},{\"@type\":\"ListItem\",\"position\":2,\"name\":\"MINT-EC-Camp \u201eInnovative Pflanzen\u201c in G\u00f6ttingen gestartet\"}]},{\"@type\":\"WebSite\",\"@id\":\"https:\\\/\\\/radioleinewelle.de\\\/#website\",\"url\":\"https:\\\/\\\/radioleinewelle.de\\\/\",\"name\":\"Radio Leinewelle\",\"description\":\"\",\"publisher\":{\"@id\":\"https:\\\/\\\/radioleinewelle.de\\\/#organization\"},\"potentialAction\":[{\"@type\":\"SearchAction\",\"target\":{\"@type\":\"EntryPoint\",\"urlTemplate\":\"https:\\\/\\\/radioleinewelle.de\\\/?s={search_term_string}\"},\"query-input\":{\"@type\":\"PropertyValueSpecification\",\"valueRequired\":true,\"valueName\":\"search_term_string\"}}],\"inLanguage\":\"de\"},{\"@type\":\"Organization\",\"@id\":\"https:\\\/\\\/radioleinewelle.de\\\/#organization\",\"name\":\"Radio Leinewelle\",\"alternateName\":\"Mein Radio f\u00fcr S\u00fcdniedersachsen\",\"url\":\"https:\\\/\\\/radioleinewelle.de\\\/\",\"logo\":{\"@type\":\"ImageObject\",\"inLanguage\":\"de\",\"@id\":\"https:\\\/\\\/radioleinewelle.de\\\/#\\\/schema\\\/logo\\\/image\\\/\",\"url\":\"https:\\\/\\\/radioleinewelle.de\\\/wp-content\\\/uploads\\\/2023\\\/11\\\/cropped-Leinewelle_Logo_weiss.png\",\"contentUrl\":\"https:\\\/\\\/radioleinewelle.de\\\/wp-content\\\/uploads\\\/2023\\\/11\\\/cropped-Leinewelle_Logo_weiss.png\",\"width\":854,\"height\":260,\"caption\":\"Radio Leinewelle\"},\"image\":{\"@id\":\"https:\\\/\\\/radioleinewelle.de\\\/#\\\/schema\\\/logo\\\/image\\\/\"},\"sameAs\":[\"https:\\\/\\\/www.facebook.com\\\/radioleinewelle\",\"https:\\\/\\\/x.com\\\/RLeinewelle\",\"https:\\\/\\\/www.instagram.com\\\/radioleinewelle\\\/?hl=de\"]},{\"@type\":\"Person\",\"@id\":\"https:\\\/\\\/radioleinewelle.de\\\/#\\\/schema\\\/person\\\/45606f348637df637192dc1b68399a63\",\"name\":\"Leinewelle\",\"image\":{\"@type\":\"ImageObject\",\"inLanguage\":\"de\",\"@id\":\"https:\\\/\\\/secure.gravatar.com\\\/avatar\\\/05c9a17bc973052ee5d91549bd32fb4dd0dc85b7b85ae94b2e2b4943476bbea5?s=96&d=blank&r=g\",\"url\":\"https:\\\/\\\/secure.gravatar.com\\\/avatar\\\/05c9a17bc973052ee5d91549bd32fb4dd0dc85b7b85ae94b2e2b4943476bbea5?s=96&d=blank&r=g\",\"contentUrl\":\"https:\\\/\\\/secure.gravatar.com\\\/avatar\\\/05c9a17bc973052ee5d91549bd32fb4dd0dc85b7b85ae94b2e2b4943476bbea5?s=96&d=blank&r=g\",\"caption\":\"Leinewelle\"},\"sameAs\":[\"http:\\\/\\\/localhost\\\/radio%20leinewelle\\\/wordpress\",\"https:\\\/\\\/www.facebook.com\\\/radioleinewelle\",\"https:\\\/\\\/www.instagram.com\\\/radioleinewelle\",\"https:\\\/\\\/x.com\\\/https:\\\/\\\/twitter.com\\\/RLeinewelle?ref_src=twsrcgoogletwcampserptwgrauthor\",\"https:\\\/\\\/soundcloud.com\\\/foerderverein-lokalradio?utm_source=clipboard&utm_medium=text&utm_campaign=social_sharing\"],\"url\":\"https:\\\/\\\/radioleinewelle.de\\\/index.php\\\/author\\\/leinewelle\\\/\"}]}<\/script>\n<!-- \/ Yoast SEO plugin. -->","yoast_head_json":{"title":"MINT-EC-Camp \u201eInnovative Pflanzen\u201c in G\u00f6ttingen gestartet - Radio Leinewelle","robots":{"index":"index","follow":"follow","max-snippet":"max-snippet:-1","max-image-preview":"max-image-preview:large","max-video-preview":"max-video-preview:-1"},"canonical":"https:\/\/radioleinewelle.de\/index.php\/2023\/04\/19\/mint-ec-camp-innovative-pflanzen-in-goettingen-gestartet\/","og_locale":"de_DE","og_type":"article","og_title":"MINT-EC-Camp \u201eInnovative Pflanzen\u201c in G\u00f6ttingen gestartet - Radio Leinewelle","og_description":"Gestern startete das 4-t\u00e4gige MINT-EC-Camp \u201eInnovative Pflanzen\u201c gemeinsam mit XLAB \u2013 G\u00f6ttinger Experimentallabor f\u00fcr junge Leute. Die zehn teilnehmenden Sch\u00fcler*innen von Schulen des nationalen Excellence-Schulnetzwerks MINT-EC erhalten vom 18. bis zum 21. April einen \u00dcberblick \u00fcber die gr\u00fcne Gentechnik und deren Bedeutung f\u00fcr die Landwirtschaft.\u00a0 In mehrt\u00e4gigen Experimenten besch\u00e4ftigen sich die Jugendlichen mit den Methoden [&hellip;]","og_url":"https:\/\/radioleinewelle.de\/index.php\/2023\/04\/19\/mint-ec-camp-innovative-pflanzen-in-goettingen-gestartet\/","og_site_name":"Radio Leinewelle","article_publisher":"https:\/\/www.facebook.com\/radioleinewelle","article_author":"https:\/\/www.facebook.com\/radioleinewelle","article_published_time":"2023-04-19T08:29:19+00:00","article_modified_time":"2023-04-19T08:29:22+00:00","og_image":[{"width":2560,"height":1710,"url":"https:\/\/radioleinewelle.de\/wp-content\/uploads\/2023\/04\/MINT-EC-Camp-Innovatanzen-Goettingen-scaled.jpg","type":"image\/jpeg"}],"author":"Leinewelle","twitter_card":"summary_large_image","twitter_creator":"@https:\/\/twitter.com\/RLeinewelle?ref_src=twsrcgoogletwcampserptwgrauthor","twitter_site":"@RLeinewelle","twitter_misc":{"Verfasst von":"Leinewelle","Gesch\u00e4tzte Lesezeit":"2\u00a0Minuten"},"schema":{"@context":"https:\/\/schema.org","@graph":[{"@type":"Article","@id":"https:\/\/radioleinewelle.de\/index.php\/2023\/04\/19\/mint-ec-camp-innovative-pflanzen-in-goettingen-gestartet\/#article","isPartOf":{"@id":"https:\/\/radioleinewelle.de\/index.php\/2023\/04\/19\/mint-ec-camp-innovative-pflanzen-in-goettingen-gestartet\/"},"author":{"name":"Leinewelle","@id":"https:\/\/radioleinewelle.de\/#\/schema\/person\/45606f348637df637192dc1b68399a63"},"headline":"MINT-EC-Camp \u201eInnovative Pflanzen\u201c in G\u00f6ttingen gestartet","datePublished":"2023-04-19T08:29:19+00:00","dateModified":"2023-04-19T08:29:22+00:00","mainEntityOfPage":{"@id":"https:\/\/radioleinewelle.de\/index.php\/2023\/04\/19\/mint-ec-camp-innovative-pflanzen-in-goettingen-gestartet\/"},"wordCount":285,"commentCount":0,"publisher":{"@id":"https:\/\/radioleinewelle.de\/#organization"},"image":{"@id":"https:\/\/radioleinewelle.de\/index.php\/2023\/04\/19\/mint-ec-camp-innovative-pflanzen-in-goettingen-gestartet\/#primaryimage"},"thumbnailUrl":"https:\/\/radioleinewelle.de\/wp-content\/uploads\/2023\/04\/MINT-EC-Camp-Innovatanzen-Goettingen-scaled.jpg","articleSection":["Schule &amp; Ausbildung"],"inLanguage":"de","potentialAction":[{"@type":"CommentAction","name":"Comment","target":["https:\/\/radioleinewelle.de\/index.php\/2023\/04\/19\/mint-ec-camp-innovative-pflanzen-in-goettingen-gestartet\/#respond"]}]},{"@type":"WebPage","@id":"https:\/\/radioleinewelle.de\/index.php\/2023\/04\/19\/mint-ec-camp-innovative-pflanzen-in-goettingen-gestartet\/","url":"https:\/\/radioleinewelle.de\/index.php\/2023\/04\/19\/mint-ec-camp-innovative-pflanzen-in-goettingen-gestartet\/","name":"MINT-EC-Camp \u201eInnovative Pflanzen\u201c in G\u00f6ttingen gestartet - Radio Leinewelle","isPartOf":{"@id":"https:\/\/radioleinewelle.de\/#website"},"primaryImageOfPage":{"@id":"https:\/\/radioleinewelle.de\/index.php\/2023\/04\/19\/mint-ec-camp-innovative-pflanzen-in-goettingen-gestartet\/#primaryimage"},"image":{"@id":"https:\/\/radioleinewelle.de\/index.php\/2023\/04\/19\/mint-ec-camp-innovative-pflanzen-in-goettingen-gestartet\/#primaryimage"},"thumbnailUrl":"https:\/\/radioleinewelle.de\/wp-content\/uploads\/2023\/04\/MINT-EC-Camp-Innovatanzen-Goettingen-scaled.jpg","datePublished":"2023-04-19T08:29:19+00:00","dateModified":"2023-04-19T08:29:22+00:00","breadcrumb":{"@id":"https:\/\/radioleinewelle.de\/index.php\/2023\/04\/19\/mint-ec-camp-innovative-pflanzen-in-goettingen-gestartet\/#breadcrumb"},"inLanguage":"de","potentialAction":[{"@type":"ReadAction","target":["https:\/\/radioleinewelle.de\/index.php\/2023\/04\/19\/mint-ec-camp-innovative-pflanzen-in-goettingen-gestartet\/"]}]},{"@type":"ImageObject","inLanguage":"de","@id":"https:\/\/radioleinewelle.de\/index.php\/2023\/04\/19\/mint-ec-camp-innovative-pflanzen-in-goettingen-gestartet\/#primaryimage","url":"https:\/\/radioleinewelle.de\/wp-content\/uploads\/2023\/04\/MINT-EC-Camp-Innovatanzen-Goettingen-scaled.jpg","contentUrl":"https:\/\/radioleinewelle.de\/wp-content\/uploads\/2023\/04\/MINT-EC-Camp-Innovatanzen-Goettingen-scaled.jpg","width":2560,"height":1710,"caption":"\u00a9 XLAB"},{"@type":"BreadcrumbList","@id":"https:\/\/radioleinewelle.de\/index.php\/2023\/04\/19\/mint-ec-camp-innovative-pflanzen-in-goettingen-gestartet\/#breadcrumb","itemListElement":[{"@type":"ListItem","position":1,"name":"Startseite","item":"https:\/\/radioleinewelle.de\/"},{"@type":"ListItem","position":2,"name":"MINT-EC-Camp \u201eInnovative Pflanzen\u201c in G\u00f6ttingen gestartet"}]},{"@type":"WebSite","@id":"https:\/\/radioleinewelle.de\/#website","url":"https:\/\/radioleinewelle.de\/","name":"Radio Leinewelle","description":"","publisher":{"@id":"https:\/\/radioleinewelle.de\/#organization"},"potentialAction":[{"@type":"SearchAction","target":{"@type":"EntryPoint","urlTemplate":"https:\/\/radioleinewelle.de\/?s={search_term_string}"},"query-input":{"@type":"PropertyValueSpecification","valueRequired":true,"valueName":"search_term_string"}}],"inLanguage":"de"},{"@type":"Organization","@id":"https:\/\/radioleinewelle.de\/#organization","name":"Radio Leinewelle","alternateName":"Mein Radio f\u00fcr S\u00fcdniedersachsen","url":"https:\/\/radioleinewelle.de\/","logo":{"@type":"ImageObject","inLanguage":"de","@id":"https:\/\/radioleinewelle.de\/#\/schema\/logo\/image\/","url":"https:\/\/radioleinewelle.de\/wp-content\/uploads\/2023\/11\/cropped-Leinewelle_Logo_weiss.png","contentUrl":"https:\/\/radioleinewelle.de\/wp-content\/uploads\/2023\/11\/cropped-Leinewelle_Logo_weiss.png","width":854,"height":260,"caption":"Radio Leinewelle"},"image":{"@id":"https:\/\/radioleinewelle.de\/#\/schema\/logo\/image\/"},"sameAs":["https:\/\/www.facebook.com\/radioleinewelle","https:\/\/x.com\/RLeinewelle","https:\/\/www.instagram.com\/radioleinewelle\/?hl=de"]},{"@type":"Person","@id":"https:\/\/radioleinewelle.de\/#\/schema\/person\/45606f348637df637192dc1b68399a63","name":"Leinewelle","image":{"@type":"ImageObject","inLanguage":"de","@id":"https:\/\/secure.gravatar.com\/avatar\/05c9a17bc973052ee5d91549bd32fb4dd0dc85b7b85ae94b2e2b4943476bbea5?s=96&d=blank&r=g","url":"https:\/\/secure.gravatar.com\/avatar\/05c9a17bc973052ee5d91549bd32fb4dd0dc85b7b85ae94b2e2b4943476bbea5?s=96&d=blank&r=g","contentUrl":"https:\/\/secure.gravatar.com\/avatar\/05c9a17bc973052ee5d91549bd32fb4dd0dc85b7b85ae94b2e2b4943476bbea5?s=96&d=blank&r=g","caption":"Leinewelle"},"sameAs":["http:\/\/localhost\/radio%20leinewelle\/wordpress","https:\/\/www.facebook.com\/radioleinewelle","https:\/\/www.instagram.com\/radioleinewelle","https:\/\/x.com\/https:\/\/twitter.com\/RLeinewelle?ref_src=twsrcgoogletwcampserptwgrauthor","https:\/\/soundcloud.com\/foerderverein-lokalradio?utm_source=clipboard&utm_medium=text&utm_campaign=social_sharing"],"url":"https:\/\/radioleinewelle.de\/index.php\/author\/leinewelle\/"}]}},"_links":{"self":[{"href":"https:\/\/radioleinewelle.de\/index.php\/wp-json\/wp\/v2\/posts\/22438","targetHints":{"allow":["GET"]}}],"collection":[{"href":"https:\/\/radioleinewelle.de\/index.php\/wp-json\/wp\/v2\/posts"}],"about":[{"href":"https:\/\/radioleinewelle.de\/index.php\/wp-json\/wp\/v2\/types\/post"}],"author":[{"embeddable":true,"href":"https:\/\/radioleinewelle.de\/index.php\/wp-json\/wp\/v2\/users\/1"}],"replies":[{"embeddable":true,"href":"https:\/\/radioleinewelle.de\/index.php\/wp-json\/wp\/v2\/comments?post=22438"}],"version-history":[{"count":1,"href":"https:\/\/radioleinewelle.de\/index.php\/wp-json\/wp\/v2\/posts\/22438\/revisions"}],"predecessor-version":[{"id":22440,"href":"https:\/\/radioleinewelle.de\/index.php\/wp-json\/wp\/v2\/posts\/22438\/revisions\/22440"}],"wp:featuredmedia":[{"embeddable":true,"href":"https:\/\/radioleinewelle.de\/index.php\/wp-json\/wp\/v2\/media\/22439"}],"wp:attachment":[{"href":"https:\/\/radioleinewelle.de\/index.php\/wp-json\/wp\/v2\/media?parent=22438"}],"wp:term":[{"taxonomy":"category","embeddable":true,"href":"https:\/\/radioleinewelle.de\/index.php\/wp-json\/wp\/v2\/categories?post=22438"},{"taxonomy":"post_tag","embeddable":true,"href":"https:\/\/radioleinewelle.de\/index.php\/wp-json\/wp\/v2\/tags?post=22438"}],"curies":[{"name":"wp","href":"https:\/\/api.w.org\/{rel}","templated":true}]}}