{"id":22457,"date":"2023-04-24T11:16:37","date_gmt":"2023-04-24T09:16:37","guid":{"rendered":"https:\/\/radioleinewelle.de\/?p=22457"},"modified":"2023-04-24T19:52:38","modified_gmt":"2023-04-24T17:52:38","slug":"ueber-3-800-teilnehmerinnen-bei-der-tour-denergie","status":"publish","type":"post","link":"https:\/\/radioleinewelle.de\/index.php\/2023\/04\/24\/ueber-3-800-teilnehmerinnen-bei-der-tour-denergie\/","title":{"rendered":"\u00dcber 3.300 Teilnehmer*innen bei der Tour d`Energie"},"content":{"rendered":"\n<p>Es war ein rauschendes Fest f\u00fcr den Radsport, bei strahlendem Sonnenschein gingen tausende Velofans auf die beiden Rundstrecken von jeweils 45 km und 100 km. Es war ein Jedermannrennen f\u00fcr alle Altersgruppen, die j\u00fcngsten Teilnehmer*innen waren 11 Jahre, der \u00e4lteste Teilnehmer auf der 100 km Strecke 83 Jahre. Ein gro\u00dfer Vorteil f\u00fcr die Teilnehmer*innen war die trockenen Strecke, wichtig insbesondere an der Bergstrecke Hoher Hagen. Sieger im 100 km Rennen wurde Moritz Beinlich mit einer Zeit von 2:21:12 Stunden, mit Jael Heinrich schaffte die beste Frau die Strecke in 2:34:51 Stunden. Die 45 km Strecke gewann Patrick D\u00f6ren in 1:03:57 Stunde, die Bergwertung Pascal Wiederhold in 05:39 Min. Die komplette Ergebnisliste ist auf <a href=\"http:\/\/www.tourdenergie.de\"><strong>www.tourdenergie.de<\/strong><\/a> zu finden. <br>Tausende Zuschauer*innen feuerten die Teilnehmer*innen an der Strecke an, der kurze Weg zwischen Start- und Zielort erm\u00f6glichte einen guten Eindruck dieses wohl spektakul\u00e4rsten Sportevents in G\u00f6ttingen. Die hohe Zahl der teilnehmenden Sportler*innen zeigt auch die Attraktivit\u00e4t der Veranstaltung und der Strecke. <\/p>\n\n\n\n<p><\/p>\n\n\n\n<figure class=\"wp-block-gallery has-nested-images columns-default is-cropped wp-block-gallery-1 is-layout-flex wp-block-gallery-is-layout-flex\">\n<figure class=\"wp-block-image size-large\"><img loading=\"lazy\" decoding=\"async\" width=\"632\" height=\"395\" data-id=\"22458\" src=\"https:\/\/radioleinewelle.de\/wp-content\/uploads\/2023\/04\/TDE-2023-Goe-1-e1682323079308.jpg\" alt=\"\" class=\"wp-image-22458\" srcset=\"https:\/\/radioleinewelle.de\/wp-content\/uploads\/2023\/04\/TDE-2023-Goe-1-e1682323079308.jpg 632w, https:\/\/radioleinewelle.de\/wp-content\/uploads\/2023\/04\/TDE-2023-Goe-1-e1682323079308-300x188.jpg 300w, https:\/\/radioleinewelle.de\/wp-content\/uploads\/2023\/04\/TDE-2023-Goe-1-e1682323079308-200x125.jpg 200w\" sizes=\"(max-width: 632px) 100vw, 632px\" \/><\/figure>\n\n\n\n<figure class=\"wp-block-image size-large\"><img loading=\"lazy\" decoding=\"async\" width=\"640\" height=\"480\" data-id=\"22459\" src=\"https:\/\/radioleinewelle.de\/wp-content\/uploads\/2023\/04\/TDE-2023-Goe-3.jpg\" alt=\"\" class=\"wp-image-22459\" srcset=\"https:\/\/radioleinewelle.de\/wp-content\/uploads\/2023\/04\/TDE-2023-Goe-3.jpg 640w, https:\/\/radioleinewelle.de\/wp-content\/uploads\/2023\/04\/TDE-2023-Goe-3-300x225.jpg 300w, https:\/\/radioleinewelle.de\/wp-content\/uploads\/2023\/04\/TDE-2023-Goe-3-200x150.jpg 200w\" sizes=\"(max-width: 640px) 100vw, 640px\" \/><\/figure>\n\n\n\n<figure class=\"wp-block-image size-large\"><img loading=\"lazy\" decoding=\"async\" width=\"640\" height=\"480\" data-id=\"22460\" src=\"https:\/\/radioleinewelle.de\/wp-content\/uploads\/2023\/04\/TDE-2023-Goe-5.jpg\" alt=\"\" class=\"wp-image-22460\" srcset=\"https:\/\/radioleinewelle.de\/wp-content\/uploads\/2023\/04\/TDE-2023-Goe-5.jpg 640w, https:\/\/radioleinewelle.de\/wp-content\/uploads\/2023\/04\/TDE-2023-Goe-5-300x225.jpg 300w, https:\/\/radioleinewelle.de\/wp-content\/uploads\/2023\/04\/TDE-2023-Goe-5-200x150.jpg 200w\" sizes=\"(max-width: 640px) 100vw, 640px\" \/><\/figure>\n\n\n\n<figure class=\"wp-block-image size-large\"><img loading=\"lazy\" decoding=\"async\" width=\"600\" height=\"364\" data-id=\"22461\" src=\"https:\/\/radioleinewelle.de\/wp-content\/uploads\/2023\/04\/TDE-2023-Goe-6-e1682323114118.jpg\" alt=\"\" class=\"wp-image-22461\" srcset=\"https:\/\/radioleinewelle.de\/wp-content\/uploads\/2023\/04\/TDE-2023-Goe-6-e1682323114118.jpg 600w, https:\/\/radioleinewelle.de\/wp-content\/uploads\/2023\/04\/TDE-2023-Goe-6-e1682323114118-300x182.jpg 300w, https:\/\/radioleinewelle.de\/wp-content\/uploads\/2023\/04\/TDE-2023-Goe-6-e1682323114118-200x121.jpg 200w\" sizes=\"(max-width: 600px) 100vw, 600px\" \/><\/figure>\n\n\n\n<figure class=\"wp-block-image size-large\"><img loading=\"lazy\" decoding=\"async\" width=\"459\" height=\"462\" data-id=\"22462\" src=\"https:\/\/radioleinewelle.de\/wp-content\/uploads\/2023\/04\/TDE-2023-HM-1-e1682323135132.jpg\" alt=\"\" class=\"wp-image-22462\" srcset=\"https:\/\/radioleinewelle.de\/wp-content\/uploads\/2023\/04\/TDE-2023-HM-1-e1682323135132.jpg 459w, https:\/\/radioleinewelle.de\/wp-content\/uploads\/2023\/04\/TDE-2023-HM-1-e1682323135132-298x300.jpg 298w, https:\/\/radioleinewelle.de\/wp-content\/uploads\/2023\/04\/TDE-2023-HM-1-e1682323135132-150x150.jpg 150w, https:\/\/radioleinewelle.de\/wp-content\/uploads\/2023\/04\/TDE-2023-HM-1-e1682323135132-200x201.jpg 200w\" sizes=\"(max-width: 459px) 100vw, 459px\" \/><\/figure>\n\n\n\n<figure class=\"wp-block-image size-large\"><img loading=\"lazy\" decoding=\"async\" width=\"595\" height=\"448\" data-id=\"22463\" src=\"https:\/\/radioleinewelle.de\/wp-content\/uploads\/2023\/04\/TDE-2023-HM-2-e1682323176796.jpg\" alt=\"\" class=\"wp-image-22463\" srcset=\"https:\/\/radioleinewelle.de\/wp-content\/uploads\/2023\/04\/TDE-2023-HM-2-e1682323176796.jpg 595w, https:\/\/radioleinewelle.de\/wp-content\/uploads\/2023\/04\/TDE-2023-HM-2-e1682323176796-300x226.jpg 300w, https:\/\/radioleinewelle.de\/wp-content\/uploads\/2023\/04\/TDE-2023-HM-2-e1682323176796-200x151.jpg 200w\" sizes=\"(max-width: 595px) 100vw, 595px\" \/><\/figure>\n\n\n\n<figure class=\"wp-block-image size-large\"><img loading=\"lazy\" decoding=\"async\" width=\"480\" height=\"640\" data-id=\"22464\" src=\"https:\/\/radioleinewelle.de\/wp-content\/uploads\/2023\/04\/TDE-2023-HM-3.jpg\" alt=\"\" class=\"wp-image-22464\" srcset=\"https:\/\/radioleinewelle.de\/wp-content\/uploads\/2023\/04\/TDE-2023-HM-3.jpg 480w, https:\/\/radioleinewelle.de\/wp-content\/uploads\/2023\/04\/TDE-2023-HM-3-225x300.jpg 225w, https:\/\/radioleinewelle.de\/wp-content\/uploads\/2023\/04\/TDE-2023-HM-3-200x267.jpg 200w\" sizes=\"(max-width: 480px) 100vw, 480px\" \/><\/figure>\n\n\n\n<figure class=\"wp-block-image size-large\"><img loading=\"lazy\" decoding=\"async\" width=\"1024\" height=\"992\" data-id=\"22465\" src=\"https:\/\/radioleinewelle.de\/wp-content\/uploads\/2023\/04\/TDE-2023-HM-4-e1682323204120-1024x992.jpg\" alt=\"\" class=\"wp-image-22465\" srcset=\"https:\/\/radioleinewelle.de\/wp-content\/uploads\/2023\/04\/TDE-2023-HM-4-e1682323204120-1024x992.jpg 1024w, https:\/\/radioleinewelle.de\/wp-content\/uploads\/2023\/04\/TDE-2023-HM-4-e1682323204120-300x291.jpg 300w, https:\/\/radioleinewelle.de\/wp-content\/uploads\/2023\/04\/TDE-2023-HM-4-e1682323204120-768x744.jpg 768w, https:\/\/radioleinewelle.de\/wp-content\/uploads\/2023\/04\/TDE-2023-HM-4-e1682323204120-200x194.jpg 200w, https:\/\/radioleinewelle.de\/wp-content\/uploads\/2023\/04\/TDE-2023-HM-4-e1682323204120.jpg 1168w\" sizes=\"(max-width: 1024px) 100vw, 1024px\" \/><\/figure>\n\n\n\n<figure class=\"wp-block-image size-large\"><img loading=\"lazy\" decoding=\"async\" width=\"640\" height=\"480\" data-id=\"22468\" src=\"https:\/\/radioleinewelle.de\/wp-content\/uploads\/2023\/04\/TDE-2923-GOe-2.jpg\" alt=\"\" class=\"wp-image-22468\" srcset=\"https:\/\/radioleinewelle.de\/wp-content\/uploads\/2023\/04\/TDE-2923-GOe-2.jpg 640w, https:\/\/radioleinewelle.de\/wp-content\/uploads\/2023\/04\/TDE-2923-GOe-2-300x225.jpg 300w, https:\/\/radioleinewelle.de\/wp-content\/uploads\/2023\/04\/TDE-2923-GOe-2-200x150.jpg 200w\" sizes=\"(max-width: 640px) 100vw, 640px\" \/><\/figure>\n\n\n\n<figure class=\"wp-block-image size-large\"><img loading=\"lazy\" decoding=\"async\" width=\"640\" height=\"598\" data-id=\"22466\" src=\"https:\/\/radioleinewelle.de\/wp-content\/uploads\/2023\/04\/TDE-2023-HM-5.jpg\" alt=\"\" class=\"wp-image-22466\" srcset=\"https:\/\/radioleinewelle.de\/wp-content\/uploads\/2023\/04\/TDE-2023-HM-5.jpg 640w, https:\/\/radioleinewelle.de\/wp-content\/uploads\/2023\/04\/TDE-2023-HM-5-300x280.jpg 300w, https:\/\/radioleinewelle.de\/wp-content\/uploads\/2023\/04\/TDE-2023-HM-5-200x187.jpg 200w\" sizes=\"(max-width: 640px) 100vw, 640px\" \/><\/figure>\n\n\n\n<figure class=\"wp-block-image size-large\"><img loading=\"lazy\" decoding=\"async\" width=\"596\" height=\"452\" data-id=\"22467\" src=\"https:\/\/radioleinewelle.de\/wp-content\/uploads\/2023\/04\/TDE-2023-HM-6-e1682323235434.jpg\" alt=\"\" class=\"wp-image-22467\" srcset=\"https:\/\/radioleinewelle.de\/wp-content\/uploads\/2023\/04\/TDE-2023-HM-6-e1682323235434.jpg 596w, https:\/\/radioleinewelle.de\/wp-content\/uploads\/2023\/04\/TDE-2023-HM-6-e1682323235434-300x228.jpg 300w, https:\/\/radioleinewelle.de\/wp-content\/uploads\/2023\/04\/TDE-2023-HM-6-e1682323235434-200x152.jpg 200w, https:\/\/radioleinewelle.de\/wp-content\/uploads\/2023\/04\/TDE-2023-HM-6-e1682323235434-270x205.jpg 270w\" sizes=\"(max-width: 596px) 100vw, 596px\" \/><\/figure>\n\n\n\n<figure class=\"wp-block-image size-large\"><img loading=\"lazy\" decoding=\"async\" width=\"619\" height=\"393\" data-id=\"22469\" src=\"https:\/\/radioleinewelle.de\/wp-content\/uploads\/2023\/04\/TDE-2923-Goe-4-e1682323264987.jpg\" alt=\"\" class=\"wp-image-22469\" srcset=\"https:\/\/radioleinewelle.de\/wp-content\/uploads\/2023\/04\/TDE-2923-Goe-4-e1682323264987.jpg 619w, https:\/\/radioleinewelle.de\/wp-content\/uploads\/2023\/04\/TDE-2923-Goe-4-e1682323264987-300x190.jpg 300w, https:\/\/radioleinewelle.de\/wp-content\/uploads\/2023\/04\/TDE-2923-Goe-4-e1682323264987-200x127.jpg 200w, https:\/\/radioleinewelle.de\/wp-content\/uploads\/2023\/04\/TDE-2923-Goe-4-e1682323264987-313x200.jpg 313w\" sizes=\"(max-width: 619px) 100vw, 619px\" \/><\/figure>\n<\/figure>\n\n\n\n<p><strong>Fotos: <\/strong>\u00a9Radio Leinewelle, G\u00f6ttingen (ue), Hann.M\u00fcnden (sa)<\/p>\n","protected":false},"excerpt":{"rendered":"<p>Es war ein rauschendes Fest f\u00fcr den Radsport, bei strahlendem Sonnenschein gingen tausende Velofans auf die beiden Rundstrecken von jeweils 45 km und 100 km. Es war ein Jedermannrennen f\u00fcr alle Altersgruppen, die j\u00fcngsten Teilnehmer*innen waren 11 Jahre, der \u00e4lteste Teilnehmer auf der 100 km Strecke 83 Jahre. Ein gro\u00dfer Vorteil f\u00fcr die Teilnehmer*innen war [&hellip;]<\/p>\n","protected":false},"author":1,"featured_media":22475,"comment_status":"open","ping_status":"open","sticky":true,"template":"","format":"standard","meta":{"saved_in_kubio":false,"footnotes":""},"categories":[263],"tags":[],"class_list":["post-22457","post","type-post","status-publish","format-standard","has-post-thumbnail","hentry","category-sport"],"yoast_head":"<!-- This site is optimized with the Yoast SEO plugin v27.5 - https:\/\/yoast.com\/product\/yoast-seo-wordpress\/ -->\n<title>\u00dcber 3.300 Teilnehmer*innen bei der Tour d`Energie - Radio Leinewelle<\/title>\n<meta name=\"robots\" content=\"index, follow, max-snippet:-1, max-image-preview:large, max-video-preview:-1\" \/>\n<link rel=\"canonical\" href=\"https:\/\/radioleinewelle.de\/index.php\/2023\/04\/24\/ueber-3-800-teilnehmerinnen-bei-der-tour-denergie\/\" \/>\n<meta property=\"og:locale\" content=\"de_DE\" \/>\n<meta property=\"og:type\" content=\"article\" \/>\n<meta property=\"og:title\" content=\"\u00dcber 3.300 Teilnehmer*innen bei der Tour d`Energie - Radio Leinewelle\" \/>\n<meta property=\"og:description\" content=\"Es war ein rauschendes Fest f\u00fcr den Radsport, bei strahlendem Sonnenschein gingen tausende Velofans auf die beiden Rundstrecken von jeweils 45 km und 100 km. Es war ein Jedermannrennen f\u00fcr alle Altersgruppen, die j\u00fcngsten Teilnehmer*innen waren 11 Jahre, der \u00e4lteste Teilnehmer auf der 100 km Strecke 83 Jahre. Ein gro\u00dfer Vorteil f\u00fcr die Teilnehmer*innen war [&hellip;]\" \/>\n<meta property=\"og:url\" content=\"https:\/\/radioleinewelle.de\/index.php\/2023\/04\/24\/ueber-3-800-teilnehmerinnen-bei-der-tour-denergie\/\" \/>\n<meta property=\"og:site_name\" content=\"Radio Leinewelle\" \/>\n<meta property=\"article:publisher\" content=\"https:\/\/www.facebook.com\/radioleinewelle\" \/>\n<meta property=\"article:author\" content=\"https:\/\/www.facebook.com\/radioleinewelle\" \/>\n<meta property=\"article:published_time\" content=\"2023-04-24T09:16:37+00:00\" \/>\n<meta property=\"article:modified_time\" content=\"2023-04-24T17:52:38+00:00\" \/>\n<meta property=\"og:image\" content=\"https:\/\/radioleinewelle.de\/wp-content\/uploads\/2023\/04\/TDE-2023-Goe-7-e1682328595761.jpg\" \/>\n\t<meta property=\"og:image:width\" content=\"1000\" \/>\n\t<meta property=\"og:image:height\" content=\"750\" \/>\n\t<meta property=\"og:image:type\" content=\"image\/jpeg\" \/>\n<meta name=\"author\" content=\"Leinewelle\" \/>\n<meta name=\"twitter:card\" content=\"summary_large_image\" \/>\n<meta name=\"twitter:creator\" content=\"@https:\/\/twitter.com\/RLeinewelle?ref_src=twsrcgoogletwcampserptwgrauthor\" \/>\n<meta name=\"twitter:site\" content=\"@RLeinewelle\" \/>\n<meta name=\"twitter:label1\" content=\"Verfasst von\" \/>\n\t<meta name=\"twitter:data1\" content=\"Leinewelle\" \/>\n\t<meta name=\"twitter:label2\" content=\"Gesch\u00e4tzte Lesezeit\" \/>\n\t<meta name=\"twitter:data2\" content=\"4\u00a0Minuten\" \/>\n<script type=\"application\/ld+json\" class=\"yoast-schema-graph\">{\"@context\":\"https:\\\/\\\/schema.org\",\"@graph\":[{\"@type\":\"Article\",\"@id\":\"https:\\\/\\\/radioleinewelle.de\\\/index.php\\\/2023\\\/04\\\/24\\\/ueber-3-800-teilnehmerinnen-bei-der-tour-denergie\\\/#article\",\"isPartOf\":{\"@id\":\"https:\\\/\\\/radioleinewelle.de\\\/index.php\\\/2023\\\/04\\\/24\\\/ueber-3-800-teilnehmerinnen-bei-der-tour-denergie\\\/\"},\"author\":{\"name\":\"Leinewelle\",\"@id\":\"https:\\\/\\\/radioleinewelle.de\\\/#\\\/schema\\\/person\\\/45606f348637df637192dc1b68399a63\"},\"headline\":\"\u00dcber 3.300 Teilnehmer*innen bei der Tour d`Energie\",\"datePublished\":\"2023-04-24T09:16:37+00:00\",\"dateModified\":\"2023-04-24T17:52:38+00:00\",\"mainEntityOfPage\":{\"@id\":\"https:\\\/\\\/radioleinewelle.de\\\/index.php\\\/2023\\\/04\\\/24\\\/ueber-3-800-teilnehmerinnen-bei-der-tour-denergie\\\/\"},\"wordCount\":181,\"commentCount\":0,\"publisher\":{\"@id\":\"https:\\\/\\\/radioleinewelle.de\\\/#organization\"},\"image\":{\"@id\":\"https:\\\/\\\/radioleinewelle.de\\\/index.php\\\/2023\\\/04\\\/24\\\/ueber-3-800-teilnehmerinnen-bei-der-tour-denergie\\\/#primaryimage\"},\"thumbnailUrl\":\"https:\\\/\\\/radioleinewelle.de\\\/wp-content\\\/uploads\\\/2023\\\/04\\\/TDE-2023-Goe-7-e1682328595761.jpg\",\"articleSection\":[\"Sport\"],\"inLanguage\":\"de\",\"potentialAction\":[{\"@type\":\"CommentAction\",\"name\":\"Comment\",\"target\":[\"https:\\\/\\\/radioleinewelle.de\\\/index.php\\\/2023\\\/04\\\/24\\\/ueber-3-800-teilnehmerinnen-bei-der-tour-denergie\\\/#respond\"]}]},{\"@type\":\"WebPage\",\"@id\":\"https:\\\/\\\/radioleinewelle.de\\\/index.php\\\/2023\\\/04\\\/24\\\/ueber-3-800-teilnehmerinnen-bei-der-tour-denergie\\\/\",\"url\":\"https:\\\/\\\/radioleinewelle.de\\\/index.php\\\/2023\\\/04\\\/24\\\/ueber-3-800-teilnehmerinnen-bei-der-tour-denergie\\\/\",\"name\":\"\u00dcber 3.300 Teilnehmer*innen bei der Tour d`Energie - Radio Leinewelle\",\"isPartOf\":{\"@id\":\"https:\\\/\\\/radioleinewelle.de\\\/#website\"},\"primaryImageOfPage\":{\"@id\":\"https:\\\/\\\/radioleinewelle.de\\\/index.php\\\/2023\\\/04\\\/24\\\/ueber-3-800-teilnehmerinnen-bei-der-tour-denergie\\\/#primaryimage\"},\"image\":{\"@id\":\"https:\\\/\\\/radioleinewelle.de\\\/index.php\\\/2023\\\/04\\\/24\\\/ueber-3-800-teilnehmerinnen-bei-der-tour-denergie\\\/#primaryimage\"},\"thumbnailUrl\":\"https:\\\/\\\/radioleinewelle.de\\\/wp-content\\\/uploads\\\/2023\\\/04\\\/TDE-2023-Goe-7-e1682328595761.jpg\",\"datePublished\":\"2023-04-24T09:16:37+00:00\",\"dateModified\":\"2023-04-24T17:52:38+00:00\",\"breadcrumb\":{\"@id\":\"https:\\\/\\\/radioleinewelle.de\\\/index.php\\\/2023\\\/04\\\/24\\\/ueber-3-800-teilnehmerinnen-bei-der-tour-denergie\\\/#breadcrumb\"},\"inLanguage\":\"de\",\"potentialAction\":[{\"@type\":\"ReadAction\",\"target\":[\"https:\\\/\\\/radioleinewelle.de\\\/index.php\\\/2023\\\/04\\\/24\\\/ueber-3-800-teilnehmerinnen-bei-der-tour-denergie\\\/\"]}]},{\"@type\":\"ImageObject\",\"inLanguage\":\"de\",\"@id\":\"https:\\\/\\\/radioleinewelle.de\\\/index.php\\\/2023\\\/04\\\/24\\\/ueber-3-800-teilnehmerinnen-bei-der-tour-denergie\\\/#primaryimage\",\"url\":\"https:\\\/\\\/radioleinewelle.de\\\/wp-content\\\/uploads\\\/2023\\\/04\\\/TDE-2023-Goe-7-e1682328595761.jpg\",\"contentUrl\":\"https:\\\/\\\/radioleinewelle.de\\\/wp-content\\\/uploads\\\/2023\\\/04\\\/TDE-2023-Goe-7-e1682328595761.jpg\",\"width\":1000,\"height\":750},{\"@type\":\"BreadcrumbList\",\"@id\":\"https:\\\/\\\/radioleinewelle.de\\\/index.php\\\/2023\\\/04\\\/24\\\/ueber-3-800-teilnehmerinnen-bei-der-tour-denergie\\\/#breadcrumb\",\"itemListElement\":[{\"@type\":\"ListItem\",\"position\":1,\"name\":\"Startseite\",\"item\":\"https:\\\/\\\/radioleinewelle.de\\\/\"},{\"@type\":\"ListItem\",\"position\":2,\"name\":\"\u00dcber 3.300 Teilnehmer*innen bei der Tour d`Energie\"}]},{\"@type\":\"WebSite\",\"@id\":\"https:\\\/\\\/radioleinewelle.de\\\/#website\",\"url\":\"https:\\\/\\\/radioleinewelle.de\\\/\",\"name\":\"Radio Leinewelle\",\"description\":\"\",\"publisher\":{\"@id\":\"https:\\\/\\\/radioleinewelle.de\\\/#organization\"},\"potentialAction\":[{\"@type\":\"SearchAction\",\"target\":{\"@type\":\"EntryPoint\",\"urlTemplate\":\"https:\\\/\\\/radioleinewelle.de\\\/?s={search_term_string}\"},\"query-input\":{\"@type\":\"PropertyValueSpecification\",\"valueRequired\":true,\"valueName\":\"search_term_string\"}}],\"inLanguage\":\"de\"},{\"@type\":\"Organization\",\"@id\":\"https:\\\/\\\/radioleinewelle.de\\\/#organization\",\"name\":\"Radio Leinewelle\",\"alternateName\":\"Mein Radio f\u00fcr S\u00fcdniedersachsen\",\"url\":\"https:\\\/\\\/radioleinewelle.de\\\/\",\"logo\":{\"@type\":\"ImageObject\",\"inLanguage\":\"de\",\"@id\":\"https:\\\/\\\/radioleinewelle.de\\\/#\\\/schema\\\/logo\\\/image\\\/\",\"url\":\"https:\\\/\\\/radioleinewelle.de\\\/wp-content\\\/uploads\\\/2023\\\/11\\\/cropped-Leinewelle_Logo_weiss.png\",\"contentUrl\":\"https:\\\/\\\/radioleinewelle.de\\\/wp-content\\\/uploads\\\/2023\\\/11\\\/cropped-Leinewelle_Logo_weiss.png\",\"width\":854,\"height\":260,\"caption\":\"Radio Leinewelle\"},\"image\":{\"@id\":\"https:\\\/\\\/radioleinewelle.de\\\/#\\\/schema\\\/logo\\\/image\\\/\"},\"sameAs\":[\"https:\\\/\\\/www.facebook.com\\\/radioleinewelle\",\"https:\\\/\\\/x.com\\\/RLeinewelle\",\"https:\\\/\\\/www.instagram.com\\\/radioleinewelle\\\/?hl=de\"]},{\"@type\":\"Person\",\"@id\":\"https:\\\/\\\/radioleinewelle.de\\\/#\\\/schema\\\/person\\\/45606f348637df637192dc1b68399a63\",\"name\":\"Leinewelle\",\"image\":{\"@type\":\"ImageObject\",\"inLanguage\":\"de\",\"@id\":\"https:\\\/\\\/secure.gravatar.com\\\/avatar\\\/05c9a17bc973052ee5d91549bd32fb4dd0dc85b7b85ae94b2e2b4943476bbea5?s=96&d=blank&r=g\",\"url\":\"https:\\\/\\\/secure.gravatar.com\\\/avatar\\\/05c9a17bc973052ee5d91549bd32fb4dd0dc85b7b85ae94b2e2b4943476bbea5?s=96&d=blank&r=g\",\"contentUrl\":\"https:\\\/\\\/secure.gravatar.com\\\/avatar\\\/05c9a17bc973052ee5d91549bd32fb4dd0dc85b7b85ae94b2e2b4943476bbea5?s=96&d=blank&r=g\",\"caption\":\"Leinewelle\"},\"sameAs\":[\"http:\\\/\\\/localhost\\\/radio%20leinewelle\\\/wordpress\",\"https:\\\/\\\/www.facebook.com\\\/radioleinewelle\",\"https:\\\/\\\/www.instagram.com\\\/radioleinewelle\",\"https:\\\/\\\/x.com\\\/https:\\\/\\\/twitter.com\\\/RLeinewelle?ref_src=twsrcgoogletwcampserptwgrauthor\",\"https:\\\/\\\/soundcloud.com\\\/foerderverein-lokalradio?utm_source=clipboard&utm_medium=text&utm_campaign=social_sharing\"],\"url\":\"https:\\\/\\\/radioleinewelle.de\\\/index.php\\\/author\\\/leinewelle\\\/\"}]}<\/script>\n<!-- \/ Yoast SEO plugin. -->","yoast_head_json":{"title":"\u00dcber 3.300 Teilnehmer*innen bei der Tour d`Energie - Radio Leinewelle","robots":{"index":"index","follow":"follow","max-snippet":"max-snippet:-1","max-image-preview":"max-image-preview:large","max-video-preview":"max-video-preview:-1"},"canonical":"https:\/\/radioleinewelle.de\/index.php\/2023\/04\/24\/ueber-3-800-teilnehmerinnen-bei-der-tour-denergie\/","og_locale":"de_DE","og_type":"article","og_title":"\u00dcber 3.300 Teilnehmer*innen bei der Tour d`Energie - Radio Leinewelle","og_description":"Es war ein rauschendes Fest f\u00fcr den Radsport, bei strahlendem Sonnenschein gingen tausende Velofans auf die beiden Rundstrecken von jeweils 45 km und 100 km. Es war ein Jedermannrennen f\u00fcr alle Altersgruppen, die j\u00fcngsten Teilnehmer*innen waren 11 Jahre, der \u00e4lteste Teilnehmer auf der 100 km Strecke 83 Jahre. Ein gro\u00dfer Vorteil f\u00fcr die Teilnehmer*innen war [&hellip;]","og_url":"https:\/\/radioleinewelle.de\/index.php\/2023\/04\/24\/ueber-3-800-teilnehmerinnen-bei-der-tour-denergie\/","og_site_name":"Radio Leinewelle","article_publisher":"https:\/\/www.facebook.com\/radioleinewelle","article_author":"https:\/\/www.facebook.com\/radioleinewelle","article_published_time":"2023-04-24T09:16:37+00:00","article_modified_time":"2023-04-24T17:52:38+00:00","og_image":[{"width":1000,"height":750,"url":"https:\/\/radioleinewelle.de\/wp-content\/uploads\/2023\/04\/TDE-2023-Goe-7-e1682328595761.jpg","type":"image\/jpeg"}],"author":"Leinewelle","twitter_card":"summary_large_image","twitter_creator":"@https:\/\/twitter.com\/RLeinewelle?ref_src=twsrcgoogletwcampserptwgrauthor","twitter_site":"@RLeinewelle","twitter_misc":{"Verfasst von":"Leinewelle","Gesch\u00e4tzte Lesezeit":"4\u00a0Minuten"},"schema":{"@context":"https:\/\/schema.org","@graph":[{"@type":"Article","@id":"https:\/\/radioleinewelle.de\/index.php\/2023\/04\/24\/ueber-3-800-teilnehmerinnen-bei-der-tour-denergie\/#article","isPartOf":{"@id":"https:\/\/radioleinewelle.de\/index.php\/2023\/04\/24\/ueber-3-800-teilnehmerinnen-bei-der-tour-denergie\/"},"author":{"name":"Leinewelle","@id":"https:\/\/radioleinewelle.de\/#\/schema\/person\/45606f348637df637192dc1b68399a63"},"headline":"\u00dcber 3.300 Teilnehmer*innen bei der Tour d`Energie","datePublished":"2023-04-24T09:16:37+00:00","dateModified":"2023-04-24T17:52:38+00:00","mainEntityOfPage":{"@id":"https:\/\/radioleinewelle.de\/index.php\/2023\/04\/24\/ueber-3-800-teilnehmerinnen-bei-der-tour-denergie\/"},"wordCount":181,"commentCount":0,"publisher":{"@id":"https:\/\/radioleinewelle.de\/#organization"},"image":{"@id":"https:\/\/radioleinewelle.de\/index.php\/2023\/04\/24\/ueber-3-800-teilnehmerinnen-bei-der-tour-denergie\/#primaryimage"},"thumbnailUrl":"https:\/\/radioleinewelle.de\/wp-content\/uploads\/2023\/04\/TDE-2023-Goe-7-e1682328595761.jpg","articleSection":["Sport"],"inLanguage":"de","potentialAction":[{"@type":"CommentAction","name":"Comment","target":["https:\/\/radioleinewelle.de\/index.php\/2023\/04\/24\/ueber-3-800-teilnehmerinnen-bei-der-tour-denergie\/#respond"]}]},{"@type":"WebPage","@id":"https:\/\/radioleinewelle.de\/index.php\/2023\/04\/24\/ueber-3-800-teilnehmerinnen-bei-der-tour-denergie\/","url":"https:\/\/radioleinewelle.de\/index.php\/2023\/04\/24\/ueber-3-800-teilnehmerinnen-bei-der-tour-denergie\/","name":"\u00dcber 3.300 Teilnehmer*innen bei der Tour d`Energie - Radio Leinewelle","isPartOf":{"@id":"https:\/\/radioleinewelle.de\/#website"},"primaryImageOfPage":{"@id":"https:\/\/radioleinewelle.de\/index.php\/2023\/04\/24\/ueber-3-800-teilnehmerinnen-bei-der-tour-denergie\/#primaryimage"},"image":{"@id":"https:\/\/radioleinewelle.de\/index.php\/2023\/04\/24\/ueber-3-800-teilnehmerinnen-bei-der-tour-denergie\/#primaryimage"},"thumbnailUrl":"https:\/\/radioleinewelle.de\/wp-content\/uploads\/2023\/04\/TDE-2023-Goe-7-e1682328595761.jpg","datePublished":"2023-04-24T09:16:37+00:00","dateModified":"2023-04-24T17:52:38+00:00","breadcrumb":{"@id":"https:\/\/radioleinewelle.de\/index.php\/2023\/04\/24\/ueber-3-800-teilnehmerinnen-bei-der-tour-denergie\/#breadcrumb"},"inLanguage":"de","potentialAction":[{"@type":"ReadAction","target":["https:\/\/radioleinewelle.de\/index.php\/2023\/04\/24\/ueber-3-800-teilnehmerinnen-bei-der-tour-denergie\/"]}]},{"@type":"ImageObject","inLanguage":"de","@id":"https:\/\/radioleinewelle.de\/index.php\/2023\/04\/24\/ueber-3-800-teilnehmerinnen-bei-der-tour-denergie\/#primaryimage","url":"https:\/\/radioleinewelle.de\/wp-content\/uploads\/2023\/04\/TDE-2023-Goe-7-e1682328595761.jpg","contentUrl":"https:\/\/radioleinewelle.de\/wp-content\/uploads\/2023\/04\/TDE-2023-Goe-7-e1682328595761.jpg","width":1000,"height":750},{"@type":"BreadcrumbList","@id":"https:\/\/radioleinewelle.de\/index.php\/2023\/04\/24\/ueber-3-800-teilnehmerinnen-bei-der-tour-denergie\/#breadcrumb","itemListElement":[{"@type":"ListItem","position":1,"name":"Startseite","item":"https:\/\/radioleinewelle.de\/"},{"@type":"ListItem","position":2,"name":"\u00dcber 3.300 Teilnehmer*innen bei der Tour d`Energie"}]},{"@type":"WebSite","@id":"https:\/\/radioleinewelle.de\/#website","url":"https:\/\/radioleinewelle.de\/","name":"Radio Leinewelle","description":"","publisher":{"@id":"https:\/\/radioleinewelle.de\/#organization"},"potentialAction":[{"@type":"SearchAction","target":{"@type":"EntryPoint","urlTemplate":"https:\/\/radioleinewelle.de\/?s={search_term_string}"},"query-input":{"@type":"PropertyValueSpecification","valueRequired":true,"valueName":"search_term_string"}}],"inLanguage":"de"},{"@type":"Organization","@id":"https:\/\/radioleinewelle.de\/#organization","name":"Radio Leinewelle","alternateName":"Mein Radio f\u00fcr S\u00fcdniedersachsen","url":"https:\/\/radioleinewelle.de\/","logo":{"@type":"ImageObject","inLanguage":"de","@id":"https:\/\/radioleinewelle.de\/#\/schema\/logo\/image\/","url":"https:\/\/radioleinewelle.de\/wp-content\/uploads\/2023\/11\/cropped-Leinewelle_Logo_weiss.png","contentUrl":"https:\/\/radioleinewelle.de\/wp-content\/uploads\/2023\/11\/cropped-Leinewelle_Logo_weiss.png","width":854,"height":260,"caption":"Radio Leinewelle"},"image":{"@id":"https:\/\/radioleinewelle.de\/#\/schema\/logo\/image\/"},"sameAs":["https:\/\/www.facebook.com\/radioleinewelle","https:\/\/x.com\/RLeinewelle","https:\/\/www.instagram.com\/radioleinewelle\/?hl=de"]},{"@type":"Person","@id":"https:\/\/radioleinewelle.de\/#\/schema\/person\/45606f348637df637192dc1b68399a63","name":"Leinewelle","image":{"@type":"ImageObject","inLanguage":"de","@id":"https:\/\/secure.gravatar.com\/avatar\/05c9a17bc973052ee5d91549bd32fb4dd0dc85b7b85ae94b2e2b4943476bbea5?s=96&d=blank&r=g","url":"https:\/\/secure.gravatar.com\/avatar\/05c9a17bc973052ee5d91549bd32fb4dd0dc85b7b85ae94b2e2b4943476bbea5?s=96&d=blank&r=g","contentUrl":"https:\/\/secure.gravatar.com\/avatar\/05c9a17bc973052ee5d91549bd32fb4dd0dc85b7b85ae94b2e2b4943476bbea5?s=96&d=blank&r=g","caption":"Leinewelle"},"sameAs":["http:\/\/localhost\/radio%20leinewelle\/wordpress","https:\/\/www.facebook.com\/radioleinewelle","https:\/\/www.instagram.com\/radioleinewelle","https:\/\/x.com\/https:\/\/twitter.com\/RLeinewelle?ref_src=twsrcgoogletwcampserptwgrauthor","https:\/\/soundcloud.com\/foerderverein-lokalradio?utm_source=clipboard&utm_medium=text&utm_campaign=social_sharing"],"url":"https:\/\/radioleinewelle.de\/index.php\/author\/leinewelle\/"}]}},"_links":{"self":[{"href":"https:\/\/radioleinewelle.de\/index.php\/wp-json\/wp\/v2\/posts\/22457","targetHints":{"allow":["GET"]}}],"collection":[{"href":"https:\/\/radioleinewelle.de\/index.php\/wp-json\/wp\/v2\/posts"}],"about":[{"href":"https:\/\/radioleinewelle.de\/index.php\/wp-json\/wp\/v2\/types\/post"}],"author":[{"embeddable":true,"href":"https:\/\/radioleinewelle.de\/index.php\/wp-json\/wp\/v2\/users\/1"}],"replies":[{"embeddable":true,"href":"https:\/\/radioleinewelle.de\/index.php\/wp-json\/wp\/v2\/comments?post=22457"}],"version-history":[{"count":5,"href":"https:\/\/radioleinewelle.de\/index.php\/wp-json\/wp\/v2\/posts\/22457\/revisions"}],"predecessor-version":[{"id":22477,"href":"https:\/\/radioleinewelle.de\/index.php\/wp-json\/wp\/v2\/posts\/22457\/revisions\/22477"}],"wp:featuredmedia":[{"embeddable":true,"href":"https:\/\/radioleinewelle.de\/index.php\/wp-json\/wp\/v2\/media\/22475"}],"wp:attachment":[{"href":"https:\/\/radioleinewelle.de\/index.php\/wp-json\/wp\/v2\/media?parent=22457"}],"wp:term":[{"taxonomy":"category","embeddable":true,"href":"https:\/\/radioleinewelle.de\/index.php\/wp-json\/wp\/v2\/categories?post=22457"},{"taxonomy":"post_tag","embeddable":true,"href":"https:\/\/radioleinewelle.de\/index.php\/wp-json\/wp\/v2\/tags?post=22457"}],"curies":[{"name":"wp","href":"https:\/\/api.w.org\/{rel}","templated":true}]}}