{"id":2248,"date":"2020-10-11T05:30:13","date_gmt":"2020-10-11T03:30:13","guid":{"rendered":"https:\/\/radioleinewelle.de\/?p=2248"},"modified":"2020-10-11T05:30:13","modified_gmt":"2020-10-11T03:30:13","slug":"goettinger-spd-sucht-nachfolge-fuer-thomas-oppermann","status":"publish","type":"post","link":"https:\/\/radioleinewelle.de\/index.php\/2020\/10\/11\/goettinger-spd-sucht-nachfolge-fuer-thomas-oppermann\/","title":{"rendered":"G\u00f6ttinger SPD sucht Nachfolge f\u00fcr Thomas Oppermann"},"content":{"rendered":"<div>Gleich drei Kandidaturen gibt es in der SPD f\u00fcr das Direktmandat im Wahlkreis G\u00f6ttingen, nachdem Thomas Opperman verk\u00fcndet hat, dass er nicht wieder kandidieren wird. Am vergangenen Freitag fand unter Hygieneauflagen in der Festhalle Weende das erste innerparteiliche \u201eSchaulaufen\u201c der Kandidat*innen statt: Andreas Philippi (55) nannte als seine politischen Schwerpunkte Gesundheitspolitik, Umweltschutz einschlie\u00dflich Energieversorgung und Verkehrspolitik sowie die Wohnraumentwicklung. Andrea Bindig (39) nannte ebenfalls die Gesundheitspolitik sowie soziale Gerechtigkeit und gleichwertige Lebensverh\u00e4ltnisse in Stadt und Land. Amina Yousaf (30) hat als Themenfelder neben der Bildungspolitik die Gleichstellung, Digitalisierung sowie Antirassismus genannt. Nach der Vorstellungsrunde gab es eine sachlich verlaufende Fragestunde.<\/div>\n<div>Eine weitere Vorstellungsrunde ist noch f\u00fcr die SPD-Mitglieder aus dem Landkreis geplant, bevor eine Delegiertenversammlung die endg\u00fcltige Entscheidung treffen wird, wer f\u00fcr die SPD ins Rennen gehen wird. Sp\u00e4testens dort d\u00fcrfte es dann auch zu kontroversen Diskussionen kommen. (hr)<\/div>\n<div><\/div>\n<div>Foto: SPD (Andrea Bindig, Amina Yousaf, Andres Philippi)<\/div>\n","protected":false},"excerpt":{"rendered":"<p>Gleich drei Kandidaturen gibt es in der SPD f\u00fcr das Direktmandat im Wahlkreis G\u00f6ttingen, nachdem Thomas Opperman verk\u00fcndet hat, dass er nicht wieder kandidieren wird. Am vergangenen Freitag fand unter Hygieneauflagen in der Festhalle Weende das erste innerparteiliche \u201eSchaulaufen\u201c der Kandidat*innen statt: Andreas Philippi (55) nannte als seine politischen Schwerpunkte Gesundheitspolitik, Umweltschutz einschlie\u00dflich Energieversorgung und [&hellip;]<\/p>\n","protected":false},"author":1,"featured_media":0,"comment_status":"closed","ping_status":"closed","sticky":false,"template":"","format":"standard","meta":{"saved_in_kubio":false,"footnotes":""},"categories":[1],"tags":[],"class_list":["post-2248","post","type-post","status-publish","format-standard","hentry","category-allgemein"],"yoast_head":"<!-- This site is optimized with the Yoast SEO plugin v27.5 - https:\/\/yoast.com\/product\/yoast-seo-wordpress\/ -->\n<title>G\u00f6ttinger SPD sucht Nachfolge f\u00fcr Thomas Oppermann - Radio Leinewelle<\/title>\n<meta name=\"robots\" content=\"index, follow, max-snippet:-1, max-image-preview:large, max-video-preview:-1\" \/>\n<link rel=\"canonical\" href=\"https:\/\/radioleinewelle.de\/index.php\/2020\/10\/11\/goettinger-spd-sucht-nachfolge-fuer-thomas-oppermann\/\" \/>\n<meta property=\"og:locale\" content=\"de_DE\" \/>\n<meta property=\"og:type\" content=\"article\" \/>\n<meta property=\"og:title\" content=\"G\u00f6ttinger SPD sucht Nachfolge f\u00fcr Thomas Oppermann - Radio Leinewelle\" \/>\n<meta property=\"og:description\" content=\"Gleich drei Kandidaturen gibt es in der SPD f\u00fcr das Direktmandat im Wahlkreis G\u00f6ttingen, nachdem Thomas Opperman verk\u00fcndet hat, dass er nicht wieder kandidieren wird. Am vergangenen Freitag fand unter Hygieneauflagen in der Festhalle Weende das erste innerparteiliche \u201eSchaulaufen\u201c der Kandidat*innen statt: Andreas Philippi (55) nannte als seine politischen Schwerpunkte Gesundheitspolitik, Umweltschutz einschlie\u00dflich Energieversorgung und [&hellip;]\" \/>\n<meta property=\"og:url\" content=\"https:\/\/radioleinewelle.de\/index.php\/2020\/10\/11\/goettinger-spd-sucht-nachfolge-fuer-thomas-oppermann\/\" \/>\n<meta property=\"og:site_name\" content=\"Radio Leinewelle\" \/>\n<meta property=\"article:publisher\" content=\"https:\/\/www.facebook.com\/radioleinewelle\" \/>\n<meta property=\"article:author\" content=\"https:\/\/www.facebook.com\/radioleinewelle\" \/>\n<meta property=\"article:published_time\" content=\"2020-10-11T03:30:13+00:00\" \/>\n<meta name=\"author\" content=\"Leinewelle\" \/>\n<meta name=\"twitter:card\" content=\"summary_large_image\" \/>\n<meta name=\"twitter:creator\" content=\"@https:\/\/twitter.com\/RLeinewelle?ref_src=twsrcgoogletwcampserptwgrauthor\" \/>\n<meta name=\"twitter:site\" content=\"@RLeinewelle\" \/>\n<meta name=\"twitter:label1\" content=\"Verfasst von\" \/>\n\t<meta name=\"twitter:data1\" content=\"Leinewelle\" \/>\n\t<meta name=\"twitter:label2\" content=\"Gesch\u00e4tzte Lesezeit\" \/>\n\t<meta name=\"twitter:data2\" content=\"1\u00a0Minute\" \/>\n<script type=\"application\/ld+json\" class=\"yoast-schema-graph\">{\"@context\":\"https:\\\/\\\/schema.org\",\"@graph\":[{\"@type\":\"Article\",\"@id\":\"https:\\\/\\\/radioleinewelle.de\\\/index.php\\\/2020\\\/10\\\/11\\\/goettinger-spd-sucht-nachfolge-fuer-thomas-oppermann\\\/#article\",\"isPartOf\":{\"@id\":\"https:\\\/\\\/radioleinewelle.de\\\/index.php\\\/2020\\\/10\\\/11\\\/goettinger-spd-sucht-nachfolge-fuer-thomas-oppermann\\\/\"},\"author\":{\"name\":\"Leinewelle\",\"@id\":\"https:\\\/\\\/radioleinewelle.de\\\/#\\\/schema\\\/person\\\/45606f348637df637192dc1b68399a63\"},\"headline\":\"G\u00f6ttinger SPD sucht Nachfolge f\u00fcr Thomas Oppermann\",\"datePublished\":\"2020-10-11T03:30:13+00:00\",\"mainEntityOfPage\":{\"@id\":\"https:\\\/\\\/radioleinewelle.de\\\/index.php\\\/2020\\\/10\\\/11\\\/goettinger-spd-sucht-nachfolge-fuer-thomas-oppermann\\\/\"},\"wordCount\":164,\"publisher\":{\"@id\":\"https:\\\/\\\/radioleinewelle.de\\\/#organization\"},\"inLanguage\":\"de\"},{\"@type\":\"WebPage\",\"@id\":\"https:\\\/\\\/radioleinewelle.de\\\/index.php\\\/2020\\\/10\\\/11\\\/goettinger-spd-sucht-nachfolge-fuer-thomas-oppermann\\\/\",\"url\":\"https:\\\/\\\/radioleinewelle.de\\\/index.php\\\/2020\\\/10\\\/11\\\/goettinger-spd-sucht-nachfolge-fuer-thomas-oppermann\\\/\",\"name\":\"G\u00f6ttinger SPD sucht Nachfolge f\u00fcr Thomas Oppermann - Radio Leinewelle\",\"isPartOf\":{\"@id\":\"https:\\\/\\\/radioleinewelle.de\\\/#website\"},\"datePublished\":\"2020-10-11T03:30:13+00:00\",\"breadcrumb\":{\"@id\":\"https:\\\/\\\/radioleinewelle.de\\\/index.php\\\/2020\\\/10\\\/11\\\/goettinger-spd-sucht-nachfolge-fuer-thomas-oppermann\\\/#breadcrumb\"},\"inLanguage\":\"de\",\"potentialAction\":[{\"@type\":\"ReadAction\",\"target\":[\"https:\\\/\\\/radioleinewelle.de\\\/index.php\\\/2020\\\/10\\\/11\\\/goettinger-spd-sucht-nachfolge-fuer-thomas-oppermann\\\/\"]}]},{\"@type\":\"BreadcrumbList\",\"@id\":\"https:\\\/\\\/radioleinewelle.de\\\/index.php\\\/2020\\\/10\\\/11\\\/goettinger-spd-sucht-nachfolge-fuer-thomas-oppermann\\\/#breadcrumb\",\"itemListElement\":[{\"@type\":\"ListItem\",\"position\":1,\"name\":\"Startseite\",\"item\":\"https:\\\/\\\/radioleinewelle.de\\\/\"},{\"@type\":\"ListItem\",\"position\":2,\"name\":\"G\u00f6ttinger SPD sucht Nachfolge f\u00fcr Thomas Oppermann\"}]},{\"@type\":\"WebSite\",\"@id\":\"https:\\\/\\\/radioleinewelle.de\\\/#website\",\"url\":\"https:\\\/\\\/radioleinewelle.de\\\/\",\"name\":\"Radio Leinewelle\",\"description\":\"\",\"publisher\":{\"@id\":\"https:\\\/\\\/radioleinewelle.de\\\/#organization\"},\"potentialAction\":[{\"@type\":\"SearchAction\",\"target\":{\"@type\":\"EntryPoint\",\"urlTemplate\":\"https:\\\/\\\/radioleinewelle.de\\\/?s={search_term_string}\"},\"query-input\":{\"@type\":\"PropertyValueSpecification\",\"valueRequired\":true,\"valueName\":\"search_term_string\"}}],\"inLanguage\":\"de\"},{\"@type\":\"Organization\",\"@id\":\"https:\\\/\\\/radioleinewelle.de\\\/#organization\",\"name\":\"Radio Leinewelle\",\"alternateName\":\"Mein Radio f\u00fcr S\u00fcdniedersachsen\",\"url\":\"https:\\\/\\\/radioleinewelle.de\\\/\",\"logo\":{\"@type\":\"ImageObject\",\"inLanguage\":\"de\",\"@id\":\"https:\\\/\\\/radioleinewelle.de\\\/#\\\/schema\\\/logo\\\/image\\\/\",\"url\":\"https:\\\/\\\/radioleinewelle.de\\\/wp-content\\\/uploads\\\/2023\\\/11\\\/cropped-Leinewelle_Logo_weiss.png\",\"contentUrl\":\"https:\\\/\\\/radioleinewelle.de\\\/wp-content\\\/uploads\\\/2023\\\/11\\\/cropped-Leinewelle_Logo_weiss.png\",\"width\":854,\"height\":260,\"caption\":\"Radio Leinewelle\"},\"image\":{\"@id\":\"https:\\\/\\\/radioleinewelle.de\\\/#\\\/schema\\\/logo\\\/image\\\/\"},\"sameAs\":[\"https:\\\/\\\/www.facebook.com\\\/radioleinewelle\",\"https:\\\/\\\/x.com\\\/RLeinewelle\",\"https:\\\/\\\/www.instagram.com\\\/radioleinewelle\\\/?hl=de\"]},{\"@type\":\"Person\",\"@id\":\"https:\\\/\\\/radioleinewelle.de\\\/#\\\/schema\\\/person\\\/45606f348637df637192dc1b68399a63\",\"name\":\"Leinewelle\",\"image\":{\"@type\":\"ImageObject\",\"inLanguage\":\"de\",\"@id\":\"https:\\\/\\\/secure.gravatar.com\\\/avatar\\\/05c9a17bc973052ee5d91549bd32fb4dd0dc85b7b85ae94b2e2b4943476bbea5?s=96&d=blank&r=g\",\"url\":\"https:\\\/\\\/secure.gravatar.com\\\/avatar\\\/05c9a17bc973052ee5d91549bd32fb4dd0dc85b7b85ae94b2e2b4943476bbea5?s=96&d=blank&r=g\",\"contentUrl\":\"https:\\\/\\\/secure.gravatar.com\\\/avatar\\\/05c9a17bc973052ee5d91549bd32fb4dd0dc85b7b85ae94b2e2b4943476bbea5?s=96&d=blank&r=g\",\"caption\":\"Leinewelle\"},\"sameAs\":[\"http:\\\/\\\/localhost\\\/radio%20leinewelle\\\/wordpress\",\"https:\\\/\\\/www.facebook.com\\\/radioleinewelle\",\"https:\\\/\\\/www.instagram.com\\\/radioleinewelle\",\"https:\\\/\\\/x.com\\\/https:\\\/\\\/twitter.com\\\/RLeinewelle?ref_src=twsrcgoogletwcampserptwgrauthor\",\"https:\\\/\\\/soundcloud.com\\\/foerderverein-lokalradio?utm_source=clipboard&utm_medium=text&utm_campaign=social_sharing\"],\"url\":\"https:\\\/\\\/radioleinewelle.de\\\/index.php\\\/author\\\/leinewelle\\\/\"}]}<\/script>\n<!-- \/ Yoast SEO plugin. -->","yoast_head_json":{"title":"G\u00f6ttinger SPD sucht Nachfolge f\u00fcr Thomas Oppermann - Radio Leinewelle","robots":{"index":"index","follow":"follow","max-snippet":"max-snippet:-1","max-image-preview":"max-image-preview:large","max-video-preview":"max-video-preview:-1"},"canonical":"https:\/\/radioleinewelle.de\/index.php\/2020\/10\/11\/goettinger-spd-sucht-nachfolge-fuer-thomas-oppermann\/","og_locale":"de_DE","og_type":"article","og_title":"G\u00f6ttinger SPD sucht Nachfolge f\u00fcr Thomas Oppermann - Radio Leinewelle","og_description":"Gleich drei Kandidaturen gibt es in der SPD f\u00fcr das Direktmandat im Wahlkreis G\u00f6ttingen, nachdem Thomas Opperman verk\u00fcndet hat, dass er nicht wieder kandidieren wird. Am vergangenen Freitag fand unter Hygieneauflagen in der Festhalle Weende das erste innerparteiliche \u201eSchaulaufen\u201c der Kandidat*innen statt: Andreas Philippi (55) nannte als seine politischen Schwerpunkte Gesundheitspolitik, Umweltschutz einschlie\u00dflich Energieversorgung und [&hellip;]","og_url":"https:\/\/radioleinewelle.de\/index.php\/2020\/10\/11\/goettinger-spd-sucht-nachfolge-fuer-thomas-oppermann\/","og_site_name":"Radio Leinewelle","article_publisher":"https:\/\/www.facebook.com\/radioleinewelle","article_author":"https:\/\/www.facebook.com\/radioleinewelle","article_published_time":"2020-10-11T03:30:13+00:00","author":"Leinewelle","twitter_card":"summary_large_image","twitter_creator":"@https:\/\/twitter.com\/RLeinewelle?ref_src=twsrcgoogletwcampserptwgrauthor","twitter_site":"@RLeinewelle","twitter_misc":{"Verfasst von":"Leinewelle","Gesch\u00e4tzte Lesezeit":"1\u00a0Minute"},"schema":{"@context":"https:\/\/schema.org","@graph":[{"@type":"Article","@id":"https:\/\/radioleinewelle.de\/index.php\/2020\/10\/11\/goettinger-spd-sucht-nachfolge-fuer-thomas-oppermann\/#article","isPartOf":{"@id":"https:\/\/radioleinewelle.de\/index.php\/2020\/10\/11\/goettinger-spd-sucht-nachfolge-fuer-thomas-oppermann\/"},"author":{"name":"Leinewelle","@id":"https:\/\/radioleinewelle.de\/#\/schema\/person\/45606f348637df637192dc1b68399a63"},"headline":"G\u00f6ttinger SPD sucht Nachfolge f\u00fcr Thomas Oppermann","datePublished":"2020-10-11T03:30:13+00:00","mainEntityOfPage":{"@id":"https:\/\/radioleinewelle.de\/index.php\/2020\/10\/11\/goettinger-spd-sucht-nachfolge-fuer-thomas-oppermann\/"},"wordCount":164,"publisher":{"@id":"https:\/\/radioleinewelle.de\/#organization"},"inLanguage":"de"},{"@type":"WebPage","@id":"https:\/\/radioleinewelle.de\/index.php\/2020\/10\/11\/goettinger-spd-sucht-nachfolge-fuer-thomas-oppermann\/","url":"https:\/\/radioleinewelle.de\/index.php\/2020\/10\/11\/goettinger-spd-sucht-nachfolge-fuer-thomas-oppermann\/","name":"G\u00f6ttinger SPD sucht Nachfolge f\u00fcr Thomas Oppermann - Radio Leinewelle","isPartOf":{"@id":"https:\/\/radioleinewelle.de\/#website"},"datePublished":"2020-10-11T03:30:13+00:00","breadcrumb":{"@id":"https:\/\/radioleinewelle.de\/index.php\/2020\/10\/11\/goettinger-spd-sucht-nachfolge-fuer-thomas-oppermann\/#breadcrumb"},"inLanguage":"de","potentialAction":[{"@type":"ReadAction","target":["https:\/\/radioleinewelle.de\/index.php\/2020\/10\/11\/goettinger-spd-sucht-nachfolge-fuer-thomas-oppermann\/"]}]},{"@type":"BreadcrumbList","@id":"https:\/\/radioleinewelle.de\/index.php\/2020\/10\/11\/goettinger-spd-sucht-nachfolge-fuer-thomas-oppermann\/#breadcrumb","itemListElement":[{"@type":"ListItem","position":1,"name":"Startseite","item":"https:\/\/radioleinewelle.de\/"},{"@type":"ListItem","position":2,"name":"G\u00f6ttinger SPD sucht Nachfolge f\u00fcr Thomas Oppermann"}]},{"@type":"WebSite","@id":"https:\/\/radioleinewelle.de\/#website","url":"https:\/\/radioleinewelle.de\/","name":"Radio Leinewelle","description":"","publisher":{"@id":"https:\/\/radioleinewelle.de\/#organization"},"potentialAction":[{"@type":"SearchAction","target":{"@type":"EntryPoint","urlTemplate":"https:\/\/radioleinewelle.de\/?s={search_term_string}"},"query-input":{"@type":"PropertyValueSpecification","valueRequired":true,"valueName":"search_term_string"}}],"inLanguage":"de"},{"@type":"Organization","@id":"https:\/\/radioleinewelle.de\/#organization","name":"Radio Leinewelle","alternateName":"Mein Radio f\u00fcr S\u00fcdniedersachsen","url":"https:\/\/radioleinewelle.de\/","logo":{"@type":"ImageObject","inLanguage":"de","@id":"https:\/\/radioleinewelle.de\/#\/schema\/logo\/image\/","url":"https:\/\/radioleinewelle.de\/wp-content\/uploads\/2023\/11\/cropped-Leinewelle_Logo_weiss.png","contentUrl":"https:\/\/radioleinewelle.de\/wp-content\/uploads\/2023\/11\/cropped-Leinewelle_Logo_weiss.png","width":854,"height":260,"caption":"Radio Leinewelle"},"image":{"@id":"https:\/\/radioleinewelle.de\/#\/schema\/logo\/image\/"},"sameAs":["https:\/\/www.facebook.com\/radioleinewelle","https:\/\/x.com\/RLeinewelle","https:\/\/www.instagram.com\/radioleinewelle\/?hl=de"]},{"@type":"Person","@id":"https:\/\/radioleinewelle.de\/#\/schema\/person\/45606f348637df637192dc1b68399a63","name":"Leinewelle","image":{"@type":"ImageObject","inLanguage":"de","@id":"https:\/\/secure.gravatar.com\/avatar\/05c9a17bc973052ee5d91549bd32fb4dd0dc85b7b85ae94b2e2b4943476bbea5?s=96&d=blank&r=g","url":"https:\/\/secure.gravatar.com\/avatar\/05c9a17bc973052ee5d91549bd32fb4dd0dc85b7b85ae94b2e2b4943476bbea5?s=96&d=blank&r=g","contentUrl":"https:\/\/secure.gravatar.com\/avatar\/05c9a17bc973052ee5d91549bd32fb4dd0dc85b7b85ae94b2e2b4943476bbea5?s=96&d=blank&r=g","caption":"Leinewelle"},"sameAs":["http:\/\/localhost\/radio%20leinewelle\/wordpress","https:\/\/www.facebook.com\/radioleinewelle","https:\/\/www.instagram.com\/radioleinewelle","https:\/\/x.com\/https:\/\/twitter.com\/RLeinewelle?ref_src=twsrcgoogletwcampserptwgrauthor","https:\/\/soundcloud.com\/foerderverein-lokalradio?utm_source=clipboard&utm_medium=text&utm_campaign=social_sharing"],"url":"https:\/\/radioleinewelle.de\/index.php\/author\/leinewelle\/"}]}},"_links":{"self":[{"href":"https:\/\/radioleinewelle.de\/index.php\/wp-json\/wp\/v2\/posts\/2248","targetHints":{"allow":["GET"]}}],"collection":[{"href":"https:\/\/radioleinewelle.de\/index.php\/wp-json\/wp\/v2\/posts"}],"about":[{"href":"https:\/\/radioleinewelle.de\/index.php\/wp-json\/wp\/v2\/types\/post"}],"author":[{"embeddable":true,"href":"https:\/\/radioleinewelle.de\/index.php\/wp-json\/wp\/v2\/users\/1"}],"replies":[{"embeddable":true,"href":"https:\/\/radioleinewelle.de\/index.php\/wp-json\/wp\/v2\/comments?post=2248"}],"version-history":[{"count":0,"href":"https:\/\/radioleinewelle.de\/index.php\/wp-json\/wp\/v2\/posts\/2248\/revisions"}],"wp:attachment":[{"href":"https:\/\/radioleinewelle.de\/index.php\/wp-json\/wp\/v2\/media?parent=2248"}],"wp:term":[{"taxonomy":"category","embeddable":true,"href":"https:\/\/radioleinewelle.de\/index.php\/wp-json\/wp\/v2\/categories?post=2248"},{"taxonomy":"post_tag","embeddable":true,"href":"https:\/\/radioleinewelle.de\/index.php\/wp-json\/wp\/v2\/tags?post=2248"}],"curies":[{"name":"wp","href":"https:\/\/api.w.org\/{rel}","templated":true}]}}