{"id":22482,"date":"2023-04-25T16:22:11","date_gmt":"2023-04-25T14:22:11","guid":{"rendered":"https:\/\/radioleinewelle.de\/?p=22482"},"modified":"2023-04-25T23:30:53","modified_gmt":"2023-04-25T21:30:53","slug":"stadtfuehrung-kunst-graffiti-und-skulpturen-in-goettingen","status":"publish","type":"post","link":"https:\/\/radioleinewelle.de\/index.php\/2023\/04\/25\/stadtfuehrung-kunst-graffiti-und-skulpturen-in-goettingen\/","title":{"rendered":"Stadtf\u00fchrung: Kunst, Graffiti und Skulpturen in G\u00f6ttingen"},"content":{"rendered":"\n<p>Die Tourist-Information G\u00f6ttingen bietet mit der Stadtf\u00fchrung \u201eKunst-Radfahrt \u2013 Kunst, Graffiti und Skulpturen mit dem Fahrrad entdecken\u201c eine besondere Perspektive auf die G\u00f6ttinger Kunst- und Kulturszene. Die zweist\u00fcndige F\u00fchrung startet am Samstag, 6. Mai, um 14 Uhr.&nbsp;<\/p>\n\n\n\n<p>In dieser F\u00fchrung steht die Vielfalt von Kunst im \u00f6ffentlichen Raum im Vordergrund. Skulpturen und historische Baukunst in der Innenstadt werden ebenso thematisiert wie Kunst in der Natur und Streetart. Mit dem Fahrrad erreichen die Teilnehmenden auch Kunstwerke, die etwas weiter au\u00dferhalb der Innenstadt liegen.&nbsp;Diskussion und Austausch \u00fcber die gezeigten Kunstwerke sind w\u00e4hrend der F\u00fchrung ausdr\u00fccklich gew\u00fcnscht.&nbsp;<\/p>\n\n\n\n<p><strong>Karten und Treffpunkt&nbsp;<\/strong><br>Die F\u00fchrung dauert etwa 120 Minuten und startet direkt vor der Tourist-Information in G\u00f6ttingen, Markt 8. Karten sind f\u00fcr 10 Euro pro Person&nbsp;&nbsp;<a href=\"https:\/\/mein-goe.de\/graffiti\" target=\"_blank\" rel=\"noreferrer noopener\">online<\/a>&nbsp;oder in der Tourist-Information erh\u00e4ltlich. Alle Infos &amp; Buchung unter mein-goe.de\/graffiti.<\/p>\n\n\n\n<p><strong>Foto:<\/strong> \u00a9G\u00f6ttingen Tourismus und Marketing\/Mischke<\/p>\n","protected":false},"excerpt":{"rendered":"<p>Die Tourist-Information G\u00f6ttingen bietet mit der Stadtf\u00fchrung \u201eKunst-Radfahrt \u2013 Kunst, Graffiti und Skulpturen mit dem Fahrrad entdecken\u201c eine besondere Perspektive auf die G\u00f6ttinger Kunst- und Kulturszene. Die zweist\u00fcndige F\u00fchrung startet am Samstag, 6. Mai, um 14 Uhr.&nbsp; In dieser F\u00fchrung steht die Vielfalt von Kunst im \u00f6ffentlichen Raum im Vordergrund. Skulpturen und historische Baukunst in [&hellip;]<\/p>\n","protected":false},"author":1,"featured_media":22483,"comment_status":"open","ping_status":"open","sticky":true,"template":"","format":"standard","meta":{"saved_in_kubio":false,"footnotes":""},"categories":[42],"tags":[],"class_list":["post-22482","post","type-post","status-publish","format-standard","has-post-thumbnail","hentry","category-regionaler-tourismus"],"yoast_head":"<!-- This site is optimized with the Yoast SEO plugin v27.5 - https:\/\/yoast.com\/product\/yoast-seo-wordpress\/ -->\n<title>Stadtf\u00fchrung: Kunst, Graffiti und Skulpturen in G\u00f6ttingen - Radio Leinewelle<\/title>\n<meta name=\"robots\" content=\"index, follow, max-snippet:-1, max-image-preview:large, max-video-preview:-1\" \/>\n<link rel=\"canonical\" href=\"https:\/\/radioleinewelle.de\/index.php\/2023\/04\/25\/stadtfuehrung-kunst-graffiti-und-skulpturen-in-goettingen\/\" \/>\n<meta property=\"og:locale\" content=\"de_DE\" \/>\n<meta property=\"og:type\" content=\"article\" \/>\n<meta property=\"og:title\" content=\"Stadtf\u00fchrung: Kunst, Graffiti und Skulpturen in G\u00f6ttingen - Radio Leinewelle\" \/>\n<meta property=\"og:description\" content=\"Die Tourist-Information G\u00f6ttingen bietet mit der Stadtf\u00fchrung \u201eKunst-Radfahrt \u2013 Kunst, Graffiti und Skulpturen mit dem Fahrrad entdecken\u201c eine besondere Perspektive auf die G\u00f6ttinger Kunst- und Kulturszene. Die zweist\u00fcndige F\u00fchrung startet am Samstag, 6. Mai, um 14 Uhr.&nbsp; In dieser F\u00fchrung steht die Vielfalt von Kunst im \u00f6ffentlichen Raum im Vordergrund. Skulpturen und historische Baukunst in [&hellip;]\" \/>\n<meta property=\"og:url\" content=\"https:\/\/radioleinewelle.de\/index.php\/2023\/04\/25\/stadtfuehrung-kunst-graffiti-und-skulpturen-in-goettingen\/\" \/>\n<meta property=\"og:site_name\" content=\"Radio Leinewelle\" \/>\n<meta property=\"article:publisher\" content=\"https:\/\/www.facebook.com\/radioleinewelle\" \/>\n<meta property=\"article:author\" content=\"https:\/\/www.facebook.com\/radioleinewelle\" \/>\n<meta property=\"article:published_time\" content=\"2023-04-25T14:22:11+00:00\" \/>\n<meta property=\"article:modified_time\" content=\"2023-04-25T21:30:53+00:00\" \/>\n<meta property=\"og:image\" content=\"https:\/\/radioleinewelle.de\/wp-content\/uploads\/2023\/04\/Kunstradfahrt-Graffiasse-scaled_jpg-scaled-e1682432417427.jpg\" \/>\n\t<meta property=\"og:image:width\" content=\"1000\" \/>\n\t<meta property=\"og:image:height\" content=\"567\" \/>\n\t<meta property=\"og:image:type\" content=\"image\/jpeg\" \/>\n<meta name=\"author\" content=\"Leinewelle\" \/>\n<meta name=\"twitter:card\" content=\"summary_large_image\" \/>\n<meta name=\"twitter:creator\" content=\"@https:\/\/twitter.com\/RLeinewelle?ref_src=twsrcgoogletwcampserptwgrauthor\" \/>\n<meta name=\"twitter:site\" content=\"@RLeinewelle\" \/>\n<meta name=\"twitter:label1\" content=\"Verfasst von\" \/>\n\t<meta name=\"twitter:data1\" content=\"Leinewelle\" \/>\n\t<meta name=\"twitter:label2\" content=\"Gesch\u00e4tzte Lesezeit\" \/>\n\t<meta name=\"twitter:data2\" content=\"1\u00a0Minute\" \/>\n<script type=\"application\/ld+json\" class=\"yoast-schema-graph\">{\"@context\":\"https:\\\/\\\/schema.org\",\"@graph\":[{\"@type\":\"Article\",\"@id\":\"https:\\\/\\\/radioleinewelle.de\\\/index.php\\\/2023\\\/04\\\/25\\\/stadtfuehrung-kunst-graffiti-und-skulpturen-in-goettingen\\\/#article\",\"isPartOf\":{\"@id\":\"https:\\\/\\\/radioleinewelle.de\\\/index.php\\\/2023\\\/04\\\/25\\\/stadtfuehrung-kunst-graffiti-und-skulpturen-in-goettingen\\\/\"},\"author\":{\"name\":\"Leinewelle\",\"@id\":\"https:\\\/\\\/radioleinewelle.de\\\/#\\\/schema\\\/person\\\/45606f348637df637192dc1b68399a63\"},\"headline\":\"Stadtf\u00fchrung: Kunst, Graffiti und Skulpturen in G\u00f6ttingen\",\"datePublished\":\"2023-04-25T14:22:11+00:00\",\"dateModified\":\"2023-04-25T21:30:53+00:00\",\"mainEntityOfPage\":{\"@id\":\"https:\\\/\\\/radioleinewelle.de\\\/index.php\\\/2023\\\/04\\\/25\\\/stadtfuehrung-kunst-graffiti-und-skulpturen-in-goettingen\\\/\"},\"wordCount\":167,\"commentCount\":0,\"publisher\":{\"@id\":\"https:\\\/\\\/radioleinewelle.de\\\/#organization\"},\"image\":{\"@id\":\"https:\\\/\\\/radioleinewelle.de\\\/index.php\\\/2023\\\/04\\\/25\\\/stadtfuehrung-kunst-graffiti-und-skulpturen-in-goettingen\\\/#primaryimage\"},\"thumbnailUrl\":\"https:\\\/\\\/radioleinewelle.de\\\/wp-content\\\/uploads\\\/2023\\\/04\\\/Kunstradfahrt-Graffiasse-scaled_jpg-scaled-e1682432417427.jpg\",\"articleSection\":[\"Regionaler Tourismus\"],\"inLanguage\":\"de\",\"potentialAction\":[{\"@type\":\"CommentAction\",\"name\":\"Comment\",\"target\":[\"https:\\\/\\\/radioleinewelle.de\\\/index.php\\\/2023\\\/04\\\/25\\\/stadtfuehrung-kunst-graffiti-und-skulpturen-in-goettingen\\\/#respond\"]}]},{\"@type\":\"WebPage\",\"@id\":\"https:\\\/\\\/radioleinewelle.de\\\/index.php\\\/2023\\\/04\\\/25\\\/stadtfuehrung-kunst-graffiti-und-skulpturen-in-goettingen\\\/\",\"url\":\"https:\\\/\\\/radioleinewelle.de\\\/index.php\\\/2023\\\/04\\\/25\\\/stadtfuehrung-kunst-graffiti-und-skulpturen-in-goettingen\\\/\",\"name\":\"Stadtf\u00fchrung: Kunst, Graffiti und Skulpturen in G\u00f6ttingen - Radio Leinewelle\",\"isPartOf\":{\"@id\":\"https:\\\/\\\/radioleinewelle.de\\\/#website\"},\"primaryImageOfPage\":{\"@id\":\"https:\\\/\\\/radioleinewelle.de\\\/index.php\\\/2023\\\/04\\\/25\\\/stadtfuehrung-kunst-graffiti-und-skulpturen-in-goettingen\\\/#primaryimage\"},\"image\":{\"@id\":\"https:\\\/\\\/radioleinewelle.de\\\/index.php\\\/2023\\\/04\\\/25\\\/stadtfuehrung-kunst-graffiti-und-skulpturen-in-goettingen\\\/#primaryimage\"},\"thumbnailUrl\":\"https:\\\/\\\/radioleinewelle.de\\\/wp-content\\\/uploads\\\/2023\\\/04\\\/Kunstradfahrt-Graffiasse-scaled_jpg-scaled-e1682432417427.jpg\",\"datePublished\":\"2023-04-25T14:22:11+00:00\",\"dateModified\":\"2023-04-25T21:30:53+00:00\",\"breadcrumb\":{\"@id\":\"https:\\\/\\\/radioleinewelle.de\\\/index.php\\\/2023\\\/04\\\/25\\\/stadtfuehrung-kunst-graffiti-und-skulpturen-in-goettingen\\\/#breadcrumb\"},\"inLanguage\":\"de\",\"potentialAction\":[{\"@type\":\"ReadAction\",\"target\":[\"https:\\\/\\\/radioleinewelle.de\\\/index.php\\\/2023\\\/04\\\/25\\\/stadtfuehrung-kunst-graffiti-und-skulpturen-in-goettingen\\\/\"]}]},{\"@type\":\"ImageObject\",\"inLanguage\":\"de\",\"@id\":\"https:\\\/\\\/radioleinewelle.de\\\/index.php\\\/2023\\\/04\\\/25\\\/stadtfuehrung-kunst-graffiti-und-skulpturen-in-goettingen\\\/#primaryimage\",\"url\":\"https:\\\/\\\/radioleinewelle.de\\\/wp-content\\\/uploads\\\/2023\\\/04\\\/Kunstradfahrt-Graffiasse-scaled_jpg-scaled-e1682432417427.jpg\",\"contentUrl\":\"https:\\\/\\\/radioleinewelle.de\\\/wp-content\\\/uploads\\\/2023\\\/04\\\/Kunstradfahrt-Graffiasse-scaled_jpg-scaled-e1682432417427.jpg\",\"width\":1000,\"height\":567,\"caption\":\"Bildrechte: G\u00f6ttingen Tourismus und Marketing\\\/Mischke\"},{\"@type\":\"BreadcrumbList\",\"@id\":\"https:\\\/\\\/radioleinewelle.de\\\/index.php\\\/2023\\\/04\\\/25\\\/stadtfuehrung-kunst-graffiti-und-skulpturen-in-goettingen\\\/#breadcrumb\",\"itemListElement\":[{\"@type\":\"ListItem\",\"position\":1,\"name\":\"Startseite\",\"item\":\"https:\\\/\\\/radioleinewelle.de\\\/\"},{\"@type\":\"ListItem\",\"position\":2,\"name\":\"Stadtf\u00fchrung: Kunst, Graffiti und Skulpturen in G\u00f6ttingen\"}]},{\"@type\":\"WebSite\",\"@id\":\"https:\\\/\\\/radioleinewelle.de\\\/#website\",\"url\":\"https:\\\/\\\/radioleinewelle.de\\\/\",\"name\":\"Radio Leinewelle\",\"description\":\"\",\"publisher\":{\"@id\":\"https:\\\/\\\/radioleinewelle.de\\\/#organization\"},\"potentialAction\":[{\"@type\":\"SearchAction\",\"target\":{\"@type\":\"EntryPoint\",\"urlTemplate\":\"https:\\\/\\\/radioleinewelle.de\\\/?s={search_term_string}\"},\"query-input\":{\"@type\":\"PropertyValueSpecification\",\"valueRequired\":true,\"valueName\":\"search_term_string\"}}],\"inLanguage\":\"de\"},{\"@type\":\"Organization\",\"@id\":\"https:\\\/\\\/radioleinewelle.de\\\/#organization\",\"name\":\"Radio Leinewelle\",\"alternateName\":\"Mein Radio f\u00fcr S\u00fcdniedersachsen\",\"url\":\"https:\\\/\\\/radioleinewelle.de\\\/\",\"logo\":{\"@type\":\"ImageObject\",\"inLanguage\":\"de\",\"@id\":\"https:\\\/\\\/radioleinewelle.de\\\/#\\\/schema\\\/logo\\\/image\\\/\",\"url\":\"https:\\\/\\\/radioleinewelle.de\\\/wp-content\\\/uploads\\\/2023\\\/11\\\/cropped-Leinewelle_Logo_weiss.png\",\"contentUrl\":\"https:\\\/\\\/radioleinewelle.de\\\/wp-content\\\/uploads\\\/2023\\\/11\\\/cropped-Leinewelle_Logo_weiss.png\",\"width\":854,\"height\":260,\"caption\":\"Radio Leinewelle\"},\"image\":{\"@id\":\"https:\\\/\\\/radioleinewelle.de\\\/#\\\/schema\\\/logo\\\/image\\\/\"},\"sameAs\":[\"https:\\\/\\\/www.facebook.com\\\/radioleinewelle\",\"https:\\\/\\\/x.com\\\/RLeinewelle\",\"https:\\\/\\\/www.instagram.com\\\/radioleinewelle\\\/?hl=de\"]},{\"@type\":\"Person\",\"@id\":\"https:\\\/\\\/radioleinewelle.de\\\/#\\\/schema\\\/person\\\/45606f348637df637192dc1b68399a63\",\"name\":\"Leinewelle\",\"image\":{\"@type\":\"ImageObject\",\"inLanguage\":\"de\",\"@id\":\"https:\\\/\\\/secure.gravatar.com\\\/avatar\\\/05c9a17bc973052ee5d91549bd32fb4dd0dc85b7b85ae94b2e2b4943476bbea5?s=96&d=blank&r=g\",\"url\":\"https:\\\/\\\/secure.gravatar.com\\\/avatar\\\/05c9a17bc973052ee5d91549bd32fb4dd0dc85b7b85ae94b2e2b4943476bbea5?s=96&d=blank&r=g\",\"contentUrl\":\"https:\\\/\\\/secure.gravatar.com\\\/avatar\\\/05c9a17bc973052ee5d91549bd32fb4dd0dc85b7b85ae94b2e2b4943476bbea5?s=96&d=blank&r=g\",\"caption\":\"Leinewelle\"},\"sameAs\":[\"http:\\\/\\\/localhost\\\/radio%20leinewelle\\\/wordpress\",\"https:\\\/\\\/www.facebook.com\\\/radioleinewelle\",\"https:\\\/\\\/www.instagram.com\\\/radioleinewelle\",\"https:\\\/\\\/x.com\\\/https:\\\/\\\/twitter.com\\\/RLeinewelle?ref_src=twsrcgoogletwcampserptwgrauthor\",\"https:\\\/\\\/soundcloud.com\\\/foerderverein-lokalradio?utm_source=clipboard&utm_medium=text&utm_campaign=social_sharing\"],\"url\":\"https:\\\/\\\/radioleinewelle.de\\\/index.php\\\/author\\\/leinewelle\\\/\"}]}<\/script>\n<!-- \/ Yoast SEO plugin. -->","yoast_head_json":{"title":"Stadtf\u00fchrung: Kunst, Graffiti und Skulpturen in G\u00f6ttingen - Radio Leinewelle","robots":{"index":"index","follow":"follow","max-snippet":"max-snippet:-1","max-image-preview":"max-image-preview:large","max-video-preview":"max-video-preview:-1"},"canonical":"https:\/\/radioleinewelle.de\/index.php\/2023\/04\/25\/stadtfuehrung-kunst-graffiti-und-skulpturen-in-goettingen\/","og_locale":"de_DE","og_type":"article","og_title":"Stadtf\u00fchrung: Kunst, Graffiti und Skulpturen in G\u00f6ttingen - Radio Leinewelle","og_description":"Die Tourist-Information G\u00f6ttingen bietet mit der Stadtf\u00fchrung \u201eKunst-Radfahrt \u2013 Kunst, Graffiti und Skulpturen mit dem Fahrrad entdecken\u201c eine besondere Perspektive auf die G\u00f6ttinger Kunst- und Kulturszene. Die zweist\u00fcndige F\u00fchrung startet am Samstag, 6. Mai, um 14 Uhr.&nbsp; In dieser F\u00fchrung steht die Vielfalt von Kunst im \u00f6ffentlichen Raum im Vordergrund. Skulpturen und historische Baukunst in [&hellip;]","og_url":"https:\/\/radioleinewelle.de\/index.php\/2023\/04\/25\/stadtfuehrung-kunst-graffiti-und-skulpturen-in-goettingen\/","og_site_name":"Radio Leinewelle","article_publisher":"https:\/\/www.facebook.com\/radioleinewelle","article_author":"https:\/\/www.facebook.com\/radioleinewelle","article_published_time":"2023-04-25T14:22:11+00:00","article_modified_time":"2023-04-25T21:30:53+00:00","og_image":[{"width":1000,"height":567,"url":"https:\/\/radioleinewelle.de\/wp-content\/uploads\/2023\/04\/Kunstradfahrt-Graffiasse-scaled_jpg-scaled-e1682432417427.jpg","type":"image\/jpeg"}],"author":"Leinewelle","twitter_card":"summary_large_image","twitter_creator":"@https:\/\/twitter.com\/RLeinewelle?ref_src=twsrcgoogletwcampserptwgrauthor","twitter_site":"@RLeinewelle","twitter_misc":{"Verfasst von":"Leinewelle","Gesch\u00e4tzte Lesezeit":"1\u00a0Minute"},"schema":{"@context":"https:\/\/schema.org","@graph":[{"@type":"Article","@id":"https:\/\/radioleinewelle.de\/index.php\/2023\/04\/25\/stadtfuehrung-kunst-graffiti-und-skulpturen-in-goettingen\/#article","isPartOf":{"@id":"https:\/\/radioleinewelle.de\/index.php\/2023\/04\/25\/stadtfuehrung-kunst-graffiti-und-skulpturen-in-goettingen\/"},"author":{"name":"Leinewelle","@id":"https:\/\/radioleinewelle.de\/#\/schema\/person\/45606f348637df637192dc1b68399a63"},"headline":"Stadtf\u00fchrung: Kunst, Graffiti und Skulpturen in G\u00f6ttingen","datePublished":"2023-04-25T14:22:11+00:00","dateModified":"2023-04-25T21:30:53+00:00","mainEntityOfPage":{"@id":"https:\/\/radioleinewelle.de\/index.php\/2023\/04\/25\/stadtfuehrung-kunst-graffiti-und-skulpturen-in-goettingen\/"},"wordCount":167,"commentCount":0,"publisher":{"@id":"https:\/\/radioleinewelle.de\/#organization"},"image":{"@id":"https:\/\/radioleinewelle.de\/index.php\/2023\/04\/25\/stadtfuehrung-kunst-graffiti-und-skulpturen-in-goettingen\/#primaryimage"},"thumbnailUrl":"https:\/\/radioleinewelle.de\/wp-content\/uploads\/2023\/04\/Kunstradfahrt-Graffiasse-scaled_jpg-scaled-e1682432417427.jpg","articleSection":["Regionaler Tourismus"],"inLanguage":"de","potentialAction":[{"@type":"CommentAction","name":"Comment","target":["https:\/\/radioleinewelle.de\/index.php\/2023\/04\/25\/stadtfuehrung-kunst-graffiti-und-skulpturen-in-goettingen\/#respond"]}]},{"@type":"WebPage","@id":"https:\/\/radioleinewelle.de\/index.php\/2023\/04\/25\/stadtfuehrung-kunst-graffiti-und-skulpturen-in-goettingen\/","url":"https:\/\/radioleinewelle.de\/index.php\/2023\/04\/25\/stadtfuehrung-kunst-graffiti-und-skulpturen-in-goettingen\/","name":"Stadtf\u00fchrung: Kunst, Graffiti und Skulpturen in G\u00f6ttingen - Radio Leinewelle","isPartOf":{"@id":"https:\/\/radioleinewelle.de\/#website"},"primaryImageOfPage":{"@id":"https:\/\/radioleinewelle.de\/index.php\/2023\/04\/25\/stadtfuehrung-kunst-graffiti-und-skulpturen-in-goettingen\/#primaryimage"},"image":{"@id":"https:\/\/radioleinewelle.de\/index.php\/2023\/04\/25\/stadtfuehrung-kunst-graffiti-und-skulpturen-in-goettingen\/#primaryimage"},"thumbnailUrl":"https:\/\/radioleinewelle.de\/wp-content\/uploads\/2023\/04\/Kunstradfahrt-Graffiasse-scaled_jpg-scaled-e1682432417427.jpg","datePublished":"2023-04-25T14:22:11+00:00","dateModified":"2023-04-25T21:30:53+00:00","breadcrumb":{"@id":"https:\/\/radioleinewelle.de\/index.php\/2023\/04\/25\/stadtfuehrung-kunst-graffiti-und-skulpturen-in-goettingen\/#breadcrumb"},"inLanguage":"de","potentialAction":[{"@type":"ReadAction","target":["https:\/\/radioleinewelle.de\/index.php\/2023\/04\/25\/stadtfuehrung-kunst-graffiti-und-skulpturen-in-goettingen\/"]}]},{"@type":"ImageObject","inLanguage":"de","@id":"https:\/\/radioleinewelle.de\/index.php\/2023\/04\/25\/stadtfuehrung-kunst-graffiti-und-skulpturen-in-goettingen\/#primaryimage","url":"https:\/\/radioleinewelle.de\/wp-content\/uploads\/2023\/04\/Kunstradfahrt-Graffiasse-scaled_jpg-scaled-e1682432417427.jpg","contentUrl":"https:\/\/radioleinewelle.de\/wp-content\/uploads\/2023\/04\/Kunstradfahrt-Graffiasse-scaled_jpg-scaled-e1682432417427.jpg","width":1000,"height":567,"caption":"Bildrechte: G\u00f6ttingen Tourismus und Marketing\/Mischke"},{"@type":"BreadcrumbList","@id":"https:\/\/radioleinewelle.de\/index.php\/2023\/04\/25\/stadtfuehrung-kunst-graffiti-und-skulpturen-in-goettingen\/#breadcrumb","itemListElement":[{"@type":"ListItem","position":1,"name":"Startseite","item":"https:\/\/radioleinewelle.de\/"},{"@type":"ListItem","position":2,"name":"Stadtf\u00fchrung: Kunst, Graffiti und Skulpturen in G\u00f6ttingen"}]},{"@type":"WebSite","@id":"https:\/\/radioleinewelle.de\/#website","url":"https:\/\/radioleinewelle.de\/","name":"Radio Leinewelle","description":"","publisher":{"@id":"https:\/\/radioleinewelle.de\/#organization"},"potentialAction":[{"@type":"SearchAction","target":{"@type":"EntryPoint","urlTemplate":"https:\/\/radioleinewelle.de\/?s={search_term_string}"},"query-input":{"@type":"PropertyValueSpecification","valueRequired":true,"valueName":"search_term_string"}}],"inLanguage":"de"},{"@type":"Organization","@id":"https:\/\/radioleinewelle.de\/#organization","name":"Radio Leinewelle","alternateName":"Mein Radio f\u00fcr S\u00fcdniedersachsen","url":"https:\/\/radioleinewelle.de\/","logo":{"@type":"ImageObject","inLanguage":"de","@id":"https:\/\/radioleinewelle.de\/#\/schema\/logo\/image\/","url":"https:\/\/radioleinewelle.de\/wp-content\/uploads\/2023\/11\/cropped-Leinewelle_Logo_weiss.png","contentUrl":"https:\/\/radioleinewelle.de\/wp-content\/uploads\/2023\/11\/cropped-Leinewelle_Logo_weiss.png","width":854,"height":260,"caption":"Radio Leinewelle"},"image":{"@id":"https:\/\/radioleinewelle.de\/#\/schema\/logo\/image\/"},"sameAs":["https:\/\/www.facebook.com\/radioleinewelle","https:\/\/x.com\/RLeinewelle","https:\/\/www.instagram.com\/radioleinewelle\/?hl=de"]},{"@type":"Person","@id":"https:\/\/radioleinewelle.de\/#\/schema\/person\/45606f348637df637192dc1b68399a63","name":"Leinewelle","image":{"@type":"ImageObject","inLanguage":"de","@id":"https:\/\/secure.gravatar.com\/avatar\/05c9a17bc973052ee5d91549bd32fb4dd0dc85b7b85ae94b2e2b4943476bbea5?s=96&d=blank&r=g","url":"https:\/\/secure.gravatar.com\/avatar\/05c9a17bc973052ee5d91549bd32fb4dd0dc85b7b85ae94b2e2b4943476bbea5?s=96&d=blank&r=g","contentUrl":"https:\/\/secure.gravatar.com\/avatar\/05c9a17bc973052ee5d91549bd32fb4dd0dc85b7b85ae94b2e2b4943476bbea5?s=96&d=blank&r=g","caption":"Leinewelle"},"sameAs":["http:\/\/localhost\/radio%20leinewelle\/wordpress","https:\/\/www.facebook.com\/radioleinewelle","https:\/\/www.instagram.com\/radioleinewelle","https:\/\/x.com\/https:\/\/twitter.com\/RLeinewelle?ref_src=twsrcgoogletwcampserptwgrauthor","https:\/\/soundcloud.com\/foerderverein-lokalradio?utm_source=clipboard&utm_medium=text&utm_campaign=social_sharing"],"url":"https:\/\/radioleinewelle.de\/index.php\/author\/leinewelle\/"}]}},"_links":{"self":[{"href":"https:\/\/radioleinewelle.de\/index.php\/wp-json\/wp\/v2\/posts\/22482","targetHints":{"allow":["GET"]}}],"collection":[{"href":"https:\/\/radioleinewelle.de\/index.php\/wp-json\/wp\/v2\/posts"}],"about":[{"href":"https:\/\/radioleinewelle.de\/index.php\/wp-json\/wp\/v2\/types\/post"}],"author":[{"embeddable":true,"href":"https:\/\/radioleinewelle.de\/index.php\/wp-json\/wp\/v2\/users\/1"}],"replies":[{"embeddable":true,"href":"https:\/\/radioleinewelle.de\/index.php\/wp-json\/wp\/v2\/comments?post=22482"}],"version-history":[{"count":2,"href":"https:\/\/radioleinewelle.de\/index.php\/wp-json\/wp\/v2\/posts\/22482\/revisions"}],"predecessor-version":[{"id":22494,"href":"https:\/\/radioleinewelle.de\/index.php\/wp-json\/wp\/v2\/posts\/22482\/revisions\/22494"}],"wp:featuredmedia":[{"embeddable":true,"href":"https:\/\/radioleinewelle.de\/index.php\/wp-json\/wp\/v2\/media\/22483"}],"wp:attachment":[{"href":"https:\/\/radioleinewelle.de\/index.php\/wp-json\/wp\/v2\/media?parent=22482"}],"wp:term":[{"taxonomy":"category","embeddable":true,"href":"https:\/\/radioleinewelle.de\/index.php\/wp-json\/wp\/v2\/categories?post=22482"},{"taxonomy":"post_tag","embeddable":true,"href":"https:\/\/radioleinewelle.de\/index.php\/wp-json\/wp\/v2\/tags?post=22482"}],"curies":[{"name":"wp","href":"https:\/\/api.w.org\/{rel}","templated":true}]}}