{"id":22509,"date":"2023-04-27T14:12:08","date_gmt":"2023-04-27T12:12:08","guid":{"rendered":"https:\/\/radioleinewelle.de\/?p=22509"},"modified":"2023-04-27T14:12:10","modified_gmt":"2023-04-27T12:12:10","slug":"das-vertrauen-in-die-demokratie-ist-stabil-aber","status":"publish","type":"post","link":"https:\/\/radioleinewelle.de\/index.php\/2023\/04\/27\/das-vertrauen-in-die-demokratie-ist-stabil-aber\/","title":{"rendered":"Das Vertrauen in die Demokratie ist stabil, aber&#8230;"},"content":{"rendered":"\n<p>Das Vertrauen der Deutschen in die Demokratie ist trotz vielf\u00e4ltiger Krisen stabil. Das ergibt eine repr\u00e4sentative Studie der Friedrich-Ebert-Stiftung. Es gibt jedoch teils gro\u00dfe Unterschiede, je nach regionaler Herkunft, Bildung und sozialer Lage der Befragten.<\/p>\n\n\n\n<p>\u00a0<br><strong>Zufriedenheit mit der Demokratie steigt leicht trotz Krisen<\/strong><br>Im Vergleich zu einer vorangegangenen Studie von 2019 sind die Menschen heute sogar etwas zufriedener mit dem Funktionieren der Demokratie \u2013 und das trotz Krisen wie der Corona-Pandemie, dem Krieg in der Ukraine und der Inflation. Insgesamt ist der Wert um 2 Prozentpunkte angestiegen. Ein Grund zum Aufatmen ist dies nur bedingt. Denn nach wie vor sind etwas weniger als die H\u00e4lfte der Menschen zufrieden mit der Demokratie (48,7%).<br><br><strong>Zufriedenheit stark abh\u00e4ngig von sozialer Lage und Bildungsgrad<\/strong><br>Teils gro\u00dfe Unterschiede bei der Zufriedenheit gibt es je nach sozialer Lage. Menschen, denen es \u00f6konomisch schlechter geht, die niedrigere Bildungsabschl\u00fcsse haben oder sich der Unter- oder Arbeiterschicht zurechnen, sind deutlich unzufriedener, als diejenigen, denen es materiell gut geht. Nur 32,8 % der Befragten, die sich der Unter- oder Arbeiterschicht zuordnen, sind mit dem Funktionieren der Demokratie zufrieden, w\u00e4hrend es in der oberen Mittel- und Oberschicht 64,2% sind. Eine Politik, die auf mehr Verteilungsgerechtigkeit und sozialen Ausgleich setzt, kann demnach auch das Vertrauen in die Demokratie wieder steigern. So spricht sich eine deutliche Mehrheit der Befragten beispielsweise f\u00fcr h\u00f6here Steuern auf hohe Einkommen und Verm\u00f6gen aus (57,6%).<br><br><strong>Unterschiede zwischen Ost- und Westdeutschland nehmen zu<\/strong><br>Zwischen Menschen im Osten und im Westen Deutschlands haben die Unterschiede im Vergleich zu 2019 weiter zugenommen: Im Westen ist die Zufriedenheit mit der Demokratie um 2,5 Prozentpunkte gestiegen, im Osten hat sie um 2 Prozentpunkte abgenommen. In den alten Bundesl\u00e4ndern ist nun gut die H\u00e4lfte (52%), in den neuen Bundesl\u00e4ndern ist nur noch wenig mehr als ein Drittel der Menschen (34%) mit dem Funktionieren der Demokratie zufrieden. Die Studie zeigt auch, dass die Unzufriedenheit h\u00e4ufig mit einem Glauben an Verschw\u00f6rungsmythen, sowie einem h\u00f6heren Zuspruch zu direkter Demokratie oder Expertokratie zusammenf\u00e4llt.<\/p>\n\n\n\n<p><strong>Mehr zur Studie unter <a href=\"http:\/\/www.fes.de\">www.fes.de<\/a><\/strong><\/p>\n\n\n\n<p>Symbolbild von Pixabay<\/p>\n","protected":false},"excerpt":{"rendered":"<p>Das Vertrauen der Deutschen in die Demokratie ist trotz vielf\u00e4ltiger Krisen stabil. Das ergibt eine repr\u00e4sentative Studie der Friedrich-Ebert-Stiftung. Es gibt jedoch teils gro\u00dfe Unterschiede, je nach regionaler Herkunft, Bildung und sozialer Lage der Befragten. \u00a0Zufriedenheit mit der Demokratie steigt leicht trotz KrisenIm Vergleich zu einer vorangegangenen Studie von 2019 sind die Menschen heute sogar [&hellip;]<\/p>\n","protected":false},"author":1,"featured_media":22511,"comment_status":"open","ping_status":"open","sticky":true,"template":"","format":"standard","meta":{"saved_in_kubio":false,"footnotes":""},"categories":[53],"tags":[],"class_list":["post-22509","post","type-post","status-publish","format-standard","has-post-thumbnail","hentry","category-gesellschaft"],"yoast_head":"<!-- This site is optimized with the Yoast SEO plugin v27.5 - https:\/\/yoast.com\/product\/yoast-seo-wordpress\/ -->\n<title>Das Vertrauen in die Demokratie ist stabil, aber... - Radio Leinewelle<\/title>\n<meta name=\"robots\" content=\"index, follow, max-snippet:-1, max-image-preview:large, max-video-preview:-1\" \/>\n<link rel=\"canonical\" href=\"https:\/\/radioleinewelle.de\/index.php\/2023\/04\/27\/das-vertrauen-in-die-demokratie-ist-stabil-aber\/\" \/>\n<meta property=\"og:locale\" content=\"de_DE\" \/>\n<meta property=\"og:type\" content=\"article\" \/>\n<meta property=\"og:title\" content=\"Das Vertrauen in die Demokratie ist stabil, aber... - Radio Leinewelle\" \/>\n<meta property=\"og:description\" content=\"Das Vertrauen der Deutschen in die Demokratie ist trotz vielf\u00e4ltiger Krisen stabil. Das ergibt eine repr\u00e4sentative Studie der Friedrich-Ebert-Stiftung. Es gibt jedoch teils gro\u00dfe Unterschiede, je nach regionaler Herkunft, Bildung und sozialer Lage der Befragten. \u00a0Zufriedenheit mit der Demokratie steigt leicht trotz KrisenIm Vergleich zu einer vorangegangenen Studie von 2019 sind die Menschen heute sogar [&hellip;]\" \/>\n<meta property=\"og:url\" content=\"https:\/\/radioleinewelle.de\/index.php\/2023\/04\/27\/das-vertrauen-in-die-demokratie-ist-stabil-aber\/\" \/>\n<meta property=\"og:site_name\" content=\"Radio Leinewelle\" \/>\n<meta property=\"article:publisher\" content=\"https:\/\/www.facebook.com\/radioleinewelle\" \/>\n<meta property=\"article:author\" content=\"https:\/\/www.facebook.com\/radioleinewelle\" \/>\n<meta property=\"article:published_time\" content=\"2023-04-27T12:12:08+00:00\" \/>\n<meta property=\"article:modified_time\" content=\"2023-04-27T12:12:10+00:00\" \/>\n<meta property=\"og:image\" content=\"https:\/\/radioleinewelle.de\/wp-content\/uploads\/2023\/04\/the-reichstag-building-berlin-g88c3ff37f_1280-e1682597515714.jpg\" \/>\n\t<meta property=\"og:image:width\" content=\"1000\" \/>\n\t<meta property=\"og:image:height\" content=\"667\" \/>\n\t<meta property=\"og:image:type\" content=\"image\/jpeg\" \/>\n<meta name=\"author\" content=\"Leinewelle\" \/>\n<meta name=\"twitter:card\" content=\"summary_large_image\" \/>\n<meta name=\"twitter:creator\" content=\"@https:\/\/twitter.com\/RLeinewelle?ref_src=twsrcgoogletwcampserptwgrauthor\" \/>\n<meta name=\"twitter:site\" content=\"@RLeinewelle\" \/>\n<meta name=\"twitter:label1\" content=\"Verfasst von\" \/>\n\t<meta name=\"twitter:data1\" content=\"Leinewelle\" \/>\n\t<meta name=\"twitter:label2\" content=\"Gesch\u00e4tzte Lesezeit\" \/>\n\t<meta name=\"twitter:data2\" content=\"2\u00a0Minuten\" \/>\n<script type=\"application\/ld+json\" class=\"yoast-schema-graph\">{\"@context\":\"https:\\\/\\\/schema.org\",\"@graph\":[{\"@type\":\"Article\",\"@id\":\"https:\\\/\\\/radioleinewelle.de\\\/index.php\\\/2023\\\/04\\\/27\\\/das-vertrauen-in-die-demokratie-ist-stabil-aber\\\/#article\",\"isPartOf\":{\"@id\":\"https:\\\/\\\/radioleinewelle.de\\\/index.php\\\/2023\\\/04\\\/27\\\/das-vertrauen-in-die-demokratie-ist-stabil-aber\\\/\"},\"author\":{\"name\":\"Leinewelle\",\"@id\":\"https:\\\/\\\/radioleinewelle.de\\\/#\\\/schema\\\/person\\\/45606f348637df637192dc1b68399a63\"},\"headline\":\"Das Vertrauen in die Demokratie ist stabil, aber&#8230;\",\"datePublished\":\"2023-04-27T12:12:08+00:00\",\"dateModified\":\"2023-04-27T12:12:10+00:00\",\"mainEntityOfPage\":{\"@id\":\"https:\\\/\\\/radioleinewelle.de\\\/index.php\\\/2023\\\/04\\\/27\\\/das-vertrauen-in-die-demokratie-ist-stabil-aber\\\/\"},\"wordCount\":348,\"commentCount\":0,\"publisher\":{\"@id\":\"https:\\\/\\\/radioleinewelle.de\\\/#organization\"},\"image\":{\"@id\":\"https:\\\/\\\/radioleinewelle.de\\\/index.php\\\/2023\\\/04\\\/27\\\/das-vertrauen-in-die-demokratie-ist-stabil-aber\\\/#primaryimage\"},\"thumbnailUrl\":\"https:\\\/\\\/radioleinewelle.de\\\/wp-content\\\/uploads\\\/2023\\\/04\\\/the-reichstag-building-berlin-g88c3ff37f_1280-e1682597515714.jpg\",\"articleSection\":[\"Gesellschaft\"],\"inLanguage\":\"de\",\"potentialAction\":[{\"@type\":\"CommentAction\",\"name\":\"Comment\",\"target\":[\"https:\\\/\\\/radioleinewelle.de\\\/index.php\\\/2023\\\/04\\\/27\\\/das-vertrauen-in-die-demokratie-ist-stabil-aber\\\/#respond\"]}]},{\"@type\":\"WebPage\",\"@id\":\"https:\\\/\\\/radioleinewelle.de\\\/index.php\\\/2023\\\/04\\\/27\\\/das-vertrauen-in-die-demokratie-ist-stabil-aber\\\/\",\"url\":\"https:\\\/\\\/radioleinewelle.de\\\/index.php\\\/2023\\\/04\\\/27\\\/das-vertrauen-in-die-demokratie-ist-stabil-aber\\\/\",\"name\":\"Das Vertrauen in die Demokratie ist stabil, aber... - Radio Leinewelle\",\"isPartOf\":{\"@id\":\"https:\\\/\\\/radioleinewelle.de\\\/#website\"},\"primaryImageOfPage\":{\"@id\":\"https:\\\/\\\/radioleinewelle.de\\\/index.php\\\/2023\\\/04\\\/27\\\/das-vertrauen-in-die-demokratie-ist-stabil-aber\\\/#primaryimage\"},\"image\":{\"@id\":\"https:\\\/\\\/radioleinewelle.de\\\/index.php\\\/2023\\\/04\\\/27\\\/das-vertrauen-in-die-demokratie-ist-stabil-aber\\\/#primaryimage\"},\"thumbnailUrl\":\"https:\\\/\\\/radioleinewelle.de\\\/wp-content\\\/uploads\\\/2023\\\/04\\\/the-reichstag-building-berlin-g88c3ff37f_1280-e1682597515714.jpg\",\"datePublished\":\"2023-04-27T12:12:08+00:00\",\"dateModified\":\"2023-04-27T12:12:10+00:00\",\"breadcrumb\":{\"@id\":\"https:\\\/\\\/radioleinewelle.de\\\/index.php\\\/2023\\\/04\\\/27\\\/das-vertrauen-in-die-demokratie-ist-stabil-aber\\\/#breadcrumb\"},\"inLanguage\":\"de\",\"potentialAction\":[{\"@type\":\"ReadAction\",\"target\":[\"https:\\\/\\\/radioleinewelle.de\\\/index.php\\\/2023\\\/04\\\/27\\\/das-vertrauen-in-die-demokratie-ist-stabil-aber\\\/\"]}]},{\"@type\":\"ImageObject\",\"inLanguage\":\"de\",\"@id\":\"https:\\\/\\\/radioleinewelle.de\\\/index.php\\\/2023\\\/04\\\/27\\\/das-vertrauen-in-die-demokratie-ist-stabil-aber\\\/#primaryimage\",\"url\":\"https:\\\/\\\/radioleinewelle.de\\\/wp-content\\\/uploads\\\/2023\\\/04\\\/the-reichstag-building-berlin-g88c3ff37f_1280-e1682597515714.jpg\",\"contentUrl\":\"https:\\\/\\\/radioleinewelle.de\\\/wp-content\\\/uploads\\\/2023\\\/04\\\/the-reichstag-building-berlin-g88c3ff37f_1280-e1682597515714.jpg\",\"width\":1000,\"height\":667},{\"@type\":\"BreadcrumbList\",\"@id\":\"https:\\\/\\\/radioleinewelle.de\\\/index.php\\\/2023\\\/04\\\/27\\\/das-vertrauen-in-die-demokratie-ist-stabil-aber\\\/#breadcrumb\",\"itemListElement\":[{\"@type\":\"ListItem\",\"position\":1,\"name\":\"Startseite\",\"item\":\"https:\\\/\\\/radioleinewelle.de\\\/\"},{\"@type\":\"ListItem\",\"position\":2,\"name\":\"Das Vertrauen in die Demokratie ist stabil, aber&#8230;\"}]},{\"@type\":\"WebSite\",\"@id\":\"https:\\\/\\\/radioleinewelle.de\\\/#website\",\"url\":\"https:\\\/\\\/radioleinewelle.de\\\/\",\"name\":\"Radio Leinewelle\",\"description\":\"\",\"publisher\":{\"@id\":\"https:\\\/\\\/radioleinewelle.de\\\/#organization\"},\"potentialAction\":[{\"@type\":\"SearchAction\",\"target\":{\"@type\":\"EntryPoint\",\"urlTemplate\":\"https:\\\/\\\/radioleinewelle.de\\\/?s={search_term_string}\"},\"query-input\":{\"@type\":\"PropertyValueSpecification\",\"valueRequired\":true,\"valueName\":\"search_term_string\"}}],\"inLanguage\":\"de\"},{\"@type\":\"Organization\",\"@id\":\"https:\\\/\\\/radioleinewelle.de\\\/#organization\",\"name\":\"Radio Leinewelle\",\"alternateName\":\"Mein Radio f\u00fcr S\u00fcdniedersachsen\",\"url\":\"https:\\\/\\\/radioleinewelle.de\\\/\",\"logo\":{\"@type\":\"ImageObject\",\"inLanguage\":\"de\",\"@id\":\"https:\\\/\\\/radioleinewelle.de\\\/#\\\/schema\\\/logo\\\/image\\\/\",\"url\":\"https:\\\/\\\/radioleinewelle.de\\\/wp-content\\\/uploads\\\/2023\\\/11\\\/cropped-Leinewelle_Logo_weiss.png\",\"contentUrl\":\"https:\\\/\\\/radioleinewelle.de\\\/wp-content\\\/uploads\\\/2023\\\/11\\\/cropped-Leinewelle_Logo_weiss.png\",\"width\":854,\"height\":260,\"caption\":\"Radio Leinewelle\"},\"image\":{\"@id\":\"https:\\\/\\\/radioleinewelle.de\\\/#\\\/schema\\\/logo\\\/image\\\/\"},\"sameAs\":[\"https:\\\/\\\/www.facebook.com\\\/radioleinewelle\",\"https:\\\/\\\/x.com\\\/RLeinewelle\",\"https:\\\/\\\/www.instagram.com\\\/radioleinewelle\\\/?hl=de\"]},{\"@type\":\"Person\",\"@id\":\"https:\\\/\\\/radioleinewelle.de\\\/#\\\/schema\\\/person\\\/45606f348637df637192dc1b68399a63\",\"name\":\"Leinewelle\",\"image\":{\"@type\":\"ImageObject\",\"inLanguage\":\"de\",\"@id\":\"https:\\\/\\\/secure.gravatar.com\\\/avatar\\\/05c9a17bc973052ee5d91549bd32fb4dd0dc85b7b85ae94b2e2b4943476bbea5?s=96&d=blank&r=g\",\"url\":\"https:\\\/\\\/secure.gravatar.com\\\/avatar\\\/05c9a17bc973052ee5d91549bd32fb4dd0dc85b7b85ae94b2e2b4943476bbea5?s=96&d=blank&r=g\",\"contentUrl\":\"https:\\\/\\\/secure.gravatar.com\\\/avatar\\\/05c9a17bc973052ee5d91549bd32fb4dd0dc85b7b85ae94b2e2b4943476bbea5?s=96&d=blank&r=g\",\"caption\":\"Leinewelle\"},\"sameAs\":[\"http:\\\/\\\/localhost\\\/radio%20leinewelle\\\/wordpress\",\"https:\\\/\\\/www.facebook.com\\\/radioleinewelle\",\"https:\\\/\\\/www.instagram.com\\\/radioleinewelle\",\"https:\\\/\\\/x.com\\\/https:\\\/\\\/twitter.com\\\/RLeinewelle?ref_src=twsrcgoogletwcampserptwgrauthor\",\"https:\\\/\\\/soundcloud.com\\\/foerderverein-lokalradio?utm_source=clipboard&utm_medium=text&utm_campaign=social_sharing\"],\"url\":\"https:\\\/\\\/radioleinewelle.de\\\/index.php\\\/author\\\/leinewelle\\\/\"}]}<\/script>\n<!-- \/ Yoast SEO plugin. -->","yoast_head_json":{"title":"Das Vertrauen in die Demokratie ist stabil, aber... - Radio Leinewelle","robots":{"index":"index","follow":"follow","max-snippet":"max-snippet:-1","max-image-preview":"max-image-preview:large","max-video-preview":"max-video-preview:-1"},"canonical":"https:\/\/radioleinewelle.de\/index.php\/2023\/04\/27\/das-vertrauen-in-die-demokratie-ist-stabil-aber\/","og_locale":"de_DE","og_type":"article","og_title":"Das Vertrauen in die Demokratie ist stabil, aber... - Radio Leinewelle","og_description":"Das Vertrauen der Deutschen in die Demokratie ist trotz vielf\u00e4ltiger Krisen stabil. Das ergibt eine repr\u00e4sentative Studie der Friedrich-Ebert-Stiftung. Es gibt jedoch teils gro\u00dfe Unterschiede, je nach regionaler Herkunft, Bildung und sozialer Lage der Befragten. \u00a0Zufriedenheit mit der Demokratie steigt leicht trotz KrisenIm Vergleich zu einer vorangegangenen Studie von 2019 sind die Menschen heute sogar [&hellip;]","og_url":"https:\/\/radioleinewelle.de\/index.php\/2023\/04\/27\/das-vertrauen-in-die-demokratie-ist-stabil-aber\/","og_site_name":"Radio Leinewelle","article_publisher":"https:\/\/www.facebook.com\/radioleinewelle","article_author":"https:\/\/www.facebook.com\/radioleinewelle","article_published_time":"2023-04-27T12:12:08+00:00","article_modified_time":"2023-04-27T12:12:10+00:00","og_image":[{"width":1000,"height":667,"url":"https:\/\/radioleinewelle.de\/wp-content\/uploads\/2023\/04\/the-reichstag-building-berlin-g88c3ff37f_1280-e1682597515714.jpg","type":"image\/jpeg"}],"author":"Leinewelle","twitter_card":"summary_large_image","twitter_creator":"@https:\/\/twitter.com\/RLeinewelle?ref_src=twsrcgoogletwcampserptwgrauthor","twitter_site":"@RLeinewelle","twitter_misc":{"Verfasst von":"Leinewelle","Gesch\u00e4tzte Lesezeit":"2\u00a0Minuten"},"schema":{"@context":"https:\/\/schema.org","@graph":[{"@type":"Article","@id":"https:\/\/radioleinewelle.de\/index.php\/2023\/04\/27\/das-vertrauen-in-die-demokratie-ist-stabil-aber\/#article","isPartOf":{"@id":"https:\/\/radioleinewelle.de\/index.php\/2023\/04\/27\/das-vertrauen-in-die-demokratie-ist-stabil-aber\/"},"author":{"name":"Leinewelle","@id":"https:\/\/radioleinewelle.de\/#\/schema\/person\/45606f348637df637192dc1b68399a63"},"headline":"Das Vertrauen in die Demokratie ist stabil, aber&#8230;","datePublished":"2023-04-27T12:12:08+00:00","dateModified":"2023-04-27T12:12:10+00:00","mainEntityOfPage":{"@id":"https:\/\/radioleinewelle.de\/index.php\/2023\/04\/27\/das-vertrauen-in-die-demokratie-ist-stabil-aber\/"},"wordCount":348,"commentCount":0,"publisher":{"@id":"https:\/\/radioleinewelle.de\/#organization"},"image":{"@id":"https:\/\/radioleinewelle.de\/index.php\/2023\/04\/27\/das-vertrauen-in-die-demokratie-ist-stabil-aber\/#primaryimage"},"thumbnailUrl":"https:\/\/radioleinewelle.de\/wp-content\/uploads\/2023\/04\/the-reichstag-building-berlin-g88c3ff37f_1280-e1682597515714.jpg","articleSection":["Gesellschaft"],"inLanguage":"de","potentialAction":[{"@type":"CommentAction","name":"Comment","target":["https:\/\/radioleinewelle.de\/index.php\/2023\/04\/27\/das-vertrauen-in-die-demokratie-ist-stabil-aber\/#respond"]}]},{"@type":"WebPage","@id":"https:\/\/radioleinewelle.de\/index.php\/2023\/04\/27\/das-vertrauen-in-die-demokratie-ist-stabil-aber\/","url":"https:\/\/radioleinewelle.de\/index.php\/2023\/04\/27\/das-vertrauen-in-die-demokratie-ist-stabil-aber\/","name":"Das Vertrauen in die Demokratie ist stabil, aber... - Radio Leinewelle","isPartOf":{"@id":"https:\/\/radioleinewelle.de\/#website"},"primaryImageOfPage":{"@id":"https:\/\/radioleinewelle.de\/index.php\/2023\/04\/27\/das-vertrauen-in-die-demokratie-ist-stabil-aber\/#primaryimage"},"image":{"@id":"https:\/\/radioleinewelle.de\/index.php\/2023\/04\/27\/das-vertrauen-in-die-demokratie-ist-stabil-aber\/#primaryimage"},"thumbnailUrl":"https:\/\/radioleinewelle.de\/wp-content\/uploads\/2023\/04\/the-reichstag-building-berlin-g88c3ff37f_1280-e1682597515714.jpg","datePublished":"2023-04-27T12:12:08+00:00","dateModified":"2023-04-27T12:12:10+00:00","breadcrumb":{"@id":"https:\/\/radioleinewelle.de\/index.php\/2023\/04\/27\/das-vertrauen-in-die-demokratie-ist-stabil-aber\/#breadcrumb"},"inLanguage":"de","potentialAction":[{"@type":"ReadAction","target":["https:\/\/radioleinewelle.de\/index.php\/2023\/04\/27\/das-vertrauen-in-die-demokratie-ist-stabil-aber\/"]}]},{"@type":"ImageObject","inLanguage":"de","@id":"https:\/\/radioleinewelle.de\/index.php\/2023\/04\/27\/das-vertrauen-in-die-demokratie-ist-stabil-aber\/#primaryimage","url":"https:\/\/radioleinewelle.de\/wp-content\/uploads\/2023\/04\/the-reichstag-building-berlin-g88c3ff37f_1280-e1682597515714.jpg","contentUrl":"https:\/\/radioleinewelle.de\/wp-content\/uploads\/2023\/04\/the-reichstag-building-berlin-g88c3ff37f_1280-e1682597515714.jpg","width":1000,"height":667},{"@type":"BreadcrumbList","@id":"https:\/\/radioleinewelle.de\/index.php\/2023\/04\/27\/das-vertrauen-in-die-demokratie-ist-stabil-aber\/#breadcrumb","itemListElement":[{"@type":"ListItem","position":1,"name":"Startseite","item":"https:\/\/radioleinewelle.de\/"},{"@type":"ListItem","position":2,"name":"Das Vertrauen in die Demokratie ist stabil, aber&#8230;"}]},{"@type":"WebSite","@id":"https:\/\/radioleinewelle.de\/#website","url":"https:\/\/radioleinewelle.de\/","name":"Radio Leinewelle","description":"","publisher":{"@id":"https:\/\/radioleinewelle.de\/#organization"},"potentialAction":[{"@type":"SearchAction","target":{"@type":"EntryPoint","urlTemplate":"https:\/\/radioleinewelle.de\/?s={search_term_string}"},"query-input":{"@type":"PropertyValueSpecification","valueRequired":true,"valueName":"search_term_string"}}],"inLanguage":"de"},{"@type":"Organization","@id":"https:\/\/radioleinewelle.de\/#organization","name":"Radio Leinewelle","alternateName":"Mein Radio f\u00fcr S\u00fcdniedersachsen","url":"https:\/\/radioleinewelle.de\/","logo":{"@type":"ImageObject","inLanguage":"de","@id":"https:\/\/radioleinewelle.de\/#\/schema\/logo\/image\/","url":"https:\/\/radioleinewelle.de\/wp-content\/uploads\/2023\/11\/cropped-Leinewelle_Logo_weiss.png","contentUrl":"https:\/\/radioleinewelle.de\/wp-content\/uploads\/2023\/11\/cropped-Leinewelle_Logo_weiss.png","width":854,"height":260,"caption":"Radio Leinewelle"},"image":{"@id":"https:\/\/radioleinewelle.de\/#\/schema\/logo\/image\/"},"sameAs":["https:\/\/www.facebook.com\/radioleinewelle","https:\/\/x.com\/RLeinewelle","https:\/\/www.instagram.com\/radioleinewelle\/?hl=de"]},{"@type":"Person","@id":"https:\/\/radioleinewelle.de\/#\/schema\/person\/45606f348637df637192dc1b68399a63","name":"Leinewelle","image":{"@type":"ImageObject","inLanguage":"de","@id":"https:\/\/secure.gravatar.com\/avatar\/05c9a17bc973052ee5d91549bd32fb4dd0dc85b7b85ae94b2e2b4943476bbea5?s=96&d=blank&r=g","url":"https:\/\/secure.gravatar.com\/avatar\/05c9a17bc973052ee5d91549bd32fb4dd0dc85b7b85ae94b2e2b4943476bbea5?s=96&d=blank&r=g","contentUrl":"https:\/\/secure.gravatar.com\/avatar\/05c9a17bc973052ee5d91549bd32fb4dd0dc85b7b85ae94b2e2b4943476bbea5?s=96&d=blank&r=g","caption":"Leinewelle"},"sameAs":["http:\/\/localhost\/radio%20leinewelle\/wordpress","https:\/\/www.facebook.com\/radioleinewelle","https:\/\/www.instagram.com\/radioleinewelle","https:\/\/x.com\/https:\/\/twitter.com\/RLeinewelle?ref_src=twsrcgoogletwcampserptwgrauthor","https:\/\/soundcloud.com\/foerderverein-lokalradio?utm_source=clipboard&utm_medium=text&utm_campaign=social_sharing"],"url":"https:\/\/radioleinewelle.de\/index.php\/author\/leinewelle\/"}]}},"_links":{"self":[{"href":"https:\/\/radioleinewelle.de\/index.php\/wp-json\/wp\/v2\/posts\/22509","targetHints":{"allow":["GET"]}}],"collection":[{"href":"https:\/\/radioleinewelle.de\/index.php\/wp-json\/wp\/v2\/posts"}],"about":[{"href":"https:\/\/radioleinewelle.de\/index.php\/wp-json\/wp\/v2\/types\/post"}],"author":[{"embeddable":true,"href":"https:\/\/radioleinewelle.de\/index.php\/wp-json\/wp\/v2\/users\/1"}],"replies":[{"embeddable":true,"href":"https:\/\/radioleinewelle.de\/index.php\/wp-json\/wp\/v2\/comments?post=22509"}],"version-history":[{"count":2,"href":"https:\/\/radioleinewelle.de\/index.php\/wp-json\/wp\/v2\/posts\/22509\/revisions"}],"predecessor-version":[{"id":22512,"href":"https:\/\/radioleinewelle.de\/index.php\/wp-json\/wp\/v2\/posts\/22509\/revisions\/22512"}],"wp:featuredmedia":[{"embeddable":true,"href":"https:\/\/radioleinewelle.de\/index.php\/wp-json\/wp\/v2\/media\/22511"}],"wp:attachment":[{"href":"https:\/\/radioleinewelle.de\/index.php\/wp-json\/wp\/v2\/media?parent=22509"}],"wp:term":[{"taxonomy":"category","embeddable":true,"href":"https:\/\/radioleinewelle.de\/index.php\/wp-json\/wp\/v2\/categories?post=22509"},{"taxonomy":"post_tag","embeddable":true,"href":"https:\/\/radioleinewelle.de\/index.php\/wp-json\/wp\/v2\/tags?post=22509"}],"curies":[{"name":"wp","href":"https:\/\/api.w.org\/{rel}","templated":true}]}}