{"id":22513,"date":"2023-04-29T12:08:32","date_gmt":"2023-04-29T10:08:32","guid":{"rendered":"https:\/\/radioleinewelle.de\/?p=22513"},"modified":"2023-04-29T12:10:37","modified_gmt":"2023-04-29T10:10:37","slug":"fit-on-tour-truckerstammtisch-der-autobahnpolizei-goettingen-am-03-05","status":"publish","type":"post","link":"https:\/\/radioleinewelle.de\/index.php\/2023\/04\/29\/fit-on-tour-truckerstammtisch-der-autobahnpolizei-goettingen-am-03-05\/","title":{"rendered":"&#8222;Fit on Tour&#8220; &#8211; Truckerstammtisch der Autobahnpolizei G\u00f6ttingen am 03.05."},"content":{"rendered":"\n<p>Das Thema Gesunderhaltung trotz Zeitdruck und zunehmenden Widrigkeiten steht ganz im Mittelpunkt des n\u00e4chsten Truckerstammtisches der G\u00f6ttinger Autobahn am kommenden Mittwoch (03.05.23).<\/p>\n\n\n\n<p>Die 230. Auflage des Formates findet dieses Mal im Freien statt und l\u00e4dt Interessierte ein, sich an sportlichen \u00dcbungen im und am Lkw aktiv zu beteiligen. Erkl\u00e4rtes gemeines Ziel der eingeladenen Referentinnen Rebecca Urban (fit for drive) und Christine Kro\u00df (fit im Truck) ist es, Berufskraftfahrerinnen und -Fahrern bei dem Termin f\u00fcr eine gesunde Verhaltensweise im Berufsalltag zu sensibilisieren und pr\u00e4ventiv gegen typische Beschwerdebilder vorzubeugen.<\/p>\n\n\n\n<p>Die Veranstaltung f\u00fcr LKW-Fahrerinnen und -Fahrer, Unternehmerinnen und Unternehmer sowie andere Interessierte findet um 16:30 Uhr vor dem Geb\u00e4ude der Rastst\u00e4tte G\u00f6ttingen-West (Autobahn 7 in Fahrtrichtung Kassel) statt.<\/p>\n\n\n\n<p>Symbolbild von Pixabay<\/p>\n","protected":false},"excerpt":{"rendered":"<p>Das Thema Gesunderhaltung trotz Zeitdruck und zunehmenden Widrigkeiten steht ganz im Mittelpunkt des n\u00e4chsten Truckerstammtisches der G\u00f6ttinger Autobahn am kommenden Mittwoch (03.05.23). Die 230. Auflage des Formates findet dieses Mal im Freien statt und l\u00e4dt Interessierte ein, sich an sportlichen \u00dcbungen im und am Lkw aktiv zu beteiligen. Erkl\u00e4rtes gemeines Ziel der eingeladenen Referentinnen Rebecca [&hellip;]<\/p>\n","protected":false},"author":1,"featured_media":22516,"comment_status":"open","ping_status":"open","sticky":true,"template":"","format":"standard","meta":{"saved_in_kubio":false,"footnotes":""},"categories":[41],"tags":[],"class_list":["post-22513","post","type-post","status-publish","format-standard","has-post-thumbnail","hentry","category-veranstaltungen"],"yoast_head":"<!-- This site is optimized with the Yoast SEO plugin v27.5 - https:\/\/yoast.com\/product\/yoast-seo-wordpress\/ -->\n<title>&quot;Fit on Tour&quot; - Truckerstammtisch der Autobahnpolizei G\u00f6ttingen am 03.05. - Radio Leinewelle<\/title>\n<meta name=\"robots\" content=\"index, follow, max-snippet:-1, max-image-preview:large, max-video-preview:-1\" \/>\n<link rel=\"canonical\" href=\"https:\/\/radioleinewelle.de\/index.php\/2023\/04\/29\/fit-on-tour-truckerstammtisch-der-autobahnpolizei-goettingen-am-03-05\/\" \/>\n<meta property=\"og:locale\" content=\"de_DE\" \/>\n<meta property=\"og:type\" content=\"article\" \/>\n<meta property=\"og:title\" content=\"&quot;Fit on Tour&quot; - Truckerstammtisch der Autobahnpolizei G\u00f6ttingen am 03.05. - Radio Leinewelle\" \/>\n<meta property=\"og:description\" content=\"Das Thema Gesunderhaltung trotz Zeitdruck und zunehmenden Widrigkeiten steht ganz im Mittelpunkt des n\u00e4chsten Truckerstammtisches der G\u00f6ttinger Autobahn am kommenden Mittwoch (03.05.23). Die 230. Auflage des Formates findet dieses Mal im Freien statt und l\u00e4dt Interessierte ein, sich an sportlichen \u00dcbungen im und am Lkw aktiv zu beteiligen. Erkl\u00e4rtes gemeines Ziel der eingeladenen Referentinnen Rebecca [&hellip;]\" \/>\n<meta property=\"og:url\" content=\"https:\/\/radioleinewelle.de\/index.php\/2023\/04\/29\/fit-on-tour-truckerstammtisch-der-autobahnpolizei-goettingen-am-03-05\/\" \/>\n<meta property=\"og:site_name\" content=\"Radio Leinewelle\" \/>\n<meta property=\"article:publisher\" content=\"https:\/\/www.facebook.com\/radioleinewelle\" \/>\n<meta property=\"article:author\" content=\"https:\/\/www.facebook.com\/radioleinewelle\" \/>\n<meta property=\"article:published_time\" content=\"2023-04-29T10:08:32+00:00\" \/>\n<meta property=\"article:modified_time\" content=\"2023-04-29T10:10:37+00:00\" \/>\n<meta property=\"og:image\" content=\"https:\/\/radioleinewelle.de\/wp-content\/uploads\/2023\/04\/trucks-g94edcb09c_1280.jpg\" \/>\n\t<meta property=\"og:image:width\" content=\"1280\" \/>\n\t<meta property=\"og:image:height\" content=\"856\" \/>\n\t<meta property=\"og:image:type\" content=\"image\/jpeg\" \/>\n<meta name=\"author\" content=\"Leinewelle\" \/>\n<meta name=\"twitter:card\" content=\"summary_large_image\" \/>\n<meta name=\"twitter:creator\" content=\"@https:\/\/twitter.com\/RLeinewelle?ref_src=twsrcgoogletwcampserptwgrauthor\" \/>\n<meta name=\"twitter:site\" content=\"@RLeinewelle\" \/>\n<meta name=\"twitter:label1\" content=\"Verfasst von\" \/>\n\t<meta name=\"twitter:data1\" content=\"Leinewelle\" \/>\n\t<meta name=\"twitter:label2\" content=\"Gesch\u00e4tzte Lesezeit\" \/>\n\t<meta name=\"twitter:data2\" content=\"1\u00a0Minute\" \/>\n<script type=\"application\/ld+json\" class=\"yoast-schema-graph\">{\"@context\":\"https:\\\/\\\/schema.org\",\"@graph\":[{\"@type\":\"Article\",\"@id\":\"https:\\\/\\\/radioleinewelle.de\\\/index.php\\\/2023\\\/04\\\/29\\\/fit-on-tour-truckerstammtisch-der-autobahnpolizei-goettingen-am-03-05\\\/#article\",\"isPartOf\":{\"@id\":\"https:\\\/\\\/radioleinewelle.de\\\/index.php\\\/2023\\\/04\\\/29\\\/fit-on-tour-truckerstammtisch-der-autobahnpolizei-goettingen-am-03-05\\\/\"},\"author\":{\"name\":\"Leinewelle\",\"@id\":\"https:\\\/\\\/radioleinewelle.de\\\/#\\\/schema\\\/person\\\/45606f348637df637192dc1b68399a63\"},\"headline\":\"&#8222;Fit on Tour&#8220; &#8211; Truckerstammtisch der Autobahnpolizei G\u00f6ttingen am 03.05.\",\"datePublished\":\"2023-04-29T10:08:32+00:00\",\"dateModified\":\"2023-04-29T10:10:37+00:00\",\"mainEntityOfPage\":{\"@id\":\"https:\\\/\\\/radioleinewelle.de\\\/index.php\\\/2023\\\/04\\\/29\\\/fit-on-tour-truckerstammtisch-der-autobahnpolizei-goettingen-am-03-05\\\/\"},\"wordCount\":134,\"commentCount\":0,\"publisher\":{\"@id\":\"https:\\\/\\\/radioleinewelle.de\\\/#organization\"},\"image\":{\"@id\":\"https:\\\/\\\/radioleinewelle.de\\\/index.php\\\/2023\\\/04\\\/29\\\/fit-on-tour-truckerstammtisch-der-autobahnpolizei-goettingen-am-03-05\\\/#primaryimage\"},\"thumbnailUrl\":\"https:\\\/\\\/radioleinewelle.de\\\/wp-content\\\/uploads\\\/2023\\\/04\\\/trucks-g94edcb09c_1280.jpg\",\"articleSection\":[\"Veranstaltungen\"],\"inLanguage\":\"de\",\"potentialAction\":[{\"@type\":\"CommentAction\",\"name\":\"Comment\",\"target\":[\"https:\\\/\\\/radioleinewelle.de\\\/index.php\\\/2023\\\/04\\\/29\\\/fit-on-tour-truckerstammtisch-der-autobahnpolizei-goettingen-am-03-05\\\/#respond\"]}]},{\"@type\":\"WebPage\",\"@id\":\"https:\\\/\\\/radioleinewelle.de\\\/index.php\\\/2023\\\/04\\\/29\\\/fit-on-tour-truckerstammtisch-der-autobahnpolizei-goettingen-am-03-05\\\/\",\"url\":\"https:\\\/\\\/radioleinewelle.de\\\/index.php\\\/2023\\\/04\\\/29\\\/fit-on-tour-truckerstammtisch-der-autobahnpolizei-goettingen-am-03-05\\\/\",\"name\":\"\\\"Fit on Tour\\\" - Truckerstammtisch der Autobahnpolizei G\u00f6ttingen am 03.05. - Radio Leinewelle\",\"isPartOf\":{\"@id\":\"https:\\\/\\\/radioleinewelle.de\\\/#website\"},\"primaryImageOfPage\":{\"@id\":\"https:\\\/\\\/radioleinewelle.de\\\/index.php\\\/2023\\\/04\\\/29\\\/fit-on-tour-truckerstammtisch-der-autobahnpolizei-goettingen-am-03-05\\\/#primaryimage\"},\"image\":{\"@id\":\"https:\\\/\\\/radioleinewelle.de\\\/index.php\\\/2023\\\/04\\\/29\\\/fit-on-tour-truckerstammtisch-der-autobahnpolizei-goettingen-am-03-05\\\/#primaryimage\"},\"thumbnailUrl\":\"https:\\\/\\\/radioleinewelle.de\\\/wp-content\\\/uploads\\\/2023\\\/04\\\/trucks-g94edcb09c_1280.jpg\",\"datePublished\":\"2023-04-29T10:08:32+00:00\",\"dateModified\":\"2023-04-29T10:10:37+00:00\",\"breadcrumb\":{\"@id\":\"https:\\\/\\\/radioleinewelle.de\\\/index.php\\\/2023\\\/04\\\/29\\\/fit-on-tour-truckerstammtisch-der-autobahnpolizei-goettingen-am-03-05\\\/#breadcrumb\"},\"inLanguage\":\"de\",\"potentialAction\":[{\"@type\":\"ReadAction\",\"target\":[\"https:\\\/\\\/radioleinewelle.de\\\/index.php\\\/2023\\\/04\\\/29\\\/fit-on-tour-truckerstammtisch-der-autobahnpolizei-goettingen-am-03-05\\\/\"]}]},{\"@type\":\"ImageObject\",\"inLanguage\":\"de\",\"@id\":\"https:\\\/\\\/radioleinewelle.de\\\/index.php\\\/2023\\\/04\\\/29\\\/fit-on-tour-truckerstammtisch-der-autobahnpolizei-goettingen-am-03-05\\\/#primaryimage\",\"url\":\"https:\\\/\\\/radioleinewelle.de\\\/wp-content\\\/uploads\\\/2023\\\/04\\\/trucks-g94edcb09c_1280.jpg\",\"contentUrl\":\"https:\\\/\\\/radioleinewelle.de\\\/wp-content\\\/uploads\\\/2023\\\/04\\\/trucks-g94edcb09c_1280.jpg\",\"width\":1280,\"height\":856},{\"@type\":\"BreadcrumbList\",\"@id\":\"https:\\\/\\\/radioleinewelle.de\\\/index.php\\\/2023\\\/04\\\/29\\\/fit-on-tour-truckerstammtisch-der-autobahnpolizei-goettingen-am-03-05\\\/#breadcrumb\",\"itemListElement\":[{\"@type\":\"ListItem\",\"position\":1,\"name\":\"Startseite\",\"item\":\"https:\\\/\\\/radioleinewelle.de\\\/\"},{\"@type\":\"ListItem\",\"position\":2,\"name\":\"&#8222;Fit on Tour&#8220; &#8211; Truckerstammtisch der Autobahnpolizei G\u00f6ttingen am 03.05.\"}]},{\"@type\":\"WebSite\",\"@id\":\"https:\\\/\\\/radioleinewelle.de\\\/#website\",\"url\":\"https:\\\/\\\/radioleinewelle.de\\\/\",\"name\":\"Radio Leinewelle\",\"description\":\"\",\"publisher\":{\"@id\":\"https:\\\/\\\/radioleinewelle.de\\\/#organization\"},\"potentialAction\":[{\"@type\":\"SearchAction\",\"target\":{\"@type\":\"EntryPoint\",\"urlTemplate\":\"https:\\\/\\\/radioleinewelle.de\\\/?s={search_term_string}\"},\"query-input\":{\"@type\":\"PropertyValueSpecification\",\"valueRequired\":true,\"valueName\":\"search_term_string\"}}],\"inLanguage\":\"de\"},{\"@type\":\"Organization\",\"@id\":\"https:\\\/\\\/radioleinewelle.de\\\/#organization\",\"name\":\"Radio Leinewelle\",\"alternateName\":\"Mein Radio f\u00fcr S\u00fcdniedersachsen\",\"url\":\"https:\\\/\\\/radioleinewelle.de\\\/\",\"logo\":{\"@type\":\"ImageObject\",\"inLanguage\":\"de\",\"@id\":\"https:\\\/\\\/radioleinewelle.de\\\/#\\\/schema\\\/logo\\\/image\\\/\",\"url\":\"https:\\\/\\\/radioleinewelle.de\\\/wp-content\\\/uploads\\\/2023\\\/11\\\/cropped-Leinewelle_Logo_weiss.png\",\"contentUrl\":\"https:\\\/\\\/radioleinewelle.de\\\/wp-content\\\/uploads\\\/2023\\\/11\\\/cropped-Leinewelle_Logo_weiss.png\",\"width\":854,\"height\":260,\"caption\":\"Radio Leinewelle\"},\"image\":{\"@id\":\"https:\\\/\\\/radioleinewelle.de\\\/#\\\/schema\\\/logo\\\/image\\\/\"},\"sameAs\":[\"https:\\\/\\\/www.facebook.com\\\/radioleinewelle\",\"https:\\\/\\\/x.com\\\/RLeinewelle\",\"https:\\\/\\\/www.instagram.com\\\/radioleinewelle\\\/?hl=de\"]},{\"@type\":\"Person\",\"@id\":\"https:\\\/\\\/radioleinewelle.de\\\/#\\\/schema\\\/person\\\/45606f348637df637192dc1b68399a63\",\"name\":\"Leinewelle\",\"image\":{\"@type\":\"ImageObject\",\"inLanguage\":\"de\",\"@id\":\"https:\\\/\\\/secure.gravatar.com\\\/avatar\\\/05c9a17bc973052ee5d91549bd32fb4dd0dc85b7b85ae94b2e2b4943476bbea5?s=96&d=blank&r=g\",\"url\":\"https:\\\/\\\/secure.gravatar.com\\\/avatar\\\/05c9a17bc973052ee5d91549bd32fb4dd0dc85b7b85ae94b2e2b4943476bbea5?s=96&d=blank&r=g\",\"contentUrl\":\"https:\\\/\\\/secure.gravatar.com\\\/avatar\\\/05c9a17bc973052ee5d91549bd32fb4dd0dc85b7b85ae94b2e2b4943476bbea5?s=96&d=blank&r=g\",\"caption\":\"Leinewelle\"},\"sameAs\":[\"http:\\\/\\\/localhost\\\/radio%20leinewelle\\\/wordpress\",\"https:\\\/\\\/www.facebook.com\\\/radioleinewelle\",\"https:\\\/\\\/www.instagram.com\\\/radioleinewelle\",\"https:\\\/\\\/x.com\\\/https:\\\/\\\/twitter.com\\\/RLeinewelle?ref_src=twsrcgoogletwcampserptwgrauthor\",\"https:\\\/\\\/soundcloud.com\\\/foerderverein-lokalradio?utm_source=clipboard&utm_medium=text&utm_campaign=social_sharing\"],\"url\":\"https:\\\/\\\/radioleinewelle.de\\\/index.php\\\/author\\\/leinewelle\\\/\"}]}<\/script>\n<!-- \/ Yoast SEO plugin. -->","yoast_head_json":{"title":"\"Fit on Tour\" - Truckerstammtisch der Autobahnpolizei G\u00f6ttingen am 03.05. - Radio Leinewelle","robots":{"index":"index","follow":"follow","max-snippet":"max-snippet:-1","max-image-preview":"max-image-preview:large","max-video-preview":"max-video-preview:-1"},"canonical":"https:\/\/radioleinewelle.de\/index.php\/2023\/04\/29\/fit-on-tour-truckerstammtisch-der-autobahnpolizei-goettingen-am-03-05\/","og_locale":"de_DE","og_type":"article","og_title":"\"Fit on Tour\" - Truckerstammtisch der Autobahnpolizei G\u00f6ttingen am 03.05. - Radio Leinewelle","og_description":"Das Thema Gesunderhaltung trotz Zeitdruck und zunehmenden Widrigkeiten steht ganz im Mittelpunkt des n\u00e4chsten Truckerstammtisches der G\u00f6ttinger Autobahn am kommenden Mittwoch (03.05.23). Die 230. Auflage des Formates findet dieses Mal im Freien statt und l\u00e4dt Interessierte ein, sich an sportlichen \u00dcbungen im und am Lkw aktiv zu beteiligen. Erkl\u00e4rtes gemeines Ziel der eingeladenen Referentinnen Rebecca [&hellip;]","og_url":"https:\/\/radioleinewelle.de\/index.php\/2023\/04\/29\/fit-on-tour-truckerstammtisch-der-autobahnpolizei-goettingen-am-03-05\/","og_site_name":"Radio Leinewelle","article_publisher":"https:\/\/www.facebook.com\/radioleinewelle","article_author":"https:\/\/www.facebook.com\/radioleinewelle","article_published_time":"2023-04-29T10:08:32+00:00","article_modified_time":"2023-04-29T10:10:37+00:00","og_image":[{"width":1280,"height":856,"url":"https:\/\/radioleinewelle.de\/wp-content\/uploads\/2023\/04\/trucks-g94edcb09c_1280.jpg","type":"image\/jpeg"}],"author":"Leinewelle","twitter_card":"summary_large_image","twitter_creator":"@https:\/\/twitter.com\/RLeinewelle?ref_src=twsrcgoogletwcampserptwgrauthor","twitter_site":"@RLeinewelle","twitter_misc":{"Verfasst von":"Leinewelle","Gesch\u00e4tzte Lesezeit":"1\u00a0Minute"},"schema":{"@context":"https:\/\/schema.org","@graph":[{"@type":"Article","@id":"https:\/\/radioleinewelle.de\/index.php\/2023\/04\/29\/fit-on-tour-truckerstammtisch-der-autobahnpolizei-goettingen-am-03-05\/#article","isPartOf":{"@id":"https:\/\/radioleinewelle.de\/index.php\/2023\/04\/29\/fit-on-tour-truckerstammtisch-der-autobahnpolizei-goettingen-am-03-05\/"},"author":{"name":"Leinewelle","@id":"https:\/\/radioleinewelle.de\/#\/schema\/person\/45606f348637df637192dc1b68399a63"},"headline":"&#8222;Fit on Tour&#8220; &#8211; Truckerstammtisch der Autobahnpolizei G\u00f6ttingen am 03.05.","datePublished":"2023-04-29T10:08:32+00:00","dateModified":"2023-04-29T10:10:37+00:00","mainEntityOfPage":{"@id":"https:\/\/radioleinewelle.de\/index.php\/2023\/04\/29\/fit-on-tour-truckerstammtisch-der-autobahnpolizei-goettingen-am-03-05\/"},"wordCount":134,"commentCount":0,"publisher":{"@id":"https:\/\/radioleinewelle.de\/#organization"},"image":{"@id":"https:\/\/radioleinewelle.de\/index.php\/2023\/04\/29\/fit-on-tour-truckerstammtisch-der-autobahnpolizei-goettingen-am-03-05\/#primaryimage"},"thumbnailUrl":"https:\/\/radioleinewelle.de\/wp-content\/uploads\/2023\/04\/trucks-g94edcb09c_1280.jpg","articleSection":["Veranstaltungen"],"inLanguage":"de","potentialAction":[{"@type":"CommentAction","name":"Comment","target":["https:\/\/radioleinewelle.de\/index.php\/2023\/04\/29\/fit-on-tour-truckerstammtisch-der-autobahnpolizei-goettingen-am-03-05\/#respond"]}]},{"@type":"WebPage","@id":"https:\/\/radioleinewelle.de\/index.php\/2023\/04\/29\/fit-on-tour-truckerstammtisch-der-autobahnpolizei-goettingen-am-03-05\/","url":"https:\/\/radioleinewelle.de\/index.php\/2023\/04\/29\/fit-on-tour-truckerstammtisch-der-autobahnpolizei-goettingen-am-03-05\/","name":"\"Fit on Tour\" - Truckerstammtisch der Autobahnpolizei G\u00f6ttingen am 03.05. - Radio Leinewelle","isPartOf":{"@id":"https:\/\/radioleinewelle.de\/#website"},"primaryImageOfPage":{"@id":"https:\/\/radioleinewelle.de\/index.php\/2023\/04\/29\/fit-on-tour-truckerstammtisch-der-autobahnpolizei-goettingen-am-03-05\/#primaryimage"},"image":{"@id":"https:\/\/radioleinewelle.de\/index.php\/2023\/04\/29\/fit-on-tour-truckerstammtisch-der-autobahnpolizei-goettingen-am-03-05\/#primaryimage"},"thumbnailUrl":"https:\/\/radioleinewelle.de\/wp-content\/uploads\/2023\/04\/trucks-g94edcb09c_1280.jpg","datePublished":"2023-04-29T10:08:32+00:00","dateModified":"2023-04-29T10:10:37+00:00","breadcrumb":{"@id":"https:\/\/radioleinewelle.de\/index.php\/2023\/04\/29\/fit-on-tour-truckerstammtisch-der-autobahnpolizei-goettingen-am-03-05\/#breadcrumb"},"inLanguage":"de","potentialAction":[{"@type":"ReadAction","target":["https:\/\/radioleinewelle.de\/index.php\/2023\/04\/29\/fit-on-tour-truckerstammtisch-der-autobahnpolizei-goettingen-am-03-05\/"]}]},{"@type":"ImageObject","inLanguage":"de","@id":"https:\/\/radioleinewelle.de\/index.php\/2023\/04\/29\/fit-on-tour-truckerstammtisch-der-autobahnpolizei-goettingen-am-03-05\/#primaryimage","url":"https:\/\/radioleinewelle.de\/wp-content\/uploads\/2023\/04\/trucks-g94edcb09c_1280.jpg","contentUrl":"https:\/\/radioleinewelle.de\/wp-content\/uploads\/2023\/04\/trucks-g94edcb09c_1280.jpg","width":1280,"height":856},{"@type":"BreadcrumbList","@id":"https:\/\/radioleinewelle.de\/index.php\/2023\/04\/29\/fit-on-tour-truckerstammtisch-der-autobahnpolizei-goettingen-am-03-05\/#breadcrumb","itemListElement":[{"@type":"ListItem","position":1,"name":"Startseite","item":"https:\/\/radioleinewelle.de\/"},{"@type":"ListItem","position":2,"name":"&#8222;Fit on Tour&#8220; &#8211; Truckerstammtisch der Autobahnpolizei G\u00f6ttingen am 03.05."}]},{"@type":"WebSite","@id":"https:\/\/radioleinewelle.de\/#website","url":"https:\/\/radioleinewelle.de\/","name":"Radio Leinewelle","description":"","publisher":{"@id":"https:\/\/radioleinewelle.de\/#organization"},"potentialAction":[{"@type":"SearchAction","target":{"@type":"EntryPoint","urlTemplate":"https:\/\/radioleinewelle.de\/?s={search_term_string}"},"query-input":{"@type":"PropertyValueSpecification","valueRequired":true,"valueName":"search_term_string"}}],"inLanguage":"de"},{"@type":"Organization","@id":"https:\/\/radioleinewelle.de\/#organization","name":"Radio Leinewelle","alternateName":"Mein Radio f\u00fcr S\u00fcdniedersachsen","url":"https:\/\/radioleinewelle.de\/","logo":{"@type":"ImageObject","inLanguage":"de","@id":"https:\/\/radioleinewelle.de\/#\/schema\/logo\/image\/","url":"https:\/\/radioleinewelle.de\/wp-content\/uploads\/2023\/11\/cropped-Leinewelle_Logo_weiss.png","contentUrl":"https:\/\/radioleinewelle.de\/wp-content\/uploads\/2023\/11\/cropped-Leinewelle_Logo_weiss.png","width":854,"height":260,"caption":"Radio Leinewelle"},"image":{"@id":"https:\/\/radioleinewelle.de\/#\/schema\/logo\/image\/"},"sameAs":["https:\/\/www.facebook.com\/radioleinewelle","https:\/\/x.com\/RLeinewelle","https:\/\/www.instagram.com\/radioleinewelle\/?hl=de"]},{"@type":"Person","@id":"https:\/\/radioleinewelle.de\/#\/schema\/person\/45606f348637df637192dc1b68399a63","name":"Leinewelle","image":{"@type":"ImageObject","inLanguage":"de","@id":"https:\/\/secure.gravatar.com\/avatar\/05c9a17bc973052ee5d91549bd32fb4dd0dc85b7b85ae94b2e2b4943476bbea5?s=96&d=blank&r=g","url":"https:\/\/secure.gravatar.com\/avatar\/05c9a17bc973052ee5d91549bd32fb4dd0dc85b7b85ae94b2e2b4943476bbea5?s=96&d=blank&r=g","contentUrl":"https:\/\/secure.gravatar.com\/avatar\/05c9a17bc973052ee5d91549bd32fb4dd0dc85b7b85ae94b2e2b4943476bbea5?s=96&d=blank&r=g","caption":"Leinewelle"},"sameAs":["http:\/\/localhost\/radio%20leinewelle\/wordpress","https:\/\/www.facebook.com\/radioleinewelle","https:\/\/www.instagram.com\/radioleinewelle","https:\/\/x.com\/https:\/\/twitter.com\/RLeinewelle?ref_src=twsrcgoogletwcampserptwgrauthor","https:\/\/soundcloud.com\/foerderverein-lokalradio?utm_source=clipboard&utm_medium=text&utm_campaign=social_sharing"],"url":"https:\/\/radioleinewelle.de\/index.php\/author\/leinewelle\/"}]}},"_links":{"self":[{"href":"https:\/\/radioleinewelle.de\/index.php\/wp-json\/wp\/v2\/posts\/22513","targetHints":{"allow":["GET"]}}],"collection":[{"href":"https:\/\/radioleinewelle.de\/index.php\/wp-json\/wp\/v2\/posts"}],"about":[{"href":"https:\/\/radioleinewelle.de\/index.php\/wp-json\/wp\/v2\/types\/post"}],"author":[{"embeddable":true,"href":"https:\/\/radioleinewelle.de\/index.php\/wp-json\/wp\/v2\/users\/1"}],"replies":[{"embeddable":true,"href":"https:\/\/radioleinewelle.de\/index.php\/wp-json\/wp\/v2\/comments?post=22513"}],"version-history":[{"count":2,"href":"https:\/\/radioleinewelle.de\/index.php\/wp-json\/wp\/v2\/posts\/22513\/revisions"}],"predecessor-version":[{"id":22515,"href":"https:\/\/radioleinewelle.de\/index.php\/wp-json\/wp\/v2\/posts\/22513\/revisions\/22515"}],"wp:featuredmedia":[{"embeddable":true,"href":"https:\/\/radioleinewelle.de\/index.php\/wp-json\/wp\/v2\/media\/22516"}],"wp:attachment":[{"href":"https:\/\/radioleinewelle.de\/index.php\/wp-json\/wp\/v2\/media?parent=22513"}],"wp:term":[{"taxonomy":"category","embeddable":true,"href":"https:\/\/radioleinewelle.de\/index.php\/wp-json\/wp\/v2\/categories?post=22513"},{"taxonomy":"post_tag","embeddable":true,"href":"https:\/\/radioleinewelle.de\/index.php\/wp-json\/wp\/v2\/tags?post=22513"}],"curies":[{"name":"wp","href":"https:\/\/api.w.org\/{rel}","templated":true}]}}