{"id":22517,"date":"2023-04-29T12:48:07","date_gmt":"2023-04-29T10:48:07","guid":{"rendered":"https:\/\/radioleinewelle.de\/?p=22517"},"modified":"2023-04-29T12:50:19","modified_gmt":"2023-04-29T10:50:19","slug":"zukunftstag-bei-radio-leinewelle","status":"publish","type":"post","link":"https:\/\/radioleinewelle.de\/index.php\/2023\/04\/29\/zukunftstag-bei-radio-leinewelle\/","title":{"rendered":"Zukunftstag bei Radio Leinewelle"},"content":{"rendered":"\n<p>Viel Spa\u00df hatten alle Beteiligten beim Zukunftstag bei Radio Leinewelle. Nach der ersten Einweisung im Studio in der Geiststr. ging es z\u00fcgig in die Praxis. In der Universit\u00e4tsklinik G\u00f6ttingen besuchte das Reporter*innenteam die dort aufgebauten Stationen des Pflegedienstes und befragte die Krankenschwestern \u00fcber ihren Arbeitsalltag. Die UMG verzeichnete mit \u00fcber 170 Sch\u00fcler*innen die bisher h\u00f6chsten Anmeldezahlen bei einem Zukunftstag. Nach den Interviews ging es schnell zur\u00fcck ins Studio um die aufgenommenen Beitr\u00e4ge zu schneiden und in eine zweist\u00fcndige Sendung einzubauen. Das Ergebnis k\u00f6nnt ihr am Montag den 01.05. ab 18 Uhr auf Radio Leinewelle h\u00f6ren.<\/p>\n\n\n\n<p><strong>Foto:<\/strong> Jonas, Lana Jean, Torsten und Ben Luca bei der Produktion der Sendung \u00a9Radio Leinewelle (ue)<\/p>\n","protected":false},"excerpt":{"rendered":"<p>Viel Spa\u00df hatten alle Beteiligten beim Zukunftstag bei Radio Leinewelle. Nach der ersten Einweisung im Studio in der Geiststr. ging es z\u00fcgig in die Praxis. In der Universit\u00e4tsklinik G\u00f6ttingen besuchte das Reporter*innenteam die dort aufgebauten Stationen des Pflegedienstes und befragte die Krankenschwestern \u00fcber ihren Arbeitsalltag. Die UMG verzeichnete mit \u00fcber 170 Sch\u00fcler*innen die bisher h\u00f6chsten [&hellip;]<\/p>\n","protected":false},"author":1,"featured_media":22519,"comment_status":"open","ping_status":"open","sticky":false,"template":"","format":"standard","meta":{"saved_in_kubio":false,"footnotes":""},"categories":[29],"tags":[],"class_list":["post-22517","post","type-post","status-publish","format-standard","has-post-thumbnail","hentry","category-on-air"],"yoast_head":"<!-- This site is optimized with the Yoast SEO plugin v27.5 - https:\/\/yoast.com\/product\/yoast-seo-wordpress\/ -->\n<title>Zukunftstag bei Radio Leinewelle - Radio Leinewelle<\/title>\n<meta name=\"robots\" content=\"index, follow, max-snippet:-1, max-image-preview:large, max-video-preview:-1\" \/>\n<link rel=\"canonical\" href=\"https:\/\/radioleinewelle.de\/index.php\/2023\/04\/29\/zukunftstag-bei-radio-leinewelle\/\" \/>\n<meta property=\"og:locale\" content=\"de_DE\" \/>\n<meta property=\"og:type\" content=\"article\" \/>\n<meta property=\"og:title\" content=\"Zukunftstag bei Radio Leinewelle - Radio Leinewelle\" \/>\n<meta property=\"og:description\" content=\"Viel Spa\u00df hatten alle Beteiligten beim Zukunftstag bei Radio Leinewelle. Nach der ersten Einweisung im Studio in der Geiststr. ging es z\u00fcgig in die Praxis. In der Universit\u00e4tsklinik G\u00f6ttingen besuchte das Reporter*innenteam die dort aufgebauten Stationen des Pflegedienstes und befragte die Krankenschwestern \u00fcber ihren Arbeitsalltag. Die UMG verzeichnete mit \u00fcber 170 Sch\u00fcler*innen die bisher h\u00f6chsten [&hellip;]\" \/>\n<meta property=\"og:url\" content=\"https:\/\/radioleinewelle.de\/index.php\/2023\/04\/29\/zukunftstag-bei-radio-leinewelle\/\" \/>\n<meta property=\"og:site_name\" content=\"Radio Leinewelle\" \/>\n<meta property=\"article:publisher\" content=\"https:\/\/www.facebook.com\/radioleinewelle\" \/>\n<meta property=\"article:author\" content=\"https:\/\/www.facebook.com\/radioleinewelle\" \/>\n<meta property=\"article:published_time\" content=\"2023-04-29T10:48:07+00:00\" \/>\n<meta property=\"article:modified_time\" content=\"2023-04-29T10:50:19+00:00\" \/>\n<meta property=\"og:image\" content=\"https:\/\/radioleinewelle.de\/wp-content\/uploads\/2023\/04\/Zukunftstag-2023-e1682765400760.jpg\" \/>\n\t<meta property=\"og:image:width\" content=\"754\" \/>\n\t<meta property=\"og:image:height\" content=\"500\" \/>\n\t<meta property=\"og:image:type\" content=\"image\/jpeg\" \/>\n<meta name=\"author\" content=\"Leinewelle\" \/>\n<meta name=\"twitter:card\" content=\"summary_large_image\" \/>\n<meta name=\"twitter:creator\" content=\"@https:\/\/twitter.com\/RLeinewelle?ref_src=twsrcgoogletwcampserptwgrauthor\" \/>\n<meta name=\"twitter:site\" content=\"@RLeinewelle\" \/>\n<meta name=\"twitter:label1\" content=\"Verfasst von\" \/>\n\t<meta name=\"twitter:data1\" content=\"Leinewelle\" \/>\n\t<meta name=\"twitter:label2\" content=\"Gesch\u00e4tzte Lesezeit\" \/>\n\t<meta name=\"twitter:data2\" content=\"1\u00a0Minute\" \/>\n<script type=\"application\/ld+json\" class=\"yoast-schema-graph\">{\"@context\":\"https:\\\/\\\/schema.org\",\"@graph\":[{\"@type\":\"Article\",\"@id\":\"https:\\\/\\\/radioleinewelle.de\\\/index.php\\\/2023\\\/04\\\/29\\\/zukunftstag-bei-radio-leinewelle\\\/#article\",\"isPartOf\":{\"@id\":\"https:\\\/\\\/radioleinewelle.de\\\/index.php\\\/2023\\\/04\\\/29\\\/zukunftstag-bei-radio-leinewelle\\\/\"},\"author\":{\"name\":\"Leinewelle\",\"@id\":\"https:\\\/\\\/radioleinewelle.de\\\/#\\\/schema\\\/person\\\/45606f348637df637192dc1b68399a63\"},\"headline\":\"Zukunftstag bei Radio Leinewelle\",\"datePublished\":\"2023-04-29T10:48:07+00:00\",\"dateModified\":\"2023-04-29T10:50:19+00:00\",\"mainEntityOfPage\":{\"@id\":\"https:\\\/\\\/radioleinewelle.de\\\/index.php\\\/2023\\\/04\\\/29\\\/zukunftstag-bei-radio-leinewelle\\\/\"},\"wordCount\":124,\"commentCount\":0,\"publisher\":{\"@id\":\"https:\\\/\\\/radioleinewelle.de\\\/#organization\"},\"image\":{\"@id\":\"https:\\\/\\\/radioleinewelle.de\\\/index.php\\\/2023\\\/04\\\/29\\\/zukunftstag-bei-radio-leinewelle\\\/#primaryimage\"},\"thumbnailUrl\":\"https:\\\/\\\/radioleinewelle.de\\\/wp-content\\\/uploads\\\/2023\\\/04\\\/Zukunftstag-2023-e1682765400760.jpg\",\"articleSection\":[\"On Air\"],\"inLanguage\":\"de\",\"potentialAction\":[{\"@type\":\"CommentAction\",\"name\":\"Comment\",\"target\":[\"https:\\\/\\\/radioleinewelle.de\\\/index.php\\\/2023\\\/04\\\/29\\\/zukunftstag-bei-radio-leinewelle\\\/#respond\"]}]},{\"@type\":\"WebPage\",\"@id\":\"https:\\\/\\\/radioleinewelle.de\\\/index.php\\\/2023\\\/04\\\/29\\\/zukunftstag-bei-radio-leinewelle\\\/\",\"url\":\"https:\\\/\\\/radioleinewelle.de\\\/index.php\\\/2023\\\/04\\\/29\\\/zukunftstag-bei-radio-leinewelle\\\/\",\"name\":\"Zukunftstag bei Radio Leinewelle - Radio Leinewelle\",\"isPartOf\":{\"@id\":\"https:\\\/\\\/radioleinewelle.de\\\/#website\"},\"primaryImageOfPage\":{\"@id\":\"https:\\\/\\\/radioleinewelle.de\\\/index.php\\\/2023\\\/04\\\/29\\\/zukunftstag-bei-radio-leinewelle\\\/#primaryimage\"},\"image\":{\"@id\":\"https:\\\/\\\/radioleinewelle.de\\\/index.php\\\/2023\\\/04\\\/29\\\/zukunftstag-bei-radio-leinewelle\\\/#primaryimage\"},\"thumbnailUrl\":\"https:\\\/\\\/radioleinewelle.de\\\/wp-content\\\/uploads\\\/2023\\\/04\\\/Zukunftstag-2023-e1682765400760.jpg\",\"datePublished\":\"2023-04-29T10:48:07+00:00\",\"dateModified\":\"2023-04-29T10:50:19+00:00\",\"breadcrumb\":{\"@id\":\"https:\\\/\\\/radioleinewelle.de\\\/index.php\\\/2023\\\/04\\\/29\\\/zukunftstag-bei-radio-leinewelle\\\/#breadcrumb\"},\"inLanguage\":\"de\",\"potentialAction\":[{\"@type\":\"ReadAction\",\"target\":[\"https:\\\/\\\/radioleinewelle.de\\\/index.php\\\/2023\\\/04\\\/29\\\/zukunftstag-bei-radio-leinewelle\\\/\"]}]},{\"@type\":\"ImageObject\",\"inLanguage\":\"de\",\"@id\":\"https:\\\/\\\/radioleinewelle.de\\\/index.php\\\/2023\\\/04\\\/29\\\/zukunftstag-bei-radio-leinewelle\\\/#primaryimage\",\"url\":\"https:\\\/\\\/radioleinewelle.de\\\/wp-content\\\/uploads\\\/2023\\\/04\\\/Zukunftstag-2023-e1682765400760.jpg\",\"contentUrl\":\"https:\\\/\\\/radioleinewelle.de\\\/wp-content\\\/uploads\\\/2023\\\/04\\\/Zukunftstag-2023-e1682765400760.jpg\",\"width\":754,\"height\":500},{\"@type\":\"BreadcrumbList\",\"@id\":\"https:\\\/\\\/radioleinewelle.de\\\/index.php\\\/2023\\\/04\\\/29\\\/zukunftstag-bei-radio-leinewelle\\\/#breadcrumb\",\"itemListElement\":[{\"@type\":\"ListItem\",\"position\":1,\"name\":\"Startseite\",\"item\":\"https:\\\/\\\/radioleinewelle.de\\\/\"},{\"@type\":\"ListItem\",\"position\":2,\"name\":\"Zukunftstag bei Radio Leinewelle\"}]},{\"@type\":\"WebSite\",\"@id\":\"https:\\\/\\\/radioleinewelle.de\\\/#website\",\"url\":\"https:\\\/\\\/radioleinewelle.de\\\/\",\"name\":\"Radio Leinewelle\",\"description\":\"\",\"publisher\":{\"@id\":\"https:\\\/\\\/radioleinewelle.de\\\/#organization\"},\"potentialAction\":[{\"@type\":\"SearchAction\",\"target\":{\"@type\":\"EntryPoint\",\"urlTemplate\":\"https:\\\/\\\/radioleinewelle.de\\\/?s={search_term_string}\"},\"query-input\":{\"@type\":\"PropertyValueSpecification\",\"valueRequired\":true,\"valueName\":\"search_term_string\"}}],\"inLanguage\":\"de\"},{\"@type\":\"Organization\",\"@id\":\"https:\\\/\\\/radioleinewelle.de\\\/#organization\",\"name\":\"Radio Leinewelle\",\"alternateName\":\"Mein Radio f\u00fcr S\u00fcdniedersachsen\",\"url\":\"https:\\\/\\\/radioleinewelle.de\\\/\",\"logo\":{\"@type\":\"ImageObject\",\"inLanguage\":\"de\",\"@id\":\"https:\\\/\\\/radioleinewelle.de\\\/#\\\/schema\\\/logo\\\/image\\\/\",\"url\":\"https:\\\/\\\/radioleinewelle.de\\\/wp-content\\\/uploads\\\/2023\\\/11\\\/cropped-Leinewelle_Logo_weiss.png\",\"contentUrl\":\"https:\\\/\\\/radioleinewelle.de\\\/wp-content\\\/uploads\\\/2023\\\/11\\\/cropped-Leinewelle_Logo_weiss.png\",\"width\":854,\"height\":260,\"caption\":\"Radio Leinewelle\"},\"image\":{\"@id\":\"https:\\\/\\\/radioleinewelle.de\\\/#\\\/schema\\\/logo\\\/image\\\/\"},\"sameAs\":[\"https:\\\/\\\/www.facebook.com\\\/radioleinewelle\",\"https:\\\/\\\/x.com\\\/RLeinewelle\",\"https:\\\/\\\/www.instagram.com\\\/radioleinewelle\\\/?hl=de\"]},{\"@type\":\"Person\",\"@id\":\"https:\\\/\\\/radioleinewelle.de\\\/#\\\/schema\\\/person\\\/45606f348637df637192dc1b68399a63\",\"name\":\"Leinewelle\",\"image\":{\"@type\":\"ImageObject\",\"inLanguage\":\"de\",\"@id\":\"https:\\\/\\\/secure.gravatar.com\\\/avatar\\\/05c9a17bc973052ee5d91549bd32fb4dd0dc85b7b85ae94b2e2b4943476bbea5?s=96&d=blank&r=g\",\"url\":\"https:\\\/\\\/secure.gravatar.com\\\/avatar\\\/05c9a17bc973052ee5d91549bd32fb4dd0dc85b7b85ae94b2e2b4943476bbea5?s=96&d=blank&r=g\",\"contentUrl\":\"https:\\\/\\\/secure.gravatar.com\\\/avatar\\\/05c9a17bc973052ee5d91549bd32fb4dd0dc85b7b85ae94b2e2b4943476bbea5?s=96&d=blank&r=g\",\"caption\":\"Leinewelle\"},\"sameAs\":[\"http:\\\/\\\/localhost\\\/radio%20leinewelle\\\/wordpress\",\"https:\\\/\\\/www.facebook.com\\\/radioleinewelle\",\"https:\\\/\\\/www.instagram.com\\\/radioleinewelle\",\"https:\\\/\\\/x.com\\\/https:\\\/\\\/twitter.com\\\/RLeinewelle?ref_src=twsrcgoogletwcampserptwgrauthor\",\"https:\\\/\\\/soundcloud.com\\\/foerderverein-lokalradio?utm_source=clipboard&utm_medium=text&utm_campaign=social_sharing\"],\"url\":\"https:\\\/\\\/radioleinewelle.de\\\/index.php\\\/author\\\/leinewelle\\\/\"}]}<\/script>\n<!-- \/ Yoast SEO plugin. -->","yoast_head_json":{"title":"Zukunftstag bei Radio Leinewelle - Radio Leinewelle","robots":{"index":"index","follow":"follow","max-snippet":"max-snippet:-1","max-image-preview":"max-image-preview:large","max-video-preview":"max-video-preview:-1"},"canonical":"https:\/\/radioleinewelle.de\/index.php\/2023\/04\/29\/zukunftstag-bei-radio-leinewelle\/","og_locale":"de_DE","og_type":"article","og_title":"Zukunftstag bei Radio Leinewelle - Radio Leinewelle","og_description":"Viel Spa\u00df hatten alle Beteiligten beim Zukunftstag bei Radio Leinewelle. Nach der ersten Einweisung im Studio in der Geiststr. ging es z\u00fcgig in die Praxis. In der Universit\u00e4tsklinik G\u00f6ttingen besuchte das Reporter*innenteam die dort aufgebauten Stationen des Pflegedienstes und befragte die Krankenschwestern \u00fcber ihren Arbeitsalltag. Die UMG verzeichnete mit \u00fcber 170 Sch\u00fcler*innen die bisher h\u00f6chsten [&hellip;]","og_url":"https:\/\/radioleinewelle.de\/index.php\/2023\/04\/29\/zukunftstag-bei-radio-leinewelle\/","og_site_name":"Radio Leinewelle","article_publisher":"https:\/\/www.facebook.com\/radioleinewelle","article_author":"https:\/\/www.facebook.com\/radioleinewelle","article_published_time":"2023-04-29T10:48:07+00:00","article_modified_time":"2023-04-29T10:50:19+00:00","og_image":[{"width":754,"height":500,"url":"https:\/\/radioleinewelle.de\/wp-content\/uploads\/2023\/04\/Zukunftstag-2023-e1682765400760.jpg","type":"image\/jpeg"}],"author":"Leinewelle","twitter_card":"summary_large_image","twitter_creator":"@https:\/\/twitter.com\/RLeinewelle?ref_src=twsrcgoogletwcampserptwgrauthor","twitter_site":"@RLeinewelle","twitter_misc":{"Verfasst von":"Leinewelle","Gesch\u00e4tzte Lesezeit":"1\u00a0Minute"},"schema":{"@context":"https:\/\/schema.org","@graph":[{"@type":"Article","@id":"https:\/\/radioleinewelle.de\/index.php\/2023\/04\/29\/zukunftstag-bei-radio-leinewelle\/#article","isPartOf":{"@id":"https:\/\/radioleinewelle.de\/index.php\/2023\/04\/29\/zukunftstag-bei-radio-leinewelle\/"},"author":{"name":"Leinewelle","@id":"https:\/\/radioleinewelle.de\/#\/schema\/person\/45606f348637df637192dc1b68399a63"},"headline":"Zukunftstag bei Radio Leinewelle","datePublished":"2023-04-29T10:48:07+00:00","dateModified":"2023-04-29T10:50:19+00:00","mainEntityOfPage":{"@id":"https:\/\/radioleinewelle.de\/index.php\/2023\/04\/29\/zukunftstag-bei-radio-leinewelle\/"},"wordCount":124,"commentCount":0,"publisher":{"@id":"https:\/\/radioleinewelle.de\/#organization"},"image":{"@id":"https:\/\/radioleinewelle.de\/index.php\/2023\/04\/29\/zukunftstag-bei-radio-leinewelle\/#primaryimage"},"thumbnailUrl":"https:\/\/radioleinewelle.de\/wp-content\/uploads\/2023\/04\/Zukunftstag-2023-e1682765400760.jpg","articleSection":["On Air"],"inLanguage":"de","potentialAction":[{"@type":"CommentAction","name":"Comment","target":["https:\/\/radioleinewelle.de\/index.php\/2023\/04\/29\/zukunftstag-bei-radio-leinewelle\/#respond"]}]},{"@type":"WebPage","@id":"https:\/\/radioleinewelle.de\/index.php\/2023\/04\/29\/zukunftstag-bei-radio-leinewelle\/","url":"https:\/\/radioleinewelle.de\/index.php\/2023\/04\/29\/zukunftstag-bei-radio-leinewelle\/","name":"Zukunftstag bei Radio Leinewelle - Radio Leinewelle","isPartOf":{"@id":"https:\/\/radioleinewelle.de\/#website"},"primaryImageOfPage":{"@id":"https:\/\/radioleinewelle.de\/index.php\/2023\/04\/29\/zukunftstag-bei-radio-leinewelle\/#primaryimage"},"image":{"@id":"https:\/\/radioleinewelle.de\/index.php\/2023\/04\/29\/zukunftstag-bei-radio-leinewelle\/#primaryimage"},"thumbnailUrl":"https:\/\/radioleinewelle.de\/wp-content\/uploads\/2023\/04\/Zukunftstag-2023-e1682765400760.jpg","datePublished":"2023-04-29T10:48:07+00:00","dateModified":"2023-04-29T10:50:19+00:00","breadcrumb":{"@id":"https:\/\/radioleinewelle.de\/index.php\/2023\/04\/29\/zukunftstag-bei-radio-leinewelle\/#breadcrumb"},"inLanguage":"de","potentialAction":[{"@type":"ReadAction","target":["https:\/\/radioleinewelle.de\/index.php\/2023\/04\/29\/zukunftstag-bei-radio-leinewelle\/"]}]},{"@type":"ImageObject","inLanguage":"de","@id":"https:\/\/radioleinewelle.de\/index.php\/2023\/04\/29\/zukunftstag-bei-radio-leinewelle\/#primaryimage","url":"https:\/\/radioleinewelle.de\/wp-content\/uploads\/2023\/04\/Zukunftstag-2023-e1682765400760.jpg","contentUrl":"https:\/\/radioleinewelle.de\/wp-content\/uploads\/2023\/04\/Zukunftstag-2023-e1682765400760.jpg","width":754,"height":500},{"@type":"BreadcrumbList","@id":"https:\/\/radioleinewelle.de\/index.php\/2023\/04\/29\/zukunftstag-bei-radio-leinewelle\/#breadcrumb","itemListElement":[{"@type":"ListItem","position":1,"name":"Startseite","item":"https:\/\/radioleinewelle.de\/"},{"@type":"ListItem","position":2,"name":"Zukunftstag bei Radio Leinewelle"}]},{"@type":"WebSite","@id":"https:\/\/radioleinewelle.de\/#website","url":"https:\/\/radioleinewelle.de\/","name":"Radio Leinewelle","description":"","publisher":{"@id":"https:\/\/radioleinewelle.de\/#organization"},"potentialAction":[{"@type":"SearchAction","target":{"@type":"EntryPoint","urlTemplate":"https:\/\/radioleinewelle.de\/?s={search_term_string}"},"query-input":{"@type":"PropertyValueSpecification","valueRequired":true,"valueName":"search_term_string"}}],"inLanguage":"de"},{"@type":"Organization","@id":"https:\/\/radioleinewelle.de\/#organization","name":"Radio Leinewelle","alternateName":"Mein Radio f\u00fcr S\u00fcdniedersachsen","url":"https:\/\/radioleinewelle.de\/","logo":{"@type":"ImageObject","inLanguage":"de","@id":"https:\/\/radioleinewelle.de\/#\/schema\/logo\/image\/","url":"https:\/\/radioleinewelle.de\/wp-content\/uploads\/2023\/11\/cropped-Leinewelle_Logo_weiss.png","contentUrl":"https:\/\/radioleinewelle.de\/wp-content\/uploads\/2023\/11\/cropped-Leinewelle_Logo_weiss.png","width":854,"height":260,"caption":"Radio Leinewelle"},"image":{"@id":"https:\/\/radioleinewelle.de\/#\/schema\/logo\/image\/"},"sameAs":["https:\/\/www.facebook.com\/radioleinewelle","https:\/\/x.com\/RLeinewelle","https:\/\/www.instagram.com\/radioleinewelle\/?hl=de"]},{"@type":"Person","@id":"https:\/\/radioleinewelle.de\/#\/schema\/person\/45606f348637df637192dc1b68399a63","name":"Leinewelle","image":{"@type":"ImageObject","inLanguage":"de","@id":"https:\/\/secure.gravatar.com\/avatar\/05c9a17bc973052ee5d91549bd32fb4dd0dc85b7b85ae94b2e2b4943476bbea5?s=96&d=blank&r=g","url":"https:\/\/secure.gravatar.com\/avatar\/05c9a17bc973052ee5d91549bd32fb4dd0dc85b7b85ae94b2e2b4943476bbea5?s=96&d=blank&r=g","contentUrl":"https:\/\/secure.gravatar.com\/avatar\/05c9a17bc973052ee5d91549bd32fb4dd0dc85b7b85ae94b2e2b4943476bbea5?s=96&d=blank&r=g","caption":"Leinewelle"},"sameAs":["http:\/\/localhost\/radio%20leinewelle\/wordpress","https:\/\/www.facebook.com\/radioleinewelle","https:\/\/www.instagram.com\/radioleinewelle","https:\/\/x.com\/https:\/\/twitter.com\/RLeinewelle?ref_src=twsrcgoogletwcampserptwgrauthor","https:\/\/soundcloud.com\/foerderverein-lokalradio?utm_source=clipboard&utm_medium=text&utm_campaign=social_sharing"],"url":"https:\/\/radioleinewelle.de\/index.php\/author\/leinewelle\/"}]}},"_links":{"self":[{"href":"https:\/\/radioleinewelle.de\/index.php\/wp-json\/wp\/v2\/posts\/22517","targetHints":{"allow":["GET"]}}],"collection":[{"href":"https:\/\/radioleinewelle.de\/index.php\/wp-json\/wp\/v2\/posts"}],"about":[{"href":"https:\/\/radioleinewelle.de\/index.php\/wp-json\/wp\/v2\/types\/post"}],"author":[{"embeddable":true,"href":"https:\/\/radioleinewelle.de\/index.php\/wp-json\/wp\/v2\/users\/1"}],"replies":[{"embeddable":true,"href":"https:\/\/radioleinewelle.de\/index.php\/wp-json\/wp\/v2\/comments?post=22517"}],"version-history":[{"count":2,"href":"https:\/\/radioleinewelle.de\/index.php\/wp-json\/wp\/v2\/posts\/22517\/revisions"}],"predecessor-version":[{"id":22520,"href":"https:\/\/radioleinewelle.de\/index.php\/wp-json\/wp\/v2\/posts\/22517\/revisions\/22520"}],"wp:featuredmedia":[{"embeddable":true,"href":"https:\/\/radioleinewelle.de\/index.php\/wp-json\/wp\/v2\/media\/22519"}],"wp:attachment":[{"href":"https:\/\/radioleinewelle.de\/index.php\/wp-json\/wp\/v2\/media?parent=22517"}],"wp:term":[{"taxonomy":"category","embeddable":true,"href":"https:\/\/radioleinewelle.de\/index.php\/wp-json\/wp\/v2\/categories?post=22517"},{"taxonomy":"post_tag","embeddable":true,"href":"https:\/\/radioleinewelle.de\/index.php\/wp-json\/wp\/v2\/tags?post=22517"}],"curies":[{"name":"wp","href":"https:\/\/api.w.org\/{rel}","templated":true}]}}