{"id":2257,"date":"2020-10-12T05:11:40","date_gmt":"2020-10-12T03:11:40","guid":{"rendered":"https:\/\/radioleinewelle.de\/?p=2257"},"modified":"2020-10-12T05:11:40","modified_gmt":"2020-10-12T03:11:40","slug":"zu-den-demonstrationen-am-samstag-in-einbeck","status":"publish","type":"post","link":"https:\/\/radioleinewelle.de\/index.php\/2020\/10\/12\/zu-den-demonstrationen-am-samstag-in-einbeck\/","title":{"rendered":"Zu den Demonstrationen am Samstag in Einbeck"},"content":{"rendered":"<p>EINBECK (k\u00f6h) &#8211; Am vergangenen Sonnabend kam es im Einbecker Stadtgebiet zu versammlungsrechtlichen Aktionen. Dazu teilt die Polizeidirektion folgendes mit:<\/p>\n<p>Die Partei &#8222;Die Rechte- Kreisverband Einbeck\/Northeim&#8220; f\u00fchrte von 11.00 Uhr bis 13.30 Uhr auf dem Hallenplan eine station\u00e4re Kundgebung mit 21 Teilnehmenden durch. Zu einem offenen Gegenprotest kam es nicht. Die Beschr\u00e4nkungen aus dem Versammlungsbescheid der Stadt Einbeck wurden nachhaltig \u00fcberpr\u00fcft und \u00fcberwacht. Dazu z\u00e4hlten neben den Regelungen des Gesundheitsschutzes auch die Bestimmungen der maximalen Lautst\u00e4rke sowie der Inhalte der sieben Redebeitr\u00e4ge. Aufgrund staatsschutzpolizeilicher Vorerkenntnisse wurde ein benannter Ordner abgelehnt.<\/p>\n<p>Nachdem die Kundgebung f\u00fcr beendet erkl\u00e4rt wurde, meldete die Partei &#8222;Die Rechte&#8220; eine Spontanversammlung an, die durch polizeiliche Einsatzkr\u00e4fte nach einem erfolgten Koordinierungsgespr\u00e4ch bis in die H\u00e4gerstra\u00dfe begleitet wurde. Hier fanden abschlie\u00dfende Redebeitr\u00e4ge ohne Au\u00dfenwirkung statt.<\/p>\n<p>Gegen 15.00 Uhr startete der Aufzug unter dem Motto &#8222;Solidarisch k\u00e4mpfen! Neonazi-Gewalt stoppen in Einbeck und anderswo!&#8220; mit ca. 290 Teilnehmenden am Einbecker Bahnhof. Bereits vor Beginn des Aufzuges musste die Versammlungsleiterin auf die Beachtung mehrerer Beschr\u00e4nkungen hingewiesen werden. Dazu z\u00e4hlten u.a. die Bestimmungen des Infektionsschutzgesetzes mit Blick auf die vollst\u00e4ndige F\u00fchrung der Anwesenheitsliste und die Benennung der erforderlichen Ordner. Die Versammlungsleiterin kam der Aufforderung nur z\u00f6gerlich nach. Im weiteren Verlauf hielt der Aufzug entgegen der Beschr\u00e4nkungen der Stadt Einbeck den ersten Ort der Zwischenkundgebung nicht ein, bevor im Bereich der H\u00e4gerstra\u00dfe und des Marktplatzes aus dem Aufzug heraus insgesamt vier Nebelt\u00f6pfe gez\u00fcndet wurden. Ferner versuchte der Aufzug im Bereich der H\u00e4gerstra\u00dfe die Polizeikette zu \u00fcberwinden. Dieser Versuch wurde durch den Einsatz einfacher k\u00f6rperlicher Gewalt verhindert. Aus Eigensicherungsgr\u00fcnden setzten die Polizeikr\u00e4fte Helme auf. Durch das Z\u00fcnden der Nebelt\u00f6pfe wurden Strafverfahren nach dem Sprengstoffgesetz und wegen des Verdachtes der gef\u00e4hrlichen K\u00f6rperverletzung eingeleitet. Im Rahmen der Identit\u00e4tsfeststellungen, nach Ende des Aufzuges am Bahnhof Einbeck, kam es zu Solidarisierungsaktionen nicht betroffener ehemaliger Aufzugsteilnehmer. Die Polizei musste zur Durchsetzung der Identit\u00e4tsfeststellungen einfache k\u00f6rperliche Gewalt anwenden, um die Ma\u00dfnahmen konsequent durchsetzen zu k\u00f6nnen. Zum jetzigen Zeitpunkt konnten zwei Tatverd\u00e4chtige ermittelt werden.<\/p>\n<p>Weiterhin kam es zur Einleitung eines Strafverfahrens nach dem Strafgesetzbuch gegen einen Unbeteiligten nach dem Zeigen des sog. &#8222;Hitlergru\u00dfes&#8220;. Die Ermittlungen diesbez\u00fcglich werden durch das Staatsschutzkommissariat gef\u00fchrt.<\/p>\n<p>&#8222;Die Polizei Northeim hat am 10. Juni 2020 mit der Festnahme der beiden Rechtsextremisten nach dem Sprengstoffanschlag ein deutliches Zeichen f\u00fcr die Bek\u00e4mpfung des Rechtsextremismus gesetzt. Wir haben im Vorfeld der Versammlungen deutlich gemacht, dass wir auf Kooperation und Deeskalation setzen. Mehr als unverst\u00e4ndlich ist daher, dass die Aufzugsteilnehmenden die u.a. aus Hannover, G\u00f6ttingen, Hildesheim und Kassel angereist waren, mehrere Nebelt\u00f6pfe z\u00fcndeten, damit Straftaten begingen und sich wiederholt nicht an Beschr\u00e4nkungen hielten. Wir haben diese Straftaten konsequent verfolgt. Die Chronologie der Ereignisse aus den letzten Monaten k\u00f6nnen im Ergebnis nicht dazu f\u00fchren, dass Einbeck an einem Tag wie heute, zum rechtsfreien Raum wird.&#8220;, sagte Polizeidirektor Michael Weiner als Gesamteinsatzleiter.<\/p>\n<p>&nbsp;<\/p>\n","protected":false},"excerpt":{"rendered":"<p>EINBECK (k\u00f6h) &#8211; Am vergangenen Sonnabend kam es im Einbecker Stadtgebiet zu versammlungsrechtlichen Aktionen. Dazu teilt die Polizeidirektion folgendes mit: Die Partei &#8222;Die Rechte- Kreisverband Einbeck\/Northeim&#8220; f\u00fchrte von 11.00 Uhr bis 13.30 Uhr auf dem Hallenplan eine station\u00e4re Kundgebung mit 21 Teilnehmenden durch. Zu einem offenen Gegenprotest kam es nicht. Die Beschr\u00e4nkungen aus dem Versammlungsbescheid [&hellip;]<\/p>\n","protected":false},"author":1,"featured_media":1766,"comment_status":"closed","ping_status":"closed","sticky":false,"template":"","format":"standard","meta":{"saved_in_kubio":false,"footnotes":""},"categories":[1],"tags":[],"class_list":["post-2257","post","type-post","status-publish","format-standard","has-post-thumbnail","hentry","category-allgemein"],"yoast_head":"<!-- This site is optimized with the Yoast SEO plugin v27.5 - https:\/\/yoast.com\/product\/yoast-seo-wordpress\/ -->\n<title>Zu den Demonstrationen am Samstag in Einbeck - Radio Leinewelle<\/title>\n<meta name=\"robots\" content=\"index, follow, max-snippet:-1, max-image-preview:large, max-video-preview:-1\" \/>\n<link rel=\"canonical\" href=\"https:\/\/radioleinewelle.de\/index.php\/2020\/10\/12\/zu-den-demonstrationen-am-samstag-in-einbeck\/\" \/>\n<meta property=\"og:locale\" content=\"de_DE\" \/>\n<meta property=\"og:type\" content=\"article\" \/>\n<meta property=\"og:title\" content=\"Zu den Demonstrationen am Samstag in Einbeck - Radio Leinewelle\" \/>\n<meta property=\"og:description\" content=\"EINBECK (k\u00f6h) &#8211; Am vergangenen Sonnabend kam es im Einbecker Stadtgebiet zu versammlungsrechtlichen Aktionen. Dazu teilt die Polizeidirektion folgendes mit: Die Partei &#8222;Die Rechte- Kreisverband Einbeck\/Northeim&#8220; f\u00fchrte von 11.00 Uhr bis 13.30 Uhr auf dem Hallenplan eine station\u00e4re Kundgebung mit 21 Teilnehmenden durch. Zu einem offenen Gegenprotest kam es nicht. Die Beschr\u00e4nkungen aus dem Versammlungsbescheid [&hellip;]\" \/>\n<meta property=\"og:url\" content=\"https:\/\/radioleinewelle.de\/index.php\/2020\/10\/12\/zu-den-demonstrationen-am-samstag-in-einbeck\/\" \/>\n<meta property=\"og:site_name\" content=\"Radio Leinewelle\" \/>\n<meta property=\"article:publisher\" content=\"https:\/\/www.facebook.com\/radioleinewelle\" \/>\n<meta property=\"article:author\" content=\"https:\/\/www.facebook.com\/radioleinewelle\" \/>\n<meta property=\"article:published_time\" content=\"2020-10-12T03:11:40+00:00\" \/>\n<meta property=\"og:image\" content=\"https:\/\/radioleinewelle.de\/wp-content\/uploads\/2020\/09\/police-1530531_640.jpg\" \/>\n\t<meta property=\"og:image:width\" content=\"640\" \/>\n\t<meta property=\"og:image:height\" content=\"382\" \/>\n\t<meta property=\"og:image:type\" content=\"image\/jpeg\" \/>\n<meta name=\"author\" content=\"Leinewelle\" \/>\n<meta name=\"twitter:card\" content=\"summary_large_image\" \/>\n<meta name=\"twitter:creator\" content=\"@https:\/\/twitter.com\/RLeinewelle?ref_src=twsrcgoogletwcampserptwgrauthor\" \/>\n<meta name=\"twitter:site\" content=\"@RLeinewelle\" \/>\n<meta name=\"twitter:label1\" content=\"Verfasst von\" \/>\n\t<meta name=\"twitter:data1\" content=\"Leinewelle\" \/>\n\t<meta name=\"twitter:label2\" content=\"Gesch\u00e4tzte Lesezeit\" \/>\n\t<meta name=\"twitter:data2\" content=\"3\u00a0Minuten\" \/>\n<script type=\"application\/ld+json\" class=\"yoast-schema-graph\">{\"@context\":\"https:\\\/\\\/schema.org\",\"@graph\":[{\"@type\":\"Article\",\"@id\":\"https:\\\/\\\/radioleinewelle.de\\\/index.php\\\/2020\\\/10\\\/12\\\/zu-den-demonstrationen-am-samstag-in-einbeck\\\/#article\",\"isPartOf\":{\"@id\":\"https:\\\/\\\/radioleinewelle.de\\\/index.php\\\/2020\\\/10\\\/12\\\/zu-den-demonstrationen-am-samstag-in-einbeck\\\/\"},\"author\":{\"name\":\"Leinewelle\",\"@id\":\"https:\\\/\\\/radioleinewelle.de\\\/#\\\/schema\\\/person\\\/45606f348637df637192dc1b68399a63\"},\"headline\":\"Zu den Demonstrationen am Samstag in Einbeck\",\"datePublished\":\"2020-10-12T03:11:40+00:00\",\"mainEntityOfPage\":{\"@id\":\"https:\\\/\\\/radioleinewelle.de\\\/index.php\\\/2020\\\/10\\\/12\\\/zu-den-demonstrationen-am-samstag-in-einbeck\\\/\"},\"wordCount\":517,\"publisher\":{\"@id\":\"https:\\\/\\\/radioleinewelle.de\\\/#organization\"},\"image\":{\"@id\":\"https:\\\/\\\/radioleinewelle.de\\\/index.php\\\/2020\\\/10\\\/12\\\/zu-den-demonstrationen-am-samstag-in-einbeck\\\/#primaryimage\"},\"thumbnailUrl\":\"https:\\\/\\\/radioleinewelle.de\\\/wp-content\\\/uploads\\\/2020\\\/09\\\/police-1530531_640.jpg\",\"inLanguage\":\"de\"},{\"@type\":\"WebPage\",\"@id\":\"https:\\\/\\\/radioleinewelle.de\\\/index.php\\\/2020\\\/10\\\/12\\\/zu-den-demonstrationen-am-samstag-in-einbeck\\\/\",\"url\":\"https:\\\/\\\/radioleinewelle.de\\\/index.php\\\/2020\\\/10\\\/12\\\/zu-den-demonstrationen-am-samstag-in-einbeck\\\/\",\"name\":\"Zu den Demonstrationen am Samstag in Einbeck - Radio Leinewelle\",\"isPartOf\":{\"@id\":\"https:\\\/\\\/radioleinewelle.de\\\/#website\"},\"primaryImageOfPage\":{\"@id\":\"https:\\\/\\\/radioleinewelle.de\\\/index.php\\\/2020\\\/10\\\/12\\\/zu-den-demonstrationen-am-samstag-in-einbeck\\\/#primaryimage\"},\"image\":{\"@id\":\"https:\\\/\\\/radioleinewelle.de\\\/index.php\\\/2020\\\/10\\\/12\\\/zu-den-demonstrationen-am-samstag-in-einbeck\\\/#primaryimage\"},\"thumbnailUrl\":\"https:\\\/\\\/radioleinewelle.de\\\/wp-content\\\/uploads\\\/2020\\\/09\\\/police-1530531_640.jpg\",\"datePublished\":\"2020-10-12T03:11:40+00:00\",\"breadcrumb\":{\"@id\":\"https:\\\/\\\/radioleinewelle.de\\\/index.php\\\/2020\\\/10\\\/12\\\/zu-den-demonstrationen-am-samstag-in-einbeck\\\/#breadcrumb\"},\"inLanguage\":\"de\",\"potentialAction\":[{\"@type\":\"ReadAction\",\"target\":[\"https:\\\/\\\/radioleinewelle.de\\\/index.php\\\/2020\\\/10\\\/12\\\/zu-den-demonstrationen-am-samstag-in-einbeck\\\/\"]}]},{\"@type\":\"ImageObject\",\"inLanguage\":\"de\",\"@id\":\"https:\\\/\\\/radioleinewelle.de\\\/index.php\\\/2020\\\/10\\\/12\\\/zu-den-demonstrationen-am-samstag-in-einbeck\\\/#primaryimage\",\"url\":\"https:\\\/\\\/radioleinewelle.de\\\/wp-content\\\/uploads\\\/2020\\\/09\\\/police-1530531_640.jpg\",\"contentUrl\":\"https:\\\/\\\/radioleinewelle.de\\\/wp-content\\\/uploads\\\/2020\\\/09\\\/police-1530531_640.jpg\",\"width\":640,\"height\":382},{\"@type\":\"BreadcrumbList\",\"@id\":\"https:\\\/\\\/radioleinewelle.de\\\/index.php\\\/2020\\\/10\\\/12\\\/zu-den-demonstrationen-am-samstag-in-einbeck\\\/#breadcrumb\",\"itemListElement\":[{\"@type\":\"ListItem\",\"position\":1,\"name\":\"Startseite\",\"item\":\"https:\\\/\\\/radioleinewelle.de\\\/\"},{\"@type\":\"ListItem\",\"position\":2,\"name\":\"Zu den Demonstrationen am Samstag in Einbeck\"}]},{\"@type\":\"WebSite\",\"@id\":\"https:\\\/\\\/radioleinewelle.de\\\/#website\",\"url\":\"https:\\\/\\\/radioleinewelle.de\\\/\",\"name\":\"Radio Leinewelle\",\"description\":\"\",\"publisher\":{\"@id\":\"https:\\\/\\\/radioleinewelle.de\\\/#organization\"},\"potentialAction\":[{\"@type\":\"SearchAction\",\"target\":{\"@type\":\"EntryPoint\",\"urlTemplate\":\"https:\\\/\\\/radioleinewelle.de\\\/?s={search_term_string}\"},\"query-input\":{\"@type\":\"PropertyValueSpecification\",\"valueRequired\":true,\"valueName\":\"search_term_string\"}}],\"inLanguage\":\"de\"},{\"@type\":\"Organization\",\"@id\":\"https:\\\/\\\/radioleinewelle.de\\\/#organization\",\"name\":\"Radio Leinewelle\",\"alternateName\":\"Mein Radio f\u00fcr S\u00fcdniedersachsen\",\"url\":\"https:\\\/\\\/radioleinewelle.de\\\/\",\"logo\":{\"@type\":\"ImageObject\",\"inLanguage\":\"de\",\"@id\":\"https:\\\/\\\/radioleinewelle.de\\\/#\\\/schema\\\/logo\\\/image\\\/\",\"url\":\"https:\\\/\\\/radioleinewelle.de\\\/wp-content\\\/uploads\\\/2023\\\/11\\\/cropped-Leinewelle_Logo_weiss.png\",\"contentUrl\":\"https:\\\/\\\/radioleinewelle.de\\\/wp-content\\\/uploads\\\/2023\\\/11\\\/cropped-Leinewelle_Logo_weiss.png\",\"width\":854,\"height\":260,\"caption\":\"Radio Leinewelle\"},\"image\":{\"@id\":\"https:\\\/\\\/radioleinewelle.de\\\/#\\\/schema\\\/logo\\\/image\\\/\"},\"sameAs\":[\"https:\\\/\\\/www.facebook.com\\\/radioleinewelle\",\"https:\\\/\\\/x.com\\\/RLeinewelle\",\"https:\\\/\\\/www.instagram.com\\\/radioleinewelle\\\/?hl=de\"]},{\"@type\":\"Person\",\"@id\":\"https:\\\/\\\/radioleinewelle.de\\\/#\\\/schema\\\/person\\\/45606f348637df637192dc1b68399a63\",\"name\":\"Leinewelle\",\"image\":{\"@type\":\"ImageObject\",\"inLanguage\":\"de\",\"@id\":\"https:\\\/\\\/secure.gravatar.com\\\/avatar\\\/05c9a17bc973052ee5d91549bd32fb4dd0dc85b7b85ae94b2e2b4943476bbea5?s=96&d=blank&r=g\",\"url\":\"https:\\\/\\\/secure.gravatar.com\\\/avatar\\\/05c9a17bc973052ee5d91549bd32fb4dd0dc85b7b85ae94b2e2b4943476bbea5?s=96&d=blank&r=g\",\"contentUrl\":\"https:\\\/\\\/secure.gravatar.com\\\/avatar\\\/05c9a17bc973052ee5d91549bd32fb4dd0dc85b7b85ae94b2e2b4943476bbea5?s=96&d=blank&r=g\",\"caption\":\"Leinewelle\"},\"sameAs\":[\"http:\\\/\\\/localhost\\\/radio%20leinewelle\\\/wordpress\",\"https:\\\/\\\/www.facebook.com\\\/radioleinewelle\",\"https:\\\/\\\/www.instagram.com\\\/radioleinewelle\",\"https:\\\/\\\/x.com\\\/https:\\\/\\\/twitter.com\\\/RLeinewelle?ref_src=twsrcgoogletwcampserptwgrauthor\",\"https:\\\/\\\/soundcloud.com\\\/foerderverein-lokalradio?utm_source=clipboard&utm_medium=text&utm_campaign=social_sharing\"],\"url\":\"https:\\\/\\\/radioleinewelle.de\\\/index.php\\\/author\\\/leinewelle\\\/\"}]}<\/script>\n<!-- \/ Yoast SEO plugin. -->","yoast_head_json":{"title":"Zu den Demonstrationen am Samstag in Einbeck - Radio Leinewelle","robots":{"index":"index","follow":"follow","max-snippet":"max-snippet:-1","max-image-preview":"max-image-preview:large","max-video-preview":"max-video-preview:-1"},"canonical":"https:\/\/radioleinewelle.de\/index.php\/2020\/10\/12\/zu-den-demonstrationen-am-samstag-in-einbeck\/","og_locale":"de_DE","og_type":"article","og_title":"Zu den Demonstrationen am Samstag in Einbeck - Radio Leinewelle","og_description":"EINBECK (k\u00f6h) &#8211; Am vergangenen Sonnabend kam es im Einbecker Stadtgebiet zu versammlungsrechtlichen Aktionen. Dazu teilt die Polizeidirektion folgendes mit: Die Partei &#8222;Die Rechte- Kreisverband Einbeck\/Northeim&#8220; f\u00fchrte von 11.00 Uhr bis 13.30 Uhr auf dem Hallenplan eine station\u00e4re Kundgebung mit 21 Teilnehmenden durch. Zu einem offenen Gegenprotest kam es nicht. Die Beschr\u00e4nkungen aus dem Versammlungsbescheid [&hellip;]","og_url":"https:\/\/radioleinewelle.de\/index.php\/2020\/10\/12\/zu-den-demonstrationen-am-samstag-in-einbeck\/","og_site_name":"Radio Leinewelle","article_publisher":"https:\/\/www.facebook.com\/radioleinewelle","article_author":"https:\/\/www.facebook.com\/radioleinewelle","article_published_time":"2020-10-12T03:11:40+00:00","og_image":[{"width":640,"height":382,"url":"https:\/\/radioleinewelle.de\/wp-content\/uploads\/2020\/09\/police-1530531_640.jpg","type":"image\/jpeg"}],"author":"Leinewelle","twitter_card":"summary_large_image","twitter_creator":"@https:\/\/twitter.com\/RLeinewelle?ref_src=twsrcgoogletwcampserptwgrauthor","twitter_site":"@RLeinewelle","twitter_misc":{"Verfasst von":"Leinewelle","Gesch\u00e4tzte Lesezeit":"3\u00a0Minuten"},"schema":{"@context":"https:\/\/schema.org","@graph":[{"@type":"Article","@id":"https:\/\/radioleinewelle.de\/index.php\/2020\/10\/12\/zu-den-demonstrationen-am-samstag-in-einbeck\/#article","isPartOf":{"@id":"https:\/\/radioleinewelle.de\/index.php\/2020\/10\/12\/zu-den-demonstrationen-am-samstag-in-einbeck\/"},"author":{"name":"Leinewelle","@id":"https:\/\/radioleinewelle.de\/#\/schema\/person\/45606f348637df637192dc1b68399a63"},"headline":"Zu den Demonstrationen am Samstag in Einbeck","datePublished":"2020-10-12T03:11:40+00:00","mainEntityOfPage":{"@id":"https:\/\/radioleinewelle.de\/index.php\/2020\/10\/12\/zu-den-demonstrationen-am-samstag-in-einbeck\/"},"wordCount":517,"publisher":{"@id":"https:\/\/radioleinewelle.de\/#organization"},"image":{"@id":"https:\/\/radioleinewelle.de\/index.php\/2020\/10\/12\/zu-den-demonstrationen-am-samstag-in-einbeck\/#primaryimage"},"thumbnailUrl":"https:\/\/radioleinewelle.de\/wp-content\/uploads\/2020\/09\/police-1530531_640.jpg","inLanguage":"de"},{"@type":"WebPage","@id":"https:\/\/radioleinewelle.de\/index.php\/2020\/10\/12\/zu-den-demonstrationen-am-samstag-in-einbeck\/","url":"https:\/\/radioleinewelle.de\/index.php\/2020\/10\/12\/zu-den-demonstrationen-am-samstag-in-einbeck\/","name":"Zu den Demonstrationen am Samstag in Einbeck - Radio Leinewelle","isPartOf":{"@id":"https:\/\/radioleinewelle.de\/#website"},"primaryImageOfPage":{"@id":"https:\/\/radioleinewelle.de\/index.php\/2020\/10\/12\/zu-den-demonstrationen-am-samstag-in-einbeck\/#primaryimage"},"image":{"@id":"https:\/\/radioleinewelle.de\/index.php\/2020\/10\/12\/zu-den-demonstrationen-am-samstag-in-einbeck\/#primaryimage"},"thumbnailUrl":"https:\/\/radioleinewelle.de\/wp-content\/uploads\/2020\/09\/police-1530531_640.jpg","datePublished":"2020-10-12T03:11:40+00:00","breadcrumb":{"@id":"https:\/\/radioleinewelle.de\/index.php\/2020\/10\/12\/zu-den-demonstrationen-am-samstag-in-einbeck\/#breadcrumb"},"inLanguage":"de","potentialAction":[{"@type":"ReadAction","target":["https:\/\/radioleinewelle.de\/index.php\/2020\/10\/12\/zu-den-demonstrationen-am-samstag-in-einbeck\/"]}]},{"@type":"ImageObject","inLanguage":"de","@id":"https:\/\/radioleinewelle.de\/index.php\/2020\/10\/12\/zu-den-demonstrationen-am-samstag-in-einbeck\/#primaryimage","url":"https:\/\/radioleinewelle.de\/wp-content\/uploads\/2020\/09\/police-1530531_640.jpg","contentUrl":"https:\/\/radioleinewelle.de\/wp-content\/uploads\/2020\/09\/police-1530531_640.jpg","width":640,"height":382},{"@type":"BreadcrumbList","@id":"https:\/\/radioleinewelle.de\/index.php\/2020\/10\/12\/zu-den-demonstrationen-am-samstag-in-einbeck\/#breadcrumb","itemListElement":[{"@type":"ListItem","position":1,"name":"Startseite","item":"https:\/\/radioleinewelle.de\/"},{"@type":"ListItem","position":2,"name":"Zu den Demonstrationen am Samstag in Einbeck"}]},{"@type":"WebSite","@id":"https:\/\/radioleinewelle.de\/#website","url":"https:\/\/radioleinewelle.de\/","name":"Radio Leinewelle","description":"","publisher":{"@id":"https:\/\/radioleinewelle.de\/#organization"},"potentialAction":[{"@type":"SearchAction","target":{"@type":"EntryPoint","urlTemplate":"https:\/\/radioleinewelle.de\/?s={search_term_string}"},"query-input":{"@type":"PropertyValueSpecification","valueRequired":true,"valueName":"search_term_string"}}],"inLanguage":"de"},{"@type":"Organization","@id":"https:\/\/radioleinewelle.de\/#organization","name":"Radio Leinewelle","alternateName":"Mein Radio f\u00fcr S\u00fcdniedersachsen","url":"https:\/\/radioleinewelle.de\/","logo":{"@type":"ImageObject","inLanguage":"de","@id":"https:\/\/radioleinewelle.de\/#\/schema\/logo\/image\/","url":"https:\/\/radioleinewelle.de\/wp-content\/uploads\/2023\/11\/cropped-Leinewelle_Logo_weiss.png","contentUrl":"https:\/\/radioleinewelle.de\/wp-content\/uploads\/2023\/11\/cropped-Leinewelle_Logo_weiss.png","width":854,"height":260,"caption":"Radio Leinewelle"},"image":{"@id":"https:\/\/radioleinewelle.de\/#\/schema\/logo\/image\/"},"sameAs":["https:\/\/www.facebook.com\/radioleinewelle","https:\/\/x.com\/RLeinewelle","https:\/\/www.instagram.com\/radioleinewelle\/?hl=de"]},{"@type":"Person","@id":"https:\/\/radioleinewelle.de\/#\/schema\/person\/45606f348637df637192dc1b68399a63","name":"Leinewelle","image":{"@type":"ImageObject","inLanguage":"de","@id":"https:\/\/secure.gravatar.com\/avatar\/05c9a17bc973052ee5d91549bd32fb4dd0dc85b7b85ae94b2e2b4943476bbea5?s=96&d=blank&r=g","url":"https:\/\/secure.gravatar.com\/avatar\/05c9a17bc973052ee5d91549bd32fb4dd0dc85b7b85ae94b2e2b4943476bbea5?s=96&d=blank&r=g","contentUrl":"https:\/\/secure.gravatar.com\/avatar\/05c9a17bc973052ee5d91549bd32fb4dd0dc85b7b85ae94b2e2b4943476bbea5?s=96&d=blank&r=g","caption":"Leinewelle"},"sameAs":["http:\/\/localhost\/radio%20leinewelle\/wordpress","https:\/\/www.facebook.com\/radioleinewelle","https:\/\/www.instagram.com\/radioleinewelle","https:\/\/x.com\/https:\/\/twitter.com\/RLeinewelle?ref_src=twsrcgoogletwcampserptwgrauthor","https:\/\/soundcloud.com\/foerderverein-lokalradio?utm_source=clipboard&utm_medium=text&utm_campaign=social_sharing"],"url":"https:\/\/radioleinewelle.de\/index.php\/author\/leinewelle\/"}]}},"_links":{"self":[{"href":"https:\/\/radioleinewelle.de\/index.php\/wp-json\/wp\/v2\/posts\/2257","targetHints":{"allow":["GET"]}}],"collection":[{"href":"https:\/\/radioleinewelle.de\/index.php\/wp-json\/wp\/v2\/posts"}],"about":[{"href":"https:\/\/radioleinewelle.de\/index.php\/wp-json\/wp\/v2\/types\/post"}],"author":[{"embeddable":true,"href":"https:\/\/radioleinewelle.de\/index.php\/wp-json\/wp\/v2\/users\/1"}],"replies":[{"embeddable":true,"href":"https:\/\/radioleinewelle.de\/index.php\/wp-json\/wp\/v2\/comments?post=2257"}],"version-history":[{"count":0,"href":"https:\/\/radioleinewelle.de\/index.php\/wp-json\/wp\/v2\/posts\/2257\/revisions"}],"wp:featuredmedia":[{"embeddable":true,"href":"https:\/\/radioleinewelle.de\/index.php\/wp-json\/wp\/v2\/media\/1766"}],"wp:attachment":[{"href":"https:\/\/radioleinewelle.de\/index.php\/wp-json\/wp\/v2\/media?parent=2257"}],"wp:term":[{"taxonomy":"category","embeddable":true,"href":"https:\/\/radioleinewelle.de\/index.php\/wp-json\/wp\/v2\/categories?post=2257"},{"taxonomy":"post_tag","embeddable":true,"href":"https:\/\/radioleinewelle.de\/index.php\/wp-json\/wp\/v2\/tags?post=2257"}],"curies":[{"name":"wp","href":"https:\/\/api.w.org\/{rel}","templated":true}]}}