{"id":2259,"date":"2020-10-12T05:30:23","date_gmt":"2020-10-12T03:30:23","guid":{"rendered":"https:\/\/radioleinewelle.de\/?p=2259"},"modified":"2020-10-12T05:30:23","modified_gmt":"2020-10-12T03:30:23","slug":"sofi-untersuchung-zeigt-mitgestaltungsmoeglichkeiten-sind-schluessel-fuer-gesunde-digitale-arbeitswelt","status":"publish","type":"post","link":"https:\/\/radioleinewelle.de\/index.php\/2020\/10\/12\/sofi-untersuchung-zeigt-mitgestaltungsmoeglichkeiten-sind-schluessel-fuer-gesunde-digitale-arbeitswelt\/","title":{"rendered":"SOFI Untersuchung zeigt: Mitgestaltungsm\u00f6glichkeiten sind Schl\u00fcssel f\u00fcr gesunde digitale Arbeitswelt"},"content":{"rendered":"<div class=\"page\" title=\"Page 1\">\n<div class=\"layoutArea\">\n<div class=\"column\">\n<p>\u00a0Die Digitalisierung der Arbeit nimmt zu. Besch\u00e4ftigte m\u00fcssen sich im Arbeitsalltag zunehmend mit neuen Systemen und sich wandelnden Arbeitsprozessen auseinandersetzen. Was ist langfristig zu beachten, damit Arbeitnehmerinnen und Arbeitnehmer sowie Arbeitgeber gleicherma\u00dfen von digitalen Neuerungen profitieren? Wie wirken die Ver\u00e4nderungen auf die Gesundheit der Besch\u00e4ftigten? Und wie k\u00f6nnen Chancen der Digitalisierung genutzt und Risiken minimiert werden? Diesen Fragen gehen die AOK Niedersachsen und das Soziologische Forschungsinstitut G\u00f6ttingen (SOFI) e.V. im auf f\u00fcnf Jahre angelegten Innovationsprojekt \u201eGesundheit in der Arbeitswelt 4.0\u201c nach. Jetzt ist ein erster Zwischenbericht des SOFI erschienen.<\/p>\n<p><strong>Der Fokus der Auswertung liegt auf drei Aspekten<\/strong>, die sowohl die Gesundheit von Besch\u00e4ftigten, als auch die Wettbewerbsf\u00e4higkeit von Unternehmen in der Arbeitswelt 4.0 beeinflussen:<br \/>\n1. Es wird immer wichtiger, dass Besch\u00e4ftigte gem\u00e4\u00df ihren F\u00e4higkeiten und Bed\u00fcrfnis- sen ihre Arbeit mitgestalten und sich in ihr weiterentwickeln k\u00f6nnen. Anerkennung und Unterst\u00fctzung durch Vorgesetzte sind hierf\u00fcr essentiell.<\/p>\n<p>2. Zudem ben\u00f6tigen Besch\u00e4ftigte bei der Einf\u00fchrung und Nutzung neuer digitaler Technologien Mitgestaltungsm\u00f6glichkeiten und Weiterbildungsgelegenheiten. Dies st\u00e4rkt den betrieblichen Nutzen der Digitalisierung, zugleich werden erh\u00f6hte psychische Belastungen vermieden, die die digitale Transformation in Unternehmen mit sich bringen kann.<\/p>\n<\/div>\n<\/div>\n<p>3. Bekannte Gesundheitsrisiken, wie belastende Arbeitsumgebungen oder Schichtar- beit, bleiben allerdings bedeutsam. Hinzu kommen in vielen F\u00e4llen steigende Leistungsanforderungen und erh\u00f6hter Zeitdruck.<\/p>\n<\/div>\n<div class=\"page\" title=\"Page 2\">\n<div class=\"layoutArea\">\n<div class=\"column\">\n<p><em>\u201eMitgestaltungs- und Lernm\u00f6glichkeiten, Aufgabenvielfalt sowie Anerkennung und so ziale Unterst\u00fctzung beeinflussen sich wechselseitig und sind eine wichtige Grundlage f\u00fcr die erfolgreiche Nutzung digitaler Technologien. Fehlen diese Merkmale, kommt es zu Unzufriedenheit, einem Verlust an Wohlbefinden bis hin zu einer verringerten Arbeitsf\u00e4higkeit von Besch\u00e4ftigten\u201c<\/em>,<\/p>\n<p>so Dr. Martin Kuhlmann, Direktor des SOFI und Lei- ter der wissenschaftlichen Untersuchung.<\/p>\n<p>Auf Basis der vom SOFI in den Projektunternehmen identifizierten Herausforderungen entwickelt und erprobt die AOK Niedersachsen Ma\u00dfnahmen, die sich f\u00fcr das Betriebliche Gesundheitsmanagement in der Arbeitswelt 4.0 als wirksam und zukunftsf\u00e4hig erweisen. \u201eDie aktuellen Erkenntnisse erm\u00f6glichen der AOK Niedersachsen eine noch effektivere Unterst\u00fctzung nieders\u00e4chsischer Unternehmen in der proaktiven Gestal- tung des digitalen Wandels. Zentrale Themen hierbei sind, die Gesundheit und Motivation von Besch\u00e4ftigten zu f\u00f6rdern und die Mitarbeiterinnen und Mitarbeiter in den Fokus der oftmals technikzentrierten Ver\u00e4nderungsprozesse zu stellen. Sie sind der entscheidende Faktor in der erfolgreichen Umsetzung von Digitalisierungsma\u00dfnahmen\u201c, betont Dr. J\u00fcrgen Peter, Vorstandsvorsitzender der AOK Niedersachsen.<\/p>\n<p>Den Zwischenbericht des SOFi kann man <a href=\"http:\/\/www.sofi-goettingen.de\/presse\/pressemitteilungen\/pressedetails\/news\/gesundheit-in-der-arbeitswelt-40-sofi-untersuchung-zeigt-mitgestaltungsmoeglichkeiten-sind-schlues\/\">hier<\/a> runterladen.<\/p>\n<p>Bild von <a href=\"https:\/\/pixabay.com\/de\/users\/geralt-9301\/?utm_source=link-attribution&amp;utm_medium=referral&amp;utm_campaign=image&amp;utm_content=3885331\">Gerd Altmann<\/a> auf <a href=\"https:\/\/pixabay.com\/de\/?utm_source=link-attribution&amp;utm_medium=referral&amp;utm_campaign=image&amp;utm_content=3885331\">Pixabay<\/a><\/p>\n<\/div>\n<\/div>\n<\/div>\n","protected":false},"excerpt":{"rendered":"<p>\u00a0Die Digitalisierung der Arbeit nimmt zu. Besch\u00e4ftigte m\u00fcssen sich im Arbeitsalltag zunehmend mit neuen Systemen und sich wandelnden Arbeitsprozessen auseinandersetzen. Was ist langfristig zu beachten, damit Arbeitnehmerinnen und Arbeitnehmer sowie Arbeitgeber gleicherma\u00dfen von digitalen Neuerungen profitieren? Wie wirken die Ver\u00e4nderungen auf die Gesundheit der Besch\u00e4ftigten? Und wie k\u00f6nnen Chancen der Digitalisierung genutzt und Risiken minimiert [&hellip;]<\/p>\n","protected":false},"author":1,"featured_media":2263,"comment_status":"closed","ping_status":"closed","sticky":false,"template":"","format":"standard","meta":{"saved_in_kubio":false,"footnotes":""},"categories":[40],"tags":[],"class_list":["post-2259","post","type-post","status-publish","format-standard","has-post-thumbnail","hentry","category-gesundheit"],"yoast_head":"<!-- This site is optimized with the Yoast SEO plugin v27.5 - https:\/\/yoast.com\/product\/yoast-seo-wordpress\/ -->\n<title>SOFI Untersuchung zeigt: Mitgestaltungsm\u00f6glichkeiten sind Schl\u00fcssel f\u00fcr gesunde digitale Arbeitswelt - Radio Leinewelle<\/title>\n<meta name=\"robots\" content=\"index, follow, max-snippet:-1, max-image-preview:large, max-video-preview:-1\" \/>\n<link rel=\"canonical\" href=\"https:\/\/radioleinewelle.de\/index.php\/2020\/10\/12\/sofi-untersuchung-zeigt-mitgestaltungsmoeglichkeiten-sind-schluessel-fuer-gesunde-digitale-arbeitswelt\/\" \/>\n<meta property=\"og:locale\" content=\"de_DE\" \/>\n<meta property=\"og:type\" content=\"article\" \/>\n<meta property=\"og:title\" content=\"SOFI Untersuchung zeigt: Mitgestaltungsm\u00f6glichkeiten sind Schl\u00fcssel f\u00fcr gesunde digitale Arbeitswelt - Radio Leinewelle\" \/>\n<meta property=\"og:description\" content=\"\u00a0Die Digitalisierung der Arbeit nimmt zu. Besch\u00e4ftigte m\u00fcssen sich im Arbeitsalltag zunehmend mit neuen Systemen und sich wandelnden Arbeitsprozessen auseinandersetzen. Was ist langfristig zu beachten, damit Arbeitnehmerinnen und Arbeitnehmer sowie Arbeitgeber gleicherma\u00dfen von digitalen Neuerungen profitieren? Wie wirken die Ver\u00e4nderungen auf die Gesundheit der Besch\u00e4ftigten? Und wie k\u00f6nnen Chancen der Digitalisierung genutzt und Risiken minimiert [&hellip;]\" \/>\n<meta property=\"og:url\" content=\"https:\/\/radioleinewelle.de\/index.php\/2020\/10\/12\/sofi-untersuchung-zeigt-mitgestaltungsmoeglichkeiten-sind-schluessel-fuer-gesunde-digitale-arbeitswelt\/\" \/>\n<meta property=\"og:site_name\" content=\"Radio Leinewelle\" \/>\n<meta property=\"article:publisher\" content=\"https:\/\/www.facebook.com\/radioleinewelle\" \/>\n<meta property=\"article:author\" content=\"https:\/\/www.facebook.com\/radioleinewelle\" \/>\n<meta property=\"article:published_time\" content=\"2020-10-12T03:30:23+00:00\" \/>\n<meta property=\"og:image\" content=\"https:\/\/radioleinewelle.de\/wp-content\/uploads\/2020\/10\/evolution-3885331_640.jpg\" \/>\n\t<meta property=\"og:image:width\" content=\"640\" \/>\n\t<meta property=\"og:image:height\" content=\"426\" \/>\n\t<meta property=\"og:image:type\" content=\"image\/jpeg\" \/>\n<meta name=\"author\" content=\"Leinewelle\" \/>\n<meta name=\"twitter:card\" content=\"summary_large_image\" \/>\n<meta name=\"twitter:creator\" content=\"@https:\/\/twitter.com\/RLeinewelle?ref_src=twsrcgoogletwcampserptwgrauthor\" \/>\n<meta name=\"twitter:site\" content=\"@RLeinewelle\" \/>\n<meta name=\"twitter:label1\" content=\"Verfasst von\" \/>\n\t<meta name=\"twitter:data1\" content=\"Leinewelle\" \/>\n\t<meta name=\"twitter:label2\" content=\"Gesch\u00e4tzte Lesezeit\" \/>\n\t<meta name=\"twitter:data2\" content=\"2\u00a0Minuten\" \/>\n<script type=\"application\/ld+json\" class=\"yoast-schema-graph\">{\"@context\":\"https:\\\/\\\/schema.org\",\"@graph\":[{\"@type\":\"Article\",\"@id\":\"https:\\\/\\\/radioleinewelle.de\\\/index.php\\\/2020\\\/10\\\/12\\\/sofi-untersuchung-zeigt-mitgestaltungsmoeglichkeiten-sind-schluessel-fuer-gesunde-digitale-arbeitswelt\\\/#article\",\"isPartOf\":{\"@id\":\"https:\\\/\\\/radioleinewelle.de\\\/index.php\\\/2020\\\/10\\\/12\\\/sofi-untersuchung-zeigt-mitgestaltungsmoeglichkeiten-sind-schluessel-fuer-gesunde-digitale-arbeitswelt\\\/\"},\"author\":{\"name\":\"Leinewelle\",\"@id\":\"https:\\\/\\\/radioleinewelle.de\\\/#\\\/schema\\\/person\\\/45606f348637df637192dc1b68399a63\"},\"headline\":\"SOFI Untersuchung zeigt: Mitgestaltungsm\u00f6glichkeiten sind Schl\u00fcssel f\u00fcr gesunde digitale Arbeitswelt\",\"datePublished\":\"2020-10-12T03:30:23+00:00\",\"mainEntityOfPage\":{\"@id\":\"https:\\\/\\\/radioleinewelle.de\\\/index.php\\\/2020\\\/10\\\/12\\\/sofi-untersuchung-zeigt-mitgestaltungsmoeglichkeiten-sind-schluessel-fuer-gesunde-digitale-arbeitswelt\\\/\"},\"wordCount\":420,\"publisher\":{\"@id\":\"https:\\\/\\\/radioleinewelle.de\\\/#organization\"},\"image\":{\"@id\":\"https:\\\/\\\/radioleinewelle.de\\\/index.php\\\/2020\\\/10\\\/12\\\/sofi-untersuchung-zeigt-mitgestaltungsmoeglichkeiten-sind-schluessel-fuer-gesunde-digitale-arbeitswelt\\\/#primaryimage\"},\"thumbnailUrl\":\"https:\\\/\\\/radioleinewelle.de\\\/wp-content\\\/uploads\\\/2020\\\/10\\\/evolution-3885331_640.jpg\",\"articleSection\":[\"Gesundheit\"],\"inLanguage\":\"de\"},{\"@type\":\"WebPage\",\"@id\":\"https:\\\/\\\/radioleinewelle.de\\\/index.php\\\/2020\\\/10\\\/12\\\/sofi-untersuchung-zeigt-mitgestaltungsmoeglichkeiten-sind-schluessel-fuer-gesunde-digitale-arbeitswelt\\\/\",\"url\":\"https:\\\/\\\/radioleinewelle.de\\\/index.php\\\/2020\\\/10\\\/12\\\/sofi-untersuchung-zeigt-mitgestaltungsmoeglichkeiten-sind-schluessel-fuer-gesunde-digitale-arbeitswelt\\\/\",\"name\":\"SOFI Untersuchung zeigt: Mitgestaltungsm\u00f6glichkeiten sind Schl\u00fcssel f\u00fcr gesunde digitale Arbeitswelt - Radio Leinewelle\",\"isPartOf\":{\"@id\":\"https:\\\/\\\/radioleinewelle.de\\\/#website\"},\"primaryImageOfPage\":{\"@id\":\"https:\\\/\\\/radioleinewelle.de\\\/index.php\\\/2020\\\/10\\\/12\\\/sofi-untersuchung-zeigt-mitgestaltungsmoeglichkeiten-sind-schluessel-fuer-gesunde-digitale-arbeitswelt\\\/#primaryimage\"},\"image\":{\"@id\":\"https:\\\/\\\/radioleinewelle.de\\\/index.php\\\/2020\\\/10\\\/12\\\/sofi-untersuchung-zeigt-mitgestaltungsmoeglichkeiten-sind-schluessel-fuer-gesunde-digitale-arbeitswelt\\\/#primaryimage\"},\"thumbnailUrl\":\"https:\\\/\\\/radioleinewelle.de\\\/wp-content\\\/uploads\\\/2020\\\/10\\\/evolution-3885331_640.jpg\",\"datePublished\":\"2020-10-12T03:30:23+00:00\",\"breadcrumb\":{\"@id\":\"https:\\\/\\\/radioleinewelle.de\\\/index.php\\\/2020\\\/10\\\/12\\\/sofi-untersuchung-zeigt-mitgestaltungsmoeglichkeiten-sind-schluessel-fuer-gesunde-digitale-arbeitswelt\\\/#breadcrumb\"},\"inLanguage\":\"de\",\"potentialAction\":[{\"@type\":\"ReadAction\",\"target\":[\"https:\\\/\\\/radioleinewelle.de\\\/index.php\\\/2020\\\/10\\\/12\\\/sofi-untersuchung-zeigt-mitgestaltungsmoeglichkeiten-sind-schluessel-fuer-gesunde-digitale-arbeitswelt\\\/\"]}]},{\"@type\":\"ImageObject\",\"inLanguage\":\"de\",\"@id\":\"https:\\\/\\\/radioleinewelle.de\\\/index.php\\\/2020\\\/10\\\/12\\\/sofi-untersuchung-zeigt-mitgestaltungsmoeglichkeiten-sind-schluessel-fuer-gesunde-digitale-arbeitswelt\\\/#primaryimage\",\"url\":\"https:\\\/\\\/radioleinewelle.de\\\/wp-content\\\/uploads\\\/2020\\\/10\\\/evolution-3885331_640.jpg\",\"contentUrl\":\"https:\\\/\\\/radioleinewelle.de\\\/wp-content\\\/uploads\\\/2020\\\/10\\\/evolution-3885331_640.jpg\",\"width\":640,\"height\":426},{\"@type\":\"BreadcrumbList\",\"@id\":\"https:\\\/\\\/radioleinewelle.de\\\/index.php\\\/2020\\\/10\\\/12\\\/sofi-untersuchung-zeigt-mitgestaltungsmoeglichkeiten-sind-schluessel-fuer-gesunde-digitale-arbeitswelt\\\/#breadcrumb\",\"itemListElement\":[{\"@type\":\"ListItem\",\"position\":1,\"name\":\"Startseite\",\"item\":\"https:\\\/\\\/radioleinewelle.de\\\/\"},{\"@type\":\"ListItem\",\"position\":2,\"name\":\"SOFI Untersuchung zeigt: Mitgestaltungsm\u00f6glichkeiten sind Schl\u00fcssel f\u00fcr gesunde digitale Arbeitswelt\"}]},{\"@type\":\"WebSite\",\"@id\":\"https:\\\/\\\/radioleinewelle.de\\\/#website\",\"url\":\"https:\\\/\\\/radioleinewelle.de\\\/\",\"name\":\"Radio Leinewelle\",\"description\":\"\",\"publisher\":{\"@id\":\"https:\\\/\\\/radioleinewelle.de\\\/#organization\"},\"potentialAction\":[{\"@type\":\"SearchAction\",\"target\":{\"@type\":\"EntryPoint\",\"urlTemplate\":\"https:\\\/\\\/radioleinewelle.de\\\/?s={search_term_string}\"},\"query-input\":{\"@type\":\"PropertyValueSpecification\",\"valueRequired\":true,\"valueName\":\"search_term_string\"}}],\"inLanguage\":\"de\"},{\"@type\":\"Organization\",\"@id\":\"https:\\\/\\\/radioleinewelle.de\\\/#organization\",\"name\":\"Radio Leinewelle\",\"alternateName\":\"Mein Radio f\u00fcr S\u00fcdniedersachsen\",\"url\":\"https:\\\/\\\/radioleinewelle.de\\\/\",\"logo\":{\"@type\":\"ImageObject\",\"inLanguage\":\"de\",\"@id\":\"https:\\\/\\\/radioleinewelle.de\\\/#\\\/schema\\\/logo\\\/image\\\/\",\"url\":\"https:\\\/\\\/radioleinewelle.de\\\/wp-content\\\/uploads\\\/2023\\\/11\\\/cropped-Leinewelle_Logo_weiss.png\",\"contentUrl\":\"https:\\\/\\\/radioleinewelle.de\\\/wp-content\\\/uploads\\\/2023\\\/11\\\/cropped-Leinewelle_Logo_weiss.png\",\"width\":854,\"height\":260,\"caption\":\"Radio Leinewelle\"},\"image\":{\"@id\":\"https:\\\/\\\/radioleinewelle.de\\\/#\\\/schema\\\/logo\\\/image\\\/\"},\"sameAs\":[\"https:\\\/\\\/www.facebook.com\\\/radioleinewelle\",\"https:\\\/\\\/x.com\\\/RLeinewelle\",\"https:\\\/\\\/www.instagram.com\\\/radioleinewelle\\\/?hl=de\"]},{\"@type\":\"Person\",\"@id\":\"https:\\\/\\\/radioleinewelle.de\\\/#\\\/schema\\\/person\\\/45606f348637df637192dc1b68399a63\",\"name\":\"Leinewelle\",\"image\":{\"@type\":\"ImageObject\",\"inLanguage\":\"de\",\"@id\":\"https:\\\/\\\/secure.gravatar.com\\\/avatar\\\/05c9a17bc973052ee5d91549bd32fb4dd0dc85b7b85ae94b2e2b4943476bbea5?s=96&d=blank&r=g\",\"url\":\"https:\\\/\\\/secure.gravatar.com\\\/avatar\\\/05c9a17bc973052ee5d91549bd32fb4dd0dc85b7b85ae94b2e2b4943476bbea5?s=96&d=blank&r=g\",\"contentUrl\":\"https:\\\/\\\/secure.gravatar.com\\\/avatar\\\/05c9a17bc973052ee5d91549bd32fb4dd0dc85b7b85ae94b2e2b4943476bbea5?s=96&d=blank&r=g\",\"caption\":\"Leinewelle\"},\"sameAs\":[\"http:\\\/\\\/localhost\\\/radio%20leinewelle\\\/wordpress\",\"https:\\\/\\\/www.facebook.com\\\/radioleinewelle\",\"https:\\\/\\\/www.instagram.com\\\/radioleinewelle\",\"https:\\\/\\\/x.com\\\/https:\\\/\\\/twitter.com\\\/RLeinewelle?ref_src=twsrcgoogletwcampserptwgrauthor\",\"https:\\\/\\\/soundcloud.com\\\/foerderverein-lokalradio?utm_source=clipboard&utm_medium=text&utm_campaign=social_sharing\"],\"url\":\"https:\\\/\\\/radioleinewelle.de\\\/index.php\\\/author\\\/leinewelle\\\/\"}]}<\/script>\n<!-- \/ Yoast SEO plugin. -->","yoast_head_json":{"title":"SOFI Untersuchung zeigt: Mitgestaltungsm\u00f6glichkeiten sind Schl\u00fcssel f\u00fcr gesunde digitale Arbeitswelt - Radio Leinewelle","robots":{"index":"index","follow":"follow","max-snippet":"max-snippet:-1","max-image-preview":"max-image-preview:large","max-video-preview":"max-video-preview:-1"},"canonical":"https:\/\/radioleinewelle.de\/index.php\/2020\/10\/12\/sofi-untersuchung-zeigt-mitgestaltungsmoeglichkeiten-sind-schluessel-fuer-gesunde-digitale-arbeitswelt\/","og_locale":"de_DE","og_type":"article","og_title":"SOFI Untersuchung zeigt: Mitgestaltungsm\u00f6glichkeiten sind Schl\u00fcssel f\u00fcr gesunde digitale Arbeitswelt - Radio Leinewelle","og_description":"\u00a0Die Digitalisierung der Arbeit nimmt zu. Besch\u00e4ftigte m\u00fcssen sich im Arbeitsalltag zunehmend mit neuen Systemen und sich wandelnden Arbeitsprozessen auseinandersetzen. Was ist langfristig zu beachten, damit Arbeitnehmerinnen und Arbeitnehmer sowie Arbeitgeber gleicherma\u00dfen von digitalen Neuerungen profitieren? Wie wirken die Ver\u00e4nderungen auf die Gesundheit der Besch\u00e4ftigten? Und wie k\u00f6nnen Chancen der Digitalisierung genutzt und Risiken minimiert [&hellip;]","og_url":"https:\/\/radioleinewelle.de\/index.php\/2020\/10\/12\/sofi-untersuchung-zeigt-mitgestaltungsmoeglichkeiten-sind-schluessel-fuer-gesunde-digitale-arbeitswelt\/","og_site_name":"Radio Leinewelle","article_publisher":"https:\/\/www.facebook.com\/radioleinewelle","article_author":"https:\/\/www.facebook.com\/radioleinewelle","article_published_time":"2020-10-12T03:30:23+00:00","og_image":[{"width":640,"height":426,"url":"https:\/\/radioleinewelle.de\/wp-content\/uploads\/2020\/10\/evolution-3885331_640.jpg","type":"image\/jpeg"}],"author":"Leinewelle","twitter_card":"summary_large_image","twitter_creator":"@https:\/\/twitter.com\/RLeinewelle?ref_src=twsrcgoogletwcampserptwgrauthor","twitter_site":"@RLeinewelle","twitter_misc":{"Verfasst von":"Leinewelle","Gesch\u00e4tzte Lesezeit":"2\u00a0Minuten"},"schema":{"@context":"https:\/\/schema.org","@graph":[{"@type":"Article","@id":"https:\/\/radioleinewelle.de\/index.php\/2020\/10\/12\/sofi-untersuchung-zeigt-mitgestaltungsmoeglichkeiten-sind-schluessel-fuer-gesunde-digitale-arbeitswelt\/#article","isPartOf":{"@id":"https:\/\/radioleinewelle.de\/index.php\/2020\/10\/12\/sofi-untersuchung-zeigt-mitgestaltungsmoeglichkeiten-sind-schluessel-fuer-gesunde-digitale-arbeitswelt\/"},"author":{"name":"Leinewelle","@id":"https:\/\/radioleinewelle.de\/#\/schema\/person\/45606f348637df637192dc1b68399a63"},"headline":"SOFI Untersuchung zeigt: Mitgestaltungsm\u00f6glichkeiten sind Schl\u00fcssel f\u00fcr gesunde digitale Arbeitswelt","datePublished":"2020-10-12T03:30:23+00:00","mainEntityOfPage":{"@id":"https:\/\/radioleinewelle.de\/index.php\/2020\/10\/12\/sofi-untersuchung-zeigt-mitgestaltungsmoeglichkeiten-sind-schluessel-fuer-gesunde-digitale-arbeitswelt\/"},"wordCount":420,"publisher":{"@id":"https:\/\/radioleinewelle.de\/#organization"},"image":{"@id":"https:\/\/radioleinewelle.de\/index.php\/2020\/10\/12\/sofi-untersuchung-zeigt-mitgestaltungsmoeglichkeiten-sind-schluessel-fuer-gesunde-digitale-arbeitswelt\/#primaryimage"},"thumbnailUrl":"https:\/\/radioleinewelle.de\/wp-content\/uploads\/2020\/10\/evolution-3885331_640.jpg","articleSection":["Gesundheit"],"inLanguage":"de"},{"@type":"WebPage","@id":"https:\/\/radioleinewelle.de\/index.php\/2020\/10\/12\/sofi-untersuchung-zeigt-mitgestaltungsmoeglichkeiten-sind-schluessel-fuer-gesunde-digitale-arbeitswelt\/","url":"https:\/\/radioleinewelle.de\/index.php\/2020\/10\/12\/sofi-untersuchung-zeigt-mitgestaltungsmoeglichkeiten-sind-schluessel-fuer-gesunde-digitale-arbeitswelt\/","name":"SOFI Untersuchung zeigt: Mitgestaltungsm\u00f6glichkeiten sind Schl\u00fcssel f\u00fcr gesunde digitale Arbeitswelt - Radio Leinewelle","isPartOf":{"@id":"https:\/\/radioleinewelle.de\/#website"},"primaryImageOfPage":{"@id":"https:\/\/radioleinewelle.de\/index.php\/2020\/10\/12\/sofi-untersuchung-zeigt-mitgestaltungsmoeglichkeiten-sind-schluessel-fuer-gesunde-digitale-arbeitswelt\/#primaryimage"},"image":{"@id":"https:\/\/radioleinewelle.de\/index.php\/2020\/10\/12\/sofi-untersuchung-zeigt-mitgestaltungsmoeglichkeiten-sind-schluessel-fuer-gesunde-digitale-arbeitswelt\/#primaryimage"},"thumbnailUrl":"https:\/\/radioleinewelle.de\/wp-content\/uploads\/2020\/10\/evolution-3885331_640.jpg","datePublished":"2020-10-12T03:30:23+00:00","breadcrumb":{"@id":"https:\/\/radioleinewelle.de\/index.php\/2020\/10\/12\/sofi-untersuchung-zeigt-mitgestaltungsmoeglichkeiten-sind-schluessel-fuer-gesunde-digitale-arbeitswelt\/#breadcrumb"},"inLanguage":"de","potentialAction":[{"@type":"ReadAction","target":["https:\/\/radioleinewelle.de\/index.php\/2020\/10\/12\/sofi-untersuchung-zeigt-mitgestaltungsmoeglichkeiten-sind-schluessel-fuer-gesunde-digitale-arbeitswelt\/"]}]},{"@type":"ImageObject","inLanguage":"de","@id":"https:\/\/radioleinewelle.de\/index.php\/2020\/10\/12\/sofi-untersuchung-zeigt-mitgestaltungsmoeglichkeiten-sind-schluessel-fuer-gesunde-digitale-arbeitswelt\/#primaryimage","url":"https:\/\/radioleinewelle.de\/wp-content\/uploads\/2020\/10\/evolution-3885331_640.jpg","contentUrl":"https:\/\/radioleinewelle.de\/wp-content\/uploads\/2020\/10\/evolution-3885331_640.jpg","width":640,"height":426},{"@type":"BreadcrumbList","@id":"https:\/\/radioleinewelle.de\/index.php\/2020\/10\/12\/sofi-untersuchung-zeigt-mitgestaltungsmoeglichkeiten-sind-schluessel-fuer-gesunde-digitale-arbeitswelt\/#breadcrumb","itemListElement":[{"@type":"ListItem","position":1,"name":"Startseite","item":"https:\/\/radioleinewelle.de\/"},{"@type":"ListItem","position":2,"name":"SOFI Untersuchung zeigt: Mitgestaltungsm\u00f6glichkeiten sind Schl\u00fcssel f\u00fcr gesunde digitale Arbeitswelt"}]},{"@type":"WebSite","@id":"https:\/\/radioleinewelle.de\/#website","url":"https:\/\/radioleinewelle.de\/","name":"Radio Leinewelle","description":"","publisher":{"@id":"https:\/\/radioleinewelle.de\/#organization"},"potentialAction":[{"@type":"SearchAction","target":{"@type":"EntryPoint","urlTemplate":"https:\/\/radioleinewelle.de\/?s={search_term_string}"},"query-input":{"@type":"PropertyValueSpecification","valueRequired":true,"valueName":"search_term_string"}}],"inLanguage":"de"},{"@type":"Organization","@id":"https:\/\/radioleinewelle.de\/#organization","name":"Radio Leinewelle","alternateName":"Mein Radio f\u00fcr S\u00fcdniedersachsen","url":"https:\/\/radioleinewelle.de\/","logo":{"@type":"ImageObject","inLanguage":"de","@id":"https:\/\/radioleinewelle.de\/#\/schema\/logo\/image\/","url":"https:\/\/radioleinewelle.de\/wp-content\/uploads\/2023\/11\/cropped-Leinewelle_Logo_weiss.png","contentUrl":"https:\/\/radioleinewelle.de\/wp-content\/uploads\/2023\/11\/cropped-Leinewelle_Logo_weiss.png","width":854,"height":260,"caption":"Radio Leinewelle"},"image":{"@id":"https:\/\/radioleinewelle.de\/#\/schema\/logo\/image\/"},"sameAs":["https:\/\/www.facebook.com\/radioleinewelle","https:\/\/x.com\/RLeinewelle","https:\/\/www.instagram.com\/radioleinewelle\/?hl=de"]},{"@type":"Person","@id":"https:\/\/radioleinewelle.de\/#\/schema\/person\/45606f348637df637192dc1b68399a63","name":"Leinewelle","image":{"@type":"ImageObject","inLanguage":"de","@id":"https:\/\/secure.gravatar.com\/avatar\/05c9a17bc973052ee5d91549bd32fb4dd0dc85b7b85ae94b2e2b4943476bbea5?s=96&d=blank&r=g","url":"https:\/\/secure.gravatar.com\/avatar\/05c9a17bc973052ee5d91549bd32fb4dd0dc85b7b85ae94b2e2b4943476bbea5?s=96&d=blank&r=g","contentUrl":"https:\/\/secure.gravatar.com\/avatar\/05c9a17bc973052ee5d91549bd32fb4dd0dc85b7b85ae94b2e2b4943476bbea5?s=96&d=blank&r=g","caption":"Leinewelle"},"sameAs":["http:\/\/localhost\/radio%20leinewelle\/wordpress","https:\/\/www.facebook.com\/radioleinewelle","https:\/\/www.instagram.com\/radioleinewelle","https:\/\/x.com\/https:\/\/twitter.com\/RLeinewelle?ref_src=twsrcgoogletwcampserptwgrauthor","https:\/\/soundcloud.com\/foerderverein-lokalradio?utm_source=clipboard&utm_medium=text&utm_campaign=social_sharing"],"url":"https:\/\/radioleinewelle.de\/index.php\/author\/leinewelle\/"}]}},"_links":{"self":[{"href":"https:\/\/radioleinewelle.de\/index.php\/wp-json\/wp\/v2\/posts\/2259","targetHints":{"allow":["GET"]}}],"collection":[{"href":"https:\/\/radioleinewelle.de\/index.php\/wp-json\/wp\/v2\/posts"}],"about":[{"href":"https:\/\/radioleinewelle.de\/index.php\/wp-json\/wp\/v2\/types\/post"}],"author":[{"embeddable":true,"href":"https:\/\/radioleinewelle.de\/index.php\/wp-json\/wp\/v2\/users\/1"}],"replies":[{"embeddable":true,"href":"https:\/\/radioleinewelle.de\/index.php\/wp-json\/wp\/v2\/comments?post=2259"}],"version-history":[{"count":0,"href":"https:\/\/radioleinewelle.de\/index.php\/wp-json\/wp\/v2\/posts\/2259\/revisions"}],"wp:featuredmedia":[{"embeddable":true,"href":"https:\/\/radioleinewelle.de\/index.php\/wp-json\/wp\/v2\/media\/2263"}],"wp:attachment":[{"href":"https:\/\/radioleinewelle.de\/index.php\/wp-json\/wp\/v2\/media?parent=2259"}],"wp:term":[{"taxonomy":"category","embeddable":true,"href":"https:\/\/radioleinewelle.de\/index.php\/wp-json\/wp\/v2\/categories?post=2259"},{"taxonomy":"post_tag","embeddable":true,"href":"https:\/\/radioleinewelle.de\/index.php\/wp-json\/wp\/v2\/tags?post=2259"}],"curies":[{"name":"wp","href":"https:\/\/api.w.org\/{rel}","templated":true}]}}