{"id":22821,"date":"2023-06-17T11:38:01","date_gmt":"2023-06-17T09:38:01","guid":{"rendered":"https:\/\/radioleinewelle.de\/?p=22821"},"modified":"2023-07-10T09:02:10","modified_gmt":"2023-07-10T07:02:10","slug":"heute-beginnt-die-rock-the-canteen-konzertreihe-am-deutschen-theater","status":"publish","type":"post","link":"https:\/\/radioleinewelle.de\/index.php\/2023\/06\/17\/heute-beginnt-die-rock-the-canteen-konzertreihe-am-deutschen-theater\/","title":{"rendered":"Heute beginnt die &#8222;Rock The Canteen&#8220; Konzertreihe am Deutschen Theater"},"content":{"rendered":"\n<p>Vom 17.6.-7.7.23&nbsp;l\u00e4uft <strong>ROCK THE CANTEEN<\/strong>&nbsp;mit augew\u00e4hlten Live-Acts der Region und dar\u00fcberhinaus  (DT-Theaterkantine, Theaterplatz 11, 37073 G\u00f6ttingen). Dies ist eine Veranstaltung des Kreuzberg on KulTour e.V. und der DT Theaterkantine. Der Beginn ist immer um 17 Uhr &#8211; Eintritt frei (Spenden erbeten)<\/p>\n\n\n\n<p>ROCK THE CANTEEN ist das musikalische Vorprogramm zu CYRANO DE BEGERAC nach EDMOND ROSTAND, ebenfalls OPEN AIR am Deutschen Theater vom 17.6. &#8211; 7.7.23 <\/p>\n\n\n\n<figure class=\"wp-block-image size-large is-resized\"><img loading=\"lazy\" decoding=\"async\" src=\"https:\/\/radioleinewelle.de\/wp-content\/uploads\/2023\/06\/17.6.-7.7.-Neu-DT-Rock-the-canteen-723x1024.jpg\" alt=\"\" class=\"wp-image-22823\" width=\"428\" height=\"607\" srcset=\"https:\/\/radioleinewelle.de\/wp-content\/uploads\/2023\/06\/17.6.-7.7.-Neu-DT-Rock-the-canteen-723x1024.jpg 723w, https:\/\/radioleinewelle.de\/wp-content\/uploads\/2023\/06\/17.6.-7.7.-Neu-DT-Rock-the-canteen-212x300.jpg 212w, https:\/\/radioleinewelle.de\/wp-content\/uploads\/2023\/06\/17.6.-7.7.-Neu-DT-Rock-the-canteen-768x1087.jpg 768w, https:\/\/radioleinewelle.de\/wp-content\/uploads\/2023\/06\/17.6.-7.7.-Neu-DT-Rock-the-canteen-200x283.jpg 200w, https:\/\/radioleinewelle.de\/wp-content\/uploads\/2023\/06\/17.6.-7.7.-Neu-DT-Rock-the-canteen.jpg 904w\" sizes=\"(max-width: 428px) 100vw, 428px\" \/><\/figure>\n\n\n\n<p><strong>Sa, 17.6. Hank &amp; Frank<\/strong><br>Hank and Frank sind DAS G\u00f6ttinger Spezialbluegrasscountryfolkquintett mit Schwerpunkt auf Bluegrass, Folk- und Countrymusik des nordamerikanischen Kontinents. Jeder, der Spa\u00df hat an Murder Ballads und christlicher Erweckungsmusik garniert mit ungl\u00fccklichen Liebesliedern, kommt hier auf seine oder ihre Kosten. Allerlei akustische Instrumente kommen zum Einsatz, neben Klassikern wie Gitarre (Hank), Banjo (Frank) oder Mandoline (Hank) erklingen auch eher selten geh\u00f6rte Ger\u00e4tschaften (Frank) wie Maultrommel (Frank), Lokpfeife (Hank) oder vierstimmiger Gesang (auch Hank). Die Show ist spektakul\u00e4r: F\u00fcnf M\u00e4nner im besten Alter stehen herum und machen Musik.<\/p>\n\n\n\n<p><strong>Foto:<\/strong> Hank &amp; Frank er\u00f6ffnen die Konzertreihe &#8222;Rock The Canteen&#8220; \u00a9Kreuzberg on KulTour e.V.<\/p>\n","protected":false},"excerpt":{"rendered":"<p>Vom 17.6.-7.7.23&nbsp;l\u00e4uft ROCK THE CANTEEN&nbsp;mit augew\u00e4hlten Live-Acts der Region und dar\u00fcberhinaus (DT-Theaterkantine, Theaterplatz 11, 37073 G\u00f6ttingen). Dies ist eine Veranstaltung des Kreuzberg on KulTour e.V. und der DT Theaterkantine. Der Beginn ist immer um 17 Uhr &#8211; Eintritt frei (Spenden erbeten) ROCK THE CANTEEN ist das musikalische Vorprogramm zu CYRANO DE BEGERAC nach EDMOND ROSTAND, [&hellip;]<\/p>\n","protected":false},"author":1,"featured_media":22825,"comment_status":"open","ping_status":"open","sticky":false,"template":"","format":"standard","meta":{"saved_in_kubio":false,"footnotes":""},"categories":[41],"tags":[],"class_list":["post-22821","post","type-post","status-publish","format-standard","has-post-thumbnail","hentry","category-veranstaltungen"],"yoast_head":"<!-- This site is optimized with the Yoast SEO plugin v27.5 - https:\/\/yoast.com\/product\/yoast-seo-wordpress\/ -->\n<title>Heute beginnt die &quot;Rock The Canteen&quot; Konzertreihe am Deutschen Theater - Radio Leinewelle<\/title>\n<meta name=\"robots\" content=\"index, follow, max-snippet:-1, max-image-preview:large, max-video-preview:-1\" \/>\n<link rel=\"canonical\" href=\"https:\/\/radioleinewelle.de\/index.php\/2023\/06\/17\/heute-beginnt-die-rock-the-canteen-konzertreihe-am-deutschen-theater\/\" \/>\n<meta property=\"og:locale\" content=\"de_DE\" \/>\n<meta property=\"og:type\" content=\"article\" \/>\n<meta property=\"og:title\" content=\"Heute beginnt die &quot;Rock The Canteen&quot; Konzertreihe am Deutschen Theater - Radio Leinewelle\" \/>\n<meta property=\"og:description\" content=\"Vom 17.6.-7.7.23&nbsp;l\u00e4uft ROCK THE CANTEEN&nbsp;mit augew\u00e4hlten Live-Acts der Region und dar\u00fcberhinaus (DT-Theaterkantine, Theaterplatz 11, 37073 G\u00f6ttingen). Dies ist eine Veranstaltung des Kreuzberg on KulTour e.V. und der DT Theaterkantine. Der Beginn ist immer um 17 Uhr &#8211; Eintritt frei (Spenden erbeten) ROCK THE CANTEEN ist das musikalische Vorprogramm zu CYRANO DE BEGERAC nach EDMOND ROSTAND, [&hellip;]\" \/>\n<meta property=\"og:url\" content=\"https:\/\/radioleinewelle.de\/index.php\/2023\/06\/17\/heute-beginnt-die-rock-the-canteen-konzertreihe-am-deutschen-theater\/\" \/>\n<meta property=\"og:site_name\" content=\"Radio Leinewelle\" \/>\n<meta property=\"article:publisher\" content=\"https:\/\/www.facebook.com\/radioleinewelle\" \/>\n<meta property=\"article:author\" content=\"https:\/\/www.facebook.com\/radioleinewelle\" \/>\n<meta property=\"article:published_time\" content=\"2023-06-17T09:38:01+00:00\" \/>\n<meta property=\"article:modified_time\" content=\"2023-07-10T07:02:10+00:00\" \/>\n<meta property=\"og:image\" content=\"https:\/\/radioleinewelle.de\/wp-content\/uploads\/2023\/06\/HankFrank.jpg\" \/>\n\t<meta property=\"og:image:width\" content=\"1200\" \/>\n\t<meta property=\"og:image:height\" content=\"800\" \/>\n\t<meta property=\"og:image:type\" content=\"image\/jpeg\" \/>\n<meta name=\"author\" content=\"Leinewelle\" \/>\n<meta name=\"twitter:card\" content=\"summary_large_image\" \/>\n<meta name=\"twitter:creator\" content=\"@https:\/\/twitter.com\/RLeinewelle?ref_src=twsrcgoogletwcampserptwgrauthor\" \/>\n<meta name=\"twitter:site\" content=\"@RLeinewelle\" \/>\n<meta name=\"twitter:label1\" content=\"Verfasst von\" \/>\n\t<meta name=\"twitter:data1\" content=\"Leinewelle\" \/>\n<script type=\"application\/ld+json\" class=\"yoast-schema-graph\">{\"@context\":\"https:\\\/\\\/schema.org\",\"@graph\":[{\"@type\":\"Article\",\"@id\":\"https:\\\/\\\/radioleinewelle.de\\\/index.php\\\/2023\\\/06\\\/17\\\/heute-beginnt-die-rock-the-canteen-konzertreihe-am-deutschen-theater\\\/#article\",\"isPartOf\":{\"@id\":\"https:\\\/\\\/radioleinewelle.de\\\/index.php\\\/2023\\\/06\\\/17\\\/heute-beginnt-die-rock-the-canteen-konzertreihe-am-deutschen-theater\\\/\"},\"author\":{\"name\":\"Leinewelle\",\"@id\":\"https:\\\/\\\/radioleinewelle.de\\\/#\\\/schema\\\/person\\\/45606f348637df637192dc1b68399a63\"},\"headline\":\"Heute beginnt die &#8222;Rock The Canteen&#8220; Konzertreihe am Deutschen Theater\",\"datePublished\":\"2023-06-17T09:38:01+00:00\",\"dateModified\":\"2023-07-10T07:02:10+00:00\",\"mainEntityOfPage\":{\"@id\":\"https:\\\/\\\/radioleinewelle.de\\\/index.php\\\/2023\\\/06\\\/17\\\/heute-beginnt-die-rock-the-canteen-konzertreihe-am-deutschen-theater\\\/\"},\"wordCount\":191,\"commentCount\":0,\"publisher\":{\"@id\":\"https:\\\/\\\/radioleinewelle.de\\\/#organization\"},\"image\":{\"@id\":\"https:\\\/\\\/radioleinewelle.de\\\/index.php\\\/2023\\\/06\\\/17\\\/heute-beginnt-die-rock-the-canteen-konzertreihe-am-deutschen-theater\\\/#primaryimage\"},\"thumbnailUrl\":\"https:\\\/\\\/radioleinewelle.de\\\/wp-content\\\/uploads\\\/2023\\\/06\\\/HankFrank.jpg\",\"articleSection\":[\"Veranstaltungen\"],\"inLanguage\":\"de\",\"potentialAction\":[{\"@type\":\"CommentAction\",\"name\":\"Comment\",\"target\":[\"https:\\\/\\\/radioleinewelle.de\\\/index.php\\\/2023\\\/06\\\/17\\\/heute-beginnt-die-rock-the-canteen-konzertreihe-am-deutschen-theater\\\/#respond\"]}]},{\"@type\":\"WebPage\",\"@id\":\"https:\\\/\\\/radioleinewelle.de\\\/index.php\\\/2023\\\/06\\\/17\\\/heute-beginnt-die-rock-the-canteen-konzertreihe-am-deutschen-theater\\\/\",\"url\":\"https:\\\/\\\/radioleinewelle.de\\\/index.php\\\/2023\\\/06\\\/17\\\/heute-beginnt-die-rock-the-canteen-konzertreihe-am-deutschen-theater\\\/\",\"name\":\"Heute beginnt die \\\"Rock The Canteen\\\" Konzertreihe am Deutschen Theater - Radio Leinewelle\",\"isPartOf\":{\"@id\":\"https:\\\/\\\/radioleinewelle.de\\\/#website\"},\"primaryImageOfPage\":{\"@id\":\"https:\\\/\\\/radioleinewelle.de\\\/index.php\\\/2023\\\/06\\\/17\\\/heute-beginnt-die-rock-the-canteen-konzertreihe-am-deutschen-theater\\\/#primaryimage\"},\"image\":{\"@id\":\"https:\\\/\\\/radioleinewelle.de\\\/index.php\\\/2023\\\/06\\\/17\\\/heute-beginnt-die-rock-the-canteen-konzertreihe-am-deutschen-theater\\\/#primaryimage\"},\"thumbnailUrl\":\"https:\\\/\\\/radioleinewelle.de\\\/wp-content\\\/uploads\\\/2023\\\/06\\\/HankFrank.jpg\",\"datePublished\":\"2023-06-17T09:38:01+00:00\",\"dateModified\":\"2023-07-10T07:02:10+00:00\",\"breadcrumb\":{\"@id\":\"https:\\\/\\\/radioleinewelle.de\\\/index.php\\\/2023\\\/06\\\/17\\\/heute-beginnt-die-rock-the-canteen-konzertreihe-am-deutschen-theater\\\/#breadcrumb\"},\"inLanguage\":\"de\",\"potentialAction\":[{\"@type\":\"ReadAction\",\"target\":[\"https:\\\/\\\/radioleinewelle.de\\\/index.php\\\/2023\\\/06\\\/17\\\/heute-beginnt-die-rock-the-canteen-konzertreihe-am-deutschen-theater\\\/\"]}]},{\"@type\":\"ImageObject\",\"inLanguage\":\"de\",\"@id\":\"https:\\\/\\\/radioleinewelle.de\\\/index.php\\\/2023\\\/06\\\/17\\\/heute-beginnt-die-rock-the-canteen-konzertreihe-am-deutschen-theater\\\/#primaryimage\",\"url\":\"https:\\\/\\\/radioleinewelle.de\\\/wp-content\\\/uploads\\\/2023\\\/06\\\/HankFrank.jpg\",\"contentUrl\":\"https:\\\/\\\/radioleinewelle.de\\\/wp-content\\\/uploads\\\/2023\\\/06\\\/HankFrank.jpg\",\"width\":1200,\"height\":800},{\"@type\":\"BreadcrumbList\",\"@id\":\"https:\\\/\\\/radioleinewelle.de\\\/index.php\\\/2023\\\/06\\\/17\\\/heute-beginnt-die-rock-the-canteen-konzertreihe-am-deutschen-theater\\\/#breadcrumb\",\"itemListElement\":[{\"@type\":\"ListItem\",\"position\":1,\"name\":\"Startseite\",\"item\":\"https:\\\/\\\/radioleinewelle.de\\\/\"},{\"@type\":\"ListItem\",\"position\":2,\"name\":\"Heute beginnt die &#8222;Rock The Canteen&#8220; Konzertreihe am Deutschen Theater\"}]},{\"@type\":\"WebSite\",\"@id\":\"https:\\\/\\\/radioleinewelle.de\\\/#website\",\"url\":\"https:\\\/\\\/radioleinewelle.de\\\/\",\"name\":\"Radio Leinewelle\",\"description\":\"\",\"publisher\":{\"@id\":\"https:\\\/\\\/radioleinewelle.de\\\/#organization\"},\"potentialAction\":[{\"@type\":\"SearchAction\",\"target\":{\"@type\":\"EntryPoint\",\"urlTemplate\":\"https:\\\/\\\/radioleinewelle.de\\\/?s={search_term_string}\"},\"query-input\":{\"@type\":\"PropertyValueSpecification\",\"valueRequired\":true,\"valueName\":\"search_term_string\"}}],\"inLanguage\":\"de\"},{\"@type\":\"Organization\",\"@id\":\"https:\\\/\\\/radioleinewelle.de\\\/#organization\",\"name\":\"Radio Leinewelle\",\"alternateName\":\"Mein Radio f\u00fcr S\u00fcdniedersachsen\",\"url\":\"https:\\\/\\\/radioleinewelle.de\\\/\",\"logo\":{\"@type\":\"ImageObject\",\"inLanguage\":\"de\",\"@id\":\"https:\\\/\\\/radioleinewelle.de\\\/#\\\/schema\\\/logo\\\/image\\\/\",\"url\":\"https:\\\/\\\/radioleinewelle.de\\\/wp-content\\\/uploads\\\/2023\\\/11\\\/cropped-Leinewelle_Logo_weiss.png\",\"contentUrl\":\"https:\\\/\\\/radioleinewelle.de\\\/wp-content\\\/uploads\\\/2023\\\/11\\\/cropped-Leinewelle_Logo_weiss.png\",\"width\":854,\"height\":260,\"caption\":\"Radio Leinewelle\"},\"image\":{\"@id\":\"https:\\\/\\\/radioleinewelle.de\\\/#\\\/schema\\\/logo\\\/image\\\/\"},\"sameAs\":[\"https:\\\/\\\/www.facebook.com\\\/radioleinewelle\",\"https:\\\/\\\/x.com\\\/RLeinewelle\",\"https:\\\/\\\/www.instagram.com\\\/radioleinewelle\\\/?hl=de\"]},{\"@type\":\"Person\",\"@id\":\"https:\\\/\\\/radioleinewelle.de\\\/#\\\/schema\\\/person\\\/45606f348637df637192dc1b68399a63\",\"name\":\"Leinewelle\",\"image\":{\"@type\":\"ImageObject\",\"inLanguage\":\"de\",\"@id\":\"https:\\\/\\\/secure.gravatar.com\\\/avatar\\\/05c9a17bc973052ee5d91549bd32fb4dd0dc85b7b85ae94b2e2b4943476bbea5?s=96&d=blank&r=g\",\"url\":\"https:\\\/\\\/secure.gravatar.com\\\/avatar\\\/05c9a17bc973052ee5d91549bd32fb4dd0dc85b7b85ae94b2e2b4943476bbea5?s=96&d=blank&r=g\",\"contentUrl\":\"https:\\\/\\\/secure.gravatar.com\\\/avatar\\\/05c9a17bc973052ee5d91549bd32fb4dd0dc85b7b85ae94b2e2b4943476bbea5?s=96&d=blank&r=g\",\"caption\":\"Leinewelle\"},\"sameAs\":[\"http:\\\/\\\/localhost\\\/radio%20leinewelle\\\/wordpress\",\"https:\\\/\\\/www.facebook.com\\\/radioleinewelle\",\"https:\\\/\\\/www.instagram.com\\\/radioleinewelle\",\"https:\\\/\\\/x.com\\\/https:\\\/\\\/twitter.com\\\/RLeinewelle?ref_src=twsrcgoogletwcampserptwgrauthor\",\"https:\\\/\\\/soundcloud.com\\\/foerderverein-lokalradio?utm_source=clipboard&utm_medium=text&utm_campaign=social_sharing\"],\"url\":\"https:\\\/\\\/radioleinewelle.de\\\/index.php\\\/author\\\/leinewelle\\\/\"}]}<\/script>\n<!-- \/ Yoast SEO plugin. -->","yoast_head_json":{"title":"Heute beginnt die \"Rock The Canteen\" Konzertreihe am Deutschen Theater - Radio Leinewelle","robots":{"index":"index","follow":"follow","max-snippet":"max-snippet:-1","max-image-preview":"max-image-preview:large","max-video-preview":"max-video-preview:-1"},"canonical":"https:\/\/radioleinewelle.de\/index.php\/2023\/06\/17\/heute-beginnt-die-rock-the-canteen-konzertreihe-am-deutschen-theater\/","og_locale":"de_DE","og_type":"article","og_title":"Heute beginnt die \"Rock The Canteen\" Konzertreihe am Deutschen Theater - Radio Leinewelle","og_description":"Vom 17.6.-7.7.23&nbsp;l\u00e4uft ROCK THE CANTEEN&nbsp;mit augew\u00e4hlten Live-Acts der Region und dar\u00fcberhinaus (DT-Theaterkantine, Theaterplatz 11, 37073 G\u00f6ttingen). Dies ist eine Veranstaltung des Kreuzberg on KulTour e.V. und der DT Theaterkantine. Der Beginn ist immer um 17 Uhr &#8211; Eintritt frei (Spenden erbeten) ROCK THE CANTEEN ist das musikalische Vorprogramm zu CYRANO DE BEGERAC nach EDMOND ROSTAND, [&hellip;]","og_url":"https:\/\/radioleinewelle.de\/index.php\/2023\/06\/17\/heute-beginnt-die-rock-the-canteen-konzertreihe-am-deutschen-theater\/","og_site_name":"Radio Leinewelle","article_publisher":"https:\/\/www.facebook.com\/radioleinewelle","article_author":"https:\/\/www.facebook.com\/radioleinewelle","article_published_time":"2023-06-17T09:38:01+00:00","article_modified_time":"2023-07-10T07:02:10+00:00","og_image":[{"width":1200,"height":800,"url":"https:\/\/radioleinewelle.de\/wp-content\/uploads\/2023\/06\/HankFrank.jpg","type":"image\/jpeg"}],"author":"Leinewelle","twitter_card":"summary_large_image","twitter_creator":"@https:\/\/twitter.com\/RLeinewelle?ref_src=twsrcgoogletwcampserptwgrauthor","twitter_site":"@RLeinewelle","twitter_misc":{"Verfasst von":"Leinewelle"},"schema":{"@context":"https:\/\/schema.org","@graph":[{"@type":"Article","@id":"https:\/\/radioleinewelle.de\/index.php\/2023\/06\/17\/heute-beginnt-die-rock-the-canteen-konzertreihe-am-deutschen-theater\/#article","isPartOf":{"@id":"https:\/\/radioleinewelle.de\/index.php\/2023\/06\/17\/heute-beginnt-die-rock-the-canteen-konzertreihe-am-deutschen-theater\/"},"author":{"name":"Leinewelle","@id":"https:\/\/radioleinewelle.de\/#\/schema\/person\/45606f348637df637192dc1b68399a63"},"headline":"Heute beginnt die &#8222;Rock The Canteen&#8220; Konzertreihe am Deutschen Theater","datePublished":"2023-06-17T09:38:01+00:00","dateModified":"2023-07-10T07:02:10+00:00","mainEntityOfPage":{"@id":"https:\/\/radioleinewelle.de\/index.php\/2023\/06\/17\/heute-beginnt-die-rock-the-canteen-konzertreihe-am-deutschen-theater\/"},"wordCount":191,"commentCount":0,"publisher":{"@id":"https:\/\/radioleinewelle.de\/#organization"},"image":{"@id":"https:\/\/radioleinewelle.de\/index.php\/2023\/06\/17\/heute-beginnt-die-rock-the-canteen-konzertreihe-am-deutschen-theater\/#primaryimage"},"thumbnailUrl":"https:\/\/radioleinewelle.de\/wp-content\/uploads\/2023\/06\/HankFrank.jpg","articleSection":["Veranstaltungen"],"inLanguage":"de","potentialAction":[{"@type":"CommentAction","name":"Comment","target":["https:\/\/radioleinewelle.de\/index.php\/2023\/06\/17\/heute-beginnt-die-rock-the-canteen-konzertreihe-am-deutschen-theater\/#respond"]}]},{"@type":"WebPage","@id":"https:\/\/radioleinewelle.de\/index.php\/2023\/06\/17\/heute-beginnt-die-rock-the-canteen-konzertreihe-am-deutschen-theater\/","url":"https:\/\/radioleinewelle.de\/index.php\/2023\/06\/17\/heute-beginnt-die-rock-the-canteen-konzertreihe-am-deutschen-theater\/","name":"Heute beginnt die \"Rock The Canteen\" Konzertreihe am Deutschen Theater - Radio Leinewelle","isPartOf":{"@id":"https:\/\/radioleinewelle.de\/#website"},"primaryImageOfPage":{"@id":"https:\/\/radioleinewelle.de\/index.php\/2023\/06\/17\/heute-beginnt-die-rock-the-canteen-konzertreihe-am-deutschen-theater\/#primaryimage"},"image":{"@id":"https:\/\/radioleinewelle.de\/index.php\/2023\/06\/17\/heute-beginnt-die-rock-the-canteen-konzertreihe-am-deutschen-theater\/#primaryimage"},"thumbnailUrl":"https:\/\/radioleinewelle.de\/wp-content\/uploads\/2023\/06\/HankFrank.jpg","datePublished":"2023-06-17T09:38:01+00:00","dateModified":"2023-07-10T07:02:10+00:00","breadcrumb":{"@id":"https:\/\/radioleinewelle.de\/index.php\/2023\/06\/17\/heute-beginnt-die-rock-the-canteen-konzertreihe-am-deutschen-theater\/#breadcrumb"},"inLanguage":"de","potentialAction":[{"@type":"ReadAction","target":["https:\/\/radioleinewelle.de\/index.php\/2023\/06\/17\/heute-beginnt-die-rock-the-canteen-konzertreihe-am-deutschen-theater\/"]}]},{"@type":"ImageObject","inLanguage":"de","@id":"https:\/\/radioleinewelle.de\/index.php\/2023\/06\/17\/heute-beginnt-die-rock-the-canteen-konzertreihe-am-deutschen-theater\/#primaryimage","url":"https:\/\/radioleinewelle.de\/wp-content\/uploads\/2023\/06\/HankFrank.jpg","contentUrl":"https:\/\/radioleinewelle.de\/wp-content\/uploads\/2023\/06\/HankFrank.jpg","width":1200,"height":800},{"@type":"BreadcrumbList","@id":"https:\/\/radioleinewelle.de\/index.php\/2023\/06\/17\/heute-beginnt-die-rock-the-canteen-konzertreihe-am-deutschen-theater\/#breadcrumb","itemListElement":[{"@type":"ListItem","position":1,"name":"Startseite","item":"https:\/\/radioleinewelle.de\/"},{"@type":"ListItem","position":2,"name":"Heute beginnt die &#8222;Rock The Canteen&#8220; Konzertreihe am Deutschen Theater"}]},{"@type":"WebSite","@id":"https:\/\/radioleinewelle.de\/#website","url":"https:\/\/radioleinewelle.de\/","name":"Radio Leinewelle","description":"","publisher":{"@id":"https:\/\/radioleinewelle.de\/#organization"},"potentialAction":[{"@type":"SearchAction","target":{"@type":"EntryPoint","urlTemplate":"https:\/\/radioleinewelle.de\/?s={search_term_string}"},"query-input":{"@type":"PropertyValueSpecification","valueRequired":true,"valueName":"search_term_string"}}],"inLanguage":"de"},{"@type":"Organization","@id":"https:\/\/radioleinewelle.de\/#organization","name":"Radio Leinewelle","alternateName":"Mein Radio f\u00fcr S\u00fcdniedersachsen","url":"https:\/\/radioleinewelle.de\/","logo":{"@type":"ImageObject","inLanguage":"de","@id":"https:\/\/radioleinewelle.de\/#\/schema\/logo\/image\/","url":"https:\/\/radioleinewelle.de\/wp-content\/uploads\/2023\/11\/cropped-Leinewelle_Logo_weiss.png","contentUrl":"https:\/\/radioleinewelle.de\/wp-content\/uploads\/2023\/11\/cropped-Leinewelle_Logo_weiss.png","width":854,"height":260,"caption":"Radio Leinewelle"},"image":{"@id":"https:\/\/radioleinewelle.de\/#\/schema\/logo\/image\/"},"sameAs":["https:\/\/www.facebook.com\/radioleinewelle","https:\/\/x.com\/RLeinewelle","https:\/\/www.instagram.com\/radioleinewelle\/?hl=de"]},{"@type":"Person","@id":"https:\/\/radioleinewelle.de\/#\/schema\/person\/45606f348637df637192dc1b68399a63","name":"Leinewelle","image":{"@type":"ImageObject","inLanguage":"de","@id":"https:\/\/secure.gravatar.com\/avatar\/05c9a17bc973052ee5d91549bd32fb4dd0dc85b7b85ae94b2e2b4943476bbea5?s=96&d=blank&r=g","url":"https:\/\/secure.gravatar.com\/avatar\/05c9a17bc973052ee5d91549bd32fb4dd0dc85b7b85ae94b2e2b4943476bbea5?s=96&d=blank&r=g","contentUrl":"https:\/\/secure.gravatar.com\/avatar\/05c9a17bc973052ee5d91549bd32fb4dd0dc85b7b85ae94b2e2b4943476bbea5?s=96&d=blank&r=g","caption":"Leinewelle"},"sameAs":["http:\/\/localhost\/radio%20leinewelle\/wordpress","https:\/\/www.facebook.com\/radioleinewelle","https:\/\/www.instagram.com\/radioleinewelle","https:\/\/x.com\/https:\/\/twitter.com\/RLeinewelle?ref_src=twsrcgoogletwcampserptwgrauthor","https:\/\/soundcloud.com\/foerderverein-lokalradio?utm_source=clipboard&utm_medium=text&utm_campaign=social_sharing"],"url":"https:\/\/radioleinewelle.de\/index.php\/author\/leinewelle\/"}]}},"_links":{"self":[{"href":"https:\/\/radioleinewelle.de\/index.php\/wp-json\/wp\/v2\/posts\/22821","targetHints":{"allow":["GET"]}}],"collection":[{"href":"https:\/\/radioleinewelle.de\/index.php\/wp-json\/wp\/v2\/posts"}],"about":[{"href":"https:\/\/radioleinewelle.de\/index.php\/wp-json\/wp\/v2\/types\/post"}],"author":[{"embeddable":true,"href":"https:\/\/radioleinewelle.de\/index.php\/wp-json\/wp\/v2\/users\/1"}],"replies":[{"embeddable":true,"href":"https:\/\/radioleinewelle.de\/index.php\/wp-json\/wp\/v2\/comments?post=22821"}],"version-history":[{"count":7,"href":"https:\/\/radioleinewelle.de\/index.php\/wp-json\/wp\/v2\/posts\/22821\/revisions"}],"predecessor-version":[{"id":22830,"href":"https:\/\/radioleinewelle.de\/index.php\/wp-json\/wp\/v2\/posts\/22821\/revisions\/22830"}],"wp:featuredmedia":[{"embeddable":true,"href":"https:\/\/radioleinewelle.de\/index.php\/wp-json\/wp\/v2\/media\/22825"}],"wp:attachment":[{"href":"https:\/\/radioleinewelle.de\/index.php\/wp-json\/wp\/v2\/media?parent=22821"}],"wp:term":[{"taxonomy":"category","embeddable":true,"href":"https:\/\/radioleinewelle.de\/index.php\/wp-json\/wp\/v2\/categories?post=22821"},{"taxonomy":"post_tag","embeddable":true,"href":"https:\/\/radioleinewelle.de\/index.php\/wp-json\/wp\/v2\/tags?post=22821"}],"curies":[{"name":"wp","href":"https:\/\/api.w.org\/{rel}","templated":true}]}}