{"id":2288,"date":"2020-10-13T05:15:40","date_gmt":"2020-10-13T03:15:40","guid":{"rendered":"https:\/\/radioleinewelle.de\/?p=2288"},"modified":"2020-10-13T05:15:40","modified_gmt":"2020-10-13T03:15:40","slug":"die-kleinen-unterstuetzen-dorfladen-herberhausen-bekommt-foerderung","status":"publish","type":"post","link":"https:\/\/radioleinewelle.de\/index.php\/2020\/10\/13\/die-kleinen-unterstuetzen-dorfladen-herberhausen-bekommt-foerderung\/","title":{"rendered":"Die Kleinen unterst\u00fctzen: Dorfladen Herberhausen bekommt F\u00f6rderung"},"content":{"rendered":"<div class=\"l-content\">\n<div id=\"main-content\">\n<article id=\"node-4270\" class=\"node node--article node--promoted node--full node--article--full\">\n<div class=\"node__content node-content-full content-full\">\n<div class=\"text\">\n<div class=\"field field-name-body field-type-text-with-summary field-label-hidden field--name-body field--type-text-with-summary field--label-hidden\">\n<div class=\"field__items field-items \">\n<div class=\"field__item field-item even field-item-1\">\n<p>Nach einem Aufruf der G\u00f6ttinger Abgeordneten Fritz G\u00fcntzler (CDU) und Thomas Oppermann (SPD), sich f\u00fcr das Corona- Sonderf\u00f6rderprogramm \u201eEhrenamt st\u00e4rken. Versorgung sichern\u201c zu bewerben, hat nun die Initiative \u201eCorona-Ma\u00dfnahmen Lebensmittelversorgung\u201c des F\u00f6rdervereins Dorfladen Herberhausen e.V. einen Zuwendungsbescheid in H\u00f6he von insgesamt 3.280 Euro erhalten. So erh\u00e4lt nach dem Projekt in Roringen auch Herberhausen wichtige F\u00f6rdermittel.\u00a0\u201eWir freuen uns \u00fcber diese getroffene Zusage\u201c, so die G\u00f6ttinger Bundestagsabgeordneten Fritz G\u00fcntzler und Thomas Oppermann gemeinsam. Bundesministerin Julia Kl\u00f6ckner hatte dies den beiden Abgeordneten heute mitgeteilt.\u00a0Mit dem Programm sollen ehrenamtliche Initiativen gef\u00f6rdert werden, die in der nachbarschaftlichen Lebensmittelversorgung engagiert sind. Es sollen gezielt &#8222;helfende H\u00e4nde&#8220; auf dem Land unterst\u00fctzt werden. Mit den F\u00f6rdermitteln des Bundesministeriums f\u00fcr Ern\u00e4hrung und Landwirtschaft sollen zus\u00e4tzliche, aufgrund der Corona-Pandemie anfallende Mehrbelastungen finanziell aufgefangen werden, f\u00fcr die den ehrenamtlichen Initiativen keine Eigenmittel zur Verf\u00fcgung stehen.\u00a0\u201eIch freue mich, dass mit der F\u00f6rderung ganz konkret auch im G\u00f6ttinger Landkreis angepackt wird. Es ist wichtig, dass wir gerade diejenigen unterst\u00fctzen, die sich auch in dieser Zeit ehrenamtlich f\u00fcr andere stark machen\u201c, f\u00fchrt Thomas Oppermann aus.<\/p>\n<p>Der Dorfladen Herberhausen wurde 2016 er\u00f6ffnet und bietet f\u00fcr alle Herberh\u00e4user nicht nur eine Einkaufsm\u00f6glichkeit, sondern auch einen sozialen Treffpunkt und wird so zum Dreh- und Angelpunkt f\u00fcr Jung und Alt. In Folge der Corona-Pandemie entstehen erhebliche Aufwendungen und Kosten. \u201eDiese F\u00f6rderung ist ein weiterer wichtiger Baustein zur Aufrechterhaltung der Infrastruktur in unserer l\u00e4ndlich gepr\u00e4gten Region\u201c, so Fritz G\u00fcntzler abschlie\u00dfend.\u00a0\u201eAuch diese F\u00f6rderung unterstreicht, dass die Bundesregierung auf allen Ebenen hilft, um die Folgen der Pandemie zu bew\u00e4ltigen\u201c, so die beiden Abgeordneten<span style=\"color: rgba(0, 0, 0, 0.847059); font-family: -apple-system;\">.<\/span><\/p>\n<p>Bild von <a href=\"https:\/\/pixabay.com\/de\/users\/bboellinger-4262159\/?utm_source=link-attribution&amp;utm_medium=referral&amp;utm_campaign=image&amp;utm_content=4487285\">Birgit B\u00f6llinger<\/a> auf <a href=\"https:\/\/pixabay.com\/de\/?utm_source=link-attribution&amp;utm_medium=referral&amp;utm_campaign=image&amp;utm_content=4487285\">Pixabay<\/a><\/p>\n<p style=\"text-align: center;\">\n<\/div>\n<\/div>\n<\/div>\n<\/div>\n<\/div>\n<\/article>\n<\/div>\n<\/div>\n<aside class=\"l-region l-region--sidebar-second\">\n<div id=\"block-search-form\" class=\"block block--search block--search-form odd\"><\/div>\n<\/aside>\n","protected":false},"excerpt":{"rendered":"<p>Nach einem Aufruf der G\u00f6ttinger Abgeordneten Fritz G\u00fcntzler (CDU) und Thomas Oppermann (SPD), sich f\u00fcr das Corona- Sonderf\u00f6rderprogramm \u201eEhrenamt st\u00e4rken. Versorgung sichern\u201c zu bewerben, hat nun die Initiative \u201eCorona-Ma\u00dfnahmen Lebensmittelversorgung\u201c des F\u00f6rdervereins Dorfladen Herberhausen e.V. einen Zuwendungsbescheid in H\u00f6he von insgesamt 3.280 Euro erhalten. So erh\u00e4lt nach dem Projekt in Roringen auch Herberhausen wichtige F\u00f6rdermittel.\u00a0\u201eWir [&hellip;]<\/p>\n","protected":false},"author":1,"featured_media":2290,"comment_status":"closed","ping_status":"closed","sticky":false,"template":"","format":"standard","meta":{"saved_in_kubio":false,"footnotes":""},"categories":[39],"tags":[],"class_list":["post-2288","post","type-post","status-publish","format-standard","has-post-thumbnail","hentry","category-lokalpolitik"],"yoast_head":"<!-- This site is optimized with the Yoast SEO plugin v27.5 - https:\/\/yoast.com\/product\/yoast-seo-wordpress\/ -->\n<title>Die Kleinen unterst\u00fctzen: Dorfladen Herberhausen bekommt F\u00f6rderung - Radio Leinewelle<\/title>\n<meta name=\"robots\" content=\"index, follow, max-snippet:-1, max-image-preview:large, max-video-preview:-1\" \/>\n<link rel=\"canonical\" href=\"https:\/\/radioleinewelle.de\/index.php\/2020\/10\/13\/die-kleinen-unterstuetzen-dorfladen-herberhausen-bekommt-foerderung\/\" \/>\n<meta property=\"og:locale\" content=\"de_DE\" \/>\n<meta property=\"og:type\" content=\"article\" \/>\n<meta property=\"og:title\" content=\"Die Kleinen unterst\u00fctzen: Dorfladen Herberhausen bekommt F\u00f6rderung - Radio Leinewelle\" \/>\n<meta property=\"og:description\" content=\"Nach einem Aufruf der G\u00f6ttinger Abgeordneten Fritz G\u00fcntzler (CDU) und Thomas Oppermann (SPD), sich f\u00fcr das Corona- Sonderf\u00f6rderprogramm \u201eEhrenamt st\u00e4rken. Versorgung sichern\u201c zu bewerben, hat nun die Initiative \u201eCorona-Ma\u00dfnahmen Lebensmittelversorgung\u201c des F\u00f6rdervereins Dorfladen Herberhausen e.V. einen Zuwendungsbescheid in H\u00f6he von insgesamt 3.280 Euro erhalten. So erh\u00e4lt nach dem Projekt in Roringen auch Herberhausen wichtige F\u00f6rdermittel.\u00a0\u201eWir [&hellip;]\" \/>\n<meta property=\"og:url\" content=\"https:\/\/radioleinewelle.de\/index.php\/2020\/10\/13\/die-kleinen-unterstuetzen-dorfladen-herberhausen-bekommt-foerderung\/\" \/>\n<meta property=\"og:site_name\" content=\"Radio Leinewelle\" \/>\n<meta property=\"article:publisher\" content=\"https:\/\/www.facebook.com\/radioleinewelle\" \/>\n<meta property=\"article:author\" content=\"https:\/\/www.facebook.com\/radioleinewelle\" \/>\n<meta property=\"article:published_time\" content=\"2020-10-13T03:15:40+00:00\" \/>\n<meta property=\"og:image\" content=\"https:\/\/radioleinewelle.de\/wp-content\/uploads\/2020\/10\/village-shop-4487285_640.jpg\" \/>\n\t<meta property=\"og:image:width\" content=\"640\" \/>\n\t<meta property=\"og:image:height\" content=\"426\" \/>\n\t<meta property=\"og:image:type\" content=\"image\/jpeg\" \/>\n<meta name=\"author\" content=\"Leinewelle\" \/>\n<meta name=\"twitter:card\" content=\"summary_large_image\" \/>\n<meta name=\"twitter:creator\" content=\"@https:\/\/twitter.com\/RLeinewelle?ref_src=twsrcgoogletwcampserptwgrauthor\" \/>\n<meta name=\"twitter:site\" content=\"@RLeinewelle\" \/>\n<meta name=\"twitter:label1\" content=\"Verfasst von\" \/>\n\t<meta name=\"twitter:data1\" content=\"Leinewelle\" \/>\n\t<meta name=\"twitter:label2\" content=\"Gesch\u00e4tzte Lesezeit\" \/>\n\t<meta name=\"twitter:data2\" content=\"2\u00a0Minuten\" \/>\n<script type=\"application\/ld+json\" class=\"yoast-schema-graph\">{\"@context\":\"https:\\\/\\\/schema.org\",\"@graph\":[{\"@type\":\"Article\",\"@id\":\"https:\\\/\\\/radioleinewelle.de\\\/index.php\\\/2020\\\/10\\\/13\\\/die-kleinen-unterstuetzen-dorfladen-herberhausen-bekommt-foerderung\\\/#article\",\"isPartOf\":{\"@id\":\"https:\\\/\\\/radioleinewelle.de\\\/index.php\\\/2020\\\/10\\\/13\\\/die-kleinen-unterstuetzen-dorfladen-herberhausen-bekommt-foerderung\\\/\"},\"author\":{\"name\":\"Leinewelle\",\"@id\":\"https:\\\/\\\/radioleinewelle.de\\\/#\\\/schema\\\/person\\\/45606f348637df637192dc1b68399a63\"},\"headline\":\"Die Kleinen unterst\u00fctzen: Dorfladen Herberhausen bekommt F\u00f6rderung\",\"datePublished\":\"2020-10-13T03:15:40+00:00\",\"mainEntityOfPage\":{\"@id\":\"https:\\\/\\\/radioleinewelle.de\\\/index.php\\\/2020\\\/10\\\/13\\\/die-kleinen-unterstuetzen-dorfladen-herberhausen-bekommt-foerderung\\\/\"},\"wordCount\":310,\"publisher\":{\"@id\":\"https:\\\/\\\/radioleinewelle.de\\\/#organization\"},\"image\":{\"@id\":\"https:\\\/\\\/radioleinewelle.de\\\/index.php\\\/2020\\\/10\\\/13\\\/die-kleinen-unterstuetzen-dorfladen-herberhausen-bekommt-foerderung\\\/#primaryimage\"},\"thumbnailUrl\":\"https:\\\/\\\/radioleinewelle.de\\\/wp-content\\\/uploads\\\/2020\\\/10\\\/village-shop-4487285_640.jpg\",\"articleSection\":[\"Lokalpolitik\"],\"inLanguage\":\"de\"},{\"@type\":\"WebPage\",\"@id\":\"https:\\\/\\\/radioleinewelle.de\\\/index.php\\\/2020\\\/10\\\/13\\\/die-kleinen-unterstuetzen-dorfladen-herberhausen-bekommt-foerderung\\\/\",\"url\":\"https:\\\/\\\/radioleinewelle.de\\\/index.php\\\/2020\\\/10\\\/13\\\/die-kleinen-unterstuetzen-dorfladen-herberhausen-bekommt-foerderung\\\/\",\"name\":\"Die Kleinen unterst\u00fctzen: Dorfladen Herberhausen bekommt F\u00f6rderung - Radio Leinewelle\",\"isPartOf\":{\"@id\":\"https:\\\/\\\/radioleinewelle.de\\\/#website\"},\"primaryImageOfPage\":{\"@id\":\"https:\\\/\\\/radioleinewelle.de\\\/index.php\\\/2020\\\/10\\\/13\\\/die-kleinen-unterstuetzen-dorfladen-herberhausen-bekommt-foerderung\\\/#primaryimage\"},\"image\":{\"@id\":\"https:\\\/\\\/radioleinewelle.de\\\/index.php\\\/2020\\\/10\\\/13\\\/die-kleinen-unterstuetzen-dorfladen-herberhausen-bekommt-foerderung\\\/#primaryimage\"},\"thumbnailUrl\":\"https:\\\/\\\/radioleinewelle.de\\\/wp-content\\\/uploads\\\/2020\\\/10\\\/village-shop-4487285_640.jpg\",\"datePublished\":\"2020-10-13T03:15:40+00:00\",\"breadcrumb\":{\"@id\":\"https:\\\/\\\/radioleinewelle.de\\\/index.php\\\/2020\\\/10\\\/13\\\/die-kleinen-unterstuetzen-dorfladen-herberhausen-bekommt-foerderung\\\/#breadcrumb\"},\"inLanguage\":\"de\",\"potentialAction\":[{\"@type\":\"ReadAction\",\"target\":[\"https:\\\/\\\/radioleinewelle.de\\\/index.php\\\/2020\\\/10\\\/13\\\/die-kleinen-unterstuetzen-dorfladen-herberhausen-bekommt-foerderung\\\/\"]}]},{\"@type\":\"ImageObject\",\"inLanguage\":\"de\",\"@id\":\"https:\\\/\\\/radioleinewelle.de\\\/index.php\\\/2020\\\/10\\\/13\\\/die-kleinen-unterstuetzen-dorfladen-herberhausen-bekommt-foerderung\\\/#primaryimage\",\"url\":\"https:\\\/\\\/radioleinewelle.de\\\/wp-content\\\/uploads\\\/2020\\\/10\\\/village-shop-4487285_640.jpg\",\"contentUrl\":\"https:\\\/\\\/radioleinewelle.de\\\/wp-content\\\/uploads\\\/2020\\\/10\\\/village-shop-4487285_640.jpg\",\"width\":640,\"height\":426},{\"@type\":\"BreadcrumbList\",\"@id\":\"https:\\\/\\\/radioleinewelle.de\\\/index.php\\\/2020\\\/10\\\/13\\\/die-kleinen-unterstuetzen-dorfladen-herberhausen-bekommt-foerderung\\\/#breadcrumb\",\"itemListElement\":[{\"@type\":\"ListItem\",\"position\":1,\"name\":\"Startseite\",\"item\":\"https:\\\/\\\/radioleinewelle.de\\\/\"},{\"@type\":\"ListItem\",\"position\":2,\"name\":\"Die Kleinen unterst\u00fctzen: Dorfladen Herberhausen bekommt F\u00f6rderung\"}]},{\"@type\":\"WebSite\",\"@id\":\"https:\\\/\\\/radioleinewelle.de\\\/#website\",\"url\":\"https:\\\/\\\/radioleinewelle.de\\\/\",\"name\":\"Radio Leinewelle\",\"description\":\"\",\"publisher\":{\"@id\":\"https:\\\/\\\/radioleinewelle.de\\\/#organization\"},\"potentialAction\":[{\"@type\":\"SearchAction\",\"target\":{\"@type\":\"EntryPoint\",\"urlTemplate\":\"https:\\\/\\\/radioleinewelle.de\\\/?s={search_term_string}\"},\"query-input\":{\"@type\":\"PropertyValueSpecification\",\"valueRequired\":true,\"valueName\":\"search_term_string\"}}],\"inLanguage\":\"de\"},{\"@type\":\"Organization\",\"@id\":\"https:\\\/\\\/radioleinewelle.de\\\/#organization\",\"name\":\"Radio Leinewelle\",\"alternateName\":\"Mein Radio f\u00fcr S\u00fcdniedersachsen\",\"url\":\"https:\\\/\\\/radioleinewelle.de\\\/\",\"logo\":{\"@type\":\"ImageObject\",\"inLanguage\":\"de\",\"@id\":\"https:\\\/\\\/radioleinewelle.de\\\/#\\\/schema\\\/logo\\\/image\\\/\",\"url\":\"https:\\\/\\\/radioleinewelle.de\\\/wp-content\\\/uploads\\\/2023\\\/11\\\/cropped-Leinewelle_Logo_weiss.png\",\"contentUrl\":\"https:\\\/\\\/radioleinewelle.de\\\/wp-content\\\/uploads\\\/2023\\\/11\\\/cropped-Leinewelle_Logo_weiss.png\",\"width\":854,\"height\":260,\"caption\":\"Radio Leinewelle\"},\"image\":{\"@id\":\"https:\\\/\\\/radioleinewelle.de\\\/#\\\/schema\\\/logo\\\/image\\\/\"},\"sameAs\":[\"https:\\\/\\\/www.facebook.com\\\/radioleinewelle\",\"https:\\\/\\\/x.com\\\/RLeinewelle\",\"https:\\\/\\\/www.instagram.com\\\/radioleinewelle\\\/?hl=de\"]},{\"@type\":\"Person\",\"@id\":\"https:\\\/\\\/radioleinewelle.de\\\/#\\\/schema\\\/person\\\/45606f348637df637192dc1b68399a63\",\"name\":\"Leinewelle\",\"image\":{\"@type\":\"ImageObject\",\"inLanguage\":\"de\",\"@id\":\"https:\\\/\\\/secure.gravatar.com\\\/avatar\\\/05c9a17bc973052ee5d91549bd32fb4dd0dc85b7b85ae94b2e2b4943476bbea5?s=96&d=blank&r=g\",\"url\":\"https:\\\/\\\/secure.gravatar.com\\\/avatar\\\/05c9a17bc973052ee5d91549bd32fb4dd0dc85b7b85ae94b2e2b4943476bbea5?s=96&d=blank&r=g\",\"contentUrl\":\"https:\\\/\\\/secure.gravatar.com\\\/avatar\\\/05c9a17bc973052ee5d91549bd32fb4dd0dc85b7b85ae94b2e2b4943476bbea5?s=96&d=blank&r=g\",\"caption\":\"Leinewelle\"},\"sameAs\":[\"http:\\\/\\\/localhost\\\/radio%20leinewelle\\\/wordpress\",\"https:\\\/\\\/www.facebook.com\\\/radioleinewelle\",\"https:\\\/\\\/www.instagram.com\\\/radioleinewelle\",\"https:\\\/\\\/x.com\\\/https:\\\/\\\/twitter.com\\\/RLeinewelle?ref_src=twsrcgoogletwcampserptwgrauthor\",\"https:\\\/\\\/soundcloud.com\\\/foerderverein-lokalradio?utm_source=clipboard&utm_medium=text&utm_campaign=social_sharing\"],\"url\":\"https:\\\/\\\/radioleinewelle.de\\\/index.php\\\/author\\\/leinewelle\\\/\"}]}<\/script>\n<!-- \/ Yoast SEO plugin. -->","yoast_head_json":{"title":"Die Kleinen unterst\u00fctzen: Dorfladen Herberhausen bekommt F\u00f6rderung - Radio Leinewelle","robots":{"index":"index","follow":"follow","max-snippet":"max-snippet:-1","max-image-preview":"max-image-preview:large","max-video-preview":"max-video-preview:-1"},"canonical":"https:\/\/radioleinewelle.de\/index.php\/2020\/10\/13\/die-kleinen-unterstuetzen-dorfladen-herberhausen-bekommt-foerderung\/","og_locale":"de_DE","og_type":"article","og_title":"Die Kleinen unterst\u00fctzen: Dorfladen Herberhausen bekommt F\u00f6rderung - Radio Leinewelle","og_description":"Nach einem Aufruf der G\u00f6ttinger Abgeordneten Fritz G\u00fcntzler (CDU) und Thomas Oppermann (SPD), sich f\u00fcr das Corona- Sonderf\u00f6rderprogramm \u201eEhrenamt st\u00e4rken. Versorgung sichern\u201c zu bewerben, hat nun die Initiative \u201eCorona-Ma\u00dfnahmen Lebensmittelversorgung\u201c des F\u00f6rdervereins Dorfladen Herberhausen e.V. einen Zuwendungsbescheid in H\u00f6he von insgesamt 3.280 Euro erhalten. So erh\u00e4lt nach dem Projekt in Roringen auch Herberhausen wichtige F\u00f6rdermittel.\u00a0\u201eWir [&hellip;]","og_url":"https:\/\/radioleinewelle.de\/index.php\/2020\/10\/13\/die-kleinen-unterstuetzen-dorfladen-herberhausen-bekommt-foerderung\/","og_site_name":"Radio Leinewelle","article_publisher":"https:\/\/www.facebook.com\/radioleinewelle","article_author":"https:\/\/www.facebook.com\/radioleinewelle","article_published_time":"2020-10-13T03:15:40+00:00","og_image":[{"width":640,"height":426,"url":"https:\/\/radioleinewelle.de\/wp-content\/uploads\/2020\/10\/village-shop-4487285_640.jpg","type":"image\/jpeg"}],"author":"Leinewelle","twitter_card":"summary_large_image","twitter_creator":"@https:\/\/twitter.com\/RLeinewelle?ref_src=twsrcgoogletwcampserptwgrauthor","twitter_site":"@RLeinewelle","twitter_misc":{"Verfasst von":"Leinewelle","Gesch\u00e4tzte Lesezeit":"2\u00a0Minuten"},"schema":{"@context":"https:\/\/schema.org","@graph":[{"@type":"Article","@id":"https:\/\/radioleinewelle.de\/index.php\/2020\/10\/13\/die-kleinen-unterstuetzen-dorfladen-herberhausen-bekommt-foerderung\/#article","isPartOf":{"@id":"https:\/\/radioleinewelle.de\/index.php\/2020\/10\/13\/die-kleinen-unterstuetzen-dorfladen-herberhausen-bekommt-foerderung\/"},"author":{"name":"Leinewelle","@id":"https:\/\/radioleinewelle.de\/#\/schema\/person\/45606f348637df637192dc1b68399a63"},"headline":"Die Kleinen unterst\u00fctzen: Dorfladen Herberhausen bekommt F\u00f6rderung","datePublished":"2020-10-13T03:15:40+00:00","mainEntityOfPage":{"@id":"https:\/\/radioleinewelle.de\/index.php\/2020\/10\/13\/die-kleinen-unterstuetzen-dorfladen-herberhausen-bekommt-foerderung\/"},"wordCount":310,"publisher":{"@id":"https:\/\/radioleinewelle.de\/#organization"},"image":{"@id":"https:\/\/radioleinewelle.de\/index.php\/2020\/10\/13\/die-kleinen-unterstuetzen-dorfladen-herberhausen-bekommt-foerderung\/#primaryimage"},"thumbnailUrl":"https:\/\/radioleinewelle.de\/wp-content\/uploads\/2020\/10\/village-shop-4487285_640.jpg","articleSection":["Lokalpolitik"],"inLanguage":"de"},{"@type":"WebPage","@id":"https:\/\/radioleinewelle.de\/index.php\/2020\/10\/13\/die-kleinen-unterstuetzen-dorfladen-herberhausen-bekommt-foerderung\/","url":"https:\/\/radioleinewelle.de\/index.php\/2020\/10\/13\/die-kleinen-unterstuetzen-dorfladen-herberhausen-bekommt-foerderung\/","name":"Die Kleinen unterst\u00fctzen: Dorfladen Herberhausen bekommt F\u00f6rderung - Radio Leinewelle","isPartOf":{"@id":"https:\/\/radioleinewelle.de\/#website"},"primaryImageOfPage":{"@id":"https:\/\/radioleinewelle.de\/index.php\/2020\/10\/13\/die-kleinen-unterstuetzen-dorfladen-herberhausen-bekommt-foerderung\/#primaryimage"},"image":{"@id":"https:\/\/radioleinewelle.de\/index.php\/2020\/10\/13\/die-kleinen-unterstuetzen-dorfladen-herberhausen-bekommt-foerderung\/#primaryimage"},"thumbnailUrl":"https:\/\/radioleinewelle.de\/wp-content\/uploads\/2020\/10\/village-shop-4487285_640.jpg","datePublished":"2020-10-13T03:15:40+00:00","breadcrumb":{"@id":"https:\/\/radioleinewelle.de\/index.php\/2020\/10\/13\/die-kleinen-unterstuetzen-dorfladen-herberhausen-bekommt-foerderung\/#breadcrumb"},"inLanguage":"de","potentialAction":[{"@type":"ReadAction","target":["https:\/\/radioleinewelle.de\/index.php\/2020\/10\/13\/die-kleinen-unterstuetzen-dorfladen-herberhausen-bekommt-foerderung\/"]}]},{"@type":"ImageObject","inLanguage":"de","@id":"https:\/\/radioleinewelle.de\/index.php\/2020\/10\/13\/die-kleinen-unterstuetzen-dorfladen-herberhausen-bekommt-foerderung\/#primaryimage","url":"https:\/\/radioleinewelle.de\/wp-content\/uploads\/2020\/10\/village-shop-4487285_640.jpg","contentUrl":"https:\/\/radioleinewelle.de\/wp-content\/uploads\/2020\/10\/village-shop-4487285_640.jpg","width":640,"height":426},{"@type":"BreadcrumbList","@id":"https:\/\/radioleinewelle.de\/index.php\/2020\/10\/13\/die-kleinen-unterstuetzen-dorfladen-herberhausen-bekommt-foerderung\/#breadcrumb","itemListElement":[{"@type":"ListItem","position":1,"name":"Startseite","item":"https:\/\/radioleinewelle.de\/"},{"@type":"ListItem","position":2,"name":"Die Kleinen unterst\u00fctzen: Dorfladen Herberhausen bekommt F\u00f6rderung"}]},{"@type":"WebSite","@id":"https:\/\/radioleinewelle.de\/#website","url":"https:\/\/radioleinewelle.de\/","name":"Radio Leinewelle","description":"","publisher":{"@id":"https:\/\/radioleinewelle.de\/#organization"},"potentialAction":[{"@type":"SearchAction","target":{"@type":"EntryPoint","urlTemplate":"https:\/\/radioleinewelle.de\/?s={search_term_string}"},"query-input":{"@type":"PropertyValueSpecification","valueRequired":true,"valueName":"search_term_string"}}],"inLanguage":"de"},{"@type":"Organization","@id":"https:\/\/radioleinewelle.de\/#organization","name":"Radio Leinewelle","alternateName":"Mein Radio f\u00fcr S\u00fcdniedersachsen","url":"https:\/\/radioleinewelle.de\/","logo":{"@type":"ImageObject","inLanguage":"de","@id":"https:\/\/radioleinewelle.de\/#\/schema\/logo\/image\/","url":"https:\/\/radioleinewelle.de\/wp-content\/uploads\/2023\/11\/cropped-Leinewelle_Logo_weiss.png","contentUrl":"https:\/\/radioleinewelle.de\/wp-content\/uploads\/2023\/11\/cropped-Leinewelle_Logo_weiss.png","width":854,"height":260,"caption":"Radio Leinewelle"},"image":{"@id":"https:\/\/radioleinewelle.de\/#\/schema\/logo\/image\/"},"sameAs":["https:\/\/www.facebook.com\/radioleinewelle","https:\/\/x.com\/RLeinewelle","https:\/\/www.instagram.com\/radioleinewelle\/?hl=de"]},{"@type":"Person","@id":"https:\/\/radioleinewelle.de\/#\/schema\/person\/45606f348637df637192dc1b68399a63","name":"Leinewelle","image":{"@type":"ImageObject","inLanguage":"de","@id":"https:\/\/secure.gravatar.com\/avatar\/05c9a17bc973052ee5d91549bd32fb4dd0dc85b7b85ae94b2e2b4943476bbea5?s=96&d=blank&r=g","url":"https:\/\/secure.gravatar.com\/avatar\/05c9a17bc973052ee5d91549bd32fb4dd0dc85b7b85ae94b2e2b4943476bbea5?s=96&d=blank&r=g","contentUrl":"https:\/\/secure.gravatar.com\/avatar\/05c9a17bc973052ee5d91549bd32fb4dd0dc85b7b85ae94b2e2b4943476bbea5?s=96&d=blank&r=g","caption":"Leinewelle"},"sameAs":["http:\/\/localhost\/radio%20leinewelle\/wordpress","https:\/\/www.facebook.com\/radioleinewelle","https:\/\/www.instagram.com\/radioleinewelle","https:\/\/x.com\/https:\/\/twitter.com\/RLeinewelle?ref_src=twsrcgoogletwcampserptwgrauthor","https:\/\/soundcloud.com\/foerderverein-lokalradio?utm_source=clipboard&utm_medium=text&utm_campaign=social_sharing"],"url":"https:\/\/radioleinewelle.de\/index.php\/author\/leinewelle\/"}]}},"_links":{"self":[{"href":"https:\/\/radioleinewelle.de\/index.php\/wp-json\/wp\/v2\/posts\/2288","targetHints":{"allow":["GET"]}}],"collection":[{"href":"https:\/\/radioleinewelle.de\/index.php\/wp-json\/wp\/v2\/posts"}],"about":[{"href":"https:\/\/radioleinewelle.de\/index.php\/wp-json\/wp\/v2\/types\/post"}],"author":[{"embeddable":true,"href":"https:\/\/radioleinewelle.de\/index.php\/wp-json\/wp\/v2\/users\/1"}],"replies":[{"embeddable":true,"href":"https:\/\/radioleinewelle.de\/index.php\/wp-json\/wp\/v2\/comments?post=2288"}],"version-history":[{"count":0,"href":"https:\/\/radioleinewelle.de\/index.php\/wp-json\/wp\/v2\/posts\/2288\/revisions"}],"wp:featuredmedia":[{"embeddable":true,"href":"https:\/\/radioleinewelle.de\/index.php\/wp-json\/wp\/v2\/media\/2290"}],"wp:attachment":[{"href":"https:\/\/radioleinewelle.de\/index.php\/wp-json\/wp\/v2\/media?parent=2288"}],"wp:term":[{"taxonomy":"category","embeddable":true,"href":"https:\/\/radioleinewelle.de\/index.php\/wp-json\/wp\/v2\/categories?post=2288"},{"taxonomy":"post_tag","embeddable":true,"href":"https:\/\/radioleinewelle.de\/index.php\/wp-json\/wp\/v2\/tags?post=2288"}],"curies":[{"name":"wp","href":"https:\/\/api.w.org\/{rel}","templated":true}]}}