{"id":22902,"date":"2023-06-27T08:22:32","date_gmt":"2023-06-27T06:22:32","guid":{"rendered":"https:\/\/radioleinewelle.de\/?p=22902"},"modified":"2023-06-27T08:22:34","modified_gmt":"2023-06-27T06:22:34","slug":"trockenheit-als-stressfaktor-fuer-den-wald-insektenschaeden-fuer-595-des-schadholzeinschlags-verantwortlich","status":"publish","type":"post","link":"https:\/\/radioleinewelle.de\/index.php\/2023\/06\/27\/trockenheit-als-stressfaktor-fuer-den-wald-insektenschaeden-fuer-595-des-schadholzeinschlags-verantwortlich\/","title":{"rendered":"Trockenheit als Stressfaktor f\u00fcr den Wald: Insektensch\u00e4den f\u00fcr 59,5 % des Schadholzeinschlags verantwortlich"},"content":{"rendered":"\n<p>Hohe Temperaturen und die anhaltende Trockenheit setzen den W\u00e4ldern in Deutschland seit einigen Jahren verst\u00e4rkt zu. Dies erh\u00f6ht das Risiko f\u00fcr Waldbr\u00e4nde und beg\u00fcnstigt die Ausbreitung von Sch\u00e4dlingen wie dem Borkenk\u00e4fer. Im Jahr 2022 wurden aufgrund von Insektensch\u00e4den 26,6 Millionen Kubikmeter Schadholz eingeschlagen. Wie das Statistische Bundesamt (Destatis) mitteilt, entspricht das einem Anteil von 59,5 % an dem durch Waldsch\u00e4den bedingten Holzeinschlag in H\u00f6he von 44,7 Millionen Kubikmetern. Der Anteil hat seit 2018 deutlich zugenommen und 2021 mit 81,4 % einen vorl\u00e4ufigen H\u00f6chststand erreicht. 2012 hatte er noch bei 17,8 % gelegen. Insgesamt wurden 2022 78,7 Millionen Kubikmeter Holz eingeschlagen.<\/p>\n\n\n\n<p>Inzwischen stellt der Befall durch Sch\u00e4dlinge seit 2016 die Hauptursache f\u00fcr den Schadholzeinschlag in deutschen W\u00e4ldern dar. 2022 spielten zudem Wind- und Sturmsch\u00e4den als Einschlagsursache eine gr\u00f6\u00dfere Rolle (27,8 %). Starke Winde oder Orkane treten meist als singul\u00e4re Ereignisse und unterschiedlich h\u00e4ufig auf. Entsprechend kann diese Kategorie von Jahr zu Jahr gro\u00dfen Schwankungen unterliegen.<\/p>\n\n\n\n<p>Seit 2020 wird Trockenheit als ausschlaggebende Einschlagsursache separat erfasst. Der Anteil des aufgrund von Trockenheit eingeschlagenen Schadholzes ist seither leicht gestiegen: von 5,2 % im Jahr 2020 auf 8,1 % im vergangenen Jahr.<\/p>\n\n\n\n<p><strong>Nadelb\u00e4ume besonders betroffen<\/strong><br>Die Trockenheit betrifft vor allem Nadelb\u00e4ume, allen voran Fichten: Nahezu zwei Drittel (63,2 %) des Schadholzeinschlags aufgrund von Trockenheit entfielen auf Nadelbaumarten. Auch von Insektenbefall, der vielfach durch dauerhafte Trockenheit beg\u00fcnstigt wird, sind Nadelb\u00e4ume besonders betroffen. 2022 war mit 99,0 % fast der gesamte insektenbedingte Schadholzeinschlag diesen Baumarten zuzuordnen. Ein Grund hierf\u00fcr ist die \u00fcber Jahre zunehmende Verbreitung des Borkenk\u00e4fers, der vorrangig Fichten bef\u00e4llt.<\/p>\n\n\n\n<p>Bild von <a href=\"https:\/\/pixabay.com\/de\/users\/antranias-50356\/?utm_source=link-attribution&amp;utm_medium=referral&amp;utm_campaign=image&amp;utm_content=711510\">Manfred Antranias Zimmer<\/a> auf <a href=\"https:\/\/pixabay.com\/de\/\/?utm_source=link-attribution&amp;utm_medium=referral&amp;utm_campaign=image&amp;utm_content=711510\">Pixabay<\/a><\/p>\n","protected":false},"excerpt":{"rendered":"<p>Hohe Temperaturen und die anhaltende Trockenheit setzen den W\u00e4ldern in Deutschland seit einigen Jahren verst\u00e4rkt zu. Dies erh\u00f6ht das Risiko f\u00fcr Waldbr\u00e4nde und beg\u00fcnstigt die Ausbreitung von Sch\u00e4dlingen wie dem Borkenk\u00e4fer. Im Jahr 2022 wurden aufgrund von Insektensch\u00e4den 26,6 Millionen Kubikmeter Schadholz eingeschlagen. Wie das Statistische Bundesamt (Destatis) mitteilt, entspricht das einem Anteil von 59,5 [&hellip;]<\/p>\n","protected":false},"author":1,"featured_media":22903,"comment_status":"open","ping_status":"open","sticky":true,"template":"","format":"standard","meta":{"saved_in_kubio":false,"footnotes":""},"categories":[520],"tags":[],"class_list":["post-22902","post","type-post","status-publish","format-standard","has-post-thumbnail","hentry","category-klimawandel"],"yoast_head":"<!-- This site is optimized with the Yoast SEO plugin v27.5 - https:\/\/yoast.com\/product\/yoast-seo-wordpress\/ -->\n<title>Trockenheit als Stressfaktor f\u00fcr den Wald: Insektensch\u00e4den f\u00fcr 59,5 % des Schadholzeinschlags verantwortlich - Radio Leinewelle<\/title>\n<meta name=\"robots\" content=\"index, follow, max-snippet:-1, max-image-preview:large, max-video-preview:-1\" \/>\n<link rel=\"canonical\" href=\"https:\/\/radioleinewelle.de\/index.php\/2023\/06\/27\/trockenheit-als-stressfaktor-fuer-den-wald-insektenschaeden-fuer-595-des-schadholzeinschlags-verantwortlich\/\" \/>\n<meta property=\"og:locale\" content=\"de_DE\" \/>\n<meta property=\"og:type\" content=\"article\" \/>\n<meta property=\"og:title\" content=\"Trockenheit als Stressfaktor f\u00fcr den Wald: Insektensch\u00e4den f\u00fcr 59,5 % des Schadholzeinschlags verantwortlich - Radio Leinewelle\" \/>\n<meta property=\"og:description\" content=\"Hohe Temperaturen und die anhaltende Trockenheit setzen den W\u00e4ldern in Deutschland seit einigen Jahren verst\u00e4rkt zu. Dies erh\u00f6ht das Risiko f\u00fcr Waldbr\u00e4nde und beg\u00fcnstigt die Ausbreitung von Sch\u00e4dlingen wie dem Borkenk\u00e4fer. Im Jahr 2022 wurden aufgrund von Insektensch\u00e4den 26,6 Millionen Kubikmeter Schadholz eingeschlagen. Wie das Statistische Bundesamt (Destatis) mitteilt, entspricht das einem Anteil von 59,5 [&hellip;]\" \/>\n<meta property=\"og:url\" content=\"https:\/\/radioleinewelle.de\/index.php\/2023\/06\/27\/trockenheit-als-stressfaktor-fuer-den-wald-insektenschaeden-fuer-595-des-schadholzeinschlags-verantwortlich\/\" \/>\n<meta property=\"og:site_name\" content=\"Radio Leinewelle\" \/>\n<meta property=\"article:publisher\" content=\"https:\/\/www.facebook.com\/radioleinewelle\" \/>\n<meta property=\"article:author\" content=\"https:\/\/www.facebook.com\/radioleinewelle\" \/>\n<meta property=\"article:published_time\" content=\"2023-06-27T06:22:32+00:00\" \/>\n<meta property=\"article:modified_time\" content=\"2023-06-27T06:22:34+00:00\" \/>\n<meta property=\"og:image\" content=\"https:\/\/radioleinewelle.de\/wp-content\/uploads\/2023\/06\/forest-damage-ga9e04ec64_640.jpg\" \/>\n\t<meta property=\"og:image:width\" content=\"640\" \/>\n\t<meta property=\"og:image:height\" content=\"512\" \/>\n\t<meta property=\"og:image:type\" content=\"image\/jpeg\" \/>\n<meta name=\"author\" content=\"Leinewelle\" \/>\n<meta name=\"twitter:card\" content=\"summary_large_image\" \/>\n<meta name=\"twitter:creator\" content=\"@https:\/\/twitter.com\/RLeinewelle?ref_src=twsrcgoogletwcampserptwgrauthor\" \/>\n<meta name=\"twitter:site\" content=\"@RLeinewelle\" \/>\n<meta name=\"twitter:label1\" content=\"Verfasst von\" \/>\n\t<meta name=\"twitter:data1\" content=\"Leinewelle\" \/>\n\t<meta name=\"twitter:label2\" content=\"Gesch\u00e4tzte Lesezeit\" \/>\n\t<meta name=\"twitter:data2\" content=\"2\u00a0Minuten\" \/>\n<script type=\"application\/ld+json\" class=\"yoast-schema-graph\">{\"@context\":\"https:\\\/\\\/schema.org\",\"@graph\":[{\"@type\":\"Article\",\"@id\":\"https:\\\/\\\/radioleinewelle.de\\\/index.php\\\/2023\\\/06\\\/27\\\/trockenheit-als-stressfaktor-fuer-den-wald-insektenschaeden-fuer-595-des-schadholzeinschlags-verantwortlich\\\/#article\",\"isPartOf\":{\"@id\":\"https:\\\/\\\/radioleinewelle.de\\\/index.php\\\/2023\\\/06\\\/27\\\/trockenheit-als-stressfaktor-fuer-den-wald-insektenschaeden-fuer-595-des-schadholzeinschlags-verantwortlich\\\/\"},\"author\":{\"name\":\"Leinewelle\",\"@id\":\"https:\\\/\\\/radioleinewelle.de\\\/#\\\/schema\\\/person\\\/45606f348637df637192dc1b68399a63\"},\"headline\":\"Trockenheit als Stressfaktor f\u00fcr den Wald: Insektensch\u00e4den f\u00fcr 59,5 % des Schadholzeinschlags verantwortlich\",\"datePublished\":\"2023-06-27T06:22:32+00:00\",\"dateModified\":\"2023-06-27T06:22:34+00:00\",\"mainEntityOfPage\":{\"@id\":\"https:\\\/\\\/radioleinewelle.de\\\/index.php\\\/2023\\\/06\\\/27\\\/trockenheit-als-stressfaktor-fuer-den-wald-insektenschaeden-fuer-595-des-schadholzeinschlags-verantwortlich\\\/\"},\"wordCount\":274,\"commentCount\":0,\"publisher\":{\"@id\":\"https:\\\/\\\/radioleinewelle.de\\\/#organization\"},\"image\":{\"@id\":\"https:\\\/\\\/radioleinewelle.de\\\/index.php\\\/2023\\\/06\\\/27\\\/trockenheit-als-stressfaktor-fuer-den-wald-insektenschaeden-fuer-595-des-schadholzeinschlags-verantwortlich\\\/#primaryimage\"},\"thumbnailUrl\":\"https:\\\/\\\/radioleinewelle.de\\\/wp-content\\\/uploads\\\/2023\\\/06\\\/forest-damage-ga9e04ec64_640.jpg\",\"articleSection\":[\"Klimawandel\"],\"inLanguage\":\"de\",\"potentialAction\":[{\"@type\":\"CommentAction\",\"name\":\"Comment\",\"target\":[\"https:\\\/\\\/radioleinewelle.de\\\/index.php\\\/2023\\\/06\\\/27\\\/trockenheit-als-stressfaktor-fuer-den-wald-insektenschaeden-fuer-595-des-schadholzeinschlags-verantwortlich\\\/#respond\"]}]},{\"@type\":\"WebPage\",\"@id\":\"https:\\\/\\\/radioleinewelle.de\\\/index.php\\\/2023\\\/06\\\/27\\\/trockenheit-als-stressfaktor-fuer-den-wald-insektenschaeden-fuer-595-des-schadholzeinschlags-verantwortlich\\\/\",\"url\":\"https:\\\/\\\/radioleinewelle.de\\\/index.php\\\/2023\\\/06\\\/27\\\/trockenheit-als-stressfaktor-fuer-den-wald-insektenschaeden-fuer-595-des-schadholzeinschlags-verantwortlich\\\/\",\"name\":\"Trockenheit als Stressfaktor f\u00fcr den Wald: Insektensch\u00e4den f\u00fcr 59,5 % des Schadholzeinschlags verantwortlich - Radio Leinewelle\",\"isPartOf\":{\"@id\":\"https:\\\/\\\/radioleinewelle.de\\\/#website\"},\"primaryImageOfPage\":{\"@id\":\"https:\\\/\\\/radioleinewelle.de\\\/index.php\\\/2023\\\/06\\\/27\\\/trockenheit-als-stressfaktor-fuer-den-wald-insektenschaeden-fuer-595-des-schadholzeinschlags-verantwortlich\\\/#primaryimage\"},\"image\":{\"@id\":\"https:\\\/\\\/radioleinewelle.de\\\/index.php\\\/2023\\\/06\\\/27\\\/trockenheit-als-stressfaktor-fuer-den-wald-insektenschaeden-fuer-595-des-schadholzeinschlags-verantwortlich\\\/#primaryimage\"},\"thumbnailUrl\":\"https:\\\/\\\/radioleinewelle.de\\\/wp-content\\\/uploads\\\/2023\\\/06\\\/forest-damage-ga9e04ec64_640.jpg\",\"datePublished\":\"2023-06-27T06:22:32+00:00\",\"dateModified\":\"2023-06-27T06:22:34+00:00\",\"breadcrumb\":{\"@id\":\"https:\\\/\\\/radioleinewelle.de\\\/index.php\\\/2023\\\/06\\\/27\\\/trockenheit-als-stressfaktor-fuer-den-wald-insektenschaeden-fuer-595-des-schadholzeinschlags-verantwortlich\\\/#breadcrumb\"},\"inLanguage\":\"de\",\"potentialAction\":[{\"@type\":\"ReadAction\",\"target\":[\"https:\\\/\\\/radioleinewelle.de\\\/index.php\\\/2023\\\/06\\\/27\\\/trockenheit-als-stressfaktor-fuer-den-wald-insektenschaeden-fuer-595-des-schadholzeinschlags-verantwortlich\\\/\"]}]},{\"@type\":\"ImageObject\",\"inLanguage\":\"de\",\"@id\":\"https:\\\/\\\/radioleinewelle.de\\\/index.php\\\/2023\\\/06\\\/27\\\/trockenheit-als-stressfaktor-fuer-den-wald-insektenschaeden-fuer-595-des-schadholzeinschlags-verantwortlich\\\/#primaryimage\",\"url\":\"https:\\\/\\\/radioleinewelle.de\\\/wp-content\\\/uploads\\\/2023\\\/06\\\/forest-damage-ga9e04ec64_640.jpg\",\"contentUrl\":\"https:\\\/\\\/radioleinewelle.de\\\/wp-content\\\/uploads\\\/2023\\\/06\\\/forest-damage-ga9e04ec64_640.jpg\",\"width\":640,\"height\":512},{\"@type\":\"BreadcrumbList\",\"@id\":\"https:\\\/\\\/radioleinewelle.de\\\/index.php\\\/2023\\\/06\\\/27\\\/trockenheit-als-stressfaktor-fuer-den-wald-insektenschaeden-fuer-595-des-schadholzeinschlags-verantwortlich\\\/#breadcrumb\",\"itemListElement\":[{\"@type\":\"ListItem\",\"position\":1,\"name\":\"Startseite\",\"item\":\"https:\\\/\\\/radioleinewelle.de\\\/\"},{\"@type\":\"ListItem\",\"position\":2,\"name\":\"Trockenheit als Stressfaktor f\u00fcr den Wald: Insektensch\u00e4den f\u00fcr 59,5 % des Schadholzeinschlags verantwortlich\"}]},{\"@type\":\"WebSite\",\"@id\":\"https:\\\/\\\/radioleinewelle.de\\\/#website\",\"url\":\"https:\\\/\\\/radioleinewelle.de\\\/\",\"name\":\"Radio Leinewelle\",\"description\":\"\",\"publisher\":{\"@id\":\"https:\\\/\\\/radioleinewelle.de\\\/#organization\"},\"potentialAction\":[{\"@type\":\"SearchAction\",\"target\":{\"@type\":\"EntryPoint\",\"urlTemplate\":\"https:\\\/\\\/radioleinewelle.de\\\/?s={search_term_string}\"},\"query-input\":{\"@type\":\"PropertyValueSpecification\",\"valueRequired\":true,\"valueName\":\"search_term_string\"}}],\"inLanguage\":\"de\"},{\"@type\":\"Organization\",\"@id\":\"https:\\\/\\\/radioleinewelle.de\\\/#organization\",\"name\":\"Radio Leinewelle\",\"alternateName\":\"Mein Radio f\u00fcr S\u00fcdniedersachsen\",\"url\":\"https:\\\/\\\/radioleinewelle.de\\\/\",\"logo\":{\"@type\":\"ImageObject\",\"inLanguage\":\"de\",\"@id\":\"https:\\\/\\\/radioleinewelle.de\\\/#\\\/schema\\\/logo\\\/image\\\/\",\"url\":\"https:\\\/\\\/radioleinewelle.de\\\/wp-content\\\/uploads\\\/2023\\\/11\\\/cropped-Leinewelle_Logo_weiss.png\",\"contentUrl\":\"https:\\\/\\\/radioleinewelle.de\\\/wp-content\\\/uploads\\\/2023\\\/11\\\/cropped-Leinewelle_Logo_weiss.png\",\"width\":854,\"height\":260,\"caption\":\"Radio Leinewelle\"},\"image\":{\"@id\":\"https:\\\/\\\/radioleinewelle.de\\\/#\\\/schema\\\/logo\\\/image\\\/\"},\"sameAs\":[\"https:\\\/\\\/www.facebook.com\\\/radioleinewelle\",\"https:\\\/\\\/x.com\\\/RLeinewelle\",\"https:\\\/\\\/www.instagram.com\\\/radioleinewelle\\\/?hl=de\"]},{\"@type\":\"Person\",\"@id\":\"https:\\\/\\\/radioleinewelle.de\\\/#\\\/schema\\\/person\\\/45606f348637df637192dc1b68399a63\",\"name\":\"Leinewelle\",\"image\":{\"@type\":\"ImageObject\",\"inLanguage\":\"de\",\"@id\":\"https:\\\/\\\/secure.gravatar.com\\\/avatar\\\/05c9a17bc973052ee5d91549bd32fb4dd0dc85b7b85ae94b2e2b4943476bbea5?s=96&d=blank&r=g\",\"url\":\"https:\\\/\\\/secure.gravatar.com\\\/avatar\\\/05c9a17bc973052ee5d91549bd32fb4dd0dc85b7b85ae94b2e2b4943476bbea5?s=96&d=blank&r=g\",\"contentUrl\":\"https:\\\/\\\/secure.gravatar.com\\\/avatar\\\/05c9a17bc973052ee5d91549bd32fb4dd0dc85b7b85ae94b2e2b4943476bbea5?s=96&d=blank&r=g\",\"caption\":\"Leinewelle\"},\"sameAs\":[\"http:\\\/\\\/localhost\\\/radio%20leinewelle\\\/wordpress\",\"https:\\\/\\\/www.facebook.com\\\/radioleinewelle\",\"https:\\\/\\\/www.instagram.com\\\/radioleinewelle\",\"https:\\\/\\\/x.com\\\/https:\\\/\\\/twitter.com\\\/RLeinewelle?ref_src=twsrcgoogletwcampserptwgrauthor\",\"https:\\\/\\\/soundcloud.com\\\/foerderverein-lokalradio?utm_source=clipboard&utm_medium=text&utm_campaign=social_sharing\"],\"url\":\"https:\\\/\\\/radioleinewelle.de\\\/index.php\\\/author\\\/leinewelle\\\/\"}]}<\/script>\n<!-- \/ Yoast SEO plugin. -->","yoast_head_json":{"title":"Trockenheit als Stressfaktor f\u00fcr den Wald: Insektensch\u00e4den f\u00fcr 59,5 % des Schadholzeinschlags verantwortlich - Radio Leinewelle","robots":{"index":"index","follow":"follow","max-snippet":"max-snippet:-1","max-image-preview":"max-image-preview:large","max-video-preview":"max-video-preview:-1"},"canonical":"https:\/\/radioleinewelle.de\/index.php\/2023\/06\/27\/trockenheit-als-stressfaktor-fuer-den-wald-insektenschaeden-fuer-595-des-schadholzeinschlags-verantwortlich\/","og_locale":"de_DE","og_type":"article","og_title":"Trockenheit als Stressfaktor f\u00fcr den Wald: Insektensch\u00e4den f\u00fcr 59,5 % des Schadholzeinschlags verantwortlich - Radio Leinewelle","og_description":"Hohe Temperaturen und die anhaltende Trockenheit setzen den W\u00e4ldern in Deutschland seit einigen Jahren verst\u00e4rkt zu. Dies erh\u00f6ht das Risiko f\u00fcr Waldbr\u00e4nde und beg\u00fcnstigt die Ausbreitung von Sch\u00e4dlingen wie dem Borkenk\u00e4fer. Im Jahr 2022 wurden aufgrund von Insektensch\u00e4den 26,6 Millionen Kubikmeter Schadholz eingeschlagen. Wie das Statistische Bundesamt (Destatis) mitteilt, entspricht das einem Anteil von 59,5 [&hellip;]","og_url":"https:\/\/radioleinewelle.de\/index.php\/2023\/06\/27\/trockenheit-als-stressfaktor-fuer-den-wald-insektenschaeden-fuer-595-des-schadholzeinschlags-verantwortlich\/","og_site_name":"Radio Leinewelle","article_publisher":"https:\/\/www.facebook.com\/radioleinewelle","article_author":"https:\/\/www.facebook.com\/radioleinewelle","article_published_time":"2023-06-27T06:22:32+00:00","article_modified_time":"2023-06-27T06:22:34+00:00","og_image":[{"width":640,"height":512,"url":"https:\/\/radioleinewelle.de\/wp-content\/uploads\/2023\/06\/forest-damage-ga9e04ec64_640.jpg","type":"image\/jpeg"}],"author":"Leinewelle","twitter_card":"summary_large_image","twitter_creator":"@https:\/\/twitter.com\/RLeinewelle?ref_src=twsrcgoogletwcampserptwgrauthor","twitter_site":"@RLeinewelle","twitter_misc":{"Verfasst von":"Leinewelle","Gesch\u00e4tzte Lesezeit":"2\u00a0Minuten"},"schema":{"@context":"https:\/\/schema.org","@graph":[{"@type":"Article","@id":"https:\/\/radioleinewelle.de\/index.php\/2023\/06\/27\/trockenheit-als-stressfaktor-fuer-den-wald-insektenschaeden-fuer-595-des-schadholzeinschlags-verantwortlich\/#article","isPartOf":{"@id":"https:\/\/radioleinewelle.de\/index.php\/2023\/06\/27\/trockenheit-als-stressfaktor-fuer-den-wald-insektenschaeden-fuer-595-des-schadholzeinschlags-verantwortlich\/"},"author":{"name":"Leinewelle","@id":"https:\/\/radioleinewelle.de\/#\/schema\/person\/45606f348637df637192dc1b68399a63"},"headline":"Trockenheit als Stressfaktor f\u00fcr den Wald: Insektensch\u00e4den f\u00fcr 59,5 % des Schadholzeinschlags verantwortlich","datePublished":"2023-06-27T06:22:32+00:00","dateModified":"2023-06-27T06:22:34+00:00","mainEntityOfPage":{"@id":"https:\/\/radioleinewelle.de\/index.php\/2023\/06\/27\/trockenheit-als-stressfaktor-fuer-den-wald-insektenschaeden-fuer-595-des-schadholzeinschlags-verantwortlich\/"},"wordCount":274,"commentCount":0,"publisher":{"@id":"https:\/\/radioleinewelle.de\/#organization"},"image":{"@id":"https:\/\/radioleinewelle.de\/index.php\/2023\/06\/27\/trockenheit-als-stressfaktor-fuer-den-wald-insektenschaeden-fuer-595-des-schadholzeinschlags-verantwortlich\/#primaryimage"},"thumbnailUrl":"https:\/\/radioleinewelle.de\/wp-content\/uploads\/2023\/06\/forest-damage-ga9e04ec64_640.jpg","articleSection":["Klimawandel"],"inLanguage":"de","potentialAction":[{"@type":"CommentAction","name":"Comment","target":["https:\/\/radioleinewelle.de\/index.php\/2023\/06\/27\/trockenheit-als-stressfaktor-fuer-den-wald-insektenschaeden-fuer-595-des-schadholzeinschlags-verantwortlich\/#respond"]}]},{"@type":"WebPage","@id":"https:\/\/radioleinewelle.de\/index.php\/2023\/06\/27\/trockenheit-als-stressfaktor-fuer-den-wald-insektenschaeden-fuer-595-des-schadholzeinschlags-verantwortlich\/","url":"https:\/\/radioleinewelle.de\/index.php\/2023\/06\/27\/trockenheit-als-stressfaktor-fuer-den-wald-insektenschaeden-fuer-595-des-schadholzeinschlags-verantwortlich\/","name":"Trockenheit als Stressfaktor f\u00fcr den Wald: Insektensch\u00e4den f\u00fcr 59,5 % des Schadholzeinschlags verantwortlich - Radio Leinewelle","isPartOf":{"@id":"https:\/\/radioleinewelle.de\/#website"},"primaryImageOfPage":{"@id":"https:\/\/radioleinewelle.de\/index.php\/2023\/06\/27\/trockenheit-als-stressfaktor-fuer-den-wald-insektenschaeden-fuer-595-des-schadholzeinschlags-verantwortlich\/#primaryimage"},"image":{"@id":"https:\/\/radioleinewelle.de\/index.php\/2023\/06\/27\/trockenheit-als-stressfaktor-fuer-den-wald-insektenschaeden-fuer-595-des-schadholzeinschlags-verantwortlich\/#primaryimage"},"thumbnailUrl":"https:\/\/radioleinewelle.de\/wp-content\/uploads\/2023\/06\/forest-damage-ga9e04ec64_640.jpg","datePublished":"2023-06-27T06:22:32+00:00","dateModified":"2023-06-27T06:22:34+00:00","breadcrumb":{"@id":"https:\/\/radioleinewelle.de\/index.php\/2023\/06\/27\/trockenheit-als-stressfaktor-fuer-den-wald-insektenschaeden-fuer-595-des-schadholzeinschlags-verantwortlich\/#breadcrumb"},"inLanguage":"de","potentialAction":[{"@type":"ReadAction","target":["https:\/\/radioleinewelle.de\/index.php\/2023\/06\/27\/trockenheit-als-stressfaktor-fuer-den-wald-insektenschaeden-fuer-595-des-schadholzeinschlags-verantwortlich\/"]}]},{"@type":"ImageObject","inLanguage":"de","@id":"https:\/\/radioleinewelle.de\/index.php\/2023\/06\/27\/trockenheit-als-stressfaktor-fuer-den-wald-insektenschaeden-fuer-595-des-schadholzeinschlags-verantwortlich\/#primaryimage","url":"https:\/\/radioleinewelle.de\/wp-content\/uploads\/2023\/06\/forest-damage-ga9e04ec64_640.jpg","contentUrl":"https:\/\/radioleinewelle.de\/wp-content\/uploads\/2023\/06\/forest-damage-ga9e04ec64_640.jpg","width":640,"height":512},{"@type":"BreadcrumbList","@id":"https:\/\/radioleinewelle.de\/index.php\/2023\/06\/27\/trockenheit-als-stressfaktor-fuer-den-wald-insektenschaeden-fuer-595-des-schadholzeinschlags-verantwortlich\/#breadcrumb","itemListElement":[{"@type":"ListItem","position":1,"name":"Startseite","item":"https:\/\/radioleinewelle.de\/"},{"@type":"ListItem","position":2,"name":"Trockenheit als Stressfaktor f\u00fcr den Wald: Insektensch\u00e4den f\u00fcr 59,5 % des Schadholzeinschlags verantwortlich"}]},{"@type":"WebSite","@id":"https:\/\/radioleinewelle.de\/#website","url":"https:\/\/radioleinewelle.de\/","name":"Radio Leinewelle","description":"","publisher":{"@id":"https:\/\/radioleinewelle.de\/#organization"},"potentialAction":[{"@type":"SearchAction","target":{"@type":"EntryPoint","urlTemplate":"https:\/\/radioleinewelle.de\/?s={search_term_string}"},"query-input":{"@type":"PropertyValueSpecification","valueRequired":true,"valueName":"search_term_string"}}],"inLanguage":"de"},{"@type":"Organization","@id":"https:\/\/radioleinewelle.de\/#organization","name":"Radio Leinewelle","alternateName":"Mein Radio f\u00fcr S\u00fcdniedersachsen","url":"https:\/\/radioleinewelle.de\/","logo":{"@type":"ImageObject","inLanguage":"de","@id":"https:\/\/radioleinewelle.de\/#\/schema\/logo\/image\/","url":"https:\/\/radioleinewelle.de\/wp-content\/uploads\/2023\/11\/cropped-Leinewelle_Logo_weiss.png","contentUrl":"https:\/\/radioleinewelle.de\/wp-content\/uploads\/2023\/11\/cropped-Leinewelle_Logo_weiss.png","width":854,"height":260,"caption":"Radio Leinewelle"},"image":{"@id":"https:\/\/radioleinewelle.de\/#\/schema\/logo\/image\/"},"sameAs":["https:\/\/www.facebook.com\/radioleinewelle","https:\/\/x.com\/RLeinewelle","https:\/\/www.instagram.com\/radioleinewelle\/?hl=de"]},{"@type":"Person","@id":"https:\/\/radioleinewelle.de\/#\/schema\/person\/45606f348637df637192dc1b68399a63","name":"Leinewelle","image":{"@type":"ImageObject","inLanguage":"de","@id":"https:\/\/secure.gravatar.com\/avatar\/05c9a17bc973052ee5d91549bd32fb4dd0dc85b7b85ae94b2e2b4943476bbea5?s=96&d=blank&r=g","url":"https:\/\/secure.gravatar.com\/avatar\/05c9a17bc973052ee5d91549bd32fb4dd0dc85b7b85ae94b2e2b4943476bbea5?s=96&d=blank&r=g","contentUrl":"https:\/\/secure.gravatar.com\/avatar\/05c9a17bc973052ee5d91549bd32fb4dd0dc85b7b85ae94b2e2b4943476bbea5?s=96&d=blank&r=g","caption":"Leinewelle"},"sameAs":["http:\/\/localhost\/radio%20leinewelle\/wordpress","https:\/\/www.facebook.com\/radioleinewelle","https:\/\/www.instagram.com\/radioleinewelle","https:\/\/x.com\/https:\/\/twitter.com\/RLeinewelle?ref_src=twsrcgoogletwcampserptwgrauthor","https:\/\/soundcloud.com\/foerderverein-lokalradio?utm_source=clipboard&utm_medium=text&utm_campaign=social_sharing"],"url":"https:\/\/radioleinewelle.de\/index.php\/author\/leinewelle\/"}]}},"_links":{"self":[{"href":"https:\/\/radioleinewelle.de\/index.php\/wp-json\/wp\/v2\/posts\/22902","targetHints":{"allow":["GET"]}}],"collection":[{"href":"https:\/\/radioleinewelle.de\/index.php\/wp-json\/wp\/v2\/posts"}],"about":[{"href":"https:\/\/radioleinewelle.de\/index.php\/wp-json\/wp\/v2\/types\/post"}],"author":[{"embeddable":true,"href":"https:\/\/radioleinewelle.de\/index.php\/wp-json\/wp\/v2\/users\/1"}],"replies":[{"embeddable":true,"href":"https:\/\/radioleinewelle.de\/index.php\/wp-json\/wp\/v2\/comments?post=22902"}],"version-history":[{"count":1,"href":"https:\/\/radioleinewelle.de\/index.php\/wp-json\/wp\/v2\/posts\/22902\/revisions"}],"predecessor-version":[{"id":22904,"href":"https:\/\/radioleinewelle.de\/index.php\/wp-json\/wp\/v2\/posts\/22902\/revisions\/22904"}],"wp:featuredmedia":[{"embeddable":true,"href":"https:\/\/radioleinewelle.de\/index.php\/wp-json\/wp\/v2\/media\/22903"}],"wp:attachment":[{"href":"https:\/\/radioleinewelle.de\/index.php\/wp-json\/wp\/v2\/media?parent=22902"}],"wp:term":[{"taxonomy":"category","embeddable":true,"href":"https:\/\/radioleinewelle.de\/index.php\/wp-json\/wp\/v2\/categories?post=22902"},{"taxonomy":"post_tag","embeddable":true,"href":"https:\/\/radioleinewelle.de\/index.php\/wp-json\/wp\/v2\/tags?post=22902"}],"curies":[{"name":"wp","href":"https:\/\/api.w.org\/{rel}","templated":true}]}}