{"id":22925,"date":"2023-06-30T11:06:48","date_gmt":"2023-06-30T09:06:48","guid":{"rendered":"https:\/\/radioleinewelle.de\/?p=22925"},"modified":"2023-06-30T11:08:42","modified_gmt":"2023-06-30T09:08:42","slug":"22925","status":"publish","type":"post","link":"https:\/\/radioleinewelle.de\/index.php\/2023\/06\/30\/22925\/","title":{"rendered":"Landkreis G\u00f6ttingen und RP Kassel teilen sich die Kosten f\u00fcr die Gierseilf\u00e4hre Veckerhagen"},"content":{"rendered":"\n<p>Seit mindestens 680 Jahren verbindet eine F\u00e4hre die Orte Veckerhagen (Landkreis Kassel, Hessen) und Hemeln (Landkreis G\u00f6ttingen, Niedersachsen) an der Weser. Dieses Kulturgut an geschichtstr\u00e4chtiger Stelle soll erhalten bleiben. Zu diesem Zweck haben das Land Hessen und der Landkreis G\u00f6ttingen heute eine Vereinbarung unterzeichnet, mit der die Betriebs- und Unterhaltungskosten k\u00fcnftig zu gleichen Teilen getragen werden.<\/p>\n\n\n\n<p>G\u00f6ttingens Landrat Marcel Riethig und Regierungspr\u00e4sident Mark Weinmeister unterzeichneten am Mittwoch, 28.06.2023, in Veckerhagen eine entsprechende Kosten\u00fcbernahmevereinbarung, der mehrj\u00e4hrige Planungen vorausgegangenen sind. Die Vereinbarung sieht vor, dass sich der Landkreis G\u00f6ttingen verpflichtet, die f\u00fcr Betrieb und Unterhalt der Gierseilf\u00e4hre&nbsp;Veckerhagen anfallenden Kosten dem Land Hessen zur H\u00e4lfte zu erstatten. Die Vereinbarung gilt r\u00fcckwirkend zum 1. Januar 2023. Das Land Hessen ist Eigent\u00fcmerin der F\u00e4hre und hat die in diesem Zusammenhang anfallenden Kosten bislang alleine getragen.<\/p>\n\n\n\n<blockquote class=\"wp-block-quote is-layout-flow wp-block-quote-is-layout-flow\">\n<p>Laut Stra\u00dfengesetz ist die Weserf\u00e4hre Teil der Kreisstra\u00dfe, damit ist der Landkreis G\u00f6ttingen zust\u00e4ndig. F\u00fcr mich und viele Menschen in der Region ist die F\u00e4hre nicht nur ein wichtiger Verkehrsweg, sondern auch Kult \u2013 als Ausflugsziel, Station bei Radtouren und Biker-Treff. Die Vereinbarung mit dem Land Hessen ist deshalb f\u00fcr mich ein Herzensanliegen, als Landrat aber auch pers\u00f6nlich. Bei den mehrj\u00e4hrigen Verhandlungen ging es um Geld und technische Fragen. Der Abschluss ist nun ein Zeugnis guter Nachbarschaft und gelebten Miteinanders f\u00fcr die Menschen in S\u00fcdniedersachsen und Nordhessen. Daf\u00fcr danke ich dem Regierungspr\u00e4sidium Kassel ausdr\u00fccklich.<\/p>\n<cite>Landrat Marcel Riethig<\/cite><\/blockquote>\n\n\n\n<p>Die erste historische Erw\u00e4hnung einer F\u00e4hre in Veckerhagen stammt aus einer Urkunde aus dem Jahr 1342. Es wird jedoch vermutet, dass der F\u00e4hrbetrieb bereits deutlich fr\u00fcher aufgenommen wurde. Die mittelalterliche F\u00e4hrstelle an der Weser zwischen Hessen und Niedersachsen ist eine der \u00e4ltesten noch betriebenen Anlagen bundesweit. Die n\u00e4chsten festen Flussquerungen liegen von Veckerhagen aus rund 16 Kilometer flussaufw\u00e4rts (Hann. M\u00fcnden) bzw. rund 12 Kilometer flussabw\u00e4rts (Gieselwerder). Die F\u00e4hre erf\u00fcllt somit eine wichtige infrastrukturelle Funktion an der Oberweser.<\/p>\n\n\n\n<p>Die Gierseilf\u00e4hre wird f\u00fcr den Fahrzeug- und Personentransport ohne Motorkraft betrieben und nutzt somit bis heute die nat\u00fcrliche Flussstr\u00f6mung. Seit 1929 existiert die bestehende Hochseilanlage. Die jetzige F\u00e4hre wurde im Jahr 2001 als Neubau vom Land Hessen beschafft, da die Vorg\u00e4ngerf\u00e4hre aufgrund von Altersschw\u00e4che nach ihrer 70-j\u00e4hrigen T\u00e4tigkeit ausgetauscht werden musste und eine Reparatur gem\u00e4\u00df den geltenden Sicherheitsvorschriften unrentabel war. Der F\u00e4hrbetrieb ist vom Land Hessen an die langj\u00e4hrige Betreiberfamilie Bolte verpachtet.<\/p>\n\n\n\n<p><strong>Foto:<\/strong> RP Kassel<\/p>\n","protected":false},"excerpt":{"rendered":"<p>Seit mindestens 680 Jahren verbindet eine F\u00e4hre die Orte Veckerhagen (Landkreis Kassel, Hessen) und Hemeln (Landkreis G\u00f6ttingen, Niedersachsen) an der Weser. Dieses Kulturgut an geschichtstr\u00e4chtiger Stelle soll erhalten bleiben. Zu diesem Zweck haben das Land Hessen und der Landkreis G\u00f6ttingen heute eine Vereinbarung unterzeichnet, mit der die Betriebs- und Unterhaltungskosten k\u00fcnftig zu gleichen Teilen getragen [&hellip;]<\/p>\n","protected":false},"author":1,"featured_media":22926,"comment_status":"open","ping_status":"open","sticky":true,"template":"","format":"standard","meta":{"saved_in_kubio":false,"footnotes":""},"categories":[24],"tags":[],"class_list":["post-22925","post","type-post","status-publish","format-standard","has-post-thumbnail","hentry","category-news"],"yoast_head":"<!-- This site is optimized with the Yoast SEO plugin v27.5 - https:\/\/yoast.com\/product\/yoast-seo-wordpress\/ -->\n<title>Landkreis G\u00f6ttingen und RP Kassel teilen sich die Kosten f\u00fcr die Gierseilf\u00e4hre Veckerhagen - Radio Leinewelle<\/title>\n<meta name=\"robots\" content=\"index, follow, max-snippet:-1, max-image-preview:large, max-video-preview:-1\" \/>\n<link rel=\"canonical\" href=\"https:\/\/radioleinewelle.de\/index.php\/2023\/06\/30\/22925\/\" \/>\n<meta property=\"og:locale\" content=\"de_DE\" \/>\n<meta property=\"og:type\" content=\"article\" \/>\n<meta property=\"og:title\" content=\"Landkreis G\u00f6ttingen und RP Kassel teilen sich die Kosten f\u00fcr die Gierseilf\u00e4hre Veckerhagen - Radio Leinewelle\" \/>\n<meta property=\"og:description\" content=\"Seit mindestens 680 Jahren verbindet eine F\u00e4hre die Orte Veckerhagen (Landkreis Kassel, Hessen) und Hemeln (Landkreis G\u00f6ttingen, Niedersachsen) an der Weser. Dieses Kulturgut an geschichtstr\u00e4chtiger Stelle soll erhalten bleiben. Zu diesem Zweck haben das Land Hessen und der Landkreis G\u00f6ttingen heute eine Vereinbarung unterzeichnet, mit der die Betriebs- und Unterhaltungskosten k\u00fcnftig zu gleichen Teilen getragen [&hellip;]\" \/>\n<meta property=\"og:url\" content=\"https:\/\/radioleinewelle.de\/index.php\/2023\/06\/30\/22925\/\" \/>\n<meta property=\"og:site_name\" content=\"Radio Leinewelle\" \/>\n<meta property=\"article:publisher\" content=\"https:\/\/www.facebook.com\/radioleinewelle\" \/>\n<meta property=\"article:author\" content=\"https:\/\/www.facebook.com\/radioleinewelle\" \/>\n<meta property=\"article:published_time\" content=\"2023-06-30T09:06:48+00:00\" \/>\n<meta property=\"article:modified_time\" content=\"2023-06-30T09:08:42+00:00\" \/>\n<meta property=\"og:image\" content=\"https:\/\/radioleinewelle.de\/wp-content\/uploads\/2023\/06\/2023-06-30-PM-Gierseilfaehre-Foto-scaled-e1688115958239.jpg\" \/>\n\t<meta property=\"og:image:width\" content=\"1000\" \/>\n\t<meta property=\"og:image:height\" content=\"825\" \/>\n\t<meta property=\"og:image:type\" content=\"image\/jpeg\" \/>\n<meta name=\"author\" content=\"Leinewelle\" \/>\n<meta name=\"twitter:card\" content=\"summary_large_image\" \/>\n<meta name=\"twitter:creator\" content=\"@https:\/\/twitter.com\/RLeinewelle?ref_src=twsrcgoogletwcampserptwgrauthor\" \/>\n<meta name=\"twitter:site\" content=\"@RLeinewelle\" \/>\n<meta name=\"twitter:label1\" content=\"Verfasst von\" \/>\n\t<meta name=\"twitter:data1\" content=\"Leinewelle\" \/>\n\t<meta name=\"twitter:label2\" content=\"Gesch\u00e4tzte Lesezeit\" \/>\n\t<meta name=\"twitter:data2\" content=\"3\u00a0Minuten\" \/>\n<script type=\"application\/ld+json\" class=\"yoast-schema-graph\">{\"@context\":\"https:\\\/\\\/schema.org\",\"@graph\":[{\"@type\":\"Article\",\"@id\":\"https:\\\/\\\/radioleinewelle.de\\\/index.php\\\/2023\\\/06\\\/30\\\/22925\\\/#article\",\"isPartOf\":{\"@id\":\"https:\\\/\\\/radioleinewelle.de\\\/index.php\\\/2023\\\/06\\\/30\\\/22925\\\/\"},\"author\":{\"name\":\"Leinewelle\",\"@id\":\"https:\\\/\\\/radioleinewelle.de\\\/#\\\/schema\\\/person\\\/45606f348637df637192dc1b68399a63\"},\"headline\":\"Landkreis G\u00f6ttingen und RP Kassel teilen sich die Kosten f\u00fcr die Gierseilf\u00e4hre Veckerhagen\",\"datePublished\":\"2023-06-30T09:06:48+00:00\",\"dateModified\":\"2023-06-30T09:08:42+00:00\",\"mainEntityOfPage\":{\"@id\":\"https:\\\/\\\/radioleinewelle.de\\\/index.php\\\/2023\\\/06\\\/30\\\/22925\\\/\"},\"wordCount\":441,\"commentCount\":0,\"publisher\":{\"@id\":\"https:\\\/\\\/radioleinewelle.de\\\/#organization\"},\"image\":{\"@id\":\"https:\\\/\\\/radioleinewelle.de\\\/index.php\\\/2023\\\/06\\\/30\\\/22925\\\/#primaryimage\"},\"thumbnailUrl\":\"https:\\\/\\\/radioleinewelle.de\\\/wp-content\\\/uploads\\\/2023\\\/06\\\/2023-06-30-PM-Gierseilfaehre-Foto-scaled-e1688115958239.jpg\",\"articleSection\":[\"Aktuelle Nachrichten\"],\"inLanguage\":\"de\",\"potentialAction\":[{\"@type\":\"CommentAction\",\"name\":\"Comment\",\"target\":[\"https:\\\/\\\/radioleinewelle.de\\\/index.php\\\/2023\\\/06\\\/30\\\/22925\\\/#respond\"]}]},{\"@type\":\"WebPage\",\"@id\":\"https:\\\/\\\/radioleinewelle.de\\\/index.php\\\/2023\\\/06\\\/30\\\/22925\\\/\",\"url\":\"https:\\\/\\\/radioleinewelle.de\\\/index.php\\\/2023\\\/06\\\/30\\\/22925\\\/\",\"name\":\"Landkreis G\u00f6ttingen und RP Kassel teilen sich die Kosten f\u00fcr die Gierseilf\u00e4hre Veckerhagen - Radio Leinewelle\",\"isPartOf\":{\"@id\":\"https:\\\/\\\/radioleinewelle.de\\\/#website\"},\"primaryImageOfPage\":{\"@id\":\"https:\\\/\\\/radioleinewelle.de\\\/index.php\\\/2023\\\/06\\\/30\\\/22925\\\/#primaryimage\"},\"image\":{\"@id\":\"https:\\\/\\\/radioleinewelle.de\\\/index.php\\\/2023\\\/06\\\/30\\\/22925\\\/#primaryimage\"},\"thumbnailUrl\":\"https:\\\/\\\/radioleinewelle.de\\\/wp-content\\\/uploads\\\/2023\\\/06\\\/2023-06-30-PM-Gierseilfaehre-Foto-scaled-e1688115958239.jpg\",\"datePublished\":\"2023-06-30T09:06:48+00:00\",\"dateModified\":\"2023-06-30T09:08:42+00:00\",\"breadcrumb\":{\"@id\":\"https:\\\/\\\/radioleinewelle.de\\\/index.php\\\/2023\\\/06\\\/30\\\/22925\\\/#breadcrumb\"},\"inLanguage\":\"de\",\"potentialAction\":[{\"@type\":\"ReadAction\",\"target\":[\"https:\\\/\\\/radioleinewelle.de\\\/index.php\\\/2023\\\/06\\\/30\\\/22925\\\/\"]}]},{\"@type\":\"ImageObject\",\"inLanguage\":\"de\",\"@id\":\"https:\\\/\\\/radioleinewelle.de\\\/index.php\\\/2023\\\/06\\\/30\\\/22925\\\/#primaryimage\",\"url\":\"https:\\\/\\\/radioleinewelle.de\\\/wp-content\\\/uploads\\\/2023\\\/06\\\/2023-06-30-PM-Gierseilfaehre-Foto-scaled-e1688115958239.jpg\",\"contentUrl\":\"https:\\\/\\\/radioleinewelle.de\\\/wp-content\\\/uploads\\\/2023\\\/06\\\/2023-06-30-PM-Gierseilfaehre-Foto-scaled-e1688115958239.jpg\",\"width\":1000,\"height\":825},{\"@type\":\"BreadcrumbList\",\"@id\":\"https:\\\/\\\/radioleinewelle.de\\\/index.php\\\/2023\\\/06\\\/30\\\/22925\\\/#breadcrumb\",\"itemListElement\":[{\"@type\":\"ListItem\",\"position\":1,\"name\":\"Startseite\",\"item\":\"https:\\\/\\\/radioleinewelle.de\\\/\"},{\"@type\":\"ListItem\",\"position\":2,\"name\":\"Landkreis G\u00f6ttingen und RP Kassel teilen sich die Kosten f\u00fcr die Gierseilf\u00e4hre Veckerhagen\"}]},{\"@type\":\"WebSite\",\"@id\":\"https:\\\/\\\/radioleinewelle.de\\\/#website\",\"url\":\"https:\\\/\\\/radioleinewelle.de\\\/\",\"name\":\"Radio Leinewelle\",\"description\":\"\",\"publisher\":{\"@id\":\"https:\\\/\\\/radioleinewelle.de\\\/#organization\"},\"potentialAction\":[{\"@type\":\"SearchAction\",\"target\":{\"@type\":\"EntryPoint\",\"urlTemplate\":\"https:\\\/\\\/radioleinewelle.de\\\/?s={search_term_string}\"},\"query-input\":{\"@type\":\"PropertyValueSpecification\",\"valueRequired\":true,\"valueName\":\"search_term_string\"}}],\"inLanguage\":\"de\"},{\"@type\":\"Organization\",\"@id\":\"https:\\\/\\\/radioleinewelle.de\\\/#organization\",\"name\":\"Radio Leinewelle\",\"alternateName\":\"Mein Radio f\u00fcr S\u00fcdniedersachsen\",\"url\":\"https:\\\/\\\/radioleinewelle.de\\\/\",\"logo\":{\"@type\":\"ImageObject\",\"inLanguage\":\"de\",\"@id\":\"https:\\\/\\\/radioleinewelle.de\\\/#\\\/schema\\\/logo\\\/image\\\/\",\"url\":\"https:\\\/\\\/radioleinewelle.de\\\/wp-content\\\/uploads\\\/2023\\\/11\\\/cropped-Leinewelle_Logo_weiss.png\",\"contentUrl\":\"https:\\\/\\\/radioleinewelle.de\\\/wp-content\\\/uploads\\\/2023\\\/11\\\/cropped-Leinewelle_Logo_weiss.png\",\"width\":854,\"height\":260,\"caption\":\"Radio Leinewelle\"},\"image\":{\"@id\":\"https:\\\/\\\/radioleinewelle.de\\\/#\\\/schema\\\/logo\\\/image\\\/\"},\"sameAs\":[\"https:\\\/\\\/www.facebook.com\\\/radioleinewelle\",\"https:\\\/\\\/x.com\\\/RLeinewelle\",\"https:\\\/\\\/www.instagram.com\\\/radioleinewelle\\\/?hl=de\"]},{\"@type\":\"Person\",\"@id\":\"https:\\\/\\\/radioleinewelle.de\\\/#\\\/schema\\\/person\\\/45606f348637df637192dc1b68399a63\",\"name\":\"Leinewelle\",\"image\":{\"@type\":\"ImageObject\",\"inLanguage\":\"de\",\"@id\":\"https:\\\/\\\/secure.gravatar.com\\\/avatar\\\/05c9a17bc973052ee5d91549bd32fb4dd0dc85b7b85ae94b2e2b4943476bbea5?s=96&d=blank&r=g\",\"url\":\"https:\\\/\\\/secure.gravatar.com\\\/avatar\\\/05c9a17bc973052ee5d91549bd32fb4dd0dc85b7b85ae94b2e2b4943476bbea5?s=96&d=blank&r=g\",\"contentUrl\":\"https:\\\/\\\/secure.gravatar.com\\\/avatar\\\/05c9a17bc973052ee5d91549bd32fb4dd0dc85b7b85ae94b2e2b4943476bbea5?s=96&d=blank&r=g\",\"caption\":\"Leinewelle\"},\"sameAs\":[\"http:\\\/\\\/localhost\\\/radio%20leinewelle\\\/wordpress\",\"https:\\\/\\\/www.facebook.com\\\/radioleinewelle\",\"https:\\\/\\\/www.instagram.com\\\/radioleinewelle\",\"https:\\\/\\\/x.com\\\/https:\\\/\\\/twitter.com\\\/RLeinewelle?ref_src=twsrcgoogletwcampserptwgrauthor\",\"https:\\\/\\\/soundcloud.com\\\/foerderverein-lokalradio?utm_source=clipboard&utm_medium=text&utm_campaign=social_sharing\"],\"url\":\"https:\\\/\\\/radioleinewelle.de\\\/index.php\\\/author\\\/leinewelle\\\/\"}]}<\/script>\n<!-- \/ Yoast SEO plugin. -->","yoast_head_json":{"title":"Landkreis G\u00f6ttingen und RP Kassel teilen sich die Kosten f\u00fcr die Gierseilf\u00e4hre Veckerhagen - Radio Leinewelle","robots":{"index":"index","follow":"follow","max-snippet":"max-snippet:-1","max-image-preview":"max-image-preview:large","max-video-preview":"max-video-preview:-1"},"canonical":"https:\/\/radioleinewelle.de\/index.php\/2023\/06\/30\/22925\/","og_locale":"de_DE","og_type":"article","og_title":"Landkreis G\u00f6ttingen und RP Kassel teilen sich die Kosten f\u00fcr die Gierseilf\u00e4hre Veckerhagen - Radio Leinewelle","og_description":"Seit mindestens 680 Jahren verbindet eine F\u00e4hre die Orte Veckerhagen (Landkreis Kassel, Hessen) und Hemeln (Landkreis G\u00f6ttingen, Niedersachsen) an der Weser. Dieses Kulturgut an geschichtstr\u00e4chtiger Stelle soll erhalten bleiben. Zu diesem Zweck haben das Land Hessen und der Landkreis G\u00f6ttingen heute eine Vereinbarung unterzeichnet, mit der die Betriebs- und Unterhaltungskosten k\u00fcnftig zu gleichen Teilen getragen [&hellip;]","og_url":"https:\/\/radioleinewelle.de\/index.php\/2023\/06\/30\/22925\/","og_site_name":"Radio Leinewelle","article_publisher":"https:\/\/www.facebook.com\/radioleinewelle","article_author":"https:\/\/www.facebook.com\/radioleinewelle","article_published_time":"2023-06-30T09:06:48+00:00","article_modified_time":"2023-06-30T09:08:42+00:00","og_image":[{"width":1000,"height":825,"url":"https:\/\/radioleinewelle.de\/wp-content\/uploads\/2023\/06\/2023-06-30-PM-Gierseilfaehre-Foto-scaled-e1688115958239.jpg","type":"image\/jpeg"}],"author":"Leinewelle","twitter_card":"summary_large_image","twitter_creator":"@https:\/\/twitter.com\/RLeinewelle?ref_src=twsrcgoogletwcampserptwgrauthor","twitter_site":"@RLeinewelle","twitter_misc":{"Verfasst von":"Leinewelle","Gesch\u00e4tzte Lesezeit":"3\u00a0Minuten"},"schema":{"@context":"https:\/\/schema.org","@graph":[{"@type":"Article","@id":"https:\/\/radioleinewelle.de\/index.php\/2023\/06\/30\/22925\/#article","isPartOf":{"@id":"https:\/\/radioleinewelle.de\/index.php\/2023\/06\/30\/22925\/"},"author":{"name":"Leinewelle","@id":"https:\/\/radioleinewelle.de\/#\/schema\/person\/45606f348637df637192dc1b68399a63"},"headline":"Landkreis G\u00f6ttingen und RP Kassel teilen sich die Kosten f\u00fcr die Gierseilf\u00e4hre Veckerhagen","datePublished":"2023-06-30T09:06:48+00:00","dateModified":"2023-06-30T09:08:42+00:00","mainEntityOfPage":{"@id":"https:\/\/radioleinewelle.de\/index.php\/2023\/06\/30\/22925\/"},"wordCount":441,"commentCount":0,"publisher":{"@id":"https:\/\/radioleinewelle.de\/#organization"},"image":{"@id":"https:\/\/radioleinewelle.de\/index.php\/2023\/06\/30\/22925\/#primaryimage"},"thumbnailUrl":"https:\/\/radioleinewelle.de\/wp-content\/uploads\/2023\/06\/2023-06-30-PM-Gierseilfaehre-Foto-scaled-e1688115958239.jpg","articleSection":["Aktuelle Nachrichten"],"inLanguage":"de","potentialAction":[{"@type":"CommentAction","name":"Comment","target":["https:\/\/radioleinewelle.de\/index.php\/2023\/06\/30\/22925\/#respond"]}]},{"@type":"WebPage","@id":"https:\/\/radioleinewelle.de\/index.php\/2023\/06\/30\/22925\/","url":"https:\/\/radioleinewelle.de\/index.php\/2023\/06\/30\/22925\/","name":"Landkreis G\u00f6ttingen und RP Kassel teilen sich die Kosten f\u00fcr die Gierseilf\u00e4hre Veckerhagen - Radio Leinewelle","isPartOf":{"@id":"https:\/\/radioleinewelle.de\/#website"},"primaryImageOfPage":{"@id":"https:\/\/radioleinewelle.de\/index.php\/2023\/06\/30\/22925\/#primaryimage"},"image":{"@id":"https:\/\/radioleinewelle.de\/index.php\/2023\/06\/30\/22925\/#primaryimage"},"thumbnailUrl":"https:\/\/radioleinewelle.de\/wp-content\/uploads\/2023\/06\/2023-06-30-PM-Gierseilfaehre-Foto-scaled-e1688115958239.jpg","datePublished":"2023-06-30T09:06:48+00:00","dateModified":"2023-06-30T09:08:42+00:00","breadcrumb":{"@id":"https:\/\/radioleinewelle.de\/index.php\/2023\/06\/30\/22925\/#breadcrumb"},"inLanguage":"de","potentialAction":[{"@type":"ReadAction","target":["https:\/\/radioleinewelle.de\/index.php\/2023\/06\/30\/22925\/"]}]},{"@type":"ImageObject","inLanguage":"de","@id":"https:\/\/radioleinewelle.de\/index.php\/2023\/06\/30\/22925\/#primaryimage","url":"https:\/\/radioleinewelle.de\/wp-content\/uploads\/2023\/06\/2023-06-30-PM-Gierseilfaehre-Foto-scaled-e1688115958239.jpg","contentUrl":"https:\/\/radioleinewelle.de\/wp-content\/uploads\/2023\/06\/2023-06-30-PM-Gierseilfaehre-Foto-scaled-e1688115958239.jpg","width":1000,"height":825},{"@type":"BreadcrumbList","@id":"https:\/\/radioleinewelle.de\/index.php\/2023\/06\/30\/22925\/#breadcrumb","itemListElement":[{"@type":"ListItem","position":1,"name":"Startseite","item":"https:\/\/radioleinewelle.de\/"},{"@type":"ListItem","position":2,"name":"Landkreis G\u00f6ttingen und RP Kassel teilen sich die Kosten f\u00fcr die Gierseilf\u00e4hre Veckerhagen"}]},{"@type":"WebSite","@id":"https:\/\/radioleinewelle.de\/#website","url":"https:\/\/radioleinewelle.de\/","name":"Radio Leinewelle","description":"","publisher":{"@id":"https:\/\/radioleinewelle.de\/#organization"},"potentialAction":[{"@type":"SearchAction","target":{"@type":"EntryPoint","urlTemplate":"https:\/\/radioleinewelle.de\/?s={search_term_string}"},"query-input":{"@type":"PropertyValueSpecification","valueRequired":true,"valueName":"search_term_string"}}],"inLanguage":"de"},{"@type":"Organization","@id":"https:\/\/radioleinewelle.de\/#organization","name":"Radio Leinewelle","alternateName":"Mein Radio f\u00fcr S\u00fcdniedersachsen","url":"https:\/\/radioleinewelle.de\/","logo":{"@type":"ImageObject","inLanguage":"de","@id":"https:\/\/radioleinewelle.de\/#\/schema\/logo\/image\/","url":"https:\/\/radioleinewelle.de\/wp-content\/uploads\/2023\/11\/cropped-Leinewelle_Logo_weiss.png","contentUrl":"https:\/\/radioleinewelle.de\/wp-content\/uploads\/2023\/11\/cropped-Leinewelle_Logo_weiss.png","width":854,"height":260,"caption":"Radio Leinewelle"},"image":{"@id":"https:\/\/radioleinewelle.de\/#\/schema\/logo\/image\/"},"sameAs":["https:\/\/www.facebook.com\/radioleinewelle","https:\/\/x.com\/RLeinewelle","https:\/\/www.instagram.com\/radioleinewelle\/?hl=de"]},{"@type":"Person","@id":"https:\/\/radioleinewelle.de\/#\/schema\/person\/45606f348637df637192dc1b68399a63","name":"Leinewelle","image":{"@type":"ImageObject","inLanguage":"de","@id":"https:\/\/secure.gravatar.com\/avatar\/05c9a17bc973052ee5d91549bd32fb4dd0dc85b7b85ae94b2e2b4943476bbea5?s=96&d=blank&r=g","url":"https:\/\/secure.gravatar.com\/avatar\/05c9a17bc973052ee5d91549bd32fb4dd0dc85b7b85ae94b2e2b4943476bbea5?s=96&d=blank&r=g","contentUrl":"https:\/\/secure.gravatar.com\/avatar\/05c9a17bc973052ee5d91549bd32fb4dd0dc85b7b85ae94b2e2b4943476bbea5?s=96&d=blank&r=g","caption":"Leinewelle"},"sameAs":["http:\/\/localhost\/radio%20leinewelle\/wordpress","https:\/\/www.facebook.com\/radioleinewelle","https:\/\/www.instagram.com\/radioleinewelle","https:\/\/x.com\/https:\/\/twitter.com\/RLeinewelle?ref_src=twsrcgoogletwcampserptwgrauthor","https:\/\/soundcloud.com\/foerderverein-lokalradio?utm_source=clipboard&utm_medium=text&utm_campaign=social_sharing"],"url":"https:\/\/radioleinewelle.de\/index.php\/author\/leinewelle\/"}]}},"_links":{"self":[{"href":"https:\/\/radioleinewelle.de\/index.php\/wp-json\/wp\/v2\/posts\/22925","targetHints":{"allow":["GET"]}}],"collection":[{"href":"https:\/\/radioleinewelle.de\/index.php\/wp-json\/wp\/v2\/posts"}],"about":[{"href":"https:\/\/radioleinewelle.de\/index.php\/wp-json\/wp\/v2\/types\/post"}],"author":[{"embeddable":true,"href":"https:\/\/radioleinewelle.de\/index.php\/wp-json\/wp\/v2\/users\/1"}],"replies":[{"embeddable":true,"href":"https:\/\/radioleinewelle.de\/index.php\/wp-json\/wp\/v2\/comments?post=22925"}],"version-history":[{"count":2,"href":"https:\/\/radioleinewelle.de\/index.php\/wp-json\/wp\/v2\/posts\/22925\/revisions"}],"predecessor-version":[{"id":22928,"href":"https:\/\/radioleinewelle.de\/index.php\/wp-json\/wp\/v2\/posts\/22925\/revisions\/22928"}],"wp:featuredmedia":[{"embeddable":true,"href":"https:\/\/radioleinewelle.de\/index.php\/wp-json\/wp\/v2\/media\/22926"}],"wp:attachment":[{"href":"https:\/\/radioleinewelle.de\/index.php\/wp-json\/wp\/v2\/media?parent=22925"}],"wp:term":[{"taxonomy":"category","embeddable":true,"href":"https:\/\/radioleinewelle.de\/index.php\/wp-json\/wp\/v2\/categories?post=22925"},{"taxonomy":"post_tag","embeddable":true,"href":"https:\/\/radioleinewelle.de\/index.php\/wp-json\/wp\/v2\/tags?post=22925"}],"curies":[{"name":"wp","href":"https:\/\/api.w.org\/{rel}","templated":true}]}}