{"id":22933,"date":"2023-07-06T10:33:55","date_gmt":"2023-07-06T08:33:55","guid":{"rendered":"https:\/\/radioleinewelle.de\/?p=22933"},"modified":"2023-07-10T09:01:15","modified_gmt":"2023-07-10T07:01:15","slug":"heute-bei-rock-the-canteen-phil-miller-the-mills-tones","status":"publish","type":"post","link":"https:\/\/radioleinewelle.de\/index.php\/2023\/07\/06\/heute-bei-rock-the-canteen-phil-miller-the-mills-tones\/","title":{"rendered":"Heute bei Rock The Canteen: Phil Miller &#038; The Mills-Tones"},"content":{"rendered":"\n<p><strong>PHIL MILLER &amp; THE MILLS-TONES<\/strong><br>Phil Miller &amp; The Mills-Tones beleben die Zeiten kraftvoller, breitwandiger Blues- und Soulbands wieder. Vorbilder? The Allman Brothers Band, Joe Cocker\u2019s Mad Dogs &amp; Englishmen, Paul Butterfield Bluesband und nat\u00fcrlich aktuell die Tedeschi Trucks Band. Eine Rhythmusgruppe aus Drums und Bass, zwei Gitarren mit Vintage Tone, Hammondorgel\/Rhodes und Pianosounds, Bl\u00e4sersatz und mehreren Ges\u00e4ngen \u2013 so fett und dabei funky und musikalisch klingen Bluesbands nur selten. Die Songs \u2013 ob selbst geschrieben oder ausgew\u00e4hlte Cover abseits vom Main-stream \u2013 liefern die Basis f\u00fcr ausufernde Improvisationen auf h\u00f6chstem Niveau. Wenn das Solo richtig abgeht, muten die Mills-Tones den H\u00f6hrer*innen etwas zu \u2013 n\u00e4mlich musikalische Feinkost ohne zeitliches Korsett!<br><br>Ob stampfendes Blues-Gumbo mit anr\u00fcchigen Texten, Americana Hymnen \u00fcber staubige Highways oder das besungene Elend der Working Class Heros in den Deltas oder der \u00d6de Birminghams. All das wollen Phil Miller &amp; The Mills-Tones wiederbeleben \u2013 mit einer Auswahl neu interpretierter Klassiker aus Blues, Rock und Soul sowie eigenen St\u00fccken, die denselben blauen Dunst geatmet haben. Eine Auswahl hochkar\u00e4tiger Musiker*innen der G\u00f6ttinger Blues &amp; Jazzszene kommt zusammen, um wieder \u201eechte\u201c Musik zu machen und sich instrumental und gesanglich auszuleben. Mit einer Stammbesetzung und G\u00e4sten an diversen Instrumenten und Gesang wird hier auf hohem Niveau improvisiert und entertained. Die Mills-Tones liefern eine groovende Mischung aus Vintage Sounds, Blues Power und guten Vibes!<\/p>\n\n\n\n<p><strong>ROCK THE CANTEEN mit Phil Miller &amp; The Mills-Tones<\/strong><br>Wann: Freitag, 06.07.23<br>Wo: DT-Personalkantine&nbsp;(Theaterstra\u00dfe 11, 37073 G\u00f6ttingen)<br>Einlass: 15.00 Uhr<br>Beginn: 17.00 Uhr<br>Eintritt: frei \u2013 Spenden erw\u00fcnscht<\/p>\n\n\n\n<p><strong>Foto:<\/strong> Kreuzberg On KulTour e.V.<\/p>\n","protected":false},"excerpt":{"rendered":"<p>PHIL MILLER &amp; THE MILLS-TONESPhil Miller &amp; The Mills-Tones beleben die Zeiten kraftvoller, breitwandiger Blues- und Soulbands wieder. Vorbilder? The Allman Brothers Band, Joe Cocker\u2019s Mad Dogs &amp; Englishmen, Paul Butterfield Bluesband und nat\u00fcrlich aktuell die Tedeschi Trucks Band. Eine Rhythmusgruppe aus Drums und Bass, zwei Gitarren mit Vintage Tone, Hammondorgel\/Rhodes und Pianosounds, Bl\u00e4sersatz und [&hellip;]<\/p>\n","protected":false},"author":1,"featured_media":22935,"comment_status":"open","ping_status":"open","sticky":false,"template":"","format":"standard","meta":{"saved_in_kubio":false,"footnotes":""},"categories":[41],"tags":[4002,3998],"class_list":["post-22933","post","type-post","status-publish","format-standard","has-post-thumbnail","hentry","category-veranstaltungen","tag-heute-bei-rock-the-canteen-phil-miller-the-mills-tones","tag-rock-the-canteen"],"yoast_head":"<!-- This site is optimized with the Yoast SEO plugin v27.5 - https:\/\/yoast.com\/product\/yoast-seo-wordpress\/ -->\n<title>Heute bei Rock The Canteen: Phil Miller &amp; The Mills-Tones - Radio Leinewelle<\/title>\n<meta name=\"robots\" content=\"index, follow, max-snippet:-1, max-image-preview:large, max-video-preview:-1\" \/>\n<link rel=\"canonical\" href=\"https:\/\/radioleinewelle.de\/index.php\/2023\/07\/06\/heute-bei-rock-the-canteen-phil-miller-the-mills-tones\/\" \/>\n<meta property=\"og:locale\" content=\"de_DE\" \/>\n<meta property=\"og:type\" content=\"article\" \/>\n<meta property=\"og:title\" content=\"Heute bei Rock The Canteen: Phil Miller &amp; The Mills-Tones - Radio Leinewelle\" \/>\n<meta property=\"og:description\" content=\"PHIL MILLER &amp; THE MILLS-TONESPhil Miller &amp; The Mills-Tones beleben die Zeiten kraftvoller, breitwandiger Blues- und Soulbands wieder. Vorbilder? The Allman Brothers Band, Joe Cocker\u2019s Mad Dogs &amp; Englishmen, Paul Butterfield Bluesband und nat\u00fcrlich aktuell die Tedeschi Trucks Band. Eine Rhythmusgruppe aus Drums und Bass, zwei Gitarren mit Vintage Tone, Hammondorgel\/Rhodes und Pianosounds, Bl\u00e4sersatz und [&hellip;]\" \/>\n<meta property=\"og:url\" content=\"https:\/\/radioleinewelle.de\/index.php\/2023\/07\/06\/heute-bei-rock-the-canteen-phil-miller-the-mills-tones\/\" \/>\n<meta property=\"og:site_name\" content=\"Radio Leinewelle\" \/>\n<meta property=\"article:publisher\" content=\"https:\/\/www.facebook.com\/radioleinewelle\" \/>\n<meta property=\"article:author\" content=\"https:\/\/www.facebook.com\/radioleinewelle\" \/>\n<meta property=\"article:published_time\" content=\"2023-07-06T08:33:55+00:00\" \/>\n<meta property=\"article:modified_time\" content=\"2023-07-10T07:01:15+00:00\" \/>\n<meta property=\"og:image\" content=\"https:\/\/radioleinewelle.de\/wp-content\/uploads\/2023\/07\/Phil-Miller-The-Millstones-e1688632364455.jpg\" \/>\n\t<meta property=\"og:image:width\" content=\"1000\" \/>\n\t<meta property=\"og:image:height\" content=\"750\" \/>\n\t<meta property=\"og:image:type\" content=\"image\/jpeg\" \/>\n<meta name=\"author\" content=\"Leinewelle\" \/>\n<meta name=\"twitter:card\" content=\"summary_large_image\" \/>\n<meta name=\"twitter:creator\" content=\"@https:\/\/twitter.com\/RLeinewelle?ref_src=twsrcgoogletwcampserptwgrauthor\" \/>\n<meta name=\"twitter:site\" content=\"@RLeinewelle\" \/>\n<meta name=\"twitter:label1\" content=\"Verfasst von\" \/>\n\t<meta name=\"twitter:data1\" content=\"Leinewelle\" \/>\n<script type=\"application\/ld+json\" class=\"yoast-schema-graph\">{\"@context\":\"https:\\\/\\\/schema.org\",\"@graph\":[{\"@type\":\"Article\",\"@id\":\"https:\\\/\\\/radioleinewelle.de\\\/index.php\\\/2023\\\/07\\\/06\\\/heute-bei-rock-the-canteen-phil-miller-the-mills-tones\\\/#article\",\"isPartOf\":{\"@id\":\"https:\\\/\\\/radioleinewelle.de\\\/index.php\\\/2023\\\/07\\\/06\\\/heute-bei-rock-the-canteen-phil-miller-the-mills-tones\\\/\"},\"author\":{\"name\":\"Leinewelle\",\"@id\":\"https:\\\/\\\/radioleinewelle.de\\\/#\\\/schema\\\/person\\\/45606f348637df637192dc1b68399a63\"},\"headline\":\"Heute bei Rock The Canteen: Phil Miller &#038; The Mills-Tones\",\"datePublished\":\"2023-07-06T08:33:55+00:00\",\"dateModified\":\"2023-07-10T07:01:15+00:00\",\"mainEntityOfPage\":{\"@id\":\"https:\\\/\\\/radioleinewelle.de\\\/index.php\\\/2023\\\/07\\\/06\\\/heute-bei-rock-the-canteen-phil-miller-the-mills-tones\\\/\"},\"wordCount\":274,\"commentCount\":0,\"publisher\":{\"@id\":\"https:\\\/\\\/radioleinewelle.de\\\/#organization\"},\"image\":{\"@id\":\"https:\\\/\\\/radioleinewelle.de\\\/index.php\\\/2023\\\/07\\\/06\\\/heute-bei-rock-the-canteen-phil-miller-the-mills-tones\\\/#primaryimage\"},\"thumbnailUrl\":\"https:\\\/\\\/radioleinewelle.de\\\/wp-content\\\/uploads\\\/2023\\\/07\\\/Phil-Miller-The-Millstones-e1688632364455.jpg\",\"keywords\":[\"Heute bei Rock The Canteen: Phil Miller &amp; The Mills-Tones\",\"Rock The Canteen\"],\"articleSection\":[\"Veranstaltungen\"],\"inLanguage\":\"de\",\"potentialAction\":[{\"@type\":\"CommentAction\",\"name\":\"Comment\",\"target\":[\"https:\\\/\\\/radioleinewelle.de\\\/index.php\\\/2023\\\/07\\\/06\\\/heute-bei-rock-the-canteen-phil-miller-the-mills-tones\\\/#respond\"]}]},{\"@type\":\"WebPage\",\"@id\":\"https:\\\/\\\/radioleinewelle.de\\\/index.php\\\/2023\\\/07\\\/06\\\/heute-bei-rock-the-canteen-phil-miller-the-mills-tones\\\/\",\"url\":\"https:\\\/\\\/radioleinewelle.de\\\/index.php\\\/2023\\\/07\\\/06\\\/heute-bei-rock-the-canteen-phil-miller-the-mills-tones\\\/\",\"name\":\"Heute bei Rock The Canteen: Phil Miller & The Mills-Tones - Radio Leinewelle\",\"isPartOf\":{\"@id\":\"https:\\\/\\\/radioleinewelle.de\\\/#website\"},\"primaryImageOfPage\":{\"@id\":\"https:\\\/\\\/radioleinewelle.de\\\/index.php\\\/2023\\\/07\\\/06\\\/heute-bei-rock-the-canteen-phil-miller-the-mills-tones\\\/#primaryimage\"},\"image\":{\"@id\":\"https:\\\/\\\/radioleinewelle.de\\\/index.php\\\/2023\\\/07\\\/06\\\/heute-bei-rock-the-canteen-phil-miller-the-mills-tones\\\/#primaryimage\"},\"thumbnailUrl\":\"https:\\\/\\\/radioleinewelle.de\\\/wp-content\\\/uploads\\\/2023\\\/07\\\/Phil-Miller-The-Millstones-e1688632364455.jpg\",\"datePublished\":\"2023-07-06T08:33:55+00:00\",\"dateModified\":\"2023-07-10T07:01:15+00:00\",\"breadcrumb\":{\"@id\":\"https:\\\/\\\/radioleinewelle.de\\\/index.php\\\/2023\\\/07\\\/06\\\/heute-bei-rock-the-canteen-phil-miller-the-mills-tones\\\/#breadcrumb\"},\"inLanguage\":\"de\",\"potentialAction\":[{\"@type\":\"ReadAction\",\"target\":[\"https:\\\/\\\/radioleinewelle.de\\\/index.php\\\/2023\\\/07\\\/06\\\/heute-bei-rock-the-canteen-phil-miller-the-mills-tones\\\/\"]}]},{\"@type\":\"ImageObject\",\"inLanguage\":\"de\",\"@id\":\"https:\\\/\\\/radioleinewelle.de\\\/index.php\\\/2023\\\/07\\\/06\\\/heute-bei-rock-the-canteen-phil-miller-the-mills-tones\\\/#primaryimage\",\"url\":\"https:\\\/\\\/radioleinewelle.de\\\/wp-content\\\/uploads\\\/2023\\\/07\\\/Phil-Miller-The-Millstones-e1688632364455.jpg\",\"contentUrl\":\"https:\\\/\\\/radioleinewelle.de\\\/wp-content\\\/uploads\\\/2023\\\/07\\\/Phil-Miller-The-Millstones-e1688632364455.jpg\",\"width\":1000,\"height\":750},{\"@type\":\"BreadcrumbList\",\"@id\":\"https:\\\/\\\/radioleinewelle.de\\\/index.php\\\/2023\\\/07\\\/06\\\/heute-bei-rock-the-canteen-phil-miller-the-mills-tones\\\/#breadcrumb\",\"itemListElement\":[{\"@type\":\"ListItem\",\"position\":1,\"name\":\"Startseite\",\"item\":\"https:\\\/\\\/radioleinewelle.de\\\/\"},{\"@type\":\"ListItem\",\"position\":2,\"name\":\"Heute bei Rock The Canteen: Phil Miller &#038; The Mills-Tones\"}]},{\"@type\":\"WebSite\",\"@id\":\"https:\\\/\\\/radioleinewelle.de\\\/#website\",\"url\":\"https:\\\/\\\/radioleinewelle.de\\\/\",\"name\":\"Radio Leinewelle\",\"description\":\"\",\"publisher\":{\"@id\":\"https:\\\/\\\/radioleinewelle.de\\\/#organization\"},\"potentialAction\":[{\"@type\":\"SearchAction\",\"target\":{\"@type\":\"EntryPoint\",\"urlTemplate\":\"https:\\\/\\\/radioleinewelle.de\\\/?s={search_term_string}\"},\"query-input\":{\"@type\":\"PropertyValueSpecification\",\"valueRequired\":true,\"valueName\":\"search_term_string\"}}],\"inLanguage\":\"de\"},{\"@type\":\"Organization\",\"@id\":\"https:\\\/\\\/radioleinewelle.de\\\/#organization\",\"name\":\"Radio Leinewelle\",\"alternateName\":\"Mein Radio f\u00fcr S\u00fcdniedersachsen\",\"url\":\"https:\\\/\\\/radioleinewelle.de\\\/\",\"logo\":{\"@type\":\"ImageObject\",\"inLanguage\":\"de\",\"@id\":\"https:\\\/\\\/radioleinewelle.de\\\/#\\\/schema\\\/logo\\\/image\\\/\",\"url\":\"https:\\\/\\\/radioleinewelle.de\\\/wp-content\\\/uploads\\\/2023\\\/11\\\/cropped-Leinewelle_Logo_weiss.png\",\"contentUrl\":\"https:\\\/\\\/radioleinewelle.de\\\/wp-content\\\/uploads\\\/2023\\\/11\\\/cropped-Leinewelle_Logo_weiss.png\",\"width\":854,\"height\":260,\"caption\":\"Radio Leinewelle\"},\"image\":{\"@id\":\"https:\\\/\\\/radioleinewelle.de\\\/#\\\/schema\\\/logo\\\/image\\\/\"},\"sameAs\":[\"https:\\\/\\\/www.facebook.com\\\/radioleinewelle\",\"https:\\\/\\\/x.com\\\/RLeinewelle\",\"https:\\\/\\\/www.instagram.com\\\/radioleinewelle\\\/?hl=de\"]},{\"@type\":\"Person\",\"@id\":\"https:\\\/\\\/radioleinewelle.de\\\/#\\\/schema\\\/person\\\/45606f348637df637192dc1b68399a63\",\"name\":\"Leinewelle\",\"image\":{\"@type\":\"ImageObject\",\"inLanguage\":\"de\",\"@id\":\"https:\\\/\\\/secure.gravatar.com\\\/avatar\\\/05c9a17bc973052ee5d91549bd32fb4dd0dc85b7b85ae94b2e2b4943476bbea5?s=96&d=blank&r=g\",\"url\":\"https:\\\/\\\/secure.gravatar.com\\\/avatar\\\/05c9a17bc973052ee5d91549bd32fb4dd0dc85b7b85ae94b2e2b4943476bbea5?s=96&d=blank&r=g\",\"contentUrl\":\"https:\\\/\\\/secure.gravatar.com\\\/avatar\\\/05c9a17bc973052ee5d91549bd32fb4dd0dc85b7b85ae94b2e2b4943476bbea5?s=96&d=blank&r=g\",\"caption\":\"Leinewelle\"},\"sameAs\":[\"http:\\\/\\\/localhost\\\/radio%20leinewelle\\\/wordpress\",\"https:\\\/\\\/www.facebook.com\\\/radioleinewelle\",\"https:\\\/\\\/www.instagram.com\\\/radioleinewelle\",\"https:\\\/\\\/x.com\\\/https:\\\/\\\/twitter.com\\\/RLeinewelle?ref_src=twsrcgoogletwcampserptwgrauthor\",\"https:\\\/\\\/soundcloud.com\\\/foerderverein-lokalradio?utm_source=clipboard&utm_medium=text&utm_campaign=social_sharing\"],\"url\":\"https:\\\/\\\/radioleinewelle.de\\\/index.php\\\/author\\\/leinewelle\\\/\"}]}<\/script>\n<!-- \/ Yoast SEO plugin. -->","yoast_head_json":{"title":"Heute bei Rock The Canteen: Phil Miller & The Mills-Tones - Radio Leinewelle","robots":{"index":"index","follow":"follow","max-snippet":"max-snippet:-1","max-image-preview":"max-image-preview:large","max-video-preview":"max-video-preview:-1"},"canonical":"https:\/\/radioleinewelle.de\/index.php\/2023\/07\/06\/heute-bei-rock-the-canteen-phil-miller-the-mills-tones\/","og_locale":"de_DE","og_type":"article","og_title":"Heute bei Rock The Canteen: Phil Miller & The Mills-Tones - Radio Leinewelle","og_description":"PHIL MILLER &amp; THE MILLS-TONESPhil Miller &amp; The Mills-Tones beleben die Zeiten kraftvoller, breitwandiger Blues- und Soulbands wieder. Vorbilder? The Allman Brothers Band, Joe Cocker\u2019s Mad Dogs &amp; Englishmen, Paul Butterfield Bluesband und nat\u00fcrlich aktuell die Tedeschi Trucks Band. Eine Rhythmusgruppe aus Drums und Bass, zwei Gitarren mit Vintage Tone, Hammondorgel\/Rhodes und Pianosounds, Bl\u00e4sersatz und [&hellip;]","og_url":"https:\/\/radioleinewelle.de\/index.php\/2023\/07\/06\/heute-bei-rock-the-canteen-phil-miller-the-mills-tones\/","og_site_name":"Radio Leinewelle","article_publisher":"https:\/\/www.facebook.com\/radioleinewelle","article_author":"https:\/\/www.facebook.com\/radioleinewelle","article_published_time":"2023-07-06T08:33:55+00:00","article_modified_time":"2023-07-10T07:01:15+00:00","og_image":[{"width":1000,"height":750,"url":"https:\/\/radioleinewelle.de\/wp-content\/uploads\/2023\/07\/Phil-Miller-The-Millstones-e1688632364455.jpg","type":"image\/jpeg"}],"author":"Leinewelle","twitter_card":"summary_large_image","twitter_creator":"@https:\/\/twitter.com\/RLeinewelle?ref_src=twsrcgoogletwcampserptwgrauthor","twitter_site":"@RLeinewelle","twitter_misc":{"Verfasst von":"Leinewelle"},"schema":{"@context":"https:\/\/schema.org","@graph":[{"@type":"Article","@id":"https:\/\/radioleinewelle.de\/index.php\/2023\/07\/06\/heute-bei-rock-the-canteen-phil-miller-the-mills-tones\/#article","isPartOf":{"@id":"https:\/\/radioleinewelle.de\/index.php\/2023\/07\/06\/heute-bei-rock-the-canteen-phil-miller-the-mills-tones\/"},"author":{"name":"Leinewelle","@id":"https:\/\/radioleinewelle.de\/#\/schema\/person\/45606f348637df637192dc1b68399a63"},"headline":"Heute bei Rock The Canteen: Phil Miller &#038; The Mills-Tones","datePublished":"2023-07-06T08:33:55+00:00","dateModified":"2023-07-10T07:01:15+00:00","mainEntityOfPage":{"@id":"https:\/\/radioleinewelle.de\/index.php\/2023\/07\/06\/heute-bei-rock-the-canteen-phil-miller-the-mills-tones\/"},"wordCount":274,"commentCount":0,"publisher":{"@id":"https:\/\/radioleinewelle.de\/#organization"},"image":{"@id":"https:\/\/radioleinewelle.de\/index.php\/2023\/07\/06\/heute-bei-rock-the-canteen-phil-miller-the-mills-tones\/#primaryimage"},"thumbnailUrl":"https:\/\/radioleinewelle.de\/wp-content\/uploads\/2023\/07\/Phil-Miller-The-Millstones-e1688632364455.jpg","keywords":["Heute bei Rock The Canteen: Phil Miller &amp; The Mills-Tones","Rock The Canteen"],"articleSection":["Veranstaltungen"],"inLanguage":"de","potentialAction":[{"@type":"CommentAction","name":"Comment","target":["https:\/\/radioleinewelle.de\/index.php\/2023\/07\/06\/heute-bei-rock-the-canteen-phil-miller-the-mills-tones\/#respond"]}]},{"@type":"WebPage","@id":"https:\/\/radioleinewelle.de\/index.php\/2023\/07\/06\/heute-bei-rock-the-canteen-phil-miller-the-mills-tones\/","url":"https:\/\/radioleinewelle.de\/index.php\/2023\/07\/06\/heute-bei-rock-the-canteen-phil-miller-the-mills-tones\/","name":"Heute bei Rock The Canteen: Phil Miller & The Mills-Tones - Radio Leinewelle","isPartOf":{"@id":"https:\/\/radioleinewelle.de\/#website"},"primaryImageOfPage":{"@id":"https:\/\/radioleinewelle.de\/index.php\/2023\/07\/06\/heute-bei-rock-the-canteen-phil-miller-the-mills-tones\/#primaryimage"},"image":{"@id":"https:\/\/radioleinewelle.de\/index.php\/2023\/07\/06\/heute-bei-rock-the-canteen-phil-miller-the-mills-tones\/#primaryimage"},"thumbnailUrl":"https:\/\/radioleinewelle.de\/wp-content\/uploads\/2023\/07\/Phil-Miller-The-Millstones-e1688632364455.jpg","datePublished":"2023-07-06T08:33:55+00:00","dateModified":"2023-07-10T07:01:15+00:00","breadcrumb":{"@id":"https:\/\/radioleinewelle.de\/index.php\/2023\/07\/06\/heute-bei-rock-the-canteen-phil-miller-the-mills-tones\/#breadcrumb"},"inLanguage":"de","potentialAction":[{"@type":"ReadAction","target":["https:\/\/radioleinewelle.de\/index.php\/2023\/07\/06\/heute-bei-rock-the-canteen-phil-miller-the-mills-tones\/"]}]},{"@type":"ImageObject","inLanguage":"de","@id":"https:\/\/radioleinewelle.de\/index.php\/2023\/07\/06\/heute-bei-rock-the-canteen-phil-miller-the-mills-tones\/#primaryimage","url":"https:\/\/radioleinewelle.de\/wp-content\/uploads\/2023\/07\/Phil-Miller-The-Millstones-e1688632364455.jpg","contentUrl":"https:\/\/radioleinewelle.de\/wp-content\/uploads\/2023\/07\/Phil-Miller-The-Millstones-e1688632364455.jpg","width":1000,"height":750},{"@type":"BreadcrumbList","@id":"https:\/\/radioleinewelle.de\/index.php\/2023\/07\/06\/heute-bei-rock-the-canteen-phil-miller-the-mills-tones\/#breadcrumb","itemListElement":[{"@type":"ListItem","position":1,"name":"Startseite","item":"https:\/\/radioleinewelle.de\/"},{"@type":"ListItem","position":2,"name":"Heute bei Rock The Canteen: Phil Miller &#038; The Mills-Tones"}]},{"@type":"WebSite","@id":"https:\/\/radioleinewelle.de\/#website","url":"https:\/\/radioleinewelle.de\/","name":"Radio Leinewelle","description":"","publisher":{"@id":"https:\/\/radioleinewelle.de\/#organization"},"potentialAction":[{"@type":"SearchAction","target":{"@type":"EntryPoint","urlTemplate":"https:\/\/radioleinewelle.de\/?s={search_term_string}"},"query-input":{"@type":"PropertyValueSpecification","valueRequired":true,"valueName":"search_term_string"}}],"inLanguage":"de"},{"@type":"Organization","@id":"https:\/\/radioleinewelle.de\/#organization","name":"Radio Leinewelle","alternateName":"Mein Radio f\u00fcr S\u00fcdniedersachsen","url":"https:\/\/radioleinewelle.de\/","logo":{"@type":"ImageObject","inLanguage":"de","@id":"https:\/\/radioleinewelle.de\/#\/schema\/logo\/image\/","url":"https:\/\/radioleinewelle.de\/wp-content\/uploads\/2023\/11\/cropped-Leinewelle_Logo_weiss.png","contentUrl":"https:\/\/radioleinewelle.de\/wp-content\/uploads\/2023\/11\/cropped-Leinewelle_Logo_weiss.png","width":854,"height":260,"caption":"Radio Leinewelle"},"image":{"@id":"https:\/\/radioleinewelle.de\/#\/schema\/logo\/image\/"},"sameAs":["https:\/\/www.facebook.com\/radioleinewelle","https:\/\/x.com\/RLeinewelle","https:\/\/www.instagram.com\/radioleinewelle\/?hl=de"]},{"@type":"Person","@id":"https:\/\/radioleinewelle.de\/#\/schema\/person\/45606f348637df637192dc1b68399a63","name":"Leinewelle","image":{"@type":"ImageObject","inLanguage":"de","@id":"https:\/\/secure.gravatar.com\/avatar\/05c9a17bc973052ee5d91549bd32fb4dd0dc85b7b85ae94b2e2b4943476bbea5?s=96&d=blank&r=g","url":"https:\/\/secure.gravatar.com\/avatar\/05c9a17bc973052ee5d91549bd32fb4dd0dc85b7b85ae94b2e2b4943476bbea5?s=96&d=blank&r=g","contentUrl":"https:\/\/secure.gravatar.com\/avatar\/05c9a17bc973052ee5d91549bd32fb4dd0dc85b7b85ae94b2e2b4943476bbea5?s=96&d=blank&r=g","caption":"Leinewelle"},"sameAs":["http:\/\/localhost\/radio%20leinewelle\/wordpress","https:\/\/www.facebook.com\/radioleinewelle","https:\/\/www.instagram.com\/radioleinewelle","https:\/\/x.com\/https:\/\/twitter.com\/RLeinewelle?ref_src=twsrcgoogletwcampserptwgrauthor","https:\/\/soundcloud.com\/foerderverein-lokalradio?utm_source=clipboard&utm_medium=text&utm_campaign=social_sharing"],"url":"https:\/\/radioleinewelle.de\/index.php\/author\/leinewelle\/"}]}},"_links":{"self":[{"href":"https:\/\/radioleinewelle.de\/index.php\/wp-json\/wp\/v2\/posts\/22933","targetHints":{"allow":["GET"]}}],"collection":[{"href":"https:\/\/radioleinewelle.de\/index.php\/wp-json\/wp\/v2\/posts"}],"about":[{"href":"https:\/\/radioleinewelle.de\/index.php\/wp-json\/wp\/v2\/types\/post"}],"author":[{"embeddable":true,"href":"https:\/\/radioleinewelle.de\/index.php\/wp-json\/wp\/v2\/users\/1"}],"replies":[{"embeddable":true,"href":"https:\/\/radioleinewelle.de\/index.php\/wp-json\/wp\/v2\/comments?post=22933"}],"version-history":[{"count":2,"href":"https:\/\/radioleinewelle.de\/index.php\/wp-json\/wp\/v2\/posts\/22933\/revisions"}],"predecessor-version":[{"id":22953,"href":"https:\/\/radioleinewelle.de\/index.php\/wp-json\/wp\/v2\/posts\/22933\/revisions\/22953"}],"wp:featuredmedia":[{"embeddable":true,"href":"https:\/\/radioleinewelle.de\/index.php\/wp-json\/wp\/v2\/media\/22935"}],"wp:attachment":[{"href":"https:\/\/radioleinewelle.de\/index.php\/wp-json\/wp\/v2\/media?parent=22933"}],"wp:term":[{"taxonomy":"category","embeddable":true,"href":"https:\/\/radioleinewelle.de\/index.php\/wp-json\/wp\/v2\/categories?post=22933"},{"taxonomy":"post_tag","embeddable":true,"href":"https:\/\/radioleinewelle.de\/index.php\/wp-json\/wp\/v2\/tags?post=22933"}],"curies":[{"name":"wp","href":"https:\/\/api.w.org\/{rel}","templated":true}]}}