{"id":22984,"date":"2023-07-14T07:50:15","date_gmt":"2023-07-14T05:50:15","guid":{"rendered":"https:\/\/radioleinewelle.de\/?p=22984"},"modified":"2023-07-14T07:50:17","modified_gmt":"2023-07-14T05:50:17","slug":"kampfmittelsondierungen-auf-dem-schuetzenplatz-ergeben-bisher-acht-verdachtspunkte","status":"publish","type":"post","link":"https:\/\/radioleinewelle.de\/index.php\/2023\/07\/14\/kampfmittelsondierungen-auf-dem-schuetzenplatz-ergeben-bisher-acht-verdachtspunkte\/","title":{"rendered":"Kampfmittelsondierungen auf dem Sch\u00fctzenplatz ergeben bisher acht Verdachtspunkte"},"content":{"rendered":"\n<p>Bei den aktuellen Kampfmittelsondierungen auf dem Sch\u00fctzenplatz hat sich ein weiterer Verdacht auf einen Blindg\u00e4nger aus dem Zweiten Weltkrieg erh\u00e4rtet. Somit sind nun acht Verdachtspunkte zun\u00e4chst n\u00e4her zu untersuchen.\u00a0\u00a0<\/p>\n\n\n\n<p>Der achte Verdachtspunkt ist der letzte, der in der N\u00e4he der S-Arena vorerst noch sondiert wurde. Aufgrund der Vielzahl der Punkte mit Messergebnissen, die eine vertiefte Untersuchung erfordern, m\u00fcssen die urspr\u00fcnglich geplanten weiteren Fl\u00e4chensondierungen auf dem Areal des Sch\u00fctzenplatzes vorerst pausieren.<\/p>\n\n\n\n<p>Die Punkte sind zun\u00e4chst abgesichert. Sie werden voraussichtlich ab August einer technischen Vorerkundung unterzogen. Der Sch\u00fctzenplatz ist in diesen Wochen gesperrt. In der S-Arena finden in den Sommerferien ohnehin keine Veranstaltungen und keine weitere Nutzung statt. Die Skate-Anlage kann bereits jetzt nicht mehr genutzt werden.<\/p>\n\n\n\n<p>Aufgrund der Lage und der Vielzahl der Punkte, bei denen sich der Verdacht erh\u00e4rtet hat, sieht die Stadt G\u00f6ttingen einen aller Voraussicht nach bevorstehenden Einsatz zur Beseitigung der Kampfmittel als gro\u00dfe Herausforderung. Ziel ist, dass keinesfalls Personen zu Schaden kommen und keine Geb\u00e4ude besch\u00e4digt werden. Je nach Ergebnis der weiteren Untersuchungen des Kampfmittelbeseitigungsdienstes Niedersachsen wird es m\u00f6glicherweise dieses Mal erforderlich sein, aus Sicherheitsgr\u00fcnden einen Radius von 1.250 Metern rund um die Fundstellen, insbesondere den achten Verdachtspunkt, zu evakuieren. Ob dieser erweiterte Radius aus Sicherheitsgr\u00fcnden erforderlich sein wird oder nicht, wird sich erst im Rahmen der umfangreichen Vorerkundungen kl\u00e4ren lassen.<\/p>\n\n\n\n<p>Bei den Vorbereitungen f\u00fcr einen Einsatz zur Beseitigung von Kampfmitteln ist nun vorgesehen, dass demn\u00e4chst die Arbeiten zur Brunnenbohrung beginnen. Das ist erforderlich, um das Grundwasser an den betroffenen Stellen abzusenken. Dar\u00fcber hinaus beginnt der Aufbau einer Vielzahl von Containern, die wie bei den vorangegangenen Ma\u00dfnahmen auch, nahestehende Geb\u00e4ude am Einsatztag sch\u00fctzen sollen. Ein konkreter Termin f\u00fcr einen Einsatz steht derzeit noch nicht fest. Der Zeitpunkt h\u00e4ngt vom Verlauf der Vorarbeiten ab. Es ist mit einer Vorbereitungszeit von voraussichtlich mehreren Wochen zu rechnen.<\/p>\n\n\n\n<p><strong>Weitere Informationen&nbsp;<\/strong><\/p>\n\n\n\n<p>Aktuelle Informationen zu den Kampfmittelsondierungen in der Weststadt bietet fortlaufend der Liveblog der Stadt G\u00f6ttingen unter\u00a0<strong><a href=\"http:\/\/mailings.goettingen.de\/c\/85081071\/8437d312179c-rxql1p\">goe.de\/bombenverdacht<\/a>.<\/strong><\/p>\n\n\n\n<p><strong>Foto:<\/strong> Sparkassenarena auf dem Sch\u00fctzenplatz \u00a9Stadt G\u00f6ttingen<\/p>\n","protected":false},"excerpt":{"rendered":"<p>Bei den aktuellen Kampfmittelsondierungen auf dem Sch\u00fctzenplatz hat sich ein weiterer Verdacht auf einen Blindg\u00e4nger aus dem Zweiten Weltkrieg erh\u00e4rtet. Somit sind nun acht Verdachtspunkte zun\u00e4chst n\u00e4her zu untersuchen.\u00a0\u00a0 Der achte Verdachtspunkt ist der letzte, der in der N\u00e4he der S-Arena vorerst noch sondiert wurde. Aufgrund der Vielzahl der Punkte mit Messergebnissen, die eine vertiefte [&hellip;]<\/p>\n","protected":false},"author":1,"featured_media":17652,"comment_status":"open","ping_status":"open","sticky":true,"template":"","format":"standard","meta":{"saved_in_kubio":false,"footnotes":""},"categories":[1],"tags":[],"class_list":["post-22984","post","type-post","status-publish","format-standard","has-post-thumbnail","hentry","category-allgemein"],"yoast_head":"<!-- This site is optimized with the Yoast SEO plugin v27.5 - https:\/\/yoast.com\/product\/yoast-seo-wordpress\/ -->\n<title>Kampfmittelsondierungen auf dem Sch\u00fctzenplatz ergeben bisher acht Verdachtspunkte - Radio Leinewelle<\/title>\n<meta name=\"robots\" content=\"index, follow, max-snippet:-1, max-image-preview:large, max-video-preview:-1\" \/>\n<link rel=\"canonical\" href=\"https:\/\/radioleinewelle.de\/index.php\/2023\/07\/14\/kampfmittelsondierungen-auf-dem-schuetzenplatz-ergeben-bisher-acht-verdachtspunkte\/\" \/>\n<meta property=\"og:locale\" content=\"de_DE\" \/>\n<meta property=\"og:type\" content=\"article\" \/>\n<meta property=\"og:title\" content=\"Kampfmittelsondierungen auf dem Sch\u00fctzenplatz ergeben bisher acht Verdachtspunkte - Radio Leinewelle\" \/>\n<meta property=\"og:description\" content=\"Bei den aktuellen Kampfmittelsondierungen auf dem Sch\u00fctzenplatz hat sich ein weiterer Verdacht auf einen Blindg\u00e4nger aus dem Zweiten Weltkrieg erh\u00e4rtet. Somit sind nun acht Verdachtspunkte zun\u00e4chst n\u00e4her zu untersuchen.\u00a0\u00a0 Der achte Verdachtspunkt ist der letzte, der in der N\u00e4he der S-Arena vorerst noch sondiert wurde. Aufgrund der Vielzahl der Punkte mit Messergebnissen, die eine vertiefte [&hellip;]\" \/>\n<meta property=\"og:url\" content=\"https:\/\/radioleinewelle.de\/index.php\/2023\/07\/14\/kampfmittelsondierungen-auf-dem-schuetzenplatz-ergeben-bisher-acht-verdachtspunkte\/\" \/>\n<meta property=\"og:site_name\" content=\"Radio Leinewelle\" \/>\n<meta property=\"article:publisher\" content=\"https:\/\/www.facebook.com\/radioleinewelle\" \/>\n<meta property=\"article:author\" content=\"https:\/\/www.facebook.com\/radioleinewelle\" \/>\n<meta property=\"article:published_time\" content=\"2023-07-14T05:50:15+00:00\" \/>\n<meta property=\"article:modified_time\" content=\"2023-07-14T05:50:17+00:00\" \/>\n<meta property=\"og:image\" content=\"https:\/\/radioleinewelle.de\/wp-content\/uploads\/2023\/01\/elb_00034d6a.jpg\" \/>\n\t<meta property=\"og:image:width\" content=\"1000\" \/>\n\t<meta property=\"og:image:height\" content=\"664\" \/>\n\t<meta property=\"og:image:type\" content=\"image\/jpeg\" \/>\n<meta name=\"author\" content=\"Leinewelle\" \/>\n<meta name=\"twitter:card\" content=\"summary_large_image\" \/>\n<meta name=\"twitter:creator\" content=\"@https:\/\/twitter.com\/RLeinewelle?ref_src=twsrcgoogletwcampserptwgrauthor\" \/>\n<meta name=\"twitter:site\" content=\"@RLeinewelle\" \/>\n<meta name=\"twitter:label1\" content=\"Verfasst von\" \/>\n\t<meta name=\"twitter:data1\" content=\"Leinewelle\" \/>\n\t<meta name=\"twitter:label2\" content=\"Gesch\u00e4tzte Lesezeit\" \/>\n\t<meta name=\"twitter:data2\" content=\"2\u00a0Minuten\" \/>\n<script type=\"application\/ld+json\" class=\"yoast-schema-graph\">{\"@context\":\"https:\\\/\\\/schema.org\",\"@graph\":[{\"@type\":\"Article\",\"@id\":\"https:\\\/\\\/radioleinewelle.de\\\/index.php\\\/2023\\\/07\\\/14\\\/kampfmittelsondierungen-auf-dem-schuetzenplatz-ergeben-bisher-acht-verdachtspunkte\\\/#article\",\"isPartOf\":{\"@id\":\"https:\\\/\\\/radioleinewelle.de\\\/index.php\\\/2023\\\/07\\\/14\\\/kampfmittelsondierungen-auf-dem-schuetzenplatz-ergeben-bisher-acht-verdachtspunkte\\\/\"},\"author\":{\"name\":\"Leinewelle\",\"@id\":\"https:\\\/\\\/radioleinewelle.de\\\/#\\\/schema\\\/person\\\/45606f348637df637192dc1b68399a63\"},\"headline\":\"Kampfmittelsondierungen auf dem Sch\u00fctzenplatz ergeben bisher acht Verdachtspunkte\",\"datePublished\":\"2023-07-14T05:50:15+00:00\",\"dateModified\":\"2023-07-14T05:50:17+00:00\",\"mainEntityOfPage\":{\"@id\":\"https:\\\/\\\/radioleinewelle.de\\\/index.php\\\/2023\\\/07\\\/14\\\/kampfmittelsondierungen-auf-dem-schuetzenplatz-ergeben-bisher-acht-verdachtspunkte\\\/\"},\"wordCount\":366,\"commentCount\":0,\"publisher\":{\"@id\":\"https:\\\/\\\/radioleinewelle.de\\\/#organization\"},\"image\":{\"@id\":\"https:\\\/\\\/radioleinewelle.de\\\/index.php\\\/2023\\\/07\\\/14\\\/kampfmittelsondierungen-auf-dem-schuetzenplatz-ergeben-bisher-acht-verdachtspunkte\\\/#primaryimage\"},\"thumbnailUrl\":\"https:\\\/\\\/radioleinewelle.de\\\/wp-content\\\/uploads\\\/2023\\\/01\\\/elb_00034d6a.jpg\",\"inLanguage\":\"de\",\"potentialAction\":[{\"@type\":\"CommentAction\",\"name\":\"Comment\",\"target\":[\"https:\\\/\\\/radioleinewelle.de\\\/index.php\\\/2023\\\/07\\\/14\\\/kampfmittelsondierungen-auf-dem-schuetzenplatz-ergeben-bisher-acht-verdachtspunkte\\\/#respond\"]}]},{\"@type\":\"WebPage\",\"@id\":\"https:\\\/\\\/radioleinewelle.de\\\/index.php\\\/2023\\\/07\\\/14\\\/kampfmittelsondierungen-auf-dem-schuetzenplatz-ergeben-bisher-acht-verdachtspunkte\\\/\",\"url\":\"https:\\\/\\\/radioleinewelle.de\\\/index.php\\\/2023\\\/07\\\/14\\\/kampfmittelsondierungen-auf-dem-schuetzenplatz-ergeben-bisher-acht-verdachtspunkte\\\/\",\"name\":\"Kampfmittelsondierungen auf dem Sch\u00fctzenplatz ergeben bisher acht Verdachtspunkte - Radio Leinewelle\",\"isPartOf\":{\"@id\":\"https:\\\/\\\/radioleinewelle.de\\\/#website\"},\"primaryImageOfPage\":{\"@id\":\"https:\\\/\\\/radioleinewelle.de\\\/index.php\\\/2023\\\/07\\\/14\\\/kampfmittelsondierungen-auf-dem-schuetzenplatz-ergeben-bisher-acht-verdachtspunkte\\\/#primaryimage\"},\"image\":{\"@id\":\"https:\\\/\\\/radioleinewelle.de\\\/index.php\\\/2023\\\/07\\\/14\\\/kampfmittelsondierungen-auf-dem-schuetzenplatz-ergeben-bisher-acht-verdachtspunkte\\\/#primaryimage\"},\"thumbnailUrl\":\"https:\\\/\\\/radioleinewelle.de\\\/wp-content\\\/uploads\\\/2023\\\/01\\\/elb_00034d6a.jpg\",\"datePublished\":\"2023-07-14T05:50:15+00:00\",\"dateModified\":\"2023-07-14T05:50:17+00:00\",\"breadcrumb\":{\"@id\":\"https:\\\/\\\/radioleinewelle.de\\\/index.php\\\/2023\\\/07\\\/14\\\/kampfmittelsondierungen-auf-dem-schuetzenplatz-ergeben-bisher-acht-verdachtspunkte\\\/#breadcrumb\"},\"inLanguage\":\"de\",\"potentialAction\":[{\"@type\":\"ReadAction\",\"target\":[\"https:\\\/\\\/radioleinewelle.de\\\/index.php\\\/2023\\\/07\\\/14\\\/kampfmittelsondierungen-auf-dem-schuetzenplatz-ergeben-bisher-acht-verdachtspunkte\\\/\"]}]},{\"@type\":\"ImageObject\",\"inLanguage\":\"de\",\"@id\":\"https:\\\/\\\/radioleinewelle.de\\\/index.php\\\/2023\\\/07\\\/14\\\/kampfmittelsondierungen-auf-dem-schuetzenplatz-ergeben-bisher-acht-verdachtspunkte\\\/#primaryimage\",\"url\":\"https:\\\/\\\/radioleinewelle.de\\\/wp-content\\\/uploads\\\/2023\\\/01\\\/elb_00034d6a.jpg\",\"contentUrl\":\"https:\\\/\\\/radioleinewelle.de\\\/wp-content\\\/uploads\\\/2023\\\/01\\\/elb_00034d6a.jpg\",\"width\":1000,\"height\":664,\"caption\":\"G\u00f6TTINGEN 08.08.2012 Geb\u00e4ude der Sparkassen-Arena am Sch\u00fctzenplatz in G\u00f6ttingen im Bundesland Niedersachsen. \\\/\\\/ Building the Sparkassen-Arena in Goettingen in Lower Saxony. www.sparkasse-arena.de Foto: Michael Mehle\"},{\"@type\":\"BreadcrumbList\",\"@id\":\"https:\\\/\\\/radioleinewelle.de\\\/index.php\\\/2023\\\/07\\\/14\\\/kampfmittelsondierungen-auf-dem-schuetzenplatz-ergeben-bisher-acht-verdachtspunkte\\\/#breadcrumb\",\"itemListElement\":[{\"@type\":\"ListItem\",\"position\":1,\"name\":\"Startseite\",\"item\":\"https:\\\/\\\/radioleinewelle.de\\\/\"},{\"@type\":\"ListItem\",\"position\":2,\"name\":\"Kampfmittelsondierungen auf dem Sch\u00fctzenplatz ergeben bisher acht Verdachtspunkte\"}]},{\"@type\":\"WebSite\",\"@id\":\"https:\\\/\\\/radioleinewelle.de\\\/#website\",\"url\":\"https:\\\/\\\/radioleinewelle.de\\\/\",\"name\":\"Radio Leinewelle\",\"description\":\"\",\"publisher\":{\"@id\":\"https:\\\/\\\/radioleinewelle.de\\\/#organization\"},\"potentialAction\":[{\"@type\":\"SearchAction\",\"target\":{\"@type\":\"EntryPoint\",\"urlTemplate\":\"https:\\\/\\\/radioleinewelle.de\\\/?s={search_term_string}\"},\"query-input\":{\"@type\":\"PropertyValueSpecification\",\"valueRequired\":true,\"valueName\":\"search_term_string\"}}],\"inLanguage\":\"de\"},{\"@type\":\"Organization\",\"@id\":\"https:\\\/\\\/radioleinewelle.de\\\/#organization\",\"name\":\"Radio Leinewelle\",\"alternateName\":\"Mein Radio f\u00fcr S\u00fcdniedersachsen\",\"url\":\"https:\\\/\\\/radioleinewelle.de\\\/\",\"logo\":{\"@type\":\"ImageObject\",\"inLanguage\":\"de\",\"@id\":\"https:\\\/\\\/radioleinewelle.de\\\/#\\\/schema\\\/logo\\\/image\\\/\",\"url\":\"https:\\\/\\\/radioleinewelle.de\\\/wp-content\\\/uploads\\\/2023\\\/11\\\/cropped-Leinewelle_Logo_weiss.png\",\"contentUrl\":\"https:\\\/\\\/radioleinewelle.de\\\/wp-content\\\/uploads\\\/2023\\\/11\\\/cropped-Leinewelle_Logo_weiss.png\",\"width\":854,\"height\":260,\"caption\":\"Radio Leinewelle\"},\"image\":{\"@id\":\"https:\\\/\\\/radioleinewelle.de\\\/#\\\/schema\\\/logo\\\/image\\\/\"},\"sameAs\":[\"https:\\\/\\\/www.facebook.com\\\/radioleinewelle\",\"https:\\\/\\\/x.com\\\/RLeinewelle\",\"https:\\\/\\\/www.instagram.com\\\/radioleinewelle\\\/?hl=de\"]},{\"@type\":\"Person\",\"@id\":\"https:\\\/\\\/radioleinewelle.de\\\/#\\\/schema\\\/person\\\/45606f348637df637192dc1b68399a63\",\"name\":\"Leinewelle\",\"image\":{\"@type\":\"ImageObject\",\"inLanguage\":\"de\",\"@id\":\"https:\\\/\\\/secure.gravatar.com\\\/avatar\\\/05c9a17bc973052ee5d91549bd32fb4dd0dc85b7b85ae94b2e2b4943476bbea5?s=96&d=blank&r=g\",\"url\":\"https:\\\/\\\/secure.gravatar.com\\\/avatar\\\/05c9a17bc973052ee5d91549bd32fb4dd0dc85b7b85ae94b2e2b4943476bbea5?s=96&d=blank&r=g\",\"contentUrl\":\"https:\\\/\\\/secure.gravatar.com\\\/avatar\\\/05c9a17bc973052ee5d91549bd32fb4dd0dc85b7b85ae94b2e2b4943476bbea5?s=96&d=blank&r=g\",\"caption\":\"Leinewelle\"},\"sameAs\":[\"http:\\\/\\\/localhost\\\/radio%20leinewelle\\\/wordpress\",\"https:\\\/\\\/www.facebook.com\\\/radioleinewelle\",\"https:\\\/\\\/www.instagram.com\\\/radioleinewelle\",\"https:\\\/\\\/x.com\\\/https:\\\/\\\/twitter.com\\\/RLeinewelle?ref_src=twsrcgoogletwcampserptwgrauthor\",\"https:\\\/\\\/soundcloud.com\\\/foerderverein-lokalradio?utm_source=clipboard&utm_medium=text&utm_campaign=social_sharing\"],\"url\":\"https:\\\/\\\/radioleinewelle.de\\\/index.php\\\/author\\\/leinewelle\\\/\"}]}<\/script>\n<!-- \/ Yoast SEO plugin. -->","yoast_head_json":{"title":"Kampfmittelsondierungen auf dem Sch\u00fctzenplatz ergeben bisher acht Verdachtspunkte - Radio Leinewelle","robots":{"index":"index","follow":"follow","max-snippet":"max-snippet:-1","max-image-preview":"max-image-preview:large","max-video-preview":"max-video-preview:-1"},"canonical":"https:\/\/radioleinewelle.de\/index.php\/2023\/07\/14\/kampfmittelsondierungen-auf-dem-schuetzenplatz-ergeben-bisher-acht-verdachtspunkte\/","og_locale":"de_DE","og_type":"article","og_title":"Kampfmittelsondierungen auf dem Sch\u00fctzenplatz ergeben bisher acht Verdachtspunkte - Radio Leinewelle","og_description":"Bei den aktuellen Kampfmittelsondierungen auf dem Sch\u00fctzenplatz hat sich ein weiterer Verdacht auf einen Blindg\u00e4nger aus dem Zweiten Weltkrieg erh\u00e4rtet. Somit sind nun acht Verdachtspunkte zun\u00e4chst n\u00e4her zu untersuchen.\u00a0\u00a0 Der achte Verdachtspunkt ist der letzte, der in der N\u00e4he der S-Arena vorerst noch sondiert wurde. Aufgrund der Vielzahl der Punkte mit Messergebnissen, die eine vertiefte [&hellip;]","og_url":"https:\/\/radioleinewelle.de\/index.php\/2023\/07\/14\/kampfmittelsondierungen-auf-dem-schuetzenplatz-ergeben-bisher-acht-verdachtspunkte\/","og_site_name":"Radio Leinewelle","article_publisher":"https:\/\/www.facebook.com\/radioleinewelle","article_author":"https:\/\/www.facebook.com\/radioleinewelle","article_published_time":"2023-07-14T05:50:15+00:00","article_modified_time":"2023-07-14T05:50:17+00:00","og_image":[{"width":1000,"height":664,"url":"https:\/\/radioleinewelle.de\/wp-content\/uploads\/2023\/01\/elb_00034d6a.jpg","type":"image\/jpeg"}],"author":"Leinewelle","twitter_card":"summary_large_image","twitter_creator":"@https:\/\/twitter.com\/RLeinewelle?ref_src=twsrcgoogletwcampserptwgrauthor","twitter_site":"@RLeinewelle","twitter_misc":{"Verfasst von":"Leinewelle","Gesch\u00e4tzte Lesezeit":"2\u00a0Minuten"},"schema":{"@context":"https:\/\/schema.org","@graph":[{"@type":"Article","@id":"https:\/\/radioleinewelle.de\/index.php\/2023\/07\/14\/kampfmittelsondierungen-auf-dem-schuetzenplatz-ergeben-bisher-acht-verdachtspunkte\/#article","isPartOf":{"@id":"https:\/\/radioleinewelle.de\/index.php\/2023\/07\/14\/kampfmittelsondierungen-auf-dem-schuetzenplatz-ergeben-bisher-acht-verdachtspunkte\/"},"author":{"name":"Leinewelle","@id":"https:\/\/radioleinewelle.de\/#\/schema\/person\/45606f348637df637192dc1b68399a63"},"headline":"Kampfmittelsondierungen auf dem Sch\u00fctzenplatz ergeben bisher acht Verdachtspunkte","datePublished":"2023-07-14T05:50:15+00:00","dateModified":"2023-07-14T05:50:17+00:00","mainEntityOfPage":{"@id":"https:\/\/radioleinewelle.de\/index.php\/2023\/07\/14\/kampfmittelsondierungen-auf-dem-schuetzenplatz-ergeben-bisher-acht-verdachtspunkte\/"},"wordCount":366,"commentCount":0,"publisher":{"@id":"https:\/\/radioleinewelle.de\/#organization"},"image":{"@id":"https:\/\/radioleinewelle.de\/index.php\/2023\/07\/14\/kampfmittelsondierungen-auf-dem-schuetzenplatz-ergeben-bisher-acht-verdachtspunkte\/#primaryimage"},"thumbnailUrl":"https:\/\/radioleinewelle.de\/wp-content\/uploads\/2023\/01\/elb_00034d6a.jpg","inLanguage":"de","potentialAction":[{"@type":"CommentAction","name":"Comment","target":["https:\/\/radioleinewelle.de\/index.php\/2023\/07\/14\/kampfmittelsondierungen-auf-dem-schuetzenplatz-ergeben-bisher-acht-verdachtspunkte\/#respond"]}]},{"@type":"WebPage","@id":"https:\/\/radioleinewelle.de\/index.php\/2023\/07\/14\/kampfmittelsondierungen-auf-dem-schuetzenplatz-ergeben-bisher-acht-verdachtspunkte\/","url":"https:\/\/radioleinewelle.de\/index.php\/2023\/07\/14\/kampfmittelsondierungen-auf-dem-schuetzenplatz-ergeben-bisher-acht-verdachtspunkte\/","name":"Kampfmittelsondierungen auf dem Sch\u00fctzenplatz ergeben bisher acht Verdachtspunkte - Radio Leinewelle","isPartOf":{"@id":"https:\/\/radioleinewelle.de\/#website"},"primaryImageOfPage":{"@id":"https:\/\/radioleinewelle.de\/index.php\/2023\/07\/14\/kampfmittelsondierungen-auf-dem-schuetzenplatz-ergeben-bisher-acht-verdachtspunkte\/#primaryimage"},"image":{"@id":"https:\/\/radioleinewelle.de\/index.php\/2023\/07\/14\/kampfmittelsondierungen-auf-dem-schuetzenplatz-ergeben-bisher-acht-verdachtspunkte\/#primaryimage"},"thumbnailUrl":"https:\/\/radioleinewelle.de\/wp-content\/uploads\/2023\/01\/elb_00034d6a.jpg","datePublished":"2023-07-14T05:50:15+00:00","dateModified":"2023-07-14T05:50:17+00:00","breadcrumb":{"@id":"https:\/\/radioleinewelle.de\/index.php\/2023\/07\/14\/kampfmittelsondierungen-auf-dem-schuetzenplatz-ergeben-bisher-acht-verdachtspunkte\/#breadcrumb"},"inLanguage":"de","potentialAction":[{"@type":"ReadAction","target":["https:\/\/radioleinewelle.de\/index.php\/2023\/07\/14\/kampfmittelsondierungen-auf-dem-schuetzenplatz-ergeben-bisher-acht-verdachtspunkte\/"]}]},{"@type":"ImageObject","inLanguage":"de","@id":"https:\/\/radioleinewelle.de\/index.php\/2023\/07\/14\/kampfmittelsondierungen-auf-dem-schuetzenplatz-ergeben-bisher-acht-verdachtspunkte\/#primaryimage","url":"https:\/\/radioleinewelle.de\/wp-content\/uploads\/2023\/01\/elb_00034d6a.jpg","contentUrl":"https:\/\/radioleinewelle.de\/wp-content\/uploads\/2023\/01\/elb_00034d6a.jpg","width":1000,"height":664,"caption":"G\u00f6TTINGEN 08.08.2012 Geb\u00e4ude der Sparkassen-Arena am Sch\u00fctzenplatz in G\u00f6ttingen im Bundesland Niedersachsen. \/\/ Building the Sparkassen-Arena in Goettingen in Lower Saxony. www.sparkasse-arena.de Foto: Michael Mehle"},{"@type":"BreadcrumbList","@id":"https:\/\/radioleinewelle.de\/index.php\/2023\/07\/14\/kampfmittelsondierungen-auf-dem-schuetzenplatz-ergeben-bisher-acht-verdachtspunkte\/#breadcrumb","itemListElement":[{"@type":"ListItem","position":1,"name":"Startseite","item":"https:\/\/radioleinewelle.de\/"},{"@type":"ListItem","position":2,"name":"Kampfmittelsondierungen auf dem Sch\u00fctzenplatz ergeben bisher acht Verdachtspunkte"}]},{"@type":"WebSite","@id":"https:\/\/radioleinewelle.de\/#website","url":"https:\/\/radioleinewelle.de\/","name":"Radio Leinewelle","description":"","publisher":{"@id":"https:\/\/radioleinewelle.de\/#organization"},"potentialAction":[{"@type":"SearchAction","target":{"@type":"EntryPoint","urlTemplate":"https:\/\/radioleinewelle.de\/?s={search_term_string}"},"query-input":{"@type":"PropertyValueSpecification","valueRequired":true,"valueName":"search_term_string"}}],"inLanguage":"de"},{"@type":"Organization","@id":"https:\/\/radioleinewelle.de\/#organization","name":"Radio Leinewelle","alternateName":"Mein Radio f\u00fcr S\u00fcdniedersachsen","url":"https:\/\/radioleinewelle.de\/","logo":{"@type":"ImageObject","inLanguage":"de","@id":"https:\/\/radioleinewelle.de\/#\/schema\/logo\/image\/","url":"https:\/\/radioleinewelle.de\/wp-content\/uploads\/2023\/11\/cropped-Leinewelle_Logo_weiss.png","contentUrl":"https:\/\/radioleinewelle.de\/wp-content\/uploads\/2023\/11\/cropped-Leinewelle_Logo_weiss.png","width":854,"height":260,"caption":"Radio Leinewelle"},"image":{"@id":"https:\/\/radioleinewelle.de\/#\/schema\/logo\/image\/"},"sameAs":["https:\/\/www.facebook.com\/radioleinewelle","https:\/\/x.com\/RLeinewelle","https:\/\/www.instagram.com\/radioleinewelle\/?hl=de"]},{"@type":"Person","@id":"https:\/\/radioleinewelle.de\/#\/schema\/person\/45606f348637df637192dc1b68399a63","name":"Leinewelle","image":{"@type":"ImageObject","inLanguage":"de","@id":"https:\/\/secure.gravatar.com\/avatar\/05c9a17bc973052ee5d91549bd32fb4dd0dc85b7b85ae94b2e2b4943476bbea5?s=96&d=blank&r=g","url":"https:\/\/secure.gravatar.com\/avatar\/05c9a17bc973052ee5d91549bd32fb4dd0dc85b7b85ae94b2e2b4943476bbea5?s=96&d=blank&r=g","contentUrl":"https:\/\/secure.gravatar.com\/avatar\/05c9a17bc973052ee5d91549bd32fb4dd0dc85b7b85ae94b2e2b4943476bbea5?s=96&d=blank&r=g","caption":"Leinewelle"},"sameAs":["http:\/\/localhost\/radio%20leinewelle\/wordpress","https:\/\/www.facebook.com\/radioleinewelle","https:\/\/www.instagram.com\/radioleinewelle","https:\/\/x.com\/https:\/\/twitter.com\/RLeinewelle?ref_src=twsrcgoogletwcampserptwgrauthor","https:\/\/soundcloud.com\/foerderverein-lokalradio?utm_source=clipboard&utm_medium=text&utm_campaign=social_sharing"],"url":"https:\/\/radioleinewelle.de\/index.php\/author\/leinewelle\/"}]}},"_links":{"self":[{"href":"https:\/\/radioleinewelle.de\/index.php\/wp-json\/wp\/v2\/posts\/22984","targetHints":{"allow":["GET"]}}],"collection":[{"href":"https:\/\/radioleinewelle.de\/index.php\/wp-json\/wp\/v2\/posts"}],"about":[{"href":"https:\/\/radioleinewelle.de\/index.php\/wp-json\/wp\/v2\/types\/post"}],"author":[{"embeddable":true,"href":"https:\/\/radioleinewelle.de\/index.php\/wp-json\/wp\/v2\/users\/1"}],"replies":[{"embeddable":true,"href":"https:\/\/radioleinewelle.de\/index.php\/wp-json\/wp\/v2\/comments?post=22984"}],"version-history":[{"count":3,"href":"https:\/\/radioleinewelle.de\/index.php\/wp-json\/wp\/v2\/posts\/22984\/revisions"}],"predecessor-version":[{"id":22987,"href":"https:\/\/radioleinewelle.de\/index.php\/wp-json\/wp\/v2\/posts\/22984\/revisions\/22987"}],"wp:featuredmedia":[{"embeddable":true,"href":"https:\/\/radioleinewelle.de\/index.php\/wp-json\/wp\/v2\/media\/17652"}],"wp:attachment":[{"href":"https:\/\/radioleinewelle.de\/index.php\/wp-json\/wp\/v2\/media?parent=22984"}],"wp:term":[{"taxonomy":"category","embeddable":true,"href":"https:\/\/radioleinewelle.de\/index.php\/wp-json\/wp\/v2\/categories?post=22984"},{"taxonomy":"post_tag","embeddable":true,"href":"https:\/\/radioleinewelle.de\/index.php\/wp-json\/wp\/v2\/tags?post=22984"}],"curies":[{"name":"wp","href":"https:\/\/api.w.org\/{rel}","templated":true}]}}