{"id":22995,"date":"2023-07-17T08:29:28","date_gmt":"2023-07-17T06:29:28","guid":{"rendered":"https:\/\/radioleinewelle.de\/?p=22995"},"modified":"2023-07-17T08:29:30","modified_gmt":"2023-07-17T06:29:30","slug":"deutsch-franzoesisches-radioprojekt-radio-action-heute-live-an-der-goettinger-jacobikirche","status":"publish","type":"post","link":"https:\/\/radioleinewelle.de\/index.php\/2023\/07\/17\/deutsch-franzoesisches-radioprojekt-radio-action-heute-live-an-der-goettinger-jacobikirche\/","title":{"rendered":"Deutsch-Franz\u00f6sisches Radioprojekt &#8222;Radio Action&#8220; heute live an der G\u00f6ttinger Jacobikirche"},"content":{"rendered":"\n<p><\/p>\n\n\n\n<p>Ein interkulturelles deutsch-franz\u00f6sisches Radioprojekt macht heute Station in G\u00f6ttingen. Die Vereine Kijuga aus Berlin und Ecco aus Donchery in den Ardennen haben im Jahr 2020 ein deutsch-franz\u00f6sisches Webradio gegr\u00fcndet. Seitdem veranstalten sie Jugendbegegnungen in Frankreich und Deutschland rund ums Thema Radio und produzieren Sendungen, die im Web und in den lokalen Wellen ausgestrahlt werden.&nbsp;<\/p>\n\n\n\n<p><strong>Radio Action sendet heute live aus G\u00f6ttingen ab 11:00 Uhr an der Jacobikirche in G\u00f6ttingen<\/strong><\/p>\n\n\n\n<p>Im Rahmen des 60-j\u00e4hrigen Jubil\u00e4ums des Deutsch-Franz\u00f6sischen Jugendwerks organisieren sie mit 20 Jugendlichen aus den Ardennen und Hamburg im Alter von 15 bis 17 Jahren vom 8. bis 22. Juli eine Tour durch Frankreich und Deutschland, die von La Rochelle nach Berlin f\u00fchrt.<\/p>\n\n\n\n<p>Das Projekt macht in den St\u00e4dten La Rochelle, La Ferri\u00e8re, Blois, Charleville-M\u00e9zi\u00e8res, G\u00f6ttingen, Wernigerode, Magdeburg und Berlin Station. &nbsp;Diese \u00f6ffentlichen Radiosendungen bieten die Gelegenheit, die Bewohner:innen dieser St\u00e4dte zu ihrer Sicht auf die Verbindungen zwischen Frankreich und Deutschland zu befragen, dienen aber auch dazu, insbesondere die J\u00fcngsten weiter daf\u00fcr zu sensibilisieren, wie wichtig es ist, in einer Zeit, in der Konflikte vor den Toren Europas w\u00fcten, an der Geschwisterlichkeit zwischen den V\u00f6lkern zu arbeiten.&nbsp;<\/p>\n\n\n\n<p>Alle aktuellen Informationen \u00fcber das Projekt finden sich auf der Website:&nbsp;<a href=\"https:\/\/radio-action.org\/\"><strong>https:\/\/radio-action.org\/<\/strong><\/a>&nbsp;<\/p>\n\n\n\n<p><strong>Foto:<\/strong> Route des Radioprojekts \u00a9Kijuga<\/p>\n","protected":false},"excerpt":{"rendered":"<p>Ein interkulturelles deutsch-franz\u00f6sisches Radioprojekt macht heute Station in G\u00f6ttingen. Die Vereine Kijuga aus Berlin und Ecco aus Donchery in den Ardennen haben im Jahr 2020 ein deutsch-franz\u00f6sisches Webradio gegr\u00fcndet. Seitdem veranstalten sie Jugendbegegnungen in Frankreich und Deutschland rund ums Thema Radio und produzieren Sendungen, die im Web und in den lokalen Wellen ausgestrahlt werden.&nbsp; Radio [&hellip;]<\/p>\n","protected":false},"author":1,"featured_media":22999,"comment_status":"open","ping_status":"open","sticky":true,"template":"","format":"standard","meta":{"saved_in_kubio":false,"footnotes":""},"categories":[53],"tags":[4012,4011,4010],"class_list":["post-22995","post","type-post","status-publish","format-standard","has-post-thumbnail","hentry","category-gesellschaft","tag-ecco-donchery","tag-kijuga","tag-radio-action"],"yoast_head":"<!-- This site is optimized with the Yoast SEO plugin v27.5 - https:\/\/yoast.com\/product\/yoast-seo-wordpress\/ -->\n<title>Deutsch-Franz\u00f6sisches Radioprojekt &quot;Radio Action&quot; heute live an der G\u00f6ttinger Jacobikirche - Radio Leinewelle<\/title>\n<meta name=\"robots\" content=\"index, follow, max-snippet:-1, max-image-preview:large, max-video-preview:-1\" \/>\n<link rel=\"canonical\" href=\"https:\/\/radioleinewelle.de\/index.php\/2023\/07\/17\/deutsch-franzoesisches-radioprojekt-radio-action-heute-live-an-der-goettinger-jacobikirche\/\" \/>\n<meta property=\"og:locale\" content=\"de_DE\" \/>\n<meta property=\"og:type\" content=\"article\" \/>\n<meta property=\"og:title\" content=\"Deutsch-Franz\u00f6sisches Radioprojekt &quot;Radio Action&quot; heute live an der G\u00f6ttinger Jacobikirche - Radio Leinewelle\" \/>\n<meta property=\"og:description\" content=\"Ein interkulturelles deutsch-franz\u00f6sisches Radioprojekt macht heute Station in G\u00f6ttingen. Die Vereine Kijuga aus Berlin und Ecco aus Donchery in den Ardennen haben im Jahr 2020 ein deutsch-franz\u00f6sisches Webradio gegr\u00fcndet. Seitdem veranstalten sie Jugendbegegnungen in Frankreich und Deutschland rund ums Thema Radio und produzieren Sendungen, die im Web und in den lokalen Wellen ausgestrahlt werden.&nbsp; Radio [&hellip;]\" \/>\n<meta property=\"og:url\" content=\"https:\/\/radioleinewelle.de\/index.php\/2023\/07\/17\/deutsch-franzoesisches-radioprojekt-radio-action-heute-live-an-der-goettinger-jacobikirche\/\" \/>\n<meta property=\"og:site_name\" content=\"Radio Leinewelle\" \/>\n<meta property=\"article:publisher\" content=\"https:\/\/www.facebook.com\/radioleinewelle\" \/>\n<meta property=\"article:author\" content=\"https:\/\/www.facebook.com\/radioleinewelle\" \/>\n<meta property=\"article:published_time\" content=\"2023-07-17T06:29:28+00:00\" \/>\n<meta property=\"article:modified_time\" content=\"2023-07-17T06:29:30+00:00\" \/>\n<meta property=\"og:image\" content=\"https:\/\/radioleinewelle.de\/wp-content\/uploads\/2023\/07\/Radio-Action-2023.jpeg\" \/>\n\t<meta property=\"og:image:width\" content=\"2048\" \/>\n\t<meta property=\"og:image:height\" content=\"1262\" \/>\n\t<meta property=\"og:image:type\" content=\"image\/jpeg\" \/>\n<meta name=\"author\" content=\"Leinewelle\" \/>\n<meta name=\"twitter:card\" content=\"summary_large_image\" \/>\n<meta name=\"twitter:creator\" content=\"@https:\/\/twitter.com\/RLeinewelle?ref_src=twsrcgoogletwcampserptwgrauthor\" \/>\n<meta name=\"twitter:site\" content=\"@RLeinewelle\" \/>\n<meta name=\"twitter:label1\" content=\"Verfasst von\" \/>\n\t<meta name=\"twitter:data1\" content=\"Leinewelle\" \/>\n\t<meta name=\"twitter:label2\" content=\"Gesch\u00e4tzte Lesezeit\" \/>\n\t<meta name=\"twitter:data2\" content=\"2\u00a0Minuten\" \/>\n<script type=\"application\/ld+json\" class=\"yoast-schema-graph\">{\"@context\":\"https:\\\/\\\/schema.org\",\"@graph\":[{\"@type\":\"Article\",\"@id\":\"https:\\\/\\\/radioleinewelle.de\\\/index.php\\\/2023\\\/07\\\/17\\\/deutsch-franzoesisches-radioprojekt-radio-action-heute-live-an-der-goettinger-jacobikirche\\\/#article\",\"isPartOf\":{\"@id\":\"https:\\\/\\\/radioleinewelle.de\\\/index.php\\\/2023\\\/07\\\/17\\\/deutsch-franzoesisches-radioprojekt-radio-action-heute-live-an-der-goettinger-jacobikirche\\\/\"},\"author\":{\"name\":\"Leinewelle\",\"@id\":\"https:\\\/\\\/radioleinewelle.de\\\/#\\\/schema\\\/person\\\/45606f348637df637192dc1b68399a63\"},\"headline\":\"Deutsch-Franz\u00f6sisches Radioprojekt &#8222;Radio Action&#8220; heute live an der G\u00f6ttinger Jacobikirche\",\"datePublished\":\"2023-07-17T06:29:28+00:00\",\"dateModified\":\"2023-07-17T06:29:30+00:00\",\"mainEntityOfPage\":{\"@id\":\"https:\\\/\\\/radioleinewelle.de\\\/index.php\\\/2023\\\/07\\\/17\\\/deutsch-franzoesisches-radioprojekt-radio-action-heute-live-an-der-goettinger-jacobikirche\\\/\"},\"wordCount\":236,\"commentCount\":0,\"publisher\":{\"@id\":\"https:\\\/\\\/radioleinewelle.de\\\/#organization\"},\"image\":{\"@id\":\"https:\\\/\\\/radioleinewelle.de\\\/index.php\\\/2023\\\/07\\\/17\\\/deutsch-franzoesisches-radioprojekt-radio-action-heute-live-an-der-goettinger-jacobikirche\\\/#primaryimage\"},\"thumbnailUrl\":\"https:\\\/\\\/radioleinewelle.de\\\/wp-content\\\/uploads\\\/2023\\\/07\\\/Radio-Action-2023.jpeg\",\"keywords\":[\"Ecco Donchery\",\"Kijuga\",\"Radio Action\"],\"articleSection\":[\"Gesellschaft\"],\"inLanguage\":\"de\",\"potentialAction\":[{\"@type\":\"CommentAction\",\"name\":\"Comment\",\"target\":[\"https:\\\/\\\/radioleinewelle.de\\\/index.php\\\/2023\\\/07\\\/17\\\/deutsch-franzoesisches-radioprojekt-radio-action-heute-live-an-der-goettinger-jacobikirche\\\/#respond\"]}]},{\"@type\":\"WebPage\",\"@id\":\"https:\\\/\\\/radioleinewelle.de\\\/index.php\\\/2023\\\/07\\\/17\\\/deutsch-franzoesisches-radioprojekt-radio-action-heute-live-an-der-goettinger-jacobikirche\\\/\",\"url\":\"https:\\\/\\\/radioleinewelle.de\\\/index.php\\\/2023\\\/07\\\/17\\\/deutsch-franzoesisches-radioprojekt-radio-action-heute-live-an-der-goettinger-jacobikirche\\\/\",\"name\":\"Deutsch-Franz\u00f6sisches Radioprojekt \\\"Radio Action\\\" heute live an der G\u00f6ttinger Jacobikirche - Radio Leinewelle\",\"isPartOf\":{\"@id\":\"https:\\\/\\\/radioleinewelle.de\\\/#website\"},\"primaryImageOfPage\":{\"@id\":\"https:\\\/\\\/radioleinewelle.de\\\/index.php\\\/2023\\\/07\\\/17\\\/deutsch-franzoesisches-radioprojekt-radio-action-heute-live-an-der-goettinger-jacobikirche\\\/#primaryimage\"},\"image\":{\"@id\":\"https:\\\/\\\/radioleinewelle.de\\\/index.php\\\/2023\\\/07\\\/17\\\/deutsch-franzoesisches-radioprojekt-radio-action-heute-live-an-der-goettinger-jacobikirche\\\/#primaryimage\"},\"thumbnailUrl\":\"https:\\\/\\\/radioleinewelle.de\\\/wp-content\\\/uploads\\\/2023\\\/07\\\/Radio-Action-2023.jpeg\",\"datePublished\":\"2023-07-17T06:29:28+00:00\",\"dateModified\":\"2023-07-17T06:29:30+00:00\",\"breadcrumb\":{\"@id\":\"https:\\\/\\\/radioleinewelle.de\\\/index.php\\\/2023\\\/07\\\/17\\\/deutsch-franzoesisches-radioprojekt-radio-action-heute-live-an-der-goettinger-jacobikirche\\\/#breadcrumb\"},\"inLanguage\":\"de\",\"potentialAction\":[{\"@type\":\"ReadAction\",\"target\":[\"https:\\\/\\\/radioleinewelle.de\\\/index.php\\\/2023\\\/07\\\/17\\\/deutsch-franzoesisches-radioprojekt-radio-action-heute-live-an-der-goettinger-jacobikirche\\\/\"]}]},{\"@type\":\"ImageObject\",\"inLanguage\":\"de\",\"@id\":\"https:\\\/\\\/radioleinewelle.de\\\/index.php\\\/2023\\\/07\\\/17\\\/deutsch-franzoesisches-radioprojekt-radio-action-heute-live-an-der-goettinger-jacobikirche\\\/#primaryimage\",\"url\":\"https:\\\/\\\/radioleinewelle.de\\\/wp-content\\\/uploads\\\/2023\\\/07\\\/Radio-Action-2023.jpeg\",\"contentUrl\":\"https:\\\/\\\/radioleinewelle.de\\\/wp-content\\\/uploads\\\/2023\\\/07\\\/Radio-Action-2023.jpeg\",\"width\":2048,\"height\":1262},{\"@type\":\"BreadcrumbList\",\"@id\":\"https:\\\/\\\/radioleinewelle.de\\\/index.php\\\/2023\\\/07\\\/17\\\/deutsch-franzoesisches-radioprojekt-radio-action-heute-live-an-der-goettinger-jacobikirche\\\/#breadcrumb\",\"itemListElement\":[{\"@type\":\"ListItem\",\"position\":1,\"name\":\"Startseite\",\"item\":\"https:\\\/\\\/radioleinewelle.de\\\/\"},{\"@type\":\"ListItem\",\"position\":2,\"name\":\"Deutsch-Franz\u00f6sisches Radioprojekt &#8222;Radio Action&#8220; heute live an der G\u00f6ttinger Jacobikirche\"}]},{\"@type\":\"WebSite\",\"@id\":\"https:\\\/\\\/radioleinewelle.de\\\/#website\",\"url\":\"https:\\\/\\\/radioleinewelle.de\\\/\",\"name\":\"Radio Leinewelle\",\"description\":\"\",\"publisher\":{\"@id\":\"https:\\\/\\\/radioleinewelle.de\\\/#organization\"},\"potentialAction\":[{\"@type\":\"SearchAction\",\"target\":{\"@type\":\"EntryPoint\",\"urlTemplate\":\"https:\\\/\\\/radioleinewelle.de\\\/?s={search_term_string}\"},\"query-input\":{\"@type\":\"PropertyValueSpecification\",\"valueRequired\":true,\"valueName\":\"search_term_string\"}}],\"inLanguage\":\"de\"},{\"@type\":\"Organization\",\"@id\":\"https:\\\/\\\/radioleinewelle.de\\\/#organization\",\"name\":\"Radio Leinewelle\",\"alternateName\":\"Mein Radio f\u00fcr S\u00fcdniedersachsen\",\"url\":\"https:\\\/\\\/radioleinewelle.de\\\/\",\"logo\":{\"@type\":\"ImageObject\",\"inLanguage\":\"de\",\"@id\":\"https:\\\/\\\/radioleinewelle.de\\\/#\\\/schema\\\/logo\\\/image\\\/\",\"url\":\"https:\\\/\\\/radioleinewelle.de\\\/wp-content\\\/uploads\\\/2023\\\/11\\\/cropped-Leinewelle_Logo_weiss.png\",\"contentUrl\":\"https:\\\/\\\/radioleinewelle.de\\\/wp-content\\\/uploads\\\/2023\\\/11\\\/cropped-Leinewelle_Logo_weiss.png\",\"width\":854,\"height\":260,\"caption\":\"Radio Leinewelle\"},\"image\":{\"@id\":\"https:\\\/\\\/radioleinewelle.de\\\/#\\\/schema\\\/logo\\\/image\\\/\"},\"sameAs\":[\"https:\\\/\\\/www.facebook.com\\\/radioleinewelle\",\"https:\\\/\\\/x.com\\\/RLeinewelle\",\"https:\\\/\\\/www.instagram.com\\\/radioleinewelle\\\/?hl=de\"]},{\"@type\":\"Person\",\"@id\":\"https:\\\/\\\/radioleinewelle.de\\\/#\\\/schema\\\/person\\\/45606f348637df637192dc1b68399a63\",\"name\":\"Leinewelle\",\"image\":{\"@type\":\"ImageObject\",\"inLanguage\":\"de\",\"@id\":\"https:\\\/\\\/secure.gravatar.com\\\/avatar\\\/05c9a17bc973052ee5d91549bd32fb4dd0dc85b7b85ae94b2e2b4943476bbea5?s=96&d=blank&r=g\",\"url\":\"https:\\\/\\\/secure.gravatar.com\\\/avatar\\\/05c9a17bc973052ee5d91549bd32fb4dd0dc85b7b85ae94b2e2b4943476bbea5?s=96&d=blank&r=g\",\"contentUrl\":\"https:\\\/\\\/secure.gravatar.com\\\/avatar\\\/05c9a17bc973052ee5d91549bd32fb4dd0dc85b7b85ae94b2e2b4943476bbea5?s=96&d=blank&r=g\",\"caption\":\"Leinewelle\"},\"sameAs\":[\"http:\\\/\\\/localhost\\\/radio%20leinewelle\\\/wordpress\",\"https:\\\/\\\/www.facebook.com\\\/radioleinewelle\",\"https:\\\/\\\/www.instagram.com\\\/radioleinewelle\",\"https:\\\/\\\/x.com\\\/https:\\\/\\\/twitter.com\\\/RLeinewelle?ref_src=twsrcgoogletwcampserptwgrauthor\",\"https:\\\/\\\/soundcloud.com\\\/foerderverein-lokalradio?utm_source=clipboard&utm_medium=text&utm_campaign=social_sharing\"],\"url\":\"https:\\\/\\\/radioleinewelle.de\\\/index.php\\\/author\\\/leinewelle\\\/\"}]}<\/script>\n<!-- \/ Yoast SEO plugin. -->","yoast_head_json":{"title":"Deutsch-Franz\u00f6sisches Radioprojekt \"Radio Action\" heute live an der G\u00f6ttinger Jacobikirche - Radio Leinewelle","robots":{"index":"index","follow":"follow","max-snippet":"max-snippet:-1","max-image-preview":"max-image-preview:large","max-video-preview":"max-video-preview:-1"},"canonical":"https:\/\/radioleinewelle.de\/index.php\/2023\/07\/17\/deutsch-franzoesisches-radioprojekt-radio-action-heute-live-an-der-goettinger-jacobikirche\/","og_locale":"de_DE","og_type":"article","og_title":"Deutsch-Franz\u00f6sisches Radioprojekt \"Radio Action\" heute live an der G\u00f6ttinger Jacobikirche - Radio Leinewelle","og_description":"Ein interkulturelles deutsch-franz\u00f6sisches Radioprojekt macht heute Station in G\u00f6ttingen. Die Vereine Kijuga aus Berlin und Ecco aus Donchery in den Ardennen haben im Jahr 2020 ein deutsch-franz\u00f6sisches Webradio gegr\u00fcndet. Seitdem veranstalten sie Jugendbegegnungen in Frankreich und Deutschland rund ums Thema Radio und produzieren Sendungen, die im Web und in den lokalen Wellen ausgestrahlt werden.&nbsp; Radio [&hellip;]","og_url":"https:\/\/radioleinewelle.de\/index.php\/2023\/07\/17\/deutsch-franzoesisches-radioprojekt-radio-action-heute-live-an-der-goettinger-jacobikirche\/","og_site_name":"Radio Leinewelle","article_publisher":"https:\/\/www.facebook.com\/radioleinewelle","article_author":"https:\/\/www.facebook.com\/radioleinewelle","article_published_time":"2023-07-17T06:29:28+00:00","article_modified_time":"2023-07-17T06:29:30+00:00","og_image":[{"width":2048,"height":1262,"url":"https:\/\/radioleinewelle.de\/wp-content\/uploads\/2023\/07\/Radio-Action-2023.jpeg","type":"image\/jpeg"}],"author":"Leinewelle","twitter_card":"summary_large_image","twitter_creator":"@https:\/\/twitter.com\/RLeinewelle?ref_src=twsrcgoogletwcampserptwgrauthor","twitter_site":"@RLeinewelle","twitter_misc":{"Verfasst von":"Leinewelle","Gesch\u00e4tzte Lesezeit":"2\u00a0Minuten"},"schema":{"@context":"https:\/\/schema.org","@graph":[{"@type":"Article","@id":"https:\/\/radioleinewelle.de\/index.php\/2023\/07\/17\/deutsch-franzoesisches-radioprojekt-radio-action-heute-live-an-der-goettinger-jacobikirche\/#article","isPartOf":{"@id":"https:\/\/radioleinewelle.de\/index.php\/2023\/07\/17\/deutsch-franzoesisches-radioprojekt-radio-action-heute-live-an-der-goettinger-jacobikirche\/"},"author":{"name":"Leinewelle","@id":"https:\/\/radioleinewelle.de\/#\/schema\/person\/45606f348637df637192dc1b68399a63"},"headline":"Deutsch-Franz\u00f6sisches Radioprojekt &#8222;Radio Action&#8220; heute live an der G\u00f6ttinger Jacobikirche","datePublished":"2023-07-17T06:29:28+00:00","dateModified":"2023-07-17T06:29:30+00:00","mainEntityOfPage":{"@id":"https:\/\/radioleinewelle.de\/index.php\/2023\/07\/17\/deutsch-franzoesisches-radioprojekt-radio-action-heute-live-an-der-goettinger-jacobikirche\/"},"wordCount":236,"commentCount":0,"publisher":{"@id":"https:\/\/radioleinewelle.de\/#organization"},"image":{"@id":"https:\/\/radioleinewelle.de\/index.php\/2023\/07\/17\/deutsch-franzoesisches-radioprojekt-radio-action-heute-live-an-der-goettinger-jacobikirche\/#primaryimage"},"thumbnailUrl":"https:\/\/radioleinewelle.de\/wp-content\/uploads\/2023\/07\/Radio-Action-2023.jpeg","keywords":["Ecco Donchery","Kijuga","Radio Action"],"articleSection":["Gesellschaft"],"inLanguage":"de","potentialAction":[{"@type":"CommentAction","name":"Comment","target":["https:\/\/radioleinewelle.de\/index.php\/2023\/07\/17\/deutsch-franzoesisches-radioprojekt-radio-action-heute-live-an-der-goettinger-jacobikirche\/#respond"]}]},{"@type":"WebPage","@id":"https:\/\/radioleinewelle.de\/index.php\/2023\/07\/17\/deutsch-franzoesisches-radioprojekt-radio-action-heute-live-an-der-goettinger-jacobikirche\/","url":"https:\/\/radioleinewelle.de\/index.php\/2023\/07\/17\/deutsch-franzoesisches-radioprojekt-radio-action-heute-live-an-der-goettinger-jacobikirche\/","name":"Deutsch-Franz\u00f6sisches Radioprojekt \"Radio Action\" heute live an der G\u00f6ttinger Jacobikirche - Radio Leinewelle","isPartOf":{"@id":"https:\/\/radioleinewelle.de\/#website"},"primaryImageOfPage":{"@id":"https:\/\/radioleinewelle.de\/index.php\/2023\/07\/17\/deutsch-franzoesisches-radioprojekt-radio-action-heute-live-an-der-goettinger-jacobikirche\/#primaryimage"},"image":{"@id":"https:\/\/radioleinewelle.de\/index.php\/2023\/07\/17\/deutsch-franzoesisches-radioprojekt-radio-action-heute-live-an-der-goettinger-jacobikirche\/#primaryimage"},"thumbnailUrl":"https:\/\/radioleinewelle.de\/wp-content\/uploads\/2023\/07\/Radio-Action-2023.jpeg","datePublished":"2023-07-17T06:29:28+00:00","dateModified":"2023-07-17T06:29:30+00:00","breadcrumb":{"@id":"https:\/\/radioleinewelle.de\/index.php\/2023\/07\/17\/deutsch-franzoesisches-radioprojekt-radio-action-heute-live-an-der-goettinger-jacobikirche\/#breadcrumb"},"inLanguage":"de","potentialAction":[{"@type":"ReadAction","target":["https:\/\/radioleinewelle.de\/index.php\/2023\/07\/17\/deutsch-franzoesisches-radioprojekt-radio-action-heute-live-an-der-goettinger-jacobikirche\/"]}]},{"@type":"ImageObject","inLanguage":"de","@id":"https:\/\/radioleinewelle.de\/index.php\/2023\/07\/17\/deutsch-franzoesisches-radioprojekt-radio-action-heute-live-an-der-goettinger-jacobikirche\/#primaryimage","url":"https:\/\/radioleinewelle.de\/wp-content\/uploads\/2023\/07\/Radio-Action-2023.jpeg","contentUrl":"https:\/\/radioleinewelle.de\/wp-content\/uploads\/2023\/07\/Radio-Action-2023.jpeg","width":2048,"height":1262},{"@type":"BreadcrumbList","@id":"https:\/\/radioleinewelle.de\/index.php\/2023\/07\/17\/deutsch-franzoesisches-radioprojekt-radio-action-heute-live-an-der-goettinger-jacobikirche\/#breadcrumb","itemListElement":[{"@type":"ListItem","position":1,"name":"Startseite","item":"https:\/\/radioleinewelle.de\/"},{"@type":"ListItem","position":2,"name":"Deutsch-Franz\u00f6sisches Radioprojekt &#8222;Radio Action&#8220; heute live an der G\u00f6ttinger Jacobikirche"}]},{"@type":"WebSite","@id":"https:\/\/radioleinewelle.de\/#website","url":"https:\/\/radioleinewelle.de\/","name":"Radio Leinewelle","description":"","publisher":{"@id":"https:\/\/radioleinewelle.de\/#organization"},"potentialAction":[{"@type":"SearchAction","target":{"@type":"EntryPoint","urlTemplate":"https:\/\/radioleinewelle.de\/?s={search_term_string}"},"query-input":{"@type":"PropertyValueSpecification","valueRequired":true,"valueName":"search_term_string"}}],"inLanguage":"de"},{"@type":"Organization","@id":"https:\/\/radioleinewelle.de\/#organization","name":"Radio Leinewelle","alternateName":"Mein Radio f\u00fcr S\u00fcdniedersachsen","url":"https:\/\/radioleinewelle.de\/","logo":{"@type":"ImageObject","inLanguage":"de","@id":"https:\/\/radioleinewelle.de\/#\/schema\/logo\/image\/","url":"https:\/\/radioleinewelle.de\/wp-content\/uploads\/2023\/11\/cropped-Leinewelle_Logo_weiss.png","contentUrl":"https:\/\/radioleinewelle.de\/wp-content\/uploads\/2023\/11\/cropped-Leinewelle_Logo_weiss.png","width":854,"height":260,"caption":"Radio Leinewelle"},"image":{"@id":"https:\/\/radioleinewelle.de\/#\/schema\/logo\/image\/"},"sameAs":["https:\/\/www.facebook.com\/radioleinewelle","https:\/\/x.com\/RLeinewelle","https:\/\/www.instagram.com\/radioleinewelle\/?hl=de"]},{"@type":"Person","@id":"https:\/\/radioleinewelle.de\/#\/schema\/person\/45606f348637df637192dc1b68399a63","name":"Leinewelle","image":{"@type":"ImageObject","inLanguage":"de","@id":"https:\/\/secure.gravatar.com\/avatar\/05c9a17bc973052ee5d91549bd32fb4dd0dc85b7b85ae94b2e2b4943476bbea5?s=96&d=blank&r=g","url":"https:\/\/secure.gravatar.com\/avatar\/05c9a17bc973052ee5d91549bd32fb4dd0dc85b7b85ae94b2e2b4943476bbea5?s=96&d=blank&r=g","contentUrl":"https:\/\/secure.gravatar.com\/avatar\/05c9a17bc973052ee5d91549bd32fb4dd0dc85b7b85ae94b2e2b4943476bbea5?s=96&d=blank&r=g","caption":"Leinewelle"},"sameAs":["http:\/\/localhost\/radio%20leinewelle\/wordpress","https:\/\/www.facebook.com\/radioleinewelle","https:\/\/www.instagram.com\/radioleinewelle","https:\/\/x.com\/https:\/\/twitter.com\/RLeinewelle?ref_src=twsrcgoogletwcampserptwgrauthor","https:\/\/soundcloud.com\/foerderverein-lokalradio?utm_source=clipboard&utm_medium=text&utm_campaign=social_sharing"],"url":"https:\/\/radioleinewelle.de\/index.php\/author\/leinewelle\/"}]}},"_links":{"self":[{"href":"https:\/\/radioleinewelle.de\/index.php\/wp-json\/wp\/v2\/posts\/22995","targetHints":{"allow":["GET"]}}],"collection":[{"href":"https:\/\/radioleinewelle.de\/index.php\/wp-json\/wp\/v2\/posts"}],"about":[{"href":"https:\/\/radioleinewelle.de\/index.php\/wp-json\/wp\/v2\/types\/post"}],"author":[{"embeddable":true,"href":"https:\/\/radioleinewelle.de\/index.php\/wp-json\/wp\/v2\/users\/1"}],"replies":[{"embeddable":true,"href":"https:\/\/radioleinewelle.de\/index.php\/wp-json\/wp\/v2\/comments?post=22995"}],"version-history":[{"count":6,"href":"https:\/\/radioleinewelle.de\/index.php\/wp-json\/wp\/v2\/posts\/22995\/revisions"}],"predecessor-version":[{"id":23002,"href":"https:\/\/radioleinewelle.de\/index.php\/wp-json\/wp\/v2\/posts\/22995\/revisions\/23002"}],"wp:featuredmedia":[{"embeddable":true,"href":"https:\/\/radioleinewelle.de\/index.php\/wp-json\/wp\/v2\/media\/22999"}],"wp:attachment":[{"href":"https:\/\/radioleinewelle.de\/index.php\/wp-json\/wp\/v2\/media?parent=22995"}],"wp:term":[{"taxonomy":"category","embeddable":true,"href":"https:\/\/radioleinewelle.de\/index.php\/wp-json\/wp\/v2\/categories?post=22995"},{"taxonomy":"post_tag","embeddable":true,"href":"https:\/\/radioleinewelle.de\/index.php\/wp-json\/wp\/v2\/tags?post=22995"}],"curies":[{"name":"wp","href":"https:\/\/api.w.org\/{rel}","templated":true}]}}