{"id":23005,"date":"2023-07-19T10:02:54","date_gmt":"2023-07-19T08:02:54","guid":{"rendered":"https:\/\/radioleinewelle.de\/?p=23005"},"modified":"2023-07-19T10:02:56","modified_gmt":"2023-07-19T08:02:56","slug":"kuenstler-der-woche-the-allergies-tear-the-place-up","status":"publish","type":"post","link":"https:\/\/radioleinewelle.de\/index.php\/2023\/07\/19\/kuenstler-der-woche-the-allergies-tear-the-place-up\/","title":{"rendered":"K\u00fcnstler der Woche: The Allergies -Tear The Place Up"},"content":{"rendered":"\n<p>Schaut das Video und ihr werdet auch begeistert sein! Sie kommen aus Bristol (England) und sie mischen die Musikszene mit ihrem neuen Album auf: The Allergies und &#8222;Tear The Place Up&#8220;, was soviel wie &#8222;den Ort auseinandernehmen hei\u00dft&#8220;. Hinter dieser Gruppe stecken die beiden Engl\u00e4nder Rackabeat und DJ Moneyshot. Auf ihrem neuen Album erweisen sie sich als wahre Samplemeister. Fit im Bereich Rare Grooves und Soul, reicht ihnen dieses Universum nicht. Nein, es m\u00fcssen noch Ausfl\u00fcge in die Bereiche Latin, Funk, HipHop, Club Culture, Bigbeat, Afrohouse und Swamp Blues sein. Damit kann die Party losgehen.<\/p>\n\n\n\n<figure class=\"wp-block-embed is-type-rich is-provider-handler-einbetten wp-block-embed-handler-einbetten wp-embed-aspect-16-9 wp-has-aspect-ratio\"><div class=\"wp-block-embed__wrapper\">\n<iframe loading=\"lazy\" title=\"The Allergies - Tear The Place Up (feat. Andy Cooper) (Official Music Video)\" width=\"500\" height=\"281\" src=\"https:\/\/www.youtube.com\/embed\/4mqpdIn9bJs?feature=oembed\" frameborder=\"0\" allow=\"accelerometer; autoplay; clipboard-write; encrypted-media; gyroscope; picture-in-picture; web-share\" referrerpolicy=\"strict-origin-when-cross-origin\" allowfullscreen><\/iframe>\n<\/div><\/figure>\n\n\n\n<p>Das das Ganze auch als Soundtrack funktionieren k\u00f6nnte, zeigt der Track &#8222;Green Light Go&#8220; mit dem Gitarristen Robbie Davidson (Ex-Exploited), dieser k\u00f6nnte einem typischen Tarantino Film entnommen sein. So ein geniales Album (komplett durchh\u00f6rbar!) ist nicht ohne Unterst\u00fctzung machbar. Altkumpel Andy Cooper ist u.a.dabei, die HipHop Legende Bootie Brown, die Souls\u00e4ngerin Marietta Smith, Hound Dog Taylor und der Saxophonist James Morton. Geh\u00f6rt in der pers\u00f6nlichen Playlist ganz nach oben. Play it Loud! ue)<\/p>\n\n\n\n<p><strong>Bandseite<\/strong>:<strong><a href=\"http:\/\/theallergies.co.uk\">theallergies.co.uk<\/a><\/strong><\/p>\n\n\n\n<p>Foto: \u00a9Khali Ackford<\/p>\n","protected":false},"excerpt":{"rendered":"<p>Schaut das Video und ihr werdet auch begeistert sein! Sie kommen aus Bristol (England) und sie mischen die Musikszene mit ihrem neuen Album auf: The Allergies und &#8222;Tear The Place Up&#8220;, was soviel wie &#8222;den Ort auseinandernehmen hei\u00dft&#8220;. Hinter dieser Gruppe stecken die beiden Engl\u00e4nder Rackabeat und DJ Moneyshot. Auf ihrem neuen Album erweisen sie [&hellip;]<\/p>\n","protected":false},"author":1,"featured_media":23009,"comment_status":"open","ping_status":"open","sticky":true,"template":"","format":"standard","meta":{"saved_in_kubio":false,"footnotes":""},"categories":[4013],"tags":[4015,4014],"class_list":["post-23005","post","type-post","status-publish","format-standard","has-post-thumbnail","hentry","category-album-der-woche","tag-tear-the-place-up","tag-the-allergies"],"yoast_head":"<!-- This site is optimized with the Yoast SEO plugin v27.5 - https:\/\/yoast.com\/product\/yoast-seo-wordpress\/ -->\n<title>K\u00fcnstler der Woche: The Allergies -Tear The Place Up - Radio Leinewelle<\/title>\n<meta name=\"robots\" content=\"index, follow, max-snippet:-1, max-image-preview:large, max-video-preview:-1\" \/>\n<link rel=\"canonical\" href=\"https:\/\/radioleinewelle.de\/index.php\/2023\/07\/19\/kuenstler-der-woche-the-allergies-tear-the-place-up\/\" \/>\n<meta property=\"og:locale\" content=\"de_DE\" \/>\n<meta property=\"og:type\" content=\"article\" \/>\n<meta property=\"og:title\" content=\"K\u00fcnstler der Woche: The Allergies -Tear The Place Up - Radio Leinewelle\" \/>\n<meta property=\"og:description\" content=\"Schaut das Video und ihr werdet auch begeistert sein! Sie kommen aus Bristol (England) und sie mischen die Musikszene mit ihrem neuen Album auf: The Allergies und &#8222;Tear The Place Up&#8220;, was soviel wie &#8222;den Ort auseinandernehmen hei\u00dft&#8220;. Hinter dieser Gruppe stecken die beiden Engl\u00e4nder Rackabeat und DJ Moneyshot. Auf ihrem neuen Album erweisen sie [&hellip;]\" \/>\n<meta property=\"og:url\" content=\"https:\/\/radioleinewelle.de\/index.php\/2023\/07\/19\/kuenstler-der-woche-the-allergies-tear-the-place-up\/\" \/>\n<meta property=\"og:site_name\" content=\"Radio Leinewelle\" \/>\n<meta property=\"article:publisher\" content=\"https:\/\/www.facebook.com\/radioleinewelle\" \/>\n<meta property=\"article:author\" content=\"https:\/\/www.facebook.com\/radioleinewelle\" \/>\n<meta property=\"article:published_time\" content=\"2023-07-19T08:02:54+00:00\" \/>\n<meta property=\"article:modified_time\" content=\"2023-07-19T08:02:56+00:00\" \/>\n<meta property=\"og:image\" content=\"https:\/\/radioleinewelle.de\/wp-content\/uploads\/2023\/07\/THE-ALLERGIES.jpeg\" \/>\n\t<meta property=\"og:image:width\" content=\"1200\" \/>\n\t<meta property=\"og:image:height\" content=\"675\" \/>\n\t<meta property=\"og:image:type\" content=\"image\/jpeg\" \/>\n<meta name=\"author\" content=\"Leinewelle\" \/>\n<meta name=\"twitter:card\" content=\"summary_large_image\" \/>\n<meta name=\"twitter:creator\" content=\"@https:\/\/twitter.com\/RLeinewelle?ref_src=twsrcgoogletwcampserptwgrauthor\" \/>\n<meta name=\"twitter:site\" content=\"@RLeinewelle\" \/>\n<meta name=\"twitter:label1\" content=\"Verfasst von\" \/>\n\t<meta name=\"twitter:data1\" content=\"Leinewelle\" \/>\n\t<meta name=\"twitter:label2\" content=\"Gesch\u00e4tzte Lesezeit\" \/>\n\t<meta name=\"twitter:data2\" content=\"1\u00a0Minute\" \/>\n<script type=\"application\/ld+json\" class=\"yoast-schema-graph\">{\"@context\":\"https:\\\/\\\/schema.org\",\"@graph\":[{\"@type\":\"Article\",\"@id\":\"https:\\\/\\\/radioleinewelle.de\\\/index.php\\\/2023\\\/07\\\/19\\\/kuenstler-der-woche-the-allergies-tear-the-place-up\\\/#article\",\"isPartOf\":{\"@id\":\"https:\\\/\\\/radioleinewelle.de\\\/index.php\\\/2023\\\/07\\\/19\\\/kuenstler-der-woche-the-allergies-tear-the-place-up\\\/\"},\"author\":{\"name\":\"Leinewelle\",\"@id\":\"https:\\\/\\\/radioleinewelle.de\\\/#\\\/schema\\\/person\\\/45606f348637df637192dc1b68399a63\"},\"headline\":\"K\u00fcnstler der Woche: The Allergies -Tear The Place Up\",\"datePublished\":\"2023-07-19T08:02:54+00:00\",\"dateModified\":\"2023-07-19T08:02:56+00:00\",\"mainEntityOfPage\":{\"@id\":\"https:\\\/\\\/radioleinewelle.de\\\/index.php\\\/2023\\\/07\\\/19\\\/kuenstler-der-woche-the-allergies-tear-the-place-up\\\/\"},\"wordCount\":205,\"commentCount\":0,\"publisher\":{\"@id\":\"https:\\\/\\\/radioleinewelle.de\\\/#organization\"},\"image\":{\"@id\":\"https:\\\/\\\/radioleinewelle.de\\\/index.php\\\/2023\\\/07\\\/19\\\/kuenstler-der-woche-the-allergies-tear-the-place-up\\\/#primaryimage\"},\"thumbnailUrl\":\"https:\\\/\\\/radioleinewelle.de\\\/wp-content\\\/uploads\\\/2023\\\/07\\\/THE-ALLERGIES.jpeg\",\"keywords\":[\"Tear the Place Up\",\"The Allergies\"],\"articleSection\":[\"Album der Woche\"],\"inLanguage\":\"de\",\"potentialAction\":[{\"@type\":\"CommentAction\",\"name\":\"Comment\",\"target\":[\"https:\\\/\\\/radioleinewelle.de\\\/index.php\\\/2023\\\/07\\\/19\\\/kuenstler-der-woche-the-allergies-tear-the-place-up\\\/#respond\"]}]},{\"@type\":\"WebPage\",\"@id\":\"https:\\\/\\\/radioleinewelle.de\\\/index.php\\\/2023\\\/07\\\/19\\\/kuenstler-der-woche-the-allergies-tear-the-place-up\\\/\",\"url\":\"https:\\\/\\\/radioleinewelle.de\\\/index.php\\\/2023\\\/07\\\/19\\\/kuenstler-der-woche-the-allergies-tear-the-place-up\\\/\",\"name\":\"K\u00fcnstler der Woche: The Allergies -Tear The Place Up - Radio Leinewelle\",\"isPartOf\":{\"@id\":\"https:\\\/\\\/radioleinewelle.de\\\/#website\"},\"primaryImageOfPage\":{\"@id\":\"https:\\\/\\\/radioleinewelle.de\\\/index.php\\\/2023\\\/07\\\/19\\\/kuenstler-der-woche-the-allergies-tear-the-place-up\\\/#primaryimage\"},\"image\":{\"@id\":\"https:\\\/\\\/radioleinewelle.de\\\/index.php\\\/2023\\\/07\\\/19\\\/kuenstler-der-woche-the-allergies-tear-the-place-up\\\/#primaryimage\"},\"thumbnailUrl\":\"https:\\\/\\\/radioleinewelle.de\\\/wp-content\\\/uploads\\\/2023\\\/07\\\/THE-ALLERGIES.jpeg\",\"datePublished\":\"2023-07-19T08:02:54+00:00\",\"dateModified\":\"2023-07-19T08:02:56+00:00\",\"breadcrumb\":{\"@id\":\"https:\\\/\\\/radioleinewelle.de\\\/index.php\\\/2023\\\/07\\\/19\\\/kuenstler-der-woche-the-allergies-tear-the-place-up\\\/#breadcrumb\"},\"inLanguage\":\"de\",\"potentialAction\":[{\"@type\":\"ReadAction\",\"target\":[\"https:\\\/\\\/radioleinewelle.de\\\/index.php\\\/2023\\\/07\\\/19\\\/kuenstler-der-woche-the-allergies-tear-the-place-up\\\/\"]}]},{\"@type\":\"ImageObject\",\"inLanguage\":\"de\",\"@id\":\"https:\\\/\\\/radioleinewelle.de\\\/index.php\\\/2023\\\/07\\\/19\\\/kuenstler-der-woche-the-allergies-tear-the-place-up\\\/#primaryimage\",\"url\":\"https:\\\/\\\/radioleinewelle.de\\\/wp-content\\\/uploads\\\/2023\\\/07\\\/THE-ALLERGIES.jpeg\",\"contentUrl\":\"https:\\\/\\\/radioleinewelle.de\\\/wp-content\\\/uploads\\\/2023\\\/07\\\/THE-ALLERGIES.jpeg\",\"width\":1200,\"height\":675},{\"@type\":\"BreadcrumbList\",\"@id\":\"https:\\\/\\\/radioleinewelle.de\\\/index.php\\\/2023\\\/07\\\/19\\\/kuenstler-der-woche-the-allergies-tear-the-place-up\\\/#breadcrumb\",\"itemListElement\":[{\"@type\":\"ListItem\",\"position\":1,\"name\":\"Startseite\",\"item\":\"https:\\\/\\\/radioleinewelle.de\\\/\"},{\"@type\":\"ListItem\",\"position\":2,\"name\":\"K\u00fcnstler der Woche: The Allergies -Tear The Place Up\"}]},{\"@type\":\"WebSite\",\"@id\":\"https:\\\/\\\/radioleinewelle.de\\\/#website\",\"url\":\"https:\\\/\\\/radioleinewelle.de\\\/\",\"name\":\"Radio Leinewelle\",\"description\":\"\",\"publisher\":{\"@id\":\"https:\\\/\\\/radioleinewelle.de\\\/#organization\"},\"potentialAction\":[{\"@type\":\"SearchAction\",\"target\":{\"@type\":\"EntryPoint\",\"urlTemplate\":\"https:\\\/\\\/radioleinewelle.de\\\/?s={search_term_string}\"},\"query-input\":{\"@type\":\"PropertyValueSpecification\",\"valueRequired\":true,\"valueName\":\"search_term_string\"}}],\"inLanguage\":\"de\"},{\"@type\":\"Organization\",\"@id\":\"https:\\\/\\\/radioleinewelle.de\\\/#organization\",\"name\":\"Radio Leinewelle\",\"alternateName\":\"Mein Radio f\u00fcr S\u00fcdniedersachsen\",\"url\":\"https:\\\/\\\/radioleinewelle.de\\\/\",\"logo\":{\"@type\":\"ImageObject\",\"inLanguage\":\"de\",\"@id\":\"https:\\\/\\\/radioleinewelle.de\\\/#\\\/schema\\\/logo\\\/image\\\/\",\"url\":\"https:\\\/\\\/radioleinewelle.de\\\/wp-content\\\/uploads\\\/2023\\\/11\\\/cropped-Leinewelle_Logo_weiss.png\",\"contentUrl\":\"https:\\\/\\\/radioleinewelle.de\\\/wp-content\\\/uploads\\\/2023\\\/11\\\/cropped-Leinewelle_Logo_weiss.png\",\"width\":854,\"height\":260,\"caption\":\"Radio Leinewelle\"},\"image\":{\"@id\":\"https:\\\/\\\/radioleinewelle.de\\\/#\\\/schema\\\/logo\\\/image\\\/\"},\"sameAs\":[\"https:\\\/\\\/www.facebook.com\\\/radioleinewelle\",\"https:\\\/\\\/x.com\\\/RLeinewelle\",\"https:\\\/\\\/www.instagram.com\\\/radioleinewelle\\\/?hl=de\"]},{\"@type\":\"Person\",\"@id\":\"https:\\\/\\\/radioleinewelle.de\\\/#\\\/schema\\\/person\\\/45606f348637df637192dc1b68399a63\",\"name\":\"Leinewelle\",\"image\":{\"@type\":\"ImageObject\",\"inLanguage\":\"de\",\"@id\":\"https:\\\/\\\/secure.gravatar.com\\\/avatar\\\/05c9a17bc973052ee5d91549bd32fb4dd0dc85b7b85ae94b2e2b4943476bbea5?s=96&d=blank&r=g\",\"url\":\"https:\\\/\\\/secure.gravatar.com\\\/avatar\\\/05c9a17bc973052ee5d91549bd32fb4dd0dc85b7b85ae94b2e2b4943476bbea5?s=96&d=blank&r=g\",\"contentUrl\":\"https:\\\/\\\/secure.gravatar.com\\\/avatar\\\/05c9a17bc973052ee5d91549bd32fb4dd0dc85b7b85ae94b2e2b4943476bbea5?s=96&d=blank&r=g\",\"caption\":\"Leinewelle\"},\"sameAs\":[\"http:\\\/\\\/localhost\\\/radio%20leinewelle\\\/wordpress\",\"https:\\\/\\\/www.facebook.com\\\/radioleinewelle\",\"https:\\\/\\\/www.instagram.com\\\/radioleinewelle\",\"https:\\\/\\\/x.com\\\/https:\\\/\\\/twitter.com\\\/RLeinewelle?ref_src=twsrcgoogletwcampserptwgrauthor\",\"https:\\\/\\\/soundcloud.com\\\/foerderverein-lokalradio?utm_source=clipboard&utm_medium=text&utm_campaign=social_sharing\"],\"url\":\"https:\\\/\\\/radioleinewelle.de\\\/index.php\\\/author\\\/leinewelle\\\/\"}]}<\/script>\n<!-- \/ Yoast SEO plugin. -->","yoast_head_json":{"title":"K\u00fcnstler der Woche: The Allergies -Tear The Place Up - Radio Leinewelle","robots":{"index":"index","follow":"follow","max-snippet":"max-snippet:-1","max-image-preview":"max-image-preview:large","max-video-preview":"max-video-preview:-1"},"canonical":"https:\/\/radioleinewelle.de\/index.php\/2023\/07\/19\/kuenstler-der-woche-the-allergies-tear-the-place-up\/","og_locale":"de_DE","og_type":"article","og_title":"K\u00fcnstler der Woche: The Allergies -Tear The Place Up - Radio Leinewelle","og_description":"Schaut das Video und ihr werdet auch begeistert sein! Sie kommen aus Bristol (England) und sie mischen die Musikszene mit ihrem neuen Album auf: The Allergies und &#8222;Tear The Place Up&#8220;, was soviel wie &#8222;den Ort auseinandernehmen hei\u00dft&#8220;. Hinter dieser Gruppe stecken die beiden Engl\u00e4nder Rackabeat und DJ Moneyshot. Auf ihrem neuen Album erweisen sie [&hellip;]","og_url":"https:\/\/radioleinewelle.de\/index.php\/2023\/07\/19\/kuenstler-der-woche-the-allergies-tear-the-place-up\/","og_site_name":"Radio Leinewelle","article_publisher":"https:\/\/www.facebook.com\/radioleinewelle","article_author":"https:\/\/www.facebook.com\/radioleinewelle","article_published_time":"2023-07-19T08:02:54+00:00","article_modified_time":"2023-07-19T08:02:56+00:00","og_image":[{"width":1200,"height":675,"url":"https:\/\/radioleinewelle.de\/wp-content\/uploads\/2023\/07\/THE-ALLERGIES.jpeg","type":"image\/jpeg"}],"author":"Leinewelle","twitter_card":"summary_large_image","twitter_creator":"@https:\/\/twitter.com\/RLeinewelle?ref_src=twsrcgoogletwcampserptwgrauthor","twitter_site":"@RLeinewelle","twitter_misc":{"Verfasst von":"Leinewelle","Gesch\u00e4tzte Lesezeit":"1\u00a0Minute"},"schema":{"@context":"https:\/\/schema.org","@graph":[{"@type":"Article","@id":"https:\/\/radioleinewelle.de\/index.php\/2023\/07\/19\/kuenstler-der-woche-the-allergies-tear-the-place-up\/#article","isPartOf":{"@id":"https:\/\/radioleinewelle.de\/index.php\/2023\/07\/19\/kuenstler-der-woche-the-allergies-tear-the-place-up\/"},"author":{"name":"Leinewelle","@id":"https:\/\/radioleinewelle.de\/#\/schema\/person\/45606f348637df637192dc1b68399a63"},"headline":"K\u00fcnstler der Woche: The Allergies -Tear The Place Up","datePublished":"2023-07-19T08:02:54+00:00","dateModified":"2023-07-19T08:02:56+00:00","mainEntityOfPage":{"@id":"https:\/\/radioleinewelle.de\/index.php\/2023\/07\/19\/kuenstler-der-woche-the-allergies-tear-the-place-up\/"},"wordCount":205,"commentCount":0,"publisher":{"@id":"https:\/\/radioleinewelle.de\/#organization"},"image":{"@id":"https:\/\/radioleinewelle.de\/index.php\/2023\/07\/19\/kuenstler-der-woche-the-allergies-tear-the-place-up\/#primaryimage"},"thumbnailUrl":"https:\/\/radioleinewelle.de\/wp-content\/uploads\/2023\/07\/THE-ALLERGIES.jpeg","keywords":["Tear the Place Up","The Allergies"],"articleSection":["Album der Woche"],"inLanguage":"de","potentialAction":[{"@type":"CommentAction","name":"Comment","target":["https:\/\/radioleinewelle.de\/index.php\/2023\/07\/19\/kuenstler-der-woche-the-allergies-tear-the-place-up\/#respond"]}]},{"@type":"WebPage","@id":"https:\/\/radioleinewelle.de\/index.php\/2023\/07\/19\/kuenstler-der-woche-the-allergies-tear-the-place-up\/","url":"https:\/\/radioleinewelle.de\/index.php\/2023\/07\/19\/kuenstler-der-woche-the-allergies-tear-the-place-up\/","name":"K\u00fcnstler der Woche: The Allergies -Tear The Place Up - Radio Leinewelle","isPartOf":{"@id":"https:\/\/radioleinewelle.de\/#website"},"primaryImageOfPage":{"@id":"https:\/\/radioleinewelle.de\/index.php\/2023\/07\/19\/kuenstler-der-woche-the-allergies-tear-the-place-up\/#primaryimage"},"image":{"@id":"https:\/\/radioleinewelle.de\/index.php\/2023\/07\/19\/kuenstler-der-woche-the-allergies-tear-the-place-up\/#primaryimage"},"thumbnailUrl":"https:\/\/radioleinewelle.de\/wp-content\/uploads\/2023\/07\/THE-ALLERGIES.jpeg","datePublished":"2023-07-19T08:02:54+00:00","dateModified":"2023-07-19T08:02:56+00:00","breadcrumb":{"@id":"https:\/\/radioleinewelle.de\/index.php\/2023\/07\/19\/kuenstler-der-woche-the-allergies-tear-the-place-up\/#breadcrumb"},"inLanguage":"de","potentialAction":[{"@type":"ReadAction","target":["https:\/\/radioleinewelle.de\/index.php\/2023\/07\/19\/kuenstler-der-woche-the-allergies-tear-the-place-up\/"]}]},{"@type":"ImageObject","inLanguage":"de","@id":"https:\/\/radioleinewelle.de\/index.php\/2023\/07\/19\/kuenstler-der-woche-the-allergies-tear-the-place-up\/#primaryimage","url":"https:\/\/radioleinewelle.de\/wp-content\/uploads\/2023\/07\/THE-ALLERGIES.jpeg","contentUrl":"https:\/\/radioleinewelle.de\/wp-content\/uploads\/2023\/07\/THE-ALLERGIES.jpeg","width":1200,"height":675},{"@type":"BreadcrumbList","@id":"https:\/\/radioleinewelle.de\/index.php\/2023\/07\/19\/kuenstler-der-woche-the-allergies-tear-the-place-up\/#breadcrumb","itemListElement":[{"@type":"ListItem","position":1,"name":"Startseite","item":"https:\/\/radioleinewelle.de\/"},{"@type":"ListItem","position":2,"name":"K\u00fcnstler der Woche: The Allergies -Tear The Place Up"}]},{"@type":"WebSite","@id":"https:\/\/radioleinewelle.de\/#website","url":"https:\/\/radioleinewelle.de\/","name":"Radio Leinewelle","description":"","publisher":{"@id":"https:\/\/radioleinewelle.de\/#organization"},"potentialAction":[{"@type":"SearchAction","target":{"@type":"EntryPoint","urlTemplate":"https:\/\/radioleinewelle.de\/?s={search_term_string}"},"query-input":{"@type":"PropertyValueSpecification","valueRequired":true,"valueName":"search_term_string"}}],"inLanguage":"de"},{"@type":"Organization","@id":"https:\/\/radioleinewelle.de\/#organization","name":"Radio Leinewelle","alternateName":"Mein Radio f\u00fcr S\u00fcdniedersachsen","url":"https:\/\/radioleinewelle.de\/","logo":{"@type":"ImageObject","inLanguage":"de","@id":"https:\/\/radioleinewelle.de\/#\/schema\/logo\/image\/","url":"https:\/\/radioleinewelle.de\/wp-content\/uploads\/2023\/11\/cropped-Leinewelle_Logo_weiss.png","contentUrl":"https:\/\/radioleinewelle.de\/wp-content\/uploads\/2023\/11\/cropped-Leinewelle_Logo_weiss.png","width":854,"height":260,"caption":"Radio Leinewelle"},"image":{"@id":"https:\/\/radioleinewelle.de\/#\/schema\/logo\/image\/"},"sameAs":["https:\/\/www.facebook.com\/radioleinewelle","https:\/\/x.com\/RLeinewelle","https:\/\/www.instagram.com\/radioleinewelle\/?hl=de"]},{"@type":"Person","@id":"https:\/\/radioleinewelle.de\/#\/schema\/person\/45606f348637df637192dc1b68399a63","name":"Leinewelle","image":{"@type":"ImageObject","inLanguage":"de","@id":"https:\/\/secure.gravatar.com\/avatar\/05c9a17bc973052ee5d91549bd32fb4dd0dc85b7b85ae94b2e2b4943476bbea5?s=96&d=blank&r=g","url":"https:\/\/secure.gravatar.com\/avatar\/05c9a17bc973052ee5d91549bd32fb4dd0dc85b7b85ae94b2e2b4943476bbea5?s=96&d=blank&r=g","contentUrl":"https:\/\/secure.gravatar.com\/avatar\/05c9a17bc973052ee5d91549bd32fb4dd0dc85b7b85ae94b2e2b4943476bbea5?s=96&d=blank&r=g","caption":"Leinewelle"},"sameAs":["http:\/\/localhost\/radio%20leinewelle\/wordpress","https:\/\/www.facebook.com\/radioleinewelle","https:\/\/www.instagram.com\/radioleinewelle","https:\/\/x.com\/https:\/\/twitter.com\/RLeinewelle?ref_src=twsrcgoogletwcampserptwgrauthor","https:\/\/soundcloud.com\/foerderverein-lokalradio?utm_source=clipboard&utm_medium=text&utm_campaign=social_sharing"],"url":"https:\/\/radioleinewelle.de\/index.php\/author\/leinewelle\/"}]}},"_links":{"self":[{"href":"https:\/\/radioleinewelle.de\/index.php\/wp-json\/wp\/v2\/posts\/23005","targetHints":{"allow":["GET"]}}],"collection":[{"href":"https:\/\/radioleinewelle.de\/index.php\/wp-json\/wp\/v2\/posts"}],"about":[{"href":"https:\/\/radioleinewelle.de\/index.php\/wp-json\/wp\/v2\/types\/post"}],"author":[{"embeddable":true,"href":"https:\/\/radioleinewelle.de\/index.php\/wp-json\/wp\/v2\/users\/1"}],"replies":[{"embeddable":true,"href":"https:\/\/radioleinewelle.de\/index.php\/wp-json\/wp\/v2\/comments?post=23005"}],"version-history":[{"count":3,"href":"https:\/\/radioleinewelle.de\/index.php\/wp-json\/wp\/v2\/posts\/23005\/revisions"}],"predecessor-version":[{"id":23010,"href":"https:\/\/radioleinewelle.de\/index.php\/wp-json\/wp\/v2\/posts\/23005\/revisions\/23010"}],"wp:featuredmedia":[{"embeddable":true,"href":"https:\/\/radioleinewelle.de\/index.php\/wp-json\/wp\/v2\/media\/23009"}],"wp:attachment":[{"href":"https:\/\/radioleinewelle.de\/index.php\/wp-json\/wp\/v2\/media?parent=23005"}],"wp:term":[{"taxonomy":"category","embeddable":true,"href":"https:\/\/radioleinewelle.de\/index.php\/wp-json\/wp\/v2\/categories?post=23005"},{"taxonomy":"post_tag","embeddable":true,"href":"https:\/\/radioleinewelle.de\/index.php\/wp-json\/wp\/v2\/tags?post=23005"}],"curies":[{"name":"wp","href":"https:\/\/api.w.org\/{rel}","templated":true}]}}