{"id":23011,"date":"2023-07-20T11:03:22","date_gmt":"2023-07-20T09:03:22","guid":{"rendered":"https:\/\/radioleinewelle.de\/?p=23011"},"modified":"2023-07-20T11:21:06","modified_gmt":"2023-07-20T09:21:06","slug":"landkreis-goettingen-wird-gesellschafter-des-deutschen-theaters","status":"publish","type":"post","link":"https:\/\/radioleinewelle.de\/index.php\/2023\/07\/20\/landkreis-goettingen-wird-gesellschafter-des-deutschen-theaters\/","title":{"rendered":"Landkreis G\u00f6ttingen wird Gesellschafter des Deutschen Theaters"},"content":{"rendered":"\n<p>Das Deutsche Theater G\u00f6ttingen geh\u00f6rt zu den renommiertesten Kultureinrichtungen der Stadt. Gegr\u00fcndet im Jahr 1890, kann es auf eine lange, bewegte Theatergeschichte zur\u00fcckschauen. Auf drei B\u00fchnen wird ein ambitioniertes Programm geboten, das DT ist oft Ort des politischen Diskurses, wie z.B. zum Klimawandel. Zudem ist es in der Stadt und Region durch zahlreiche Kooperationspartner bestens vernetzt, insbesondere mit vielen Schulen im regionalen Raum. Jetzt ist der Landkreis G\u00f6ttingen r\u00fcckwirkend zum 1. Januar 2023 zum neuen Gesellschafter der Deutschen Theater GmbH ernannt worden. Die Ernennung erfolgte durch einstimmigen Beschluss des Aufsichtsrats. <\/p>\n\n\n\n<figure class=\"wp-block-audio\"><audio controls src=\"https:\/\/radioleinewelle.de\/wp-content\/uploads\/2023\/07\/Erich-Sidler-Deutsches-Theater-Goettingen.mp3\"><\/audio><figcaption class=\"wp-element-caption\">Erich Sidler \u00fcber das Engagement des Landkreises G\u00f6ttingen<\/figcaption><\/figure>\n\n\n\n<p><strong>Foto:<\/strong> Sandra Hinz (Gesch\u00e4ftsf\u00fchrerin des DT), Marcel Riethig (Landrat), Petra Broistedt (Oberb\u00fcrgermeisterin), Erich Sidler (Intendant des DT) \u00a9Radio Leinewelle (ue)<\/p>\n","protected":false},"excerpt":{"rendered":"<p>Das Deutsche Theater G\u00f6ttingen geh\u00f6rt zu den renommiertesten Kultureinrichtungen der Stadt. Gegr\u00fcndet im Jahr 1890, kann es auf eine lange, bewegte Theatergeschichte zur\u00fcckschauen. Auf drei B\u00fchnen wird ein ambitioniertes Programm geboten, das DT ist oft Ort des politischen Diskurses, wie z.B. zum Klimawandel. Zudem ist es in der Stadt und Region durch zahlreiche Kooperationspartner bestens [&hellip;]<\/p>\n","protected":false},"author":1,"featured_media":23017,"comment_status":"open","ping_status":"open","sticky":true,"template":"","format":"standard","meta":{"saved_in_kubio":false,"footnotes":""},"categories":[45,39],"tags":[327],"class_list":["post-23011","post","type-post","status-publish","format-standard","has-post-thumbnail","hentry","category-kultur","category-lokalpolitik","tag-landkreis-goettingen"],"yoast_head":"<!-- This site is optimized with the Yoast SEO plugin v27.5 - https:\/\/yoast.com\/product\/yoast-seo-wordpress\/ -->\n<title>Landkreis G\u00f6ttingen wird Gesellschafter des Deutschen Theaters - Radio Leinewelle<\/title>\n<meta name=\"robots\" content=\"index, follow, max-snippet:-1, max-image-preview:large, max-video-preview:-1\" \/>\n<link rel=\"canonical\" href=\"https:\/\/radioleinewelle.de\/index.php\/2023\/07\/20\/landkreis-goettingen-wird-gesellschafter-des-deutschen-theaters\/\" \/>\n<meta property=\"og:locale\" content=\"de_DE\" \/>\n<meta property=\"og:type\" content=\"article\" \/>\n<meta property=\"og:title\" content=\"Landkreis G\u00f6ttingen wird Gesellschafter des Deutschen Theaters - Radio Leinewelle\" \/>\n<meta property=\"og:description\" content=\"Das Deutsche Theater G\u00f6ttingen geh\u00f6rt zu den renommiertesten Kultureinrichtungen der Stadt. Gegr\u00fcndet im Jahr 1890, kann es auf eine lange, bewegte Theatergeschichte zur\u00fcckschauen. Auf drei B\u00fchnen wird ein ambitioniertes Programm geboten, das DT ist oft Ort des politischen Diskurses, wie z.B. zum Klimawandel. Zudem ist es in der Stadt und Region durch zahlreiche Kooperationspartner bestens [&hellip;]\" \/>\n<meta property=\"og:url\" content=\"https:\/\/radioleinewelle.de\/index.php\/2023\/07\/20\/landkreis-goettingen-wird-gesellschafter-des-deutschen-theaters\/\" \/>\n<meta property=\"og:site_name\" content=\"Radio Leinewelle\" \/>\n<meta property=\"article:publisher\" content=\"https:\/\/www.facebook.com\/radioleinewelle\" \/>\n<meta property=\"article:author\" content=\"https:\/\/www.facebook.com\/radioleinewelle\" \/>\n<meta property=\"article:published_time\" content=\"2023-07-20T09:03:22+00:00\" \/>\n<meta property=\"article:modified_time\" content=\"2023-07-20T09:21:06+00:00\" \/>\n<meta property=\"og:image\" content=\"https:\/\/radioleinewelle.de\/wp-content\/uploads\/2023\/07\/Landkreis-wird-Gesellschafter-beim-DT-e1689844508154.jpg\" \/>\n\t<meta property=\"og:image:width\" content=\"897\" \/>\n\t<meta property=\"og:image:height\" content=\"660\" \/>\n\t<meta property=\"og:image:type\" content=\"image\/jpeg\" \/>\n<meta name=\"author\" content=\"Leinewelle\" \/>\n<meta name=\"twitter:card\" content=\"summary_large_image\" \/>\n<meta name=\"twitter:creator\" content=\"@https:\/\/twitter.com\/RLeinewelle?ref_src=twsrcgoogletwcampserptwgrauthor\" \/>\n<meta name=\"twitter:site\" content=\"@RLeinewelle\" \/>\n<meta name=\"twitter:label1\" content=\"Verfasst von\" \/>\n\t<meta name=\"twitter:data1\" content=\"Leinewelle\" \/>\n\t<meta name=\"twitter:label2\" content=\"Gesch\u00e4tzte Lesezeit\" \/>\n\t<meta name=\"twitter:data2\" content=\"1\u00a0Minute\" \/>\n<script type=\"application\/ld+json\" class=\"yoast-schema-graph\">{\"@context\":\"https:\\\/\\\/schema.org\",\"@graph\":[{\"@type\":\"Article\",\"@id\":\"https:\\\/\\\/radioleinewelle.de\\\/index.php\\\/2023\\\/07\\\/20\\\/landkreis-goettingen-wird-gesellschafter-des-deutschen-theaters\\\/#article\",\"isPartOf\":{\"@id\":\"https:\\\/\\\/radioleinewelle.de\\\/index.php\\\/2023\\\/07\\\/20\\\/landkreis-goettingen-wird-gesellschafter-des-deutschen-theaters\\\/\"},\"author\":{\"name\":\"Leinewelle\",\"@id\":\"https:\\\/\\\/radioleinewelle.de\\\/#\\\/schema\\\/person\\\/45606f348637df637192dc1b68399a63\"},\"headline\":\"Landkreis G\u00f6ttingen wird Gesellschafter des Deutschen Theaters\",\"datePublished\":\"2023-07-20T09:03:22+00:00\",\"dateModified\":\"2023-07-20T09:21:06+00:00\",\"mainEntityOfPage\":{\"@id\":\"https:\\\/\\\/radioleinewelle.de\\\/index.php\\\/2023\\\/07\\\/20\\\/landkreis-goettingen-wird-gesellschafter-des-deutschen-theaters\\\/\"},\"wordCount\":135,\"commentCount\":0,\"publisher\":{\"@id\":\"https:\\\/\\\/radioleinewelle.de\\\/#organization\"},\"image\":{\"@id\":\"https:\\\/\\\/radioleinewelle.de\\\/index.php\\\/2023\\\/07\\\/20\\\/landkreis-goettingen-wird-gesellschafter-des-deutschen-theaters\\\/#primaryimage\"},\"thumbnailUrl\":\"https:\\\/\\\/radioleinewelle.de\\\/wp-content\\\/uploads\\\/2023\\\/07\\\/Landkreis-wird-Gesellschafter-beim-DT-e1689844508154.jpg\",\"keywords\":[\"Landkreis G\u00f6ttingen\"],\"articleSection\":[\"Kultur\",\"Lokalpolitik\"],\"inLanguage\":\"de\",\"potentialAction\":[{\"@type\":\"CommentAction\",\"name\":\"Comment\",\"target\":[\"https:\\\/\\\/radioleinewelle.de\\\/index.php\\\/2023\\\/07\\\/20\\\/landkreis-goettingen-wird-gesellschafter-des-deutschen-theaters\\\/#respond\"]}]},{\"@type\":\"WebPage\",\"@id\":\"https:\\\/\\\/radioleinewelle.de\\\/index.php\\\/2023\\\/07\\\/20\\\/landkreis-goettingen-wird-gesellschafter-des-deutschen-theaters\\\/\",\"url\":\"https:\\\/\\\/radioleinewelle.de\\\/index.php\\\/2023\\\/07\\\/20\\\/landkreis-goettingen-wird-gesellschafter-des-deutschen-theaters\\\/\",\"name\":\"Landkreis G\u00f6ttingen wird Gesellschafter des Deutschen Theaters - Radio Leinewelle\",\"isPartOf\":{\"@id\":\"https:\\\/\\\/radioleinewelle.de\\\/#website\"},\"primaryImageOfPage\":{\"@id\":\"https:\\\/\\\/radioleinewelle.de\\\/index.php\\\/2023\\\/07\\\/20\\\/landkreis-goettingen-wird-gesellschafter-des-deutschen-theaters\\\/#primaryimage\"},\"image\":{\"@id\":\"https:\\\/\\\/radioleinewelle.de\\\/index.php\\\/2023\\\/07\\\/20\\\/landkreis-goettingen-wird-gesellschafter-des-deutschen-theaters\\\/#primaryimage\"},\"thumbnailUrl\":\"https:\\\/\\\/radioleinewelle.de\\\/wp-content\\\/uploads\\\/2023\\\/07\\\/Landkreis-wird-Gesellschafter-beim-DT-e1689844508154.jpg\",\"datePublished\":\"2023-07-20T09:03:22+00:00\",\"dateModified\":\"2023-07-20T09:21:06+00:00\",\"breadcrumb\":{\"@id\":\"https:\\\/\\\/radioleinewelle.de\\\/index.php\\\/2023\\\/07\\\/20\\\/landkreis-goettingen-wird-gesellschafter-des-deutschen-theaters\\\/#breadcrumb\"},\"inLanguage\":\"de\",\"potentialAction\":[{\"@type\":\"ReadAction\",\"target\":[\"https:\\\/\\\/radioleinewelle.de\\\/index.php\\\/2023\\\/07\\\/20\\\/landkreis-goettingen-wird-gesellschafter-des-deutschen-theaters\\\/\"]}]},{\"@type\":\"ImageObject\",\"inLanguage\":\"de\",\"@id\":\"https:\\\/\\\/radioleinewelle.de\\\/index.php\\\/2023\\\/07\\\/20\\\/landkreis-goettingen-wird-gesellschafter-des-deutschen-theaters\\\/#primaryimage\",\"url\":\"https:\\\/\\\/radioleinewelle.de\\\/wp-content\\\/uploads\\\/2023\\\/07\\\/Landkreis-wird-Gesellschafter-beim-DT-e1689844508154.jpg\",\"contentUrl\":\"https:\\\/\\\/radioleinewelle.de\\\/wp-content\\\/uploads\\\/2023\\\/07\\\/Landkreis-wird-Gesellschafter-beim-DT-e1689844508154.jpg\",\"width\":897,\"height\":660},{\"@type\":\"BreadcrumbList\",\"@id\":\"https:\\\/\\\/radioleinewelle.de\\\/index.php\\\/2023\\\/07\\\/20\\\/landkreis-goettingen-wird-gesellschafter-des-deutschen-theaters\\\/#breadcrumb\",\"itemListElement\":[{\"@type\":\"ListItem\",\"position\":1,\"name\":\"Startseite\",\"item\":\"https:\\\/\\\/radioleinewelle.de\\\/\"},{\"@type\":\"ListItem\",\"position\":2,\"name\":\"Landkreis G\u00f6ttingen wird Gesellschafter des Deutschen Theaters\"}]},{\"@type\":\"WebSite\",\"@id\":\"https:\\\/\\\/radioleinewelle.de\\\/#website\",\"url\":\"https:\\\/\\\/radioleinewelle.de\\\/\",\"name\":\"Radio Leinewelle\",\"description\":\"\",\"publisher\":{\"@id\":\"https:\\\/\\\/radioleinewelle.de\\\/#organization\"},\"potentialAction\":[{\"@type\":\"SearchAction\",\"target\":{\"@type\":\"EntryPoint\",\"urlTemplate\":\"https:\\\/\\\/radioleinewelle.de\\\/?s={search_term_string}\"},\"query-input\":{\"@type\":\"PropertyValueSpecification\",\"valueRequired\":true,\"valueName\":\"search_term_string\"}}],\"inLanguage\":\"de\"},{\"@type\":\"Organization\",\"@id\":\"https:\\\/\\\/radioleinewelle.de\\\/#organization\",\"name\":\"Radio Leinewelle\",\"alternateName\":\"Mein Radio f\u00fcr S\u00fcdniedersachsen\",\"url\":\"https:\\\/\\\/radioleinewelle.de\\\/\",\"logo\":{\"@type\":\"ImageObject\",\"inLanguage\":\"de\",\"@id\":\"https:\\\/\\\/radioleinewelle.de\\\/#\\\/schema\\\/logo\\\/image\\\/\",\"url\":\"https:\\\/\\\/radioleinewelle.de\\\/wp-content\\\/uploads\\\/2023\\\/11\\\/cropped-Leinewelle_Logo_weiss.png\",\"contentUrl\":\"https:\\\/\\\/radioleinewelle.de\\\/wp-content\\\/uploads\\\/2023\\\/11\\\/cropped-Leinewelle_Logo_weiss.png\",\"width\":854,\"height\":260,\"caption\":\"Radio Leinewelle\"},\"image\":{\"@id\":\"https:\\\/\\\/radioleinewelle.de\\\/#\\\/schema\\\/logo\\\/image\\\/\"},\"sameAs\":[\"https:\\\/\\\/www.facebook.com\\\/radioleinewelle\",\"https:\\\/\\\/x.com\\\/RLeinewelle\",\"https:\\\/\\\/www.instagram.com\\\/radioleinewelle\\\/?hl=de\"]},{\"@type\":\"Person\",\"@id\":\"https:\\\/\\\/radioleinewelle.de\\\/#\\\/schema\\\/person\\\/45606f348637df637192dc1b68399a63\",\"name\":\"Leinewelle\",\"image\":{\"@type\":\"ImageObject\",\"inLanguage\":\"de\",\"@id\":\"https:\\\/\\\/secure.gravatar.com\\\/avatar\\\/05c9a17bc973052ee5d91549bd32fb4dd0dc85b7b85ae94b2e2b4943476bbea5?s=96&d=blank&r=g\",\"url\":\"https:\\\/\\\/secure.gravatar.com\\\/avatar\\\/05c9a17bc973052ee5d91549bd32fb4dd0dc85b7b85ae94b2e2b4943476bbea5?s=96&d=blank&r=g\",\"contentUrl\":\"https:\\\/\\\/secure.gravatar.com\\\/avatar\\\/05c9a17bc973052ee5d91549bd32fb4dd0dc85b7b85ae94b2e2b4943476bbea5?s=96&d=blank&r=g\",\"caption\":\"Leinewelle\"},\"sameAs\":[\"http:\\\/\\\/localhost\\\/radio%20leinewelle\\\/wordpress\",\"https:\\\/\\\/www.facebook.com\\\/radioleinewelle\",\"https:\\\/\\\/www.instagram.com\\\/radioleinewelle\",\"https:\\\/\\\/x.com\\\/https:\\\/\\\/twitter.com\\\/RLeinewelle?ref_src=twsrcgoogletwcampserptwgrauthor\",\"https:\\\/\\\/soundcloud.com\\\/foerderverein-lokalradio?utm_source=clipboard&utm_medium=text&utm_campaign=social_sharing\"],\"url\":\"https:\\\/\\\/radioleinewelle.de\\\/index.php\\\/author\\\/leinewelle\\\/\"}]}<\/script>\n<!-- \/ Yoast SEO plugin. -->","yoast_head_json":{"title":"Landkreis G\u00f6ttingen wird Gesellschafter des Deutschen Theaters - Radio Leinewelle","robots":{"index":"index","follow":"follow","max-snippet":"max-snippet:-1","max-image-preview":"max-image-preview:large","max-video-preview":"max-video-preview:-1"},"canonical":"https:\/\/radioleinewelle.de\/index.php\/2023\/07\/20\/landkreis-goettingen-wird-gesellschafter-des-deutschen-theaters\/","og_locale":"de_DE","og_type":"article","og_title":"Landkreis G\u00f6ttingen wird Gesellschafter des Deutschen Theaters - Radio Leinewelle","og_description":"Das Deutsche Theater G\u00f6ttingen geh\u00f6rt zu den renommiertesten Kultureinrichtungen der Stadt. Gegr\u00fcndet im Jahr 1890, kann es auf eine lange, bewegte Theatergeschichte zur\u00fcckschauen. Auf drei B\u00fchnen wird ein ambitioniertes Programm geboten, das DT ist oft Ort des politischen Diskurses, wie z.B. zum Klimawandel. Zudem ist es in der Stadt und Region durch zahlreiche Kooperationspartner bestens [&hellip;]","og_url":"https:\/\/radioleinewelle.de\/index.php\/2023\/07\/20\/landkreis-goettingen-wird-gesellschafter-des-deutschen-theaters\/","og_site_name":"Radio Leinewelle","article_publisher":"https:\/\/www.facebook.com\/radioleinewelle","article_author":"https:\/\/www.facebook.com\/radioleinewelle","article_published_time":"2023-07-20T09:03:22+00:00","article_modified_time":"2023-07-20T09:21:06+00:00","og_image":[{"width":897,"height":660,"url":"https:\/\/radioleinewelle.de\/wp-content\/uploads\/2023\/07\/Landkreis-wird-Gesellschafter-beim-DT-e1689844508154.jpg","type":"image\/jpeg"}],"author":"Leinewelle","twitter_card":"summary_large_image","twitter_creator":"@https:\/\/twitter.com\/RLeinewelle?ref_src=twsrcgoogletwcampserptwgrauthor","twitter_site":"@RLeinewelle","twitter_misc":{"Verfasst von":"Leinewelle","Gesch\u00e4tzte Lesezeit":"1\u00a0Minute"},"schema":{"@context":"https:\/\/schema.org","@graph":[{"@type":"Article","@id":"https:\/\/radioleinewelle.de\/index.php\/2023\/07\/20\/landkreis-goettingen-wird-gesellschafter-des-deutschen-theaters\/#article","isPartOf":{"@id":"https:\/\/radioleinewelle.de\/index.php\/2023\/07\/20\/landkreis-goettingen-wird-gesellschafter-des-deutschen-theaters\/"},"author":{"name":"Leinewelle","@id":"https:\/\/radioleinewelle.de\/#\/schema\/person\/45606f348637df637192dc1b68399a63"},"headline":"Landkreis G\u00f6ttingen wird Gesellschafter des Deutschen Theaters","datePublished":"2023-07-20T09:03:22+00:00","dateModified":"2023-07-20T09:21:06+00:00","mainEntityOfPage":{"@id":"https:\/\/radioleinewelle.de\/index.php\/2023\/07\/20\/landkreis-goettingen-wird-gesellschafter-des-deutschen-theaters\/"},"wordCount":135,"commentCount":0,"publisher":{"@id":"https:\/\/radioleinewelle.de\/#organization"},"image":{"@id":"https:\/\/radioleinewelle.de\/index.php\/2023\/07\/20\/landkreis-goettingen-wird-gesellschafter-des-deutschen-theaters\/#primaryimage"},"thumbnailUrl":"https:\/\/radioleinewelle.de\/wp-content\/uploads\/2023\/07\/Landkreis-wird-Gesellschafter-beim-DT-e1689844508154.jpg","keywords":["Landkreis G\u00f6ttingen"],"articleSection":["Kultur","Lokalpolitik"],"inLanguage":"de","potentialAction":[{"@type":"CommentAction","name":"Comment","target":["https:\/\/radioleinewelle.de\/index.php\/2023\/07\/20\/landkreis-goettingen-wird-gesellschafter-des-deutschen-theaters\/#respond"]}]},{"@type":"WebPage","@id":"https:\/\/radioleinewelle.de\/index.php\/2023\/07\/20\/landkreis-goettingen-wird-gesellschafter-des-deutschen-theaters\/","url":"https:\/\/radioleinewelle.de\/index.php\/2023\/07\/20\/landkreis-goettingen-wird-gesellschafter-des-deutschen-theaters\/","name":"Landkreis G\u00f6ttingen wird Gesellschafter des Deutschen Theaters - Radio Leinewelle","isPartOf":{"@id":"https:\/\/radioleinewelle.de\/#website"},"primaryImageOfPage":{"@id":"https:\/\/radioleinewelle.de\/index.php\/2023\/07\/20\/landkreis-goettingen-wird-gesellschafter-des-deutschen-theaters\/#primaryimage"},"image":{"@id":"https:\/\/radioleinewelle.de\/index.php\/2023\/07\/20\/landkreis-goettingen-wird-gesellschafter-des-deutschen-theaters\/#primaryimage"},"thumbnailUrl":"https:\/\/radioleinewelle.de\/wp-content\/uploads\/2023\/07\/Landkreis-wird-Gesellschafter-beim-DT-e1689844508154.jpg","datePublished":"2023-07-20T09:03:22+00:00","dateModified":"2023-07-20T09:21:06+00:00","breadcrumb":{"@id":"https:\/\/radioleinewelle.de\/index.php\/2023\/07\/20\/landkreis-goettingen-wird-gesellschafter-des-deutschen-theaters\/#breadcrumb"},"inLanguage":"de","potentialAction":[{"@type":"ReadAction","target":["https:\/\/radioleinewelle.de\/index.php\/2023\/07\/20\/landkreis-goettingen-wird-gesellschafter-des-deutschen-theaters\/"]}]},{"@type":"ImageObject","inLanguage":"de","@id":"https:\/\/radioleinewelle.de\/index.php\/2023\/07\/20\/landkreis-goettingen-wird-gesellschafter-des-deutschen-theaters\/#primaryimage","url":"https:\/\/radioleinewelle.de\/wp-content\/uploads\/2023\/07\/Landkreis-wird-Gesellschafter-beim-DT-e1689844508154.jpg","contentUrl":"https:\/\/radioleinewelle.de\/wp-content\/uploads\/2023\/07\/Landkreis-wird-Gesellschafter-beim-DT-e1689844508154.jpg","width":897,"height":660},{"@type":"BreadcrumbList","@id":"https:\/\/radioleinewelle.de\/index.php\/2023\/07\/20\/landkreis-goettingen-wird-gesellschafter-des-deutschen-theaters\/#breadcrumb","itemListElement":[{"@type":"ListItem","position":1,"name":"Startseite","item":"https:\/\/radioleinewelle.de\/"},{"@type":"ListItem","position":2,"name":"Landkreis G\u00f6ttingen wird Gesellschafter des Deutschen Theaters"}]},{"@type":"WebSite","@id":"https:\/\/radioleinewelle.de\/#website","url":"https:\/\/radioleinewelle.de\/","name":"Radio Leinewelle","description":"","publisher":{"@id":"https:\/\/radioleinewelle.de\/#organization"},"potentialAction":[{"@type":"SearchAction","target":{"@type":"EntryPoint","urlTemplate":"https:\/\/radioleinewelle.de\/?s={search_term_string}"},"query-input":{"@type":"PropertyValueSpecification","valueRequired":true,"valueName":"search_term_string"}}],"inLanguage":"de"},{"@type":"Organization","@id":"https:\/\/radioleinewelle.de\/#organization","name":"Radio Leinewelle","alternateName":"Mein Radio f\u00fcr S\u00fcdniedersachsen","url":"https:\/\/radioleinewelle.de\/","logo":{"@type":"ImageObject","inLanguage":"de","@id":"https:\/\/radioleinewelle.de\/#\/schema\/logo\/image\/","url":"https:\/\/radioleinewelle.de\/wp-content\/uploads\/2023\/11\/cropped-Leinewelle_Logo_weiss.png","contentUrl":"https:\/\/radioleinewelle.de\/wp-content\/uploads\/2023\/11\/cropped-Leinewelle_Logo_weiss.png","width":854,"height":260,"caption":"Radio Leinewelle"},"image":{"@id":"https:\/\/radioleinewelle.de\/#\/schema\/logo\/image\/"},"sameAs":["https:\/\/www.facebook.com\/radioleinewelle","https:\/\/x.com\/RLeinewelle","https:\/\/www.instagram.com\/radioleinewelle\/?hl=de"]},{"@type":"Person","@id":"https:\/\/radioleinewelle.de\/#\/schema\/person\/45606f348637df637192dc1b68399a63","name":"Leinewelle","image":{"@type":"ImageObject","inLanguage":"de","@id":"https:\/\/secure.gravatar.com\/avatar\/05c9a17bc973052ee5d91549bd32fb4dd0dc85b7b85ae94b2e2b4943476bbea5?s=96&d=blank&r=g","url":"https:\/\/secure.gravatar.com\/avatar\/05c9a17bc973052ee5d91549bd32fb4dd0dc85b7b85ae94b2e2b4943476bbea5?s=96&d=blank&r=g","contentUrl":"https:\/\/secure.gravatar.com\/avatar\/05c9a17bc973052ee5d91549bd32fb4dd0dc85b7b85ae94b2e2b4943476bbea5?s=96&d=blank&r=g","caption":"Leinewelle"},"sameAs":["http:\/\/localhost\/radio%20leinewelle\/wordpress","https:\/\/www.facebook.com\/radioleinewelle","https:\/\/www.instagram.com\/radioleinewelle","https:\/\/x.com\/https:\/\/twitter.com\/RLeinewelle?ref_src=twsrcgoogletwcampserptwgrauthor","https:\/\/soundcloud.com\/foerderverein-lokalradio?utm_source=clipboard&utm_medium=text&utm_campaign=social_sharing"],"url":"https:\/\/radioleinewelle.de\/index.php\/author\/leinewelle\/"}]}},"_links":{"self":[{"href":"https:\/\/radioleinewelle.de\/index.php\/wp-json\/wp\/v2\/posts\/23011","targetHints":{"allow":["GET"]}}],"collection":[{"href":"https:\/\/radioleinewelle.de\/index.php\/wp-json\/wp\/v2\/posts"}],"about":[{"href":"https:\/\/radioleinewelle.de\/index.php\/wp-json\/wp\/v2\/types\/post"}],"author":[{"embeddable":true,"href":"https:\/\/radioleinewelle.de\/index.php\/wp-json\/wp\/v2\/users\/1"}],"replies":[{"embeddable":true,"href":"https:\/\/radioleinewelle.de\/index.php\/wp-json\/wp\/v2\/comments?post=23011"}],"version-history":[{"count":3,"href":"https:\/\/radioleinewelle.de\/index.php\/wp-json\/wp\/v2\/posts\/23011\/revisions"}],"predecessor-version":[{"id":23016,"href":"https:\/\/radioleinewelle.de\/index.php\/wp-json\/wp\/v2\/posts\/23011\/revisions\/23016"}],"wp:featuredmedia":[{"embeddable":true,"href":"https:\/\/radioleinewelle.de\/index.php\/wp-json\/wp\/v2\/media\/23017"}],"wp:attachment":[{"href":"https:\/\/radioleinewelle.de\/index.php\/wp-json\/wp\/v2\/media?parent=23011"}],"wp:term":[{"taxonomy":"category","embeddable":true,"href":"https:\/\/radioleinewelle.de\/index.php\/wp-json\/wp\/v2\/categories?post=23011"},{"taxonomy":"post_tag","embeddable":true,"href":"https:\/\/radioleinewelle.de\/index.php\/wp-json\/wp\/v2\/tags?post=23011"}],"curies":[{"name":"wp","href":"https:\/\/api.w.org\/{rel}","templated":true}]}}