{"id":23050,"date":"2023-08-03T13:19:05","date_gmt":"2023-08-03T11:19:05","guid":{"rendered":"https:\/\/radioleinewelle.de\/?p=23050"},"modified":"2023-08-03T13:19:07","modified_gmt":"2023-08-03T11:19:07","slug":"kuenstlerin-der-woche-pj-harvey-i-inside-the-old-i-dying","status":"publish","type":"post","link":"https:\/\/radioleinewelle.de\/index.php\/2023\/08\/03\/kuenstlerin-der-woche-pj-harvey-i-inside-the-old-i-dying\/","title":{"rendered":"K\u00fcnstlerin der Woche: PJ Harvey &#8211; &#8222;I Inside the Old I Dying&#8220;"},"content":{"rendered":"\n<p>Es ist mittlerweile das zehnte Studioalbum von PJ Harvey: &#8222;I Inside the Old I Dying&#8220;. Die britische S\u00e4nger, Songwriterin, Lyrikerin und bildende K\u00fcnstler hat sich daf\u00fcr sieben Jahre Zeit gelassen. Nach der Tournee zu &#8222;The Hope Six Demolition Project&#8220; merkte sie, dass sie in diesem endlosen Zyklus von Albenver\u00f6ffentlichungen und Tourneen langsam ihre Kreativit\u00e4t verlor. Dank der Unterst\u00fctzung durch den schottischen Dichter Don Patterson stellte sie &#8222;Orlam&#8220;, ihren zweiten Gedichtband nach &#8222;The Hollow Of The Hand&#8220; fertig. Dies f\u00fchrte auch musikalisch weg von den gro\u00dfen Themen wie z.B. in ihrem Album &#8222;Let England Shake&#8220; zu neuen, intimerem und Menschlicherem. Eine Frage des Alters, vielleicht. In den Battery Studios im Nordwesten Londons entstand das neue Album. Mit Unterst\u00fctzung ihrer bew\u00e4hrten langj\u00e4hrigen Partner, John Parish und dem Produzenten Flood. Wer die Musik und die Lyrik von PJ Harvey kennt &#8211; und sch\u00e4tzt &#8211; hat gelernt mit ihren Eigenarten umzugehen. So ist es auch mit dem neuen Album. Viele biblische Anspielungen und Verweise auf Shakespeare, musikalisch gew\u00fcrzt durch FieldRecordings und Material aus Audiobibliotheken. Ist das Minimal Folk, was wir hier h\u00f6ren? Es ist sicherlich eine Grenzwanderung zwischen verschiedenen Kunstformen, die eine ganz besondere Stimmung ausl\u00f6st. Eine Stimmung, f\u00fcr die der Name PJ Harvey seit Jahren steht. Keine Selbstverst\u00e4ndlichkeit in der heutigen Zeit.<\/p>\n\n\n\n<p><\/p>\n\n\n\n<figure class=\"wp-block-embed is-type-rich is-provider-handler-einbetten wp-block-embed-handler-einbetten wp-embed-aspect-16-9 wp-has-aspect-ratio\"><div class=\"wp-block-embed__wrapper\">\n<iframe loading=\"lazy\" title=\"PJ Harvey - I Inside the Old I Dying (Official Video)\" width=\"500\" height=\"281\" src=\"https:\/\/www.youtube.com\/embed\/MZDfM6bhKMc?feature=oembed\" frameborder=\"0\" allow=\"accelerometer; autoplay; clipboard-write; encrypted-media; gyroscope; picture-in-picture; web-share\" referrerpolicy=\"strict-origin-when-cross-origin\" allowfullscreen><\/iframe>\n<\/div><\/figure>\n\n\n\n<p><strong>Foto: <\/strong>PJ Harvey \u00a9Steve Gullick<\/p>\n","protected":false},"excerpt":{"rendered":"<p>Es ist mittlerweile das zehnte Studioalbum von PJ Harvey: &#8222;I Inside the Old I Dying&#8220;. Die britische S\u00e4nger, Songwriterin, Lyrikerin und bildende K\u00fcnstler hat sich daf\u00fcr sieben Jahre Zeit gelassen. Nach der Tournee zu &#8222;The Hope Six Demolition Project&#8220; merkte sie, dass sie in diesem endlosen Zyklus von Albenver\u00f6ffentlichungen und Tourneen langsam ihre Kreativit\u00e4t verlor. [&hellip;]<\/p>\n","protected":false},"author":1,"featured_media":23054,"comment_status":"open","ping_status":"open","sticky":true,"template":"","format":"standard","meta":{"saved_in_kubio":false,"footnotes":""},"categories":[4013],"tags":[4022],"class_list":["post-23050","post","type-post","status-publish","format-standard","has-post-thumbnail","hentry","category-album-der-woche","tag-pj-harvey"],"yoast_head":"<!-- This site is optimized with the Yoast SEO plugin v27.4 - https:\/\/yoast.com\/product\/yoast-seo-wordpress\/ -->\n<title>K\u00fcnstlerin der Woche: PJ Harvey - &quot;I Inside the Old I Dying&quot; - Radio Leinewelle<\/title>\n<meta name=\"robots\" content=\"index, follow, max-snippet:-1, max-image-preview:large, max-video-preview:-1\" \/>\n<link rel=\"canonical\" href=\"https:\/\/radioleinewelle.de\/index.php\/2023\/08\/03\/kuenstlerin-der-woche-pj-harvey-i-inside-the-old-i-dying\/\" \/>\n<meta property=\"og:locale\" content=\"de_DE\" \/>\n<meta property=\"og:type\" content=\"article\" \/>\n<meta property=\"og:title\" content=\"K\u00fcnstlerin der Woche: PJ Harvey - &quot;I Inside the Old I Dying&quot; - Radio Leinewelle\" \/>\n<meta property=\"og:description\" content=\"Es ist mittlerweile das zehnte Studioalbum von PJ Harvey: &#8222;I Inside the Old I Dying&#8220;. Die britische S\u00e4nger, Songwriterin, Lyrikerin und bildende K\u00fcnstler hat sich daf\u00fcr sieben Jahre Zeit gelassen. Nach der Tournee zu &#8222;The Hope Six Demolition Project&#8220; merkte sie, dass sie in diesem endlosen Zyklus von Albenver\u00f6ffentlichungen und Tourneen langsam ihre Kreativit\u00e4t verlor. [&hellip;]\" \/>\n<meta property=\"og:url\" content=\"https:\/\/radioleinewelle.de\/index.php\/2023\/08\/03\/kuenstlerin-der-woche-pj-harvey-i-inside-the-old-i-dying\/\" \/>\n<meta property=\"og:site_name\" content=\"Radio Leinewelle\" \/>\n<meta property=\"article:publisher\" content=\"https:\/\/www.facebook.com\/radioleinewelle\" \/>\n<meta property=\"article:author\" content=\"https:\/\/www.facebook.com\/radioleinewelle\" \/>\n<meta property=\"article:published_time\" content=\"2023-08-03T11:19:05+00:00\" \/>\n<meta property=\"article:modified_time\" content=\"2023-08-03T11:19:07+00:00\" \/>\n<meta property=\"og:image\" content=\"https:\/\/radioleinewelle.de\/wp-content\/uploads\/2023\/08\/PJ-Harvey-2023-Credit-Steve-Gullick-Q8A2378.CR2_.p-e1691061463227-683x1024.jpg\" \/>\n\t<meta property=\"og:image:width\" content=\"683\" \/>\n\t<meta property=\"og:image:height\" content=\"1024\" \/>\n\t<meta property=\"og:image:type\" content=\"image\/jpeg\" \/>\n<meta name=\"author\" content=\"Leinewelle\" \/>\n<meta name=\"twitter:card\" content=\"summary_large_image\" \/>\n<meta name=\"twitter:creator\" content=\"@https:\/\/twitter.com\/RLeinewelle?ref_src=twsrcgoogletwcampserptwgrauthor\" \/>\n<meta name=\"twitter:site\" content=\"@RLeinewelle\" \/>\n<meta name=\"twitter:label1\" content=\"Verfasst von\" \/>\n\t<meta name=\"twitter:data1\" content=\"Leinewelle\" \/>\n\t<meta name=\"twitter:label2\" content=\"Gesch\u00e4tzte Lesezeit\" \/>\n\t<meta name=\"twitter:data2\" content=\"2\u00a0Minuten\" \/>\n<script type=\"application\/ld+json\" class=\"yoast-schema-graph\">{\"@context\":\"https:\\\/\\\/schema.org\",\"@graph\":[{\"@type\":\"Article\",\"@id\":\"https:\\\/\\\/radioleinewelle.de\\\/index.php\\\/2023\\\/08\\\/03\\\/kuenstlerin-der-woche-pj-harvey-i-inside-the-old-i-dying\\\/#article\",\"isPartOf\":{\"@id\":\"https:\\\/\\\/radioleinewelle.de\\\/index.php\\\/2023\\\/08\\\/03\\\/kuenstlerin-der-woche-pj-harvey-i-inside-the-old-i-dying\\\/\"},\"author\":{\"name\":\"Leinewelle\",\"@id\":\"https:\\\/\\\/radioleinewelle.de\\\/#\\\/schema\\\/person\\\/45606f348637df637192dc1b68399a63\"},\"headline\":\"K\u00fcnstlerin der Woche: PJ Harvey &#8211; &#8222;I Inside the Old I Dying&#8220;\",\"datePublished\":\"2023-08-03T11:19:05+00:00\",\"dateModified\":\"2023-08-03T11:19:07+00:00\",\"mainEntityOfPage\":{\"@id\":\"https:\\\/\\\/radioleinewelle.de\\\/index.php\\\/2023\\\/08\\\/03\\\/kuenstlerin-der-woche-pj-harvey-i-inside-the-old-i-dying\\\/\"},\"wordCount\":252,\"commentCount\":0,\"publisher\":{\"@id\":\"https:\\\/\\\/radioleinewelle.de\\\/#organization\"},\"image\":{\"@id\":\"https:\\\/\\\/radioleinewelle.de\\\/index.php\\\/2023\\\/08\\\/03\\\/kuenstlerin-der-woche-pj-harvey-i-inside-the-old-i-dying\\\/#primaryimage\"},\"thumbnailUrl\":\"https:\\\/\\\/radioleinewelle.de\\\/wp-content\\\/uploads\\\/2023\\\/08\\\/PJ-Harvey-2023-Credit-Steve-Gullick-Q8A2378.CR2_.p-e1691061463227.jpg\",\"keywords\":[\"PJ Harvey\"],\"articleSection\":[\"Album der Woche\"],\"inLanguage\":\"de\",\"potentialAction\":[{\"@type\":\"CommentAction\",\"name\":\"Comment\",\"target\":[\"https:\\\/\\\/radioleinewelle.de\\\/index.php\\\/2023\\\/08\\\/03\\\/kuenstlerin-der-woche-pj-harvey-i-inside-the-old-i-dying\\\/#respond\"]}]},{\"@type\":\"WebPage\",\"@id\":\"https:\\\/\\\/radioleinewelle.de\\\/index.php\\\/2023\\\/08\\\/03\\\/kuenstlerin-der-woche-pj-harvey-i-inside-the-old-i-dying\\\/\",\"url\":\"https:\\\/\\\/radioleinewelle.de\\\/index.php\\\/2023\\\/08\\\/03\\\/kuenstlerin-der-woche-pj-harvey-i-inside-the-old-i-dying\\\/\",\"name\":\"K\u00fcnstlerin der Woche: PJ Harvey - \\\"I Inside the Old I Dying\\\" - Radio Leinewelle\",\"isPartOf\":{\"@id\":\"https:\\\/\\\/radioleinewelle.de\\\/#website\"},\"primaryImageOfPage\":{\"@id\":\"https:\\\/\\\/radioleinewelle.de\\\/index.php\\\/2023\\\/08\\\/03\\\/kuenstlerin-der-woche-pj-harvey-i-inside-the-old-i-dying\\\/#primaryimage\"},\"image\":{\"@id\":\"https:\\\/\\\/radioleinewelle.de\\\/index.php\\\/2023\\\/08\\\/03\\\/kuenstlerin-der-woche-pj-harvey-i-inside-the-old-i-dying\\\/#primaryimage\"},\"thumbnailUrl\":\"https:\\\/\\\/radioleinewelle.de\\\/wp-content\\\/uploads\\\/2023\\\/08\\\/PJ-Harvey-2023-Credit-Steve-Gullick-Q8A2378.CR2_.p-e1691061463227.jpg\",\"datePublished\":\"2023-08-03T11:19:05+00:00\",\"dateModified\":\"2023-08-03T11:19:07+00:00\",\"breadcrumb\":{\"@id\":\"https:\\\/\\\/radioleinewelle.de\\\/index.php\\\/2023\\\/08\\\/03\\\/kuenstlerin-der-woche-pj-harvey-i-inside-the-old-i-dying\\\/#breadcrumb\"},\"inLanguage\":\"de\",\"potentialAction\":[{\"@type\":\"ReadAction\",\"target\":[\"https:\\\/\\\/radioleinewelle.de\\\/index.php\\\/2023\\\/08\\\/03\\\/kuenstlerin-der-woche-pj-harvey-i-inside-the-old-i-dying\\\/\"]}]},{\"@type\":\"ImageObject\",\"inLanguage\":\"de\",\"@id\":\"https:\\\/\\\/radioleinewelle.de\\\/index.php\\\/2023\\\/08\\\/03\\\/kuenstlerin-der-woche-pj-harvey-i-inside-the-old-i-dying\\\/#primaryimage\",\"url\":\"https:\\\/\\\/radioleinewelle.de\\\/wp-content\\\/uploads\\\/2023\\\/08\\\/PJ-Harvey-2023-Credit-Steve-Gullick-Q8A2378.CR2_.p-e1691061463227.jpg\",\"contentUrl\":\"https:\\\/\\\/radioleinewelle.de\\\/wp-content\\\/uploads\\\/2023\\\/08\\\/PJ-Harvey-2023-Credit-Steve-Gullick-Q8A2378.CR2_.p-e1691061463227.jpg\",\"width\":1000,\"height\":1500},{\"@type\":\"BreadcrumbList\",\"@id\":\"https:\\\/\\\/radioleinewelle.de\\\/index.php\\\/2023\\\/08\\\/03\\\/kuenstlerin-der-woche-pj-harvey-i-inside-the-old-i-dying\\\/#breadcrumb\",\"itemListElement\":[{\"@type\":\"ListItem\",\"position\":1,\"name\":\"Startseite\",\"item\":\"https:\\\/\\\/radioleinewelle.de\\\/\"},{\"@type\":\"ListItem\",\"position\":2,\"name\":\"K\u00fcnstlerin der Woche: PJ Harvey &#8211; &#8222;I Inside the Old I Dying&#8220;\"}]},{\"@type\":\"WebSite\",\"@id\":\"https:\\\/\\\/radioleinewelle.de\\\/#website\",\"url\":\"https:\\\/\\\/radioleinewelle.de\\\/\",\"name\":\"Radio Leinewelle\",\"description\":\"\",\"publisher\":{\"@id\":\"https:\\\/\\\/radioleinewelle.de\\\/#organization\"},\"potentialAction\":[{\"@type\":\"SearchAction\",\"target\":{\"@type\":\"EntryPoint\",\"urlTemplate\":\"https:\\\/\\\/radioleinewelle.de\\\/?s={search_term_string}\"},\"query-input\":{\"@type\":\"PropertyValueSpecification\",\"valueRequired\":true,\"valueName\":\"search_term_string\"}}],\"inLanguage\":\"de\"},{\"@type\":\"Organization\",\"@id\":\"https:\\\/\\\/radioleinewelle.de\\\/#organization\",\"name\":\"Radio Leinewelle\",\"alternateName\":\"Mein Radio f\u00fcr S\u00fcdniedersachsen\",\"url\":\"https:\\\/\\\/radioleinewelle.de\\\/\",\"logo\":{\"@type\":\"ImageObject\",\"inLanguage\":\"de\",\"@id\":\"https:\\\/\\\/radioleinewelle.de\\\/#\\\/schema\\\/logo\\\/image\\\/\",\"url\":\"https:\\\/\\\/radioleinewelle.de\\\/wp-content\\\/uploads\\\/2023\\\/11\\\/cropped-Leinewelle_Logo_weiss.png\",\"contentUrl\":\"https:\\\/\\\/radioleinewelle.de\\\/wp-content\\\/uploads\\\/2023\\\/11\\\/cropped-Leinewelle_Logo_weiss.png\",\"width\":854,\"height\":260,\"caption\":\"Radio Leinewelle\"},\"image\":{\"@id\":\"https:\\\/\\\/radioleinewelle.de\\\/#\\\/schema\\\/logo\\\/image\\\/\"},\"sameAs\":[\"https:\\\/\\\/www.facebook.com\\\/radioleinewelle\",\"https:\\\/\\\/x.com\\\/RLeinewelle\",\"https:\\\/\\\/www.instagram.com\\\/radioleinewelle\\\/?hl=de\"]},{\"@type\":\"Person\",\"@id\":\"https:\\\/\\\/radioleinewelle.de\\\/#\\\/schema\\\/person\\\/45606f348637df637192dc1b68399a63\",\"name\":\"Leinewelle\",\"image\":{\"@type\":\"ImageObject\",\"inLanguage\":\"de\",\"@id\":\"https:\\\/\\\/secure.gravatar.com\\\/avatar\\\/05c9a17bc973052ee5d91549bd32fb4dd0dc85b7b85ae94b2e2b4943476bbea5?s=96&d=blank&r=g\",\"url\":\"https:\\\/\\\/secure.gravatar.com\\\/avatar\\\/05c9a17bc973052ee5d91549bd32fb4dd0dc85b7b85ae94b2e2b4943476bbea5?s=96&d=blank&r=g\",\"contentUrl\":\"https:\\\/\\\/secure.gravatar.com\\\/avatar\\\/05c9a17bc973052ee5d91549bd32fb4dd0dc85b7b85ae94b2e2b4943476bbea5?s=96&d=blank&r=g\",\"caption\":\"Leinewelle\"},\"sameAs\":[\"http:\\\/\\\/localhost\\\/radio%20leinewelle\\\/wordpress\",\"https:\\\/\\\/www.facebook.com\\\/radioleinewelle\",\"https:\\\/\\\/www.instagram.com\\\/radioleinewelle\",\"https:\\\/\\\/x.com\\\/https:\\\/\\\/twitter.com\\\/RLeinewelle?ref_src=twsrcgoogletwcampserptwgrauthor\",\"https:\\\/\\\/soundcloud.com\\\/foerderverein-lokalradio?utm_source=clipboard&utm_medium=text&utm_campaign=social_sharing\"],\"url\":\"https:\\\/\\\/radioleinewelle.de\\\/index.php\\\/author\\\/leinewelle\\\/\"}]}<\/script>\n<!-- \/ Yoast SEO plugin. -->","yoast_head_json":{"title":"K\u00fcnstlerin der Woche: PJ Harvey - \"I Inside the Old I Dying\" - Radio Leinewelle","robots":{"index":"index","follow":"follow","max-snippet":"max-snippet:-1","max-image-preview":"max-image-preview:large","max-video-preview":"max-video-preview:-1"},"canonical":"https:\/\/radioleinewelle.de\/index.php\/2023\/08\/03\/kuenstlerin-der-woche-pj-harvey-i-inside-the-old-i-dying\/","og_locale":"de_DE","og_type":"article","og_title":"K\u00fcnstlerin der Woche: PJ Harvey - \"I Inside the Old I Dying\" - Radio Leinewelle","og_description":"Es ist mittlerweile das zehnte Studioalbum von PJ Harvey: &#8222;I Inside the Old I Dying&#8220;. Die britische S\u00e4nger, Songwriterin, Lyrikerin und bildende K\u00fcnstler hat sich daf\u00fcr sieben Jahre Zeit gelassen. Nach der Tournee zu &#8222;The Hope Six Demolition Project&#8220; merkte sie, dass sie in diesem endlosen Zyklus von Albenver\u00f6ffentlichungen und Tourneen langsam ihre Kreativit\u00e4t verlor. [&hellip;]","og_url":"https:\/\/radioleinewelle.de\/index.php\/2023\/08\/03\/kuenstlerin-der-woche-pj-harvey-i-inside-the-old-i-dying\/","og_site_name":"Radio Leinewelle","article_publisher":"https:\/\/www.facebook.com\/radioleinewelle","article_author":"https:\/\/www.facebook.com\/radioleinewelle","article_published_time":"2023-08-03T11:19:05+00:00","article_modified_time":"2023-08-03T11:19:07+00:00","og_image":[{"width":683,"height":1024,"url":"https:\/\/radioleinewelle.de\/wp-content\/uploads\/2023\/08\/PJ-Harvey-2023-Credit-Steve-Gullick-Q8A2378.CR2_.p-e1691061463227-683x1024.jpg","type":"image\/jpeg"}],"author":"Leinewelle","twitter_card":"summary_large_image","twitter_creator":"@https:\/\/twitter.com\/RLeinewelle?ref_src=twsrcgoogletwcampserptwgrauthor","twitter_site":"@RLeinewelle","twitter_misc":{"Verfasst von":"Leinewelle","Gesch\u00e4tzte Lesezeit":"2\u00a0Minuten"},"schema":{"@context":"https:\/\/schema.org","@graph":[{"@type":"Article","@id":"https:\/\/radioleinewelle.de\/index.php\/2023\/08\/03\/kuenstlerin-der-woche-pj-harvey-i-inside-the-old-i-dying\/#article","isPartOf":{"@id":"https:\/\/radioleinewelle.de\/index.php\/2023\/08\/03\/kuenstlerin-der-woche-pj-harvey-i-inside-the-old-i-dying\/"},"author":{"name":"Leinewelle","@id":"https:\/\/radioleinewelle.de\/#\/schema\/person\/45606f348637df637192dc1b68399a63"},"headline":"K\u00fcnstlerin der Woche: PJ Harvey &#8211; &#8222;I Inside the Old I Dying&#8220;","datePublished":"2023-08-03T11:19:05+00:00","dateModified":"2023-08-03T11:19:07+00:00","mainEntityOfPage":{"@id":"https:\/\/radioleinewelle.de\/index.php\/2023\/08\/03\/kuenstlerin-der-woche-pj-harvey-i-inside-the-old-i-dying\/"},"wordCount":252,"commentCount":0,"publisher":{"@id":"https:\/\/radioleinewelle.de\/#organization"},"image":{"@id":"https:\/\/radioleinewelle.de\/index.php\/2023\/08\/03\/kuenstlerin-der-woche-pj-harvey-i-inside-the-old-i-dying\/#primaryimage"},"thumbnailUrl":"https:\/\/radioleinewelle.de\/wp-content\/uploads\/2023\/08\/PJ-Harvey-2023-Credit-Steve-Gullick-Q8A2378.CR2_.p-e1691061463227.jpg","keywords":["PJ Harvey"],"articleSection":["Album der Woche"],"inLanguage":"de","potentialAction":[{"@type":"CommentAction","name":"Comment","target":["https:\/\/radioleinewelle.de\/index.php\/2023\/08\/03\/kuenstlerin-der-woche-pj-harvey-i-inside-the-old-i-dying\/#respond"]}]},{"@type":"WebPage","@id":"https:\/\/radioleinewelle.de\/index.php\/2023\/08\/03\/kuenstlerin-der-woche-pj-harvey-i-inside-the-old-i-dying\/","url":"https:\/\/radioleinewelle.de\/index.php\/2023\/08\/03\/kuenstlerin-der-woche-pj-harvey-i-inside-the-old-i-dying\/","name":"K\u00fcnstlerin der Woche: PJ Harvey - \"I Inside the Old I Dying\" - Radio Leinewelle","isPartOf":{"@id":"https:\/\/radioleinewelle.de\/#website"},"primaryImageOfPage":{"@id":"https:\/\/radioleinewelle.de\/index.php\/2023\/08\/03\/kuenstlerin-der-woche-pj-harvey-i-inside-the-old-i-dying\/#primaryimage"},"image":{"@id":"https:\/\/radioleinewelle.de\/index.php\/2023\/08\/03\/kuenstlerin-der-woche-pj-harvey-i-inside-the-old-i-dying\/#primaryimage"},"thumbnailUrl":"https:\/\/radioleinewelle.de\/wp-content\/uploads\/2023\/08\/PJ-Harvey-2023-Credit-Steve-Gullick-Q8A2378.CR2_.p-e1691061463227.jpg","datePublished":"2023-08-03T11:19:05+00:00","dateModified":"2023-08-03T11:19:07+00:00","breadcrumb":{"@id":"https:\/\/radioleinewelle.de\/index.php\/2023\/08\/03\/kuenstlerin-der-woche-pj-harvey-i-inside-the-old-i-dying\/#breadcrumb"},"inLanguage":"de","potentialAction":[{"@type":"ReadAction","target":["https:\/\/radioleinewelle.de\/index.php\/2023\/08\/03\/kuenstlerin-der-woche-pj-harvey-i-inside-the-old-i-dying\/"]}]},{"@type":"ImageObject","inLanguage":"de","@id":"https:\/\/radioleinewelle.de\/index.php\/2023\/08\/03\/kuenstlerin-der-woche-pj-harvey-i-inside-the-old-i-dying\/#primaryimage","url":"https:\/\/radioleinewelle.de\/wp-content\/uploads\/2023\/08\/PJ-Harvey-2023-Credit-Steve-Gullick-Q8A2378.CR2_.p-e1691061463227.jpg","contentUrl":"https:\/\/radioleinewelle.de\/wp-content\/uploads\/2023\/08\/PJ-Harvey-2023-Credit-Steve-Gullick-Q8A2378.CR2_.p-e1691061463227.jpg","width":1000,"height":1500},{"@type":"BreadcrumbList","@id":"https:\/\/radioleinewelle.de\/index.php\/2023\/08\/03\/kuenstlerin-der-woche-pj-harvey-i-inside-the-old-i-dying\/#breadcrumb","itemListElement":[{"@type":"ListItem","position":1,"name":"Startseite","item":"https:\/\/radioleinewelle.de\/"},{"@type":"ListItem","position":2,"name":"K\u00fcnstlerin der Woche: PJ Harvey &#8211; &#8222;I Inside the Old I Dying&#8220;"}]},{"@type":"WebSite","@id":"https:\/\/radioleinewelle.de\/#website","url":"https:\/\/radioleinewelle.de\/","name":"Radio Leinewelle","description":"","publisher":{"@id":"https:\/\/radioleinewelle.de\/#organization"},"potentialAction":[{"@type":"SearchAction","target":{"@type":"EntryPoint","urlTemplate":"https:\/\/radioleinewelle.de\/?s={search_term_string}"},"query-input":{"@type":"PropertyValueSpecification","valueRequired":true,"valueName":"search_term_string"}}],"inLanguage":"de"},{"@type":"Organization","@id":"https:\/\/radioleinewelle.de\/#organization","name":"Radio Leinewelle","alternateName":"Mein Radio f\u00fcr S\u00fcdniedersachsen","url":"https:\/\/radioleinewelle.de\/","logo":{"@type":"ImageObject","inLanguage":"de","@id":"https:\/\/radioleinewelle.de\/#\/schema\/logo\/image\/","url":"https:\/\/radioleinewelle.de\/wp-content\/uploads\/2023\/11\/cropped-Leinewelle_Logo_weiss.png","contentUrl":"https:\/\/radioleinewelle.de\/wp-content\/uploads\/2023\/11\/cropped-Leinewelle_Logo_weiss.png","width":854,"height":260,"caption":"Radio Leinewelle"},"image":{"@id":"https:\/\/radioleinewelle.de\/#\/schema\/logo\/image\/"},"sameAs":["https:\/\/www.facebook.com\/radioleinewelle","https:\/\/x.com\/RLeinewelle","https:\/\/www.instagram.com\/radioleinewelle\/?hl=de"]},{"@type":"Person","@id":"https:\/\/radioleinewelle.de\/#\/schema\/person\/45606f348637df637192dc1b68399a63","name":"Leinewelle","image":{"@type":"ImageObject","inLanguage":"de","@id":"https:\/\/secure.gravatar.com\/avatar\/05c9a17bc973052ee5d91549bd32fb4dd0dc85b7b85ae94b2e2b4943476bbea5?s=96&d=blank&r=g","url":"https:\/\/secure.gravatar.com\/avatar\/05c9a17bc973052ee5d91549bd32fb4dd0dc85b7b85ae94b2e2b4943476bbea5?s=96&d=blank&r=g","contentUrl":"https:\/\/secure.gravatar.com\/avatar\/05c9a17bc973052ee5d91549bd32fb4dd0dc85b7b85ae94b2e2b4943476bbea5?s=96&d=blank&r=g","caption":"Leinewelle"},"sameAs":["http:\/\/localhost\/radio%20leinewelle\/wordpress","https:\/\/www.facebook.com\/radioleinewelle","https:\/\/www.instagram.com\/radioleinewelle","https:\/\/x.com\/https:\/\/twitter.com\/RLeinewelle?ref_src=twsrcgoogletwcampserptwgrauthor","https:\/\/soundcloud.com\/foerderverein-lokalradio?utm_source=clipboard&utm_medium=text&utm_campaign=social_sharing"],"url":"https:\/\/radioleinewelle.de\/index.php\/author\/leinewelle\/"}]}},"_links":{"self":[{"href":"https:\/\/radioleinewelle.de\/index.php\/wp-json\/wp\/v2\/posts\/23050","targetHints":{"allow":["GET"]}}],"collection":[{"href":"https:\/\/radioleinewelle.de\/index.php\/wp-json\/wp\/v2\/posts"}],"about":[{"href":"https:\/\/radioleinewelle.de\/index.php\/wp-json\/wp\/v2\/types\/post"}],"author":[{"embeddable":true,"href":"https:\/\/radioleinewelle.de\/index.php\/wp-json\/wp\/v2\/users\/1"}],"replies":[{"embeddable":true,"href":"https:\/\/radioleinewelle.de\/index.php\/wp-json\/wp\/v2\/comments?post=23050"}],"version-history":[{"count":2,"href":"https:\/\/radioleinewelle.de\/index.php\/wp-json\/wp\/v2\/posts\/23050\/revisions"}],"predecessor-version":[{"id":23053,"href":"https:\/\/radioleinewelle.de\/index.php\/wp-json\/wp\/v2\/posts\/23050\/revisions\/23053"}],"wp:featuredmedia":[{"embeddable":true,"href":"https:\/\/radioleinewelle.de\/index.php\/wp-json\/wp\/v2\/media\/23054"}],"wp:attachment":[{"href":"https:\/\/radioleinewelle.de\/index.php\/wp-json\/wp\/v2\/media?parent=23050"}],"wp:term":[{"taxonomy":"category","embeddable":true,"href":"https:\/\/radioleinewelle.de\/index.php\/wp-json\/wp\/v2\/categories?post=23050"},{"taxonomy":"post_tag","embeddable":true,"href":"https:\/\/radioleinewelle.de\/index.php\/wp-json\/wp\/v2\/tags?post=23050"}],"curies":[{"name":"wp","href":"https:\/\/api.w.org\/{rel}","templated":true}]}}