{"id":2307,"date":"2020-10-13T19:46:42","date_gmt":"2020-10-13T17:46:42","guid":{"rendered":"https:\/\/radioleinewelle.de\/?p=2307"},"modified":"2020-10-13T19:46:42","modified_gmt":"2020-10-13T17:46:42","slug":"samuel-bogumil-linde-preisverleihung-abgesagt","status":"publish","type":"post","link":"https:\/\/radioleinewelle.de\/index.php\/2020\/10\/13\/samuel-bogumil-linde-preisverleihung-abgesagt\/","title":{"rendered":"Samuel-Bogumi\u0142-Linde-Preisverleihung abgesagt"},"content":{"rendered":"<p>Aufgrund der aktuellen Covid19- Entwicklungen in Deutschland und Polen und auf Empfehlung der \u00f6rtlichen Gesundheitsbeh\u00f6rde hat die Stadt G\u00f6ttingen in Abstimmung mit der Partnerstadt Toru\u0144 schweren Herzens beschlossen, die Verleihung des Samuel-Bogumil-Linde-Literaturpreises 2020, die im Rahmen des Literaturherbstes stattfinden sollte, abzusagen.<\/p>\n<p><em>\u201eF\u00fcr die Preistr\u00e4gerinnen tut uns die Absage besonders leid\u201c<\/em>, erkl\u00e4rt Kulturdezernentin und Leiterin des Krisenstabs der Stadt Petra Broistedt in einer Stellungnahme. Die Sicherheit der teilnehmenden G\u00f6ttingerinnen und G\u00f6ttinger sowie der G\u00e4ste, die zum Teil aus dem Ausland sowie der ganzen Bundesrepublik angereist w\u00e4ren, stehe jedoch an erster Stelle. <em>\u201eWir wollen unseren Beitrag dazu leisten, die fortschreitende Verbreitung des Corona-Virus einzud\u00e4mmen\u201c,<\/em> erl\u00e4utert die Dezernentin weiter.<\/p>\n<p>Ob und wie eine Verschiebung der Preisverleihung erfolgen kann, werden die St\u00e4dte G\u00f6ttingen und Toru\u0144 gemeinsam mit dem G\u00f6ttinger Literaturherbst pr\u00fcfen \u2013 ebenso eine alternative Form der W\u00fcrdigung der Preistr\u00e4gerinnen zu einem sp\u00e4teren Zeitpunkt.<\/p>\n<p>Da die Preistr\u00e4gerinnen nicht nach G\u00f6ttingen reisen werden, entf\u00e4llt auch die gemeinsame Lesung beider Autorinnen am Sonnabend, 17. Oktober 2020, um 19 Uhr im Alten Rathaus. Die Auff\u00fchrung des St\u00fccks der Preistr\u00e4gerin Dea Loher im Deutschen Theater \u201eDas Leben auf der Pra\u00e7a Roosevelt\u201c am 16. Oktober 2020 findet wie geplant um 19.45 Uhr statt.<\/p>\n<p><strong>Samuel-Bogumi\u0142-Linde-Literaturpreis 2020<\/strong><br \/>\nDer von den beiden Partnerst\u00e4dten Toru\u0144 in Polen und G\u00f6ttingen gemeinsam gestiftete und zum 25. Mal vergebene Samuel-Bogumi\u0142-Linde-Literaturpreis geht f\u00fcr das Jahr 2020 an die polnische Schriftstellerin und Dramatikerin Dorota Mas\u0142owska und an die deutsche Dramatikerin und Schriftstellerin Dea Loher. Der Preis sollte im Rahmen des 29. G\u00f6ttinger Literaturherbstes am Sonntag, 18. Oktober 2020, um 11 Uhr auf dem Sartorius Campus G\u00f6ttingen in Anwesenheit beider Preistr\u00e4gerinnen sowie einer Delegation aus G\u00f6ttingens Partnerstadt Toru\u0144 verliehen werden. Als Laudator f\u00fcr Dorota Mas\u0142owska hatte Dr. hab. Tomasz Swoboda der Universit\u00e4t Gda\u0144sk\/Danzig sein Kommen zugesagt, die Laudatio auf Dea Loher sollte Prof. Dr. Dorota Sajewska, (Interart Studies, Osteuropa) der Universit\u00e4t Z\u00fcrich halten.<\/p>\n<p>Fotos: Alexander Paul Englert (Dea Loher) \/\u00a0Karol Grygoruk (Dorota Mas\u0142owska)<\/p>\n","protected":false},"excerpt":{"rendered":"<p>Aufgrund der aktuellen Covid19- Entwicklungen in Deutschland und Polen und auf Empfehlung der \u00f6rtlichen Gesundheitsbeh\u00f6rde hat die Stadt G\u00f6ttingen in Abstimmung mit der Partnerstadt Toru\u0144 schweren Herzens beschlossen, die Verleihung des Samuel-Bogumil-Linde-Literaturpreises 2020, die im Rahmen des Literaturherbstes stattfinden sollte, abzusagen. \u201eF\u00fcr die Preistr\u00e4gerinnen tut uns die Absage besonders leid\u201c, erkl\u00e4rt Kulturdezernentin und Leiterin des [&hellip;]<\/p>\n","protected":false},"author":1,"featured_media":0,"comment_status":"closed","ping_status":"closed","sticky":false,"template":"","format":"standard","meta":{"saved_in_kubio":false,"footnotes":""},"categories":[45],"tags":[],"class_list":["post-2307","post","type-post","status-publish","format-standard","hentry","category-kultur"],"yoast_head":"<!-- This site is optimized with the Yoast SEO plugin v27.5 - https:\/\/yoast.com\/product\/yoast-seo-wordpress\/ -->\n<title>Samuel-Bogumi\u0142-Linde-Preisverleihung abgesagt - Radio Leinewelle<\/title>\n<meta name=\"robots\" content=\"index, follow, max-snippet:-1, max-image-preview:large, max-video-preview:-1\" \/>\n<link rel=\"canonical\" href=\"https:\/\/radioleinewelle.de\/index.php\/2020\/10\/13\/samuel-bogumil-linde-preisverleihung-abgesagt\/\" \/>\n<meta property=\"og:locale\" content=\"de_DE\" \/>\n<meta property=\"og:type\" content=\"article\" \/>\n<meta property=\"og:title\" content=\"Samuel-Bogumi\u0142-Linde-Preisverleihung abgesagt - Radio Leinewelle\" \/>\n<meta property=\"og:description\" content=\"Aufgrund der aktuellen Covid19- Entwicklungen in Deutschland und Polen und auf Empfehlung der \u00f6rtlichen Gesundheitsbeh\u00f6rde hat die Stadt G\u00f6ttingen in Abstimmung mit der Partnerstadt Toru\u0144 schweren Herzens beschlossen, die Verleihung des Samuel-Bogumil-Linde-Literaturpreises 2020, die im Rahmen des Literaturherbstes stattfinden sollte, abzusagen. \u201eF\u00fcr die Preistr\u00e4gerinnen tut uns die Absage besonders leid\u201c, erkl\u00e4rt Kulturdezernentin und Leiterin des [&hellip;]\" \/>\n<meta property=\"og:url\" content=\"https:\/\/radioleinewelle.de\/index.php\/2020\/10\/13\/samuel-bogumil-linde-preisverleihung-abgesagt\/\" \/>\n<meta property=\"og:site_name\" content=\"Radio Leinewelle\" \/>\n<meta property=\"article:publisher\" content=\"https:\/\/www.facebook.com\/radioleinewelle\" \/>\n<meta property=\"article:author\" content=\"https:\/\/www.facebook.com\/radioleinewelle\" \/>\n<meta property=\"article:published_time\" content=\"2020-10-13T17:46:42+00:00\" \/>\n<meta name=\"author\" content=\"Leinewelle\" \/>\n<meta name=\"twitter:card\" content=\"summary_large_image\" \/>\n<meta name=\"twitter:creator\" content=\"@https:\/\/twitter.com\/RLeinewelle?ref_src=twsrcgoogletwcampserptwgrauthor\" \/>\n<meta name=\"twitter:site\" content=\"@RLeinewelle\" \/>\n<meta name=\"twitter:label1\" content=\"Verfasst von\" \/>\n\t<meta name=\"twitter:data1\" content=\"Leinewelle\" \/>\n\t<meta name=\"twitter:label2\" content=\"Gesch\u00e4tzte Lesezeit\" \/>\n\t<meta name=\"twitter:data2\" content=\"2\u00a0Minuten\" \/>\n<script type=\"application\/ld+json\" class=\"yoast-schema-graph\">{\"@context\":\"https:\\\/\\\/schema.org\",\"@graph\":[{\"@type\":\"Article\",\"@id\":\"https:\\\/\\\/radioleinewelle.de\\\/index.php\\\/2020\\\/10\\\/13\\\/samuel-bogumil-linde-preisverleihung-abgesagt\\\/#article\",\"isPartOf\":{\"@id\":\"https:\\\/\\\/radioleinewelle.de\\\/index.php\\\/2020\\\/10\\\/13\\\/samuel-bogumil-linde-preisverleihung-abgesagt\\\/\"},\"author\":{\"name\":\"Leinewelle\",\"@id\":\"https:\\\/\\\/radioleinewelle.de\\\/#\\\/schema\\\/person\\\/45606f348637df637192dc1b68399a63\"},\"headline\":\"Samuel-Bogumi\u0142-Linde-Preisverleihung abgesagt\",\"datePublished\":\"2020-10-13T17:46:42+00:00\",\"mainEntityOfPage\":{\"@id\":\"https:\\\/\\\/radioleinewelle.de\\\/index.php\\\/2020\\\/10\\\/13\\\/samuel-bogumil-linde-preisverleihung-abgesagt\\\/\"},\"wordCount\":346,\"publisher\":{\"@id\":\"https:\\\/\\\/radioleinewelle.de\\\/#organization\"},\"articleSection\":[\"Kultur\"],\"inLanguage\":\"de\"},{\"@type\":\"WebPage\",\"@id\":\"https:\\\/\\\/radioleinewelle.de\\\/index.php\\\/2020\\\/10\\\/13\\\/samuel-bogumil-linde-preisverleihung-abgesagt\\\/\",\"url\":\"https:\\\/\\\/radioleinewelle.de\\\/index.php\\\/2020\\\/10\\\/13\\\/samuel-bogumil-linde-preisverleihung-abgesagt\\\/\",\"name\":\"Samuel-Bogumi\u0142-Linde-Preisverleihung abgesagt - Radio Leinewelle\",\"isPartOf\":{\"@id\":\"https:\\\/\\\/radioleinewelle.de\\\/#website\"},\"datePublished\":\"2020-10-13T17:46:42+00:00\",\"breadcrumb\":{\"@id\":\"https:\\\/\\\/radioleinewelle.de\\\/index.php\\\/2020\\\/10\\\/13\\\/samuel-bogumil-linde-preisverleihung-abgesagt\\\/#breadcrumb\"},\"inLanguage\":\"de\",\"potentialAction\":[{\"@type\":\"ReadAction\",\"target\":[\"https:\\\/\\\/radioleinewelle.de\\\/index.php\\\/2020\\\/10\\\/13\\\/samuel-bogumil-linde-preisverleihung-abgesagt\\\/\"]}]},{\"@type\":\"BreadcrumbList\",\"@id\":\"https:\\\/\\\/radioleinewelle.de\\\/index.php\\\/2020\\\/10\\\/13\\\/samuel-bogumil-linde-preisverleihung-abgesagt\\\/#breadcrumb\",\"itemListElement\":[{\"@type\":\"ListItem\",\"position\":1,\"name\":\"Startseite\",\"item\":\"https:\\\/\\\/radioleinewelle.de\\\/\"},{\"@type\":\"ListItem\",\"position\":2,\"name\":\"Samuel-Bogumi\u0142-Linde-Preisverleihung abgesagt\"}]},{\"@type\":\"WebSite\",\"@id\":\"https:\\\/\\\/radioleinewelle.de\\\/#website\",\"url\":\"https:\\\/\\\/radioleinewelle.de\\\/\",\"name\":\"Radio Leinewelle\",\"description\":\"\",\"publisher\":{\"@id\":\"https:\\\/\\\/radioleinewelle.de\\\/#organization\"},\"potentialAction\":[{\"@type\":\"SearchAction\",\"target\":{\"@type\":\"EntryPoint\",\"urlTemplate\":\"https:\\\/\\\/radioleinewelle.de\\\/?s={search_term_string}\"},\"query-input\":{\"@type\":\"PropertyValueSpecification\",\"valueRequired\":true,\"valueName\":\"search_term_string\"}}],\"inLanguage\":\"de\"},{\"@type\":\"Organization\",\"@id\":\"https:\\\/\\\/radioleinewelle.de\\\/#organization\",\"name\":\"Radio Leinewelle\",\"alternateName\":\"Mein Radio f\u00fcr S\u00fcdniedersachsen\",\"url\":\"https:\\\/\\\/radioleinewelle.de\\\/\",\"logo\":{\"@type\":\"ImageObject\",\"inLanguage\":\"de\",\"@id\":\"https:\\\/\\\/radioleinewelle.de\\\/#\\\/schema\\\/logo\\\/image\\\/\",\"url\":\"https:\\\/\\\/radioleinewelle.de\\\/wp-content\\\/uploads\\\/2023\\\/11\\\/cropped-Leinewelle_Logo_weiss.png\",\"contentUrl\":\"https:\\\/\\\/radioleinewelle.de\\\/wp-content\\\/uploads\\\/2023\\\/11\\\/cropped-Leinewelle_Logo_weiss.png\",\"width\":854,\"height\":260,\"caption\":\"Radio Leinewelle\"},\"image\":{\"@id\":\"https:\\\/\\\/radioleinewelle.de\\\/#\\\/schema\\\/logo\\\/image\\\/\"},\"sameAs\":[\"https:\\\/\\\/www.facebook.com\\\/radioleinewelle\",\"https:\\\/\\\/x.com\\\/RLeinewelle\",\"https:\\\/\\\/www.instagram.com\\\/radioleinewelle\\\/?hl=de\"]},{\"@type\":\"Person\",\"@id\":\"https:\\\/\\\/radioleinewelle.de\\\/#\\\/schema\\\/person\\\/45606f348637df637192dc1b68399a63\",\"name\":\"Leinewelle\",\"image\":{\"@type\":\"ImageObject\",\"inLanguage\":\"de\",\"@id\":\"https:\\\/\\\/secure.gravatar.com\\\/avatar\\\/05c9a17bc973052ee5d91549bd32fb4dd0dc85b7b85ae94b2e2b4943476bbea5?s=96&d=blank&r=g\",\"url\":\"https:\\\/\\\/secure.gravatar.com\\\/avatar\\\/05c9a17bc973052ee5d91549bd32fb4dd0dc85b7b85ae94b2e2b4943476bbea5?s=96&d=blank&r=g\",\"contentUrl\":\"https:\\\/\\\/secure.gravatar.com\\\/avatar\\\/05c9a17bc973052ee5d91549bd32fb4dd0dc85b7b85ae94b2e2b4943476bbea5?s=96&d=blank&r=g\",\"caption\":\"Leinewelle\"},\"sameAs\":[\"http:\\\/\\\/localhost\\\/radio%20leinewelle\\\/wordpress\",\"https:\\\/\\\/www.facebook.com\\\/radioleinewelle\",\"https:\\\/\\\/www.instagram.com\\\/radioleinewelle\",\"https:\\\/\\\/x.com\\\/https:\\\/\\\/twitter.com\\\/RLeinewelle?ref_src=twsrcgoogletwcampserptwgrauthor\",\"https:\\\/\\\/soundcloud.com\\\/foerderverein-lokalradio?utm_source=clipboard&utm_medium=text&utm_campaign=social_sharing\"],\"url\":\"https:\\\/\\\/radioleinewelle.de\\\/index.php\\\/author\\\/leinewelle\\\/\"}]}<\/script>\n<!-- \/ Yoast SEO plugin. -->","yoast_head_json":{"title":"Samuel-Bogumi\u0142-Linde-Preisverleihung abgesagt - Radio Leinewelle","robots":{"index":"index","follow":"follow","max-snippet":"max-snippet:-1","max-image-preview":"max-image-preview:large","max-video-preview":"max-video-preview:-1"},"canonical":"https:\/\/radioleinewelle.de\/index.php\/2020\/10\/13\/samuel-bogumil-linde-preisverleihung-abgesagt\/","og_locale":"de_DE","og_type":"article","og_title":"Samuel-Bogumi\u0142-Linde-Preisverleihung abgesagt - Radio Leinewelle","og_description":"Aufgrund der aktuellen Covid19- Entwicklungen in Deutschland und Polen und auf Empfehlung der \u00f6rtlichen Gesundheitsbeh\u00f6rde hat die Stadt G\u00f6ttingen in Abstimmung mit der Partnerstadt Toru\u0144 schweren Herzens beschlossen, die Verleihung des Samuel-Bogumil-Linde-Literaturpreises 2020, die im Rahmen des Literaturherbstes stattfinden sollte, abzusagen. \u201eF\u00fcr die Preistr\u00e4gerinnen tut uns die Absage besonders leid\u201c, erkl\u00e4rt Kulturdezernentin und Leiterin des [&hellip;]","og_url":"https:\/\/radioleinewelle.de\/index.php\/2020\/10\/13\/samuel-bogumil-linde-preisverleihung-abgesagt\/","og_site_name":"Radio Leinewelle","article_publisher":"https:\/\/www.facebook.com\/radioleinewelle","article_author":"https:\/\/www.facebook.com\/radioleinewelle","article_published_time":"2020-10-13T17:46:42+00:00","author":"Leinewelle","twitter_card":"summary_large_image","twitter_creator":"@https:\/\/twitter.com\/RLeinewelle?ref_src=twsrcgoogletwcampserptwgrauthor","twitter_site":"@RLeinewelle","twitter_misc":{"Verfasst von":"Leinewelle","Gesch\u00e4tzte Lesezeit":"2\u00a0Minuten"},"schema":{"@context":"https:\/\/schema.org","@graph":[{"@type":"Article","@id":"https:\/\/radioleinewelle.de\/index.php\/2020\/10\/13\/samuel-bogumil-linde-preisverleihung-abgesagt\/#article","isPartOf":{"@id":"https:\/\/radioleinewelle.de\/index.php\/2020\/10\/13\/samuel-bogumil-linde-preisverleihung-abgesagt\/"},"author":{"name":"Leinewelle","@id":"https:\/\/radioleinewelle.de\/#\/schema\/person\/45606f348637df637192dc1b68399a63"},"headline":"Samuel-Bogumi\u0142-Linde-Preisverleihung abgesagt","datePublished":"2020-10-13T17:46:42+00:00","mainEntityOfPage":{"@id":"https:\/\/radioleinewelle.de\/index.php\/2020\/10\/13\/samuel-bogumil-linde-preisverleihung-abgesagt\/"},"wordCount":346,"publisher":{"@id":"https:\/\/radioleinewelle.de\/#organization"},"articleSection":["Kultur"],"inLanguage":"de"},{"@type":"WebPage","@id":"https:\/\/radioleinewelle.de\/index.php\/2020\/10\/13\/samuel-bogumil-linde-preisverleihung-abgesagt\/","url":"https:\/\/radioleinewelle.de\/index.php\/2020\/10\/13\/samuel-bogumil-linde-preisverleihung-abgesagt\/","name":"Samuel-Bogumi\u0142-Linde-Preisverleihung abgesagt - Radio Leinewelle","isPartOf":{"@id":"https:\/\/radioleinewelle.de\/#website"},"datePublished":"2020-10-13T17:46:42+00:00","breadcrumb":{"@id":"https:\/\/radioleinewelle.de\/index.php\/2020\/10\/13\/samuel-bogumil-linde-preisverleihung-abgesagt\/#breadcrumb"},"inLanguage":"de","potentialAction":[{"@type":"ReadAction","target":["https:\/\/radioleinewelle.de\/index.php\/2020\/10\/13\/samuel-bogumil-linde-preisverleihung-abgesagt\/"]}]},{"@type":"BreadcrumbList","@id":"https:\/\/radioleinewelle.de\/index.php\/2020\/10\/13\/samuel-bogumil-linde-preisverleihung-abgesagt\/#breadcrumb","itemListElement":[{"@type":"ListItem","position":1,"name":"Startseite","item":"https:\/\/radioleinewelle.de\/"},{"@type":"ListItem","position":2,"name":"Samuel-Bogumi\u0142-Linde-Preisverleihung abgesagt"}]},{"@type":"WebSite","@id":"https:\/\/radioleinewelle.de\/#website","url":"https:\/\/radioleinewelle.de\/","name":"Radio Leinewelle","description":"","publisher":{"@id":"https:\/\/radioleinewelle.de\/#organization"},"potentialAction":[{"@type":"SearchAction","target":{"@type":"EntryPoint","urlTemplate":"https:\/\/radioleinewelle.de\/?s={search_term_string}"},"query-input":{"@type":"PropertyValueSpecification","valueRequired":true,"valueName":"search_term_string"}}],"inLanguage":"de"},{"@type":"Organization","@id":"https:\/\/radioleinewelle.de\/#organization","name":"Radio Leinewelle","alternateName":"Mein Radio f\u00fcr S\u00fcdniedersachsen","url":"https:\/\/radioleinewelle.de\/","logo":{"@type":"ImageObject","inLanguage":"de","@id":"https:\/\/radioleinewelle.de\/#\/schema\/logo\/image\/","url":"https:\/\/radioleinewelle.de\/wp-content\/uploads\/2023\/11\/cropped-Leinewelle_Logo_weiss.png","contentUrl":"https:\/\/radioleinewelle.de\/wp-content\/uploads\/2023\/11\/cropped-Leinewelle_Logo_weiss.png","width":854,"height":260,"caption":"Radio Leinewelle"},"image":{"@id":"https:\/\/radioleinewelle.de\/#\/schema\/logo\/image\/"},"sameAs":["https:\/\/www.facebook.com\/radioleinewelle","https:\/\/x.com\/RLeinewelle","https:\/\/www.instagram.com\/radioleinewelle\/?hl=de"]},{"@type":"Person","@id":"https:\/\/radioleinewelle.de\/#\/schema\/person\/45606f348637df637192dc1b68399a63","name":"Leinewelle","image":{"@type":"ImageObject","inLanguage":"de","@id":"https:\/\/secure.gravatar.com\/avatar\/05c9a17bc973052ee5d91549bd32fb4dd0dc85b7b85ae94b2e2b4943476bbea5?s=96&d=blank&r=g","url":"https:\/\/secure.gravatar.com\/avatar\/05c9a17bc973052ee5d91549bd32fb4dd0dc85b7b85ae94b2e2b4943476bbea5?s=96&d=blank&r=g","contentUrl":"https:\/\/secure.gravatar.com\/avatar\/05c9a17bc973052ee5d91549bd32fb4dd0dc85b7b85ae94b2e2b4943476bbea5?s=96&d=blank&r=g","caption":"Leinewelle"},"sameAs":["http:\/\/localhost\/radio%20leinewelle\/wordpress","https:\/\/www.facebook.com\/radioleinewelle","https:\/\/www.instagram.com\/radioleinewelle","https:\/\/x.com\/https:\/\/twitter.com\/RLeinewelle?ref_src=twsrcgoogletwcampserptwgrauthor","https:\/\/soundcloud.com\/foerderverein-lokalradio?utm_source=clipboard&utm_medium=text&utm_campaign=social_sharing"],"url":"https:\/\/radioleinewelle.de\/index.php\/author\/leinewelle\/"}]}},"_links":{"self":[{"href":"https:\/\/radioleinewelle.de\/index.php\/wp-json\/wp\/v2\/posts\/2307","targetHints":{"allow":["GET"]}}],"collection":[{"href":"https:\/\/radioleinewelle.de\/index.php\/wp-json\/wp\/v2\/posts"}],"about":[{"href":"https:\/\/radioleinewelle.de\/index.php\/wp-json\/wp\/v2\/types\/post"}],"author":[{"embeddable":true,"href":"https:\/\/radioleinewelle.de\/index.php\/wp-json\/wp\/v2\/users\/1"}],"replies":[{"embeddable":true,"href":"https:\/\/radioleinewelle.de\/index.php\/wp-json\/wp\/v2\/comments?post=2307"}],"version-history":[{"count":0,"href":"https:\/\/radioleinewelle.de\/index.php\/wp-json\/wp\/v2\/posts\/2307\/revisions"}],"wp:attachment":[{"href":"https:\/\/radioleinewelle.de\/index.php\/wp-json\/wp\/v2\/media?parent=2307"}],"wp:term":[{"taxonomy":"category","embeddable":true,"href":"https:\/\/radioleinewelle.de\/index.php\/wp-json\/wp\/v2\/categories?post=2307"},{"taxonomy":"post_tag","embeddable":true,"href":"https:\/\/radioleinewelle.de\/index.php\/wp-json\/wp\/v2\/tags?post=2307"}],"curies":[{"name":"wp","href":"https:\/\/api.w.org\/{rel}","templated":true}]}}