{"id":2311,"date":"2020-10-14T07:52:20","date_gmt":"2020-10-14T05:52:20","guid":{"rendered":"https:\/\/radioleinewelle.de\/?p=2311"},"modified":"2020-10-14T07:52:20","modified_gmt":"2020-10-14T05:52:20","slug":"ausbau-des-radschnellweges-im-leineviertel","status":"publish","type":"post","link":"https:\/\/radioleinewelle.de\/index.php\/2020\/10\/14\/ausbau-des-radschnellweges-im-leineviertel\/","title":{"rendered":"Ausbau des Radschnellweges im &#8222;Leineviertel&#8220;"},"content":{"rendered":"<p>Heute beginnen die Arbeiten zum weiteren Ausbau des Radschnellweges im G\u00f6ttinger &#8222;Leineviertel&#8220;. Die Bauarbeiten erfolgen in zwei Bauabschnitten. Der erste Abschnitt sieht den Bau des Minikreisverkehrs am Schiefer Weg und parallel des Fu\u00dfg\u00e4nger\u00fcberweges im Rosdorfer Weg vor. Anschlie\u00dfend folgt im zweiten Bauabschnitt die Umgestaltung der Einm\u00fcndungsbereiche Am Gartetalbahnhof \/ Am Hasengraben und Leinestra\u00dfe \/ Eisenbahnstra\u00dfe. Die Ma\u00dfnahme wird voraussichtlich am Freitag, 18. Dezember 2020, beendet sein.<\/p>\n<p>Unter Vollsperrung des Kfz-Verkehrs werden sowohl der Minikreisverkehr am Schiefer Weg als auch die Stra\u00dfenecke Am Hasengraben \/Am Gartetalbahnhof gebaut. F\u00fcr den Ausbau des Fahrbahnbereiches Leinestra\u00dfe \/ Eisenbahnstra\u00dfe ist die Sperrung des s\u00fcdlichen Abschnittes der Leinestra\u00dfe erforderlich. Umleitungen sind ausgeschildert.<\/p>\n<p>Der Verkehr in der Eisenbahnstra\u00dfe bleibt \u00fcber die gesamte Bauzeit aufrechterhalten.<\/p>\n<p>F\u00fcr die Markierungsarbeiten im Stra\u00dfenzug &#8222;Gartetalbahnhof, Leinestra\u00dfe, Eisenbahnstra\u00dfe&#8220; muss f\u00fcr zwei Tage ein Parkverbot eingerichtet werden. Die Einwohner werden rechtzeitig \u00fcber die Einschr\u00e4nkung informiert.<\/p>\n<p><strong>Fu\u00df- und Radwege<\/strong><br \/>\nW\u00e4hrend des Baus des Fu\u00dfg\u00e4nger\u00fcberweges am Rosdorfer Weg muss die Wegverbindung \u00f6stlich der Leine gesperrt werden. Radfahrer*innen und Fu\u00dfg\u00e4nger*innen aus n\u00f6rdlicher Richtung werden auf die andere Seite der Leine gef\u00fchrt. Aus s\u00fcdlicher Richtung ist dagegen eine F\u00fchrung \u00fcber die Leinestra\u00dfe und die Ulrike-von-Heynitz Stra\u00dfe vorgesehen.<\/p>\n<p>Die Ma\u00dfnahme ist ein weiterer Abschnitt des Radschnellweges zwischen dem Bahnhof G\u00f6ttingen und der Gemeinde Rosdorf.<\/p>\n","protected":false},"excerpt":{"rendered":"<p>Heute beginnen die Arbeiten zum weiteren Ausbau des Radschnellweges im G\u00f6ttinger &#8222;Leineviertel&#8220;. Die Bauarbeiten erfolgen in zwei Bauabschnitten. Der erste Abschnitt sieht den Bau des Minikreisverkehrs am Schiefer Weg und parallel des Fu\u00dfg\u00e4nger\u00fcberweges im Rosdorfer Weg vor. Anschlie\u00dfend folgt im zweiten Bauabschnitt die Umgestaltung der Einm\u00fcndungsbereiche Am Gartetalbahnhof \/ Am Hasengraben und Leinestra\u00dfe \/ Eisenbahnstra\u00dfe. [&hellip;]<\/p>\n","protected":false},"author":1,"featured_media":2312,"comment_status":"closed","ping_status":"closed","sticky":false,"template":"","format":"standard","meta":{"saved_in_kubio":false,"footnotes":""},"categories":[31],"tags":[],"class_list":["post-2311","post","type-post","status-publish","format-standard","has-post-thumbnail","hentry","category-bauen-verkehr"],"yoast_head":"<!-- This site is optimized with the Yoast SEO plugin v27.5 - https:\/\/yoast.com\/product\/yoast-seo-wordpress\/ -->\n<title>Ausbau des Radschnellweges im &quot;Leineviertel&quot; - Radio Leinewelle<\/title>\n<meta name=\"robots\" content=\"index, follow, max-snippet:-1, max-image-preview:large, max-video-preview:-1\" \/>\n<link rel=\"canonical\" href=\"https:\/\/radioleinewelle.de\/index.php\/2020\/10\/14\/ausbau-des-radschnellweges-im-leineviertel\/\" \/>\n<meta property=\"og:locale\" content=\"de_DE\" \/>\n<meta property=\"og:type\" content=\"article\" \/>\n<meta property=\"og:title\" content=\"Ausbau des Radschnellweges im &quot;Leineviertel&quot; - Radio Leinewelle\" \/>\n<meta property=\"og:description\" content=\"Heute beginnen die Arbeiten zum weiteren Ausbau des Radschnellweges im G\u00f6ttinger &#8222;Leineviertel&#8220;. Die Bauarbeiten erfolgen in zwei Bauabschnitten. Der erste Abschnitt sieht den Bau des Minikreisverkehrs am Schiefer Weg und parallel des Fu\u00dfg\u00e4nger\u00fcberweges im Rosdorfer Weg vor. Anschlie\u00dfend folgt im zweiten Bauabschnitt die Umgestaltung der Einm\u00fcndungsbereiche Am Gartetalbahnhof \/ Am Hasengraben und Leinestra\u00dfe \/ Eisenbahnstra\u00dfe. [&hellip;]\" \/>\n<meta property=\"og:url\" content=\"https:\/\/radioleinewelle.de\/index.php\/2020\/10\/14\/ausbau-des-radschnellweges-im-leineviertel\/\" \/>\n<meta property=\"og:site_name\" content=\"Radio Leinewelle\" \/>\n<meta property=\"article:publisher\" content=\"https:\/\/www.facebook.com\/radioleinewelle\" \/>\n<meta property=\"article:author\" content=\"https:\/\/www.facebook.com\/radioleinewelle\" \/>\n<meta property=\"article:published_time\" content=\"2020-10-14T05:52:20+00:00\" \/>\n<meta property=\"og:image\" content=\"https:\/\/radioleinewelle.de\/wp-content\/uploads\/2020\/10\/Radweg.jpg\" \/>\n\t<meta property=\"og:image:width\" content=\"1280\" \/>\n\t<meta property=\"og:image:height\" content=\"851\" \/>\n\t<meta property=\"og:image:type\" content=\"image\/jpeg\" \/>\n<meta name=\"author\" content=\"Leinewelle\" \/>\n<meta name=\"twitter:card\" content=\"summary_large_image\" \/>\n<meta name=\"twitter:creator\" content=\"@https:\/\/twitter.com\/RLeinewelle?ref_src=twsrcgoogletwcampserptwgrauthor\" \/>\n<meta name=\"twitter:site\" content=\"@RLeinewelle\" \/>\n<meta name=\"twitter:label1\" content=\"Verfasst von\" \/>\n\t<meta name=\"twitter:data1\" content=\"Leinewelle\" \/>\n\t<meta name=\"twitter:label2\" content=\"Gesch\u00e4tzte Lesezeit\" \/>\n\t<meta name=\"twitter:data2\" content=\"1\u00a0Minute\" \/>\n<script type=\"application\/ld+json\" class=\"yoast-schema-graph\">{\"@context\":\"https:\\\/\\\/schema.org\",\"@graph\":[{\"@type\":\"Article\",\"@id\":\"https:\\\/\\\/radioleinewelle.de\\\/index.php\\\/2020\\\/10\\\/14\\\/ausbau-des-radschnellweges-im-leineviertel\\\/#article\",\"isPartOf\":{\"@id\":\"https:\\\/\\\/radioleinewelle.de\\\/index.php\\\/2020\\\/10\\\/14\\\/ausbau-des-radschnellweges-im-leineviertel\\\/\"},\"author\":{\"name\":\"Leinewelle\",\"@id\":\"https:\\\/\\\/radioleinewelle.de\\\/#\\\/schema\\\/person\\\/45606f348637df637192dc1b68399a63\"},\"headline\":\"Ausbau des Radschnellweges im &#8222;Leineviertel&#8220;\",\"datePublished\":\"2020-10-14T05:52:20+00:00\",\"mainEntityOfPage\":{\"@id\":\"https:\\\/\\\/radioleinewelle.de\\\/index.php\\\/2020\\\/10\\\/14\\\/ausbau-des-radschnellweges-im-leineviertel\\\/\"},\"wordCount\":244,\"publisher\":{\"@id\":\"https:\\\/\\\/radioleinewelle.de\\\/#organization\"},\"image\":{\"@id\":\"https:\\\/\\\/radioleinewelle.de\\\/index.php\\\/2020\\\/10\\\/14\\\/ausbau-des-radschnellweges-im-leineviertel\\\/#primaryimage\"},\"thumbnailUrl\":\"https:\\\/\\\/radioleinewelle.de\\\/wp-content\\\/uploads\\\/2020\\\/10\\\/Radweg.jpg\",\"articleSection\":[\"Bauen &amp; Verkehr\"],\"inLanguage\":\"de\"},{\"@type\":\"WebPage\",\"@id\":\"https:\\\/\\\/radioleinewelle.de\\\/index.php\\\/2020\\\/10\\\/14\\\/ausbau-des-radschnellweges-im-leineviertel\\\/\",\"url\":\"https:\\\/\\\/radioleinewelle.de\\\/index.php\\\/2020\\\/10\\\/14\\\/ausbau-des-radschnellweges-im-leineviertel\\\/\",\"name\":\"Ausbau des Radschnellweges im \\\"Leineviertel\\\" - Radio Leinewelle\",\"isPartOf\":{\"@id\":\"https:\\\/\\\/radioleinewelle.de\\\/#website\"},\"primaryImageOfPage\":{\"@id\":\"https:\\\/\\\/radioleinewelle.de\\\/index.php\\\/2020\\\/10\\\/14\\\/ausbau-des-radschnellweges-im-leineviertel\\\/#primaryimage\"},\"image\":{\"@id\":\"https:\\\/\\\/radioleinewelle.de\\\/index.php\\\/2020\\\/10\\\/14\\\/ausbau-des-radschnellweges-im-leineviertel\\\/#primaryimage\"},\"thumbnailUrl\":\"https:\\\/\\\/radioleinewelle.de\\\/wp-content\\\/uploads\\\/2020\\\/10\\\/Radweg.jpg\",\"datePublished\":\"2020-10-14T05:52:20+00:00\",\"breadcrumb\":{\"@id\":\"https:\\\/\\\/radioleinewelle.de\\\/index.php\\\/2020\\\/10\\\/14\\\/ausbau-des-radschnellweges-im-leineviertel\\\/#breadcrumb\"},\"inLanguage\":\"de\",\"potentialAction\":[{\"@type\":\"ReadAction\",\"target\":[\"https:\\\/\\\/radioleinewelle.de\\\/index.php\\\/2020\\\/10\\\/14\\\/ausbau-des-radschnellweges-im-leineviertel\\\/\"]}]},{\"@type\":\"ImageObject\",\"inLanguage\":\"de\",\"@id\":\"https:\\\/\\\/radioleinewelle.de\\\/index.php\\\/2020\\\/10\\\/14\\\/ausbau-des-radschnellweges-im-leineviertel\\\/#primaryimage\",\"url\":\"https:\\\/\\\/radioleinewelle.de\\\/wp-content\\\/uploads\\\/2020\\\/10\\\/Radweg.jpg\",\"contentUrl\":\"https:\\\/\\\/radioleinewelle.de\\\/wp-content\\\/uploads\\\/2020\\\/10\\\/Radweg.jpg\",\"width\":1280,\"height\":851},{\"@type\":\"BreadcrumbList\",\"@id\":\"https:\\\/\\\/radioleinewelle.de\\\/index.php\\\/2020\\\/10\\\/14\\\/ausbau-des-radschnellweges-im-leineviertel\\\/#breadcrumb\",\"itemListElement\":[{\"@type\":\"ListItem\",\"position\":1,\"name\":\"Startseite\",\"item\":\"https:\\\/\\\/radioleinewelle.de\\\/\"},{\"@type\":\"ListItem\",\"position\":2,\"name\":\"Ausbau des Radschnellweges im &#8222;Leineviertel&#8220;\"}]},{\"@type\":\"WebSite\",\"@id\":\"https:\\\/\\\/radioleinewelle.de\\\/#website\",\"url\":\"https:\\\/\\\/radioleinewelle.de\\\/\",\"name\":\"Radio Leinewelle\",\"description\":\"\",\"publisher\":{\"@id\":\"https:\\\/\\\/radioleinewelle.de\\\/#organization\"},\"potentialAction\":[{\"@type\":\"SearchAction\",\"target\":{\"@type\":\"EntryPoint\",\"urlTemplate\":\"https:\\\/\\\/radioleinewelle.de\\\/?s={search_term_string}\"},\"query-input\":{\"@type\":\"PropertyValueSpecification\",\"valueRequired\":true,\"valueName\":\"search_term_string\"}}],\"inLanguage\":\"de\"},{\"@type\":\"Organization\",\"@id\":\"https:\\\/\\\/radioleinewelle.de\\\/#organization\",\"name\":\"Radio Leinewelle\",\"alternateName\":\"Mein Radio f\u00fcr S\u00fcdniedersachsen\",\"url\":\"https:\\\/\\\/radioleinewelle.de\\\/\",\"logo\":{\"@type\":\"ImageObject\",\"inLanguage\":\"de\",\"@id\":\"https:\\\/\\\/radioleinewelle.de\\\/#\\\/schema\\\/logo\\\/image\\\/\",\"url\":\"https:\\\/\\\/radioleinewelle.de\\\/wp-content\\\/uploads\\\/2023\\\/11\\\/cropped-Leinewelle_Logo_weiss.png\",\"contentUrl\":\"https:\\\/\\\/radioleinewelle.de\\\/wp-content\\\/uploads\\\/2023\\\/11\\\/cropped-Leinewelle_Logo_weiss.png\",\"width\":854,\"height\":260,\"caption\":\"Radio Leinewelle\"},\"image\":{\"@id\":\"https:\\\/\\\/radioleinewelle.de\\\/#\\\/schema\\\/logo\\\/image\\\/\"},\"sameAs\":[\"https:\\\/\\\/www.facebook.com\\\/radioleinewelle\",\"https:\\\/\\\/x.com\\\/RLeinewelle\",\"https:\\\/\\\/www.instagram.com\\\/radioleinewelle\\\/?hl=de\"]},{\"@type\":\"Person\",\"@id\":\"https:\\\/\\\/radioleinewelle.de\\\/#\\\/schema\\\/person\\\/45606f348637df637192dc1b68399a63\",\"name\":\"Leinewelle\",\"image\":{\"@type\":\"ImageObject\",\"inLanguage\":\"de\",\"@id\":\"https:\\\/\\\/secure.gravatar.com\\\/avatar\\\/05c9a17bc973052ee5d91549bd32fb4dd0dc85b7b85ae94b2e2b4943476bbea5?s=96&d=blank&r=g\",\"url\":\"https:\\\/\\\/secure.gravatar.com\\\/avatar\\\/05c9a17bc973052ee5d91549bd32fb4dd0dc85b7b85ae94b2e2b4943476bbea5?s=96&d=blank&r=g\",\"contentUrl\":\"https:\\\/\\\/secure.gravatar.com\\\/avatar\\\/05c9a17bc973052ee5d91549bd32fb4dd0dc85b7b85ae94b2e2b4943476bbea5?s=96&d=blank&r=g\",\"caption\":\"Leinewelle\"},\"sameAs\":[\"http:\\\/\\\/localhost\\\/radio%20leinewelle\\\/wordpress\",\"https:\\\/\\\/www.facebook.com\\\/radioleinewelle\",\"https:\\\/\\\/www.instagram.com\\\/radioleinewelle\",\"https:\\\/\\\/x.com\\\/https:\\\/\\\/twitter.com\\\/RLeinewelle?ref_src=twsrcgoogletwcampserptwgrauthor\",\"https:\\\/\\\/soundcloud.com\\\/foerderverein-lokalradio?utm_source=clipboard&utm_medium=text&utm_campaign=social_sharing\"],\"url\":\"https:\\\/\\\/radioleinewelle.de\\\/index.php\\\/author\\\/leinewelle\\\/\"}]}<\/script>\n<!-- \/ Yoast SEO plugin. -->","yoast_head_json":{"title":"Ausbau des Radschnellweges im \"Leineviertel\" - Radio Leinewelle","robots":{"index":"index","follow":"follow","max-snippet":"max-snippet:-1","max-image-preview":"max-image-preview:large","max-video-preview":"max-video-preview:-1"},"canonical":"https:\/\/radioleinewelle.de\/index.php\/2020\/10\/14\/ausbau-des-radschnellweges-im-leineviertel\/","og_locale":"de_DE","og_type":"article","og_title":"Ausbau des Radschnellweges im \"Leineviertel\" - Radio Leinewelle","og_description":"Heute beginnen die Arbeiten zum weiteren Ausbau des Radschnellweges im G\u00f6ttinger &#8222;Leineviertel&#8220;. Die Bauarbeiten erfolgen in zwei Bauabschnitten. Der erste Abschnitt sieht den Bau des Minikreisverkehrs am Schiefer Weg und parallel des Fu\u00dfg\u00e4nger\u00fcberweges im Rosdorfer Weg vor. Anschlie\u00dfend folgt im zweiten Bauabschnitt die Umgestaltung der Einm\u00fcndungsbereiche Am Gartetalbahnhof \/ Am Hasengraben und Leinestra\u00dfe \/ Eisenbahnstra\u00dfe. [&hellip;]","og_url":"https:\/\/radioleinewelle.de\/index.php\/2020\/10\/14\/ausbau-des-radschnellweges-im-leineviertel\/","og_site_name":"Radio Leinewelle","article_publisher":"https:\/\/www.facebook.com\/radioleinewelle","article_author":"https:\/\/www.facebook.com\/radioleinewelle","article_published_time":"2020-10-14T05:52:20+00:00","og_image":[{"width":1280,"height":851,"url":"https:\/\/radioleinewelle.de\/wp-content\/uploads\/2020\/10\/Radweg.jpg","type":"image\/jpeg"}],"author":"Leinewelle","twitter_card":"summary_large_image","twitter_creator":"@https:\/\/twitter.com\/RLeinewelle?ref_src=twsrcgoogletwcampserptwgrauthor","twitter_site":"@RLeinewelle","twitter_misc":{"Verfasst von":"Leinewelle","Gesch\u00e4tzte Lesezeit":"1\u00a0Minute"},"schema":{"@context":"https:\/\/schema.org","@graph":[{"@type":"Article","@id":"https:\/\/radioleinewelle.de\/index.php\/2020\/10\/14\/ausbau-des-radschnellweges-im-leineviertel\/#article","isPartOf":{"@id":"https:\/\/radioleinewelle.de\/index.php\/2020\/10\/14\/ausbau-des-radschnellweges-im-leineviertel\/"},"author":{"name":"Leinewelle","@id":"https:\/\/radioleinewelle.de\/#\/schema\/person\/45606f348637df637192dc1b68399a63"},"headline":"Ausbau des Radschnellweges im &#8222;Leineviertel&#8220;","datePublished":"2020-10-14T05:52:20+00:00","mainEntityOfPage":{"@id":"https:\/\/radioleinewelle.de\/index.php\/2020\/10\/14\/ausbau-des-radschnellweges-im-leineviertel\/"},"wordCount":244,"publisher":{"@id":"https:\/\/radioleinewelle.de\/#organization"},"image":{"@id":"https:\/\/radioleinewelle.de\/index.php\/2020\/10\/14\/ausbau-des-radschnellweges-im-leineviertel\/#primaryimage"},"thumbnailUrl":"https:\/\/radioleinewelle.de\/wp-content\/uploads\/2020\/10\/Radweg.jpg","articleSection":["Bauen &amp; Verkehr"],"inLanguage":"de"},{"@type":"WebPage","@id":"https:\/\/radioleinewelle.de\/index.php\/2020\/10\/14\/ausbau-des-radschnellweges-im-leineviertel\/","url":"https:\/\/radioleinewelle.de\/index.php\/2020\/10\/14\/ausbau-des-radschnellweges-im-leineviertel\/","name":"Ausbau des Radschnellweges im \"Leineviertel\" - Radio Leinewelle","isPartOf":{"@id":"https:\/\/radioleinewelle.de\/#website"},"primaryImageOfPage":{"@id":"https:\/\/radioleinewelle.de\/index.php\/2020\/10\/14\/ausbau-des-radschnellweges-im-leineviertel\/#primaryimage"},"image":{"@id":"https:\/\/radioleinewelle.de\/index.php\/2020\/10\/14\/ausbau-des-radschnellweges-im-leineviertel\/#primaryimage"},"thumbnailUrl":"https:\/\/radioleinewelle.de\/wp-content\/uploads\/2020\/10\/Radweg.jpg","datePublished":"2020-10-14T05:52:20+00:00","breadcrumb":{"@id":"https:\/\/radioleinewelle.de\/index.php\/2020\/10\/14\/ausbau-des-radschnellweges-im-leineviertel\/#breadcrumb"},"inLanguage":"de","potentialAction":[{"@type":"ReadAction","target":["https:\/\/radioleinewelle.de\/index.php\/2020\/10\/14\/ausbau-des-radschnellweges-im-leineviertel\/"]}]},{"@type":"ImageObject","inLanguage":"de","@id":"https:\/\/radioleinewelle.de\/index.php\/2020\/10\/14\/ausbau-des-radschnellweges-im-leineviertel\/#primaryimage","url":"https:\/\/radioleinewelle.de\/wp-content\/uploads\/2020\/10\/Radweg.jpg","contentUrl":"https:\/\/radioleinewelle.de\/wp-content\/uploads\/2020\/10\/Radweg.jpg","width":1280,"height":851},{"@type":"BreadcrumbList","@id":"https:\/\/radioleinewelle.de\/index.php\/2020\/10\/14\/ausbau-des-radschnellweges-im-leineviertel\/#breadcrumb","itemListElement":[{"@type":"ListItem","position":1,"name":"Startseite","item":"https:\/\/radioleinewelle.de\/"},{"@type":"ListItem","position":2,"name":"Ausbau des Radschnellweges im &#8222;Leineviertel&#8220;"}]},{"@type":"WebSite","@id":"https:\/\/radioleinewelle.de\/#website","url":"https:\/\/radioleinewelle.de\/","name":"Radio Leinewelle","description":"","publisher":{"@id":"https:\/\/radioleinewelle.de\/#organization"},"potentialAction":[{"@type":"SearchAction","target":{"@type":"EntryPoint","urlTemplate":"https:\/\/radioleinewelle.de\/?s={search_term_string}"},"query-input":{"@type":"PropertyValueSpecification","valueRequired":true,"valueName":"search_term_string"}}],"inLanguage":"de"},{"@type":"Organization","@id":"https:\/\/radioleinewelle.de\/#organization","name":"Radio Leinewelle","alternateName":"Mein Radio f\u00fcr S\u00fcdniedersachsen","url":"https:\/\/radioleinewelle.de\/","logo":{"@type":"ImageObject","inLanguage":"de","@id":"https:\/\/radioleinewelle.de\/#\/schema\/logo\/image\/","url":"https:\/\/radioleinewelle.de\/wp-content\/uploads\/2023\/11\/cropped-Leinewelle_Logo_weiss.png","contentUrl":"https:\/\/radioleinewelle.de\/wp-content\/uploads\/2023\/11\/cropped-Leinewelle_Logo_weiss.png","width":854,"height":260,"caption":"Radio Leinewelle"},"image":{"@id":"https:\/\/radioleinewelle.de\/#\/schema\/logo\/image\/"},"sameAs":["https:\/\/www.facebook.com\/radioleinewelle","https:\/\/x.com\/RLeinewelle","https:\/\/www.instagram.com\/radioleinewelle\/?hl=de"]},{"@type":"Person","@id":"https:\/\/radioleinewelle.de\/#\/schema\/person\/45606f348637df637192dc1b68399a63","name":"Leinewelle","image":{"@type":"ImageObject","inLanguage":"de","@id":"https:\/\/secure.gravatar.com\/avatar\/05c9a17bc973052ee5d91549bd32fb4dd0dc85b7b85ae94b2e2b4943476bbea5?s=96&d=blank&r=g","url":"https:\/\/secure.gravatar.com\/avatar\/05c9a17bc973052ee5d91549bd32fb4dd0dc85b7b85ae94b2e2b4943476bbea5?s=96&d=blank&r=g","contentUrl":"https:\/\/secure.gravatar.com\/avatar\/05c9a17bc973052ee5d91549bd32fb4dd0dc85b7b85ae94b2e2b4943476bbea5?s=96&d=blank&r=g","caption":"Leinewelle"},"sameAs":["http:\/\/localhost\/radio%20leinewelle\/wordpress","https:\/\/www.facebook.com\/radioleinewelle","https:\/\/www.instagram.com\/radioleinewelle","https:\/\/x.com\/https:\/\/twitter.com\/RLeinewelle?ref_src=twsrcgoogletwcampserptwgrauthor","https:\/\/soundcloud.com\/foerderverein-lokalradio?utm_source=clipboard&utm_medium=text&utm_campaign=social_sharing"],"url":"https:\/\/radioleinewelle.de\/index.php\/author\/leinewelle\/"}]}},"_links":{"self":[{"href":"https:\/\/radioleinewelle.de\/index.php\/wp-json\/wp\/v2\/posts\/2311","targetHints":{"allow":["GET"]}}],"collection":[{"href":"https:\/\/radioleinewelle.de\/index.php\/wp-json\/wp\/v2\/posts"}],"about":[{"href":"https:\/\/radioleinewelle.de\/index.php\/wp-json\/wp\/v2\/types\/post"}],"author":[{"embeddable":true,"href":"https:\/\/radioleinewelle.de\/index.php\/wp-json\/wp\/v2\/users\/1"}],"replies":[{"embeddable":true,"href":"https:\/\/radioleinewelle.de\/index.php\/wp-json\/wp\/v2\/comments?post=2311"}],"version-history":[{"count":0,"href":"https:\/\/radioleinewelle.de\/index.php\/wp-json\/wp\/v2\/posts\/2311\/revisions"}],"wp:featuredmedia":[{"embeddable":true,"href":"https:\/\/radioleinewelle.de\/index.php\/wp-json\/wp\/v2\/media\/2312"}],"wp:attachment":[{"href":"https:\/\/radioleinewelle.de\/index.php\/wp-json\/wp\/v2\/media?parent=2311"}],"wp:term":[{"taxonomy":"category","embeddable":true,"href":"https:\/\/radioleinewelle.de\/index.php\/wp-json\/wp\/v2\/categories?post=2311"},{"taxonomy":"post_tag","embeddable":true,"href":"https:\/\/radioleinewelle.de\/index.php\/wp-json\/wp\/v2\/tags?post=2311"}],"curies":[{"name":"wp","href":"https:\/\/api.w.org\/{rel}","templated":true}]}}