{"id":2314,"date":"2020-10-14T08:13:05","date_gmt":"2020-10-14T06:13:05","guid":{"rendered":"https:\/\/radioleinewelle.de\/?p=2314"},"modified":"2020-10-14T08:13:05","modified_gmt":"2020-10-14T06:13:05","slug":"gestalte-deine-zukunft-in-deinem-dorf-workshop-fuer-kinder-und-jugendliche","status":"publish","type":"post","link":"https:\/\/radioleinewelle.de\/index.php\/2020\/10\/14\/gestalte-deine-zukunft-in-deinem-dorf-workshop-fuer-kinder-und-jugendliche\/","title":{"rendered":"Gestalte deine Zukunft in deinem Dorf: Workshop f\u00fcr Kinder und Jugendliche"},"content":{"rendered":"<div class=\"teaser-text\">\n<p class=\"bodytext\">Am 27. Oktober 2020 wird mit einem Kinder- und Jugendworkshop der n\u00e4chste Baustein im Rahmen der \u201eSozialen Dorfentwicklung\u201c f\u00fcr H\u00f6ckelheim, Hillerse, Berwartshausen und Schnedinghausen gelegt.<\/p>\n<\/div>\n<div class=\"news-img-wrap\">\n<div class=\"outer\">\n<div class=\"mediaelement mediaelement-image\"><b>Ab 15.00 Uhr\u00a0<\/b>findet der Workshop in der Mehrzweckhalle H\u00f6ckelheim statt. Eingeladen sind alle Kinder und Jugendlichen der Dorfregion zwischen 8 und 18 Jahren. Ziel des Workshops ist herauszufinden, was sich die Kinder und Jugendlichen f\u00fcr ihre Orte w\u00fcnschen und zu erfahren, was ihnen wichtig ist f\u00fcr die Zukunft ihrer Heimatregion.<\/div>\n<\/div>\n<\/div>\n<div class=\"news-text-wrap\">\n<p class=\"bodytext\"><b>Am 7. November 2020 folgt eine \u00f6ffentliche Ortsbereisung und am 18. November 2020 das Dorfforum II.\u00a0<\/b>Alle B\u00fcrger*innen sind zur Teilnahme an diesen Veranstaltungen eingeladen.<\/p>\n<p class=\"bodytext\">In den kommenden Wochen wird in allen Ortschaften an jeden Haushalt ein Flyer verteilt, der noch einmal \u00fcber die \u201eSoziale Dorfentwicklung\u201c informiert und dazu einl\u00e4dt, mitzuwirken. Die \u201eSoziale Dorfentwicklung\u201c stellt eine Vorphase zur F\u00f6rderphase da. Im Fokus dieser Phase steht der Aufbau von Sozialen Netzwerken und Strukturen in der Dorfregion. Auch die Umsetzung erster kleinerer Projekte soll erreicht werden. Dazu werden Projektideen mit den B\u00fcrger*innen diskutiert, in Arbeitsgruppen weiterentwickelt und die Umsetzung eingeleitet. Hierbei kann es sich um Projekte jedes Themenbereichs handeln. Interessierte k\u00f6nnen jederzeit Mitglied einer Arbeitsgruppe werden und eigene Projektideen einbringen.<br \/>\nAls erste Ans\u00e4tze werden die Einrichtung eines Dorfcaf\u00e9s in Hillerse und das Anlegen von Streuobstwiesen als Projekte in den Arbeitsgruppen verfolgt. &#8222;<i>Sie m\u00f6chten sich f\u00fcr die Entwicklung und Umsetzung dieser Projekte engagieren oder verfolgen die Umsetzung eigener Projektideen, nehmen Sie Kontakt zu Ihrem Ortsvorsteher, der Planungsgruppe Puche, Northeim, oder der Stadt Northeim auf und finden Sie Mitstreiter.&#8220;<\/i><\/p>\n<p class=\"bodytext\"><b>F\u00f6rderphase<\/b><br \/>\nDer \u201eSozialen Dorfentwicklung\u201c soll sich eine F\u00f6rderphase von mindestens f\u00fcnf Jahren anschlie\u00dfen. F\u00f6rderf\u00e4hig sind dann sowohl private als auch \u00f6ffentliche Ma\u00dfnahmen. F\u00f6rderprojekte k\u00f6nnen beispielsweise sein: eine Ortsrandbegr\u00fcnung, der Hochwasserschutz, die Erneuerung und Gestaltung \u00f6ffentlicher Pl\u00e4tze, die Errichtung von Freizeit- und Sportinfrastrukturen wie auch eine Umnutzung ehemals landwirtschaftlicher Geb\u00e4ude. Insbesondere k\u00f6nnen aber auch der Erhalt und die Inwertsetzung baukultureller Geb\u00e4udesubstanz im Dorfkern gef\u00f6rdert werden. Diese Phase gilt es, in den kommenden Monaten im Rahmen der Workshops und Arbeitsgruppentreffen vorzubereiten und eine gemeinsame Zielrichtung innerhalb der Dorfregion festzulegen.<br \/>\nDie Ortsb\u00fcrgermeister und Ortsvorsteher der \u201eMoored\u00f6rfer\u201c laden alle Interessierten zum Mitmachen ein.<\/p>\n<\/div>\n","protected":false},"excerpt":{"rendered":"<p>Am 27. Oktober 2020 wird mit einem Kinder- und Jugendworkshop der n\u00e4chste Baustein im Rahmen der \u201eSozialen Dorfentwicklung\u201c f\u00fcr H\u00f6ckelheim, Hillerse, Berwartshausen und Schnedinghausen gelegt. Ab 15.00 Uhr\u00a0findet der Workshop in der Mehrzweckhalle H\u00f6ckelheim statt. Eingeladen sind alle Kinder und Jugendlichen der Dorfregion zwischen 8 und 18 Jahren. Ziel des Workshops ist herauszufinden, was sich [&hellip;]<\/p>\n","protected":false},"author":1,"featured_media":0,"comment_status":"closed","ping_status":"closed","sticky":false,"template":"","format":"standard","meta":{"saved_in_kubio":false,"footnotes":""},"categories":[39],"tags":[],"class_list":["post-2314","post","type-post","status-publish","format-standard","hentry","category-lokalpolitik"],"yoast_head":"<!-- This site is optimized with the Yoast SEO plugin v27.5 - https:\/\/yoast.com\/product\/yoast-seo-wordpress\/ -->\n<title>Gestalte deine Zukunft in deinem Dorf: Workshop f\u00fcr Kinder und Jugendliche - Radio Leinewelle<\/title>\n<meta name=\"robots\" content=\"index, follow, max-snippet:-1, max-image-preview:large, max-video-preview:-1\" \/>\n<link rel=\"canonical\" href=\"https:\/\/radioleinewelle.de\/index.php\/2020\/10\/14\/gestalte-deine-zukunft-in-deinem-dorf-workshop-fuer-kinder-und-jugendliche\/\" \/>\n<meta property=\"og:locale\" content=\"de_DE\" \/>\n<meta property=\"og:type\" content=\"article\" \/>\n<meta property=\"og:title\" content=\"Gestalte deine Zukunft in deinem Dorf: Workshop f\u00fcr Kinder und Jugendliche - Radio Leinewelle\" \/>\n<meta property=\"og:description\" content=\"Am 27. Oktober 2020 wird mit einem Kinder- und Jugendworkshop der n\u00e4chste Baustein im Rahmen der \u201eSozialen Dorfentwicklung\u201c f\u00fcr H\u00f6ckelheim, Hillerse, Berwartshausen und Schnedinghausen gelegt. Ab 15.00 Uhr\u00a0findet der Workshop in der Mehrzweckhalle H\u00f6ckelheim statt. Eingeladen sind alle Kinder und Jugendlichen der Dorfregion zwischen 8 und 18 Jahren. Ziel des Workshops ist herauszufinden, was sich [&hellip;]\" \/>\n<meta property=\"og:url\" content=\"https:\/\/radioleinewelle.de\/index.php\/2020\/10\/14\/gestalte-deine-zukunft-in-deinem-dorf-workshop-fuer-kinder-und-jugendliche\/\" \/>\n<meta property=\"og:site_name\" content=\"Radio Leinewelle\" \/>\n<meta property=\"article:publisher\" content=\"https:\/\/www.facebook.com\/radioleinewelle\" \/>\n<meta property=\"article:author\" content=\"https:\/\/www.facebook.com\/radioleinewelle\" \/>\n<meta property=\"article:published_time\" content=\"2020-10-14T06:13:05+00:00\" \/>\n<meta name=\"author\" content=\"Leinewelle\" \/>\n<meta name=\"twitter:card\" content=\"summary_large_image\" \/>\n<meta name=\"twitter:creator\" content=\"@https:\/\/twitter.com\/RLeinewelle?ref_src=twsrcgoogletwcampserptwgrauthor\" \/>\n<meta name=\"twitter:site\" content=\"@RLeinewelle\" \/>\n<meta name=\"twitter:label1\" content=\"Verfasst von\" \/>\n\t<meta name=\"twitter:data1\" content=\"Leinewelle\" \/>\n\t<meta name=\"twitter:label2\" content=\"Gesch\u00e4tzte Lesezeit\" \/>\n\t<meta name=\"twitter:data2\" content=\"2\u00a0Minuten\" \/>\n<script type=\"application\/ld+json\" class=\"yoast-schema-graph\">{\"@context\":\"https:\\\/\\\/schema.org\",\"@graph\":[{\"@type\":\"Article\",\"@id\":\"https:\\\/\\\/radioleinewelle.de\\\/index.php\\\/2020\\\/10\\\/14\\\/gestalte-deine-zukunft-in-deinem-dorf-workshop-fuer-kinder-und-jugendliche\\\/#article\",\"isPartOf\":{\"@id\":\"https:\\\/\\\/radioleinewelle.de\\\/index.php\\\/2020\\\/10\\\/14\\\/gestalte-deine-zukunft-in-deinem-dorf-workshop-fuer-kinder-und-jugendliche\\\/\"},\"author\":{\"name\":\"Leinewelle\",\"@id\":\"https:\\\/\\\/radioleinewelle.de\\\/#\\\/schema\\\/person\\\/45606f348637df637192dc1b68399a63\"},\"headline\":\"Gestalte deine Zukunft in deinem Dorf: Workshop f\u00fcr Kinder und Jugendliche\",\"datePublished\":\"2020-10-14T06:13:05+00:00\",\"mainEntityOfPage\":{\"@id\":\"https:\\\/\\\/radioleinewelle.de\\\/index.php\\\/2020\\\/10\\\/14\\\/gestalte-deine-zukunft-in-deinem-dorf-workshop-fuer-kinder-und-jugendliche\\\/\"},\"wordCount\":388,\"publisher\":{\"@id\":\"https:\\\/\\\/radioleinewelle.de\\\/#organization\"},\"articleSection\":[\"Lokalpolitik\"],\"inLanguage\":\"de\"},{\"@type\":\"WebPage\",\"@id\":\"https:\\\/\\\/radioleinewelle.de\\\/index.php\\\/2020\\\/10\\\/14\\\/gestalte-deine-zukunft-in-deinem-dorf-workshop-fuer-kinder-und-jugendliche\\\/\",\"url\":\"https:\\\/\\\/radioleinewelle.de\\\/index.php\\\/2020\\\/10\\\/14\\\/gestalte-deine-zukunft-in-deinem-dorf-workshop-fuer-kinder-und-jugendliche\\\/\",\"name\":\"Gestalte deine Zukunft in deinem Dorf: Workshop f\u00fcr Kinder und Jugendliche - Radio Leinewelle\",\"isPartOf\":{\"@id\":\"https:\\\/\\\/radioleinewelle.de\\\/#website\"},\"datePublished\":\"2020-10-14T06:13:05+00:00\",\"breadcrumb\":{\"@id\":\"https:\\\/\\\/radioleinewelle.de\\\/index.php\\\/2020\\\/10\\\/14\\\/gestalte-deine-zukunft-in-deinem-dorf-workshop-fuer-kinder-und-jugendliche\\\/#breadcrumb\"},\"inLanguage\":\"de\",\"potentialAction\":[{\"@type\":\"ReadAction\",\"target\":[\"https:\\\/\\\/radioleinewelle.de\\\/index.php\\\/2020\\\/10\\\/14\\\/gestalte-deine-zukunft-in-deinem-dorf-workshop-fuer-kinder-und-jugendliche\\\/\"]}]},{\"@type\":\"BreadcrumbList\",\"@id\":\"https:\\\/\\\/radioleinewelle.de\\\/index.php\\\/2020\\\/10\\\/14\\\/gestalte-deine-zukunft-in-deinem-dorf-workshop-fuer-kinder-und-jugendliche\\\/#breadcrumb\",\"itemListElement\":[{\"@type\":\"ListItem\",\"position\":1,\"name\":\"Startseite\",\"item\":\"https:\\\/\\\/radioleinewelle.de\\\/\"},{\"@type\":\"ListItem\",\"position\":2,\"name\":\"Gestalte deine Zukunft in deinem Dorf: Workshop f\u00fcr Kinder und Jugendliche\"}]},{\"@type\":\"WebSite\",\"@id\":\"https:\\\/\\\/radioleinewelle.de\\\/#website\",\"url\":\"https:\\\/\\\/radioleinewelle.de\\\/\",\"name\":\"Radio Leinewelle\",\"description\":\"\",\"publisher\":{\"@id\":\"https:\\\/\\\/radioleinewelle.de\\\/#organization\"},\"potentialAction\":[{\"@type\":\"SearchAction\",\"target\":{\"@type\":\"EntryPoint\",\"urlTemplate\":\"https:\\\/\\\/radioleinewelle.de\\\/?s={search_term_string}\"},\"query-input\":{\"@type\":\"PropertyValueSpecification\",\"valueRequired\":true,\"valueName\":\"search_term_string\"}}],\"inLanguage\":\"de\"},{\"@type\":\"Organization\",\"@id\":\"https:\\\/\\\/radioleinewelle.de\\\/#organization\",\"name\":\"Radio Leinewelle\",\"alternateName\":\"Mein Radio f\u00fcr S\u00fcdniedersachsen\",\"url\":\"https:\\\/\\\/radioleinewelle.de\\\/\",\"logo\":{\"@type\":\"ImageObject\",\"inLanguage\":\"de\",\"@id\":\"https:\\\/\\\/radioleinewelle.de\\\/#\\\/schema\\\/logo\\\/image\\\/\",\"url\":\"https:\\\/\\\/radioleinewelle.de\\\/wp-content\\\/uploads\\\/2023\\\/11\\\/cropped-Leinewelle_Logo_weiss.png\",\"contentUrl\":\"https:\\\/\\\/radioleinewelle.de\\\/wp-content\\\/uploads\\\/2023\\\/11\\\/cropped-Leinewelle_Logo_weiss.png\",\"width\":854,\"height\":260,\"caption\":\"Radio Leinewelle\"},\"image\":{\"@id\":\"https:\\\/\\\/radioleinewelle.de\\\/#\\\/schema\\\/logo\\\/image\\\/\"},\"sameAs\":[\"https:\\\/\\\/www.facebook.com\\\/radioleinewelle\",\"https:\\\/\\\/x.com\\\/RLeinewelle\",\"https:\\\/\\\/www.instagram.com\\\/radioleinewelle\\\/?hl=de\"]},{\"@type\":\"Person\",\"@id\":\"https:\\\/\\\/radioleinewelle.de\\\/#\\\/schema\\\/person\\\/45606f348637df637192dc1b68399a63\",\"name\":\"Leinewelle\",\"image\":{\"@type\":\"ImageObject\",\"inLanguage\":\"de\",\"@id\":\"https:\\\/\\\/secure.gravatar.com\\\/avatar\\\/05c9a17bc973052ee5d91549bd32fb4dd0dc85b7b85ae94b2e2b4943476bbea5?s=96&d=blank&r=g\",\"url\":\"https:\\\/\\\/secure.gravatar.com\\\/avatar\\\/05c9a17bc973052ee5d91549bd32fb4dd0dc85b7b85ae94b2e2b4943476bbea5?s=96&d=blank&r=g\",\"contentUrl\":\"https:\\\/\\\/secure.gravatar.com\\\/avatar\\\/05c9a17bc973052ee5d91549bd32fb4dd0dc85b7b85ae94b2e2b4943476bbea5?s=96&d=blank&r=g\",\"caption\":\"Leinewelle\"},\"sameAs\":[\"http:\\\/\\\/localhost\\\/radio%20leinewelle\\\/wordpress\",\"https:\\\/\\\/www.facebook.com\\\/radioleinewelle\",\"https:\\\/\\\/www.instagram.com\\\/radioleinewelle\",\"https:\\\/\\\/x.com\\\/https:\\\/\\\/twitter.com\\\/RLeinewelle?ref_src=twsrcgoogletwcampserptwgrauthor\",\"https:\\\/\\\/soundcloud.com\\\/foerderverein-lokalradio?utm_source=clipboard&utm_medium=text&utm_campaign=social_sharing\"],\"url\":\"https:\\\/\\\/radioleinewelle.de\\\/index.php\\\/author\\\/leinewelle\\\/\"}]}<\/script>\n<!-- \/ Yoast SEO plugin. -->","yoast_head_json":{"title":"Gestalte deine Zukunft in deinem Dorf: Workshop f\u00fcr Kinder und Jugendliche - Radio Leinewelle","robots":{"index":"index","follow":"follow","max-snippet":"max-snippet:-1","max-image-preview":"max-image-preview:large","max-video-preview":"max-video-preview:-1"},"canonical":"https:\/\/radioleinewelle.de\/index.php\/2020\/10\/14\/gestalte-deine-zukunft-in-deinem-dorf-workshop-fuer-kinder-und-jugendliche\/","og_locale":"de_DE","og_type":"article","og_title":"Gestalte deine Zukunft in deinem Dorf: Workshop f\u00fcr Kinder und Jugendliche - Radio Leinewelle","og_description":"Am 27. Oktober 2020 wird mit einem Kinder- und Jugendworkshop der n\u00e4chste Baustein im Rahmen der \u201eSozialen Dorfentwicklung\u201c f\u00fcr H\u00f6ckelheim, Hillerse, Berwartshausen und Schnedinghausen gelegt. Ab 15.00 Uhr\u00a0findet der Workshop in der Mehrzweckhalle H\u00f6ckelheim statt. Eingeladen sind alle Kinder und Jugendlichen der Dorfregion zwischen 8 und 18 Jahren. Ziel des Workshops ist herauszufinden, was sich [&hellip;]","og_url":"https:\/\/radioleinewelle.de\/index.php\/2020\/10\/14\/gestalte-deine-zukunft-in-deinem-dorf-workshop-fuer-kinder-und-jugendliche\/","og_site_name":"Radio Leinewelle","article_publisher":"https:\/\/www.facebook.com\/radioleinewelle","article_author":"https:\/\/www.facebook.com\/radioleinewelle","article_published_time":"2020-10-14T06:13:05+00:00","author":"Leinewelle","twitter_card":"summary_large_image","twitter_creator":"@https:\/\/twitter.com\/RLeinewelle?ref_src=twsrcgoogletwcampserptwgrauthor","twitter_site":"@RLeinewelle","twitter_misc":{"Verfasst von":"Leinewelle","Gesch\u00e4tzte Lesezeit":"2\u00a0Minuten"},"schema":{"@context":"https:\/\/schema.org","@graph":[{"@type":"Article","@id":"https:\/\/radioleinewelle.de\/index.php\/2020\/10\/14\/gestalte-deine-zukunft-in-deinem-dorf-workshop-fuer-kinder-und-jugendliche\/#article","isPartOf":{"@id":"https:\/\/radioleinewelle.de\/index.php\/2020\/10\/14\/gestalte-deine-zukunft-in-deinem-dorf-workshop-fuer-kinder-und-jugendliche\/"},"author":{"name":"Leinewelle","@id":"https:\/\/radioleinewelle.de\/#\/schema\/person\/45606f348637df637192dc1b68399a63"},"headline":"Gestalte deine Zukunft in deinem Dorf: Workshop f\u00fcr Kinder und Jugendliche","datePublished":"2020-10-14T06:13:05+00:00","mainEntityOfPage":{"@id":"https:\/\/radioleinewelle.de\/index.php\/2020\/10\/14\/gestalte-deine-zukunft-in-deinem-dorf-workshop-fuer-kinder-und-jugendliche\/"},"wordCount":388,"publisher":{"@id":"https:\/\/radioleinewelle.de\/#organization"},"articleSection":["Lokalpolitik"],"inLanguage":"de"},{"@type":"WebPage","@id":"https:\/\/radioleinewelle.de\/index.php\/2020\/10\/14\/gestalte-deine-zukunft-in-deinem-dorf-workshop-fuer-kinder-und-jugendliche\/","url":"https:\/\/radioleinewelle.de\/index.php\/2020\/10\/14\/gestalte-deine-zukunft-in-deinem-dorf-workshop-fuer-kinder-und-jugendliche\/","name":"Gestalte deine Zukunft in deinem Dorf: Workshop f\u00fcr Kinder und Jugendliche - Radio Leinewelle","isPartOf":{"@id":"https:\/\/radioleinewelle.de\/#website"},"datePublished":"2020-10-14T06:13:05+00:00","breadcrumb":{"@id":"https:\/\/radioleinewelle.de\/index.php\/2020\/10\/14\/gestalte-deine-zukunft-in-deinem-dorf-workshop-fuer-kinder-und-jugendliche\/#breadcrumb"},"inLanguage":"de","potentialAction":[{"@type":"ReadAction","target":["https:\/\/radioleinewelle.de\/index.php\/2020\/10\/14\/gestalte-deine-zukunft-in-deinem-dorf-workshop-fuer-kinder-und-jugendliche\/"]}]},{"@type":"BreadcrumbList","@id":"https:\/\/radioleinewelle.de\/index.php\/2020\/10\/14\/gestalte-deine-zukunft-in-deinem-dorf-workshop-fuer-kinder-und-jugendliche\/#breadcrumb","itemListElement":[{"@type":"ListItem","position":1,"name":"Startseite","item":"https:\/\/radioleinewelle.de\/"},{"@type":"ListItem","position":2,"name":"Gestalte deine Zukunft in deinem Dorf: Workshop f\u00fcr Kinder und Jugendliche"}]},{"@type":"WebSite","@id":"https:\/\/radioleinewelle.de\/#website","url":"https:\/\/radioleinewelle.de\/","name":"Radio Leinewelle","description":"","publisher":{"@id":"https:\/\/radioleinewelle.de\/#organization"},"potentialAction":[{"@type":"SearchAction","target":{"@type":"EntryPoint","urlTemplate":"https:\/\/radioleinewelle.de\/?s={search_term_string}"},"query-input":{"@type":"PropertyValueSpecification","valueRequired":true,"valueName":"search_term_string"}}],"inLanguage":"de"},{"@type":"Organization","@id":"https:\/\/radioleinewelle.de\/#organization","name":"Radio Leinewelle","alternateName":"Mein Radio f\u00fcr S\u00fcdniedersachsen","url":"https:\/\/radioleinewelle.de\/","logo":{"@type":"ImageObject","inLanguage":"de","@id":"https:\/\/radioleinewelle.de\/#\/schema\/logo\/image\/","url":"https:\/\/radioleinewelle.de\/wp-content\/uploads\/2023\/11\/cropped-Leinewelle_Logo_weiss.png","contentUrl":"https:\/\/radioleinewelle.de\/wp-content\/uploads\/2023\/11\/cropped-Leinewelle_Logo_weiss.png","width":854,"height":260,"caption":"Radio Leinewelle"},"image":{"@id":"https:\/\/radioleinewelle.de\/#\/schema\/logo\/image\/"},"sameAs":["https:\/\/www.facebook.com\/radioleinewelle","https:\/\/x.com\/RLeinewelle","https:\/\/www.instagram.com\/radioleinewelle\/?hl=de"]},{"@type":"Person","@id":"https:\/\/radioleinewelle.de\/#\/schema\/person\/45606f348637df637192dc1b68399a63","name":"Leinewelle","image":{"@type":"ImageObject","inLanguage":"de","@id":"https:\/\/secure.gravatar.com\/avatar\/05c9a17bc973052ee5d91549bd32fb4dd0dc85b7b85ae94b2e2b4943476bbea5?s=96&d=blank&r=g","url":"https:\/\/secure.gravatar.com\/avatar\/05c9a17bc973052ee5d91549bd32fb4dd0dc85b7b85ae94b2e2b4943476bbea5?s=96&d=blank&r=g","contentUrl":"https:\/\/secure.gravatar.com\/avatar\/05c9a17bc973052ee5d91549bd32fb4dd0dc85b7b85ae94b2e2b4943476bbea5?s=96&d=blank&r=g","caption":"Leinewelle"},"sameAs":["http:\/\/localhost\/radio%20leinewelle\/wordpress","https:\/\/www.facebook.com\/radioleinewelle","https:\/\/www.instagram.com\/radioleinewelle","https:\/\/x.com\/https:\/\/twitter.com\/RLeinewelle?ref_src=twsrcgoogletwcampserptwgrauthor","https:\/\/soundcloud.com\/foerderverein-lokalradio?utm_source=clipboard&utm_medium=text&utm_campaign=social_sharing"],"url":"https:\/\/radioleinewelle.de\/index.php\/author\/leinewelle\/"}]}},"_links":{"self":[{"href":"https:\/\/radioleinewelle.de\/index.php\/wp-json\/wp\/v2\/posts\/2314","targetHints":{"allow":["GET"]}}],"collection":[{"href":"https:\/\/radioleinewelle.de\/index.php\/wp-json\/wp\/v2\/posts"}],"about":[{"href":"https:\/\/radioleinewelle.de\/index.php\/wp-json\/wp\/v2\/types\/post"}],"author":[{"embeddable":true,"href":"https:\/\/radioleinewelle.de\/index.php\/wp-json\/wp\/v2\/users\/1"}],"replies":[{"embeddable":true,"href":"https:\/\/radioleinewelle.de\/index.php\/wp-json\/wp\/v2\/comments?post=2314"}],"version-history":[{"count":0,"href":"https:\/\/radioleinewelle.de\/index.php\/wp-json\/wp\/v2\/posts\/2314\/revisions"}],"wp:attachment":[{"href":"https:\/\/radioleinewelle.de\/index.php\/wp-json\/wp\/v2\/media?parent=2314"}],"wp:term":[{"taxonomy":"category","embeddable":true,"href":"https:\/\/radioleinewelle.de\/index.php\/wp-json\/wp\/v2\/categories?post=2314"},{"taxonomy":"post_tag","embeddable":true,"href":"https:\/\/radioleinewelle.de\/index.php\/wp-json\/wp\/v2\/tags?post=2314"}],"curies":[{"name":"wp","href":"https:\/\/api.w.org\/{rel}","templated":true}]}}