{"id":2319,"date":"2020-10-14T05:30:03","date_gmt":"2020-10-14T03:30:03","guid":{"rendered":"https:\/\/radioleinewelle.de\/?p=2319"},"modified":"2020-10-14T05:30:03","modified_gmt":"2020-10-14T03:30:03","slug":"schloss-herzberg-zeigt-koeniginnen-fuersten-und-maetressen","status":"publish","type":"post","link":"https:\/\/radioleinewelle.de\/index.php\/2020\/10\/14\/schloss-herzberg-zeigt-koeniginnen-fuersten-und-maetressen\/","title":{"rendered":"Schlo\u00df Herzberg zeigt: &#8222;K\u00f6niginnen, F\u00fcrsten und M\u00e4tressen&#8220;"},"content":{"rendered":"<p>Unter dem Titel \u201eK\u00f6nige, K\u00f6niginnen, F\u00fcrsten und M\u00e4tressen\u201c pr\u00e4sentiert der F\u00f6rderverein Schloss Herzberg im Rittersaal des Schlosses eine Gem\u00e4ldeausstellung. Die Bilder aus dem Besitz des Museums, des Amtsgerichts Herzberg und des F\u00f6rdervereins sind seit Samstag, 10. Oktober, bis zum Donnerstag, 22. Oktober, zu sehen. Der F\u00f6rderverein Schloss Herzberg am Harz e.V. hat sich zum Ziel gesetzt, das Welfenschloss als Baudenkmal zu erhalten und \u00a0durch F\u00f6rderung von Kunst und Kultur das Interesse daran zu f\u00f6rdern.\u00a0Um die aktuell gezeigten Bilder ranken sich Geschichten, die in einem Flyer, der durch die Ausstellung f\u00fchrt, angerissen werden. So war Friedrich III., auch: Frederik III., K\u00f6nig von D\u00e4nemark und Norwegen von 1648 bis 1670 und Graf von Oldenburg und Delmenhorst von 1667 bis 1670. Friedrich III. begr\u00fcndete den Absolutismus in D\u00e4nemark und Norwegen, der in Norwegen \u00fcber fast 150 und in D\u00e4nemark \u00fcber 200 Jahre Bestand hatte. 1643 heiratete er Sophie Amalie von Braunschweig-Calenberg (1628\u20131685), die ihm die folgenden acht Kinder gebar. Das Gem\u00e4lde ist eine Leihgabe des Amtsgerichts Herzberg, ebenso wie das Bildnis von seiner Gattin Sophie Amalie. Sophie Amalie von Braunschweig-L\u00fcneburg wurde am 24. M\u00e4rz 1628 auf Schloss Herzberg geboren. Sie war eine Prinzessin aus dem Haus der Welfen und durch Heirat auch K\u00f6nigin von D\u00e4nemark und Norwegen.<\/p>\n<p>Neben dem Besuch der Gem\u00e4ldeausstellung k\u00f6nnen Besucher auch noch die Sonderausstellung der K\u00fcnstlerin Tura Jursa anschauen. Die Pr\u00e4sentation ihrer Holzschnitzarbeiten tr\u00e4gt den Titel \u201eHarzer Legenden im Schloss Herzberg\u201c. Passend zur Geschichte des Schlosses und seiner ehemaligen Bewohner aus dem Geschlecht der Welfen hat Tura Jursa die Legende vom Freudenstein am Schloss Herzberg in Holz gebannt. Die Ausstellung ist noch bis zum 31. Oktober in den Sonderausstellungsr\u00e4umen des Museums Schloss Herzberg zu sehen.<\/p>\n<p><strong>Sonderf\u00fchrungen und Infomationmaterialen\u00a0<\/strong>Wer mehr zu den Geschichten erfahren m\u00f6chte, findet an der Kasse des Museums weitere Literatur.\u00a0Am \u202aSonntag, 11. Oktober, von 13 bis 16 Uhr\u202c, wird Vorstandsmitglied Detlef Bayer vom F\u00f6rderverein im Rittersaal anwesend sein und Fragen beantworten.\u00a0Zudem bietet \u00a0Wolfgang Zeiss am Donnerstag, 15. Oktober, und am Donnerstag, \u202a22. Oktober\u202c, jeweils \u202aab 17\u202c Uhr F\u00fchrungen durch die Ausstellung an.\u00a0Weitere F\u00fchrungen auf Anfrage.<br \/>\nMehr Informationen und Bilder auf den Seiten der <a href=\"https:\/\/www.herzberg.de\/portal\/meldungen\/ko-nige-ko-niginnen-fu-rsten-und-ma-tressen-900001142-25580.html?rubrik=900000011\">Stadt Herzberg<\/a><\/p>\n<p>Symbolbild: von <a href=\"https:\/\/pixabay.com\/de\/users\/stocksnap-894430\/?utm_source=link-attribution&amp;utm_medium=referral&amp;utm_campaign=image&amp;utm_content=2590655\">StockSnap<\/a><a href=\"https:\/\/www.herzberg.de\/portal\/meldungen\/ko-nige-ko-niginnen-fu-rsten-und-ma-tressen-900001142-25580.html?rubrik=900000011\"> auf <\/a><a href=\"https:\/\/pixabay.com\/de\/?utm_source=link-attribution&amp;utm_medium=referral&amp;utm_campaign=image&amp;utm_content=2590655\">Pixabay<\/a><a href=\"https:\/\/www.herzberg.de\/portal\/meldungen\/ko-nige-ko-niginnen-fu-rsten-und-ma-tressen-900001142-25580.html?rubrik=900000011\"><br \/>\n<\/a><\/p>\n","protected":false},"excerpt":{"rendered":"<p>Unter dem Titel \u201eK\u00f6nige, K\u00f6niginnen, F\u00fcrsten und M\u00e4tressen\u201c pr\u00e4sentiert der F\u00f6rderverein Schloss Herzberg im Rittersaal des Schlosses eine Gem\u00e4ldeausstellung. Die Bilder aus dem Besitz des Museums, des Amtsgerichts Herzberg und des F\u00f6rdervereins sind seit Samstag, 10. Oktober, bis zum Donnerstag, 22. Oktober, zu sehen. Der F\u00f6rderverein Schloss Herzberg am Harz e.V. hat sich zum Ziel [&hellip;]<\/p>\n","protected":false},"author":1,"featured_media":0,"comment_status":"closed","ping_status":"closed","sticky":false,"template":"","format":"standard","meta":{"saved_in_kubio":false,"footnotes":""},"categories":[45],"tags":[],"class_list":["post-2319","post","type-post","status-publish","format-standard","hentry","category-kultur"],"yoast_head":"<!-- This site is optimized with the Yoast SEO plugin v27.5 - https:\/\/yoast.com\/product\/yoast-seo-wordpress\/ -->\n<title>Schlo\u00df Herzberg zeigt: &quot;K\u00f6niginnen, F\u00fcrsten und M\u00e4tressen&quot; - Radio Leinewelle<\/title>\n<meta name=\"robots\" content=\"index, follow, max-snippet:-1, max-image-preview:large, max-video-preview:-1\" \/>\n<link rel=\"canonical\" href=\"https:\/\/radioleinewelle.de\/index.php\/2020\/10\/14\/schloss-herzberg-zeigt-koeniginnen-fuersten-und-maetressen\/\" \/>\n<meta property=\"og:locale\" content=\"de_DE\" \/>\n<meta property=\"og:type\" content=\"article\" \/>\n<meta property=\"og:title\" content=\"Schlo\u00df Herzberg zeigt: &quot;K\u00f6niginnen, F\u00fcrsten und M\u00e4tressen&quot; - Radio Leinewelle\" \/>\n<meta property=\"og:description\" content=\"Unter dem Titel \u201eK\u00f6nige, K\u00f6niginnen, F\u00fcrsten und M\u00e4tressen\u201c pr\u00e4sentiert der F\u00f6rderverein Schloss Herzberg im Rittersaal des Schlosses eine Gem\u00e4ldeausstellung. Die Bilder aus dem Besitz des Museums, des Amtsgerichts Herzberg und des F\u00f6rdervereins sind seit Samstag, 10. Oktober, bis zum Donnerstag, 22. Oktober, zu sehen. Der F\u00f6rderverein Schloss Herzberg am Harz e.V. hat sich zum Ziel [&hellip;]\" \/>\n<meta property=\"og:url\" content=\"https:\/\/radioleinewelle.de\/index.php\/2020\/10\/14\/schloss-herzberg-zeigt-koeniginnen-fuersten-und-maetressen\/\" \/>\n<meta property=\"og:site_name\" content=\"Radio Leinewelle\" \/>\n<meta property=\"article:publisher\" content=\"https:\/\/www.facebook.com\/radioleinewelle\" \/>\n<meta property=\"article:author\" content=\"https:\/\/www.facebook.com\/radioleinewelle\" \/>\n<meta property=\"article:published_time\" content=\"2020-10-14T03:30:03+00:00\" \/>\n<meta name=\"author\" content=\"Leinewelle\" \/>\n<meta name=\"twitter:card\" content=\"summary_large_image\" \/>\n<meta name=\"twitter:creator\" content=\"@https:\/\/twitter.com\/RLeinewelle?ref_src=twsrcgoogletwcampserptwgrauthor\" \/>\n<meta name=\"twitter:site\" content=\"@RLeinewelle\" \/>\n<meta name=\"twitter:label1\" content=\"Verfasst von\" \/>\n\t<meta name=\"twitter:data1\" content=\"Leinewelle\" \/>\n\t<meta name=\"twitter:label2\" content=\"Gesch\u00e4tzte Lesezeit\" \/>\n\t<meta name=\"twitter:data2\" content=\"2\u00a0Minuten\" \/>\n<script type=\"application\/ld+json\" class=\"yoast-schema-graph\">{\"@context\":\"https:\\\/\\\/schema.org\",\"@graph\":[{\"@type\":\"Article\",\"@id\":\"https:\\\/\\\/radioleinewelle.de\\\/index.php\\\/2020\\\/10\\\/14\\\/schloss-herzberg-zeigt-koeniginnen-fuersten-und-maetressen\\\/#article\",\"isPartOf\":{\"@id\":\"https:\\\/\\\/radioleinewelle.de\\\/index.php\\\/2020\\\/10\\\/14\\\/schloss-herzberg-zeigt-koeniginnen-fuersten-und-maetressen\\\/\"},\"author\":{\"name\":\"Leinewelle\",\"@id\":\"https:\\\/\\\/radioleinewelle.de\\\/#\\\/schema\\\/person\\\/45606f348637df637192dc1b68399a63\"},\"headline\":\"Schlo\u00df Herzberg zeigt: &#8222;K\u00f6niginnen, F\u00fcrsten und M\u00e4tressen&#8220;\",\"datePublished\":\"2020-10-14T03:30:03+00:00\",\"mainEntityOfPage\":{\"@id\":\"https:\\\/\\\/radioleinewelle.de\\\/index.php\\\/2020\\\/10\\\/14\\\/schloss-herzberg-zeigt-koeniginnen-fuersten-und-maetressen\\\/\"},\"wordCount\":383,\"publisher\":{\"@id\":\"https:\\\/\\\/radioleinewelle.de\\\/#organization\"},\"articleSection\":[\"Kultur\"],\"inLanguage\":\"de\"},{\"@type\":\"WebPage\",\"@id\":\"https:\\\/\\\/radioleinewelle.de\\\/index.php\\\/2020\\\/10\\\/14\\\/schloss-herzberg-zeigt-koeniginnen-fuersten-und-maetressen\\\/\",\"url\":\"https:\\\/\\\/radioleinewelle.de\\\/index.php\\\/2020\\\/10\\\/14\\\/schloss-herzberg-zeigt-koeniginnen-fuersten-und-maetressen\\\/\",\"name\":\"Schlo\u00df Herzberg zeigt: \\\"K\u00f6niginnen, F\u00fcrsten und M\u00e4tressen\\\" - Radio Leinewelle\",\"isPartOf\":{\"@id\":\"https:\\\/\\\/radioleinewelle.de\\\/#website\"},\"datePublished\":\"2020-10-14T03:30:03+00:00\",\"breadcrumb\":{\"@id\":\"https:\\\/\\\/radioleinewelle.de\\\/index.php\\\/2020\\\/10\\\/14\\\/schloss-herzberg-zeigt-koeniginnen-fuersten-und-maetressen\\\/#breadcrumb\"},\"inLanguage\":\"de\",\"potentialAction\":[{\"@type\":\"ReadAction\",\"target\":[\"https:\\\/\\\/radioleinewelle.de\\\/index.php\\\/2020\\\/10\\\/14\\\/schloss-herzberg-zeigt-koeniginnen-fuersten-und-maetressen\\\/\"]}]},{\"@type\":\"BreadcrumbList\",\"@id\":\"https:\\\/\\\/radioleinewelle.de\\\/index.php\\\/2020\\\/10\\\/14\\\/schloss-herzberg-zeigt-koeniginnen-fuersten-und-maetressen\\\/#breadcrumb\",\"itemListElement\":[{\"@type\":\"ListItem\",\"position\":1,\"name\":\"Startseite\",\"item\":\"https:\\\/\\\/radioleinewelle.de\\\/\"},{\"@type\":\"ListItem\",\"position\":2,\"name\":\"Schlo\u00df Herzberg zeigt: &#8222;K\u00f6niginnen, F\u00fcrsten und M\u00e4tressen&#8220;\"}]},{\"@type\":\"WebSite\",\"@id\":\"https:\\\/\\\/radioleinewelle.de\\\/#website\",\"url\":\"https:\\\/\\\/radioleinewelle.de\\\/\",\"name\":\"Radio Leinewelle\",\"description\":\"\",\"publisher\":{\"@id\":\"https:\\\/\\\/radioleinewelle.de\\\/#organization\"},\"potentialAction\":[{\"@type\":\"SearchAction\",\"target\":{\"@type\":\"EntryPoint\",\"urlTemplate\":\"https:\\\/\\\/radioleinewelle.de\\\/?s={search_term_string}\"},\"query-input\":{\"@type\":\"PropertyValueSpecification\",\"valueRequired\":true,\"valueName\":\"search_term_string\"}}],\"inLanguage\":\"de\"},{\"@type\":\"Organization\",\"@id\":\"https:\\\/\\\/radioleinewelle.de\\\/#organization\",\"name\":\"Radio Leinewelle\",\"alternateName\":\"Mein Radio f\u00fcr S\u00fcdniedersachsen\",\"url\":\"https:\\\/\\\/radioleinewelle.de\\\/\",\"logo\":{\"@type\":\"ImageObject\",\"inLanguage\":\"de\",\"@id\":\"https:\\\/\\\/radioleinewelle.de\\\/#\\\/schema\\\/logo\\\/image\\\/\",\"url\":\"https:\\\/\\\/radioleinewelle.de\\\/wp-content\\\/uploads\\\/2023\\\/11\\\/cropped-Leinewelle_Logo_weiss.png\",\"contentUrl\":\"https:\\\/\\\/radioleinewelle.de\\\/wp-content\\\/uploads\\\/2023\\\/11\\\/cropped-Leinewelle_Logo_weiss.png\",\"width\":854,\"height\":260,\"caption\":\"Radio Leinewelle\"},\"image\":{\"@id\":\"https:\\\/\\\/radioleinewelle.de\\\/#\\\/schema\\\/logo\\\/image\\\/\"},\"sameAs\":[\"https:\\\/\\\/www.facebook.com\\\/radioleinewelle\",\"https:\\\/\\\/x.com\\\/RLeinewelle\",\"https:\\\/\\\/www.instagram.com\\\/radioleinewelle\\\/?hl=de\"]},{\"@type\":\"Person\",\"@id\":\"https:\\\/\\\/radioleinewelle.de\\\/#\\\/schema\\\/person\\\/45606f348637df637192dc1b68399a63\",\"name\":\"Leinewelle\",\"image\":{\"@type\":\"ImageObject\",\"inLanguage\":\"de\",\"@id\":\"https:\\\/\\\/secure.gravatar.com\\\/avatar\\\/05c9a17bc973052ee5d91549bd32fb4dd0dc85b7b85ae94b2e2b4943476bbea5?s=96&d=blank&r=g\",\"url\":\"https:\\\/\\\/secure.gravatar.com\\\/avatar\\\/05c9a17bc973052ee5d91549bd32fb4dd0dc85b7b85ae94b2e2b4943476bbea5?s=96&d=blank&r=g\",\"contentUrl\":\"https:\\\/\\\/secure.gravatar.com\\\/avatar\\\/05c9a17bc973052ee5d91549bd32fb4dd0dc85b7b85ae94b2e2b4943476bbea5?s=96&d=blank&r=g\",\"caption\":\"Leinewelle\"},\"sameAs\":[\"http:\\\/\\\/localhost\\\/radio%20leinewelle\\\/wordpress\",\"https:\\\/\\\/www.facebook.com\\\/radioleinewelle\",\"https:\\\/\\\/www.instagram.com\\\/radioleinewelle\",\"https:\\\/\\\/x.com\\\/https:\\\/\\\/twitter.com\\\/RLeinewelle?ref_src=twsrcgoogletwcampserptwgrauthor\",\"https:\\\/\\\/soundcloud.com\\\/foerderverein-lokalradio?utm_source=clipboard&utm_medium=text&utm_campaign=social_sharing\"],\"url\":\"https:\\\/\\\/radioleinewelle.de\\\/index.php\\\/author\\\/leinewelle\\\/\"}]}<\/script>\n<!-- \/ Yoast SEO plugin. -->","yoast_head_json":{"title":"Schlo\u00df Herzberg zeigt: \"K\u00f6niginnen, F\u00fcrsten und M\u00e4tressen\" - Radio Leinewelle","robots":{"index":"index","follow":"follow","max-snippet":"max-snippet:-1","max-image-preview":"max-image-preview:large","max-video-preview":"max-video-preview:-1"},"canonical":"https:\/\/radioleinewelle.de\/index.php\/2020\/10\/14\/schloss-herzberg-zeigt-koeniginnen-fuersten-und-maetressen\/","og_locale":"de_DE","og_type":"article","og_title":"Schlo\u00df Herzberg zeigt: \"K\u00f6niginnen, F\u00fcrsten und M\u00e4tressen\" - Radio Leinewelle","og_description":"Unter dem Titel \u201eK\u00f6nige, K\u00f6niginnen, F\u00fcrsten und M\u00e4tressen\u201c pr\u00e4sentiert der F\u00f6rderverein Schloss Herzberg im Rittersaal des Schlosses eine Gem\u00e4ldeausstellung. Die Bilder aus dem Besitz des Museums, des Amtsgerichts Herzberg und des F\u00f6rdervereins sind seit Samstag, 10. Oktober, bis zum Donnerstag, 22. Oktober, zu sehen. Der F\u00f6rderverein Schloss Herzberg am Harz e.V. hat sich zum Ziel [&hellip;]","og_url":"https:\/\/radioleinewelle.de\/index.php\/2020\/10\/14\/schloss-herzberg-zeigt-koeniginnen-fuersten-und-maetressen\/","og_site_name":"Radio Leinewelle","article_publisher":"https:\/\/www.facebook.com\/radioleinewelle","article_author":"https:\/\/www.facebook.com\/radioleinewelle","article_published_time":"2020-10-14T03:30:03+00:00","author":"Leinewelle","twitter_card":"summary_large_image","twitter_creator":"@https:\/\/twitter.com\/RLeinewelle?ref_src=twsrcgoogletwcampserptwgrauthor","twitter_site":"@RLeinewelle","twitter_misc":{"Verfasst von":"Leinewelle","Gesch\u00e4tzte Lesezeit":"2\u00a0Minuten"},"schema":{"@context":"https:\/\/schema.org","@graph":[{"@type":"Article","@id":"https:\/\/radioleinewelle.de\/index.php\/2020\/10\/14\/schloss-herzberg-zeigt-koeniginnen-fuersten-und-maetressen\/#article","isPartOf":{"@id":"https:\/\/radioleinewelle.de\/index.php\/2020\/10\/14\/schloss-herzberg-zeigt-koeniginnen-fuersten-und-maetressen\/"},"author":{"name":"Leinewelle","@id":"https:\/\/radioleinewelle.de\/#\/schema\/person\/45606f348637df637192dc1b68399a63"},"headline":"Schlo\u00df Herzberg zeigt: &#8222;K\u00f6niginnen, F\u00fcrsten und M\u00e4tressen&#8220;","datePublished":"2020-10-14T03:30:03+00:00","mainEntityOfPage":{"@id":"https:\/\/radioleinewelle.de\/index.php\/2020\/10\/14\/schloss-herzberg-zeigt-koeniginnen-fuersten-und-maetressen\/"},"wordCount":383,"publisher":{"@id":"https:\/\/radioleinewelle.de\/#organization"},"articleSection":["Kultur"],"inLanguage":"de"},{"@type":"WebPage","@id":"https:\/\/radioleinewelle.de\/index.php\/2020\/10\/14\/schloss-herzberg-zeigt-koeniginnen-fuersten-und-maetressen\/","url":"https:\/\/radioleinewelle.de\/index.php\/2020\/10\/14\/schloss-herzberg-zeigt-koeniginnen-fuersten-und-maetressen\/","name":"Schlo\u00df Herzberg zeigt: \"K\u00f6niginnen, F\u00fcrsten und M\u00e4tressen\" - Radio Leinewelle","isPartOf":{"@id":"https:\/\/radioleinewelle.de\/#website"},"datePublished":"2020-10-14T03:30:03+00:00","breadcrumb":{"@id":"https:\/\/radioleinewelle.de\/index.php\/2020\/10\/14\/schloss-herzberg-zeigt-koeniginnen-fuersten-und-maetressen\/#breadcrumb"},"inLanguage":"de","potentialAction":[{"@type":"ReadAction","target":["https:\/\/radioleinewelle.de\/index.php\/2020\/10\/14\/schloss-herzberg-zeigt-koeniginnen-fuersten-und-maetressen\/"]}]},{"@type":"BreadcrumbList","@id":"https:\/\/radioleinewelle.de\/index.php\/2020\/10\/14\/schloss-herzberg-zeigt-koeniginnen-fuersten-und-maetressen\/#breadcrumb","itemListElement":[{"@type":"ListItem","position":1,"name":"Startseite","item":"https:\/\/radioleinewelle.de\/"},{"@type":"ListItem","position":2,"name":"Schlo\u00df Herzberg zeigt: &#8222;K\u00f6niginnen, F\u00fcrsten und M\u00e4tressen&#8220;"}]},{"@type":"WebSite","@id":"https:\/\/radioleinewelle.de\/#website","url":"https:\/\/radioleinewelle.de\/","name":"Radio Leinewelle","description":"","publisher":{"@id":"https:\/\/radioleinewelle.de\/#organization"},"potentialAction":[{"@type":"SearchAction","target":{"@type":"EntryPoint","urlTemplate":"https:\/\/radioleinewelle.de\/?s={search_term_string}"},"query-input":{"@type":"PropertyValueSpecification","valueRequired":true,"valueName":"search_term_string"}}],"inLanguage":"de"},{"@type":"Organization","@id":"https:\/\/radioleinewelle.de\/#organization","name":"Radio Leinewelle","alternateName":"Mein Radio f\u00fcr S\u00fcdniedersachsen","url":"https:\/\/radioleinewelle.de\/","logo":{"@type":"ImageObject","inLanguage":"de","@id":"https:\/\/radioleinewelle.de\/#\/schema\/logo\/image\/","url":"https:\/\/radioleinewelle.de\/wp-content\/uploads\/2023\/11\/cropped-Leinewelle_Logo_weiss.png","contentUrl":"https:\/\/radioleinewelle.de\/wp-content\/uploads\/2023\/11\/cropped-Leinewelle_Logo_weiss.png","width":854,"height":260,"caption":"Radio Leinewelle"},"image":{"@id":"https:\/\/radioleinewelle.de\/#\/schema\/logo\/image\/"},"sameAs":["https:\/\/www.facebook.com\/radioleinewelle","https:\/\/x.com\/RLeinewelle","https:\/\/www.instagram.com\/radioleinewelle\/?hl=de"]},{"@type":"Person","@id":"https:\/\/radioleinewelle.de\/#\/schema\/person\/45606f348637df637192dc1b68399a63","name":"Leinewelle","image":{"@type":"ImageObject","inLanguage":"de","@id":"https:\/\/secure.gravatar.com\/avatar\/05c9a17bc973052ee5d91549bd32fb4dd0dc85b7b85ae94b2e2b4943476bbea5?s=96&d=blank&r=g","url":"https:\/\/secure.gravatar.com\/avatar\/05c9a17bc973052ee5d91549bd32fb4dd0dc85b7b85ae94b2e2b4943476bbea5?s=96&d=blank&r=g","contentUrl":"https:\/\/secure.gravatar.com\/avatar\/05c9a17bc973052ee5d91549bd32fb4dd0dc85b7b85ae94b2e2b4943476bbea5?s=96&d=blank&r=g","caption":"Leinewelle"},"sameAs":["http:\/\/localhost\/radio%20leinewelle\/wordpress","https:\/\/www.facebook.com\/radioleinewelle","https:\/\/www.instagram.com\/radioleinewelle","https:\/\/x.com\/https:\/\/twitter.com\/RLeinewelle?ref_src=twsrcgoogletwcampserptwgrauthor","https:\/\/soundcloud.com\/foerderverein-lokalradio?utm_source=clipboard&utm_medium=text&utm_campaign=social_sharing"],"url":"https:\/\/radioleinewelle.de\/index.php\/author\/leinewelle\/"}]}},"_links":{"self":[{"href":"https:\/\/radioleinewelle.de\/index.php\/wp-json\/wp\/v2\/posts\/2319","targetHints":{"allow":["GET"]}}],"collection":[{"href":"https:\/\/radioleinewelle.de\/index.php\/wp-json\/wp\/v2\/posts"}],"about":[{"href":"https:\/\/radioleinewelle.de\/index.php\/wp-json\/wp\/v2\/types\/post"}],"author":[{"embeddable":true,"href":"https:\/\/radioleinewelle.de\/index.php\/wp-json\/wp\/v2\/users\/1"}],"replies":[{"embeddable":true,"href":"https:\/\/radioleinewelle.de\/index.php\/wp-json\/wp\/v2\/comments?post=2319"}],"version-history":[{"count":0,"href":"https:\/\/radioleinewelle.de\/index.php\/wp-json\/wp\/v2\/posts\/2319\/revisions"}],"wp:attachment":[{"href":"https:\/\/radioleinewelle.de\/index.php\/wp-json\/wp\/v2\/media?parent=2319"}],"wp:term":[{"taxonomy":"category","embeddable":true,"href":"https:\/\/radioleinewelle.de\/index.php\/wp-json\/wp\/v2\/categories?post=2319"},{"taxonomy":"post_tag","embeddable":true,"href":"https:\/\/radioleinewelle.de\/index.php\/wp-json\/wp\/v2\/tags?post=2319"}],"curies":[{"name":"wp","href":"https:\/\/api.w.org\/{rel}","templated":true}]}}