{"id":23327,"date":"2023-08-19T09:49:00","date_gmt":"2023-08-19T07:49:00","guid":{"rendered":"https:\/\/radioleinewelle.de\/?p=23327"},"modified":"2023-08-21T09:50:38","modified_gmt":"2023-08-21T07:50:38","slug":"innenstadtbusring-seit-donnerstag-wieder-in-betrieb","status":"publish","type":"post","link":"https:\/\/radioleinewelle.de\/index.php\/2023\/08\/19\/innenstadtbusring-seit-donnerstag-wieder-in-betrieb\/","title":{"rendered":"Innenstadtbusring seit Donnerstag wieder in Betrieb"},"content":{"rendered":"\n<p>P\u00fcnktlich zum Schulbeginn endete die Sommerbaustelle in der G\u00f6ttinger Innenstadt. Ab vergangenen Donnerstag ist der Busring wieder in vollem Betrieb, die Sperrungen sind aufgehoben. <span style=\"caret-color: rgb(5, 5, 5); color: rgb(5, 5, 5); font-family: arial, helvetica, sans-serif; font-size: 15px; white-space: normal;\">Dass es keine gr\u00f6\u00dferen Probleme gab, sei vor allem den Mitwirkenden zu verdanken, die sich fortlaufend untereinander abgestimmt und im Sinne eines z\u00fcgigen Bauablaufs gehandelt h\u00e4tten. Mit dem Bus-Shuttle h\u00e4tten die G\u00f6ttinger Verkehrsbetriebe trotz ihres Sommerfahrplans einen besonderen Service auf die Beine gestellt. \u00dcber eine eigens eingerichtete Hotline und einen Blog hatte die Stadtverwaltung ein umfangreiches Informationsangebot vorgehalten.<\/span>\u00a0Ca. 8500 G\u00f6ttinger:innen t\u00e4glich h\u00e4tten das Shuttleangebot genutzt, so Michael Neugebauer, der Leiter der G\u00f6ttinger Verkehrsbetriebe.<\/p>\n\n\n\n<blockquote class=\"wp-block-quote is-layout-flow wp-block-quote-is-layout-flow\">\n<p><p class=\"false\" style=\"white-space: normal; caret-color: rgb(5, 5, 5); color: rgb(5, 5, 5); font-family: arial, helvetica, sans-serif; font-size: 15px;\">\u201eDas war eine Punktlandung. Das Ziel war, die Arbeiten in den Sommerferien abzuwickeln. Unser Ziel ist erreicht, hier sind viele R\u00e4dchen nahezu reibungslos ineinandergelaufen.\u201c<\/p><\/p>\n<cite><p class=\"false\" style=\"white-space: normal; caret-color: rgb(5, 5, 5); color: rgb(5, 5, 5); font-family: arial, helvetica, sans-serif; font-size: 15px;\">Stadtbaurat Frithjof Look<\/p><\/cite><\/blockquote>\n\n\n\n<p><strong>Mit Beendigung der Arbeiten wurden rund<\/strong><\/p>\n\n\n\n<ul class=\"wp-block-list\">\n<li>40 Meter Busbordanlagen neu gesetzt<\/li>\n\n\n\n<li>70 Meter abgesackte, zweireihige Gossenanlagen ausgebaut und neu gesetzt<\/li>\n\n\n\n<li>210 Meter ausgebrochene Fugen der Gossenanlagen (zweireihig) neu verfugt<\/li>\n\n\n\n<li>150 Quadratmeter punktuelle Verdr\u00fcckungen in Pflasterfl\u00e4chen beseitigt<\/li>\n\n\n\n<li>120 Quadratmeter Granitfl\u00e4chen in gebundener Bauweise fugensaniert<\/li>\n\n\n\n<li>500 Quadratmeter Deckschicht der Asphaltfahrbahn erneuert (entspricht einer L\u00e4nge von etwa 390 Metern)<\/li>\n\n\n\n<li>400 Meter Asphaltfugen im Busring wurden geschnitten und vergossen<\/li>\n\n\n\n<li>18 Schachtabdeckungen durch die GEB erneuert<\/li>\n<\/ul>\n\n\n\n<p><span style=\"caret-color: rgb(5, 5, 5); color: rgb(5, 5, 5); font-family: arial, helvetica, sans-serif; font-size: 15px; white-space: normal;\">Seit Beginn der Sommerferien hatten die Stadtwerke G\u00f6ttingen AG den Fernw\u00e4rmeausbau in der Innenstadt f\u00fcr die G\u00f6ttinger Klimaziele vorangebracht. Der gesamte Busring war seitdem gesperrt. Gleichzeitig fanden weitere Bauarbeiten statt, um Sanierungsarbeiten an Asphalt- und Pflasteroberfl\u00e4chen sowie Gossenregulierungen vorzunehmen. Die G\u00f6ttinger Entsorgungsbetriebe f\u00fchrten au\u00dferdem kleinere Reparaturarbeiten an Schachtabdeckungen durch.\u00a0<\/span><\/p>\n\n\n\n<p><strong>Foto:<\/strong> (v.l.n.r.) Dirk Brandenburg (Entsorgungsbetriebe), Volker Hempfing (FB Baubetrieb), Frithjof Look (Stadtbaurat) und Michael Neugebauer (G\u00f6ttinger  Verkehrsbetriebe) \u00a9Radio Leinewelle (je)<\/p>\n\n\n\n<p><p class=\"false\" style=\"white-space: normal; caret-color: rgb(5, 5, 5); color: rgb(5, 5, 5); font-family: arial, helvetica, sans-serif; font-size: 15px;\"> <\/p><\/p>\n","protected":false},"excerpt":{"rendered":"<p>P\u00fcnktlich zum Schulbeginn endete die Sommerbaustelle in der G\u00f6ttinger Innenstadt. Ab vergangenen Donnerstag ist der Busring wieder in vollem Betrieb, die Sperrungen sind aufgehoben. Dass es keine gr\u00f6\u00dferen Probleme gab, sei vor allem den Mitwirkenden zu verdanken, die sich fortlaufend untereinander abgestimmt und im Sinne eines z\u00fcgigen Bauablaufs gehandelt h\u00e4tten. Mit dem Bus-Shuttle h\u00e4tten die [&hellip;]<\/p>\n","protected":false},"author":1,"featured_media":23336,"comment_status":"open","ping_status":"open","sticky":true,"template":"","format":"standard","meta":{"saved_in_kubio":false,"footnotes":""},"categories":[24],"tags":[4026],"class_list":["post-23327","post","type-post","status-publish","format-standard","has-post-thumbnail","hentry","category-news","tag-busring-goettingen"],"yoast_head":"<!-- This site is optimized with the Yoast SEO plugin v27.5 - https:\/\/yoast.com\/product\/yoast-seo-wordpress\/ -->\n<title>Innenstadtbusring seit Donnerstag wieder in Betrieb - Radio Leinewelle<\/title>\n<meta name=\"robots\" content=\"index, follow, max-snippet:-1, max-image-preview:large, max-video-preview:-1\" \/>\n<link rel=\"canonical\" href=\"https:\/\/radioleinewelle.de\/index.php\/2023\/08\/19\/innenstadtbusring-seit-donnerstag-wieder-in-betrieb\/\" \/>\n<meta property=\"og:locale\" content=\"de_DE\" \/>\n<meta property=\"og:type\" content=\"article\" \/>\n<meta property=\"og:title\" content=\"Innenstadtbusring seit Donnerstag wieder in Betrieb - Radio Leinewelle\" \/>\n<meta property=\"og:description\" content=\"P\u00fcnktlich zum Schulbeginn endete die Sommerbaustelle in der G\u00f6ttinger Innenstadt. Ab vergangenen Donnerstag ist der Busring wieder in vollem Betrieb, die Sperrungen sind aufgehoben. Dass es keine gr\u00f6\u00dferen Probleme gab, sei vor allem den Mitwirkenden zu verdanken, die sich fortlaufend untereinander abgestimmt und im Sinne eines z\u00fcgigen Bauablaufs gehandelt h\u00e4tten. Mit dem Bus-Shuttle h\u00e4tten die [&hellip;]\" \/>\n<meta property=\"og:url\" content=\"https:\/\/radioleinewelle.de\/index.php\/2023\/08\/19\/innenstadtbusring-seit-donnerstag-wieder-in-betrieb\/\" \/>\n<meta property=\"og:site_name\" content=\"Radio Leinewelle\" \/>\n<meta property=\"article:publisher\" content=\"https:\/\/www.facebook.com\/radioleinewelle\" \/>\n<meta property=\"article:author\" content=\"https:\/\/www.facebook.com\/radioleinewelle\" \/>\n<meta property=\"article:published_time\" content=\"2023-08-19T07:49:00+00:00\" \/>\n<meta property=\"article:modified_time\" content=\"2023-08-21T07:50:38+00:00\" \/>\n<meta property=\"og:image\" content=\"https:\/\/radioleinewelle.de\/wp-content\/uploads\/2023\/08\/Buslinie-Innenstadt.jpg\" \/>\n\t<meta property=\"og:image:width\" content=\"1238\" \/>\n\t<meta property=\"og:image:height\" content=\"1197\" \/>\n\t<meta property=\"og:image:type\" content=\"image\/jpeg\" \/>\n<meta name=\"author\" content=\"Leinewelle\" \/>\n<meta name=\"twitter:card\" content=\"summary_large_image\" \/>\n<meta name=\"twitter:creator\" content=\"@https:\/\/twitter.com\/RLeinewelle?ref_src=twsrcgoogletwcampserptwgrauthor\" \/>\n<meta name=\"twitter:site\" content=\"@RLeinewelle\" \/>\n<meta name=\"twitter:label1\" content=\"Verfasst von\" \/>\n\t<meta name=\"twitter:data1\" content=\"Leinewelle\" \/>\n\t<meta name=\"twitter:label2\" content=\"Gesch\u00e4tzte Lesezeit\" \/>\n\t<meta name=\"twitter:data2\" content=\"2\u00a0Minuten\" \/>\n<script type=\"application\/ld+json\" class=\"yoast-schema-graph\">{\"@context\":\"https:\\\/\\\/schema.org\",\"@graph\":[{\"@type\":\"Article\",\"@id\":\"https:\\\/\\\/radioleinewelle.de\\\/index.php\\\/2023\\\/08\\\/19\\\/innenstadtbusring-seit-donnerstag-wieder-in-betrieb\\\/#article\",\"isPartOf\":{\"@id\":\"https:\\\/\\\/radioleinewelle.de\\\/index.php\\\/2023\\\/08\\\/19\\\/innenstadtbusring-seit-donnerstag-wieder-in-betrieb\\\/\"},\"author\":{\"name\":\"Leinewelle\",\"@id\":\"https:\\\/\\\/radioleinewelle.de\\\/#\\\/schema\\\/person\\\/45606f348637df637192dc1b68399a63\"},\"headline\":\"Innenstadtbusring seit Donnerstag wieder in Betrieb\",\"datePublished\":\"2023-08-19T07:49:00+00:00\",\"dateModified\":\"2023-08-21T07:50:38+00:00\",\"mainEntityOfPage\":{\"@id\":\"https:\\\/\\\/radioleinewelle.de\\\/index.php\\\/2023\\\/08\\\/19\\\/innenstadtbusring-seit-donnerstag-wieder-in-betrieb\\\/\"},\"wordCount\":290,\"commentCount\":0,\"publisher\":{\"@id\":\"https:\\\/\\\/radioleinewelle.de\\\/#organization\"},\"image\":{\"@id\":\"https:\\\/\\\/radioleinewelle.de\\\/index.php\\\/2023\\\/08\\\/19\\\/innenstadtbusring-seit-donnerstag-wieder-in-betrieb\\\/#primaryimage\"},\"thumbnailUrl\":\"https:\\\/\\\/radioleinewelle.de\\\/wp-content\\\/uploads\\\/2023\\\/08\\\/Buslinie-Innenstadt.jpg\",\"keywords\":[\"Busring G\u00f6ttingen\"],\"articleSection\":[\"Aktuelle Nachrichten\"],\"inLanguage\":\"de\",\"potentialAction\":[{\"@type\":\"CommentAction\",\"name\":\"Comment\",\"target\":[\"https:\\\/\\\/radioleinewelle.de\\\/index.php\\\/2023\\\/08\\\/19\\\/innenstadtbusring-seit-donnerstag-wieder-in-betrieb\\\/#respond\"]}]},{\"@type\":\"WebPage\",\"@id\":\"https:\\\/\\\/radioleinewelle.de\\\/index.php\\\/2023\\\/08\\\/19\\\/innenstadtbusring-seit-donnerstag-wieder-in-betrieb\\\/\",\"url\":\"https:\\\/\\\/radioleinewelle.de\\\/index.php\\\/2023\\\/08\\\/19\\\/innenstadtbusring-seit-donnerstag-wieder-in-betrieb\\\/\",\"name\":\"Innenstadtbusring seit Donnerstag wieder in Betrieb - Radio Leinewelle\",\"isPartOf\":{\"@id\":\"https:\\\/\\\/radioleinewelle.de\\\/#website\"},\"primaryImageOfPage\":{\"@id\":\"https:\\\/\\\/radioleinewelle.de\\\/index.php\\\/2023\\\/08\\\/19\\\/innenstadtbusring-seit-donnerstag-wieder-in-betrieb\\\/#primaryimage\"},\"image\":{\"@id\":\"https:\\\/\\\/radioleinewelle.de\\\/index.php\\\/2023\\\/08\\\/19\\\/innenstadtbusring-seit-donnerstag-wieder-in-betrieb\\\/#primaryimage\"},\"thumbnailUrl\":\"https:\\\/\\\/radioleinewelle.de\\\/wp-content\\\/uploads\\\/2023\\\/08\\\/Buslinie-Innenstadt.jpg\",\"datePublished\":\"2023-08-19T07:49:00+00:00\",\"dateModified\":\"2023-08-21T07:50:38+00:00\",\"breadcrumb\":{\"@id\":\"https:\\\/\\\/radioleinewelle.de\\\/index.php\\\/2023\\\/08\\\/19\\\/innenstadtbusring-seit-donnerstag-wieder-in-betrieb\\\/#breadcrumb\"},\"inLanguage\":\"de\",\"potentialAction\":[{\"@type\":\"ReadAction\",\"target\":[\"https:\\\/\\\/radioleinewelle.de\\\/index.php\\\/2023\\\/08\\\/19\\\/innenstadtbusring-seit-donnerstag-wieder-in-betrieb\\\/\"]}]},{\"@type\":\"ImageObject\",\"inLanguage\":\"de\",\"@id\":\"https:\\\/\\\/radioleinewelle.de\\\/index.php\\\/2023\\\/08\\\/19\\\/innenstadtbusring-seit-donnerstag-wieder-in-betrieb\\\/#primaryimage\",\"url\":\"https:\\\/\\\/radioleinewelle.de\\\/wp-content\\\/uploads\\\/2023\\\/08\\\/Buslinie-Innenstadt.jpg\",\"contentUrl\":\"https:\\\/\\\/radioleinewelle.de\\\/wp-content\\\/uploads\\\/2023\\\/08\\\/Buslinie-Innenstadt.jpg\",\"width\":1238,\"height\":1197},{\"@type\":\"BreadcrumbList\",\"@id\":\"https:\\\/\\\/radioleinewelle.de\\\/index.php\\\/2023\\\/08\\\/19\\\/innenstadtbusring-seit-donnerstag-wieder-in-betrieb\\\/#breadcrumb\",\"itemListElement\":[{\"@type\":\"ListItem\",\"position\":1,\"name\":\"Startseite\",\"item\":\"https:\\\/\\\/radioleinewelle.de\\\/\"},{\"@type\":\"ListItem\",\"position\":2,\"name\":\"Innenstadtbusring seit Donnerstag wieder in Betrieb\"}]},{\"@type\":\"WebSite\",\"@id\":\"https:\\\/\\\/radioleinewelle.de\\\/#website\",\"url\":\"https:\\\/\\\/radioleinewelle.de\\\/\",\"name\":\"Radio Leinewelle\",\"description\":\"\",\"publisher\":{\"@id\":\"https:\\\/\\\/radioleinewelle.de\\\/#organization\"},\"potentialAction\":[{\"@type\":\"SearchAction\",\"target\":{\"@type\":\"EntryPoint\",\"urlTemplate\":\"https:\\\/\\\/radioleinewelle.de\\\/?s={search_term_string}\"},\"query-input\":{\"@type\":\"PropertyValueSpecification\",\"valueRequired\":true,\"valueName\":\"search_term_string\"}}],\"inLanguage\":\"de\"},{\"@type\":\"Organization\",\"@id\":\"https:\\\/\\\/radioleinewelle.de\\\/#organization\",\"name\":\"Radio Leinewelle\",\"alternateName\":\"Mein Radio f\u00fcr S\u00fcdniedersachsen\",\"url\":\"https:\\\/\\\/radioleinewelle.de\\\/\",\"logo\":{\"@type\":\"ImageObject\",\"inLanguage\":\"de\",\"@id\":\"https:\\\/\\\/radioleinewelle.de\\\/#\\\/schema\\\/logo\\\/image\\\/\",\"url\":\"https:\\\/\\\/radioleinewelle.de\\\/wp-content\\\/uploads\\\/2023\\\/11\\\/cropped-Leinewelle_Logo_weiss.png\",\"contentUrl\":\"https:\\\/\\\/radioleinewelle.de\\\/wp-content\\\/uploads\\\/2023\\\/11\\\/cropped-Leinewelle_Logo_weiss.png\",\"width\":854,\"height\":260,\"caption\":\"Radio Leinewelle\"},\"image\":{\"@id\":\"https:\\\/\\\/radioleinewelle.de\\\/#\\\/schema\\\/logo\\\/image\\\/\"},\"sameAs\":[\"https:\\\/\\\/www.facebook.com\\\/radioleinewelle\",\"https:\\\/\\\/x.com\\\/RLeinewelle\",\"https:\\\/\\\/www.instagram.com\\\/radioleinewelle\\\/?hl=de\"]},{\"@type\":\"Person\",\"@id\":\"https:\\\/\\\/radioleinewelle.de\\\/#\\\/schema\\\/person\\\/45606f348637df637192dc1b68399a63\",\"name\":\"Leinewelle\",\"image\":{\"@type\":\"ImageObject\",\"inLanguage\":\"de\",\"@id\":\"https:\\\/\\\/secure.gravatar.com\\\/avatar\\\/05c9a17bc973052ee5d91549bd32fb4dd0dc85b7b85ae94b2e2b4943476bbea5?s=96&d=blank&r=g\",\"url\":\"https:\\\/\\\/secure.gravatar.com\\\/avatar\\\/05c9a17bc973052ee5d91549bd32fb4dd0dc85b7b85ae94b2e2b4943476bbea5?s=96&d=blank&r=g\",\"contentUrl\":\"https:\\\/\\\/secure.gravatar.com\\\/avatar\\\/05c9a17bc973052ee5d91549bd32fb4dd0dc85b7b85ae94b2e2b4943476bbea5?s=96&d=blank&r=g\",\"caption\":\"Leinewelle\"},\"sameAs\":[\"http:\\\/\\\/localhost\\\/radio%20leinewelle\\\/wordpress\",\"https:\\\/\\\/www.facebook.com\\\/radioleinewelle\",\"https:\\\/\\\/www.instagram.com\\\/radioleinewelle\",\"https:\\\/\\\/x.com\\\/https:\\\/\\\/twitter.com\\\/RLeinewelle?ref_src=twsrcgoogletwcampserptwgrauthor\",\"https:\\\/\\\/soundcloud.com\\\/foerderverein-lokalradio?utm_source=clipboard&utm_medium=text&utm_campaign=social_sharing\"],\"url\":\"https:\\\/\\\/radioleinewelle.de\\\/index.php\\\/author\\\/leinewelle\\\/\"}]}<\/script>\n<!-- \/ Yoast SEO plugin. -->","yoast_head_json":{"title":"Innenstadtbusring seit Donnerstag wieder in Betrieb - Radio Leinewelle","robots":{"index":"index","follow":"follow","max-snippet":"max-snippet:-1","max-image-preview":"max-image-preview:large","max-video-preview":"max-video-preview:-1"},"canonical":"https:\/\/radioleinewelle.de\/index.php\/2023\/08\/19\/innenstadtbusring-seit-donnerstag-wieder-in-betrieb\/","og_locale":"de_DE","og_type":"article","og_title":"Innenstadtbusring seit Donnerstag wieder in Betrieb - Radio Leinewelle","og_description":"P\u00fcnktlich zum Schulbeginn endete die Sommerbaustelle in der G\u00f6ttinger Innenstadt. Ab vergangenen Donnerstag ist der Busring wieder in vollem Betrieb, die Sperrungen sind aufgehoben. Dass es keine gr\u00f6\u00dferen Probleme gab, sei vor allem den Mitwirkenden zu verdanken, die sich fortlaufend untereinander abgestimmt und im Sinne eines z\u00fcgigen Bauablaufs gehandelt h\u00e4tten. Mit dem Bus-Shuttle h\u00e4tten die [&hellip;]","og_url":"https:\/\/radioleinewelle.de\/index.php\/2023\/08\/19\/innenstadtbusring-seit-donnerstag-wieder-in-betrieb\/","og_site_name":"Radio Leinewelle","article_publisher":"https:\/\/www.facebook.com\/radioleinewelle","article_author":"https:\/\/www.facebook.com\/radioleinewelle","article_published_time":"2023-08-19T07:49:00+00:00","article_modified_time":"2023-08-21T07:50:38+00:00","og_image":[{"width":1238,"height":1197,"url":"https:\/\/radioleinewelle.de\/wp-content\/uploads\/2023\/08\/Buslinie-Innenstadt.jpg","type":"image\/jpeg"}],"author":"Leinewelle","twitter_card":"summary_large_image","twitter_creator":"@https:\/\/twitter.com\/RLeinewelle?ref_src=twsrcgoogletwcampserptwgrauthor","twitter_site":"@RLeinewelle","twitter_misc":{"Verfasst von":"Leinewelle","Gesch\u00e4tzte Lesezeit":"2\u00a0Minuten"},"schema":{"@context":"https:\/\/schema.org","@graph":[{"@type":"Article","@id":"https:\/\/radioleinewelle.de\/index.php\/2023\/08\/19\/innenstadtbusring-seit-donnerstag-wieder-in-betrieb\/#article","isPartOf":{"@id":"https:\/\/radioleinewelle.de\/index.php\/2023\/08\/19\/innenstadtbusring-seit-donnerstag-wieder-in-betrieb\/"},"author":{"name":"Leinewelle","@id":"https:\/\/radioleinewelle.de\/#\/schema\/person\/45606f348637df637192dc1b68399a63"},"headline":"Innenstadtbusring seit Donnerstag wieder in Betrieb","datePublished":"2023-08-19T07:49:00+00:00","dateModified":"2023-08-21T07:50:38+00:00","mainEntityOfPage":{"@id":"https:\/\/radioleinewelle.de\/index.php\/2023\/08\/19\/innenstadtbusring-seit-donnerstag-wieder-in-betrieb\/"},"wordCount":290,"commentCount":0,"publisher":{"@id":"https:\/\/radioleinewelle.de\/#organization"},"image":{"@id":"https:\/\/radioleinewelle.de\/index.php\/2023\/08\/19\/innenstadtbusring-seit-donnerstag-wieder-in-betrieb\/#primaryimage"},"thumbnailUrl":"https:\/\/radioleinewelle.de\/wp-content\/uploads\/2023\/08\/Buslinie-Innenstadt.jpg","keywords":["Busring G\u00f6ttingen"],"articleSection":["Aktuelle Nachrichten"],"inLanguage":"de","potentialAction":[{"@type":"CommentAction","name":"Comment","target":["https:\/\/radioleinewelle.de\/index.php\/2023\/08\/19\/innenstadtbusring-seit-donnerstag-wieder-in-betrieb\/#respond"]}]},{"@type":"WebPage","@id":"https:\/\/radioleinewelle.de\/index.php\/2023\/08\/19\/innenstadtbusring-seit-donnerstag-wieder-in-betrieb\/","url":"https:\/\/radioleinewelle.de\/index.php\/2023\/08\/19\/innenstadtbusring-seit-donnerstag-wieder-in-betrieb\/","name":"Innenstadtbusring seit Donnerstag wieder in Betrieb - Radio Leinewelle","isPartOf":{"@id":"https:\/\/radioleinewelle.de\/#website"},"primaryImageOfPage":{"@id":"https:\/\/radioleinewelle.de\/index.php\/2023\/08\/19\/innenstadtbusring-seit-donnerstag-wieder-in-betrieb\/#primaryimage"},"image":{"@id":"https:\/\/radioleinewelle.de\/index.php\/2023\/08\/19\/innenstadtbusring-seit-donnerstag-wieder-in-betrieb\/#primaryimage"},"thumbnailUrl":"https:\/\/radioleinewelle.de\/wp-content\/uploads\/2023\/08\/Buslinie-Innenstadt.jpg","datePublished":"2023-08-19T07:49:00+00:00","dateModified":"2023-08-21T07:50:38+00:00","breadcrumb":{"@id":"https:\/\/radioleinewelle.de\/index.php\/2023\/08\/19\/innenstadtbusring-seit-donnerstag-wieder-in-betrieb\/#breadcrumb"},"inLanguage":"de","potentialAction":[{"@type":"ReadAction","target":["https:\/\/radioleinewelle.de\/index.php\/2023\/08\/19\/innenstadtbusring-seit-donnerstag-wieder-in-betrieb\/"]}]},{"@type":"ImageObject","inLanguage":"de","@id":"https:\/\/radioleinewelle.de\/index.php\/2023\/08\/19\/innenstadtbusring-seit-donnerstag-wieder-in-betrieb\/#primaryimage","url":"https:\/\/radioleinewelle.de\/wp-content\/uploads\/2023\/08\/Buslinie-Innenstadt.jpg","contentUrl":"https:\/\/radioleinewelle.de\/wp-content\/uploads\/2023\/08\/Buslinie-Innenstadt.jpg","width":1238,"height":1197},{"@type":"BreadcrumbList","@id":"https:\/\/radioleinewelle.de\/index.php\/2023\/08\/19\/innenstadtbusring-seit-donnerstag-wieder-in-betrieb\/#breadcrumb","itemListElement":[{"@type":"ListItem","position":1,"name":"Startseite","item":"https:\/\/radioleinewelle.de\/"},{"@type":"ListItem","position":2,"name":"Innenstadtbusring seit Donnerstag wieder in Betrieb"}]},{"@type":"WebSite","@id":"https:\/\/radioleinewelle.de\/#website","url":"https:\/\/radioleinewelle.de\/","name":"Radio Leinewelle","description":"","publisher":{"@id":"https:\/\/radioleinewelle.de\/#organization"},"potentialAction":[{"@type":"SearchAction","target":{"@type":"EntryPoint","urlTemplate":"https:\/\/radioleinewelle.de\/?s={search_term_string}"},"query-input":{"@type":"PropertyValueSpecification","valueRequired":true,"valueName":"search_term_string"}}],"inLanguage":"de"},{"@type":"Organization","@id":"https:\/\/radioleinewelle.de\/#organization","name":"Radio Leinewelle","alternateName":"Mein Radio f\u00fcr S\u00fcdniedersachsen","url":"https:\/\/radioleinewelle.de\/","logo":{"@type":"ImageObject","inLanguage":"de","@id":"https:\/\/radioleinewelle.de\/#\/schema\/logo\/image\/","url":"https:\/\/radioleinewelle.de\/wp-content\/uploads\/2023\/11\/cropped-Leinewelle_Logo_weiss.png","contentUrl":"https:\/\/radioleinewelle.de\/wp-content\/uploads\/2023\/11\/cropped-Leinewelle_Logo_weiss.png","width":854,"height":260,"caption":"Radio Leinewelle"},"image":{"@id":"https:\/\/radioleinewelle.de\/#\/schema\/logo\/image\/"},"sameAs":["https:\/\/www.facebook.com\/radioleinewelle","https:\/\/x.com\/RLeinewelle","https:\/\/www.instagram.com\/radioleinewelle\/?hl=de"]},{"@type":"Person","@id":"https:\/\/radioleinewelle.de\/#\/schema\/person\/45606f348637df637192dc1b68399a63","name":"Leinewelle","image":{"@type":"ImageObject","inLanguage":"de","@id":"https:\/\/secure.gravatar.com\/avatar\/05c9a17bc973052ee5d91549bd32fb4dd0dc85b7b85ae94b2e2b4943476bbea5?s=96&d=blank&r=g","url":"https:\/\/secure.gravatar.com\/avatar\/05c9a17bc973052ee5d91549bd32fb4dd0dc85b7b85ae94b2e2b4943476bbea5?s=96&d=blank&r=g","contentUrl":"https:\/\/secure.gravatar.com\/avatar\/05c9a17bc973052ee5d91549bd32fb4dd0dc85b7b85ae94b2e2b4943476bbea5?s=96&d=blank&r=g","caption":"Leinewelle"},"sameAs":["http:\/\/localhost\/radio%20leinewelle\/wordpress","https:\/\/www.facebook.com\/radioleinewelle","https:\/\/www.instagram.com\/radioleinewelle","https:\/\/x.com\/https:\/\/twitter.com\/RLeinewelle?ref_src=twsrcgoogletwcampserptwgrauthor","https:\/\/soundcloud.com\/foerderverein-lokalradio?utm_source=clipboard&utm_medium=text&utm_campaign=social_sharing"],"url":"https:\/\/radioleinewelle.de\/index.php\/author\/leinewelle\/"}]}},"_links":{"self":[{"href":"https:\/\/radioleinewelle.de\/index.php\/wp-json\/wp\/v2\/posts\/23327","targetHints":{"allow":["GET"]}}],"collection":[{"href":"https:\/\/radioleinewelle.de\/index.php\/wp-json\/wp\/v2\/posts"}],"about":[{"href":"https:\/\/radioleinewelle.de\/index.php\/wp-json\/wp\/v2\/types\/post"}],"author":[{"embeddable":true,"href":"https:\/\/radioleinewelle.de\/index.php\/wp-json\/wp\/v2\/users\/1"}],"replies":[{"embeddable":true,"href":"https:\/\/radioleinewelle.de\/index.php\/wp-json\/wp\/v2\/comments?post=23327"}],"version-history":[{"count":3,"href":"https:\/\/radioleinewelle.de\/index.php\/wp-json\/wp\/v2\/posts\/23327\/revisions"}],"predecessor-version":[{"id":23338,"href":"https:\/\/radioleinewelle.de\/index.php\/wp-json\/wp\/v2\/posts\/23327\/revisions\/23338"}],"wp:featuredmedia":[{"embeddable":true,"href":"https:\/\/radioleinewelle.de\/index.php\/wp-json\/wp\/v2\/media\/23336"}],"wp:attachment":[{"href":"https:\/\/radioleinewelle.de\/index.php\/wp-json\/wp\/v2\/media?parent=23327"}],"wp:term":[{"taxonomy":"category","embeddable":true,"href":"https:\/\/radioleinewelle.de\/index.php\/wp-json\/wp\/v2\/categories?post=23327"},{"taxonomy":"post_tag","embeddable":true,"href":"https:\/\/radioleinewelle.de\/index.php\/wp-json\/wp\/v2\/tags?post=23327"}],"curies":[{"name":"wp","href":"https:\/\/api.w.org\/{rel}","templated":true}]}}