{"id":23328,"date":"2023-08-21T04:29:00","date_gmt":"2023-08-21T02:29:00","guid":{"rendered":"https:\/\/radioleinewelle.de\/?p=23328"},"modified":"2023-08-20T22:30:19","modified_gmt":"2023-08-20T20:30:19","slug":"news-und-hinweise-am-21-08","status":"publish","type":"post","link":"https:\/\/radioleinewelle.de\/index.php\/2023\/08\/21\/news-und-hinweise-am-21-08\/","title":{"rendered":"News und Hinweise am 21.08."},"content":{"rendered":"\n<p>+++ Mutma\u00dflich in einem psychischen Ausnahmezustand hat ein Mann am Samstag (19.08.23) gegen 16.35 Uhr in <strong>Adelebsen<\/strong> (Landkreis G\u00f6ttingen) einen gr\u00f6\u00dferen Einsatz ausgel\u00f6st. Der Polizei gelang erst am sp\u00e4ten Abend gegen 23.00 Uhr den 58-J\u00e4hrigen in einem g\u00fcnstigen Moment in seiner Wohnung in einem Mehrparteienwohnhaus zu \u00fcberw\u00e4ltigen. Bei dem Zugriff wurde ein Beamter leicht an der Hand verletzt. Der Adelebser blieb unverletzt. Er wurde in eine psychische Fachklinik transportiert. F\u00fcr die Dauer des Einsatzes war der Bereich rund um das betreffende Wohnhaus weitr\u00e4umig abgesperrt. Eine Gefahr f\u00fcr Anwohnende ging nach Bewertung der Einsatzleitung der Polizei von der Situation aber nicht aus. Der Ausl\u00f6ser f\u00fcr das Verhalten des Mannes ist unbekannt. +++ <\/p>\n\n\n\n<p>+++ Auf einer Klausurtagung in Bad Harzburg haben die Gr\u00fcnen Landtagsabgeordneten die <strong>Wasserversorgung im Land <\/strong>in den Blick genommen. Wie das G\u00f6ttinger Tageblatt vor zwei Tagen berichtete, zeigen sich die Folgen der Klimakrise in S\u00fcdniedersachsen gerade ganz\u00a0 akut in Form extremer D\u00fcrre. Nicht nur die Land- und Forstwirtschaft, sondern auch unsere Trinkwasserqualit\u00e4t ist gef\u00e4hrdet. \u201eIm Harz sieht man, wie wichtig es ist, dass wir uns den ge\u00e4nderten Klimabedingungen anpassen. Ein wichtiger Bestandteil der Klimaschutzanpassung ist ein nachhaltiges Wassermanagement,\u201d so Michael L\u00fchmann. \u201eDazu geh\u00f6rt, dass wir die Wasserversorgung zu 100 Prozent in \u00f6ffentlicher Hand behalten und unsere Land- und Forstwirt*innen dabei unterst\u00fctzen, wassersparend und klimarobust zu wirtschaften. Wir wollen, dass auch k\u00fcnftige Generationen genug sauberes Trinkwasser zur Verf\u00fcgung haben. Darum ist es weiterhin unerl\u00e4sslich, den Aussto\u00df von klimasch\u00e4dlichen Gasen schneller zu reduzieren und das Nieders\u00e4chsiche Klimagesetz zu verbessern,\u201d so Michael L\u00fchmann weiter. Welche konkreten Ma\u00dfnahmen die \u201eBad Harzburger Erkl\u00e4rung\u201d vorschl\u00e4gt, kann hier nachgelesden werden:\u00a0<strong><a href=\"http:\/\/www.gltn.de\/harzburger-erklaerung\">http:\/\/www.gltn.de\/harzburger-erklaerung<\/a><\/strong>. +++<\/p>\n\n\n\n<p>+++ <strong>COVID-19-Forschungsnetzwerk Niedersachsen (COFONI): Niedersachsen forscht an Pandemie-Langzeitfolgen: <\/strong>14 Pro<strong>jekte gehen an den Start\u201c<\/strong>.\u00a0COFONI f\u00f6rdert ab dem 1. Juli 2023 vierzehn interdisziplin\u00e4re nieders\u00e4chsische Kooperationsprojekte zur Erforschung der medizinischen und gesellschaftlichen Langzeitfolgen der SARS-CoV-2-Pandemie mit mehr als sieben Millionen Euro.\u00a0Im Fokus stehen Untersuchungen zu Ursachen und Behandlungsm\u00f6glichkeiten der neuartigen Krankheitsbilder Long- und Post COVID, die Verbesserung der Versorgungssituation von Patient*innen, die Erforschung der Pandemieauswirkungen auf die Lebens- und Arbeitswelt zur Ableitung geeigneter Handlungsma\u00dfnahmen sowie die Entwicklung pr\u00e4ventiver Ma\u00dfnahmen und Therapieoptionen f\u00fcr psychische Erkrankungen als Folge der Pandemie, insbesondere bei Kindern und Jugendlichen. Weitere Informationen zu den Projekten:\u00a0<strong><a href=\"https:\/\/www.umg.eu\/forschung\/corona\/cofoni\/sb-5\/\" target=\"_blank\" rel=\"noreferrer noopener\">https:\/\/www.umg.eu\/forschung\/corona\/cofoni\/sb-5\/<\/a><\/strong> +++<\/p>\n\n\n\n<p>+++ Im August 2023 kann G\u00f6ttingen auf eine <strong>75-j\u00e4hrige Geschichte  als Filmstadt<\/strong> zur\u00fcckblicken. Dies ist nicht nur regional f\u00fcr Stadt und Umland bedeutsam; vielmehr wurde hier auch von 1948-61 ein wichtiges Kapitel deutscher Nachkriegsfilmgeschichte geschrieben. Ab dem 21. August beginnt das Jubil\u00e4umsprogramm mit Filmreihe, Vortr\u00e4gen und weiteren Aktivit\u00e4ten. Au\u00dferdem wird zur Zeit an einer neuen Publikation: \u201e75 Jahre Filmstadt G\u00f6ttingen \u2013 ein Lesebuch\u201c mit Beitr\u00e4gen verschiedener Autorinnen und Autoren zu ausgew\u00e4hlten Aspekten rund ums Thema Film- und Kinogeschichte gearbeitet. Das Buch wird p\u00fcnktlich zum Weihnachtsgesch\u00e4ft erscheinen. Federf\u00fchrend f\u00fcr das Programm ist das Filmb\u00fcro G\u00f6ttingen &#8211; Details zum Programm und zur Filmgeschichte demn\u00e4chst auf Radio Leinewelle +++<\/p>\n\n\n\n<p><\/p>\n","protected":false},"excerpt":{"rendered":"<p>+++ Mutma\u00dflich in einem psychischen Ausnahmezustand hat ein Mann am Samstag (19.08.23) gegen 16.35 Uhr in Adelebsen (Landkreis G\u00f6ttingen) einen gr\u00f6\u00dferen Einsatz ausgel\u00f6st. Der Polizei gelang erst am sp\u00e4ten Abend gegen 23.00 Uhr den 58-J\u00e4hrigen in einem g\u00fcnstigen Moment in seiner Wohnung in einem Mehrparteienwohnhaus zu \u00fcberw\u00e4ltigen. Bei dem Zugriff wurde ein Beamter leicht an [&hellip;]<\/p>\n","protected":false},"author":1,"featured_media":21592,"comment_status":"open","ping_status":"open","sticky":true,"template":"","format":"standard","meta":{"saved_in_kubio":false,"footnotes":""},"categories":[24],"tags":[],"class_list":["post-23328","post","type-post","status-publish","format-standard","has-post-thumbnail","hentry","category-news"],"yoast_head":"<!-- This site is optimized with the Yoast SEO plugin v27.5 - https:\/\/yoast.com\/product\/yoast-seo-wordpress\/ -->\n<title>News und Hinweise am 21.08. - Radio Leinewelle<\/title>\n<meta name=\"robots\" content=\"index, follow, max-snippet:-1, max-image-preview:large, max-video-preview:-1\" \/>\n<link rel=\"canonical\" href=\"https:\/\/radioleinewelle.de\/index.php\/2023\/08\/21\/news-und-hinweise-am-21-08\/\" \/>\n<meta property=\"og:locale\" content=\"de_DE\" \/>\n<meta property=\"og:type\" content=\"article\" \/>\n<meta property=\"og:title\" content=\"News und Hinweise am 21.08. - Radio Leinewelle\" \/>\n<meta property=\"og:description\" content=\"+++ Mutma\u00dflich in einem psychischen Ausnahmezustand hat ein Mann am Samstag (19.08.23) gegen 16.35 Uhr in Adelebsen (Landkreis G\u00f6ttingen) einen gr\u00f6\u00dferen Einsatz ausgel\u00f6st. Der Polizei gelang erst am sp\u00e4ten Abend gegen 23.00 Uhr den 58-J\u00e4hrigen in einem g\u00fcnstigen Moment in seiner Wohnung in einem Mehrparteienwohnhaus zu \u00fcberw\u00e4ltigen. Bei dem Zugriff wurde ein Beamter leicht an [&hellip;]\" \/>\n<meta property=\"og:url\" content=\"https:\/\/radioleinewelle.de\/index.php\/2023\/08\/21\/news-und-hinweise-am-21-08\/\" \/>\n<meta property=\"og:site_name\" content=\"Radio Leinewelle\" \/>\n<meta property=\"article:publisher\" content=\"https:\/\/www.facebook.com\/radioleinewelle\" \/>\n<meta property=\"article:author\" content=\"https:\/\/www.facebook.com\/radioleinewelle\" \/>\n<meta property=\"article:published_time\" content=\"2023-08-21T02:29:00+00:00\" \/>\n<meta property=\"og:image\" content=\"https:\/\/radioleinewelle.de\/wp-content\/uploads\/2023\/02\/Leinewelle-News-scaled.jpeg\" \/>\n\t<meta property=\"og:image:width\" content=\"2560\" \/>\n\t<meta property=\"og:image:height\" content=\"2560\" \/>\n\t<meta property=\"og:image:type\" content=\"image\/jpeg\" \/>\n<meta name=\"author\" content=\"Leinewelle\" \/>\n<meta name=\"twitter:card\" content=\"summary_large_image\" \/>\n<meta name=\"twitter:creator\" content=\"@https:\/\/twitter.com\/RLeinewelle?ref_src=twsrcgoogletwcampserptwgrauthor\" \/>\n<meta name=\"twitter:site\" content=\"@RLeinewelle\" \/>\n<meta name=\"twitter:label1\" content=\"Verfasst von\" \/>\n\t<meta name=\"twitter:data1\" content=\"Leinewelle\" \/>\n\t<meta name=\"twitter:label2\" content=\"Gesch\u00e4tzte Lesezeit\" \/>\n\t<meta name=\"twitter:data2\" content=\"3\u00a0Minuten\" \/>\n<script type=\"application\/ld+json\" class=\"yoast-schema-graph\">{\"@context\":\"https:\\\/\\\/schema.org\",\"@graph\":[{\"@type\":\"Article\",\"@id\":\"https:\\\/\\\/radioleinewelle.de\\\/index.php\\\/2023\\\/08\\\/21\\\/news-und-hinweise-am-21-08\\\/#article\",\"isPartOf\":{\"@id\":\"https:\\\/\\\/radioleinewelle.de\\\/index.php\\\/2023\\\/08\\\/21\\\/news-und-hinweise-am-21-08\\\/\"},\"author\":{\"name\":\"Leinewelle\",\"@id\":\"https:\\\/\\\/radioleinewelle.de\\\/#\\\/schema\\\/person\\\/45606f348637df637192dc1b68399a63\"},\"headline\":\"News und Hinweise am 21.08.\",\"datePublished\":\"2023-08-21T02:29:00+00:00\",\"mainEntityOfPage\":{\"@id\":\"https:\\\/\\\/radioleinewelle.de\\\/index.php\\\/2023\\\/08\\\/21\\\/news-und-hinweise-am-21-08\\\/\"},\"wordCount\":530,\"commentCount\":0,\"publisher\":{\"@id\":\"https:\\\/\\\/radioleinewelle.de\\\/#organization\"},\"image\":{\"@id\":\"https:\\\/\\\/radioleinewelle.de\\\/index.php\\\/2023\\\/08\\\/21\\\/news-und-hinweise-am-21-08\\\/#primaryimage\"},\"thumbnailUrl\":\"https:\\\/\\\/radioleinewelle.de\\\/wp-content\\\/uploads\\\/2023\\\/02\\\/Leinewelle-News-scaled.jpeg\",\"articleSection\":[\"Aktuelle Nachrichten\"],\"inLanguage\":\"de\",\"potentialAction\":[{\"@type\":\"CommentAction\",\"name\":\"Comment\",\"target\":[\"https:\\\/\\\/radioleinewelle.de\\\/index.php\\\/2023\\\/08\\\/21\\\/news-und-hinweise-am-21-08\\\/#respond\"]}]},{\"@type\":\"WebPage\",\"@id\":\"https:\\\/\\\/radioleinewelle.de\\\/index.php\\\/2023\\\/08\\\/21\\\/news-und-hinweise-am-21-08\\\/\",\"url\":\"https:\\\/\\\/radioleinewelle.de\\\/index.php\\\/2023\\\/08\\\/21\\\/news-und-hinweise-am-21-08\\\/\",\"name\":\"News und Hinweise am 21.08. - Radio Leinewelle\",\"isPartOf\":{\"@id\":\"https:\\\/\\\/radioleinewelle.de\\\/#website\"},\"primaryImageOfPage\":{\"@id\":\"https:\\\/\\\/radioleinewelle.de\\\/index.php\\\/2023\\\/08\\\/21\\\/news-und-hinweise-am-21-08\\\/#primaryimage\"},\"image\":{\"@id\":\"https:\\\/\\\/radioleinewelle.de\\\/index.php\\\/2023\\\/08\\\/21\\\/news-und-hinweise-am-21-08\\\/#primaryimage\"},\"thumbnailUrl\":\"https:\\\/\\\/radioleinewelle.de\\\/wp-content\\\/uploads\\\/2023\\\/02\\\/Leinewelle-News-scaled.jpeg\",\"datePublished\":\"2023-08-21T02:29:00+00:00\",\"breadcrumb\":{\"@id\":\"https:\\\/\\\/radioleinewelle.de\\\/index.php\\\/2023\\\/08\\\/21\\\/news-und-hinweise-am-21-08\\\/#breadcrumb\"},\"inLanguage\":\"de\",\"potentialAction\":[{\"@type\":\"ReadAction\",\"target\":[\"https:\\\/\\\/radioleinewelle.de\\\/index.php\\\/2023\\\/08\\\/21\\\/news-und-hinweise-am-21-08\\\/\"]}]},{\"@type\":\"ImageObject\",\"inLanguage\":\"de\",\"@id\":\"https:\\\/\\\/radioleinewelle.de\\\/index.php\\\/2023\\\/08\\\/21\\\/news-und-hinweise-am-21-08\\\/#primaryimage\",\"url\":\"https:\\\/\\\/radioleinewelle.de\\\/wp-content\\\/uploads\\\/2023\\\/02\\\/Leinewelle-News-scaled.jpeg\",\"contentUrl\":\"https:\\\/\\\/radioleinewelle.de\\\/wp-content\\\/uploads\\\/2023\\\/02\\\/Leinewelle-News-scaled.jpeg\",\"width\":2560,\"height\":2560},{\"@type\":\"BreadcrumbList\",\"@id\":\"https:\\\/\\\/radioleinewelle.de\\\/index.php\\\/2023\\\/08\\\/21\\\/news-und-hinweise-am-21-08\\\/#breadcrumb\",\"itemListElement\":[{\"@type\":\"ListItem\",\"position\":1,\"name\":\"Startseite\",\"item\":\"https:\\\/\\\/radioleinewelle.de\\\/\"},{\"@type\":\"ListItem\",\"position\":2,\"name\":\"News und Hinweise am 21.08.\"}]},{\"@type\":\"WebSite\",\"@id\":\"https:\\\/\\\/radioleinewelle.de\\\/#website\",\"url\":\"https:\\\/\\\/radioleinewelle.de\\\/\",\"name\":\"Radio Leinewelle\",\"description\":\"\",\"publisher\":{\"@id\":\"https:\\\/\\\/radioleinewelle.de\\\/#organization\"},\"potentialAction\":[{\"@type\":\"SearchAction\",\"target\":{\"@type\":\"EntryPoint\",\"urlTemplate\":\"https:\\\/\\\/radioleinewelle.de\\\/?s={search_term_string}\"},\"query-input\":{\"@type\":\"PropertyValueSpecification\",\"valueRequired\":true,\"valueName\":\"search_term_string\"}}],\"inLanguage\":\"de\"},{\"@type\":\"Organization\",\"@id\":\"https:\\\/\\\/radioleinewelle.de\\\/#organization\",\"name\":\"Radio Leinewelle\",\"alternateName\":\"Mein Radio f\u00fcr S\u00fcdniedersachsen\",\"url\":\"https:\\\/\\\/radioleinewelle.de\\\/\",\"logo\":{\"@type\":\"ImageObject\",\"inLanguage\":\"de\",\"@id\":\"https:\\\/\\\/radioleinewelle.de\\\/#\\\/schema\\\/logo\\\/image\\\/\",\"url\":\"https:\\\/\\\/radioleinewelle.de\\\/wp-content\\\/uploads\\\/2023\\\/11\\\/cropped-Leinewelle_Logo_weiss.png\",\"contentUrl\":\"https:\\\/\\\/radioleinewelle.de\\\/wp-content\\\/uploads\\\/2023\\\/11\\\/cropped-Leinewelle_Logo_weiss.png\",\"width\":854,\"height\":260,\"caption\":\"Radio Leinewelle\"},\"image\":{\"@id\":\"https:\\\/\\\/radioleinewelle.de\\\/#\\\/schema\\\/logo\\\/image\\\/\"},\"sameAs\":[\"https:\\\/\\\/www.facebook.com\\\/radioleinewelle\",\"https:\\\/\\\/x.com\\\/RLeinewelle\",\"https:\\\/\\\/www.instagram.com\\\/radioleinewelle\\\/?hl=de\"]},{\"@type\":\"Person\",\"@id\":\"https:\\\/\\\/radioleinewelle.de\\\/#\\\/schema\\\/person\\\/45606f348637df637192dc1b68399a63\",\"name\":\"Leinewelle\",\"image\":{\"@type\":\"ImageObject\",\"inLanguage\":\"de\",\"@id\":\"https:\\\/\\\/secure.gravatar.com\\\/avatar\\\/05c9a17bc973052ee5d91549bd32fb4dd0dc85b7b85ae94b2e2b4943476bbea5?s=96&d=blank&r=g\",\"url\":\"https:\\\/\\\/secure.gravatar.com\\\/avatar\\\/05c9a17bc973052ee5d91549bd32fb4dd0dc85b7b85ae94b2e2b4943476bbea5?s=96&d=blank&r=g\",\"contentUrl\":\"https:\\\/\\\/secure.gravatar.com\\\/avatar\\\/05c9a17bc973052ee5d91549bd32fb4dd0dc85b7b85ae94b2e2b4943476bbea5?s=96&d=blank&r=g\",\"caption\":\"Leinewelle\"},\"sameAs\":[\"http:\\\/\\\/localhost\\\/radio%20leinewelle\\\/wordpress\",\"https:\\\/\\\/www.facebook.com\\\/radioleinewelle\",\"https:\\\/\\\/www.instagram.com\\\/radioleinewelle\",\"https:\\\/\\\/x.com\\\/https:\\\/\\\/twitter.com\\\/RLeinewelle?ref_src=twsrcgoogletwcampserptwgrauthor\",\"https:\\\/\\\/soundcloud.com\\\/foerderverein-lokalradio?utm_source=clipboard&utm_medium=text&utm_campaign=social_sharing\"],\"url\":\"https:\\\/\\\/radioleinewelle.de\\\/index.php\\\/author\\\/leinewelle\\\/\"}]}<\/script>\n<!-- \/ Yoast SEO plugin. -->","yoast_head_json":{"title":"News und Hinweise am 21.08. - Radio Leinewelle","robots":{"index":"index","follow":"follow","max-snippet":"max-snippet:-1","max-image-preview":"max-image-preview:large","max-video-preview":"max-video-preview:-1"},"canonical":"https:\/\/radioleinewelle.de\/index.php\/2023\/08\/21\/news-und-hinweise-am-21-08\/","og_locale":"de_DE","og_type":"article","og_title":"News und Hinweise am 21.08. - Radio Leinewelle","og_description":"+++ Mutma\u00dflich in einem psychischen Ausnahmezustand hat ein Mann am Samstag (19.08.23) gegen 16.35 Uhr in Adelebsen (Landkreis G\u00f6ttingen) einen gr\u00f6\u00dferen Einsatz ausgel\u00f6st. Der Polizei gelang erst am sp\u00e4ten Abend gegen 23.00 Uhr den 58-J\u00e4hrigen in einem g\u00fcnstigen Moment in seiner Wohnung in einem Mehrparteienwohnhaus zu \u00fcberw\u00e4ltigen. Bei dem Zugriff wurde ein Beamter leicht an [&hellip;]","og_url":"https:\/\/radioleinewelle.de\/index.php\/2023\/08\/21\/news-und-hinweise-am-21-08\/","og_site_name":"Radio Leinewelle","article_publisher":"https:\/\/www.facebook.com\/radioleinewelle","article_author":"https:\/\/www.facebook.com\/radioleinewelle","article_published_time":"2023-08-21T02:29:00+00:00","og_image":[{"width":2560,"height":2560,"url":"https:\/\/radioleinewelle.de\/wp-content\/uploads\/2023\/02\/Leinewelle-News-scaled.jpeg","type":"image\/jpeg"}],"author":"Leinewelle","twitter_card":"summary_large_image","twitter_creator":"@https:\/\/twitter.com\/RLeinewelle?ref_src=twsrcgoogletwcampserptwgrauthor","twitter_site":"@RLeinewelle","twitter_misc":{"Verfasst von":"Leinewelle","Gesch\u00e4tzte Lesezeit":"3\u00a0Minuten"},"schema":{"@context":"https:\/\/schema.org","@graph":[{"@type":"Article","@id":"https:\/\/radioleinewelle.de\/index.php\/2023\/08\/21\/news-und-hinweise-am-21-08\/#article","isPartOf":{"@id":"https:\/\/radioleinewelle.de\/index.php\/2023\/08\/21\/news-und-hinweise-am-21-08\/"},"author":{"name":"Leinewelle","@id":"https:\/\/radioleinewelle.de\/#\/schema\/person\/45606f348637df637192dc1b68399a63"},"headline":"News und Hinweise am 21.08.","datePublished":"2023-08-21T02:29:00+00:00","mainEntityOfPage":{"@id":"https:\/\/radioleinewelle.de\/index.php\/2023\/08\/21\/news-und-hinweise-am-21-08\/"},"wordCount":530,"commentCount":0,"publisher":{"@id":"https:\/\/radioleinewelle.de\/#organization"},"image":{"@id":"https:\/\/radioleinewelle.de\/index.php\/2023\/08\/21\/news-und-hinweise-am-21-08\/#primaryimage"},"thumbnailUrl":"https:\/\/radioleinewelle.de\/wp-content\/uploads\/2023\/02\/Leinewelle-News-scaled.jpeg","articleSection":["Aktuelle Nachrichten"],"inLanguage":"de","potentialAction":[{"@type":"CommentAction","name":"Comment","target":["https:\/\/radioleinewelle.de\/index.php\/2023\/08\/21\/news-und-hinweise-am-21-08\/#respond"]}]},{"@type":"WebPage","@id":"https:\/\/radioleinewelle.de\/index.php\/2023\/08\/21\/news-und-hinweise-am-21-08\/","url":"https:\/\/radioleinewelle.de\/index.php\/2023\/08\/21\/news-und-hinweise-am-21-08\/","name":"News und Hinweise am 21.08. - Radio Leinewelle","isPartOf":{"@id":"https:\/\/radioleinewelle.de\/#website"},"primaryImageOfPage":{"@id":"https:\/\/radioleinewelle.de\/index.php\/2023\/08\/21\/news-und-hinweise-am-21-08\/#primaryimage"},"image":{"@id":"https:\/\/radioleinewelle.de\/index.php\/2023\/08\/21\/news-und-hinweise-am-21-08\/#primaryimage"},"thumbnailUrl":"https:\/\/radioleinewelle.de\/wp-content\/uploads\/2023\/02\/Leinewelle-News-scaled.jpeg","datePublished":"2023-08-21T02:29:00+00:00","breadcrumb":{"@id":"https:\/\/radioleinewelle.de\/index.php\/2023\/08\/21\/news-und-hinweise-am-21-08\/#breadcrumb"},"inLanguage":"de","potentialAction":[{"@type":"ReadAction","target":["https:\/\/radioleinewelle.de\/index.php\/2023\/08\/21\/news-und-hinweise-am-21-08\/"]}]},{"@type":"ImageObject","inLanguage":"de","@id":"https:\/\/radioleinewelle.de\/index.php\/2023\/08\/21\/news-und-hinweise-am-21-08\/#primaryimage","url":"https:\/\/radioleinewelle.de\/wp-content\/uploads\/2023\/02\/Leinewelle-News-scaled.jpeg","contentUrl":"https:\/\/radioleinewelle.de\/wp-content\/uploads\/2023\/02\/Leinewelle-News-scaled.jpeg","width":2560,"height":2560},{"@type":"BreadcrumbList","@id":"https:\/\/radioleinewelle.de\/index.php\/2023\/08\/21\/news-und-hinweise-am-21-08\/#breadcrumb","itemListElement":[{"@type":"ListItem","position":1,"name":"Startseite","item":"https:\/\/radioleinewelle.de\/"},{"@type":"ListItem","position":2,"name":"News und Hinweise am 21.08."}]},{"@type":"WebSite","@id":"https:\/\/radioleinewelle.de\/#website","url":"https:\/\/radioleinewelle.de\/","name":"Radio Leinewelle","description":"","publisher":{"@id":"https:\/\/radioleinewelle.de\/#organization"},"potentialAction":[{"@type":"SearchAction","target":{"@type":"EntryPoint","urlTemplate":"https:\/\/radioleinewelle.de\/?s={search_term_string}"},"query-input":{"@type":"PropertyValueSpecification","valueRequired":true,"valueName":"search_term_string"}}],"inLanguage":"de"},{"@type":"Organization","@id":"https:\/\/radioleinewelle.de\/#organization","name":"Radio Leinewelle","alternateName":"Mein Radio f\u00fcr S\u00fcdniedersachsen","url":"https:\/\/radioleinewelle.de\/","logo":{"@type":"ImageObject","inLanguage":"de","@id":"https:\/\/radioleinewelle.de\/#\/schema\/logo\/image\/","url":"https:\/\/radioleinewelle.de\/wp-content\/uploads\/2023\/11\/cropped-Leinewelle_Logo_weiss.png","contentUrl":"https:\/\/radioleinewelle.de\/wp-content\/uploads\/2023\/11\/cropped-Leinewelle_Logo_weiss.png","width":854,"height":260,"caption":"Radio Leinewelle"},"image":{"@id":"https:\/\/radioleinewelle.de\/#\/schema\/logo\/image\/"},"sameAs":["https:\/\/www.facebook.com\/radioleinewelle","https:\/\/x.com\/RLeinewelle","https:\/\/www.instagram.com\/radioleinewelle\/?hl=de"]},{"@type":"Person","@id":"https:\/\/radioleinewelle.de\/#\/schema\/person\/45606f348637df637192dc1b68399a63","name":"Leinewelle","image":{"@type":"ImageObject","inLanguage":"de","@id":"https:\/\/secure.gravatar.com\/avatar\/05c9a17bc973052ee5d91549bd32fb4dd0dc85b7b85ae94b2e2b4943476bbea5?s=96&d=blank&r=g","url":"https:\/\/secure.gravatar.com\/avatar\/05c9a17bc973052ee5d91549bd32fb4dd0dc85b7b85ae94b2e2b4943476bbea5?s=96&d=blank&r=g","contentUrl":"https:\/\/secure.gravatar.com\/avatar\/05c9a17bc973052ee5d91549bd32fb4dd0dc85b7b85ae94b2e2b4943476bbea5?s=96&d=blank&r=g","caption":"Leinewelle"},"sameAs":["http:\/\/localhost\/radio%20leinewelle\/wordpress","https:\/\/www.facebook.com\/radioleinewelle","https:\/\/www.instagram.com\/radioleinewelle","https:\/\/x.com\/https:\/\/twitter.com\/RLeinewelle?ref_src=twsrcgoogletwcampserptwgrauthor","https:\/\/soundcloud.com\/foerderverein-lokalradio?utm_source=clipboard&utm_medium=text&utm_campaign=social_sharing"],"url":"https:\/\/radioleinewelle.de\/index.php\/author\/leinewelle\/"}]}},"_links":{"self":[{"href":"https:\/\/radioleinewelle.de\/index.php\/wp-json\/wp\/v2\/posts\/23328","targetHints":{"allow":["GET"]}}],"collection":[{"href":"https:\/\/radioleinewelle.de\/index.php\/wp-json\/wp\/v2\/posts"}],"about":[{"href":"https:\/\/radioleinewelle.de\/index.php\/wp-json\/wp\/v2\/types\/post"}],"author":[{"embeddable":true,"href":"https:\/\/radioleinewelle.de\/index.php\/wp-json\/wp\/v2\/users\/1"}],"replies":[{"embeddable":true,"href":"https:\/\/radioleinewelle.de\/index.php\/wp-json\/wp\/v2\/comments?post=23328"}],"version-history":[{"count":6,"href":"https:\/\/radioleinewelle.de\/index.php\/wp-json\/wp\/v2\/posts\/23328\/revisions"}],"predecessor-version":[{"id":23334,"href":"https:\/\/radioleinewelle.de\/index.php\/wp-json\/wp\/v2\/posts\/23328\/revisions\/23334"}],"wp:featuredmedia":[{"embeddable":true,"href":"https:\/\/radioleinewelle.de\/index.php\/wp-json\/wp\/v2\/media\/21592"}],"wp:attachment":[{"href":"https:\/\/radioleinewelle.de\/index.php\/wp-json\/wp\/v2\/media?parent=23328"}],"wp:term":[{"taxonomy":"category","embeddable":true,"href":"https:\/\/radioleinewelle.de\/index.php\/wp-json\/wp\/v2\/categories?post=23328"},{"taxonomy":"post_tag","embeddable":true,"href":"https:\/\/radioleinewelle.de\/index.php\/wp-json\/wp\/v2\/tags?post=23328"}],"curies":[{"name":"wp","href":"https:\/\/api.w.org\/{rel}","templated":true}]}}