{"id":2334,"date":"2020-10-14T05:35:34","date_gmt":"2020-10-14T03:35:34","guid":{"rendered":"https:\/\/radioleinewelle.de\/?p=2334"},"modified":"2020-10-14T05:35:34","modified_gmt":"2020-10-14T03:35:34","slug":"29-goettinger-literaturherbst-live-und-digital","status":"publish","type":"post","link":"https:\/\/radioleinewelle.de\/index.php\/2020\/10\/14\/29-goettinger-literaturherbst-live-und-digital\/","title":{"rendered":"29. G\u00f6ttinger Literaturherbst &#8211; live und digital"},"content":{"rendered":"<p>Der G\u00f6ttinger Literaturherbst, Niedersachsens gr\u00f6\u00dftes Literaturfestival, feiert allen Widrigkeiten zum Trotz auch in diesem Jahr ein Fest der Gegenwartsliteratur. Neben den Live-Veranstaltungen sind in diesem Jahr alle Veranstaltungen auch online verf\u00fcgbar. 60 Lesungen an 21 ausgew\u00e4hlten Orten stehen vom 17. Oktober bis zum 1. November 2020 auf dem Programm.\u00a0<span class=\"b\">Das neue Digitalformat \u00bbON AIR\u00ab &#8211;\u00a0<\/span>Erstmalig kann das Publikum unter dem Motto \u201cLiteraturherbst ON AIR\u201d mit nur einem Ticket zum Preis von 18 Euro das Festival auch online erleben. Alle Live-Events werden gefilmt und sind in der Mediathek des G\u00f6ttinger Literaturherbstes als Video-Livestream oder als Video on Demand ab dem n\u00e4chsten Tag verf\u00fcgbar.<\/p>\n<p><span class=\"b\">Die <\/span><span class=\"b\">Tr\u00e4gerin des Deutschen Buchpreises und aktuelle Stars der Literaturszene<br \/>\n<\/span>Von Belletristik bis Sachbuch \u2013 unter den Autor*innen finden sich die derzeit interessantesten Stars der Literaturszene. Mit dabei sind unter anderem Elke Heidenreich, Navid Kermani, Uwe Timm, Christian Berkel, Linda Zervakis, K\u00fcbra G\u00fcm\u00fc\u015fay, Katja Lewina, Stefanie Sargnagel oder Mai Thi Nguyen-Kim. Der G\u00f6ttinger Literaturherbst pr\u00e4sentiert au\u00dferdem die frischgek\u00fcrte Tr\u00e4gerin des Deutschen Buchpreises, Anne Weber, in der ersten Lesung au\u00dferhalb der Messe. Die aktuellen B\u00fccher von Robert Seethaler, Olivia Wenzel und Leif Randt, die die Autor*innen im diesj\u00e4hrigen Literaturherbst-Programm pr\u00e4sentieren werden, standen ebenfalls auf der Longlist des Deutschen Buchpreises. NDR Kultur \u00fcbertr\u00e4gt die Lesungen von Heinrich Steinfest und Ulrike Almut Sandig. \u00bbDer Norden liest\u00ab pr\u00e4sentiert beim G\u00f6ttinger Literaturherbst die norddeutsche Musikerlegende Achim Reichel. Peter Maffay stellt in Duderstadt sein neues Buch vor.<\/p>\n<p><span class=\"b\">Spitzenforscher*innen geben Einblicke:\u00a0<\/span>In der Reihe \u00bbWissenschaft beim G\u00f6ttinger Literaturherbst\u00ab, die zusammen mit den f\u00fcnf G\u00f6ttinger Max-Planck-Instituten und der Nieders\u00e4chsischen Staats- und Universit\u00e4tsbibliothek veranstaltet wird, melden sich erneut internationale Spitzenforscher*innen zu Wort.\u00a0Zu den Sprecher*innen geh\u00f6ren die bekannte Soziologin Jutta Allmendinger oder der Klima-Forscher Markus Rex, der aktuell mit dem Schiff \u00bbPolarstern\u00ab den Klimawandel in der Arktis beobachtet. In diesem Jahr wird die \u00bbWissenschaftsreihe\u00ab aus der Paulinerkirche als Video-Livestream gesendet, coronabedingt ohne Publikum, aber mit der M\u00f6glichkeit, sich online mit Fragen einzubringen.<\/p>\n<p><span class=\"b\">Mit \u00bbBabylon Berlin-Sound\u00ab ins Finale:\u00a0<\/span>Herlinde Koelbls Foto- und G\u00fcnter Grass\u2018 Buchkunst sind in ausgew\u00e4hlten Ausstellungsformaten zu bewundern und Rezitationsk\u00fcnstlerin Anna Thalbach bringt Texte des Literaturnobelpreistr\u00e4gers Grass zu Geh\u00f6r. Kinder k\u00f6nnen mit Paul Maar oder in einer Zoom-Live-Lesung mit Cornelia Funke in die Welt der Fantasie eintauchen. Zum gro\u00dfen Finale l\u00e4sst Schauspieler Benno F\u00fcrmann mit dem Moka Efti Orchestra aus der Serie \u00bbBabylon Berlin\u00ab die Welt der 20er Jahre wiederaufleben.<\/p>\n<p><span class=\"b\">Ein Festival der gelebten Partnerschaften:.\u00a0<\/span>Neben der Georg-August-Universit\u00e4t mit der Reihe \u201escience &amp; arts\u201c, der Akademie der Wissenschaften zu G\u00f6ttingen und den 12 Partner-Buchhandlungen geh\u00f6ren in diesem Jahr mehr als 80 Institutionen zum Partnernetzwerk des Festivals.<\/p>\n<p><span class=\"b\">Festival-Tickets sowie das ON AIR-Ticket\u00a0<\/span>Auch bereits ausverkaufte Veranstaltungen sind wieder f\u00fcr den Verkauf ge\u00f6ffnet. Mehr Informationen unter: <a href=\"http:\/\/www.literaturherbst.com\">Literaurherbst<\/a><\/p>\n","protected":false},"excerpt":{"rendered":"<p>Der G\u00f6ttinger Literaturherbst, Niedersachsens gr\u00f6\u00dftes Literaturfestival, feiert allen Widrigkeiten zum Trotz auch in diesem Jahr ein Fest der Gegenwartsliteratur. Neben den Live-Veranstaltungen sind in diesem Jahr alle Veranstaltungen auch online verf\u00fcgbar. 60 Lesungen an 21 ausgew\u00e4hlten Orten stehen vom 17. Oktober bis zum 1. November 2020 auf dem Programm.\u00a0Das neue Digitalformat \u00bbON AIR\u00ab &#8211;\u00a0Erstmalig kann [&hellip;]<\/p>\n","protected":false},"author":1,"featured_media":0,"comment_status":"closed","ping_status":"closed","sticky":false,"template":"","format":"standard","meta":{"saved_in_kubio":false,"footnotes":""},"categories":[1],"tags":[],"class_list":["post-2334","post","type-post","status-publish","format-standard","hentry","category-allgemein"],"yoast_head":"<!-- This site is optimized with the Yoast SEO plugin v27.5 - https:\/\/yoast.com\/product\/yoast-seo-wordpress\/ -->\n<title>29. G\u00f6ttinger Literaturherbst - live und digital - Radio Leinewelle<\/title>\n<meta name=\"robots\" content=\"index, follow, max-snippet:-1, max-image-preview:large, max-video-preview:-1\" \/>\n<link rel=\"canonical\" href=\"https:\/\/radioleinewelle.de\/index.php\/2020\/10\/14\/29-goettinger-literaturherbst-live-und-digital\/\" \/>\n<meta property=\"og:locale\" content=\"de_DE\" \/>\n<meta property=\"og:type\" content=\"article\" \/>\n<meta property=\"og:title\" content=\"29. G\u00f6ttinger Literaturherbst - live und digital - Radio Leinewelle\" \/>\n<meta property=\"og:description\" content=\"Der G\u00f6ttinger Literaturherbst, Niedersachsens gr\u00f6\u00dftes Literaturfestival, feiert allen Widrigkeiten zum Trotz auch in diesem Jahr ein Fest der Gegenwartsliteratur. Neben den Live-Veranstaltungen sind in diesem Jahr alle Veranstaltungen auch online verf\u00fcgbar. 60 Lesungen an 21 ausgew\u00e4hlten Orten stehen vom 17. Oktober bis zum 1. November 2020 auf dem Programm.\u00a0Das neue Digitalformat \u00bbON AIR\u00ab &#8211;\u00a0Erstmalig kann [&hellip;]\" \/>\n<meta property=\"og:url\" content=\"https:\/\/radioleinewelle.de\/index.php\/2020\/10\/14\/29-goettinger-literaturherbst-live-und-digital\/\" \/>\n<meta property=\"og:site_name\" content=\"Radio Leinewelle\" \/>\n<meta property=\"article:publisher\" content=\"https:\/\/www.facebook.com\/radioleinewelle\" \/>\n<meta property=\"article:author\" content=\"https:\/\/www.facebook.com\/radioleinewelle\" \/>\n<meta property=\"article:published_time\" content=\"2020-10-14T03:35:34+00:00\" \/>\n<meta name=\"author\" content=\"Leinewelle\" \/>\n<meta name=\"twitter:card\" content=\"summary_large_image\" \/>\n<meta name=\"twitter:creator\" content=\"@https:\/\/twitter.com\/RLeinewelle?ref_src=twsrcgoogletwcampserptwgrauthor\" \/>\n<meta name=\"twitter:site\" content=\"@RLeinewelle\" \/>\n<meta name=\"twitter:label1\" content=\"Verfasst von\" \/>\n\t<meta name=\"twitter:data1\" content=\"Leinewelle\" \/>\n\t<meta name=\"twitter:label2\" content=\"Gesch\u00e4tzte Lesezeit\" \/>\n\t<meta name=\"twitter:data2\" content=\"2\u00a0Minuten\" \/>\n<script type=\"application\/ld+json\" class=\"yoast-schema-graph\">{\"@context\":\"https:\\\/\\\/schema.org\",\"@graph\":[{\"@type\":\"Article\",\"@id\":\"https:\\\/\\\/radioleinewelle.de\\\/index.php\\\/2020\\\/10\\\/14\\\/29-goettinger-literaturherbst-live-und-digital\\\/#article\",\"isPartOf\":{\"@id\":\"https:\\\/\\\/radioleinewelle.de\\\/index.php\\\/2020\\\/10\\\/14\\\/29-goettinger-literaturherbst-live-und-digital\\\/\"},\"author\":{\"name\":\"Leinewelle\",\"@id\":\"https:\\\/\\\/radioleinewelle.de\\\/#\\\/schema\\\/person\\\/45606f348637df637192dc1b68399a63\"},\"headline\":\"29. G\u00f6ttinger Literaturherbst &#8211; live und digital\",\"datePublished\":\"2020-10-14T03:35:34+00:00\",\"mainEntityOfPage\":{\"@id\":\"https:\\\/\\\/radioleinewelle.de\\\/index.php\\\/2020\\\/10\\\/14\\\/29-goettinger-literaturherbst-live-und-digital\\\/\"},\"wordCount\":488,\"publisher\":{\"@id\":\"https:\\\/\\\/radioleinewelle.de\\\/#organization\"},\"inLanguage\":\"de\"},{\"@type\":\"WebPage\",\"@id\":\"https:\\\/\\\/radioleinewelle.de\\\/index.php\\\/2020\\\/10\\\/14\\\/29-goettinger-literaturherbst-live-und-digital\\\/\",\"url\":\"https:\\\/\\\/radioleinewelle.de\\\/index.php\\\/2020\\\/10\\\/14\\\/29-goettinger-literaturherbst-live-und-digital\\\/\",\"name\":\"29. G\u00f6ttinger Literaturherbst - live und digital - Radio Leinewelle\",\"isPartOf\":{\"@id\":\"https:\\\/\\\/radioleinewelle.de\\\/#website\"},\"datePublished\":\"2020-10-14T03:35:34+00:00\",\"breadcrumb\":{\"@id\":\"https:\\\/\\\/radioleinewelle.de\\\/index.php\\\/2020\\\/10\\\/14\\\/29-goettinger-literaturherbst-live-und-digital\\\/#breadcrumb\"},\"inLanguage\":\"de\",\"potentialAction\":[{\"@type\":\"ReadAction\",\"target\":[\"https:\\\/\\\/radioleinewelle.de\\\/index.php\\\/2020\\\/10\\\/14\\\/29-goettinger-literaturherbst-live-und-digital\\\/\"]}]},{\"@type\":\"BreadcrumbList\",\"@id\":\"https:\\\/\\\/radioleinewelle.de\\\/index.php\\\/2020\\\/10\\\/14\\\/29-goettinger-literaturherbst-live-und-digital\\\/#breadcrumb\",\"itemListElement\":[{\"@type\":\"ListItem\",\"position\":1,\"name\":\"Startseite\",\"item\":\"https:\\\/\\\/radioleinewelle.de\\\/\"},{\"@type\":\"ListItem\",\"position\":2,\"name\":\"29. G\u00f6ttinger Literaturherbst &#8211; live und digital\"}]},{\"@type\":\"WebSite\",\"@id\":\"https:\\\/\\\/radioleinewelle.de\\\/#website\",\"url\":\"https:\\\/\\\/radioleinewelle.de\\\/\",\"name\":\"Radio Leinewelle\",\"description\":\"\",\"publisher\":{\"@id\":\"https:\\\/\\\/radioleinewelle.de\\\/#organization\"},\"potentialAction\":[{\"@type\":\"SearchAction\",\"target\":{\"@type\":\"EntryPoint\",\"urlTemplate\":\"https:\\\/\\\/radioleinewelle.de\\\/?s={search_term_string}\"},\"query-input\":{\"@type\":\"PropertyValueSpecification\",\"valueRequired\":true,\"valueName\":\"search_term_string\"}}],\"inLanguage\":\"de\"},{\"@type\":\"Organization\",\"@id\":\"https:\\\/\\\/radioleinewelle.de\\\/#organization\",\"name\":\"Radio Leinewelle\",\"alternateName\":\"Mein Radio f\u00fcr S\u00fcdniedersachsen\",\"url\":\"https:\\\/\\\/radioleinewelle.de\\\/\",\"logo\":{\"@type\":\"ImageObject\",\"inLanguage\":\"de\",\"@id\":\"https:\\\/\\\/radioleinewelle.de\\\/#\\\/schema\\\/logo\\\/image\\\/\",\"url\":\"https:\\\/\\\/radioleinewelle.de\\\/wp-content\\\/uploads\\\/2023\\\/11\\\/cropped-Leinewelle_Logo_weiss.png\",\"contentUrl\":\"https:\\\/\\\/radioleinewelle.de\\\/wp-content\\\/uploads\\\/2023\\\/11\\\/cropped-Leinewelle_Logo_weiss.png\",\"width\":854,\"height\":260,\"caption\":\"Radio Leinewelle\"},\"image\":{\"@id\":\"https:\\\/\\\/radioleinewelle.de\\\/#\\\/schema\\\/logo\\\/image\\\/\"},\"sameAs\":[\"https:\\\/\\\/www.facebook.com\\\/radioleinewelle\",\"https:\\\/\\\/x.com\\\/RLeinewelle\",\"https:\\\/\\\/www.instagram.com\\\/radioleinewelle\\\/?hl=de\"]},{\"@type\":\"Person\",\"@id\":\"https:\\\/\\\/radioleinewelle.de\\\/#\\\/schema\\\/person\\\/45606f348637df637192dc1b68399a63\",\"name\":\"Leinewelle\",\"image\":{\"@type\":\"ImageObject\",\"inLanguage\":\"de\",\"@id\":\"https:\\\/\\\/secure.gravatar.com\\\/avatar\\\/05c9a17bc973052ee5d91549bd32fb4dd0dc85b7b85ae94b2e2b4943476bbea5?s=96&d=blank&r=g\",\"url\":\"https:\\\/\\\/secure.gravatar.com\\\/avatar\\\/05c9a17bc973052ee5d91549bd32fb4dd0dc85b7b85ae94b2e2b4943476bbea5?s=96&d=blank&r=g\",\"contentUrl\":\"https:\\\/\\\/secure.gravatar.com\\\/avatar\\\/05c9a17bc973052ee5d91549bd32fb4dd0dc85b7b85ae94b2e2b4943476bbea5?s=96&d=blank&r=g\",\"caption\":\"Leinewelle\"},\"sameAs\":[\"http:\\\/\\\/localhost\\\/radio%20leinewelle\\\/wordpress\",\"https:\\\/\\\/www.facebook.com\\\/radioleinewelle\",\"https:\\\/\\\/www.instagram.com\\\/radioleinewelle\",\"https:\\\/\\\/x.com\\\/https:\\\/\\\/twitter.com\\\/RLeinewelle?ref_src=twsrcgoogletwcampserptwgrauthor\",\"https:\\\/\\\/soundcloud.com\\\/foerderverein-lokalradio?utm_source=clipboard&utm_medium=text&utm_campaign=social_sharing\"],\"url\":\"https:\\\/\\\/radioleinewelle.de\\\/index.php\\\/author\\\/leinewelle\\\/\"}]}<\/script>\n<!-- \/ Yoast SEO plugin. -->","yoast_head_json":{"title":"29. G\u00f6ttinger Literaturherbst - live und digital - Radio Leinewelle","robots":{"index":"index","follow":"follow","max-snippet":"max-snippet:-1","max-image-preview":"max-image-preview:large","max-video-preview":"max-video-preview:-1"},"canonical":"https:\/\/radioleinewelle.de\/index.php\/2020\/10\/14\/29-goettinger-literaturherbst-live-und-digital\/","og_locale":"de_DE","og_type":"article","og_title":"29. G\u00f6ttinger Literaturherbst - live und digital - Radio Leinewelle","og_description":"Der G\u00f6ttinger Literaturherbst, Niedersachsens gr\u00f6\u00dftes Literaturfestival, feiert allen Widrigkeiten zum Trotz auch in diesem Jahr ein Fest der Gegenwartsliteratur. Neben den Live-Veranstaltungen sind in diesem Jahr alle Veranstaltungen auch online verf\u00fcgbar. 60 Lesungen an 21 ausgew\u00e4hlten Orten stehen vom 17. Oktober bis zum 1. November 2020 auf dem Programm.\u00a0Das neue Digitalformat \u00bbON AIR\u00ab &#8211;\u00a0Erstmalig kann [&hellip;]","og_url":"https:\/\/radioleinewelle.de\/index.php\/2020\/10\/14\/29-goettinger-literaturherbst-live-und-digital\/","og_site_name":"Radio Leinewelle","article_publisher":"https:\/\/www.facebook.com\/radioleinewelle","article_author":"https:\/\/www.facebook.com\/radioleinewelle","article_published_time":"2020-10-14T03:35:34+00:00","author":"Leinewelle","twitter_card":"summary_large_image","twitter_creator":"@https:\/\/twitter.com\/RLeinewelle?ref_src=twsrcgoogletwcampserptwgrauthor","twitter_site":"@RLeinewelle","twitter_misc":{"Verfasst von":"Leinewelle","Gesch\u00e4tzte Lesezeit":"2\u00a0Minuten"},"schema":{"@context":"https:\/\/schema.org","@graph":[{"@type":"Article","@id":"https:\/\/radioleinewelle.de\/index.php\/2020\/10\/14\/29-goettinger-literaturherbst-live-und-digital\/#article","isPartOf":{"@id":"https:\/\/radioleinewelle.de\/index.php\/2020\/10\/14\/29-goettinger-literaturherbst-live-und-digital\/"},"author":{"name":"Leinewelle","@id":"https:\/\/radioleinewelle.de\/#\/schema\/person\/45606f348637df637192dc1b68399a63"},"headline":"29. G\u00f6ttinger Literaturherbst &#8211; live und digital","datePublished":"2020-10-14T03:35:34+00:00","mainEntityOfPage":{"@id":"https:\/\/radioleinewelle.de\/index.php\/2020\/10\/14\/29-goettinger-literaturherbst-live-und-digital\/"},"wordCount":488,"publisher":{"@id":"https:\/\/radioleinewelle.de\/#organization"},"inLanguage":"de"},{"@type":"WebPage","@id":"https:\/\/radioleinewelle.de\/index.php\/2020\/10\/14\/29-goettinger-literaturherbst-live-und-digital\/","url":"https:\/\/radioleinewelle.de\/index.php\/2020\/10\/14\/29-goettinger-literaturherbst-live-und-digital\/","name":"29. G\u00f6ttinger Literaturherbst - live und digital - Radio Leinewelle","isPartOf":{"@id":"https:\/\/radioleinewelle.de\/#website"},"datePublished":"2020-10-14T03:35:34+00:00","breadcrumb":{"@id":"https:\/\/radioleinewelle.de\/index.php\/2020\/10\/14\/29-goettinger-literaturherbst-live-und-digital\/#breadcrumb"},"inLanguage":"de","potentialAction":[{"@type":"ReadAction","target":["https:\/\/radioleinewelle.de\/index.php\/2020\/10\/14\/29-goettinger-literaturherbst-live-und-digital\/"]}]},{"@type":"BreadcrumbList","@id":"https:\/\/radioleinewelle.de\/index.php\/2020\/10\/14\/29-goettinger-literaturherbst-live-und-digital\/#breadcrumb","itemListElement":[{"@type":"ListItem","position":1,"name":"Startseite","item":"https:\/\/radioleinewelle.de\/"},{"@type":"ListItem","position":2,"name":"29. G\u00f6ttinger Literaturherbst &#8211; live und digital"}]},{"@type":"WebSite","@id":"https:\/\/radioleinewelle.de\/#website","url":"https:\/\/radioleinewelle.de\/","name":"Radio Leinewelle","description":"","publisher":{"@id":"https:\/\/radioleinewelle.de\/#organization"},"potentialAction":[{"@type":"SearchAction","target":{"@type":"EntryPoint","urlTemplate":"https:\/\/radioleinewelle.de\/?s={search_term_string}"},"query-input":{"@type":"PropertyValueSpecification","valueRequired":true,"valueName":"search_term_string"}}],"inLanguage":"de"},{"@type":"Organization","@id":"https:\/\/radioleinewelle.de\/#organization","name":"Radio Leinewelle","alternateName":"Mein Radio f\u00fcr S\u00fcdniedersachsen","url":"https:\/\/radioleinewelle.de\/","logo":{"@type":"ImageObject","inLanguage":"de","@id":"https:\/\/radioleinewelle.de\/#\/schema\/logo\/image\/","url":"https:\/\/radioleinewelle.de\/wp-content\/uploads\/2023\/11\/cropped-Leinewelle_Logo_weiss.png","contentUrl":"https:\/\/radioleinewelle.de\/wp-content\/uploads\/2023\/11\/cropped-Leinewelle_Logo_weiss.png","width":854,"height":260,"caption":"Radio Leinewelle"},"image":{"@id":"https:\/\/radioleinewelle.de\/#\/schema\/logo\/image\/"},"sameAs":["https:\/\/www.facebook.com\/radioleinewelle","https:\/\/x.com\/RLeinewelle","https:\/\/www.instagram.com\/radioleinewelle\/?hl=de"]},{"@type":"Person","@id":"https:\/\/radioleinewelle.de\/#\/schema\/person\/45606f348637df637192dc1b68399a63","name":"Leinewelle","image":{"@type":"ImageObject","inLanguage":"de","@id":"https:\/\/secure.gravatar.com\/avatar\/05c9a17bc973052ee5d91549bd32fb4dd0dc85b7b85ae94b2e2b4943476bbea5?s=96&d=blank&r=g","url":"https:\/\/secure.gravatar.com\/avatar\/05c9a17bc973052ee5d91549bd32fb4dd0dc85b7b85ae94b2e2b4943476bbea5?s=96&d=blank&r=g","contentUrl":"https:\/\/secure.gravatar.com\/avatar\/05c9a17bc973052ee5d91549bd32fb4dd0dc85b7b85ae94b2e2b4943476bbea5?s=96&d=blank&r=g","caption":"Leinewelle"},"sameAs":["http:\/\/localhost\/radio%20leinewelle\/wordpress","https:\/\/www.facebook.com\/radioleinewelle","https:\/\/www.instagram.com\/radioleinewelle","https:\/\/x.com\/https:\/\/twitter.com\/RLeinewelle?ref_src=twsrcgoogletwcampserptwgrauthor","https:\/\/soundcloud.com\/foerderverein-lokalradio?utm_source=clipboard&utm_medium=text&utm_campaign=social_sharing"],"url":"https:\/\/radioleinewelle.de\/index.php\/author\/leinewelle\/"}]}},"_links":{"self":[{"href":"https:\/\/radioleinewelle.de\/index.php\/wp-json\/wp\/v2\/posts\/2334","targetHints":{"allow":["GET"]}}],"collection":[{"href":"https:\/\/radioleinewelle.de\/index.php\/wp-json\/wp\/v2\/posts"}],"about":[{"href":"https:\/\/radioleinewelle.de\/index.php\/wp-json\/wp\/v2\/types\/post"}],"author":[{"embeddable":true,"href":"https:\/\/radioleinewelle.de\/index.php\/wp-json\/wp\/v2\/users\/1"}],"replies":[{"embeddable":true,"href":"https:\/\/radioleinewelle.de\/index.php\/wp-json\/wp\/v2\/comments?post=2334"}],"version-history":[{"count":0,"href":"https:\/\/radioleinewelle.de\/index.php\/wp-json\/wp\/v2\/posts\/2334\/revisions"}],"wp:attachment":[{"href":"https:\/\/radioleinewelle.de\/index.php\/wp-json\/wp\/v2\/media?parent=2334"}],"wp:term":[{"taxonomy":"category","embeddable":true,"href":"https:\/\/radioleinewelle.de\/index.php\/wp-json\/wp\/v2\/categories?post=2334"},{"taxonomy":"post_tag","embeddable":true,"href":"https:\/\/radioleinewelle.de\/index.php\/wp-json\/wp\/v2\/tags?post=2334"}],"curies":[{"name":"wp","href":"https:\/\/api.w.org\/{rel}","templated":true}]}}