{"id":23349,"date":"2023-08-23T13:22:40","date_gmt":"2023-08-23T11:22:40","guid":{"rendered":"https:\/\/radioleinewelle.de\/?p=23349"},"modified":"2023-08-23T13:22:43","modified_gmt":"2023-08-23T11:22:43","slug":"neue-innenstadtwache-in-der-stumpfebiel","status":"publish","type":"post","link":"https:\/\/radioleinewelle.de\/index.php\/2023\/08\/23\/neue-innenstadtwache-in-der-stumpfebiel\/","title":{"rendered":"Neue Innenstadtwache in der Stumpfebiel"},"content":{"rendered":"\n<figure class=\"wp-block-gallery has-nested-images columns-default is-cropped wp-block-gallery-1 is-layout-flex wp-block-gallery-is-layout-flex\">\n<figure class=\"wp-block-image size-large\"><img loading=\"lazy\" decoding=\"async\" width=\"1024\" height=\"576\" data-id=\"23355\" src=\"https:\/\/radioleinewelle.de\/wp-content\/uploads\/2023\/08\/Neue-Innenstadtwache-Stumpfebiel-7-Goettingen-Sony-23-1024x576.jpg\" alt=\"\" class=\"wp-image-23355\" srcset=\"https:\/\/radioleinewelle.de\/wp-content\/uploads\/2023\/08\/Neue-Innenstadtwache-Stumpfebiel-7-Goettingen-Sony-23-1024x576.jpg 1024w, https:\/\/radioleinewelle.de\/wp-content\/uploads\/2023\/08\/Neue-Innenstadtwache-Stumpfebiel-7-Goettingen-Sony-23-300x169.jpg 300w, https:\/\/radioleinewelle.de\/wp-content\/uploads\/2023\/08\/Neue-Innenstadtwache-Stumpfebiel-7-Goettingen-Sony-23-768x432.jpg 768w, https:\/\/radioleinewelle.de\/wp-content\/uploads\/2023\/08\/Neue-Innenstadtwache-Stumpfebiel-7-Goettingen-Sony-23-1536x864.jpg 1536w, https:\/\/radioleinewelle.de\/wp-content\/uploads\/2023\/08\/Neue-Innenstadtwache-Stumpfebiel-7-Goettingen-Sony-23-2048x1152.jpg 2048w, https:\/\/radioleinewelle.de\/wp-content\/uploads\/2023\/08\/Neue-Innenstadtwache-Stumpfebiel-7-Goettingen-Sony-23-200x113.jpg 200w\" sizes=\"(max-width: 1024px) 100vw, 1024px\" \/><\/figure>\n\n\n\n<figure class=\"wp-block-image size-large\"><img loading=\"lazy\" decoding=\"async\" width=\"1024\" height=\"576\" data-id=\"23356\" src=\"https:\/\/radioleinewelle.de\/wp-content\/uploads\/2023\/08\/Neue-Innenstadtwache-Stumpfebiel-7-Goettingen-Sony-34-1024x576.jpg\" alt=\"\" class=\"wp-image-23356\" srcset=\"https:\/\/radioleinewelle.de\/wp-content\/uploads\/2023\/08\/Neue-Innenstadtwache-Stumpfebiel-7-Goettingen-Sony-34-1024x576.jpg 1024w, https:\/\/radioleinewelle.de\/wp-content\/uploads\/2023\/08\/Neue-Innenstadtwache-Stumpfebiel-7-Goettingen-Sony-34-300x169.jpg 300w, https:\/\/radioleinewelle.de\/wp-content\/uploads\/2023\/08\/Neue-Innenstadtwache-Stumpfebiel-7-Goettingen-Sony-34-768x432.jpg 768w, https:\/\/radioleinewelle.de\/wp-content\/uploads\/2023\/08\/Neue-Innenstadtwache-Stumpfebiel-7-Goettingen-Sony-34-1536x864.jpg 1536w, https:\/\/radioleinewelle.de\/wp-content\/uploads\/2023\/08\/Neue-Innenstadtwache-Stumpfebiel-7-Goettingen-Sony-34-2048x1152.jpg 2048w, https:\/\/radioleinewelle.de\/wp-content\/uploads\/2023\/08\/Neue-Innenstadtwache-Stumpfebiel-7-Goettingen-Sony-34-200x113.jpg 200w\" sizes=\"(max-width: 1024px) 100vw, 1024px\" \/><\/figure>\n\n\n\n<figure class=\"wp-block-image size-large\"><img loading=\"lazy\" decoding=\"async\" width=\"1024\" height=\"576\" data-id=\"23357\" src=\"https:\/\/radioleinewelle.de\/wp-content\/uploads\/2023\/08\/Neue-Innenstadtwache-Stumpfebiel-7-Goettingen-Sony-43-1024x576.jpg\" alt=\"\" class=\"wp-image-23357\" srcset=\"https:\/\/radioleinewelle.de\/wp-content\/uploads\/2023\/08\/Neue-Innenstadtwache-Stumpfebiel-7-Goettingen-Sony-43-1024x576.jpg 1024w, https:\/\/radioleinewelle.de\/wp-content\/uploads\/2023\/08\/Neue-Innenstadtwache-Stumpfebiel-7-Goettingen-Sony-43-300x169.jpg 300w, https:\/\/radioleinewelle.de\/wp-content\/uploads\/2023\/08\/Neue-Innenstadtwache-Stumpfebiel-7-Goettingen-Sony-43-768x432.jpg 768w, https:\/\/radioleinewelle.de\/wp-content\/uploads\/2023\/08\/Neue-Innenstadtwache-Stumpfebiel-7-Goettingen-Sony-43-1536x864.jpg 1536w, https:\/\/radioleinewelle.de\/wp-content\/uploads\/2023\/08\/Neue-Innenstadtwache-Stumpfebiel-7-Goettingen-Sony-43-2048x1152.jpg 2048w, https:\/\/radioleinewelle.de\/wp-content\/uploads\/2023\/08\/Neue-Innenstadtwache-Stumpfebiel-7-Goettingen-Sony-43-200x113.jpg 200w\" sizes=\"(max-width: 1024px) 100vw, 1024px\" \/><\/figure>\n\n\n\n<figure class=\"wp-block-image size-full\"><img loading=\"lazy\" decoding=\"async\" width=\"1024\" height=\"595\" data-id=\"23361\" src=\"https:\/\/radioleinewelle.de\/wp-content\/uploads\/2023\/08\/image.jpeg\" alt=\"Dieses Bild hat ein leeres Alt-Attribut. Der Dateiname ist Neue-Innenstadtwache-Stumpfebiel-7-Goettingen-Sony-92-1024x595.jpg\" class=\"wp-image-23361\" srcset=\"https:\/\/radioleinewelle.de\/wp-content\/uploads\/2023\/08\/image.jpeg 1024w, https:\/\/radioleinewelle.de\/wp-content\/uploads\/2023\/08\/image-300x174.jpeg 300w, https:\/\/radioleinewelle.de\/wp-content\/uploads\/2023\/08\/image-768x446.jpeg 768w, https:\/\/radioleinewelle.de\/wp-content\/uploads\/2023\/08\/image-200x116.jpeg 200w\" sizes=\"(max-width: 1024px) 100vw, 1024px\" \/><\/figure>\n<\/figure>\n\n\n\n<p>G\u00f6ttingen hat in der Stumpfebiel 7 eine neue Innenstadtwache. Durch ihre markante Folienbeschriftung und gro\u00dfz\u00fcgige Frontfl\u00e4che nicht zu \u00fcbersehen. Wegweisend auch in Niedersachsen: die Wache wird von Polizei und Ordnungsamt gemeinsam betrieben. Auf ca. 140 qm teilen sich die beiden Beh\u00f6rden die R\u00e4umlichkeiten. Die Stammbesetzungen sind jeweils 2 Mitarbeiter:innen des Ordungsamts und der Polizei in der Kernzeit von 09 &#8211; 15 Uhr Mo &#8211; Fr und 10 &#8211; 16 Uhr am Samstag. <\/p>\n\n\n\n<blockquote class=\"wp-block-quote is-layout-flow wp-block-quote-is-layout-flow\">\n<p>Wir zeigen zuk\u00fcnftig gemeinsam mehr Pr\u00e4senz, handeln pr\u00e4ventiv und verfolgen Verst\u00f6\u00dfe auch gemeinsam. Damit verbessern wir die objektive Sicherheitslage. Damit \u00e4ndert sich auch das subjektive Gef\u00fchl der G\u00f6ttinger und G\u00f6ttingerinnen und dann f\u00fchlt man sich sicherer.<\/p>\n<cite>Oberb\u00fcrgermeisterin Petra Broistedt<\/cite><\/blockquote>\n\n\n\n<p>Die Pr\u00e4senz wird flexibel gehandhabt und kann bei Bedarf, wie z.B. bei Gro\u00dfveranstaltungen in der Stadt, ausgeweitet werden. Die Wache versteht sich als Ansprechpartner f\u00fcr die Bev\u00f6lkerung. Gemeinsame Streifen von Ordnungsamt und Polizei sind vorgesehen.  Durch die gro\u00dfe Schnittmenge bei den Aufgaben erhofft man sich einen besseren Service f\u00fcr die B\u00fcrger. Durch den Zugang auf Fu\u00dfwegh\u00f6he sind die R\u00e4umlichkeiten auch f\u00fcr Rollstuhlfahrer zug\u00e4nglich. Bei der Einrichtung der Wache wurden Sicherheitsaspekte ber\u00fccksichtigt, u.a. bei der Verglasung. Der Eingangsbereich ist mit einer Schleuse versehen. Ma\u00dfnahmen, die dem offenen Charakter der Innenstadtwache aber nicht entgegenstehen.<\/p>\n\n\n\n<figure class=\"wp-block-audio\"><audio controls src=\"https:\/\/radioleinewelle.de\/wp-content\/uploads\/2023\/08\/Thomas-Reuter-Eroeffnung-Innenstadtwache.mp3\"><\/audio><figcaption class=\"wp-element-caption\">Polizeioberrat Thomas Reuter zur neuen Innenstadtwache und zur Zusammenarbeit mit der Stadt<\/figcaption><\/figure>\n\n\n\n<p>Fotos: \u00a9Radio Leinewelle <em>Jutta Engelmayer<\/em><\/p>\n","protected":false},"excerpt":{"rendered":"<p>G\u00f6ttingen hat in der Stumpfebiel 7 eine neue Innenstadtwache. Durch ihre markante Folienbeschriftung und gro\u00dfz\u00fcgige Frontfl\u00e4che nicht zu \u00fcbersehen. Wegweisend auch in Niedersachsen: die Wache wird von Polizei und Ordnungsamt gemeinsam betrieben. Auf ca. 140 qm teilen sich die beiden Beh\u00f6rden die R\u00e4umlichkeiten. Die Stammbesetzungen sind jeweils 2 Mitarbeiter:innen des Ordungsamts und der Polizei in [&hellip;]<\/p>\n","protected":false},"author":1,"featured_media":23362,"comment_status":"open","ping_status":"open","sticky":true,"template":"","format":"standard","meta":{"saved_in_kubio":false,"footnotes":""},"categories":[24],"tags":[4027],"class_list":["post-23349","post","type-post","status-publish","format-standard","has-post-thumbnail","hentry","category-news","tag-innenstadtwache-goettingen"],"yoast_head":"<!-- This site is optimized with the Yoast SEO plugin v27.5 - https:\/\/yoast.com\/product\/yoast-seo-wordpress\/ -->\n<title>Neue Innenstadtwache in der Stumpfebiel - Radio Leinewelle<\/title>\n<meta name=\"robots\" content=\"index, follow, max-snippet:-1, max-image-preview:large, max-video-preview:-1\" \/>\n<link rel=\"canonical\" href=\"https:\/\/radioleinewelle.de\/index.php\/2023\/08\/23\/neue-innenstadtwache-in-der-stumpfebiel\/\" \/>\n<meta property=\"og:locale\" content=\"de_DE\" \/>\n<meta property=\"og:type\" content=\"article\" \/>\n<meta property=\"og:title\" content=\"Neue Innenstadtwache in der Stumpfebiel - Radio Leinewelle\" \/>\n<meta property=\"og:description\" content=\"G\u00f6ttingen hat in der Stumpfebiel 7 eine neue Innenstadtwache. Durch ihre markante Folienbeschriftung und gro\u00dfz\u00fcgige Frontfl\u00e4che nicht zu \u00fcbersehen. Wegweisend auch in Niedersachsen: die Wache wird von Polizei und Ordnungsamt gemeinsam betrieben. Auf ca. 140 qm teilen sich die beiden Beh\u00f6rden die R\u00e4umlichkeiten. Die Stammbesetzungen sind jeweils 2 Mitarbeiter:innen des Ordungsamts und der Polizei in [&hellip;]\" \/>\n<meta property=\"og:url\" content=\"https:\/\/radioleinewelle.de\/index.php\/2023\/08\/23\/neue-innenstadtwache-in-der-stumpfebiel\/\" \/>\n<meta property=\"og:site_name\" content=\"Radio Leinewelle\" \/>\n<meta property=\"article:publisher\" content=\"https:\/\/www.facebook.com\/radioleinewelle\" \/>\n<meta property=\"article:author\" content=\"https:\/\/www.facebook.com\/radioleinewelle\" \/>\n<meta property=\"article:published_time\" content=\"2023-08-23T11:22:40+00:00\" \/>\n<meta property=\"article:modified_time\" content=\"2023-08-23T11:22:43+00:00\" \/>\n<meta property=\"og:image\" content=\"https:\/\/radioleinewelle.de\/wp-content\/uploads\/2023\/08\/Eroeffnung-Innenstadtwache-e1692789585179.jpg\" \/>\n\t<meta property=\"og:image:width\" content=\"1000\" \/>\n\t<meta property=\"og:image:height\" content=\"717\" \/>\n\t<meta property=\"og:image:type\" content=\"image\/jpeg\" \/>\n<meta name=\"author\" content=\"Leinewelle\" \/>\n<meta name=\"twitter:card\" content=\"summary_large_image\" \/>\n<meta name=\"twitter:creator\" content=\"@https:\/\/twitter.com\/RLeinewelle?ref_src=twsrcgoogletwcampserptwgrauthor\" \/>\n<meta name=\"twitter:site\" content=\"@RLeinewelle\" \/>\n<meta name=\"twitter:label1\" content=\"Verfasst von\" \/>\n\t<meta name=\"twitter:data1\" content=\"Leinewelle\" \/>\n\t<meta name=\"twitter:label2\" content=\"Gesch\u00e4tzte Lesezeit\" \/>\n\t<meta name=\"twitter:data2\" content=\"2\u00a0Minuten\" \/>\n<script type=\"application\/ld+json\" class=\"yoast-schema-graph\">{\"@context\":\"https:\\\/\\\/schema.org\",\"@graph\":[{\"@type\":\"Article\",\"@id\":\"https:\\\/\\\/radioleinewelle.de\\\/index.php\\\/2023\\\/08\\\/23\\\/neue-innenstadtwache-in-der-stumpfebiel\\\/#article\",\"isPartOf\":{\"@id\":\"https:\\\/\\\/radioleinewelle.de\\\/index.php\\\/2023\\\/08\\\/23\\\/neue-innenstadtwache-in-der-stumpfebiel\\\/\"},\"author\":{\"name\":\"Leinewelle\",\"@id\":\"https:\\\/\\\/radioleinewelle.de\\\/#\\\/schema\\\/person\\\/45606f348637df637192dc1b68399a63\"},\"headline\":\"Neue Innenstadtwache in der Stumpfebiel\",\"datePublished\":\"2023-08-23T11:22:40+00:00\",\"dateModified\":\"2023-08-23T11:22:43+00:00\",\"mainEntityOfPage\":{\"@id\":\"https:\\\/\\\/radioleinewelle.de\\\/index.php\\\/2023\\\/08\\\/23\\\/neue-innenstadtwache-in-der-stumpfebiel\\\/\"},\"wordCount\":250,\"commentCount\":0,\"publisher\":{\"@id\":\"https:\\\/\\\/radioleinewelle.de\\\/#organization\"},\"image\":{\"@id\":\"https:\\\/\\\/radioleinewelle.de\\\/index.php\\\/2023\\\/08\\\/23\\\/neue-innenstadtwache-in-der-stumpfebiel\\\/#primaryimage\"},\"thumbnailUrl\":\"https:\\\/\\\/radioleinewelle.de\\\/wp-content\\\/uploads\\\/2023\\\/08\\\/Eroeffnung-Innenstadtwache-e1692789585179.jpg\",\"keywords\":[\"Innenstadtwache G\u00f6ttingen\"],\"articleSection\":[\"Aktuelle Nachrichten\"],\"inLanguage\":\"de\",\"potentialAction\":[{\"@type\":\"CommentAction\",\"name\":\"Comment\",\"target\":[\"https:\\\/\\\/radioleinewelle.de\\\/index.php\\\/2023\\\/08\\\/23\\\/neue-innenstadtwache-in-der-stumpfebiel\\\/#respond\"]}]},{\"@type\":\"WebPage\",\"@id\":\"https:\\\/\\\/radioleinewelle.de\\\/index.php\\\/2023\\\/08\\\/23\\\/neue-innenstadtwache-in-der-stumpfebiel\\\/\",\"url\":\"https:\\\/\\\/radioleinewelle.de\\\/index.php\\\/2023\\\/08\\\/23\\\/neue-innenstadtwache-in-der-stumpfebiel\\\/\",\"name\":\"Neue Innenstadtwache in der Stumpfebiel - Radio Leinewelle\",\"isPartOf\":{\"@id\":\"https:\\\/\\\/radioleinewelle.de\\\/#website\"},\"primaryImageOfPage\":{\"@id\":\"https:\\\/\\\/radioleinewelle.de\\\/index.php\\\/2023\\\/08\\\/23\\\/neue-innenstadtwache-in-der-stumpfebiel\\\/#primaryimage\"},\"image\":{\"@id\":\"https:\\\/\\\/radioleinewelle.de\\\/index.php\\\/2023\\\/08\\\/23\\\/neue-innenstadtwache-in-der-stumpfebiel\\\/#primaryimage\"},\"thumbnailUrl\":\"https:\\\/\\\/radioleinewelle.de\\\/wp-content\\\/uploads\\\/2023\\\/08\\\/Eroeffnung-Innenstadtwache-e1692789585179.jpg\",\"datePublished\":\"2023-08-23T11:22:40+00:00\",\"dateModified\":\"2023-08-23T11:22:43+00:00\",\"breadcrumb\":{\"@id\":\"https:\\\/\\\/radioleinewelle.de\\\/index.php\\\/2023\\\/08\\\/23\\\/neue-innenstadtwache-in-der-stumpfebiel\\\/#breadcrumb\"},\"inLanguage\":\"de\",\"potentialAction\":[{\"@type\":\"ReadAction\",\"target\":[\"https:\\\/\\\/radioleinewelle.de\\\/index.php\\\/2023\\\/08\\\/23\\\/neue-innenstadtwache-in-der-stumpfebiel\\\/\"]}]},{\"@type\":\"ImageObject\",\"inLanguage\":\"de\",\"@id\":\"https:\\\/\\\/radioleinewelle.de\\\/index.php\\\/2023\\\/08\\\/23\\\/neue-innenstadtwache-in-der-stumpfebiel\\\/#primaryimage\",\"url\":\"https:\\\/\\\/radioleinewelle.de\\\/wp-content\\\/uploads\\\/2023\\\/08\\\/Eroeffnung-Innenstadtwache-e1692789585179.jpg\",\"contentUrl\":\"https:\\\/\\\/radioleinewelle.de\\\/wp-content\\\/uploads\\\/2023\\\/08\\\/Eroeffnung-Innenstadtwache-e1692789585179.jpg\",\"width\":1000,\"height\":717},{\"@type\":\"BreadcrumbList\",\"@id\":\"https:\\\/\\\/radioleinewelle.de\\\/index.php\\\/2023\\\/08\\\/23\\\/neue-innenstadtwache-in-der-stumpfebiel\\\/#breadcrumb\",\"itemListElement\":[{\"@type\":\"ListItem\",\"position\":1,\"name\":\"Startseite\",\"item\":\"https:\\\/\\\/radioleinewelle.de\\\/\"},{\"@type\":\"ListItem\",\"position\":2,\"name\":\"Neue Innenstadtwache in der Stumpfebiel\"}]},{\"@type\":\"WebSite\",\"@id\":\"https:\\\/\\\/radioleinewelle.de\\\/#website\",\"url\":\"https:\\\/\\\/radioleinewelle.de\\\/\",\"name\":\"Radio Leinewelle\",\"description\":\"\",\"publisher\":{\"@id\":\"https:\\\/\\\/radioleinewelle.de\\\/#organization\"},\"potentialAction\":[{\"@type\":\"SearchAction\",\"target\":{\"@type\":\"EntryPoint\",\"urlTemplate\":\"https:\\\/\\\/radioleinewelle.de\\\/?s={search_term_string}\"},\"query-input\":{\"@type\":\"PropertyValueSpecification\",\"valueRequired\":true,\"valueName\":\"search_term_string\"}}],\"inLanguage\":\"de\"},{\"@type\":\"Organization\",\"@id\":\"https:\\\/\\\/radioleinewelle.de\\\/#organization\",\"name\":\"Radio Leinewelle\",\"alternateName\":\"Mein Radio f\u00fcr S\u00fcdniedersachsen\",\"url\":\"https:\\\/\\\/radioleinewelle.de\\\/\",\"logo\":{\"@type\":\"ImageObject\",\"inLanguage\":\"de\",\"@id\":\"https:\\\/\\\/radioleinewelle.de\\\/#\\\/schema\\\/logo\\\/image\\\/\",\"url\":\"https:\\\/\\\/radioleinewelle.de\\\/wp-content\\\/uploads\\\/2023\\\/11\\\/cropped-Leinewelle_Logo_weiss.png\",\"contentUrl\":\"https:\\\/\\\/radioleinewelle.de\\\/wp-content\\\/uploads\\\/2023\\\/11\\\/cropped-Leinewelle_Logo_weiss.png\",\"width\":854,\"height\":260,\"caption\":\"Radio Leinewelle\"},\"image\":{\"@id\":\"https:\\\/\\\/radioleinewelle.de\\\/#\\\/schema\\\/logo\\\/image\\\/\"},\"sameAs\":[\"https:\\\/\\\/www.facebook.com\\\/radioleinewelle\",\"https:\\\/\\\/x.com\\\/RLeinewelle\",\"https:\\\/\\\/www.instagram.com\\\/radioleinewelle\\\/?hl=de\"]},{\"@type\":\"Person\",\"@id\":\"https:\\\/\\\/radioleinewelle.de\\\/#\\\/schema\\\/person\\\/45606f348637df637192dc1b68399a63\",\"name\":\"Leinewelle\",\"image\":{\"@type\":\"ImageObject\",\"inLanguage\":\"de\",\"@id\":\"https:\\\/\\\/secure.gravatar.com\\\/avatar\\\/05c9a17bc973052ee5d91549bd32fb4dd0dc85b7b85ae94b2e2b4943476bbea5?s=96&d=blank&r=g\",\"url\":\"https:\\\/\\\/secure.gravatar.com\\\/avatar\\\/05c9a17bc973052ee5d91549bd32fb4dd0dc85b7b85ae94b2e2b4943476bbea5?s=96&d=blank&r=g\",\"contentUrl\":\"https:\\\/\\\/secure.gravatar.com\\\/avatar\\\/05c9a17bc973052ee5d91549bd32fb4dd0dc85b7b85ae94b2e2b4943476bbea5?s=96&d=blank&r=g\",\"caption\":\"Leinewelle\"},\"sameAs\":[\"http:\\\/\\\/localhost\\\/radio%20leinewelle\\\/wordpress\",\"https:\\\/\\\/www.facebook.com\\\/radioleinewelle\",\"https:\\\/\\\/www.instagram.com\\\/radioleinewelle\",\"https:\\\/\\\/x.com\\\/https:\\\/\\\/twitter.com\\\/RLeinewelle?ref_src=twsrcgoogletwcampserptwgrauthor\",\"https:\\\/\\\/soundcloud.com\\\/foerderverein-lokalradio?utm_source=clipboard&utm_medium=text&utm_campaign=social_sharing\"],\"url\":\"https:\\\/\\\/radioleinewelle.de\\\/index.php\\\/author\\\/leinewelle\\\/\"}]}<\/script>\n<!-- \/ Yoast SEO plugin. -->","yoast_head_json":{"title":"Neue Innenstadtwache in der Stumpfebiel - Radio Leinewelle","robots":{"index":"index","follow":"follow","max-snippet":"max-snippet:-1","max-image-preview":"max-image-preview:large","max-video-preview":"max-video-preview:-1"},"canonical":"https:\/\/radioleinewelle.de\/index.php\/2023\/08\/23\/neue-innenstadtwache-in-der-stumpfebiel\/","og_locale":"de_DE","og_type":"article","og_title":"Neue Innenstadtwache in der Stumpfebiel - Radio Leinewelle","og_description":"G\u00f6ttingen hat in der Stumpfebiel 7 eine neue Innenstadtwache. Durch ihre markante Folienbeschriftung und gro\u00dfz\u00fcgige Frontfl\u00e4che nicht zu \u00fcbersehen. Wegweisend auch in Niedersachsen: die Wache wird von Polizei und Ordnungsamt gemeinsam betrieben. Auf ca. 140 qm teilen sich die beiden Beh\u00f6rden die R\u00e4umlichkeiten. Die Stammbesetzungen sind jeweils 2 Mitarbeiter:innen des Ordungsamts und der Polizei in [&hellip;]","og_url":"https:\/\/radioleinewelle.de\/index.php\/2023\/08\/23\/neue-innenstadtwache-in-der-stumpfebiel\/","og_site_name":"Radio Leinewelle","article_publisher":"https:\/\/www.facebook.com\/radioleinewelle","article_author":"https:\/\/www.facebook.com\/radioleinewelle","article_published_time":"2023-08-23T11:22:40+00:00","article_modified_time":"2023-08-23T11:22:43+00:00","og_image":[{"width":1000,"height":717,"url":"https:\/\/radioleinewelle.de\/wp-content\/uploads\/2023\/08\/Eroeffnung-Innenstadtwache-e1692789585179.jpg","type":"image\/jpeg"}],"author":"Leinewelle","twitter_card":"summary_large_image","twitter_creator":"@https:\/\/twitter.com\/RLeinewelle?ref_src=twsrcgoogletwcampserptwgrauthor","twitter_site":"@RLeinewelle","twitter_misc":{"Verfasst von":"Leinewelle","Gesch\u00e4tzte Lesezeit":"2\u00a0Minuten"},"schema":{"@context":"https:\/\/schema.org","@graph":[{"@type":"Article","@id":"https:\/\/radioleinewelle.de\/index.php\/2023\/08\/23\/neue-innenstadtwache-in-der-stumpfebiel\/#article","isPartOf":{"@id":"https:\/\/radioleinewelle.de\/index.php\/2023\/08\/23\/neue-innenstadtwache-in-der-stumpfebiel\/"},"author":{"name":"Leinewelle","@id":"https:\/\/radioleinewelle.de\/#\/schema\/person\/45606f348637df637192dc1b68399a63"},"headline":"Neue Innenstadtwache in der Stumpfebiel","datePublished":"2023-08-23T11:22:40+00:00","dateModified":"2023-08-23T11:22:43+00:00","mainEntityOfPage":{"@id":"https:\/\/radioleinewelle.de\/index.php\/2023\/08\/23\/neue-innenstadtwache-in-der-stumpfebiel\/"},"wordCount":250,"commentCount":0,"publisher":{"@id":"https:\/\/radioleinewelle.de\/#organization"},"image":{"@id":"https:\/\/radioleinewelle.de\/index.php\/2023\/08\/23\/neue-innenstadtwache-in-der-stumpfebiel\/#primaryimage"},"thumbnailUrl":"https:\/\/radioleinewelle.de\/wp-content\/uploads\/2023\/08\/Eroeffnung-Innenstadtwache-e1692789585179.jpg","keywords":["Innenstadtwache G\u00f6ttingen"],"articleSection":["Aktuelle Nachrichten"],"inLanguage":"de","potentialAction":[{"@type":"CommentAction","name":"Comment","target":["https:\/\/radioleinewelle.de\/index.php\/2023\/08\/23\/neue-innenstadtwache-in-der-stumpfebiel\/#respond"]}]},{"@type":"WebPage","@id":"https:\/\/radioleinewelle.de\/index.php\/2023\/08\/23\/neue-innenstadtwache-in-der-stumpfebiel\/","url":"https:\/\/radioleinewelle.de\/index.php\/2023\/08\/23\/neue-innenstadtwache-in-der-stumpfebiel\/","name":"Neue Innenstadtwache in der Stumpfebiel - Radio Leinewelle","isPartOf":{"@id":"https:\/\/radioleinewelle.de\/#website"},"primaryImageOfPage":{"@id":"https:\/\/radioleinewelle.de\/index.php\/2023\/08\/23\/neue-innenstadtwache-in-der-stumpfebiel\/#primaryimage"},"image":{"@id":"https:\/\/radioleinewelle.de\/index.php\/2023\/08\/23\/neue-innenstadtwache-in-der-stumpfebiel\/#primaryimage"},"thumbnailUrl":"https:\/\/radioleinewelle.de\/wp-content\/uploads\/2023\/08\/Eroeffnung-Innenstadtwache-e1692789585179.jpg","datePublished":"2023-08-23T11:22:40+00:00","dateModified":"2023-08-23T11:22:43+00:00","breadcrumb":{"@id":"https:\/\/radioleinewelle.de\/index.php\/2023\/08\/23\/neue-innenstadtwache-in-der-stumpfebiel\/#breadcrumb"},"inLanguage":"de","potentialAction":[{"@type":"ReadAction","target":["https:\/\/radioleinewelle.de\/index.php\/2023\/08\/23\/neue-innenstadtwache-in-der-stumpfebiel\/"]}]},{"@type":"ImageObject","inLanguage":"de","@id":"https:\/\/radioleinewelle.de\/index.php\/2023\/08\/23\/neue-innenstadtwache-in-der-stumpfebiel\/#primaryimage","url":"https:\/\/radioleinewelle.de\/wp-content\/uploads\/2023\/08\/Eroeffnung-Innenstadtwache-e1692789585179.jpg","contentUrl":"https:\/\/radioleinewelle.de\/wp-content\/uploads\/2023\/08\/Eroeffnung-Innenstadtwache-e1692789585179.jpg","width":1000,"height":717},{"@type":"BreadcrumbList","@id":"https:\/\/radioleinewelle.de\/index.php\/2023\/08\/23\/neue-innenstadtwache-in-der-stumpfebiel\/#breadcrumb","itemListElement":[{"@type":"ListItem","position":1,"name":"Startseite","item":"https:\/\/radioleinewelle.de\/"},{"@type":"ListItem","position":2,"name":"Neue Innenstadtwache in der Stumpfebiel"}]},{"@type":"WebSite","@id":"https:\/\/radioleinewelle.de\/#website","url":"https:\/\/radioleinewelle.de\/","name":"Radio Leinewelle","description":"","publisher":{"@id":"https:\/\/radioleinewelle.de\/#organization"},"potentialAction":[{"@type":"SearchAction","target":{"@type":"EntryPoint","urlTemplate":"https:\/\/radioleinewelle.de\/?s={search_term_string}"},"query-input":{"@type":"PropertyValueSpecification","valueRequired":true,"valueName":"search_term_string"}}],"inLanguage":"de"},{"@type":"Organization","@id":"https:\/\/radioleinewelle.de\/#organization","name":"Radio Leinewelle","alternateName":"Mein Radio f\u00fcr S\u00fcdniedersachsen","url":"https:\/\/radioleinewelle.de\/","logo":{"@type":"ImageObject","inLanguage":"de","@id":"https:\/\/radioleinewelle.de\/#\/schema\/logo\/image\/","url":"https:\/\/radioleinewelle.de\/wp-content\/uploads\/2023\/11\/cropped-Leinewelle_Logo_weiss.png","contentUrl":"https:\/\/radioleinewelle.de\/wp-content\/uploads\/2023\/11\/cropped-Leinewelle_Logo_weiss.png","width":854,"height":260,"caption":"Radio Leinewelle"},"image":{"@id":"https:\/\/radioleinewelle.de\/#\/schema\/logo\/image\/"},"sameAs":["https:\/\/www.facebook.com\/radioleinewelle","https:\/\/x.com\/RLeinewelle","https:\/\/www.instagram.com\/radioleinewelle\/?hl=de"]},{"@type":"Person","@id":"https:\/\/radioleinewelle.de\/#\/schema\/person\/45606f348637df637192dc1b68399a63","name":"Leinewelle","image":{"@type":"ImageObject","inLanguage":"de","@id":"https:\/\/secure.gravatar.com\/avatar\/05c9a17bc973052ee5d91549bd32fb4dd0dc85b7b85ae94b2e2b4943476bbea5?s=96&d=blank&r=g","url":"https:\/\/secure.gravatar.com\/avatar\/05c9a17bc973052ee5d91549bd32fb4dd0dc85b7b85ae94b2e2b4943476bbea5?s=96&d=blank&r=g","contentUrl":"https:\/\/secure.gravatar.com\/avatar\/05c9a17bc973052ee5d91549bd32fb4dd0dc85b7b85ae94b2e2b4943476bbea5?s=96&d=blank&r=g","caption":"Leinewelle"},"sameAs":["http:\/\/localhost\/radio%20leinewelle\/wordpress","https:\/\/www.facebook.com\/radioleinewelle","https:\/\/www.instagram.com\/radioleinewelle","https:\/\/x.com\/https:\/\/twitter.com\/RLeinewelle?ref_src=twsrcgoogletwcampserptwgrauthor","https:\/\/soundcloud.com\/foerderverein-lokalradio?utm_source=clipboard&utm_medium=text&utm_campaign=social_sharing"],"url":"https:\/\/radioleinewelle.de\/index.php\/author\/leinewelle\/"}]}},"_links":{"self":[{"href":"https:\/\/radioleinewelle.de\/index.php\/wp-json\/wp\/v2\/posts\/23349","targetHints":{"allow":["GET"]}}],"collection":[{"href":"https:\/\/radioleinewelle.de\/index.php\/wp-json\/wp\/v2\/posts"}],"about":[{"href":"https:\/\/radioleinewelle.de\/index.php\/wp-json\/wp\/v2\/types\/post"}],"author":[{"embeddable":true,"href":"https:\/\/radioleinewelle.de\/index.php\/wp-json\/wp\/v2\/users\/1"}],"replies":[{"embeddable":true,"href":"https:\/\/radioleinewelle.de\/index.php\/wp-json\/wp\/v2\/comments?post=23349"}],"version-history":[{"count":6,"href":"https:\/\/radioleinewelle.de\/index.php\/wp-json\/wp\/v2\/posts\/23349\/revisions"}],"predecessor-version":[{"id":23363,"href":"https:\/\/radioleinewelle.de\/index.php\/wp-json\/wp\/v2\/posts\/23349\/revisions\/23363"}],"wp:featuredmedia":[{"embeddable":true,"href":"https:\/\/radioleinewelle.de\/index.php\/wp-json\/wp\/v2\/media\/23362"}],"wp:attachment":[{"href":"https:\/\/radioleinewelle.de\/index.php\/wp-json\/wp\/v2\/media?parent=23349"}],"wp:term":[{"taxonomy":"category","embeddable":true,"href":"https:\/\/radioleinewelle.de\/index.php\/wp-json\/wp\/v2\/categories?post=23349"},{"taxonomy":"post_tag","embeddable":true,"href":"https:\/\/radioleinewelle.de\/index.php\/wp-json\/wp\/v2\/tags?post=23349"}],"curies":[{"name":"wp","href":"https:\/\/api.w.org\/{rel}","templated":true}]}}